{"id":11376,"date":"2016-03-07T10:47:07","date_gmt":"2016-03-07T09:47:07","guid":{"rendered":"https:\/\/www.m-q.ch\/?p=11376"},"modified":"2021-02-13T10:54:03","modified_gmt":"2021-02-13T09:54:03","slug":"obiettivi-ambiziosi-come-motivazione","status":"publish","type":"post","link":"https:\/\/www.m-q.ch\/it\/hoch-gesteckte-ziele-als-motivation\/","title":{"rendered":"Fissare obiettivi elevati come motivazione"},"content":{"rendered":"<p><img loading=\"lazy\" decoding=\"async\" class=\"alignnone size-full wp-image-11377\" src=\"https:\/\/www.m-q.ch\/wp-content\/uploads\/2021\/02\/Hoch-gesteckte-Ziele-als-Motivation.jpg\" alt=\"Fissare obiettivi elevati come motivazione\" width=\"833\" height=\"1150\" srcset=\"https:\/\/www.m-q.ch\/wp-content\/uploads\/2021\/02\/Hoch-gesteckte-Ziele-als-Motivation.jpg 833w, https:\/\/www.m-q.ch\/wp-content\/uploads\/2021\/02\/Hoch-gesteckte-Ziele-als-Motivation-768x1060.jpg 768w, https:\/\/www.m-q.ch\/wp-content\/uploads\/2021\/02\/Hoch-gesteckte-Ziele-als-Motivation-9x12.jpg 9w, https:\/\/www.m-q.ch\/wp-content\/uploads\/2021\/02\/Hoch-gesteckte-Ziele-als-Motivation-127x175.jpg 127w, https:\/\/www.m-q.ch\/wp-content\/uploads\/2021\/02\/Hoch-gesteckte-Ziele-als-Motivation-254x350.jpg 254w, https:\/\/www.m-q.ch\/wp-content\/uploads\/2021\/02\/Hoch-gesteckte-Ziele-als-Motivation-579x800.jpg 579w, https:\/\/www.m-q.ch\/wp-content\/uploads\/2021\/02\/Hoch-gesteckte-Ziele-als-Motivation-300x414.jpg 300w\" sizes=\"auto, (max-width: 833px) 100vw, 833px\" \/><\/p>\n<p>&nbsp;<\/p>\n<p>&nbsp;<\/p>\n<p>&nbsp;<\/p>\n<p><em><strong>D<\/strong><\/em>L'Universit\u00e0 di Scienze Applicate e Arti di Lucerna - fondata nel 1997 - \u00e8 una delle sette universit\u00e0 pubbliche di scienze applicate in Svizzera. \u00c8 sostenuta dai cantoni di Lucerna, Uri, Svitto, Obvaldo, Nidvaldo e Zugo. I sei dipartimenti di Ingegneria &amp; Architettura, Business, Information Technology, Social Work, Design &amp; Art e Musica sono uniti sotto un tetto comune. L'Universit\u00e0 di Scienze Applicate e Arti di Lucerna compete anche con altre universit\u00e0 di scienze applicate nel mercato dell'istruzione altamente regolamentato. Di conseguenza, con la sua vasta gamma di materie, da tempo corteggia gli studenti non solo \"sulla sua porta di casa\", ma - come tutti gli altri - a livello nazionale e sempre pi\u00f9 anche internazionale. Se vuoi tenere il passo con la concorrenza, devi offrire una cosa sopra ogni altra: Qualit\u00e0. In questo senso, l'Universit\u00e0 di Scienze Applicate e Arti di Lucerna pone delle pietre miliari<\/p>\n<p><strong>All'avanguardia nell'eccellenza del business<\/strong><br \/>\nDal 2003, la Scuola universitaria professionale di Lucerna si \u00e8 conformata al requisito federale secondo il quale ogni scuola universitaria professionale deve avere un sistema di gestione della qualit\u00e0 impegnandosi nell'eccellenza aziendale secondo il modello EFQM. Nel 2006 \u00e8 stato affrontato il primo livello \"Committed to Excellence\" e nel 2010, come ulteriore pietra miliare, \u00e8 stato raggiunto il livello \"Recognized for Excellence\" con il premio \"3star\". Nel 2013 \u00e8 seguita un'altra stella e la candidatura all'ESPRIX Swiss Award for Excellence \u00e8 il punto culminante preliminare del \"Path of Excellence\". Per sua stessa ammissione, l'Universit\u00e0 di Scienze Applicate e Arti di Lucerna gioca cos\u00ec un ruolo di primo piano nel settore dell'istruzione superiore. Ha rappresentato questo approccio in vari comitati nazionali e cos\u00ec ha dato il suo contributo affinch\u00e9 i principi di base dell'approccio EFQM siano riconoscibili negli standard della nuova legge sulla promozione e il coordinamento dell'istruzione superiore (HFKG).<\/p>\n<p><strong>Giocatore importante nella Svizzera centrale<\/strong><br \/>\nIl bilancio dell'Universit\u00e0 di Scienze Applicate e Arti di Lucerna \u00e8 impressionante: 1.365 studenti si sono laureati con un Bachelor o un Master nel 2014. La maggior parte dei laureati - come hanno dimostrato gli studi - non ha problemi a trovare un lavoro nella pratica. Si pu\u00f2 notare che i laureati diventano rapidamente dei top performer ricercati grazie alle conoscenze che hanno acquisito durante i loro studi. E l'\"offerta\" di specialisti continua ad essere assicurata: 5913 studenti erano iscritti ai dipartimenti (a ottobre 2014). Anche l'ampia offerta di corsi di formazione continua della Scuola universitaria professionale di Lucerna \u00e8 molto apprezzata: 4364 professionisti approfittano dei quasi 200 corsi di formazione continua per il loro avanzamento personale. L'importanza della Scuola universitaria professionale di Lucerna per l'intera regione della Svizzera centrale non deve essere sottovalutata: da un lato, con oltre 1500 dipendenti, \u00e8 uno dei datori di lavoro pi\u00f9 importanti. D'altra parte, con pi\u00f9 di 400 progetti di ricerca, alcuni dei quali sono realizzati in stretta collaborazione con aziende private e altri partner nazionali e internazionali, d\u00e0 un contributo significativo all'innovazione con benefici regionali e nazionali.<\/p>\n<p><strong>Nuovo dipartimento di tecnologia dell'informazione<\/strong><br \/>\nDove c'\u00e8 luce, c'\u00e8 anche ombra, come \u00e8 noto. L'Universit\u00e0 di Scienze Applicate e Arti di Lucerna affronta una serie di sfide strategiche. Uno di questi \u00e8 la carenza di lavoratori qualificati. Perch\u00e9 un'universit\u00e0 di scienze applicate non solo \"produce\" specialisti, ma ne ha bisogno essa stessa, cio\u00e8 per assicurare la prossima generazione di accademici. Con l'introduzione di un modello di carriera, un modello di dottorato pi\u00f9 preciso e profili di esigenze e attivit\u00e0 accentuati, la Scuola universitaria professionale di Lucerna ha nel frattempo creato i presupposti per poter promuovere in modo mirato il personale giovane. Un altro \"cantiere\" - sullo sfondo della trasformazione digitale e della carenza di specialisti in informatica - \u00e8 l'istituzione di un nuovo Dipartimento di Informatica. Questo dovrebbe iniziare nell'autunno 2016 e dovrebbe essere in grado di educare circa 1000 studenti una volta completato. La direzione dell'universit\u00e0 sta anche lavorando intensamente sul tema della digitalizzazione. Per esempio, si stanno sviluppando le condizioni quadro per creare pi\u00f9 competenze digitali nell'insegnamento.<\/p>\n<p><strong>Miglioramento costante<\/strong><br \/>\nIn linea di principio, secondo l'autovalutazione dell'Universit\u00e0 di Scienze Applicate e Arti di Lucerna, c'\u00e8 un potenziale di sviluppo in molti posti. Questo inizia con i processi. Dal 2002, l'UAS ha compilato una raccolta dei suoi processi, che sono accessibili a tutti i dipartimenti attraverso l'intranet. Questo costituisce la base per il continuo sviluppo della gestione della qualit\u00e0. Non tutti i dipartimenti e le aree sono ancora allo stesso stadio: mentre il Dipartimento di Ingegneria e Architettura, per esempio, \u00e8 certificato ISO 9001 da anni, la direzione dell'universit\u00e0 nel suo complesso sta lavorando sulle possibilit\u00e0 di una standardizzazione redditizia dei processi. La mappa dei processi sviluppata su questo sfondo \u00e8 considerata parte di una visione dei processi e pu\u00f2 essere suddivisa in tutti i dipartimenti.<\/p>\n<p>&nbsp;<\/p>\n<p>Si sta anche lavorando per aumentare la soddisfazione dei clienti. Ripetute indagini su studenti e laureati mostrano una tendenza all'aumento della soddisfazione generale. L'Universit\u00e0 di Scienze Applicate e Arti di Lucerna ottiene un buon punteggio con gli studenti su criteri chiave come la rilevanza pratica o il supporto, ma non tutti gli obiettivi sono stati raggiunti. Dal punto di vista dei datori di lavoro che assumono i laureati, le cose sembrano migliori: La maggior parte di loro valuta le qualifiche dei laureati come \"buone\", e i datori di lavoro sono per lo pi\u00f9 \"molto soddisfatti\" della qualit\u00e0 della formazione continua all'Universit\u00e0 di Scienze Applicate e Arti di Lucerna. Il rettore Markus Hodel \u00e8 ottimista per il futuro: \"Obiettivi elevati sono anche una motivazione.<\/p>","protected":false},"excerpt":{"rendered":"<p>&nbsp; &nbsp; &nbsp; Die Hochschule Luzern \u2013 gegr\u00fcndet 1997 \u2013 ist eine der insgesamt sieben \u00f6ffentlichrechtlichen Fachhochschulen der Schweiz. Getragen wird sie von den Kantonen Luzern, Uri, Schwyz, Ob- und Nidwalden sowie Zug. Unter dem gemeinsamen Dach vereinigt sind die sechs Departemente Technik &amp; Architektur, Wirtschaft, Informatik, Soziale Arbeit, Design&amp;Kunst sowie Musik. Auch die Hochschule [&hellip;]<\/p>\n","protected":false},"author":66,"featured_media":11377,"comment_status":"closed","ping_status":"closed","sticky":false,"template":"","format":"standard","meta":{"_acf_changed":false,"footnotes":""},"categories":[4448],"tags":[4775],"class_list":["post-11376","post","type-post","status-publish","format-standard","has-post-thumbnail","hentry","category-allgemein","tag-03-2016"],"acf":[],"yoast_head":"<!-- This site is optimized with the Yoast SEO plugin v26.2 - https:\/\/yoast.com\/wordpress\/plugins\/seo\/ -->\n<title>Hoch gesteckte Ziele als Motivation - MQ Management und Qualit\u00e4t<\/title>\n<meta name=\"description\" content=\"In Schweizer Fachhochschulen wird ein Grossteil jener Fachkr\u00e4fte ausgebildet, auf die die Wirtschaft so sehr angewiesen ist. Ausbildung, Weiterbildung, anwendungsorientierte Forschung &amp; Entwicklung sowie Dienstleistungen geh\u00f6ren zum Portfolio einer jeden Fachhochschule, auch der Hochschule Luzern. Im Wettbewerb zu anderen Bildungsinstituten beschreitet sie den \u00abWeg der Excellence\u00bb und hat dabei eine weitere Stufe erreicht\" \/>\n<meta name=\"robots\" content=\"index, follow, max-snippet:-1, max-image-preview:large, max-video-preview:-1\" \/>\n<link rel=\"canonical\" href=\"https:\/\/www.m-q.ch\/it\/obiettivi-ambiziosi-come-motivazione\/\" \/>\n<meta property=\"og:locale\" content=\"it_IT\" \/>\n<meta property=\"og:type\" content=\"article\" \/>\n<meta property=\"og:title\" content=\"Hoch gesteckte Ziele als Motivation - MQ Management und Qualit\u00e4t\" \/>\n<meta property=\"og:description\" content=\"In Schweizer Fachhochschulen wird ein Grossteil jener Fachkr\u00e4fte ausgebildet, auf die die Wirtschaft so sehr angewiesen ist. Ausbildung, Weiterbildung, anwendungsorientierte Forschung &amp; Entwicklung sowie Dienstleistungen geh\u00f6ren zum Portfolio einer jeden Fachhochschule, auch der Hochschule Luzern. Im Wettbewerb zu anderen Bildungsinstituten beschreitet sie den \u00abWeg der Excellence\u00bb und hat dabei eine weitere Stufe erreicht\" \/>\n<meta property=\"og:url\" content=\"https:\/\/www.m-q.ch\/it\/obiettivi-ambiziosi-come-motivazione\/\" \/>\n<meta property=\"og:site_name\" content=\"MQ Management und Qualit\u00e4t\" \/>\n<meta property=\"article:publisher\" content=\"https:\/\/www.facebook.com\/ManagementUndQualitaet\" \/>\n<meta property=\"article:published_time\" content=\"2016-03-07T09:47:07+00:00\" \/>\n<meta property=\"article:modified_time\" content=\"2021-02-13T09:54:03+00:00\" \/>\n<meta property=\"og:image\" content=\"https:\/\/www.m-q.ch\/wp-content\/uploads\/2021\/02\/Hoch-gesteckte-Ziele-als-Motivation.jpg\" \/>\n\t<meta property=\"og:image:width\" content=\"833\" \/>\n\t<meta property=\"og:image:height\" content=\"1150\" \/>\n\t<meta property=\"og:image:type\" content=\"image\/jpeg\" \/>\n<meta name=\"author\" content=\"upwork_1\" \/>\n<meta name=\"twitter:card\" content=\"summary_large_image\" \/>\n<meta name=\"twitter:label1\" content=\"Scritto da\" \/>\n\t<meta name=\"twitter:data1\" content=\"upwork_1\" \/>\n\t<meta name=\"twitter:label2\" content=\"Tempo di lettura stimato\" \/>\n\t<meta name=\"twitter:data2\" content=\"4 minuti\" \/>\n<script type=\"application\/ld+json\" class=\"yoast-schema-graph\">{\"@context\":\"https:\/\/schema.org\",\"@graph\":[{\"@type\":\"Article\",\"@id\":\"https:\/\/www.m-q.ch\/hoch-gesteckte-ziele-als-motivation\/#article\",\"isPartOf\":{\"@id\":\"https:\/\/www.m-q.ch\/hoch-gesteckte-ziele-als-motivation\/\"},\"author\":{\"name\":\"upwork_1\",\"@id\":\"https:\/\/www.m-q.ch\/fr\/#\/schema\/person\/0bdf39ca27d0b9b779f5b8af54b3f7d7\"},\"headline\":\"Hoch gesteckte Ziele als Motivation\",\"datePublished\":\"2016-03-07T09:47:07+00:00\",\"dateModified\":\"2021-02-13T09:54:03+00:00\",\"mainEntityOfPage\":{\"@id\":\"https:\/\/www.m-q.ch\/hoch-gesteckte-ziele-als-motivation\/\"},\"wordCount\":763,\"publisher\":{\"@id\":\"https:\/\/www.m-q.ch\/fr\/#organization\"},\"image\":{\"@id\":\"https:\/\/www.m-q.ch\/hoch-gesteckte-ziele-als-motivation\/#primaryimage\"},\"thumbnailUrl\":\"https:\/\/www.m-q.ch\/wp-content\/uploads\/2021\/02\/Hoch-gesteckte-Ziele-als-Motivation.jpg\",\"keywords\":[\"03\/2016\"],\"articleSection\":[\"Allgemein\"],\"inLanguage\":\"it-IT\"},{\"@type\":\"WebPage\",\"@id\":\"https:\/\/www.m-q.ch\/hoch-gesteckte-ziele-als-motivation\/\",\"url\":\"https:\/\/www.m-q.ch\/hoch-gesteckte-ziele-als-motivation\/\",\"name\":\"Hoch gesteckte Ziele als Motivation - MQ Management und Qualit\u00e4t\",\"isPartOf\":{\"@id\":\"https:\/\/www.m-q.ch\/fr\/#website\"},\"primaryImageOfPage\":{\"@id\":\"https:\/\/www.m-q.ch\/hoch-gesteckte-ziele-als-motivation\/#primaryimage\"},\"image\":{\"@id\":\"https:\/\/www.m-q.ch\/hoch-gesteckte-ziele-als-motivation\/#primaryimage\"},\"thumbnailUrl\":\"https:\/\/www.m-q.ch\/wp-content\/uploads\/2021\/02\/Hoch-gesteckte-Ziele-als-Motivation.jpg\",\"datePublished\":\"2016-03-07T09:47:07+00:00\",\"dateModified\":\"2021-02-13T09:54:03+00:00\",\"description\":\"In Schweizer Fachhochschulen wird ein Grossteil jener Fachkr\u00e4fte ausgebildet, auf die die Wirtschaft so sehr angewiesen ist. Ausbildung, Weiterbildung, anwendungsorientierte Forschung & Entwicklung sowie Dienstleistungen geh\u00f6ren zum Portfolio einer jeden Fachhochschule, auch der Hochschule Luzern. Im Wettbewerb zu anderen Bildungsinstituten beschreitet sie den \u00abWeg der Excellence\u00bb und hat dabei eine weitere Stufe erreicht\",\"breadcrumb\":{\"@id\":\"https:\/\/www.m-q.ch\/hoch-gesteckte-ziele-als-motivation\/#breadcrumb\"},\"inLanguage\":\"it-IT\",\"potentialAction\":[{\"@type\":\"ReadAction\",\"target\":[\"https:\/\/www.m-q.ch\/hoch-gesteckte-ziele-als-motivation\/\"]}]},{\"@type\":\"ImageObject\",\"inLanguage\":\"it-IT\",\"@id\":\"https:\/\/www.m-q.ch\/hoch-gesteckte-ziele-als-motivation\/#primaryimage\",\"url\":\"https:\/\/www.m-q.ch\/wp-content\/uploads\/2021\/02\/Hoch-gesteckte-Ziele-als-Motivation.jpg\",\"contentUrl\":\"https:\/\/www.m-q.ch\/wp-content\/uploads\/2021\/02\/Hoch-gesteckte-Ziele-als-Motivation.jpg\",\"width\":833,\"height\":1150,\"caption\":\"Hoch gesteckte Ziele als Motivation\"},{\"@type\":\"BreadcrumbList\",\"@id\":\"https:\/\/www.m-q.ch\/hoch-gesteckte-ziele-als-motivation\/#breadcrumb\",\"itemListElement\":[{\"@type\":\"ListItem\",\"position\":1,\"name\":\"Allgemein\",\"item\":\"https:\/\/www.m-q.ch\/kategorie\/allgemein\/\"},{\"@type\":\"ListItem\",\"position\":2,\"name\":\"Hoch gesteckte Ziele als Motivation\"}]},{\"@type\":\"WebSite\",\"@id\":\"https:\/\/www.m-q.ch\/fr\/#website\",\"url\":\"https:\/\/www.m-q.ch\/fr\/\",\"name\":\"MQ Management und Qualit\u00e4t\",\"description\":\"Plattform f\u00fcr integrierte Managementsysteme.\",\"publisher\":{\"@id\":\"https:\/\/www.m-q.ch\/fr\/#organization\"},\"potentialAction\":[{\"@type\":\"SearchAction\",\"target\":{\"@type\":\"EntryPoint\",\"urlTemplate\":\"https:\/\/www.m-q.ch\/fr\/?s={search_term_string}\"},\"query-input\":{\"@type\":\"PropertyValueSpecification\",\"valueRequired\":true,\"valueName\":\"search_term_string\"}}],\"inLanguage\":\"it-IT\"},{\"@type\":\"Organization\",\"@id\":\"https:\/\/www.m-q.ch\/fr\/#organization\",\"name\":\"Galledia Fachmedien AG\",\"url\":\"https:\/\/www.m-q.ch\/fr\/\",\"logo\":{\"@type\":\"ImageObject\",\"inLanguage\":\"it-IT\",\"@id\":\"https:\/\/www.m-q.ch\/fr\/#\/schema\/logo\/image\/\",\"url\":\"https:\/\/www.m-q.ch\/wp-content\/uploads\/2020\/12\/cropped-logo_small.png\",\"contentUrl\":\"https:\/\/www.m-q.ch\/wp-content\/uploads\/2020\/12\/cropped-logo_small.png\",\"width\":512,\"height\":512,\"caption\":\"Galledia Fachmedien AG\"},\"image\":{\"@id\":\"https:\/\/www.m-q.ch\/fr\/#\/schema\/logo\/image\/\"},\"sameAs\":[\"https:\/\/www.facebook.com\/ManagementUndQualitaet\",\"https:\/\/www.linkedin.com\/showcase\/17982321\/admin\/\"]},{\"@type\":\"Person\",\"@id\":\"https:\/\/www.m-q.ch\/fr\/#\/schema\/person\/0bdf39ca27d0b9b779f5b8af54b3f7d7\",\"name\":\"upwork_1\",\"image\":{\"@type\":\"ImageObject\",\"inLanguage\":\"it-IT\",\"@id\":\"https:\/\/www.m-q.ch\/fr\/#\/schema\/person\/image\/\",\"url\":\"https:\/\/secure.gravatar.com\/avatar\/04d4d0fdc5886d535809f17d0eace7f6?s=96&d=mm&r=g\",\"contentUrl\":\"https:\/\/secure.gravatar.com\/avatar\/04d4d0fdc5886d535809f17d0eace7f6?s=96&d=mm&r=g\",\"caption\":\"upwork_1\"},\"url\":\"https:\/\/www.m-q.ch\/it\/author\/upwork_1\/\"}]}<\/script>\n<!-- \/ Yoast SEO plugin. -->","yoast_head_json":{"title":"Obiettivi molto ambiziosi come motivazione - MQ Management and Quality","description":"Le universit\u00e0 svizzere di scienze applicate formano una gran parte dei lavoratori qualificati da cui l'economia dipende. La formazione, la formazione continua, la ricerca e lo sviluppo orientati all'applicazione e i servizi fanno parte del portafoglio di ogni universit\u00e0 di scienze applicate, compresa l'Universit\u00e0 di Scienze Applicate e Arti di Lucerna. In concorrenza con altre istituzioni educative, sta percorrendo il \"cammino dell'eccellenza\" e ha raggiunto un altro livello nel processo","robots":{"index":"index","follow":"follow","max-snippet":"max-snippet:-1","max-image-preview":"max-image-preview:large","max-video-preview":"max-video-preview:-1"},"canonical":"https:\/\/www.m-q.ch\/it\/obiettivi-ambiziosi-come-motivazione\/","og_locale":"it_IT","og_type":"article","og_title":"Hoch gesteckte Ziele als Motivation - MQ Management und Qualit\u00e4t","og_description":"In Schweizer Fachhochschulen wird ein Grossteil jener Fachkr\u00e4fte ausgebildet, auf die die Wirtschaft so sehr angewiesen ist. Ausbildung, Weiterbildung, anwendungsorientierte Forschung & Entwicklung sowie Dienstleistungen geh\u00f6ren zum Portfolio einer jeden Fachhochschule, auch der Hochschule Luzern. Im Wettbewerb zu anderen Bildungsinstituten beschreitet sie den \u00abWeg der Excellence\u00bb und hat dabei eine weitere Stufe erreicht","og_url":"https:\/\/www.m-q.ch\/it\/obiettivi-ambiziosi-come-motivazione\/","og_site_name":"MQ Management und Qualit\u00e4t","article_publisher":"https:\/\/www.facebook.com\/ManagementUndQualitaet","article_published_time":"2016-03-07T09:47:07+00:00","article_modified_time":"2021-02-13T09:54:03+00:00","og_image":[{"width":833,"height":1150,"url":"https:\/\/www.m-q.ch\/wp-content\/uploads\/2021\/02\/Hoch-gesteckte-Ziele-als-Motivation.jpg","type":"image\/jpeg"}],"author":"upwork_1","twitter_card":"summary_large_image","twitter_misc":{"Scritto da":"upwork_1","Tempo di lettura stimato":"4 minuti"},"schema":{"@context":"https:\/\/schema.org","@graph":[{"@type":"Article","@id":"https:\/\/www.m-q.ch\/hoch-gesteckte-ziele-als-motivation\/#article","isPartOf":{"@id":"https:\/\/www.m-q.ch\/hoch-gesteckte-ziele-als-motivation\/"},"author":{"name":"upwork_1","@id":"https:\/\/www.m-q.ch\/fr\/#\/schema\/person\/0bdf39ca27d0b9b779f5b8af54b3f7d7"},"headline":"Hoch gesteckte Ziele als Motivation","datePublished":"2016-03-07T09:47:07+00:00","dateModified":"2021-02-13T09:54:03+00:00","mainEntityOfPage":{"@id":"https:\/\/www.m-q.ch\/hoch-gesteckte-ziele-als-motivation\/"},"wordCount":763,"publisher":{"@id":"https:\/\/www.m-q.ch\/fr\/#organization"},"image":{"@id":"https:\/\/www.m-q.ch\/hoch-gesteckte-ziele-als-motivation\/#primaryimage"},"thumbnailUrl":"https:\/\/www.m-q.ch\/wp-content\/uploads\/2021\/02\/Hoch-gesteckte-Ziele-als-Motivation.jpg","keywords":["03\/2016"],"articleSection":["Allgemein"],"inLanguage":"it-IT"},{"@type":"WebPage","@id":"https:\/\/www.m-q.ch\/hoch-gesteckte-ziele-als-motivation\/","url":"https:\/\/www.m-q.ch\/hoch-gesteckte-ziele-als-motivation\/","name":"Obiettivi molto ambiziosi come motivazione - MQ Management and Quality","isPartOf":{"@id":"https:\/\/www.m-q.ch\/fr\/#website"},"primaryImageOfPage":{"@id":"https:\/\/www.m-q.ch\/hoch-gesteckte-ziele-als-motivation\/#primaryimage"},"image":{"@id":"https:\/\/www.m-q.ch\/hoch-gesteckte-ziele-als-motivation\/#primaryimage"},"thumbnailUrl":"https:\/\/www.m-q.ch\/wp-content\/uploads\/2021\/02\/Hoch-gesteckte-Ziele-als-Motivation.jpg","datePublished":"2016-03-07T09:47:07+00:00","dateModified":"2021-02-13T09:54:03+00:00","description":"Le universit\u00e0 svizzere di scienze applicate formano una gran parte dei lavoratori qualificati da cui l'economia dipende. La formazione, la formazione continua, la ricerca e lo sviluppo orientati all'applicazione e i servizi fanno parte del portafoglio di ogni universit\u00e0 di scienze applicate, compresa l'Universit\u00e0 di Scienze Applicate e Arti di Lucerna. In concorrenza con altre istituzioni educative, sta percorrendo il \"cammino dell'eccellenza\" e ha raggiunto un altro livello nel processo","breadcrumb":{"@id":"https:\/\/www.m-q.ch\/hoch-gesteckte-ziele-als-motivation\/#breadcrumb"},"inLanguage":"it-IT","potentialAction":[{"@type":"ReadAction","target":["https:\/\/www.m-q.ch\/hoch-gesteckte-ziele-als-motivation\/"]}]},{"@type":"ImageObject","inLanguage":"it-IT","@id":"https:\/\/www.m-q.ch\/hoch-gesteckte-ziele-als-motivation\/#primaryimage","url":"https:\/\/www.m-q.ch\/wp-content\/uploads\/2021\/02\/Hoch-gesteckte-Ziele-als-Motivation.jpg","contentUrl":"https:\/\/www.m-q.ch\/wp-content\/uploads\/2021\/02\/Hoch-gesteckte-Ziele-als-Motivation.jpg","width":833,"height":1150,"caption":"Hoch gesteckte Ziele als Motivation"},{"@type":"BreadcrumbList","@id":"https:\/\/www.m-q.ch\/hoch-gesteckte-ziele-als-motivation\/#breadcrumb","itemListElement":[{"@type":"ListItem","position":1,"name":"Allgemein","item":"https:\/\/www.m-q.ch\/kategorie\/allgemein\/"},{"@type":"ListItem","position":2,"name":"Hoch gesteckte Ziele als Motivation"}]},{"@type":"WebSite","@id":"https:\/\/www.m-q.ch\/fr\/#website","url":"https:\/\/www.m-q.ch\/fr\/","name":"Gestione e qualit\u00e0 MQ","description":"Piattaforma per sistemi di gestione integrati.","publisher":{"@id":"https:\/\/www.m-q.ch\/fr\/#organization"},"potentialAction":[{"@type":"SearchAction","target":{"@type":"EntryPoint","urlTemplate":"https:\/\/www.m-q.ch\/fr\/?s={search_term_string}"},"query-input":{"@type":"PropertyValueSpecification","valueRequired":true,"valueName":"search_term_string"}}],"inLanguage":"it-IT"},{"@type":"Organization","@id":"https:\/\/www.m-q.ch\/fr\/#organization","name":"Galledia Fachmedien AG","url":"https:\/\/www.m-q.ch\/fr\/","logo":{"@type":"ImageObject","inLanguage":"it-IT","@id":"https:\/\/www.m-q.ch\/fr\/#\/schema\/logo\/image\/","url":"https:\/\/www.m-q.ch\/wp-content\/uploads\/2020\/12\/cropped-logo_small.png","contentUrl":"https:\/\/www.m-q.ch\/wp-content\/uploads\/2020\/12\/cropped-logo_small.png","width":512,"height":512,"caption":"Galledia Fachmedien AG"},"image":{"@id":"https:\/\/www.m-q.ch\/fr\/#\/schema\/logo\/image\/"},"sameAs":["https:\/\/www.facebook.com\/ManagementUndQualitaet","https:\/\/www.linkedin.com\/showcase\/17982321\/admin\/"]},{"@type":"Person","@id":"https:\/\/www.m-q.ch\/fr\/#\/schema\/person\/0bdf39ca27d0b9b779f5b8af54b3f7d7","name":"upwork_1","image":{"@type":"ImageObject","inLanguage":"it-IT","@id":"https:\/\/www.m-q.ch\/fr\/#\/schema\/person\/image\/","url":"https:\/\/secure.gravatar.com\/avatar\/04d4d0fdc5886d535809f17d0eace7f6?s=96&d=mm&r=g","contentUrl":"https:\/\/secure.gravatar.com\/avatar\/04d4d0fdc5886d535809f17d0eace7f6?s=96&d=mm&r=g","caption":"upwork_1"},"url":"https:\/\/www.m-q.ch\/it\/author\/upwork_1\/"}]}},"_links":{"self":[{"href":"https:\/\/www.m-q.ch\/it\/wp-json\/wp\/v2\/posts\/11376","targetHints":{"allow":["GET"]}}],"collection":[{"href":"https:\/\/www.m-q.ch\/it\/wp-json\/wp\/v2\/posts"}],"about":[{"href":"https:\/\/www.m-q.ch\/it\/wp-json\/wp\/v2\/types\/post"}],"author":[{"embeddable":true,"href":"https:\/\/www.m-q.ch\/it\/wp-json\/wp\/v2\/users\/66"}],"replies":[{"embeddable":true,"href":"https:\/\/www.m-q.ch\/it\/wp-json\/wp\/v2\/comments?post=11376"}],"version-history":[{"count":1,"href":"https:\/\/www.m-q.ch\/it\/wp-json\/wp\/v2\/posts\/11376\/revisions"}],"predecessor-version":[{"id":11380,"href":"https:\/\/www.m-q.ch\/it\/wp-json\/wp\/v2\/posts\/11376\/revisions\/11380"}],"wp:featuredmedia":[{"embeddable":true,"href":"https:\/\/www.m-q.ch\/it\/wp-json\/wp\/v2\/media\/11377"}],"wp:attachment":[{"href":"https:\/\/www.m-q.ch\/it\/wp-json\/wp\/v2\/media?parent=11376"}],"wp:term":[{"taxonomy":"category","embeddable":true,"href":"https:\/\/www.m-q.ch\/it\/wp-json\/wp\/v2\/categories?post=11376"},{"taxonomy":"post_tag","embeddable":true,"href":"https:\/\/www.m-q.ch\/it\/wp-json\/wp\/v2\/tags?post=11376"}],"curies":[{"name":"wp","href":"https:\/\/api.w.org\/{rel}","templated":true}]}}