{"id":11381,"date":"2016-03-09T10:54:33","date_gmt":"2016-03-09T09:54:33","guid":{"rendered":"https:\/\/www.m-q.ch\/?p=11381"},"modified":"2021-02-13T11:19:32","modified_gmt":"2021-02-13T10:19:32","slug":"muoversi-allaltezza-degli-occhi-con-la-migliore","status":"publish","type":"post","link":"https:\/\/www.m-q.ch\/it\/auf-augenhoehe-mit-den-besten-bewegen\/","title":{"rendered":"\"Muoversi all'altezza dei migliori\"."},"content":{"rendered":"<p><img loading=\"lazy\" decoding=\"async\" class=\"alignnone size-full wp-image-11383\" src=\"https:\/\/www.m-q.ch\/wp-content\/uploads\/2021\/02\/Hoch-gesteckte-Ziele-als-Motivation-1.jpg\" alt=\"&quot;Muoversi all&#039;altezza dei migliori&quot;.\" width=\"876\" height=\"576\" srcset=\"https:\/\/www.m-q.ch\/wp-content\/uploads\/2021\/02\/Hoch-gesteckte-Ziele-als-Motivation-1.jpg 876w, https:\/\/www.m-q.ch\/wp-content\/uploads\/2021\/02\/Hoch-gesteckte-Ziele-als-Motivation-1-768x505.jpg 768w, https:\/\/www.m-q.ch\/wp-content\/uploads\/2021\/02\/Hoch-gesteckte-Ziele-als-Motivation-1-16x12.jpg 16w, https:\/\/www.m-q.ch\/wp-content\/uploads\/2021\/02\/Hoch-gesteckte-Ziele-als-Motivation-1-266x175.jpg 266w, https:\/\/www.m-q.ch\/wp-content\/uploads\/2021\/02\/Hoch-gesteckte-Ziele-als-Motivation-1-532x350.jpg 532w, https:\/\/www.m-q.ch\/wp-content\/uploads\/2021\/02\/Hoch-gesteckte-Ziele-als-Motivation-1-300x197.jpg 300w\" sizes=\"auto, (max-width: 876px) 100vw, 876px\" \/><\/p>\n<p>&nbsp;<\/p>\n<p>&nbsp;<\/p>\n<p>&nbsp;<\/p>\n<p><em><strong>D<\/strong><\/em>L'Armed Forces Higher Cadre Training (HKA) \u00e8 il centro di eccellenza per la formazione di leadership e la ricerca scientifica militare e fornisce i suoi servizi principalmente per le Forze Armate. Questo viene fatto in collaborazione con gli altri sponsor della Cooperazione per la sicurezza nazionale (organizzazioni a luce blu) e con le organizzazioni educative civili. La formazione superiore dell'esercito comprende la Scuola centrale (ZS) a Lucerna e Berna, la Scuola dello stato maggiore generale (GST S) a Kriens, l'Accademia militare (MILAK) al Politecnico di Zurigo a Birmensdorf e la Scuola professionale per sottufficiali (BUSA) a Herisau, nonch\u00e9 la formazione operativa dello stato maggiore (Op S) a Berna. La PCA \u00e8 diretta dal comandante di divisione Philippe Rebord. L'orientamento verso il modello di gestione EFQM \u00e8 stato introdotto in HKA nel 2005 e, dopo i premi e il \"Recognized for Excellence 5 star\" (2016), ha raggiunto un'ulteriore pietra miliare con la partecipazione finale all'ESPRIX Swiss Award for Excellence.<\/p>\n<p><strong>Signor Rebord, cosa l'ha spinta a candidarsi per l'ESPRIX Swiss Award for Excellence?<\/strong><br \/>\nPrima di assumere il comando all'Higher Cadre Training nel gennaio 2014, avevo gi\u00e0 acquisito esperienza con vari sistemi di gestione della qualit\u00e0. Mi \u00e8 sempre stato chiaro che volevo continuare sulla strada dell'eccellenza e sviluppare continuamente l'HKA con una politica di piccoli passi. Dopo varie valutazioni nell'ambito di Recognized for Excellence, la decisione \u00e8 poi maturata per affrontare la competizione nell'ambito degli ESPRIX Swiss Awards for Excellence 2016.<\/p>\n<p><strong>Cosa significa per lei il termine \"eccellenza aziendale\" - in termini generali?<\/strong><br \/>\nPer me, \"eccellenza aziendale\" significa che un'organizzazione o un'azienda pu\u00f2 muoversi alla pari con le migliori sia a livello nazionale che internazionale.<\/p>\n<p><strong>Ora, la HKA \u00e8, per cos\u00ec dire, un'organizzazione \"statale\" che si allontana dai criteri dell'economia di mercato. Fino a che punto il \"business\" \u00e8 pi\u00f9 simile all'\"amministrazione\" qui?<\/strong><br \/>\nCome ovunque, i clienti sono la ragione dell'esistenza di un'azienda, e questo \u00e8 naturalmente anche il caso di HKA. Il modello ci guida a valutare continuamente i requisiti attuali e futuri e ad allineare i nostri corsi e processi di conseguenza. Per questo motivo, siamo molto orientati al cliente. Il bilancio nell'amministrazione sostituisce il mercato, per cui la posizione di partenza negli affari e nell'amministrazione \u00e8 in gran parte comparabile.<\/p>\n<p><strong>Nella sua area principale, HKA ha una posizione di monopolio; la concorrenza come fattore di qualit\u00e0 \u00e8 largamente assente. Perch\u00e9 un'organizzazione monopolistica deve comunque realizzare processi di miglioramento continuo?<\/strong><br \/>\nLe richieste e le aspettative dei datori di lavoro e dei partecipanti hanno reso necessario rendere la formazione dei quadri di milizia di oggi pi\u00f9 breve, pi\u00f9 flessibile e pi\u00f9 efficiente. Il modello di eccellenza ci guida a pensare in modo integrale e a considerare i bisogni di tutte le parti interessate. Questo incoraggia la creativit\u00e0 e ci aiuta a raggiungere la nostra visione e le prospettive future. L'obiettivo \u00e8 quello di fornire ai partecipanti ai corsi e ai seminari una formazione di leadership aggiornata e di alta qualit\u00e0 che li prepari al loro futuro ruolo di supervisori e che permetta loro di metterlo in pratica.<\/p>\n<p><strong>Dove \u00e8 entrato in contatto per la prima volta con il modello EFQM e cosa ha fatto pendere la bilancia a favore della sua applicazione in HKA?<\/strong><br \/>\nIn quanto centro di eccellenza per la formazione alla leadership, HKA si \u00e8 impegnata nella qualit\u00e0 globale e quindi nel modello EFQM gi\u00e0 nel 2004. L'obiettivo \u00e8 quello di offrire ai partecipanti ai corsi una formazione di alta qualit\u00e0. I laureati dovrebbero essere in grado di acquisire esperienza di leadership in condizioni difficili e sotto pressione di tempo, e poi applicare questa esperienza nel loro posto di lavoro civile.<\/p>\n<p><strong>Guardando indietro, quali sono state le maggiori sfide durante l'implementazione e come le avete superate?<\/strong><br \/>\nUno dei fattori chiave di successo \u00e8 il coinvolgimento di tutti i livelli di gestione e dei dipendenti. Una buona comprensione dell'orientamento a medio termine e degli obiettivi prioritari \u00e8 la base per il successo dello sviluppo di una cultura dell'eccellenza e il raggiungimento di obiettivi ambiziosi. Per garantire questo, i dirigenti e gli impiegati sono stati continuamente formati e sensibilizzati per anni.<\/p>\n<p><strong>In che misura un'organizzazione militare gerarchica facilita o impedisce l'attuazione dell'EFQM?<\/strong><br \/>\nUna leadership militare di successo richiede un coinvolgimento intensivo e un lavoro indipendente all'interno di linee guida a tutti i livelli, conosciute come tattiche di missione. I processi di leadership militare sono progettati di conseguenza. Questi principi e valori vengono insegnati fin dalla scuola reclute. Con l'inizio della formazione dei quadri nella scuola per sottufficiali, i principi e i processi di leadership vengono sistematicamente insegnati e applicati. Questa base ci ha certamente facilitato la comprensione rapida e l'implementazione del modello di eccellenza EFQM dall'alto verso il basso.<\/p>\n<p><strong>Per molto tempo, l'addestramento alla leadership militare \u00e8 stato piuttosto disapprovato, ma recentemente sta godendo di nuovo di un maggiore riconoscimento da parte dei civili. A cosa attribuisce questo cambiamento? \u00c8 anche un risultato dell'EFQM?<\/strong><br \/>\nLo studio Security 2015 del Centro per gli studi sulla sicurezza del Politecnico di Zurigo e dell'Accademia militare del Politecnico di Zurigo mostra che la formazione alla leadership militare \u00e8 diventata di nuovo interessante per i giovani svizzeri. Quanto il PCA e in particolare il modello EFQM abbiano contribuito a questo \u00e8 difficile da giudicare. Ci\u00f2 che \u00e8 certo, tuttavia, \u00e8 che con l'applicazione coerente del modello di eccellenza possiamo garantire un'alta qualit\u00e0 della formazione e allo stesso tempo soddisfare i requisiti di gestione della qualit\u00e0 civile internazionale.<\/p>\n<p>I nostri partenariati con istituti di formazione svizzeri (ETH Zurigo, HSW Lucerna, ecc.) e la rete internazionale con il rilascio di crediti ECTS e certificati civili aumentano l'attrattiva della formazione alla condotta militare. In questo modo, contribuiamo alla cultura della leadership dell'economia con la nostra formazione.<\/p>\n<p><strong>Lei vede la rinnovata certificazione EFQM come un input per ulteriori applicazioni in altre aree del Dipartimento della Difesa. Come visione: anche per tutte le forze armate?<\/strong><br \/>\nQuesto \u00e8 assolutamente concepibile, ma non rientra nella competenza e nella responsabilit\u00e0 della Formazione Superiore dei Quadri delle Forze Armate. Tuttavia, siamo naturalmente molto felici di dare il nostro contributo in questo senso, in modo che tutte le forze armate possano beneficiare della nostra conoscenza ed esperienza.<\/p>\n<p><strong>Quali sono le sue prossime priorit\u00e0 per l'ulteriore sviluppo di HKA?<\/strong><br \/>\nCon l'applicazione, HKA apre l'accesso a organizzazioni eccellenti con grande esperienza. Siamo pronti a contribuire con le nostre forze e speriamo in un facile scambio e nella conoscenza di molte buone pratiche. Dovrebbero darci l'ispirazione per il nostro sviluppo e aiutarci a sviluppare continuamente la PCA.<\/p>","protected":false},"excerpt":{"rendered":"<p>&nbsp; &nbsp; &nbsp; Die H\u00f6here Kaderausbildung der Armee HKA ist das Kompetenzzentrum f\u00fcr F\u00fchrungsausbildung und milit\u00e4rwissenschaftliche Forschung und erbringt ihre Leistungen haupts\u00e4chlich f\u00fcr die Armee. Dies geschieht in Partnerschaft mit den anderen Tr\u00e4gern der Nationalen Sicherheitskooperation (Blaulichtorganisationen) sowie zivilen Bildungsorganisationen. Zur H\u00f6heren Kaderausbildung der Armee geh\u00f6ren die Zentralschule (ZS) in Luzern und Bern, die Generalstabsschule [&hellip;]<\/p>\n","protected":false},"author":66,"featured_media":11383,"comment_status":"closed","ping_status":"closed","sticky":false,"template":"","format":"standard","meta":{"_acf_changed":false,"footnotes":""},"categories":[4448],"tags":[4775],"class_list":["post-11381","post","type-post","status-publish","format-standard","has-post-thumbnail","hentry","category-allgemein","tag-03-2016"],"acf":[],"yoast_head":"<!-- This site is optimized with the Yoast SEO plugin v26.2 - https:\/\/yoast.com\/wordpress\/plugins\/seo\/ -->\n<title>\u00abAuf Augenh\u00f6he mit den Besten bewegen\u00bb - MQ Management und Qualit\u00e4t<\/title>\n<meta name=\"description\" content=\"Die \u00e4ltere Generation von F\u00fchrungskr\u00e4ften kann sich daran noch erinnern: Mit einer Offizierslaufbahn in der Schweizer Armee standen einem auch in der Privatwirtschaft fast alle Karriere-T\u00fcren offen. Das hat sich sp\u00e4ter stark ge\u00e4ndert, eine milit\u00e4rische Karriere stand einer wirtschaftlichen eher im Weg wegen der langen Dienstzeiten. Dass aber eine h\u00f6here Kaderausbildung in der Armee durchaus auch im Zivilleben n\u00fctzlich sein kann, ist seit einiger Zeit wieder st\u00e4rker anerkannt\" \/>\n<meta name=\"robots\" content=\"index, follow, max-snippet:-1, max-image-preview:large, max-video-preview:-1\" \/>\n<link rel=\"canonical\" href=\"https:\/\/www.m-q.ch\/it\/muoversi-allaltezza-degli-occhi-con-la-migliore\/\" \/>\n<meta property=\"og:locale\" content=\"it_IT\" \/>\n<meta property=\"og:type\" content=\"article\" \/>\n<meta property=\"og:title\" content=\"\u00abAuf Augenh\u00f6he mit den Besten bewegen\u00bb - MQ Management und Qualit\u00e4t\" \/>\n<meta property=\"og:description\" content=\"Die \u00e4ltere Generation von F\u00fchrungskr\u00e4ften kann sich daran noch erinnern: Mit einer Offizierslaufbahn in der Schweizer Armee standen einem auch in der Privatwirtschaft fast alle Karriere-T\u00fcren offen. Das hat sich sp\u00e4ter stark ge\u00e4ndert, eine milit\u00e4rische Karriere stand einer wirtschaftlichen eher im Weg wegen der langen Dienstzeiten. Dass aber eine h\u00f6here Kaderausbildung in der Armee durchaus auch im Zivilleben n\u00fctzlich sein kann, ist seit einiger Zeit wieder st\u00e4rker anerkannt\" \/>\n<meta property=\"og:url\" content=\"https:\/\/www.m-q.ch\/it\/muoversi-allaltezza-degli-occhi-con-la-migliore\/\" \/>\n<meta property=\"og:site_name\" content=\"MQ Management und Qualit\u00e4t\" \/>\n<meta property=\"article:publisher\" content=\"https:\/\/www.facebook.com\/ManagementUndQualitaet\" \/>\n<meta property=\"article:published_time\" content=\"2016-03-09T09:54:33+00:00\" \/>\n<meta property=\"article:modified_time\" content=\"2021-02-13T10:19:32+00:00\" \/>\n<meta property=\"og:image\" content=\"https:\/\/www.m-q.ch\/wp-content\/uploads\/2021\/02\/Hoch-gesteckte-Ziele-als-Motivation-1.jpg\" \/>\n\t<meta property=\"og:image:width\" content=\"876\" \/>\n\t<meta property=\"og:image:height\" content=\"576\" \/>\n\t<meta property=\"og:image:type\" content=\"image\/jpeg\" \/>\n<meta name=\"author\" content=\"upwork_1\" \/>\n<meta name=\"twitter:card\" content=\"summary_large_image\" \/>\n<meta name=\"twitter:label1\" content=\"Scritto da\" \/>\n\t<meta name=\"twitter:data1\" content=\"upwork_1\" \/>\n\t<meta name=\"twitter:label2\" content=\"Tempo di lettura stimato\" \/>\n\t<meta name=\"twitter:data2\" content=\"5 minuti\" \/>\n<script type=\"application\/ld+json\" class=\"yoast-schema-graph\">{\"@context\":\"https:\/\/schema.org\",\"@graph\":[{\"@type\":\"Article\",\"@id\":\"https:\/\/www.m-q.ch\/auf-augenhoehe-mit-den-besten-bewegen\/#article\",\"isPartOf\":{\"@id\":\"https:\/\/www.m-q.ch\/auf-augenhoehe-mit-den-besten-bewegen\/\"},\"author\":{\"name\":\"upwork_1\",\"@id\":\"https:\/\/www.m-q.ch\/fr\/#\/schema\/person\/0bdf39ca27d0b9b779f5b8af54b3f7d7\"},\"headline\":\"\u00abAuf Augenh\u00f6he mit den Besten bewegen\u00bb\",\"datePublished\":\"2016-03-09T09:54:33+00:00\",\"dateModified\":\"2021-02-13T10:19:32+00:00\",\"mainEntityOfPage\":{\"@id\":\"https:\/\/www.m-q.ch\/auf-augenhoehe-mit-den-besten-bewegen\/\"},\"wordCount\":1036,\"publisher\":{\"@id\":\"https:\/\/www.m-q.ch\/fr\/#organization\"},\"image\":{\"@id\":\"https:\/\/www.m-q.ch\/auf-augenhoehe-mit-den-besten-bewegen\/#primaryimage\"},\"thumbnailUrl\":\"https:\/\/www.m-q.ch\/wp-content\/uploads\/2021\/02\/Hoch-gesteckte-Ziele-als-Motivation-1.jpg\",\"keywords\":[\"03\/2016\"],\"articleSection\":[\"Allgemein\"],\"inLanguage\":\"it-IT\"},{\"@type\":\"WebPage\",\"@id\":\"https:\/\/www.m-q.ch\/auf-augenhoehe-mit-den-besten-bewegen\/\",\"url\":\"https:\/\/www.m-q.ch\/auf-augenhoehe-mit-den-besten-bewegen\/\",\"name\":\"\u00abAuf Augenh\u00f6he mit den Besten bewegen\u00bb - MQ Management und Qualit\u00e4t\",\"isPartOf\":{\"@id\":\"https:\/\/www.m-q.ch\/fr\/#website\"},\"primaryImageOfPage\":{\"@id\":\"https:\/\/www.m-q.ch\/auf-augenhoehe-mit-den-besten-bewegen\/#primaryimage\"},\"image\":{\"@id\":\"https:\/\/www.m-q.ch\/auf-augenhoehe-mit-den-besten-bewegen\/#primaryimage\"},\"thumbnailUrl\":\"https:\/\/www.m-q.ch\/wp-content\/uploads\/2021\/02\/Hoch-gesteckte-Ziele-als-Motivation-1.jpg\",\"datePublished\":\"2016-03-09T09:54:33+00:00\",\"dateModified\":\"2021-02-13T10:19:32+00:00\",\"description\":\"Die \u00e4ltere Generation von F\u00fchrungskr\u00e4ften kann sich daran noch erinnern: Mit einer Offizierslaufbahn in der Schweizer Armee standen einem auch in der Privatwirtschaft fast alle Karriere-T\u00fcren offen. Das hat sich sp\u00e4ter stark ge\u00e4ndert, eine milit\u00e4rische Karriere stand einer wirtschaftlichen eher im Weg wegen der langen Dienstzeiten. Dass aber eine h\u00f6here Kaderausbildung in der Armee durchaus auch im Zivilleben n\u00fctzlich sein kann, ist seit einiger Zeit wieder st\u00e4rker anerkannt\",\"breadcrumb\":{\"@id\":\"https:\/\/www.m-q.ch\/auf-augenhoehe-mit-den-besten-bewegen\/#breadcrumb\"},\"inLanguage\":\"it-IT\",\"potentialAction\":[{\"@type\":\"ReadAction\",\"target\":[\"https:\/\/www.m-q.ch\/auf-augenhoehe-mit-den-besten-bewegen\/\"]}]},{\"@type\":\"ImageObject\",\"inLanguage\":\"it-IT\",\"@id\":\"https:\/\/www.m-q.ch\/auf-augenhoehe-mit-den-besten-bewegen\/#primaryimage\",\"url\":\"https:\/\/www.m-q.ch\/wp-content\/uploads\/2021\/02\/Hoch-gesteckte-Ziele-als-Motivation-1.jpg\",\"contentUrl\":\"https:\/\/www.m-q.ch\/wp-content\/uploads\/2021\/02\/Hoch-gesteckte-Ziele-als-Motivation-1.jpg\",\"width\":876,\"height\":576,\"caption\":\"\u00abAuf Augenh\u00f6he mit den Besten bewegen\u00bb\"},{\"@type\":\"BreadcrumbList\",\"@id\":\"https:\/\/www.m-q.ch\/auf-augenhoehe-mit-den-besten-bewegen\/#breadcrumb\",\"itemListElement\":[{\"@type\":\"ListItem\",\"position\":1,\"name\":\"Allgemein\",\"item\":\"https:\/\/www.m-q.ch\/kategorie\/allgemein\/\"},{\"@type\":\"ListItem\",\"position\":2,\"name\":\"\u00abAuf Augenh\u00f6he mit den Besten bewegen\u00bb\"}]},{\"@type\":\"WebSite\",\"@id\":\"https:\/\/www.m-q.ch\/fr\/#website\",\"url\":\"https:\/\/www.m-q.ch\/fr\/\",\"name\":\"MQ Management und Qualit\u00e4t\",\"description\":\"Plattform f\u00fcr integrierte Managementsysteme.\",\"publisher\":{\"@id\":\"https:\/\/www.m-q.ch\/fr\/#organization\"},\"potentialAction\":[{\"@type\":\"SearchAction\",\"target\":{\"@type\":\"EntryPoint\",\"urlTemplate\":\"https:\/\/www.m-q.ch\/fr\/?s={search_term_string}\"},\"query-input\":{\"@type\":\"PropertyValueSpecification\",\"valueRequired\":true,\"valueName\":\"search_term_string\"}}],\"inLanguage\":\"it-IT\"},{\"@type\":\"Organization\",\"@id\":\"https:\/\/www.m-q.ch\/fr\/#organization\",\"name\":\"Galledia Fachmedien AG\",\"url\":\"https:\/\/www.m-q.ch\/fr\/\",\"logo\":{\"@type\":\"ImageObject\",\"inLanguage\":\"it-IT\",\"@id\":\"https:\/\/www.m-q.ch\/fr\/#\/schema\/logo\/image\/\",\"url\":\"https:\/\/www.m-q.ch\/wp-content\/uploads\/2020\/12\/cropped-logo_small.png\",\"contentUrl\":\"https:\/\/www.m-q.ch\/wp-content\/uploads\/2020\/12\/cropped-logo_small.png\",\"width\":512,\"height\":512,\"caption\":\"Galledia Fachmedien AG\"},\"image\":{\"@id\":\"https:\/\/www.m-q.ch\/fr\/#\/schema\/logo\/image\/\"},\"sameAs\":[\"https:\/\/www.facebook.com\/ManagementUndQualitaet\",\"https:\/\/www.linkedin.com\/showcase\/17982321\/admin\/\"]},{\"@type\":\"Person\",\"@id\":\"https:\/\/www.m-q.ch\/fr\/#\/schema\/person\/0bdf39ca27d0b9b779f5b8af54b3f7d7\",\"name\":\"upwork_1\",\"image\":{\"@type\":\"ImageObject\",\"inLanguage\":\"it-IT\",\"@id\":\"https:\/\/www.m-q.ch\/fr\/#\/schema\/person\/image\/\",\"url\":\"https:\/\/secure.gravatar.com\/avatar\/04d4d0fdc5886d535809f17d0eace7f6?s=96&d=mm&r=g\",\"contentUrl\":\"https:\/\/secure.gravatar.com\/avatar\/04d4d0fdc5886d535809f17d0eace7f6?s=96&d=mm&r=g\",\"caption\":\"upwork_1\"},\"url\":\"https:\/\/www.m-q.ch\/it\/author\/upwork_1\/\"}]}<\/script>\n<!-- \/ Yoast SEO plugin. -->","yoast_head_json":{"title":"\"Muoversi all'altezza dei migliori\" - MQ Management and Quality","description":"La vecchia generazione di manager se lo ricorda ancora: con una carriera da ufficiale nell'esercito svizzero, quasi tutte le porte della carriera erano aperte nel settore privato. Questo \u00e8 cambiato molto in seguito; una carriera militare tendeva a ostacolare una carriera commerciale a causa dei lunghi periodi di servizio. Tuttavia, il fatto che la formazione dei quadri superiori nell'esercito possa essere utile anche nella vita civile \u00e8 stato pi\u00f9 ampiamente riconosciuto da qualche tempo.","robots":{"index":"index","follow":"follow","max-snippet":"max-snippet:-1","max-image-preview":"max-image-preview:large","max-video-preview":"max-video-preview:-1"},"canonical":"https:\/\/www.m-q.ch\/it\/muoversi-allaltezza-degli-occhi-con-la-migliore\/","og_locale":"it_IT","og_type":"article","og_title":"\u00abAuf Augenh\u00f6he mit den Besten bewegen\u00bb - MQ Management und Qualit\u00e4t","og_description":"Die \u00e4ltere Generation von F\u00fchrungskr\u00e4ften kann sich daran noch erinnern: Mit einer Offizierslaufbahn in der Schweizer Armee standen einem auch in der Privatwirtschaft fast alle Karriere-T\u00fcren offen. Das hat sich sp\u00e4ter stark ge\u00e4ndert, eine milit\u00e4rische Karriere stand einer wirtschaftlichen eher im Weg wegen der langen Dienstzeiten. Dass aber eine h\u00f6here Kaderausbildung in der Armee durchaus auch im Zivilleben n\u00fctzlich sein kann, ist seit einiger Zeit wieder st\u00e4rker anerkannt","og_url":"https:\/\/www.m-q.ch\/it\/muoversi-allaltezza-degli-occhi-con-la-migliore\/","og_site_name":"MQ Management und Qualit\u00e4t","article_publisher":"https:\/\/www.facebook.com\/ManagementUndQualitaet","article_published_time":"2016-03-09T09:54:33+00:00","article_modified_time":"2021-02-13T10:19:32+00:00","og_image":[{"width":876,"height":576,"url":"https:\/\/www.m-q.ch\/wp-content\/uploads\/2021\/02\/Hoch-gesteckte-Ziele-als-Motivation-1.jpg","type":"image\/jpeg"}],"author":"upwork_1","twitter_card":"summary_large_image","twitter_misc":{"Scritto da":"upwork_1","Tempo di lettura stimato":"5 minuti"},"schema":{"@context":"https:\/\/schema.org","@graph":[{"@type":"Article","@id":"https:\/\/www.m-q.ch\/auf-augenhoehe-mit-den-besten-bewegen\/#article","isPartOf":{"@id":"https:\/\/www.m-q.ch\/auf-augenhoehe-mit-den-besten-bewegen\/"},"author":{"name":"upwork_1","@id":"https:\/\/www.m-q.ch\/fr\/#\/schema\/person\/0bdf39ca27d0b9b779f5b8af54b3f7d7"},"headline":"\u00abAuf Augenh\u00f6he mit den Besten bewegen\u00bb","datePublished":"2016-03-09T09:54:33+00:00","dateModified":"2021-02-13T10:19:32+00:00","mainEntityOfPage":{"@id":"https:\/\/www.m-q.ch\/auf-augenhoehe-mit-den-besten-bewegen\/"},"wordCount":1036,"publisher":{"@id":"https:\/\/www.m-q.ch\/fr\/#organization"},"image":{"@id":"https:\/\/www.m-q.ch\/auf-augenhoehe-mit-den-besten-bewegen\/#primaryimage"},"thumbnailUrl":"https:\/\/www.m-q.ch\/wp-content\/uploads\/2021\/02\/Hoch-gesteckte-Ziele-als-Motivation-1.jpg","keywords":["03\/2016"],"articleSection":["Allgemein"],"inLanguage":"it-IT"},{"@type":"WebPage","@id":"https:\/\/www.m-q.ch\/auf-augenhoehe-mit-den-besten-bewegen\/","url":"https:\/\/www.m-q.ch\/auf-augenhoehe-mit-den-besten-bewegen\/","name":"\"Muoversi all'altezza dei migliori\" - MQ Management and Quality","isPartOf":{"@id":"https:\/\/www.m-q.ch\/fr\/#website"},"primaryImageOfPage":{"@id":"https:\/\/www.m-q.ch\/auf-augenhoehe-mit-den-besten-bewegen\/#primaryimage"},"image":{"@id":"https:\/\/www.m-q.ch\/auf-augenhoehe-mit-den-besten-bewegen\/#primaryimage"},"thumbnailUrl":"https:\/\/www.m-q.ch\/wp-content\/uploads\/2021\/02\/Hoch-gesteckte-Ziele-als-Motivation-1.jpg","datePublished":"2016-03-09T09:54:33+00:00","dateModified":"2021-02-13T10:19:32+00:00","description":"La vecchia generazione di manager se lo ricorda ancora: con una carriera da ufficiale nell'esercito svizzero, quasi tutte le porte della carriera erano aperte nel settore privato. Questo \u00e8 cambiato molto in seguito; una carriera militare tendeva a ostacolare una carriera commerciale a causa dei lunghi periodi di servizio. Tuttavia, il fatto che la formazione dei quadri superiori nell'esercito possa essere utile anche nella vita civile \u00e8 stato pi\u00f9 ampiamente riconosciuto da qualche tempo.","breadcrumb":{"@id":"https:\/\/www.m-q.ch\/auf-augenhoehe-mit-den-besten-bewegen\/#breadcrumb"},"inLanguage":"it-IT","potentialAction":[{"@type":"ReadAction","target":["https:\/\/www.m-q.ch\/auf-augenhoehe-mit-den-besten-bewegen\/"]}]},{"@type":"ImageObject","inLanguage":"it-IT","@id":"https:\/\/www.m-q.ch\/auf-augenhoehe-mit-den-besten-bewegen\/#primaryimage","url":"https:\/\/www.m-q.ch\/wp-content\/uploads\/2021\/02\/Hoch-gesteckte-Ziele-als-Motivation-1.jpg","contentUrl":"https:\/\/www.m-q.ch\/wp-content\/uploads\/2021\/02\/Hoch-gesteckte-Ziele-als-Motivation-1.jpg","width":876,"height":576,"caption":"\u00abAuf Augenh\u00f6he mit den Besten bewegen\u00bb"},{"@type":"BreadcrumbList","@id":"https:\/\/www.m-q.ch\/auf-augenhoehe-mit-den-besten-bewegen\/#breadcrumb","itemListElement":[{"@type":"ListItem","position":1,"name":"Allgemein","item":"https:\/\/www.m-q.ch\/kategorie\/allgemein\/"},{"@type":"ListItem","position":2,"name":"\u00abAuf Augenh\u00f6he mit den Besten bewegen\u00bb"}]},{"@type":"WebSite","@id":"https:\/\/www.m-q.ch\/fr\/#website","url":"https:\/\/www.m-q.ch\/fr\/","name":"Gestione e qualit\u00e0 MQ","description":"Piattaforma per sistemi di gestione integrati.","publisher":{"@id":"https:\/\/www.m-q.ch\/fr\/#organization"},"potentialAction":[{"@type":"SearchAction","target":{"@type":"EntryPoint","urlTemplate":"https:\/\/www.m-q.ch\/fr\/?s={search_term_string}"},"query-input":{"@type":"PropertyValueSpecification","valueRequired":true,"valueName":"search_term_string"}}],"inLanguage":"it-IT"},{"@type":"Organization","@id":"https:\/\/www.m-q.ch\/fr\/#organization","name":"Galledia Fachmedien AG","url":"https:\/\/www.m-q.ch\/fr\/","logo":{"@type":"ImageObject","inLanguage":"it-IT","@id":"https:\/\/www.m-q.ch\/fr\/#\/schema\/logo\/image\/","url":"https:\/\/www.m-q.ch\/wp-content\/uploads\/2020\/12\/cropped-logo_small.png","contentUrl":"https:\/\/www.m-q.ch\/wp-content\/uploads\/2020\/12\/cropped-logo_small.png","width":512,"height":512,"caption":"Galledia Fachmedien AG"},"image":{"@id":"https:\/\/www.m-q.ch\/fr\/#\/schema\/logo\/image\/"},"sameAs":["https:\/\/www.facebook.com\/ManagementUndQualitaet","https:\/\/www.linkedin.com\/showcase\/17982321\/admin\/"]},{"@type":"Person","@id":"https:\/\/www.m-q.ch\/fr\/#\/schema\/person\/0bdf39ca27d0b9b779f5b8af54b3f7d7","name":"upwork_1","image":{"@type":"ImageObject","inLanguage":"it-IT","@id":"https:\/\/www.m-q.ch\/fr\/#\/schema\/person\/image\/","url":"https:\/\/secure.gravatar.com\/avatar\/04d4d0fdc5886d535809f17d0eace7f6?s=96&d=mm&r=g","contentUrl":"https:\/\/secure.gravatar.com\/avatar\/04d4d0fdc5886d535809f17d0eace7f6?s=96&d=mm&r=g","caption":"upwork_1"},"url":"https:\/\/www.m-q.ch\/it\/author\/upwork_1\/"}]}},"_links":{"self":[{"href":"https:\/\/www.m-q.ch\/it\/wp-json\/wp\/v2\/posts\/11381","targetHints":{"allow":["GET"]}}],"collection":[{"href":"https:\/\/www.m-q.ch\/it\/wp-json\/wp\/v2\/posts"}],"about":[{"href":"https:\/\/www.m-q.ch\/it\/wp-json\/wp\/v2\/types\/post"}],"author":[{"embeddable":true,"href":"https:\/\/www.m-q.ch\/it\/wp-json\/wp\/v2\/users\/66"}],"replies":[{"embeddable":true,"href":"https:\/\/www.m-q.ch\/it\/wp-json\/wp\/v2\/comments?post=11381"}],"version-history":[{"count":1,"href":"https:\/\/www.m-q.ch\/it\/wp-json\/wp\/v2\/posts\/11381\/revisions"}],"predecessor-version":[{"id":11388,"href":"https:\/\/www.m-q.ch\/it\/wp-json\/wp\/v2\/posts\/11381\/revisions\/11388"}],"wp:featuredmedia":[{"embeddable":true,"href":"https:\/\/www.m-q.ch\/it\/wp-json\/wp\/v2\/media\/11383"}],"wp:attachment":[{"href":"https:\/\/www.m-q.ch\/it\/wp-json\/wp\/v2\/media?parent=11381"}],"wp:term":[{"taxonomy":"category","embeddable":true,"href":"https:\/\/www.m-q.ch\/it\/wp-json\/wp\/v2\/categories?post=11381"},{"taxonomy":"post_tag","embeddable":true,"href":"https:\/\/www.m-q.ch\/it\/wp-json\/wp\/v2\/tags?post=11381"}],"curies":[{"name":"wp","href":"https:\/\/api.w.org\/{rel}","templated":true}]}}