{"id":11600,"date":"2017-10-25T00:51:56","date_gmt":"2017-10-24T22:51:56","guid":{"rendered":"https:\/\/www.m-q.ch\/?p=11600"},"modified":"2021-02-14T02:58:47","modified_gmt":"2021-02-14T01:58:47","slug":"hannes-cerca-un-nuovo-dipendente","status":"publish","type":"post","link":"https:\/\/www.m-q.ch\/it\/hannes-sucht-einen-neuen-mitarbeiter\/","title":{"rendered":"Hannes sta cercando un nuovo dipendente"},"content":{"rendered":"<p><img loading=\"lazy\" decoding=\"async\" class=\"alignnone size-full wp-image-11653\" src=\"https:\/\/www.m-q.ch\/wp-content\/uploads\/2021\/02\/Hannes-sucht-einen-neuen-Mitarbeiter.jpg\" alt=\"Hannes sta cercando un nuovo dipendente\" width=\"868\" height=\"575\" srcset=\"https:\/\/www.m-q.ch\/wp-content\/uploads\/2021\/02\/Hannes-sucht-einen-neuen-Mitarbeiter.jpg 868w, https:\/\/www.m-q.ch\/wp-content\/uploads\/2021\/02\/Hannes-sucht-einen-neuen-Mitarbeiter-768x509.jpg 768w, https:\/\/www.m-q.ch\/wp-content\/uploads\/2021\/02\/Hannes-sucht-einen-neuen-Mitarbeiter-16x12.jpg 16w, https:\/\/www.m-q.ch\/wp-content\/uploads\/2021\/02\/Hannes-sucht-einen-neuen-Mitarbeiter-264x175.jpg 264w, https:\/\/www.m-q.ch\/wp-content\/uploads\/2021\/02\/Hannes-sucht-einen-neuen-Mitarbeiter-528x350.jpg 528w, https:\/\/www.m-q.ch\/wp-content\/uploads\/2021\/02\/Hannes-sucht-einen-neuen-Mitarbeiter-300x199.jpg 300w\" sizes=\"auto, (max-width: 868px) 100vw, 868px\" \/><\/p>\n<p>&nbsp;<\/p>\n<p>&nbsp;<\/p>\n<p><em><strong>\"Sono un sacco di cose che la nuova donna, il nuovo uomo, devono essere all'altezza\".<\/strong><\/em><\/p>\n<p><strong>Il profilo dei requisiti \u00e8 molteplice<\/strong><br \/>\nHannes si siede e pensa al profilo. \u00c8 cambiato molto negli ultimi anni e comincia a battere sulla tastiera.<\/p>\n<p>&nbsp;<\/p>\n<p>Oggi, la conoscenza del computer di tutti i programmi comuni \u00e8 probabilmente un prerequisito. Non c'\u00e8 bisogno di scriverlo, ma \u00e8 possibile. Inoltre, dopo la riorganizzazione nei prossimi mesi, il personale dell'ufficio sar\u00e0 anche responsabile delle misure di comunicazione di marketing. Quindi avete bisogno di una persona con una laurea in comunicazione di marketing o una formazione simile. \"La diversit\u00e0 \u00e8 un must nel mercato globale e quindi \u00e8 ovvio che la nuova persona dovrebbe avere diversi anni di esperienza internazionale.<\/p>\n<p>&nbsp;<\/p>\n<p>L'attitudine tecnica \u00e8 un prerequisito in un settore industriale in modo che la persona capisca il core business a tutti. Ma l'estro da solo non basta pi\u00f9 oggi. Almeno tre semestri in un'universit\u00e0 tecnica o almeno un corso post-laurea di ingegneria dovrebbero essere obbligatori. L'inglese scritto e parlato \u00e8 anche sulla lista di Hannes. In Asia, in particolare, \u00e8 importante che le lettere siano scritte anche in questa lingua senza errori.<\/p>\n<p>&nbsp;<\/p>\n<p>Hannes continua. Come capo di un dipartimento con 20 dipendenti, un candidato non pu\u00f2 evitare di aver completato almeno un corso di leadership. Deve essere una personalit\u00e0 di leadership. Competenza sociale, disponibilit\u00e0 a un costante sviluppo ulteriore, alta empatia e assertivit\u00e0, orientamento all'obiettivo sono i classici comuni.<\/p>\n<p>&nbsp;<\/p>\n<p>Quando Hannes legge brevemente le sue parole chiave, nota che mancano ancora l'esperienza pratica in un'azienda industriale e l'esperienza di leadership. Aggiunge e vede che c'\u00e8 molto che la nuova donna, il nuovo uomo deve compiere.<\/p>\n<p><strong>Anche l'et\u00e0 \u00e8 decisiva<\/strong><br \/>\nUltimo ma non meno importante, la persona dovrebbe anche adattarsi alla struttura per et\u00e0 della squadra. La squadra ha un'et\u00e0 media inferiore ai 30 anni. Pertanto, il nuovo capo dovrebbe anche provenire da una generazione pi\u00f9 giovane per capire i giovani di oggi. Scrive ancora \"et\u00e0 ideale tra i 25 e i 35 anni\" nella lista. Questo si adatta.<\/p>\n<p>&nbsp;<\/p>\n<p>Non vede l'ora che arrivino i primi dossier e le richieste salariali. Per ragioni finanziarie, l'azienda non ha pi\u00f9 troppo margine di manovra in questo settore. Ma questo probabilmente non \u00e8 un problema neanche per i candidati, se finalmente trovano un'azienda dove possono vivere i loro diversi talenti ed esperienze.<\/p>\n<p>&nbsp;<\/p>","protected":false},"excerpt":{"rendered":"<p>&nbsp; &nbsp; \u00abEs ist einiges, was die neue Frau, der neue Mann erf\u00fcllen muss.\u00bb Das Anforderungsprofil ist mannigfaltig Hannes setzt sich hin und \u00fcberlegt, wie das Profil ist. Es hat sich ja doch stark ver\u00e4ndert in den vergangenen Jahren und er beginnt, stich-wortartig in die Tastatur zu hacken. &nbsp; Heute sind Computer-Kenntnisse s\u00e4mtlicher g\u00e4ngiger Program-me [&hellip;]<\/p>\n","protected":false},"author":62,"featured_media":11653,"comment_status":"closed","ping_status":"closed","sticky":false,"template":"","format":"standard","meta":{"_acf_changed":false,"footnotes":""},"categories":[4448],"tags":[4780],"class_list":["post-11600","post","type-post","status-publish","format-standard","has-post-thumbnail","hentry","category-allgemein","tag-10-2017"],"acf":[],"yoast_head":"<!-- This site is optimized with the Yoast SEO plugin v26.2 - https:\/\/yoast.com\/wordpress\/plugins\/seo\/ -->\n<title>Hannes sucht einen neuen Mitarbeiter - MQ Management und Qualit\u00e4t<\/title>\n<meta name=\"description\" content=\"Trotz angespannter Zeiten gibt es immer wieder auch personelle Fluktuationen. Der Innendienstleiter ging in Rente, seine Stelle ist bewilligt und wird neu besetzt. Hannes bereitet sich auf die Rekru-tierung vor, geh\u00f6rt doch dieser Bereich in seine Abteilung. Dabei wird er als Leiter Produktion im Prozess selbstverst\u00e4ndlich von den Kolleginnen und Kollegen der HR-Abteilung unterst\u00fctzt. Das ist auch gut so.\" \/>\n<meta name=\"robots\" content=\"index, follow, max-snippet:-1, max-image-preview:large, max-video-preview:-1\" \/>\n<link rel=\"canonical\" href=\"https:\/\/www.m-q.ch\/it\/hannes-cerca-un-nuovo-dipendente\/\" \/>\n<meta property=\"og:locale\" content=\"it_IT\" \/>\n<meta property=\"og:type\" content=\"article\" \/>\n<meta property=\"og:title\" content=\"Hannes sucht einen neuen Mitarbeiter - MQ Management und Qualit\u00e4t\" \/>\n<meta property=\"og:description\" content=\"Trotz angespannter Zeiten gibt es immer wieder auch personelle Fluktuationen. Der Innendienstleiter ging in Rente, seine Stelle ist bewilligt und wird neu besetzt. Hannes bereitet sich auf die Rekru-tierung vor, geh\u00f6rt doch dieser Bereich in seine Abteilung. Dabei wird er als Leiter Produktion im Prozess selbstverst\u00e4ndlich von den Kolleginnen und Kollegen der HR-Abteilung unterst\u00fctzt. Das ist auch gut so.\" \/>\n<meta property=\"og:url\" content=\"https:\/\/www.m-q.ch\/it\/hannes-cerca-un-nuovo-dipendente\/\" \/>\n<meta property=\"og:site_name\" content=\"MQ Management und Qualit\u00e4t\" \/>\n<meta property=\"article:publisher\" content=\"https:\/\/www.facebook.com\/ManagementUndQualitaet\" \/>\n<meta property=\"article:published_time\" content=\"2017-10-24T22:51:56+00:00\" \/>\n<meta property=\"article:modified_time\" content=\"2021-02-14T01:58:47+00:00\" \/>\n<meta property=\"og:image\" content=\"https:\/\/www.m-q.ch\/wp-content\/uploads\/2021\/02\/Hannes-sucht-einen-neuen-Mitarbeiter.jpg\" \/>\n\t<meta property=\"og:image:width\" content=\"868\" \/>\n\t<meta property=\"og:image:height\" content=\"575\" \/>\n\t<meta property=\"og:image:type\" content=\"image\/jpeg\" \/>\n<meta name=\"author\" content=\"upwork_2\" \/>\n<meta name=\"twitter:card\" content=\"summary_large_image\" \/>\n<meta name=\"twitter:label1\" content=\"Scritto da\" \/>\n\t<meta name=\"twitter:data1\" content=\"upwork_2\" \/>\n\t<meta name=\"twitter:label2\" content=\"Tempo di lettura stimato\" \/>\n\t<meta name=\"twitter:data2\" content=\"2 minuti\" \/>\n<script type=\"application\/ld+json\" class=\"yoast-schema-graph\">{\"@context\":\"https:\/\/schema.org\",\"@graph\":[{\"@type\":\"Article\",\"@id\":\"https:\/\/www.m-q.ch\/hannes-sucht-einen-neuen-mitarbeiter\/#article\",\"isPartOf\":{\"@id\":\"https:\/\/www.m-q.ch\/hannes-sucht-einen-neuen-mitarbeiter\/\"},\"author\":{\"name\":\"upwork_2\",\"@id\":\"https:\/\/www.m-q.ch\/fr\/#\/schema\/person\/71f647a41e4a3e361e6230f5134f3ba9\"},\"headline\":\"Hannes sucht einen neuen Mitarbeiter\",\"datePublished\":\"2017-10-24T22:51:56+00:00\",\"dateModified\":\"2021-02-14T01:58:47+00:00\",\"mainEntityOfPage\":{\"@id\":\"https:\/\/www.m-q.ch\/hannes-sucht-einen-neuen-mitarbeiter\/\"},\"wordCount\":395,\"publisher\":{\"@id\":\"https:\/\/www.m-q.ch\/fr\/#organization\"},\"image\":{\"@id\":\"https:\/\/www.m-q.ch\/hannes-sucht-einen-neuen-mitarbeiter\/#primaryimage\"},\"thumbnailUrl\":\"https:\/\/www.m-q.ch\/wp-content\/uploads\/2021\/02\/Hannes-sucht-einen-neuen-Mitarbeiter.jpg\",\"keywords\":[\"10\/2017\"],\"articleSection\":[\"Allgemein\"],\"inLanguage\":\"it-IT\"},{\"@type\":\"WebPage\",\"@id\":\"https:\/\/www.m-q.ch\/hannes-sucht-einen-neuen-mitarbeiter\/\",\"url\":\"https:\/\/www.m-q.ch\/hannes-sucht-einen-neuen-mitarbeiter\/\",\"name\":\"Hannes sucht einen neuen Mitarbeiter - MQ Management und Qualit\u00e4t\",\"isPartOf\":{\"@id\":\"https:\/\/www.m-q.ch\/fr\/#website\"},\"primaryImageOfPage\":{\"@id\":\"https:\/\/www.m-q.ch\/hannes-sucht-einen-neuen-mitarbeiter\/#primaryimage\"},\"image\":{\"@id\":\"https:\/\/www.m-q.ch\/hannes-sucht-einen-neuen-mitarbeiter\/#primaryimage\"},\"thumbnailUrl\":\"https:\/\/www.m-q.ch\/wp-content\/uploads\/2021\/02\/Hannes-sucht-einen-neuen-Mitarbeiter.jpg\",\"datePublished\":\"2017-10-24T22:51:56+00:00\",\"dateModified\":\"2021-02-14T01:58:47+00:00\",\"description\":\"Trotz angespannter Zeiten gibt es immer wieder auch personelle Fluktuationen. Der Innendienstleiter ging in Rente, seine Stelle ist bewilligt und wird neu besetzt. Hannes bereitet sich auf die Rekru-tierung vor, geh\u00f6rt doch dieser Bereich in seine Abteilung. Dabei wird er als Leiter Produktion im Prozess selbstverst\u00e4ndlich von den Kolleginnen und Kollegen der HR-Abteilung unterst\u00fctzt. Das ist auch gut so.\",\"breadcrumb\":{\"@id\":\"https:\/\/www.m-q.ch\/hannes-sucht-einen-neuen-mitarbeiter\/#breadcrumb\"},\"inLanguage\":\"it-IT\",\"potentialAction\":[{\"@type\":\"ReadAction\",\"target\":[\"https:\/\/www.m-q.ch\/hannes-sucht-einen-neuen-mitarbeiter\/\"]}]},{\"@type\":\"ImageObject\",\"inLanguage\":\"it-IT\",\"@id\":\"https:\/\/www.m-q.ch\/hannes-sucht-einen-neuen-mitarbeiter\/#primaryimage\",\"url\":\"https:\/\/www.m-q.ch\/wp-content\/uploads\/2021\/02\/Hannes-sucht-einen-neuen-Mitarbeiter.jpg\",\"contentUrl\":\"https:\/\/www.m-q.ch\/wp-content\/uploads\/2021\/02\/Hannes-sucht-einen-neuen-Mitarbeiter.jpg\",\"width\":868,\"height\":575,\"caption\":\"Hannes sucht einen neuen Mitarbeiter\"},{\"@type\":\"BreadcrumbList\",\"@id\":\"https:\/\/www.m-q.ch\/hannes-sucht-einen-neuen-mitarbeiter\/#breadcrumb\",\"itemListElement\":[{\"@type\":\"ListItem\",\"position\":1,\"name\":\"Allgemein\",\"item\":\"https:\/\/www.m-q.ch\/kategorie\/allgemein\/\"},{\"@type\":\"ListItem\",\"position\":2,\"name\":\"Hannes sucht einen neuen Mitarbeiter\"}]},{\"@type\":\"WebSite\",\"@id\":\"https:\/\/www.m-q.ch\/fr\/#website\",\"url\":\"https:\/\/www.m-q.ch\/fr\/\",\"name\":\"MQ Management und Qualit\u00e4t\",\"description\":\"Plattform f\u00fcr integrierte Managementsysteme.\",\"publisher\":{\"@id\":\"https:\/\/www.m-q.ch\/fr\/#organization\"},\"potentialAction\":[{\"@type\":\"SearchAction\",\"target\":{\"@type\":\"EntryPoint\",\"urlTemplate\":\"https:\/\/www.m-q.ch\/fr\/?s={search_term_string}\"},\"query-input\":{\"@type\":\"PropertyValueSpecification\",\"valueRequired\":true,\"valueName\":\"search_term_string\"}}],\"inLanguage\":\"it-IT\"},{\"@type\":\"Organization\",\"@id\":\"https:\/\/www.m-q.ch\/fr\/#organization\",\"name\":\"Galledia Fachmedien AG\",\"url\":\"https:\/\/www.m-q.ch\/fr\/\",\"logo\":{\"@type\":\"ImageObject\",\"inLanguage\":\"it-IT\",\"@id\":\"https:\/\/www.m-q.ch\/fr\/#\/schema\/logo\/image\/\",\"url\":\"https:\/\/www.m-q.ch\/wp-content\/uploads\/2020\/12\/cropped-logo_small.png\",\"contentUrl\":\"https:\/\/www.m-q.ch\/wp-content\/uploads\/2020\/12\/cropped-logo_small.png\",\"width\":512,\"height\":512,\"caption\":\"Galledia Fachmedien AG\"},\"image\":{\"@id\":\"https:\/\/www.m-q.ch\/fr\/#\/schema\/logo\/image\/\"},\"sameAs\":[\"https:\/\/www.facebook.com\/ManagementUndQualitaet\",\"https:\/\/www.linkedin.com\/showcase\/17982321\/admin\/\"]},{\"@type\":\"Person\",\"@id\":\"https:\/\/www.m-q.ch\/fr\/#\/schema\/person\/71f647a41e4a3e361e6230f5134f3ba9\",\"name\":\"upwork_2\",\"image\":{\"@type\":\"ImageObject\",\"inLanguage\":\"it-IT\",\"@id\":\"https:\/\/www.m-q.ch\/fr\/#\/schema\/person\/image\/\",\"url\":\"https:\/\/secure.gravatar.com\/avatar\/777b90ab56092bbf3c85feacda5c1bce?s=96&d=mm&r=g\",\"contentUrl\":\"https:\/\/secure.gravatar.com\/avatar\/777b90ab56092bbf3c85feacda5c1bce?s=96&d=mm&r=g\",\"caption\":\"upwork_2\"},\"url\":\"https:\/\/www.m-q.ch\/it\/author\/upwork_2\/\"}]}<\/script>\n<!-- \/ Yoast SEO plugin. -->","yoast_head_json":{"title":"Hannes cerca un nuovo dipendente - MQ Management und Qualit\u00e4t","description":"Nonostante i tempi stretti, ci sono sempre fluttuazioni di personale. Il responsabile dell'ufficio \u00e8 andato in pensione, la sua posizione \u00e8 stata approvata e sar\u00e0 occupata. Hannes si sta preparando per il reclutamento, dato che questa zona appartiene al suo dipartimento. Come responsabile della produzione, \u00e8 naturalmente sostenuto nel processo dai suoi colleghi del dipartimento delle risorse umane. E questa \u00e8 una buona cosa.","robots":{"index":"index","follow":"follow","max-snippet":"max-snippet:-1","max-image-preview":"max-image-preview:large","max-video-preview":"max-video-preview:-1"},"canonical":"https:\/\/www.m-q.ch\/it\/hannes-cerca-un-nuovo-dipendente\/","og_locale":"it_IT","og_type":"article","og_title":"Hannes sucht einen neuen Mitarbeiter - MQ Management und Qualit\u00e4t","og_description":"Trotz angespannter Zeiten gibt es immer wieder auch personelle Fluktuationen. Der Innendienstleiter ging in Rente, seine Stelle ist bewilligt und wird neu besetzt. Hannes bereitet sich auf die Rekru-tierung vor, geh\u00f6rt doch dieser Bereich in seine Abteilung. Dabei wird er als Leiter Produktion im Prozess selbstverst\u00e4ndlich von den Kolleginnen und Kollegen der HR-Abteilung unterst\u00fctzt. Das ist auch gut so.","og_url":"https:\/\/www.m-q.ch\/it\/hannes-cerca-un-nuovo-dipendente\/","og_site_name":"MQ Management und Qualit\u00e4t","article_publisher":"https:\/\/www.facebook.com\/ManagementUndQualitaet","article_published_time":"2017-10-24T22:51:56+00:00","article_modified_time":"2021-02-14T01:58:47+00:00","og_image":[{"width":868,"height":575,"url":"https:\/\/www.m-q.ch\/wp-content\/uploads\/2021\/02\/Hannes-sucht-einen-neuen-Mitarbeiter.jpg","type":"image\/jpeg"}],"author":"upwork_2","twitter_card":"summary_large_image","twitter_misc":{"Scritto da":"upwork_2","Tempo di lettura stimato":"2 minuti"},"schema":{"@context":"https:\/\/schema.org","@graph":[{"@type":"Article","@id":"https:\/\/www.m-q.ch\/hannes-sucht-einen-neuen-mitarbeiter\/#article","isPartOf":{"@id":"https:\/\/www.m-q.ch\/hannes-sucht-einen-neuen-mitarbeiter\/"},"author":{"name":"upwork_2","@id":"https:\/\/www.m-q.ch\/fr\/#\/schema\/person\/71f647a41e4a3e361e6230f5134f3ba9"},"headline":"Hannes sucht einen neuen Mitarbeiter","datePublished":"2017-10-24T22:51:56+00:00","dateModified":"2021-02-14T01:58:47+00:00","mainEntityOfPage":{"@id":"https:\/\/www.m-q.ch\/hannes-sucht-einen-neuen-mitarbeiter\/"},"wordCount":395,"publisher":{"@id":"https:\/\/www.m-q.ch\/fr\/#organization"},"image":{"@id":"https:\/\/www.m-q.ch\/hannes-sucht-einen-neuen-mitarbeiter\/#primaryimage"},"thumbnailUrl":"https:\/\/www.m-q.ch\/wp-content\/uploads\/2021\/02\/Hannes-sucht-einen-neuen-Mitarbeiter.jpg","keywords":["10\/2017"],"articleSection":["Allgemein"],"inLanguage":"it-IT"},{"@type":"WebPage","@id":"https:\/\/www.m-q.ch\/hannes-sucht-einen-neuen-mitarbeiter\/","url":"https:\/\/www.m-q.ch\/hannes-sucht-einen-neuen-mitarbeiter\/","name":"Hannes cerca un nuovo dipendente - MQ Management und Qualit\u00e4t","isPartOf":{"@id":"https:\/\/www.m-q.ch\/fr\/#website"},"primaryImageOfPage":{"@id":"https:\/\/www.m-q.ch\/hannes-sucht-einen-neuen-mitarbeiter\/#primaryimage"},"image":{"@id":"https:\/\/www.m-q.ch\/hannes-sucht-einen-neuen-mitarbeiter\/#primaryimage"},"thumbnailUrl":"https:\/\/www.m-q.ch\/wp-content\/uploads\/2021\/02\/Hannes-sucht-einen-neuen-Mitarbeiter.jpg","datePublished":"2017-10-24T22:51:56+00:00","dateModified":"2021-02-14T01:58:47+00:00","description":"Nonostante i tempi stretti, ci sono sempre fluttuazioni di personale. Il responsabile dell'ufficio \u00e8 andato in pensione, la sua posizione \u00e8 stata approvata e sar\u00e0 occupata. Hannes si sta preparando per il reclutamento, dato che questa zona appartiene al suo dipartimento. Come responsabile della produzione, \u00e8 naturalmente sostenuto nel processo dai suoi colleghi del dipartimento delle risorse umane. E questa \u00e8 una buona cosa.","breadcrumb":{"@id":"https:\/\/www.m-q.ch\/hannes-sucht-einen-neuen-mitarbeiter\/#breadcrumb"},"inLanguage":"it-IT","potentialAction":[{"@type":"ReadAction","target":["https:\/\/www.m-q.ch\/hannes-sucht-einen-neuen-mitarbeiter\/"]}]},{"@type":"ImageObject","inLanguage":"it-IT","@id":"https:\/\/www.m-q.ch\/hannes-sucht-einen-neuen-mitarbeiter\/#primaryimage","url":"https:\/\/www.m-q.ch\/wp-content\/uploads\/2021\/02\/Hannes-sucht-einen-neuen-Mitarbeiter.jpg","contentUrl":"https:\/\/www.m-q.ch\/wp-content\/uploads\/2021\/02\/Hannes-sucht-einen-neuen-Mitarbeiter.jpg","width":868,"height":575,"caption":"Hannes sucht einen neuen Mitarbeiter"},{"@type":"BreadcrumbList","@id":"https:\/\/www.m-q.ch\/hannes-sucht-einen-neuen-mitarbeiter\/#breadcrumb","itemListElement":[{"@type":"ListItem","position":1,"name":"Allgemein","item":"https:\/\/www.m-q.ch\/kategorie\/allgemein\/"},{"@type":"ListItem","position":2,"name":"Hannes sucht einen neuen Mitarbeiter"}]},{"@type":"WebSite","@id":"https:\/\/www.m-q.ch\/fr\/#website","url":"https:\/\/www.m-q.ch\/fr\/","name":"Gestione e qualit\u00e0 MQ","description":"Piattaforma per sistemi di gestione integrati.","publisher":{"@id":"https:\/\/www.m-q.ch\/fr\/#organization"},"potentialAction":[{"@type":"SearchAction","target":{"@type":"EntryPoint","urlTemplate":"https:\/\/www.m-q.ch\/fr\/?s={search_term_string}"},"query-input":{"@type":"PropertyValueSpecification","valueRequired":true,"valueName":"search_term_string"}}],"inLanguage":"it-IT"},{"@type":"Organization","@id":"https:\/\/www.m-q.ch\/fr\/#organization","name":"Galledia Fachmedien AG","url":"https:\/\/www.m-q.ch\/fr\/","logo":{"@type":"ImageObject","inLanguage":"it-IT","@id":"https:\/\/www.m-q.ch\/fr\/#\/schema\/logo\/image\/","url":"https:\/\/www.m-q.ch\/wp-content\/uploads\/2020\/12\/cropped-logo_small.png","contentUrl":"https:\/\/www.m-q.ch\/wp-content\/uploads\/2020\/12\/cropped-logo_small.png","width":512,"height":512,"caption":"Galledia Fachmedien AG"},"image":{"@id":"https:\/\/www.m-q.ch\/fr\/#\/schema\/logo\/image\/"},"sameAs":["https:\/\/www.facebook.com\/ManagementUndQualitaet","https:\/\/www.linkedin.com\/showcase\/17982321\/admin\/"]},{"@type":"Person","@id":"https:\/\/www.m-q.ch\/fr\/#\/schema\/person\/71f647a41e4a3e361e6230f5134f3ba9","name":"upwork_2","image":{"@type":"ImageObject","inLanguage":"it-IT","@id":"https:\/\/www.m-q.ch\/fr\/#\/schema\/person\/image\/","url":"https:\/\/secure.gravatar.com\/avatar\/777b90ab56092bbf3c85feacda5c1bce?s=96&d=mm&r=g","contentUrl":"https:\/\/secure.gravatar.com\/avatar\/777b90ab56092bbf3c85feacda5c1bce?s=96&d=mm&r=g","caption":"upwork_2"},"url":"https:\/\/www.m-q.ch\/it\/author\/upwork_2\/"}]}},"_links":{"self":[{"href":"https:\/\/www.m-q.ch\/it\/wp-json\/wp\/v2\/posts\/11600","targetHints":{"allow":["GET"]}}],"collection":[{"href":"https:\/\/www.m-q.ch\/it\/wp-json\/wp\/v2\/posts"}],"about":[{"href":"https:\/\/www.m-q.ch\/it\/wp-json\/wp\/v2\/types\/post"}],"author":[{"embeddable":true,"href":"https:\/\/www.m-q.ch\/it\/wp-json\/wp\/v2\/users\/62"}],"replies":[{"embeddable":true,"href":"https:\/\/www.m-q.ch\/it\/wp-json\/wp\/v2\/comments?post=11600"}],"version-history":[{"count":1,"href":"https:\/\/www.m-q.ch\/it\/wp-json\/wp\/v2\/posts\/11600\/revisions"}],"predecessor-version":[{"id":11654,"href":"https:\/\/www.m-q.ch\/it\/wp-json\/wp\/v2\/posts\/11600\/revisions\/11654"}],"wp:featuredmedia":[{"embeddable":true,"href":"https:\/\/www.m-q.ch\/it\/wp-json\/wp\/v2\/media\/11653"}],"wp:attachment":[{"href":"https:\/\/www.m-q.ch\/it\/wp-json\/wp\/v2\/media?parent=11600"}],"wp:term":[{"taxonomy":"category","embeddable":true,"href":"https:\/\/www.m-q.ch\/it\/wp-json\/wp\/v2\/categories?post=11600"},{"taxonomy":"post_tag","embeddable":true,"href":"https:\/\/www.m-q.ch\/it\/wp-json\/wp\/v2\/tags?post=11600"}],"curies":[{"name":"wp","href":"https:\/\/api.w.org\/{rel}","templated":true}]}}