{"id":11635,"date":"2016-06-01T02:23:47","date_gmt":"2016-06-01T00:23:47","guid":{"rendered":"https:\/\/www.m-q.ch\/?p=11635"},"modified":"2021-02-14T02:39:33","modified_gmt":"2021-02-14T01:39:33","slug":"cambiamento-del-sistema-da-regole-a-valori","status":"publish","type":"post","link":"https:\/\/www.m-q.ch\/it\/systemwechsel-von-regeln-zu-werten\/","title":{"rendered":"Cambio di sistema da regole a valori"},"content":{"rendered":"<p><img loading=\"lazy\" decoding=\"async\" class=\"alignnone size-full wp-image-11638\" src=\"https:\/\/www.m-q.ch\/wp-content\/uploads\/2021\/02\/Systemwechsel-von-Regeln-zu-Werten.jpg\" alt=\"Cambio di sistema da regole a valori\" width=\"867\" height=\"461\" srcset=\"https:\/\/www.m-q.ch\/wp-content\/uploads\/2021\/02\/Systemwechsel-von-Regeln-zu-Werten.jpg 867w, https:\/\/www.m-q.ch\/wp-content\/uploads\/2021\/02\/Systemwechsel-von-Regeln-zu-Werten-768x408.jpg 768w, https:\/\/www.m-q.ch\/wp-content\/uploads\/2021\/02\/Systemwechsel-von-Regeln-zu-Werten-16x9.jpg 16w, https:\/\/www.m-q.ch\/wp-content\/uploads\/2021\/02\/Systemwechsel-von-Regeln-zu-Werten-329x175.jpg 329w, https:\/\/www.m-q.ch\/wp-content\/uploads\/2021\/02\/Systemwechsel-von-Regeln-zu-Werten-658x350.jpg 658w, https:\/\/www.m-q.ch\/wp-content\/uploads\/2021\/02\/Systemwechsel-von-Regeln-zu-Werten-300x160.jpg 300w\" sizes=\"auto, (max-width: 867px) 100vw, 867px\" \/><\/p>\n<p>&nbsp;<\/p>\n<p>&nbsp;<\/p>\n<p>&nbsp;<\/p>\n<p><em><strong>D<\/strong><\/em>l ritmo dello sviluppo tecnologico fa riflettere, ha detto il presidente della SAQ Ruedi Lustenberger nel suo discorso di apertura. Sono passati appena 250 anni dalla prima rivoluzione industriale, e oggi si parla gi\u00e0 della quarta sotto la parola d'ordine Industria 4.0. Rispetto all'intera storia dell'evoluzione umana, questi due secoli e mezzo rappresentano \"solo un battito di ciglia\". Nonostante tutta la fattibilit\u00e0 tecnologica dei sistemi che stiamo sperimentando oggi, il primato deve comunque rimanere all'uomo, ha sottolineato Ruedi Lustenberger.<\/p>\n<p><strong>Come funziona il \"sistema\" del cervello<\/strong><br \/>\nIl tema della prima conferenza, tenuta dal Prof. Dr. med. Joachim Bauer dell'Ospedale Universitario di Friburgo i. Br. era: Cosa guida le persone? Nella sua presentazione, ha spiegato le motivazioni umane di base dal punto di vista delle neuroscienze. Ha dimostrato in modo impressionante che l'apprezzamento e l'accettazione sociale attivano i \"centri di ricompensa\" nel cervello. D'altra parte, l'esclusione provoca dolore, cio\u00e8 si attivano le stesse regioni cerebrali come quando si tocca un oggetto molto caldo. E un'altra caratteristica del nostro cervello: semplicemente osservando un'attivit\u00e0 si attivano quei centri nel cervello che sono necessari per lo svolgimento specifico di quell'attivit\u00e0. Questo pu\u00f2 essere usato anche nella leadership: Se tu stesso sei motivato, puoi contagiarne gli altri - diventi un modello degno di imitazione, per cos\u00ec dire.<\/p>\n<p><strong>Costretto\" nell'ufficio di casa<\/strong><br \/>\nSi raccomanda l'imitazione di forme flessibili di lavoro per aumentare la capacit\u00e0 innovativa. Questo \u00e8 stato il tema della successiva presentazione di Marc Holitscher di Microsoft Svizzera. Ha notato che i modelli organizzativi di oggi sono fondamentalmente dell'era dell'Industria 2.0: Ci sono percorsi decisionali chiari, tutti i dipendenti hanno la loro funzione e in linea di principio sanno cosa devono fare. Ma che aspetto ha l'Organizzazione 4.0? A questo proposito, dobbiamo pensare di pi\u00f9 in termini di \"modelli di piattaforma\", di reti in cui il valore aggiunto \u00e8 creato attraverso l'interazione tra produttori e consumatori, per esempio. La stessa Microsoft Svizzera \u00e8 stata in grado di testare come dovrebbe essere nella pratica in un grande \"field trial\": Durante la ristrutturazione del sito dell'azienda a Wallisellen, tutti gli uffici sono stati chiusi e i dipendenti hanno lavorato nei loro uffici domestici o in viaggio. L'esperienza \u00e8 stata del tutto positiva: il tempo improduttivo \u00e8 diminuito, cos\u00ec come le assenze. Il modello dell'orario di lavoro si \u00e8 rivelato attraente anche per le madri single. Nel complesso, la soddisfazione dei dipendenti \u00e8 aumentata. Tuttavia, non era privo di sfide. Marc Holitscher ha sottolineato che il lavoro di squadra in particolare si \u00e8 rivelato molto impegnativo. Il prerequisito perch\u00e9 un tale modello continui a funzionare \u00e8, soprattutto, la fiducia. \"Ci deve essere un cambiamento di sistema, dalle regole ai valori\", dice Holitscher.<\/p>\n<p><strong>ISO 9001: serve pi\u00f9 leadership<\/strong><br \/>\nIn tre workshop, distribuiti in sessioni parallele, il tema della conferenza \"Persone e sistemi\" \u00e8 stato ulteriormente \"raffinato\". Peter Pedross (Pedco, Zurigo) ha parlato della qualit\u00e0 nell'ambiente agile e ha posto la questione di come incorporare processi agili in organizzazioni piccole e grandi. In particolare, ha presentato lo Scaled Agile Framework SAFe, che si sta affermando nel settore insieme a Scrum. Scrum, per esperienza, funziona bene nei team che sviluppano un prodotto specifico. Ma quando si tratta di progetti complessi che coinvolgono pi\u00f9 team, Scrum raggiunge i suoi limiti. SAFe tiene conto di questo e quindi scala il tutto a livelli con portafogli pi\u00f9 grandi. Eva Jaisli (PB Swiss Tools, Wasen BE) si \u00e8 concentrata sull'influenza della strategia nella sua presentazione. Una strategia formulata in modo ideale permette di sintetizzare tutti i comportamenti in modo tale che gli obiettivi possano essere derivati da essi. Lo ha dimostrato con riferimento alla norma ISO 9001 riveduta, usando la propria azienda come esempio. Infine, Hubert Rizzi e Ren\u00e9 Wasmer hanno sottolineato ancora una volta gli elementi centrali di questa revisione. Si rivolge in particolare al management; la gestione e la leadership sono state notevolmente ampliate nella nuova versione. Una conseguenza di ci\u00f2 \u00e8 che questi punti saranno esaminati pi\u00f9 attentamente durante un audit.<\/p>\n<p><strong>Cosa si aspettano i professionisti dello STEM<\/strong><br \/>\nL'evento si \u00e8 concluso con una presentazione su un altro effetto della digitalizzazione: la carenza di lavoratori qualificati, soprattutto nelle professioni STEM. Nella sua presentazione, il Prof. Dr. Peter Kels dell'Universit\u00e0 di Scienze Applicate e Arti di Lucerna ha dato ai visitatori alcune indicazioni sui criteri che le aziende possono utilizzare per trovare e mantenere meglio i loro specialisti STEM. Compiti variati, modelli di orario di lavoro flessibili, interessanti opportunit\u00e0 di sviluppo sotto forma di nuovi progetti e attraverso carriere specialistiche, cos\u00ec come il lavoro di squadra, sono fattori decisivi. Anche lo stipendio \u00e8 importante, ma al massimo come fattore di igiene e non come fattore motivante. I professionisti STEM, d'altra parte, trovano i loro datori di lavoro principalmente attraverso la loro rete personale, le bacheche di lavoro su Internet, i siti web aziendali e attraverso il marketing universitario. Sorprendentemente, i social network come Xing o LinkedIn non giocano (ancora) un ruolo importante, come ha notato l'oratore con riferimento a uno studio del suo istituto.<\/p>\n<p><strong>Onore e promozione<\/strong><br \/>\nOltre alle presentazioni, c'erano altri due punti nel programma. Il Prof. Dr. Hans Dieter Seghezzi \u00e8 stato premiato per le sue prestazioni nello sviluppo della gestione della qualit\u00e0 e per il suo impegno pluriennale nella creazione della SAQ e della SQS. \u00c8 grazie a lui che la gestione della qualit\u00e0 \u00e8 passata da una pura \"funzione di controllo\" a una visione olistica fino al modello EFQM. Un intermezzo musicale \u00e8 stato fornito dalla giovane cantante Pascale Etter con i suoi accompagnatori Yannick Aebischer (chitarra) e Ghislain Ruprecht (percussioni). La SAQ ha cos\u00ec continuato una tradizione di sostegno ai giovani professionisti - questa volta musicisti.<\/p>","protected":false},"excerpt":{"rendered":"<p>&nbsp; &nbsp; &nbsp; Das Tempo, in welchem die technologischen Entwicklungen verlaufen, stimme nachdenklich, sagte SAQ-Pr\u00e4sident Ruedi Lustenberger in seiner Er\u00f6ffnungsansprache. Gerade mal 250 Jahre seien seit der ersten Industriellen Revolution vergangen und heute spreche man unter dem Schlagwort Industrie 4.0 bereits von der vierten. Gemessen an der gesamten Evolutionsgeschichte des Menschen bedeuten diese zweieinhalb Jahrhunderte [&hellip;]<\/p>\n","protected":false},"author":66,"featured_media":11638,"comment_status":"closed","ping_status":"closed","sticky":false,"template":"","format":"standard","meta":{"_acf_changed":false,"footnotes":""},"categories":[4448],"tags":[4781],"class_list":["post-11635","post","type-post","status-publish","format-standard","has-post-thumbnail","hentry","category-allgemein","tag-06-2016"],"acf":[],"yoast_head":"<!-- This site is optimized with the Yoast SEO plugin v26.2 - https:\/\/yoast.com\/wordpress\/plugins\/seo\/ -->\n<title>Systemwechsel von Regeln zu Werten - MQ Management und Qualit\u00e4t<\/title>\n<meta name=\"description\" content=\"Unter dem Motto \u00abMensch und System\u00bb fand am 10. Mai 2016 im Kursaal Bern der diesj\u00e4hrige Tag der Schweizer Qualit\u00e4t statt, gemeinsam veranstaltet durch die Swiss Association for Quality SAQ und die Schweizerische Vereinigung f\u00fcr Qualit\u00e4ts- und Managementsysteme SQS. Den rund 350 G\u00e4sten bot sich neben Impulsreferaten und fachspezifischen Sessions die Gelegenheit f\u00fcr Erfahrungsaustausch und Networking. Moderiert wurde die Tagung durch die ehemalige Tagesschausprecherin Beatrice M\u00fcller\" \/>\n<meta name=\"robots\" content=\"index, follow, max-snippet:-1, max-image-preview:large, max-video-preview:-1\" \/>\n<link rel=\"canonical\" href=\"https:\/\/www.m-q.ch\/it\/cambiamento-del-sistema-da-regole-a-valori\/\" \/>\n<meta property=\"og:locale\" content=\"it_IT\" \/>\n<meta property=\"og:type\" content=\"article\" \/>\n<meta property=\"og:title\" content=\"Systemwechsel von Regeln zu Werten - MQ Management und Qualit\u00e4t\" \/>\n<meta property=\"og:description\" content=\"Unter dem Motto \u00abMensch und System\u00bb fand am 10. Mai 2016 im Kursaal Bern der diesj\u00e4hrige Tag der Schweizer Qualit\u00e4t statt, gemeinsam veranstaltet durch die Swiss Association for Quality SAQ und die Schweizerische Vereinigung f\u00fcr Qualit\u00e4ts- und Managementsysteme SQS. Den rund 350 G\u00e4sten bot sich neben Impulsreferaten und fachspezifischen Sessions die Gelegenheit f\u00fcr Erfahrungsaustausch und Networking. Moderiert wurde die Tagung durch die ehemalige Tagesschausprecherin Beatrice M\u00fcller\" \/>\n<meta property=\"og:url\" content=\"https:\/\/www.m-q.ch\/it\/cambiamento-del-sistema-da-regole-a-valori\/\" \/>\n<meta property=\"og:site_name\" content=\"MQ Management und Qualit\u00e4t\" \/>\n<meta property=\"article:publisher\" content=\"https:\/\/www.facebook.com\/ManagementUndQualitaet\" \/>\n<meta property=\"article:published_time\" content=\"2016-06-01T00:23:47+00:00\" \/>\n<meta property=\"article:modified_time\" content=\"2021-02-14T01:39:33+00:00\" \/>\n<meta property=\"og:image\" content=\"https:\/\/www.m-q.ch\/wp-content\/uploads\/2021\/02\/Systemwechsel-von-Regeln-zu-Werten.jpg\" \/>\n\t<meta property=\"og:image:width\" content=\"867\" \/>\n\t<meta property=\"og:image:height\" content=\"461\" \/>\n\t<meta property=\"og:image:type\" content=\"image\/jpeg\" \/>\n<meta name=\"author\" content=\"upwork_1\" \/>\n<meta name=\"twitter:card\" content=\"summary_large_image\" \/>\n<meta name=\"twitter:label1\" content=\"Scritto da\" \/>\n\t<meta name=\"twitter:data1\" content=\"upwork_1\" \/>\n\t<meta name=\"twitter:label2\" content=\"Tempo di lettura stimato\" \/>\n\t<meta name=\"twitter:data2\" content=\"4 minuti\" \/>\n<script type=\"application\/ld+json\" class=\"yoast-schema-graph\">{\"@context\":\"https:\/\/schema.org\",\"@graph\":[{\"@type\":\"Article\",\"@id\":\"https:\/\/www.m-q.ch\/systemwechsel-von-regeln-zu-werten\/#article\",\"isPartOf\":{\"@id\":\"https:\/\/www.m-q.ch\/systemwechsel-von-regeln-zu-werten\/\"},\"author\":{\"name\":\"upwork_1\",\"@id\":\"https:\/\/www.m-q.ch\/fr\/#\/schema\/person\/0bdf39ca27d0b9b779f5b8af54b3f7d7\"},\"headline\":\"Systemwechsel von Regeln zu Werten\",\"datePublished\":\"2016-06-01T00:23:47+00:00\",\"dateModified\":\"2021-02-14T01:39:33+00:00\",\"mainEntityOfPage\":{\"@id\":\"https:\/\/www.m-q.ch\/systemwechsel-von-regeln-zu-werten\/\"},\"wordCount\":887,\"publisher\":{\"@id\":\"https:\/\/www.m-q.ch\/fr\/#organization\"},\"image\":{\"@id\":\"https:\/\/www.m-q.ch\/systemwechsel-von-regeln-zu-werten\/#primaryimage\"},\"thumbnailUrl\":\"https:\/\/www.m-q.ch\/wp-content\/uploads\/2021\/02\/Systemwechsel-von-Regeln-zu-Werten.jpg\",\"keywords\":[\"06\/2016\"],\"articleSection\":[\"Allgemein\"],\"inLanguage\":\"it-IT\"},{\"@type\":\"WebPage\",\"@id\":\"https:\/\/www.m-q.ch\/systemwechsel-von-regeln-zu-werten\/\",\"url\":\"https:\/\/www.m-q.ch\/systemwechsel-von-regeln-zu-werten\/\",\"name\":\"Systemwechsel von Regeln zu Werten - MQ Management und Qualit\u00e4t\",\"isPartOf\":{\"@id\":\"https:\/\/www.m-q.ch\/fr\/#website\"},\"primaryImageOfPage\":{\"@id\":\"https:\/\/www.m-q.ch\/systemwechsel-von-regeln-zu-werten\/#primaryimage\"},\"image\":{\"@id\":\"https:\/\/www.m-q.ch\/systemwechsel-von-regeln-zu-werten\/#primaryimage\"},\"thumbnailUrl\":\"https:\/\/www.m-q.ch\/wp-content\/uploads\/2021\/02\/Systemwechsel-von-Regeln-zu-Werten.jpg\",\"datePublished\":\"2016-06-01T00:23:47+00:00\",\"dateModified\":\"2021-02-14T01:39:33+00:00\",\"description\":\"Unter dem Motto \u00abMensch und System\u00bb fand am 10. Mai 2016 im Kursaal Bern der diesj\u00e4hrige Tag der Schweizer Qualit\u00e4t statt, gemeinsam veranstaltet durch die Swiss Association for Quality SAQ und die Schweizerische Vereinigung f\u00fcr Qualit\u00e4ts- und Managementsysteme SQS. Den rund 350 G\u00e4sten bot sich neben Impulsreferaten und fachspezifischen Sessions die Gelegenheit f\u00fcr Erfahrungsaustausch und Networking. Moderiert wurde die Tagung durch die ehemalige Tagesschausprecherin Beatrice M\u00fcller\",\"breadcrumb\":{\"@id\":\"https:\/\/www.m-q.ch\/systemwechsel-von-regeln-zu-werten\/#breadcrumb\"},\"inLanguage\":\"it-IT\",\"potentialAction\":[{\"@type\":\"ReadAction\",\"target\":[\"https:\/\/www.m-q.ch\/systemwechsel-von-regeln-zu-werten\/\"]}]},{\"@type\":\"ImageObject\",\"inLanguage\":\"it-IT\",\"@id\":\"https:\/\/www.m-q.ch\/systemwechsel-von-regeln-zu-werten\/#primaryimage\",\"url\":\"https:\/\/www.m-q.ch\/wp-content\/uploads\/2021\/02\/Systemwechsel-von-Regeln-zu-Werten.jpg\",\"contentUrl\":\"https:\/\/www.m-q.ch\/wp-content\/uploads\/2021\/02\/Systemwechsel-von-Regeln-zu-Werten.jpg\",\"width\":867,\"height\":461,\"caption\":\"Systemwechsel von Regeln zu Werten\"},{\"@type\":\"BreadcrumbList\",\"@id\":\"https:\/\/www.m-q.ch\/systemwechsel-von-regeln-zu-werten\/#breadcrumb\",\"itemListElement\":[{\"@type\":\"ListItem\",\"position\":1,\"name\":\"Allgemein\",\"item\":\"https:\/\/www.m-q.ch\/kategorie\/allgemein\/\"},{\"@type\":\"ListItem\",\"position\":2,\"name\":\"Systemwechsel von Regeln zu Werten\"}]},{\"@type\":\"WebSite\",\"@id\":\"https:\/\/www.m-q.ch\/fr\/#website\",\"url\":\"https:\/\/www.m-q.ch\/fr\/\",\"name\":\"MQ Management und Qualit\u00e4t\",\"description\":\"Plattform f\u00fcr integrierte Managementsysteme.\",\"publisher\":{\"@id\":\"https:\/\/www.m-q.ch\/fr\/#organization\"},\"potentialAction\":[{\"@type\":\"SearchAction\",\"target\":{\"@type\":\"EntryPoint\",\"urlTemplate\":\"https:\/\/www.m-q.ch\/fr\/?s={search_term_string}\"},\"query-input\":{\"@type\":\"PropertyValueSpecification\",\"valueRequired\":true,\"valueName\":\"search_term_string\"}}],\"inLanguage\":\"it-IT\"},{\"@type\":\"Organization\",\"@id\":\"https:\/\/www.m-q.ch\/fr\/#organization\",\"name\":\"Galledia Fachmedien AG\",\"url\":\"https:\/\/www.m-q.ch\/fr\/\",\"logo\":{\"@type\":\"ImageObject\",\"inLanguage\":\"it-IT\",\"@id\":\"https:\/\/www.m-q.ch\/fr\/#\/schema\/logo\/image\/\",\"url\":\"https:\/\/www.m-q.ch\/wp-content\/uploads\/2020\/12\/cropped-logo_small.png\",\"contentUrl\":\"https:\/\/www.m-q.ch\/wp-content\/uploads\/2020\/12\/cropped-logo_small.png\",\"width\":512,\"height\":512,\"caption\":\"Galledia Fachmedien AG\"},\"image\":{\"@id\":\"https:\/\/www.m-q.ch\/fr\/#\/schema\/logo\/image\/\"},\"sameAs\":[\"https:\/\/www.facebook.com\/ManagementUndQualitaet\",\"https:\/\/www.linkedin.com\/showcase\/17982321\/admin\/\"]},{\"@type\":\"Person\",\"@id\":\"https:\/\/www.m-q.ch\/fr\/#\/schema\/person\/0bdf39ca27d0b9b779f5b8af54b3f7d7\",\"name\":\"upwork_1\",\"image\":{\"@type\":\"ImageObject\",\"inLanguage\":\"it-IT\",\"@id\":\"https:\/\/www.m-q.ch\/fr\/#\/schema\/person\/image\/\",\"url\":\"https:\/\/secure.gravatar.com\/avatar\/04d4d0fdc5886d535809f17d0eace7f6?s=96&d=mm&r=g\",\"contentUrl\":\"https:\/\/secure.gravatar.com\/avatar\/04d4d0fdc5886d535809f17d0eace7f6?s=96&d=mm&r=g\",\"caption\":\"upwork_1\"},\"url\":\"https:\/\/www.m-q.ch\/it\/author\/upwork_1\/\"}]}<\/script>\n<!-- \/ Yoast SEO plugin. -->","yoast_head_json":{"title":"Cambio di sistema da regole a valori - MQ Management and Quality","description":"La Giornata svizzera della qualit\u00e0 di quest'anno, organizzata congiuntamente dall'Associazione svizzera per la qualit\u00e0 SAQ e dall'Associazione svizzera per la qualit\u00e0 e i sistemi di gestione SQS, ha avuto luogo il 10 maggio 2016 al Kursaal di Berna con il motto \"Persone e sistemi\". Oltre ai discorsi chiave e alle sessioni specialistiche, i circa 350 ospiti hanno avuto l'opportunit\u00e0 di scambiare esperienze e fare rete. La conferenza \u00e8 stata moderata dall'ex presentatrice televisiva diurna Beatrice M\u00fcller.","robots":{"index":"index","follow":"follow","max-snippet":"max-snippet:-1","max-image-preview":"max-image-preview:large","max-video-preview":"max-video-preview:-1"},"canonical":"https:\/\/www.m-q.ch\/it\/cambiamento-del-sistema-da-regole-a-valori\/","og_locale":"it_IT","og_type":"article","og_title":"Systemwechsel von Regeln zu Werten - MQ Management und Qualit\u00e4t","og_description":"Unter dem Motto \u00abMensch und System\u00bb fand am 10. Mai 2016 im Kursaal Bern der diesj\u00e4hrige Tag der Schweizer Qualit\u00e4t statt, gemeinsam veranstaltet durch die Swiss Association for Quality SAQ und die Schweizerische Vereinigung f\u00fcr Qualit\u00e4ts- und Managementsysteme SQS. Den rund 350 G\u00e4sten bot sich neben Impulsreferaten und fachspezifischen Sessions die Gelegenheit f\u00fcr Erfahrungsaustausch und Networking. Moderiert wurde die Tagung durch die ehemalige Tagesschausprecherin Beatrice M\u00fcller","og_url":"https:\/\/www.m-q.ch\/it\/cambiamento-del-sistema-da-regole-a-valori\/","og_site_name":"MQ Management und Qualit\u00e4t","article_publisher":"https:\/\/www.facebook.com\/ManagementUndQualitaet","article_published_time":"2016-06-01T00:23:47+00:00","article_modified_time":"2021-02-14T01:39:33+00:00","og_image":[{"width":867,"height":461,"url":"https:\/\/www.m-q.ch\/wp-content\/uploads\/2021\/02\/Systemwechsel-von-Regeln-zu-Werten.jpg","type":"image\/jpeg"}],"author":"upwork_1","twitter_card":"summary_large_image","twitter_misc":{"Scritto da":"upwork_1","Tempo di lettura stimato":"4 minuti"},"schema":{"@context":"https:\/\/schema.org","@graph":[{"@type":"Article","@id":"https:\/\/www.m-q.ch\/systemwechsel-von-regeln-zu-werten\/#article","isPartOf":{"@id":"https:\/\/www.m-q.ch\/systemwechsel-von-regeln-zu-werten\/"},"author":{"name":"upwork_1","@id":"https:\/\/www.m-q.ch\/fr\/#\/schema\/person\/0bdf39ca27d0b9b779f5b8af54b3f7d7"},"headline":"Systemwechsel von Regeln zu Werten","datePublished":"2016-06-01T00:23:47+00:00","dateModified":"2021-02-14T01:39:33+00:00","mainEntityOfPage":{"@id":"https:\/\/www.m-q.ch\/systemwechsel-von-regeln-zu-werten\/"},"wordCount":887,"publisher":{"@id":"https:\/\/www.m-q.ch\/fr\/#organization"},"image":{"@id":"https:\/\/www.m-q.ch\/systemwechsel-von-regeln-zu-werten\/#primaryimage"},"thumbnailUrl":"https:\/\/www.m-q.ch\/wp-content\/uploads\/2021\/02\/Systemwechsel-von-Regeln-zu-Werten.jpg","keywords":["06\/2016"],"articleSection":["Allgemein"],"inLanguage":"it-IT"},{"@type":"WebPage","@id":"https:\/\/www.m-q.ch\/systemwechsel-von-regeln-zu-werten\/","url":"https:\/\/www.m-q.ch\/systemwechsel-von-regeln-zu-werten\/","name":"Cambio di sistema da regole a valori - MQ Management and Quality","isPartOf":{"@id":"https:\/\/www.m-q.ch\/fr\/#website"},"primaryImageOfPage":{"@id":"https:\/\/www.m-q.ch\/systemwechsel-von-regeln-zu-werten\/#primaryimage"},"image":{"@id":"https:\/\/www.m-q.ch\/systemwechsel-von-regeln-zu-werten\/#primaryimage"},"thumbnailUrl":"https:\/\/www.m-q.ch\/wp-content\/uploads\/2021\/02\/Systemwechsel-von-Regeln-zu-Werten.jpg","datePublished":"2016-06-01T00:23:47+00:00","dateModified":"2021-02-14T01:39:33+00:00","description":"La Giornata svizzera della qualit\u00e0 di quest'anno, organizzata congiuntamente dall'Associazione svizzera per la qualit\u00e0 SAQ e dall'Associazione svizzera per la qualit\u00e0 e i sistemi di gestione SQS, ha avuto luogo il 10 maggio 2016 al Kursaal di Berna con il motto \"Persone e sistemi\". Oltre ai discorsi chiave e alle sessioni specialistiche, i circa 350 ospiti hanno avuto l'opportunit\u00e0 di scambiare esperienze e fare rete. La conferenza \u00e8 stata moderata dall'ex presentatrice televisiva diurna Beatrice M\u00fcller.","breadcrumb":{"@id":"https:\/\/www.m-q.ch\/systemwechsel-von-regeln-zu-werten\/#breadcrumb"},"inLanguage":"it-IT","potentialAction":[{"@type":"ReadAction","target":["https:\/\/www.m-q.ch\/systemwechsel-von-regeln-zu-werten\/"]}]},{"@type":"ImageObject","inLanguage":"it-IT","@id":"https:\/\/www.m-q.ch\/systemwechsel-von-regeln-zu-werten\/#primaryimage","url":"https:\/\/www.m-q.ch\/wp-content\/uploads\/2021\/02\/Systemwechsel-von-Regeln-zu-Werten.jpg","contentUrl":"https:\/\/www.m-q.ch\/wp-content\/uploads\/2021\/02\/Systemwechsel-von-Regeln-zu-Werten.jpg","width":867,"height":461,"caption":"Systemwechsel von Regeln zu Werten"},{"@type":"BreadcrumbList","@id":"https:\/\/www.m-q.ch\/systemwechsel-von-regeln-zu-werten\/#breadcrumb","itemListElement":[{"@type":"ListItem","position":1,"name":"Allgemein","item":"https:\/\/www.m-q.ch\/kategorie\/allgemein\/"},{"@type":"ListItem","position":2,"name":"Systemwechsel von Regeln zu Werten"}]},{"@type":"WebSite","@id":"https:\/\/www.m-q.ch\/fr\/#website","url":"https:\/\/www.m-q.ch\/fr\/","name":"Gestione e qualit\u00e0 MQ","description":"Piattaforma per sistemi di gestione integrati.","publisher":{"@id":"https:\/\/www.m-q.ch\/fr\/#organization"},"potentialAction":[{"@type":"SearchAction","target":{"@type":"EntryPoint","urlTemplate":"https:\/\/www.m-q.ch\/fr\/?s={search_term_string}"},"query-input":{"@type":"PropertyValueSpecification","valueRequired":true,"valueName":"search_term_string"}}],"inLanguage":"it-IT"},{"@type":"Organization","@id":"https:\/\/www.m-q.ch\/fr\/#organization","name":"Galledia Fachmedien AG","url":"https:\/\/www.m-q.ch\/fr\/","logo":{"@type":"ImageObject","inLanguage":"it-IT","@id":"https:\/\/www.m-q.ch\/fr\/#\/schema\/logo\/image\/","url":"https:\/\/www.m-q.ch\/wp-content\/uploads\/2020\/12\/cropped-logo_small.png","contentUrl":"https:\/\/www.m-q.ch\/wp-content\/uploads\/2020\/12\/cropped-logo_small.png","width":512,"height":512,"caption":"Galledia Fachmedien AG"},"image":{"@id":"https:\/\/www.m-q.ch\/fr\/#\/schema\/logo\/image\/"},"sameAs":["https:\/\/www.facebook.com\/ManagementUndQualitaet","https:\/\/www.linkedin.com\/showcase\/17982321\/admin\/"]},{"@type":"Person","@id":"https:\/\/www.m-q.ch\/fr\/#\/schema\/person\/0bdf39ca27d0b9b779f5b8af54b3f7d7","name":"upwork_1","image":{"@type":"ImageObject","inLanguage":"it-IT","@id":"https:\/\/www.m-q.ch\/fr\/#\/schema\/person\/image\/","url":"https:\/\/secure.gravatar.com\/avatar\/04d4d0fdc5886d535809f17d0eace7f6?s=96&d=mm&r=g","contentUrl":"https:\/\/secure.gravatar.com\/avatar\/04d4d0fdc5886d535809f17d0eace7f6?s=96&d=mm&r=g","caption":"upwork_1"},"url":"https:\/\/www.m-q.ch\/it\/author\/upwork_1\/"}]}},"_links":{"self":[{"href":"https:\/\/www.m-q.ch\/it\/wp-json\/wp\/v2\/posts\/11635","targetHints":{"allow":["GET"]}}],"collection":[{"href":"https:\/\/www.m-q.ch\/it\/wp-json\/wp\/v2\/posts"}],"about":[{"href":"https:\/\/www.m-q.ch\/it\/wp-json\/wp\/v2\/types\/post"}],"author":[{"embeddable":true,"href":"https:\/\/www.m-q.ch\/it\/wp-json\/wp\/v2\/users\/66"}],"replies":[{"embeddable":true,"href":"https:\/\/www.m-q.ch\/it\/wp-json\/wp\/v2\/comments?post=11635"}],"version-history":[{"count":1,"href":"https:\/\/www.m-q.ch\/it\/wp-json\/wp\/v2\/posts\/11635\/revisions"}],"predecessor-version":[{"id":11640,"href":"https:\/\/www.m-q.ch\/it\/wp-json\/wp\/v2\/posts\/11635\/revisions\/11640"}],"wp:featuredmedia":[{"embeddable":true,"href":"https:\/\/www.m-q.ch\/it\/wp-json\/wp\/v2\/media\/11638"}],"wp:attachment":[{"href":"https:\/\/www.m-q.ch\/it\/wp-json\/wp\/v2\/media?parent=11635"}],"wp:term":[{"taxonomy":"category","embeddable":true,"href":"https:\/\/www.m-q.ch\/it\/wp-json\/wp\/v2\/categories?post=11635"},{"taxonomy":"post_tag","embeddable":true,"href":"https:\/\/www.m-q.ch\/it\/wp-json\/wp\/v2\/tags?post=11635"}],"curies":[{"name":"wp","href":"https:\/\/api.w.org\/{rel}","templated":true}]}}