{"id":11641,"date":"2016-06-03T02:40:53","date_gmt":"2016-06-03T00:40:53","guid":{"rendered":"https:\/\/www.m-q.ch\/?p=11641"},"modified":"2021-02-14T02:47:49","modified_gmt":"2021-02-14T01:47:49","slug":"weleda-vince-il-premio-svizzero-per-letica","status":"publish","type":"post","link":"https:\/\/www.m-q.ch\/it\/weleda-gewinnt-den-swiss-ethics-award\/","title":{"rendered":"Weleda vince il premio etico svizzero"},"content":{"rendered":"<p><img loading=\"lazy\" decoding=\"async\" class=\"alignnone size-full wp-image-11644\" src=\"https:\/\/www.m-q.ch\/wp-content\/uploads\/2021\/02\/Systemwechsel-von-Regeln-zu-Werten-1.jpg\" alt=\"Weleda vince il premio etico svizzero\" width=\"881\" height=\"611\" srcset=\"https:\/\/www.m-q.ch\/wp-content\/uploads\/2021\/02\/Systemwechsel-von-Regeln-zu-Werten-1.jpg 881w, https:\/\/www.m-q.ch\/wp-content\/uploads\/2021\/02\/Systemwechsel-von-Regeln-zu-Werten-1-768x533.jpg 768w, https:\/\/www.m-q.ch\/wp-content\/uploads\/2021\/02\/Systemwechsel-von-Regeln-zu-Werten-1-16x12.jpg 16w, https:\/\/www.m-q.ch\/wp-content\/uploads\/2021\/02\/Systemwechsel-von-Regeln-zu-Werten-1-252x175.jpg 252w, https:\/\/www.m-q.ch\/wp-content\/uploads\/2021\/02\/Systemwechsel-von-Regeln-zu-Werten-1-505x350.jpg 505w, https:\/\/www.m-q.ch\/wp-content\/uploads\/2021\/02\/Systemwechsel-von-Regeln-zu-Werten-1-300x208.jpg 300w\" sizes=\"auto, (max-width: 881px) 100vw, 881px\" \/><\/p>\n<p>&nbsp;<\/p>\n<p>&nbsp;<\/p>\n<p>&nbsp;<\/p>\n<p><em><strong>A<\/strong><\/em>n occasione della Swiss Enterprise Conference, lo Swiss Excellence Forum presenta ogni due anni lo Swiss Ethics Award. Il premio va a progetti che stabiliscono nuovi standard etici nel campo degli affari<\/p>\n<p>&nbsp;<\/p>\n<p>Il vincitore di quest'anno, Weleda, pone il rispetto per le persone e la natura al centro delle sue attivit\u00e0 commerciali. I criteri sociali ed ecologici nell'approvvigionamento delle materie prime sono stati anche al centro del progetto vincente del produttore di cosmetici e medicinali naturali. Il commercio equo e la conservazione della biodiversit\u00e0 sono gli obiettivi qui. L'azienda \u00e8 membro dell'organizzazione non-profit Union of Ethical Biotrade (UEBT) dal 2011 e applica i suoi complessi standard - come unica azienda in Svizzera. L'adesione obbliga l'azienda a implementare un sistema di gestione della biodiversit\u00e0. Questo non mira solo a preservare la biodiversit\u00e0, ma va molto oltre: i profitti devono essere condivisi equamente lungo la catena di approvvigionamento, la sostenibilit\u00e0 socio-economica deve essere garantita, i regolamenti devono essere osservati e le persone coinvolte devono essere rispettate.<\/p>\n<p>&nbsp;<\/p>\n<p>Secondo la giuria di etici e rappresentanti del mondo degli affari, della scienza, della teologia e della politica, Weleda merita il premio per tanto impegno. La schiettezza e la coerenza con cui Weleda adempie alla sua responsabilit\u00e0 verso le persone e l'ambiente, e il suo coraggio di impegnarsi in processi di apprendimento potenzialmente controversi e aperti nel processo, \u00e8 riconosciuto dalla giuria come un risultato eccezionale. Per inciso, l'idea della strategia pionieristica dell'azienda non \u00e8 venuta dalla sala del consiglio di amministrazione - l'impulso \u00e8 venuto dall'ufficio acquisti.<\/p>\n<p><strong>Cooperazione internazionale<\/strong><br \/>\nWeleda fu fondata nel 1921 da Rudolf Steiner, il padre spirituale dell'antroposofia. L'azienda si \u00e8 impegnata nella sostenibilit\u00e0 fin dall'inizio. Mentre molte delle materie prime utilizzate sono piantate nel giardino di erbe medicinali dell'azienda e acquistate in collaborazione con i produttori regionali, una gran parte degli ingredienti proviene da partner globali. Weleda attribuisce grande importanza alla creazione di cooperazioni a lungo termine. Per esempio, si rifornisce di olio di sesamo biologico, un ingrediente di molti prodotti cosmetici, dall'azienda familiare messicana \"Sesajal\". Questa azienda impiega oltre 200 agricoltori locali che ricevono un reddito superiore alla media per i loro semi di sesamo prodotti biologicamente. I semi di sesamo raccolti vengono lavorati direttamente nel frantoio dell'azienda per eliminare l'intermediario, che pu\u00f2 creare dipendenze.<\/p>\n<p>&nbsp;<\/p>\n<p>I fiori di gelsomino, la cui essenza \u00e8 usata come fragranza in vari prodotti cosmetici naturali, provengono dal Tamil Nadu nell'India meridionale. Il fornitore \u00e8 l'unica azienda agricola in India che coltiva piante di gelsomino in modo biologico, come sottolinea Weleda. I delicati fiori sono raccolti a mano dai lavoratori locali, che sono pagati equamente per il loro lavoro ogni settimana. Pi\u00f9 volte al giorno, i fiori vengono portati alla distilleria a circa 14 chilometri di distanza, dove l'essenza di gelsomino viene estratta come pasta o liquido. Per 125 grammi di liquido sono necessari 100 chilogrammi di fiori<\/p>","protected":false},"excerpt":{"rendered":"<p>&nbsp; &nbsp; &nbsp; An der Schweizer Unternehmungstagung verleiht das Swiss Excellence Forum alle zwei Jahre den Swiss Ethics Award. Der Preis geht an Projekte, die im Bereich der Wirtschaft neue ethische Massst\u00e4be setzen &nbsp; Die diesj\u00e4hrige Gewinnerin Weleda stellt den Respekt vor dem Menschen und der Natur ins Zentrum des unternehmerischen Handelns. Um soziale und [&hellip;]<\/p>\n","protected":false},"author":66,"featured_media":11644,"comment_status":"closed","ping_status":"closed","sticky":false,"template":"","format":"standard","meta":{"_acf_changed":false,"footnotes":""},"categories":[4448],"tags":[4781],"class_list":["post-11641","post","type-post","status-publish","format-standard","has-post-thumbnail","hentry","category-allgemein","tag-06-2016"],"acf":[],"yoast_head":"<!-- This site is optimized with the Yoast SEO plugin v26.2 - https:\/\/yoast.com\/wordpress\/plugins\/seo\/ -->\n<title>Weleda gewinnt den Swiss Ethics Award - MQ Management und Qualit\u00e4t<\/title>\n<meta name=\"description\" content=\"\u00dcber 600 Rohstoffe \u00f6kologisch und sozial nachhaltig beschaffen \u2013 dieses ehrgeizige Ziel hat das Naturkosmetik- und Arzneimittelunternehmen Weleda AG erreicht. Daf\u00fcr wurde es an der Schweizer Unternehmungstagung im KKL Luzern mit dem Swiss Ethics Award belohnt.\" \/>\n<meta name=\"robots\" content=\"index, follow, max-snippet:-1, max-image-preview:large, max-video-preview:-1\" \/>\n<link rel=\"canonical\" href=\"https:\/\/www.m-q.ch\/it\/weleda-vince-il-premio-svizzero-per-letica\/\" \/>\n<meta property=\"og:locale\" content=\"it_IT\" \/>\n<meta property=\"og:type\" content=\"article\" \/>\n<meta property=\"og:title\" content=\"Weleda gewinnt den Swiss Ethics Award - MQ Management und Qualit\u00e4t\" \/>\n<meta property=\"og:description\" content=\"\u00dcber 600 Rohstoffe \u00f6kologisch und sozial nachhaltig beschaffen \u2013 dieses ehrgeizige Ziel hat das Naturkosmetik- und Arzneimittelunternehmen Weleda AG erreicht. Daf\u00fcr wurde es an der Schweizer Unternehmungstagung im KKL Luzern mit dem Swiss Ethics Award belohnt.\" \/>\n<meta property=\"og:url\" content=\"https:\/\/www.m-q.ch\/it\/weleda-vince-il-premio-svizzero-per-letica\/\" \/>\n<meta property=\"og:site_name\" content=\"MQ Management und Qualit\u00e4t\" \/>\n<meta property=\"article:publisher\" content=\"https:\/\/www.facebook.com\/ManagementUndQualitaet\" \/>\n<meta property=\"article:published_time\" content=\"2016-06-03T00:40:53+00:00\" \/>\n<meta property=\"article:modified_time\" content=\"2021-02-14T01:47:49+00:00\" \/>\n<meta property=\"og:image\" content=\"https:\/\/www.m-q.ch\/wp-content\/uploads\/2021\/02\/Systemwechsel-von-Regeln-zu-Werten-1.jpg\" \/>\n\t<meta property=\"og:image:width\" content=\"881\" \/>\n\t<meta property=\"og:image:height\" content=\"611\" \/>\n\t<meta property=\"og:image:type\" content=\"image\/jpeg\" \/>\n<meta name=\"author\" content=\"upwork_1\" \/>\n<meta name=\"twitter:card\" content=\"summary_large_image\" \/>\n<meta name=\"twitter:label1\" content=\"Scritto da\" \/>\n\t<meta name=\"twitter:data1\" content=\"upwork_1\" \/>\n\t<meta name=\"twitter:label2\" content=\"Tempo di lettura stimato\" \/>\n\t<meta name=\"twitter:data2\" content=\"2 minuti\" \/>\n<script type=\"application\/ld+json\" class=\"yoast-schema-graph\">{\"@context\":\"https:\/\/schema.org\",\"@graph\":[{\"@type\":\"Article\",\"@id\":\"https:\/\/www.m-q.ch\/weleda-gewinnt-den-swiss-ethics-award\/#article\",\"isPartOf\":{\"@id\":\"https:\/\/www.m-q.ch\/weleda-gewinnt-den-swiss-ethics-award\/\"},\"author\":{\"name\":\"upwork_1\",\"@id\":\"https:\/\/www.m-q.ch\/fr\/#\/schema\/person\/0bdf39ca27d0b9b779f5b8af54b3f7d7\"},\"headline\":\"Weleda gewinnt den Swiss Ethics Award\",\"datePublished\":\"2016-06-03T00:40:53+00:00\",\"dateModified\":\"2021-02-14T01:47:49+00:00\",\"mainEntityOfPage\":{\"@id\":\"https:\/\/www.m-q.ch\/weleda-gewinnt-den-swiss-ethics-award\/\"},\"wordCount\":452,\"publisher\":{\"@id\":\"https:\/\/www.m-q.ch\/fr\/#organization\"},\"image\":{\"@id\":\"https:\/\/www.m-q.ch\/weleda-gewinnt-den-swiss-ethics-award\/#primaryimage\"},\"thumbnailUrl\":\"https:\/\/www.m-q.ch\/wp-content\/uploads\/2021\/02\/Systemwechsel-von-Regeln-zu-Werten-1.jpg\",\"keywords\":[\"06\/2016\"],\"articleSection\":[\"Allgemein\"],\"inLanguage\":\"it-IT\"},{\"@type\":\"WebPage\",\"@id\":\"https:\/\/www.m-q.ch\/weleda-gewinnt-den-swiss-ethics-award\/\",\"url\":\"https:\/\/www.m-q.ch\/weleda-gewinnt-den-swiss-ethics-award\/\",\"name\":\"Weleda gewinnt den Swiss Ethics Award - MQ Management und Qualit\u00e4t\",\"isPartOf\":{\"@id\":\"https:\/\/www.m-q.ch\/fr\/#website\"},\"primaryImageOfPage\":{\"@id\":\"https:\/\/www.m-q.ch\/weleda-gewinnt-den-swiss-ethics-award\/#primaryimage\"},\"image\":{\"@id\":\"https:\/\/www.m-q.ch\/weleda-gewinnt-den-swiss-ethics-award\/#primaryimage\"},\"thumbnailUrl\":\"https:\/\/www.m-q.ch\/wp-content\/uploads\/2021\/02\/Systemwechsel-von-Regeln-zu-Werten-1.jpg\",\"datePublished\":\"2016-06-03T00:40:53+00:00\",\"dateModified\":\"2021-02-14T01:47:49+00:00\",\"description\":\"\u00dcber 600 Rohstoffe \u00f6kologisch und sozial nachhaltig beschaffen \u2013 dieses ehrgeizige Ziel hat das Naturkosmetik- und Arzneimittelunternehmen Weleda AG erreicht. Daf\u00fcr wurde es an der Schweizer Unternehmungstagung im KKL Luzern mit dem Swiss Ethics Award belohnt.\",\"breadcrumb\":{\"@id\":\"https:\/\/www.m-q.ch\/weleda-gewinnt-den-swiss-ethics-award\/#breadcrumb\"},\"inLanguage\":\"it-IT\",\"potentialAction\":[{\"@type\":\"ReadAction\",\"target\":[\"https:\/\/www.m-q.ch\/weleda-gewinnt-den-swiss-ethics-award\/\"]}]},{\"@type\":\"ImageObject\",\"inLanguage\":\"it-IT\",\"@id\":\"https:\/\/www.m-q.ch\/weleda-gewinnt-den-swiss-ethics-award\/#primaryimage\",\"url\":\"https:\/\/www.m-q.ch\/wp-content\/uploads\/2021\/02\/Systemwechsel-von-Regeln-zu-Werten-1.jpg\",\"contentUrl\":\"https:\/\/www.m-q.ch\/wp-content\/uploads\/2021\/02\/Systemwechsel-von-Regeln-zu-Werten-1.jpg\",\"width\":881,\"height\":611,\"caption\":\"Weleda gewinnt den Swiss Ethics Award\"},{\"@type\":\"BreadcrumbList\",\"@id\":\"https:\/\/www.m-q.ch\/weleda-gewinnt-den-swiss-ethics-award\/#breadcrumb\",\"itemListElement\":[{\"@type\":\"ListItem\",\"position\":1,\"name\":\"Allgemein\",\"item\":\"https:\/\/www.m-q.ch\/kategorie\/allgemein\/\"},{\"@type\":\"ListItem\",\"position\":2,\"name\":\"Weleda gewinnt den Swiss Ethics Award\"}]},{\"@type\":\"WebSite\",\"@id\":\"https:\/\/www.m-q.ch\/fr\/#website\",\"url\":\"https:\/\/www.m-q.ch\/fr\/\",\"name\":\"MQ Management und Qualit\u00e4t\",\"description\":\"Plattform f\u00fcr integrierte Managementsysteme.\",\"publisher\":{\"@id\":\"https:\/\/www.m-q.ch\/fr\/#organization\"},\"potentialAction\":[{\"@type\":\"SearchAction\",\"target\":{\"@type\":\"EntryPoint\",\"urlTemplate\":\"https:\/\/www.m-q.ch\/fr\/?s={search_term_string}\"},\"query-input\":{\"@type\":\"PropertyValueSpecification\",\"valueRequired\":true,\"valueName\":\"search_term_string\"}}],\"inLanguage\":\"it-IT\"},{\"@type\":\"Organization\",\"@id\":\"https:\/\/www.m-q.ch\/fr\/#organization\",\"name\":\"Galledia Fachmedien AG\",\"url\":\"https:\/\/www.m-q.ch\/fr\/\",\"logo\":{\"@type\":\"ImageObject\",\"inLanguage\":\"it-IT\",\"@id\":\"https:\/\/www.m-q.ch\/fr\/#\/schema\/logo\/image\/\",\"url\":\"https:\/\/www.m-q.ch\/wp-content\/uploads\/2020\/12\/cropped-logo_small.png\",\"contentUrl\":\"https:\/\/www.m-q.ch\/wp-content\/uploads\/2020\/12\/cropped-logo_small.png\",\"width\":512,\"height\":512,\"caption\":\"Galledia Fachmedien AG\"},\"image\":{\"@id\":\"https:\/\/www.m-q.ch\/fr\/#\/schema\/logo\/image\/\"},\"sameAs\":[\"https:\/\/www.facebook.com\/ManagementUndQualitaet\",\"https:\/\/www.linkedin.com\/showcase\/17982321\/admin\/\"]},{\"@type\":\"Person\",\"@id\":\"https:\/\/www.m-q.ch\/fr\/#\/schema\/person\/0bdf39ca27d0b9b779f5b8af54b3f7d7\",\"name\":\"upwork_1\",\"image\":{\"@type\":\"ImageObject\",\"inLanguage\":\"it-IT\",\"@id\":\"https:\/\/www.m-q.ch\/fr\/#\/schema\/person\/image\/\",\"url\":\"https:\/\/secure.gravatar.com\/avatar\/04d4d0fdc5886d535809f17d0eace7f6?s=96&d=mm&r=g\",\"contentUrl\":\"https:\/\/secure.gravatar.com\/avatar\/04d4d0fdc5886d535809f17d0eace7f6?s=96&d=mm&r=g\",\"caption\":\"upwork_1\"},\"url\":\"https:\/\/www.m-q.ch\/it\/author\/upwork_1\/\"}]}<\/script>\n<!-- \/ Yoast SEO plugin. -->","yoast_head_json":{"title":"Weleda vince il premio etico svizzero - MQ Management und Qualit\u00e4t","description":"Approvvigionarsi di oltre 600 materie prime in modo ecologicamente e socialmente sostenibile - questo ambizioso obiettivo \u00e8 stato raggiunto dall'azienda cosmetica e farmaceutica naturale Weleda AG. Per questo, \u00e8 stata premiata con lo Swiss Ethics Award alla Swiss Business Conference nel KKL di Lucerna.","robots":{"index":"index","follow":"follow","max-snippet":"max-snippet:-1","max-image-preview":"max-image-preview:large","max-video-preview":"max-video-preview:-1"},"canonical":"https:\/\/www.m-q.ch\/it\/weleda-vince-il-premio-svizzero-per-letica\/","og_locale":"it_IT","og_type":"article","og_title":"Weleda gewinnt den Swiss Ethics Award - MQ Management und Qualit\u00e4t","og_description":"\u00dcber 600 Rohstoffe \u00f6kologisch und sozial nachhaltig beschaffen \u2013 dieses ehrgeizige Ziel hat das Naturkosmetik- und Arzneimittelunternehmen Weleda AG erreicht. Daf\u00fcr wurde es an der Schweizer Unternehmungstagung im KKL Luzern mit dem Swiss Ethics Award belohnt.","og_url":"https:\/\/www.m-q.ch\/it\/weleda-vince-il-premio-svizzero-per-letica\/","og_site_name":"MQ Management und Qualit\u00e4t","article_publisher":"https:\/\/www.facebook.com\/ManagementUndQualitaet","article_published_time":"2016-06-03T00:40:53+00:00","article_modified_time":"2021-02-14T01:47:49+00:00","og_image":[{"width":881,"height":611,"url":"https:\/\/www.m-q.ch\/wp-content\/uploads\/2021\/02\/Systemwechsel-von-Regeln-zu-Werten-1.jpg","type":"image\/jpeg"}],"author":"upwork_1","twitter_card":"summary_large_image","twitter_misc":{"Scritto da":"upwork_1","Tempo di lettura stimato":"2 minuti"},"schema":{"@context":"https:\/\/schema.org","@graph":[{"@type":"Article","@id":"https:\/\/www.m-q.ch\/weleda-gewinnt-den-swiss-ethics-award\/#article","isPartOf":{"@id":"https:\/\/www.m-q.ch\/weleda-gewinnt-den-swiss-ethics-award\/"},"author":{"name":"upwork_1","@id":"https:\/\/www.m-q.ch\/fr\/#\/schema\/person\/0bdf39ca27d0b9b779f5b8af54b3f7d7"},"headline":"Weleda gewinnt den Swiss Ethics Award","datePublished":"2016-06-03T00:40:53+00:00","dateModified":"2021-02-14T01:47:49+00:00","mainEntityOfPage":{"@id":"https:\/\/www.m-q.ch\/weleda-gewinnt-den-swiss-ethics-award\/"},"wordCount":452,"publisher":{"@id":"https:\/\/www.m-q.ch\/fr\/#organization"},"image":{"@id":"https:\/\/www.m-q.ch\/weleda-gewinnt-den-swiss-ethics-award\/#primaryimage"},"thumbnailUrl":"https:\/\/www.m-q.ch\/wp-content\/uploads\/2021\/02\/Systemwechsel-von-Regeln-zu-Werten-1.jpg","keywords":["06\/2016"],"articleSection":["Allgemein"],"inLanguage":"it-IT"},{"@type":"WebPage","@id":"https:\/\/www.m-q.ch\/weleda-gewinnt-den-swiss-ethics-award\/","url":"https:\/\/www.m-q.ch\/weleda-gewinnt-den-swiss-ethics-award\/","name":"Weleda vince il premio etico svizzero - MQ Management und Qualit\u00e4t","isPartOf":{"@id":"https:\/\/www.m-q.ch\/fr\/#website"},"primaryImageOfPage":{"@id":"https:\/\/www.m-q.ch\/weleda-gewinnt-den-swiss-ethics-award\/#primaryimage"},"image":{"@id":"https:\/\/www.m-q.ch\/weleda-gewinnt-den-swiss-ethics-award\/#primaryimage"},"thumbnailUrl":"https:\/\/www.m-q.ch\/wp-content\/uploads\/2021\/02\/Systemwechsel-von-Regeln-zu-Werten-1.jpg","datePublished":"2016-06-03T00:40:53+00:00","dateModified":"2021-02-14T01:47:49+00:00","description":"Approvvigionarsi di oltre 600 materie prime in modo ecologicamente e socialmente sostenibile - questo ambizioso obiettivo \u00e8 stato raggiunto dall'azienda cosmetica e farmaceutica naturale Weleda AG. Per questo, \u00e8 stata premiata con lo Swiss Ethics Award alla Swiss Business Conference nel KKL di Lucerna.","breadcrumb":{"@id":"https:\/\/www.m-q.ch\/weleda-gewinnt-den-swiss-ethics-award\/#breadcrumb"},"inLanguage":"it-IT","potentialAction":[{"@type":"ReadAction","target":["https:\/\/www.m-q.ch\/weleda-gewinnt-den-swiss-ethics-award\/"]}]},{"@type":"ImageObject","inLanguage":"it-IT","@id":"https:\/\/www.m-q.ch\/weleda-gewinnt-den-swiss-ethics-award\/#primaryimage","url":"https:\/\/www.m-q.ch\/wp-content\/uploads\/2021\/02\/Systemwechsel-von-Regeln-zu-Werten-1.jpg","contentUrl":"https:\/\/www.m-q.ch\/wp-content\/uploads\/2021\/02\/Systemwechsel-von-Regeln-zu-Werten-1.jpg","width":881,"height":611,"caption":"Weleda gewinnt den Swiss Ethics Award"},{"@type":"BreadcrumbList","@id":"https:\/\/www.m-q.ch\/weleda-gewinnt-den-swiss-ethics-award\/#breadcrumb","itemListElement":[{"@type":"ListItem","position":1,"name":"Allgemein","item":"https:\/\/www.m-q.ch\/kategorie\/allgemein\/"},{"@type":"ListItem","position":2,"name":"Weleda gewinnt den Swiss Ethics Award"}]},{"@type":"WebSite","@id":"https:\/\/www.m-q.ch\/fr\/#website","url":"https:\/\/www.m-q.ch\/fr\/","name":"Gestione e qualit\u00e0 MQ","description":"Piattaforma per sistemi di gestione integrati.","publisher":{"@id":"https:\/\/www.m-q.ch\/fr\/#organization"},"potentialAction":[{"@type":"SearchAction","target":{"@type":"EntryPoint","urlTemplate":"https:\/\/www.m-q.ch\/fr\/?s={search_term_string}"},"query-input":{"@type":"PropertyValueSpecification","valueRequired":true,"valueName":"search_term_string"}}],"inLanguage":"it-IT"},{"@type":"Organization","@id":"https:\/\/www.m-q.ch\/fr\/#organization","name":"Galledia Fachmedien AG","url":"https:\/\/www.m-q.ch\/fr\/","logo":{"@type":"ImageObject","inLanguage":"it-IT","@id":"https:\/\/www.m-q.ch\/fr\/#\/schema\/logo\/image\/","url":"https:\/\/www.m-q.ch\/wp-content\/uploads\/2020\/12\/cropped-logo_small.png","contentUrl":"https:\/\/www.m-q.ch\/wp-content\/uploads\/2020\/12\/cropped-logo_small.png","width":512,"height":512,"caption":"Galledia Fachmedien AG"},"image":{"@id":"https:\/\/www.m-q.ch\/fr\/#\/schema\/logo\/image\/"},"sameAs":["https:\/\/www.facebook.com\/ManagementUndQualitaet","https:\/\/www.linkedin.com\/showcase\/17982321\/admin\/"]},{"@type":"Person","@id":"https:\/\/www.m-q.ch\/fr\/#\/schema\/person\/0bdf39ca27d0b9b779f5b8af54b3f7d7","name":"upwork_1","image":{"@type":"ImageObject","inLanguage":"it-IT","@id":"https:\/\/www.m-q.ch\/fr\/#\/schema\/person\/image\/","url":"https:\/\/secure.gravatar.com\/avatar\/04d4d0fdc5886d535809f17d0eace7f6?s=96&d=mm&r=g","contentUrl":"https:\/\/secure.gravatar.com\/avatar\/04d4d0fdc5886d535809f17d0eace7f6?s=96&d=mm&r=g","caption":"upwork_1"},"url":"https:\/\/www.m-q.ch\/it\/author\/upwork_1\/"}]}},"_links":{"self":[{"href":"https:\/\/www.m-q.ch\/it\/wp-json\/wp\/v2\/posts\/11641","targetHints":{"allow":["GET"]}}],"collection":[{"href":"https:\/\/www.m-q.ch\/it\/wp-json\/wp\/v2\/posts"}],"about":[{"href":"https:\/\/www.m-q.ch\/it\/wp-json\/wp\/v2\/types\/post"}],"author":[{"embeddable":true,"href":"https:\/\/www.m-q.ch\/it\/wp-json\/wp\/v2\/users\/66"}],"replies":[{"embeddable":true,"href":"https:\/\/www.m-q.ch\/it\/wp-json\/wp\/v2\/comments?post=11641"}],"version-history":[{"count":1,"href":"https:\/\/www.m-q.ch\/it\/wp-json\/wp\/v2\/posts\/11641\/revisions"}],"predecessor-version":[{"id":11646,"href":"https:\/\/www.m-q.ch\/it\/wp-json\/wp\/v2\/posts\/11641\/revisions\/11646"}],"wp:featuredmedia":[{"embeddable":true,"href":"https:\/\/www.m-q.ch\/it\/wp-json\/wp\/v2\/media\/11644"}],"wp:attachment":[{"href":"https:\/\/www.m-q.ch\/it\/wp-json\/wp\/v2\/media?parent=11641"}],"wp:term":[{"taxonomy":"category","embeddable":true,"href":"https:\/\/www.m-q.ch\/it\/wp-json\/wp\/v2\/categories?post=11641"},{"taxonomy":"post_tag","embeddable":true,"href":"https:\/\/www.m-q.ch\/it\/wp-json\/wp\/v2\/tags?post=11641"}],"curies":[{"name":"wp","href":"https:\/\/api.w.org\/{rel}","templated":true}]}}