{"id":11647,"date":"2016-06-05T02:48:16","date_gmt":"2016-06-05T00:48:16","guid":{"rendered":"https:\/\/www.m-q.ch\/?p=11647"},"modified":"2021-02-14T03:07:15","modified_gmt":"2021-02-14T02:07:15","slug":"ambiente-complesso-e-imprevedibile","status":"publish","type":"post","link":"https:\/\/www.m-q.ch\/it\/komplexes-und-unberechenbares-umfeld\/","title":{"rendered":"Ambiente complesso e imprevedibile"},"content":{"rendered":"<p><img loading=\"lazy\" decoding=\"async\" class=\"alignnone size-full wp-image-11649\" src=\"https:\/\/www.m-q.ch\/wp-content\/uploads\/2021\/02\/Komplexes-und-unberechenbares-Umfeld.jpg\" alt=\"Ambiente complesso e imprevedibile\" width=\"867\" height=\"562\" srcset=\"https:\/\/www.m-q.ch\/wp-content\/uploads\/2021\/02\/Komplexes-und-unberechenbares-Umfeld.jpg 867w, https:\/\/www.m-q.ch\/wp-content\/uploads\/2021\/02\/Komplexes-und-unberechenbares-Umfeld-768x498.jpg 768w, https:\/\/www.m-q.ch\/wp-content\/uploads\/2021\/02\/Komplexes-und-unberechenbares-Umfeld-16x10.jpg 16w, https:\/\/www.m-q.ch\/wp-content\/uploads\/2021\/02\/Komplexes-und-unberechenbares-Umfeld-270x175.jpg 270w, https:\/\/www.m-q.ch\/wp-content\/uploads\/2021\/02\/Komplexes-und-unberechenbares-Umfeld-540x350.jpg 540w, https:\/\/www.m-q.ch\/wp-content\/uploads\/2021\/02\/Komplexes-und-unberechenbares-Umfeld-300x194.jpg 300w\" sizes=\"auto, (max-width: 867px) 100vw, 867px\" \/><\/p>\n<p>&nbsp;<\/p>\n<p>&nbsp;<\/p>\n<p>&nbsp;<\/p>\n<p><em><strong>N<\/strong><\/em>Oggi nessuno pu\u00f2 prevedere il prezzo dell'energia nei prossimi anni, n\u00e9 la disponibilit\u00e0 di lavoratori qualificati e i relativi salari; la maggior parte delle aziende non sa ancora come le nuove tecnologie influenzeranno i loro affari e non comprende ancora il comportamento delle nuove generazioni; la politica a tutti i livelli \u00e8 imprevedibile. Questo presenta opportunit\u00e0 e rischi e richiede flessibilit\u00e0 e reattivit\u00e0.<\/p>\n<p><strong>L'imprevedibilit\u00e0 richiede una strategia<\/strong><br \/>\nParadossalmente, non \u00e8 che l'impiantabilit\u00e0 sia incompatibile con la pianificazione. Al contrario, perch\u00e9 si dovrebbe essere preparati per gli eventi previsti al fine di riconoscere gli sviluppi rilevanti non pianificati in una fase iniziale e aver pensato a possibili opzioni grazie al pensiero di scenario. Non avete ancora una soluzione, ma sarete in grado di trovare e implementare la soluzione molto pi\u00f9 velocemente. La strategia permette anche a tutti gli attori rilevanti di un'azienda di conoscere la direzione di marcia per identificare essi stessi nuove deviazioni e rischi non pianificati. Per esempio, un procuratore pu\u00f2 identificare e segnalare un nuovo sviluppo sorprendente che sarebbe rilevante per il marketing.<\/p>\n<p><strong>La strategia come bussola tra obiettivi contrastanti<\/strong><br \/>\nLe strategie buone e utili sono strumenti per prendere decisioni fondate, coerenti, prevedibili e comprensibili in situazioni di obiettivi contrastanti. Raramente ci sono decisioni che sono positive per le finanze, la qualit\u00e0, l'ambiente, la societ\u00e0 e questo a breve e lungo termine. Soprattutto non le decisioni importanti. Per poter avere le informazioni necessarie per prendere decisioni e le leve per attuarle, la gestione integrata \u00e8 essenziale. Senza strategia, \u00e8 impossibile rimanere sulla giusta rotta quando le onde pi\u00f9 grandi oscurano la vista delle prossime tappe del viaggio<\/p>\n<p><strong>Aspetti della gestione integrata necessari per la strategia<\/strong><br \/>\nIl lavoro strategico richiede due aspetti principali di un approccio di gestione integrata:<\/p>\n<ul>\n<li>Analisi degli aspetti rilevanti per l'azienda nelle aree di finanza, mercato, stakeholder (sociale), ambiente, qualit\u00e0, sicurezza, tecnologia, ecc.<\/li>\n<li>Sistema di obiettivi coerenti per l'implementazione della strategia (per esempio Balanced Scorecard) e il corrispondente approccio \"Management by Objectives\" collegato per rendere gli obiettivi utilizzabili in tutta la forza lavoro; questo permette ad ogni livello\/reparto di affrontare gli obiettivi contrastanti in modo coerente con la strategia.<\/li>\n<\/ul>\n<p>&nbsp;<\/p>\n<p>Senza queste due condizioni di base, c'\u00e8 un alto rischio che una strategia non prenda in considerazione aspetti importanti e\/o non raggiunga alcun effetto nella realt\u00e0.<\/p>\n<p><strong>Gestione integrata senza strategia: una tigre con i denti ma senza cervello<\/strong><br \/>\nUna buona gestione integrata cattura le informazioni sugli aspetti rilevanti in diversi argomenti. Semplifica i processi nel senso che tutti gli aspetti rilevanti sono integrati nella stessa guida e procedura, nelle specifiche e in altri strumenti di implementazione della gestione. Senza una strategia e una forte leadership, il rischio di inefficacia \u00e8 alto. Infatti, poi ognuno decide indipendentemente in base alle informazioni che ha (ci\u00f2 che \u00e8 giusto e l'obiettivo), ma senza alcuna coerenza. Cos\u00ec, i dipartimenti sviluppano nuove sottoculture, la gestione diventa imprevedibile, i conflitti tra le persone possono essere mal regolati<\/p>\n<p>&nbsp;<\/p>\n<p>La strategia \u00e8 il singolo e pi\u00f9 importante legame che impedisce la disintegrazione e permette la coerenza tra le singole ottimizzazioni locali. La strategia \u00e8 la parte del cervello di un'organizzazione che pu\u00f2 controllare le azioni non riflesse.<\/p>\n<p><strong>Espressione della gestione non integrata<\/strong><br \/>\nUn sistema di gestione non integrato pu\u00f2 essere riconosciuto da una serie di caratteristiche:<\/p>\n<ul>\n<li>Il rapporto annuale non contiene informazioni e cifre chiave sugli aspetti ambientali e sociali; nel rapporto di sostenibilit\u00e0, la strategia aziendale \u00e8 menzionata solo di sfuggita.<\/li>\n<li>Nessuno nel management \u00e8 responsabile della qualit\u00e0, dell'ambiente o degli aspetti sociali.<\/li>\n<li>Hanno poca o nessuna conoscenza degli aspetti della strategia aziendale che sono rilevanti per la forza lavoro.<\/li>\n<li>Non \u00e8 chiaro quali aspetti dell'ambiente siano rilevanti per l'azienda e quali no.<\/li>\n<li>La visione o la politica aziendale contiene banalit\u00e0 in campo ambientale; gli aspetti rilevanti non sono evidenziati in modo specifico.<\/li>\n<li>La strategia non offre alcun aiuto per definire le priorit\u00e0 e regolare i compromessi tra finanza, qualit\u00e0, ambiente, societ\u00e0 e tra prospettive a breve e lungo termine.<\/li>\n<li>I nuovi progetti e sviluppi sono esaminati solo alla fine (o per niente) per i loro effetti indiretti sull'ambiente e la societ\u00e0.<\/li>\n<\/ul>\n<p><strong>Strategia e gestione integrata in armonia<\/strong><br \/>\nIn definitiva, non si tratta di sapere se \u00e8 pi\u00f9 importante la strategia o il sistema di gestione. Entrambi sono necessari. E non in modo parallelo e indipendente, ma strettamente intrecciato, coerente e in lotta insieme o continuamente contro l'altro.<\/p>","protected":false},"excerpt":{"rendered":"<p>&nbsp; &nbsp; &nbsp; Niemand kann heute den Energiepreis der n\u00e4chsten Jahren vorhersehen, auch nicht die Verf\u00fcgbarkeit von qualifizierten Mitarbeitenden und die damit verbundenen L\u00f6hne; die meisten Unternehmen wissen noch nicht, wie die neuen Technologien ihr Business beeinflussen werden und verstehen das Verhalten der neuen Generationen noch nicht, die Politik auf allen Stufen ist unberechenbar. Das [&hellip;]<\/p>\n","protected":false},"author":66,"featured_media":11649,"comment_status":"closed","ping_status":"closed","sticky":false,"template":"","format":"standard","meta":{"_acf_changed":false,"footnotes":""},"categories":[5],"tags":[4781],"class_list":["post-11647","post","type-post","status-publish","format-standard","has-post-thumbnail","hentry","category-business_excellence","tag-06-2016"],"acf":[],"yoast_head":"<!-- This site is optimized with the Yoast SEO plugin v26.2 - https:\/\/yoast.com\/wordpress\/plugins\/seo\/ -->\n<title>Komplexes und unberechenbares Umfeld - MQ Management und Qualit\u00e4t<\/title>\n<meta name=\"description\" content=\"Die vielf\u00e4ltigen Verflechtungen \u00f6konomischer, \u00f6kologischer und gesellschaftlicher Prozesse haben l\u00e4ngst ein globales Ausmass angenommen. Dies hat dazu gef\u00fchrt, dass die damit verbundenen Risiken zunehmend undurchschaubar und diffus werden \u2013 und dadurch umso brisanter sind\" \/>\n<meta name=\"robots\" content=\"index, follow, max-snippet:-1, max-image-preview:large, max-video-preview:-1\" \/>\n<link rel=\"canonical\" href=\"https:\/\/www.m-q.ch\/it\/ambiente-complesso-e-imprevedibile\/\" \/>\n<meta property=\"og:locale\" content=\"it_IT\" \/>\n<meta property=\"og:type\" content=\"article\" \/>\n<meta property=\"og:title\" content=\"Komplexes und unberechenbares Umfeld - MQ Management und Qualit\u00e4t\" \/>\n<meta property=\"og:description\" content=\"Die vielf\u00e4ltigen Verflechtungen \u00f6konomischer, \u00f6kologischer und gesellschaftlicher Prozesse haben l\u00e4ngst ein globales Ausmass angenommen. Dies hat dazu gef\u00fchrt, dass die damit verbundenen Risiken zunehmend undurchschaubar und diffus werden \u2013 und dadurch umso brisanter sind\" \/>\n<meta property=\"og:url\" content=\"https:\/\/www.m-q.ch\/it\/ambiente-complesso-e-imprevedibile\/\" \/>\n<meta property=\"og:site_name\" content=\"MQ Management und Qualit\u00e4t\" \/>\n<meta property=\"article:publisher\" content=\"https:\/\/www.facebook.com\/ManagementUndQualitaet\" \/>\n<meta property=\"article:published_time\" content=\"2016-06-05T00:48:16+00:00\" \/>\n<meta property=\"article:modified_time\" content=\"2021-02-14T02:07:15+00:00\" \/>\n<meta property=\"og:image\" content=\"https:\/\/www.m-q.ch\/wp-content\/uploads\/2021\/02\/Komplexes-und-unberechenbares-Umfeld.jpg\" \/>\n\t<meta property=\"og:image:width\" content=\"867\" \/>\n\t<meta property=\"og:image:height\" content=\"562\" \/>\n\t<meta property=\"og:image:type\" content=\"image\/jpeg\" \/>\n<meta name=\"author\" content=\"upwork_1\" \/>\n<meta name=\"twitter:card\" content=\"summary_large_image\" \/>\n<meta name=\"twitter:label1\" content=\"Scritto da\" \/>\n\t<meta name=\"twitter:data1\" content=\"upwork_1\" \/>\n\t<meta name=\"twitter:label2\" content=\"Tempo di lettura stimato\" \/>\n\t<meta name=\"twitter:data2\" content=\"4 minuti\" \/>\n<script type=\"application\/ld+json\" class=\"yoast-schema-graph\">{\"@context\":\"https:\/\/schema.org\",\"@graph\":[{\"@type\":\"Article\",\"@id\":\"https:\/\/www.m-q.ch\/komplexes-und-unberechenbares-umfeld\/#article\",\"isPartOf\":{\"@id\":\"https:\/\/www.m-q.ch\/komplexes-und-unberechenbares-umfeld\/\"},\"author\":{\"name\":\"upwork_1\",\"@id\":\"https:\/\/www.m-q.ch\/fr\/#\/schema\/person\/0bdf39ca27d0b9b779f5b8af54b3f7d7\"},\"headline\":\"Komplexes und unberechenbares Umfeld\",\"datePublished\":\"2016-06-05T00:48:16+00:00\",\"dateModified\":\"2021-02-14T02:07:15+00:00\",\"mainEntityOfPage\":{\"@id\":\"https:\/\/www.m-q.ch\/komplexes-und-unberechenbares-umfeld\/\"},\"wordCount\":728,\"publisher\":{\"@id\":\"https:\/\/www.m-q.ch\/fr\/#organization\"},\"image\":{\"@id\":\"https:\/\/www.m-q.ch\/komplexes-und-unberechenbares-umfeld\/#primaryimage\"},\"thumbnailUrl\":\"https:\/\/www.m-q.ch\/wp-content\/uploads\/2021\/02\/Komplexes-und-unberechenbares-Umfeld.jpg\",\"keywords\":[\"06\/2016\"],\"articleSection\":[\"Business Excellence\"],\"inLanguage\":\"it-IT\"},{\"@type\":\"WebPage\",\"@id\":\"https:\/\/www.m-q.ch\/komplexes-und-unberechenbares-umfeld\/\",\"url\":\"https:\/\/www.m-q.ch\/komplexes-und-unberechenbares-umfeld\/\",\"name\":\"Komplexes und unberechenbares Umfeld - MQ Management und Qualit\u00e4t\",\"isPartOf\":{\"@id\":\"https:\/\/www.m-q.ch\/fr\/#website\"},\"primaryImageOfPage\":{\"@id\":\"https:\/\/www.m-q.ch\/komplexes-und-unberechenbares-umfeld\/#primaryimage\"},\"image\":{\"@id\":\"https:\/\/www.m-q.ch\/komplexes-und-unberechenbares-umfeld\/#primaryimage\"},\"thumbnailUrl\":\"https:\/\/www.m-q.ch\/wp-content\/uploads\/2021\/02\/Komplexes-und-unberechenbares-Umfeld.jpg\",\"datePublished\":\"2016-06-05T00:48:16+00:00\",\"dateModified\":\"2021-02-14T02:07:15+00:00\",\"description\":\"Die vielf\u00e4ltigen Verflechtungen \u00f6konomischer, \u00f6kologischer und gesellschaftlicher Prozesse haben l\u00e4ngst ein globales Ausmass angenommen. Dies hat dazu gef\u00fchrt, dass die damit verbundenen Risiken zunehmend undurchschaubar und diffus werden \u2013 und dadurch umso brisanter sind\",\"breadcrumb\":{\"@id\":\"https:\/\/www.m-q.ch\/komplexes-und-unberechenbares-umfeld\/#breadcrumb\"},\"inLanguage\":\"it-IT\",\"potentialAction\":[{\"@type\":\"ReadAction\",\"target\":[\"https:\/\/www.m-q.ch\/komplexes-und-unberechenbares-umfeld\/\"]}]},{\"@type\":\"ImageObject\",\"inLanguage\":\"it-IT\",\"@id\":\"https:\/\/www.m-q.ch\/komplexes-und-unberechenbares-umfeld\/#primaryimage\",\"url\":\"https:\/\/www.m-q.ch\/wp-content\/uploads\/2021\/02\/Komplexes-und-unberechenbares-Umfeld.jpg\",\"contentUrl\":\"https:\/\/www.m-q.ch\/wp-content\/uploads\/2021\/02\/Komplexes-und-unberechenbares-Umfeld.jpg\",\"width\":867,\"height\":562,\"caption\":\"Komplexes und unberechenbares Umfeld\"},{\"@type\":\"BreadcrumbList\",\"@id\":\"https:\/\/www.m-q.ch\/komplexes-und-unberechenbares-umfeld\/#breadcrumb\",\"itemListElement\":[{\"@type\":\"ListItem\",\"position\":1,\"name\":\"Business Excellence\",\"item\":\"https:\/\/www.m-q.ch\/kategorie\/business_excellence\/\"},{\"@type\":\"ListItem\",\"position\":2,\"name\":\"Komplexes und unberechenbares Umfeld\"}]},{\"@type\":\"WebSite\",\"@id\":\"https:\/\/www.m-q.ch\/fr\/#website\",\"url\":\"https:\/\/www.m-q.ch\/fr\/\",\"name\":\"MQ Management und Qualit\u00e4t\",\"description\":\"Plattform f\u00fcr integrierte Managementsysteme.\",\"publisher\":{\"@id\":\"https:\/\/www.m-q.ch\/fr\/#organization\"},\"potentialAction\":[{\"@type\":\"SearchAction\",\"target\":{\"@type\":\"EntryPoint\",\"urlTemplate\":\"https:\/\/www.m-q.ch\/fr\/?s={search_term_string}\"},\"query-input\":{\"@type\":\"PropertyValueSpecification\",\"valueRequired\":true,\"valueName\":\"search_term_string\"}}],\"inLanguage\":\"it-IT\"},{\"@type\":\"Organization\",\"@id\":\"https:\/\/www.m-q.ch\/fr\/#organization\",\"name\":\"Galledia Fachmedien AG\",\"url\":\"https:\/\/www.m-q.ch\/fr\/\",\"logo\":{\"@type\":\"ImageObject\",\"inLanguage\":\"it-IT\",\"@id\":\"https:\/\/www.m-q.ch\/fr\/#\/schema\/logo\/image\/\",\"url\":\"https:\/\/www.m-q.ch\/wp-content\/uploads\/2020\/12\/cropped-logo_small.png\",\"contentUrl\":\"https:\/\/www.m-q.ch\/wp-content\/uploads\/2020\/12\/cropped-logo_small.png\",\"width\":512,\"height\":512,\"caption\":\"Galledia Fachmedien AG\"},\"image\":{\"@id\":\"https:\/\/www.m-q.ch\/fr\/#\/schema\/logo\/image\/\"},\"sameAs\":[\"https:\/\/www.facebook.com\/ManagementUndQualitaet\",\"https:\/\/www.linkedin.com\/showcase\/17982321\/admin\/\"]},{\"@type\":\"Person\",\"@id\":\"https:\/\/www.m-q.ch\/fr\/#\/schema\/person\/0bdf39ca27d0b9b779f5b8af54b3f7d7\",\"name\":\"upwork_1\",\"image\":{\"@type\":\"ImageObject\",\"inLanguage\":\"it-IT\",\"@id\":\"https:\/\/www.m-q.ch\/fr\/#\/schema\/person\/image\/\",\"url\":\"https:\/\/secure.gravatar.com\/avatar\/04d4d0fdc5886d535809f17d0eace7f6?s=96&d=mm&r=g\",\"contentUrl\":\"https:\/\/secure.gravatar.com\/avatar\/04d4d0fdc5886d535809f17d0eace7f6?s=96&d=mm&r=g\",\"caption\":\"upwork_1\"},\"url\":\"https:\/\/www.m-q.ch\/it\/author\/upwork_1\/\"}]}<\/script>\n<!-- \/ Yoast SEO plugin. -->","yoast_head_json":{"title":"Ambiente complesso e imprevedibile - Gestione MQ e Qualit\u00e0","description":"Le molteplici interconnessioni dei processi economici, ecologici e sociali hanno da tempo assunto proporzioni globali. Questo ha portato i rischi associati a diventare sempre pi\u00f9 opachi e diffusi - e quindi ancora pi\u00f9 esplosivi","robots":{"index":"index","follow":"follow","max-snippet":"max-snippet:-1","max-image-preview":"max-image-preview:large","max-video-preview":"max-video-preview:-1"},"canonical":"https:\/\/www.m-q.ch\/it\/ambiente-complesso-e-imprevedibile\/","og_locale":"it_IT","og_type":"article","og_title":"Komplexes und unberechenbares Umfeld - MQ Management und Qualit\u00e4t","og_description":"Die vielf\u00e4ltigen Verflechtungen \u00f6konomischer, \u00f6kologischer und gesellschaftlicher Prozesse haben l\u00e4ngst ein globales Ausmass angenommen. Dies hat dazu gef\u00fchrt, dass die damit verbundenen Risiken zunehmend undurchschaubar und diffus werden \u2013 und dadurch umso brisanter sind","og_url":"https:\/\/www.m-q.ch\/it\/ambiente-complesso-e-imprevedibile\/","og_site_name":"MQ Management und Qualit\u00e4t","article_publisher":"https:\/\/www.facebook.com\/ManagementUndQualitaet","article_published_time":"2016-06-05T00:48:16+00:00","article_modified_time":"2021-02-14T02:07:15+00:00","og_image":[{"width":867,"height":562,"url":"https:\/\/www.m-q.ch\/wp-content\/uploads\/2021\/02\/Komplexes-und-unberechenbares-Umfeld.jpg","type":"image\/jpeg"}],"author":"upwork_1","twitter_card":"summary_large_image","twitter_misc":{"Scritto da":"upwork_1","Tempo di lettura stimato":"4 minuti"},"schema":{"@context":"https:\/\/schema.org","@graph":[{"@type":"Article","@id":"https:\/\/www.m-q.ch\/komplexes-und-unberechenbares-umfeld\/#article","isPartOf":{"@id":"https:\/\/www.m-q.ch\/komplexes-und-unberechenbares-umfeld\/"},"author":{"name":"upwork_1","@id":"https:\/\/www.m-q.ch\/fr\/#\/schema\/person\/0bdf39ca27d0b9b779f5b8af54b3f7d7"},"headline":"Komplexes und unberechenbares Umfeld","datePublished":"2016-06-05T00:48:16+00:00","dateModified":"2021-02-14T02:07:15+00:00","mainEntityOfPage":{"@id":"https:\/\/www.m-q.ch\/komplexes-und-unberechenbares-umfeld\/"},"wordCount":728,"publisher":{"@id":"https:\/\/www.m-q.ch\/fr\/#organization"},"image":{"@id":"https:\/\/www.m-q.ch\/komplexes-und-unberechenbares-umfeld\/#primaryimage"},"thumbnailUrl":"https:\/\/www.m-q.ch\/wp-content\/uploads\/2021\/02\/Komplexes-und-unberechenbares-Umfeld.jpg","keywords":["06\/2016"],"articleSection":["Business Excellence"],"inLanguage":"it-IT"},{"@type":"WebPage","@id":"https:\/\/www.m-q.ch\/komplexes-und-unberechenbares-umfeld\/","url":"https:\/\/www.m-q.ch\/komplexes-und-unberechenbares-umfeld\/","name":"Ambiente complesso e imprevedibile - Gestione MQ e Qualit\u00e0","isPartOf":{"@id":"https:\/\/www.m-q.ch\/fr\/#website"},"primaryImageOfPage":{"@id":"https:\/\/www.m-q.ch\/komplexes-und-unberechenbares-umfeld\/#primaryimage"},"image":{"@id":"https:\/\/www.m-q.ch\/komplexes-und-unberechenbares-umfeld\/#primaryimage"},"thumbnailUrl":"https:\/\/www.m-q.ch\/wp-content\/uploads\/2021\/02\/Komplexes-und-unberechenbares-Umfeld.jpg","datePublished":"2016-06-05T00:48:16+00:00","dateModified":"2021-02-14T02:07:15+00:00","description":"Le molteplici interconnessioni dei processi economici, ecologici e sociali hanno da tempo assunto proporzioni globali. Questo ha portato i rischi associati a diventare sempre pi\u00f9 opachi e diffusi - e quindi ancora pi\u00f9 esplosivi","breadcrumb":{"@id":"https:\/\/www.m-q.ch\/komplexes-und-unberechenbares-umfeld\/#breadcrumb"},"inLanguage":"it-IT","potentialAction":[{"@type":"ReadAction","target":["https:\/\/www.m-q.ch\/komplexes-und-unberechenbares-umfeld\/"]}]},{"@type":"ImageObject","inLanguage":"it-IT","@id":"https:\/\/www.m-q.ch\/komplexes-und-unberechenbares-umfeld\/#primaryimage","url":"https:\/\/www.m-q.ch\/wp-content\/uploads\/2021\/02\/Komplexes-und-unberechenbares-Umfeld.jpg","contentUrl":"https:\/\/www.m-q.ch\/wp-content\/uploads\/2021\/02\/Komplexes-und-unberechenbares-Umfeld.jpg","width":867,"height":562,"caption":"Komplexes und unberechenbares Umfeld"},{"@type":"BreadcrumbList","@id":"https:\/\/www.m-q.ch\/komplexes-und-unberechenbares-umfeld\/#breadcrumb","itemListElement":[{"@type":"ListItem","position":1,"name":"Business Excellence","item":"https:\/\/www.m-q.ch\/kategorie\/business_excellence\/"},{"@type":"ListItem","position":2,"name":"Komplexes und unberechenbares Umfeld"}]},{"@type":"WebSite","@id":"https:\/\/www.m-q.ch\/fr\/#website","url":"https:\/\/www.m-q.ch\/fr\/","name":"Gestione e qualit\u00e0 MQ","description":"Piattaforma per sistemi di gestione integrati.","publisher":{"@id":"https:\/\/www.m-q.ch\/fr\/#organization"},"potentialAction":[{"@type":"SearchAction","target":{"@type":"EntryPoint","urlTemplate":"https:\/\/www.m-q.ch\/fr\/?s={search_term_string}"},"query-input":{"@type":"PropertyValueSpecification","valueRequired":true,"valueName":"search_term_string"}}],"inLanguage":"it-IT"},{"@type":"Organization","@id":"https:\/\/www.m-q.ch\/fr\/#organization","name":"Galledia Fachmedien AG","url":"https:\/\/www.m-q.ch\/fr\/","logo":{"@type":"ImageObject","inLanguage":"it-IT","@id":"https:\/\/www.m-q.ch\/fr\/#\/schema\/logo\/image\/","url":"https:\/\/www.m-q.ch\/wp-content\/uploads\/2020\/12\/cropped-logo_small.png","contentUrl":"https:\/\/www.m-q.ch\/wp-content\/uploads\/2020\/12\/cropped-logo_small.png","width":512,"height":512,"caption":"Galledia Fachmedien AG"},"image":{"@id":"https:\/\/www.m-q.ch\/fr\/#\/schema\/logo\/image\/"},"sameAs":["https:\/\/www.facebook.com\/ManagementUndQualitaet","https:\/\/www.linkedin.com\/showcase\/17982321\/admin\/"]},{"@type":"Person","@id":"https:\/\/www.m-q.ch\/fr\/#\/schema\/person\/0bdf39ca27d0b9b779f5b8af54b3f7d7","name":"upwork_1","image":{"@type":"ImageObject","inLanguage":"it-IT","@id":"https:\/\/www.m-q.ch\/fr\/#\/schema\/person\/image\/","url":"https:\/\/secure.gravatar.com\/avatar\/04d4d0fdc5886d535809f17d0eace7f6?s=96&d=mm&r=g","contentUrl":"https:\/\/secure.gravatar.com\/avatar\/04d4d0fdc5886d535809f17d0eace7f6?s=96&d=mm&r=g","caption":"upwork_1"},"url":"https:\/\/www.m-q.ch\/it\/author\/upwork_1\/"}]}},"_links":{"self":[{"href":"https:\/\/www.m-q.ch\/it\/wp-json\/wp\/v2\/posts\/11647","targetHints":{"allow":["GET"]}}],"collection":[{"href":"https:\/\/www.m-q.ch\/it\/wp-json\/wp\/v2\/posts"}],"about":[{"href":"https:\/\/www.m-q.ch\/it\/wp-json\/wp\/v2\/types\/post"}],"author":[{"embeddable":true,"href":"https:\/\/www.m-q.ch\/it\/wp-json\/wp\/v2\/users\/66"}],"replies":[{"embeddable":true,"href":"https:\/\/www.m-q.ch\/it\/wp-json\/wp\/v2\/comments?post=11647"}],"version-history":[{"count":1,"href":"https:\/\/www.m-q.ch\/it\/wp-json\/wp\/v2\/posts\/11647\/revisions"}],"predecessor-version":[{"id":11669,"href":"https:\/\/www.m-q.ch\/it\/wp-json\/wp\/v2\/posts\/11647\/revisions\/11669"}],"wp:featuredmedia":[{"embeddable":true,"href":"https:\/\/www.m-q.ch\/it\/wp-json\/wp\/v2\/media\/11649"}],"wp:attachment":[{"href":"https:\/\/www.m-q.ch\/it\/wp-json\/wp\/v2\/media?parent=11647"}],"wp:term":[{"taxonomy":"category","embeddable":true,"href":"https:\/\/www.m-q.ch\/it\/wp-json\/wp\/v2\/categories?post=11647"},{"taxonomy":"post_tag","embeddable":true,"href":"https:\/\/www.m-q.ch\/it\/wp-json\/wp\/v2\/tags?post=11647"}],"curies":[{"name":"wp","href":"https:\/\/api.w.org\/{rel}","templated":true}]}}