{"id":11794,"date":"2016-09-01T08:17:49","date_gmt":"2016-09-01T06:17:49","guid":{"rendered":"https:\/\/www.m-q.ch\/?p=11794"},"modified":"2021-02-14T08:24:06","modified_gmt":"2021-02-14T07:24:06","slug":"18-giornata-delle-merci-pericolose-in-svizzera-presso-leuroporto-di-basilea-l8-giugno-2016","status":"publish","type":"post","link":"https:\/\/www.m-q.ch\/it\/18-gefahrguttag-schweiz-im-euroairport-basel-vom-8-juni-2016\/","title":{"rendered":"18\u00b0 Giornata delle merci pericolose in Svizzera all'EuroAirport Basel l'8 giugno 2016"},"content":{"rendered":"<p><img loading=\"lazy\" decoding=\"async\" class=\"alignnone size-full wp-image-11802\" src=\"https:\/\/www.m-q.ch\/wp-content\/uploads\/2021\/02\/18.-Gefahrguttag-Schweiz-im-EuroAirport-Basel-vom-8.-Juni-2016.jpg\" alt=\"18\u00b0 Giornata delle merci pericolose in Svizzera all&#039;EuroAirport Basel l&#039;8 giugno 2016\" width=\"877\" height=\"576\" srcset=\"https:\/\/www.m-q.ch\/wp-content\/uploads\/2021\/02\/18.-Gefahrguttag-Schweiz-im-EuroAirport-Basel-vom-8.-Juni-2016.jpg 877w, https:\/\/www.m-q.ch\/wp-content\/uploads\/2021\/02\/18.-Gefahrguttag-Schweiz-im-EuroAirport-Basel-vom-8.-Juni-2016-768x504.jpg 768w, https:\/\/www.m-q.ch\/wp-content\/uploads\/2021\/02\/18.-Gefahrguttag-Schweiz-im-EuroAirport-Basel-vom-8.-Juni-2016-16x12.jpg 16w, https:\/\/www.m-q.ch\/wp-content\/uploads\/2021\/02\/18.-Gefahrguttag-Schweiz-im-EuroAirport-Basel-vom-8.-Juni-2016-266x175.jpg 266w, https:\/\/www.m-q.ch\/wp-content\/uploads\/2021\/02\/18.-Gefahrguttag-Schweiz-im-EuroAirport-Basel-vom-8.-Juni-2016-533x350.jpg 533w, https:\/\/www.m-q.ch\/wp-content\/uploads\/2021\/02\/18.-Gefahrguttag-Schweiz-im-EuroAirport-Basel-vom-8.-Juni-2016-300x197.jpg 300w\" sizes=\"auto, (max-width: 877px) 100vw, 877px\" \/><\/p>\n<p>&nbsp;<\/p>\n<p>&nbsp;<\/p>\n<p>Vaste quantit\u00e0 di merci infiammabili, corrosive, tossiche e pericolose per l'ambiente sono trasportate ogni giorno su strada, ferrovia, nave e aria. \u00c8 tutt'altro che scontato che queste \"merci\" arrivino sane e salve a destinazione. Dopo tutto, quanto \u00e8 facile che rimangano bloccati in un contenitore difettoso, che vengano incautamente sferzati o che vengano trasportati insieme ad altre sostanze con le quali reagirebbero immediatamente dal punto di vista chimico se rilasciati?<\/p>\n<p>&nbsp;<\/p>\n<p>Gli incidenti gravi che coinvolgono merci pericolose sono fortunatamente molto rari, ma questo non \u00e8 dovuto solo alla fortuna. Piuttosto, \u00e8 l'aderenza consapevole ai regolamenti dettagliati su tutti gli aspetti della manipolazione delle merci pericolose che assicura condizioni di sicurezza.<\/p>\n<p><strong>Insieme complesso di regole <\/strong><br \/>\nVisti i volumi di merci pericolose trasportate, la globalizzazione in corso e lo sviluppo sempre pi\u00f9 rapido di nuovi prodotti e sostanze, sono necessari sforzi continui per garantire che le merci pericolose siano trasportate in modo sicuro a destinazione. Le convenzioni europee, che costituiscono il quadro essenziale per tutti gli aspetti del trasporto di merci pericolose su strada e su rotaia e sono valide in 48 Stati contraenti, sono quindi riviste ogni due anni.<\/p>\n<p>&nbsp;<\/p>\n<p>Beat Schmied dell'Ufficio federale delle strade ha informato i partecipanti alla Giornata delle merci pericolose sulle novit\u00e0 previste nell'edizione 2017 dell'ADR e delle relative norme svizzere SDR. A causa dei limiti di tempo, non \u00e8 stato in grado di spiegare ogni innovazione in dettaglio, ma \u00e8 stato in grado di dare preziose indicazioni su quali parti del regolamento saranno soggette a modifiche. Molte delle correzioni previste sono solo di natura editoriale, ma questo non significa affatto che debbano essere ignorate. Dopo tutto, il trasporto di merci pericolose \u00e8 pesantemente regolamentato a causa dei pericoli menzionati all'inizio e del gran numero di paesi coinvolti. Il diavolo \u00e8 quindi spesso nei dettagli, come il presidente della conferenza Ralf Mengwasser aveva gi\u00e0 avvertito nel suo discorso di benvenuto. Cos\u00ec, tra le innovazioni ce ne sono anche alcune che a prima vista possono sembrare poco chiare. D'altra parte, l'ADR 2017 presenta anche dei cambiamenti molto utili. Questi includono, per esempio, una definizione per il termine precedentemente non specificato \"veicolo ben ventilato\", che fornisce valori limite per l'anidride carbonica e l'ossigeno nell'aria.<\/p>\n<p><strong>Aumentare la competenza <\/strong><br \/>\nCome ogni anno, i moduli specialistici hanno offerto l'opportunit\u00e0 di dedicarsi a un tema specifico in gruppi e anche di porre domande ai relatori o di scambiare idee tra di loro. Oltre a uno sguardo approfondito sulle prossime innovazioni, c'erano altri sette moduli tra cui scegliere. Uno di questi era dedicato alla manutenzione degli IBC (Intermediate Bulk Containers) e dei serbatoi da cantiere e ha evidenziato le differenze e i vantaggi dei due tipi di contenimento. Il serbatoio del sito \u00e8 una peculiarit\u00e0 svizzera e pu\u00f2 essere utilizzato solo in Svizzera in conformit\u00e0 con la DSP. A differenza dell'IBC, pu\u00f2 essere riempito solo con gasolio, ma offre i vantaggi di un design pi\u00f9 robusto e intervalli di ispezione pi\u00f9 lunghi. I partecipanti al modulo hanno discusso la questione di come trattare gli IBC o le cisterne del sito in cui gli intervalli di ispezione sono stati saltati. Un altro modulo ha esaminato la classificazione spesso problematica dei rifiuti, usando tre casi diversi, e ha mostrato i modi in cui una classificazione ragionevole pu\u00f2 essere fatta usando i regolamenti disponibili. Particolare attenzione \u00e8 stata data alla questione del trasporto o della corretta etichettatura delle merci pericolose. I partecipanti non erano d'accordo sul fatto che si potesse ancora parlare di merci pericolose nel caso di un'esenzione secondo un regolamento speciale. Anche qui, il \"diavolo sembrava essere nei dettagli\", ma in vista della minaccia di multe in caso di documenti compilati in modo errato, i dettagli apparenti si trasformarono rapidamente in domande pesanti.<\/p>\n<p>&nbsp;<\/p>\n<p>Gli specialisti sono consapevoli delle molte insidie della legge sulle merci pericolose e sono quindi felici di partecipare ogni anno al Dangerous Goods Day per tenersi aggiornati e per saperne di pi\u00f9.<\/p>\n<p>&nbsp;<\/p>\n<p>Il Dangerous Goods Day Switzerland impartisce anche conoscenze specifiche sul trasporto nelle acque interne o nell'aria e completa la parte teorica con presentazioni su argomenti correlati, nonch\u00e9 moduli specialistici ed esercitazioni pratiche o tour. La prossima opportunit\u00e0 per i consulenti per la sicurezza delle merci pericolose, i funzionari addetti all'applicazione, gli spedizionieri o i produttori di merci pericolose di ottenere tali informazioni complete sar\u00e0 il 19\u00b0 Dangerous Goods Day Switzerland il 14 giugno 2017.<\/p>\n<p>&nbsp;<\/p>\n<p><em>Swiss TS Technical Services AG e GeFaSuisse organizzano ogni anno il Dangerous Goods Day Switzerland, informando sulle modifiche degli accordi europei sul trasporto di merci pericolose su strada (ADR) e su rotaia (RID). www.gefahrguttag.ch<\/em><\/p>","protected":false},"excerpt":{"rendered":"<p>&nbsp; &nbsp; Unmengen an entz\u00fcndbaren, \u00e4tzenden, toxischen sowie umweltgef\u00e4hrdenden G\u00fctern werden jeden Tag auf Strasse und Schiene sowie per Schiff und Flugzeug bef\u00f6rdert. Dass diese \u00abG\u00fcter\u00bb sicher am Bestimmungsort ankommen, ist alles andere als selbstverst\u00e4ndlich. Denn wie leicht k\u00f6nnten sie in einem defekten Gebinde stecken, nur nachl\u00e4ssig festgezurrt sein oder zusammen mit weiteren Stoffen transportiert [&hellip;]<\/p>\n","protected":false},"author":66,"featured_media":11802,"comment_status":"closed","ping_status":"closed","sticky":false,"template":"","format":"standard","meta":{"_acf_changed":false,"footnotes":""},"categories":[4448],"tags":[4785],"class_list":["post-11794","post","type-post","status-publish","format-standard","has-post-thumbnail","hentry","category-allgemein","tag-09-2016"],"acf":[],"yoast_head":"<!-- This site is optimized with the Yoast SEO plugin v26.2 - https:\/\/yoast.com\/wordpress\/plugins\/seo\/ -->\n<title>18. Gefahrguttag Schweiz im EuroAirport Basel vom 8. Juni 2016 - MQ Management und Qualit\u00e4t<\/title>\n<meta name=\"description\" content=\"Es ist nicht einfach, sich im Dickicht der europ\u00e4ischenRegelwerke zum Gefahrguttransport zurechtzufinden,zumal sie rund alle zwei Jahre revidiert werden.Eine gute Orientierungshilfe bietet hierbei derGefahrguttag, der auch deshalb l\u00e4ngst zur Institutiongeworden ist.\" \/>\n<meta name=\"robots\" content=\"index, follow, max-snippet:-1, max-image-preview:large, max-video-preview:-1\" \/>\n<link rel=\"canonical\" href=\"https:\/\/www.m-q.ch\/it\/18-giornata-delle-merci-pericolose-in-svizzera-presso-leuroporto-di-basilea-l8-giugno-2016\/\" \/>\n<meta property=\"og:locale\" content=\"it_IT\" \/>\n<meta property=\"og:type\" content=\"article\" \/>\n<meta property=\"og:title\" content=\"18. Gefahrguttag Schweiz im EuroAirport Basel vom 8. Juni 2016 - MQ Management und Qualit\u00e4t\" \/>\n<meta property=\"og:description\" content=\"Es ist nicht einfach, sich im Dickicht der europ\u00e4ischenRegelwerke zum Gefahrguttransport zurechtzufinden,zumal sie rund alle zwei Jahre revidiert werden.Eine gute Orientierungshilfe bietet hierbei derGefahrguttag, der auch deshalb l\u00e4ngst zur Institutiongeworden ist.\" \/>\n<meta property=\"og:url\" content=\"https:\/\/www.m-q.ch\/it\/18-giornata-delle-merci-pericolose-in-svizzera-presso-leuroporto-di-basilea-l8-giugno-2016\/\" \/>\n<meta property=\"og:site_name\" content=\"MQ Management und Qualit\u00e4t\" \/>\n<meta property=\"article:publisher\" content=\"https:\/\/www.facebook.com\/ManagementUndQualitaet\" \/>\n<meta property=\"article:published_time\" content=\"2016-09-01T06:17:49+00:00\" \/>\n<meta property=\"article:modified_time\" content=\"2021-02-14T07:24:06+00:00\" \/>\n<meta property=\"og:image\" content=\"https:\/\/www.m-q.ch\/wp-content\/uploads\/2021\/02\/18.-Gefahrguttag-Schweiz-im-EuroAirport-Basel-vom-8.-Juni-2016.jpg\" \/>\n\t<meta property=\"og:image:width\" content=\"877\" \/>\n\t<meta property=\"og:image:height\" content=\"576\" \/>\n\t<meta property=\"og:image:type\" content=\"image\/jpeg\" \/>\n<meta name=\"author\" content=\"upwork_1\" \/>\n<meta name=\"twitter:card\" content=\"summary_large_image\" \/>\n<meta name=\"twitter:label1\" content=\"Scritto da\" \/>\n\t<meta name=\"twitter:data1\" content=\"upwork_1\" \/>\n\t<meta name=\"twitter:label2\" content=\"Tempo di lettura stimato\" \/>\n\t<meta name=\"twitter:data2\" content=\"4 minuti\" \/>\n<script type=\"application\/ld+json\" class=\"yoast-schema-graph\">{\"@context\":\"https:\/\/schema.org\",\"@graph\":[{\"@type\":\"Article\",\"@id\":\"https:\/\/www.m-q.ch\/18-gefahrguttag-schweiz-im-euroairport-basel-vom-8-juni-2016\/#article\",\"isPartOf\":{\"@id\":\"https:\/\/www.m-q.ch\/18-gefahrguttag-schweiz-im-euroairport-basel-vom-8-juni-2016\/\"},\"author\":{\"name\":\"upwork_1\",\"@id\":\"https:\/\/www.m-q.ch\/fr\/#\/schema\/person\/0bdf39ca27d0b9b779f5b8af54b3f7d7\"},\"headline\":\"18. Gefahrguttag Schweiz im EuroAirport Basel vom 8. Juni 2016\",\"datePublished\":\"2016-09-01T06:17:49+00:00\",\"dateModified\":\"2021-02-14T07:24:06+00:00\",\"mainEntityOfPage\":{\"@id\":\"https:\/\/www.m-q.ch\/18-gefahrguttag-schweiz-im-euroairport-basel-vom-8-juni-2016\/\"},\"wordCount\":734,\"publisher\":{\"@id\":\"https:\/\/www.m-q.ch\/fr\/#organization\"},\"image\":{\"@id\":\"https:\/\/www.m-q.ch\/18-gefahrguttag-schweiz-im-euroairport-basel-vom-8-juni-2016\/#primaryimage\"},\"thumbnailUrl\":\"https:\/\/www.m-q.ch\/wp-content\/uploads\/2021\/02\/18.-Gefahrguttag-Schweiz-im-EuroAirport-Basel-vom-8.-Juni-2016.jpg\",\"keywords\":[\"09\/2016\"],\"articleSection\":[\"Allgemein\"],\"inLanguage\":\"it-IT\"},{\"@type\":\"WebPage\",\"@id\":\"https:\/\/www.m-q.ch\/18-gefahrguttag-schweiz-im-euroairport-basel-vom-8-juni-2016\/\",\"url\":\"https:\/\/www.m-q.ch\/18-gefahrguttag-schweiz-im-euroairport-basel-vom-8-juni-2016\/\",\"name\":\"18. Gefahrguttag Schweiz im EuroAirport Basel vom 8. Juni 2016 - MQ Management und Qualit\u00e4t\",\"isPartOf\":{\"@id\":\"https:\/\/www.m-q.ch\/fr\/#website\"},\"primaryImageOfPage\":{\"@id\":\"https:\/\/www.m-q.ch\/18-gefahrguttag-schweiz-im-euroairport-basel-vom-8-juni-2016\/#primaryimage\"},\"image\":{\"@id\":\"https:\/\/www.m-q.ch\/18-gefahrguttag-schweiz-im-euroairport-basel-vom-8-juni-2016\/#primaryimage\"},\"thumbnailUrl\":\"https:\/\/www.m-q.ch\/wp-content\/uploads\/2021\/02\/18.-Gefahrguttag-Schweiz-im-EuroAirport-Basel-vom-8.-Juni-2016.jpg\",\"datePublished\":\"2016-09-01T06:17:49+00:00\",\"dateModified\":\"2021-02-14T07:24:06+00:00\",\"description\":\"Es ist nicht einfach, sich im Dickicht der europ\u00e4ischenRegelwerke zum Gefahrguttransport zurechtzufinden,zumal sie rund alle zwei Jahre revidiert werden.Eine gute Orientierungshilfe bietet hierbei derGefahrguttag, der auch deshalb l\u00e4ngst zur Institutiongeworden ist.\",\"breadcrumb\":{\"@id\":\"https:\/\/www.m-q.ch\/18-gefahrguttag-schweiz-im-euroairport-basel-vom-8-juni-2016\/#breadcrumb\"},\"inLanguage\":\"it-IT\",\"potentialAction\":[{\"@type\":\"ReadAction\",\"target\":[\"https:\/\/www.m-q.ch\/18-gefahrguttag-schweiz-im-euroairport-basel-vom-8-juni-2016\/\"]}]},{\"@type\":\"ImageObject\",\"inLanguage\":\"it-IT\",\"@id\":\"https:\/\/www.m-q.ch\/18-gefahrguttag-schweiz-im-euroairport-basel-vom-8-juni-2016\/#primaryimage\",\"url\":\"https:\/\/www.m-q.ch\/wp-content\/uploads\/2021\/02\/18.-Gefahrguttag-Schweiz-im-EuroAirport-Basel-vom-8.-Juni-2016.jpg\",\"contentUrl\":\"https:\/\/www.m-q.ch\/wp-content\/uploads\/2021\/02\/18.-Gefahrguttag-Schweiz-im-EuroAirport-Basel-vom-8.-Juni-2016.jpg\",\"width\":877,\"height\":576,\"caption\":\"18. Gefahrguttag Schweiz im EuroAirport Basel vom 8. Juni 2016\"},{\"@type\":\"BreadcrumbList\",\"@id\":\"https:\/\/www.m-q.ch\/18-gefahrguttag-schweiz-im-euroairport-basel-vom-8-juni-2016\/#breadcrumb\",\"itemListElement\":[{\"@type\":\"ListItem\",\"position\":1,\"name\":\"Allgemein\",\"item\":\"https:\/\/www.m-q.ch\/kategorie\/allgemein\/\"},{\"@type\":\"ListItem\",\"position\":2,\"name\":\"18. Gefahrguttag Schweiz im EuroAirport Basel vom 8. Juni 2016\"}]},{\"@type\":\"WebSite\",\"@id\":\"https:\/\/www.m-q.ch\/fr\/#website\",\"url\":\"https:\/\/www.m-q.ch\/fr\/\",\"name\":\"MQ Management und Qualit\u00e4t\",\"description\":\"Plattform f\u00fcr integrierte Managementsysteme.\",\"publisher\":{\"@id\":\"https:\/\/www.m-q.ch\/fr\/#organization\"},\"potentialAction\":[{\"@type\":\"SearchAction\",\"target\":{\"@type\":\"EntryPoint\",\"urlTemplate\":\"https:\/\/www.m-q.ch\/fr\/?s={search_term_string}\"},\"query-input\":{\"@type\":\"PropertyValueSpecification\",\"valueRequired\":true,\"valueName\":\"search_term_string\"}}],\"inLanguage\":\"it-IT\"},{\"@type\":\"Organization\",\"@id\":\"https:\/\/www.m-q.ch\/fr\/#organization\",\"name\":\"Galledia Fachmedien AG\",\"url\":\"https:\/\/www.m-q.ch\/fr\/\",\"logo\":{\"@type\":\"ImageObject\",\"inLanguage\":\"it-IT\",\"@id\":\"https:\/\/www.m-q.ch\/fr\/#\/schema\/logo\/image\/\",\"url\":\"https:\/\/www.m-q.ch\/wp-content\/uploads\/2020\/12\/cropped-logo_small.png\",\"contentUrl\":\"https:\/\/www.m-q.ch\/wp-content\/uploads\/2020\/12\/cropped-logo_small.png\",\"width\":512,\"height\":512,\"caption\":\"Galledia Fachmedien AG\"},\"image\":{\"@id\":\"https:\/\/www.m-q.ch\/fr\/#\/schema\/logo\/image\/\"},\"sameAs\":[\"https:\/\/www.facebook.com\/ManagementUndQualitaet\",\"https:\/\/www.linkedin.com\/showcase\/17982321\/admin\/\"]},{\"@type\":\"Person\",\"@id\":\"https:\/\/www.m-q.ch\/fr\/#\/schema\/person\/0bdf39ca27d0b9b779f5b8af54b3f7d7\",\"name\":\"upwork_1\",\"image\":{\"@type\":\"ImageObject\",\"inLanguage\":\"it-IT\",\"@id\":\"https:\/\/www.m-q.ch\/fr\/#\/schema\/person\/image\/\",\"url\":\"https:\/\/secure.gravatar.com\/avatar\/04d4d0fdc5886d535809f17d0eace7f6?s=96&d=mm&r=g\",\"contentUrl\":\"https:\/\/secure.gravatar.com\/avatar\/04d4d0fdc5886d535809f17d0eace7f6?s=96&d=mm&r=g\",\"caption\":\"upwork_1\"},\"url\":\"https:\/\/www.m-q.ch\/it\/author\/upwork_1\/\"}]}<\/script>\n<!-- \/ Yoast SEO plugin. -->","yoast_head_json":{"title":"18\u00b0 Giornata delle merci pericolose Svizzera all'EuroAirport Basel l'8 giugno 2016 - MQ Management and Quality","description":"Non \u00e8 facile orientarsi nella selva di regolamenti europei sul trasporto di merci pericolose, soprattutto perch\u00e9 vengono rivisti ogni due anni circa.","robots":{"index":"index","follow":"follow","max-snippet":"max-snippet:-1","max-image-preview":"max-image-preview:large","max-video-preview":"max-video-preview:-1"},"canonical":"https:\/\/www.m-q.ch\/it\/18-giornata-delle-merci-pericolose-in-svizzera-presso-leuroporto-di-basilea-l8-giugno-2016\/","og_locale":"it_IT","og_type":"article","og_title":"18. Gefahrguttag Schweiz im EuroAirport Basel vom 8. Juni 2016 - MQ Management und Qualit\u00e4t","og_description":"Es ist nicht einfach, sich im Dickicht der europ\u00e4ischenRegelwerke zum Gefahrguttransport zurechtzufinden,zumal sie rund alle zwei Jahre revidiert werden.Eine gute Orientierungshilfe bietet hierbei derGefahrguttag, der auch deshalb l\u00e4ngst zur Institutiongeworden ist.","og_url":"https:\/\/www.m-q.ch\/it\/18-giornata-delle-merci-pericolose-in-svizzera-presso-leuroporto-di-basilea-l8-giugno-2016\/","og_site_name":"MQ Management und Qualit\u00e4t","article_publisher":"https:\/\/www.facebook.com\/ManagementUndQualitaet","article_published_time":"2016-09-01T06:17:49+00:00","article_modified_time":"2021-02-14T07:24:06+00:00","og_image":[{"width":877,"height":576,"url":"https:\/\/www.m-q.ch\/wp-content\/uploads\/2021\/02\/18.-Gefahrguttag-Schweiz-im-EuroAirport-Basel-vom-8.-Juni-2016.jpg","type":"image\/jpeg"}],"author":"upwork_1","twitter_card":"summary_large_image","twitter_misc":{"Scritto da":"upwork_1","Tempo di lettura stimato":"4 minuti"},"schema":{"@context":"https:\/\/schema.org","@graph":[{"@type":"Article","@id":"https:\/\/www.m-q.ch\/18-gefahrguttag-schweiz-im-euroairport-basel-vom-8-juni-2016\/#article","isPartOf":{"@id":"https:\/\/www.m-q.ch\/18-gefahrguttag-schweiz-im-euroairport-basel-vom-8-juni-2016\/"},"author":{"name":"upwork_1","@id":"https:\/\/www.m-q.ch\/fr\/#\/schema\/person\/0bdf39ca27d0b9b779f5b8af54b3f7d7"},"headline":"18. Gefahrguttag Schweiz im EuroAirport Basel vom 8. Juni 2016","datePublished":"2016-09-01T06:17:49+00:00","dateModified":"2021-02-14T07:24:06+00:00","mainEntityOfPage":{"@id":"https:\/\/www.m-q.ch\/18-gefahrguttag-schweiz-im-euroairport-basel-vom-8-juni-2016\/"},"wordCount":734,"publisher":{"@id":"https:\/\/www.m-q.ch\/fr\/#organization"},"image":{"@id":"https:\/\/www.m-q.ch\/18-gefahrguttag-schweiz-im-euroairport-basel-vom-8-juni-2016\/#primaryimage"},"thumbnailUrl":"https:\/\/www.m-q.ch\/wp-content\/uploads\/2021\/02\/18.-Gefahrguttag-Schweiz-im-EuroAirport-Basel-vom-8.-Juni-2016.jpg","keywords":["09\/2016"],"articleSection":["Allgemein"],"inLanguage":"it-IT"},{"@type":"WebPage","@id":"https:\/\/www.m-q.ch\/18-gefahrguttag-schweiz-im-euroairport-basel-vom-8-juni-2016\/","url":"https:\/\/www.m-q.ch\/18-gefahrguttag-schweiz-im-euroairport-basel-vom-8-juni-2016\/","name":"18\u00b0 Giornata delle merci pericolose Svizzera all'EuroAirport Basel l'8 giugno 2016 - MQ Management and Quality","isPartOf":{"@id":"https:\/\/www.m-q.ch\/fr\/#website"},"primaryImageOfPage":{"@id":"https:\/\/www.m-q.ch\/18-gefahrguttag-schweiz-im-euroairport-basel-vom-8-juni-2016\/#primaryimage"},"image":{"@id":"https:\/\/www.m-q.ch\/18-gefahrguttag-schweiz-im-euroairport-basel-vom-8-juni-2016\/#primaryimage"},"thumbnailUrl":"https:\/\/www.m-q.ch\/wp-content\/uploads\/2021\/02\/18.-Gefahrguttag-Schweiz-im-EuroAirport-Basel-vom-8.-Juni-2016.jpg","datePublished":"2016-09-01T06:17:49+00:00","dateModified":"2021-02-14T07:24:06+00:00","description":"Non \u00e8 facile orientarsi nella selva di regolamenti europei sul trasporto di merci pericolose, soprattutto perch\u00e9 vengono rivisti ogni due anni circa.","breadcrumb":{"@id":"https:\/\/www.m-q.ch\/18-gefahrguttag-schweiz-im-euroairport-basel-vom-8-juni-2016\/#breadcrumb"},"inLanguage":"it-IT","potentialAction":[{"@type":"ReadAction","target":["https:\/\/www.m-q.ch\/18-gefahrguttag-schweiz-im-euroairport-basel-vom-8-juni-2016\/"]}]},{"@type":"ImageObject","inLanguage":"it-IT","@id":"https:\/\/www.m-q.ch\/18-gefahrguttag-schweiz-im-euroairport-basel-vom-8-juni-2016\/#primaryimage","url":"https:\/\/www.m-q.ch\/wp-content\/uploads\/2021\/02\/18.-Gefahrguttag-Schweiz-im-EuroAirport-Basel-vom-8.-Juni-2016.jpg","contentUrl":"https:\/\/www.m-q.ch\/wp-content\/uploads\/2021\/02\/18.-Gefahrguttag-Schweiz-im-EuroAirport-Basel-vom-8.-Juni-2016.jpg","width":877,"height":576,"caption":"18. Gefahrguttag Schweiz im EuroAirport Basel vom 8. Juni 2016"},{"@type":"BreadcrumbList","@id":"https:\/\/www.m-q.ch\/18-gefahrguttag-schweiz-im-euroairport-basel-vom-8-juni-2016\/#breadcrumb","itemListElement":[{"@type":"ListItem","position":1,"name":"Allgemein","item":"https:\/\/www.m-q.ch\/kategorie\/allgemein\/"},{"@type":"ListItem","position":2,"name":"18. Gefahrguttag Schweiz im EuroAirport Basel vom 8. Juni 2016"}]},{"@type":"WebSite","@id":"https:\/\/www.m-q.ch\/fr\/#website","url":"https:\/\/www.m-q.ch\/fr\/","name":"Gestione e qualit\u00e0 MQ","description":"Piattaforma per sistemi di gestione integrati.","publisher":{"@id":"https:\/\/www.m-q.ch\/fr\/#organization"},"potentialAction":[{"@type":"SearchAction","target":{"@type":"EntryPoint","urlTemplate":"https:\/\/www.m-q.ch\/fr\/?s={search_term_string}"},"query-input":{"@type":"PropertyValueSpecification","valueRequired":true,"valueName":"search_term_string"}}],"inLanguage":"it-IT"},{"@type":"Organization","@id":"https:\/\/www.m-q.ch\/fr\/#organization","name":"Galledia Fachmedien AG","url":"https:\/\/www.m-q.ch\/fr\/","logo":{"@type":"ImageObject","inLanguage":"it-IT","@id":"https:\/\/www.m-q.ch\/fr\/#\/schema\/logo\/image\/","url":"https:\/\/www.m-q.ch\/wp-content\/uploads\/2020\/12\/cropped-logo_small.png","contentUrl":"https:\/\/www.m-q.ch\/wp-content\/uploads\/2020\/12\/cropped-logo_small.png","width":512,"height":512,"caption":"Galledia Fachmedien AG"},"image":{"@id":"https:\/\/www.m-q.ch\/fr\/#\/schema\/logo\/image\/"},"sameAs":["https:\/\/www.facebook.com\/ManagementUndQualitaet","https:\/\/www.linkedin.com\/showcase\/17982321\/admin\/"]},{"@type":"Person","@id":"https:\/\/www.m-q.ch\/fr\/#\/schema\/person\/0bdf39ca27d0b9b779f5b8af54b3f7d7","name":"upwork_1","image":{"@type":"ImageObject","inLanguage":"it-IT","@id":"https:\/\/www.m-q.ch\/fr\/#\/schema\/person\/image\/","url":"https:\/\/secure.gravatar.com\/avatar\/04d4d0fdc5886d535809f17d0eace7f6?s=96&d=mm&r=g","contentUrl":"https:\/\/secure.gravatar.com\/avatar\/04d4d0fdc5886d535809f17d0eace7f6?s=96&d=mm&r=g","caption":"upwork_1"},"url":"https:\/\/www.m-q.ch\/it\/author\/upwork_1\/"}]}},"_links":{"self":[{"href":"https:\/\/www.m-q.ch\/it\/wp-json\/wp\/v2\/posts\/11794","targetHints":{"allow":["GET"]}}],"collection":[{"href":"https:\/\/www.m-q.ch\/it\/wp-json\/wp\/v2\/posts"}],"about":[{"href":"https:\/\/www.m-q.ch\/it\/wp-json\/wp\/v2\/types\/post"}],"author":[{"embeddable":true,"href":"https:\/\/www.m-q.ch\/it\/wp-json\/wp\/v2\/users\/66"}],"replies":[{"embeddable":true,"href":"https:\/\/www.m-q.ch\/it\/wp-json\/wp\/v2\/comments?post=11794"}],"version-history":[{"count":1,"href":"https:\/\/www.m-q.ch\/it\/wp-json\/wp\/v2\/posts\/11794\/revisions"}],"predecessor-version":[{"id":11803,"href":"https:\/\/www.m-q.ch\/it\/wp-json\/wp\/v2\/posts\/11794\/revisions\/11803"}],"wp:featuredmedia":[{"embeddable":true,"href":"https:\/\/www.m-q.ch\/it\/wp-json\/wp\/v2\/media\/11802"}],"wp:attachment":[{"href":"https:\/\/www.m-q.ch\/it\/wp-json\/wp\/v2\/media?parent=11794"}],"wp:term":[{"taxonomy":"category","embeddable":true,"href":"https:\/\/www.m-q.ch\/it\/wp-json\/wp\/v2\/categories?post=11794"},{"taxonomy":"post_tag","embeddable":true,"href":"https:\/\/www.m-q.ch\/it\/wp-json\/wp\/v2\/tags?post=11794"}],"curies":[{"name":"wp","href":"https:\/\/api.w.org\/{rel}","templated":true}]}}