{"id":11813,"date":"2016-08-13T08:44:42","date_gmt":"2016-08-13T06:44:42","guid":{"rendered":"https:\/\/www.m-q.ch\/?p=11813"},"modified":"2021-02-14T08:58:09","modified_gmt":"2021-02-14T07:58:09","slug":"la-svizzera-e-i-rischi-globali","status":"publish","type":"post","link":"https:\/\/www.m-q.ch\/it\/schweiz-und-globale-risiken\/","title":{"rendered":"La Svizzera e i rischi globali"},"content":{"rendered":"<p><img loading=\"lazy\" decoding=\"async\" class=\"alignnone size-full wp-image-11814\" src=\"https:\/\/www.m-q.ch\/wp-content\/uploads\/2021\/02\/Schweiz-und-globale-Risiken.jpg\" alt=\"La Svizzera e i rischi globali\" width=\"872\" height=\"504\" srcset=\"https:\/\/www.m-q.ch\/wp-content\/uploads\/2021\/02\/Schweiz-und-globale-Risiken.jpg 872w, https:\/\/www.m-q.ch\/wp-content\/uploads\/2021\/02\/Schweiz-und-globale-Risiken-768x444.jpg 768w, https:\/\/www.m-q.ch\/wp-content\/uploads\/2021\/02\/Schweiz-und-globale-Risiken-16x9.jpg 16w, https:\/\/www.m-q.ch\/wp-content\/uploads\/2021\/02\/Schweiz-und-globale-Risiken-303x175.jpg 303w, https:\/\/www.m-q.ch\/wp-content\/uploads\/2021\/02\/Schweiz-und-globale-Risiken-606x350.jpg 606w, https:\/\/www.m-q.ch\/wp-content\/uploads\/2021\/02\/Schweiz-und-globale-Risiken-300x173.jpg 300w\" sizes=\"auto, (max-width: 872px) 100vw, 872px\" \/><\/p>\n<p>&nbsp;<\/p>\n<p>&nbsp;<\/p>\n<p>&nbsp;<\/p>\n<p><em><strong>P<\/strong><\/em>voli alla cieca tra Parigi e Mosca, l'economia instabile in Asia, le crisi nei mercati emergenti come il Brasile o il Cile, una Brexit improvvisa: la situazione economica volatile e il numero crescente di insolvenze, per esempio, stanno aumentando il rischio che le aziende rimangano sedute sulle loro bollette. In realt\u00e0, l'assicurazione del credito protegge da questo. Indubbiamente, la Brexit ufficiale che scuote l'Unione Europea dal 23 giugno 2016, rimane un viaggio nebbioso verso l'ignoto per quanto riguarda l'economia futura e lo sviluppo dei mercati mondiali. Anche senza lo speciale status politico del Commonwealth, la sterlina britannica e l'euro stanno affondando sempre di pi\u00f9.<\/p>\n<p>&nbsp;<\/p>\n<p>Gli studi degli esperti di credito sottolineano: Per la prima volta in sette anni, le insolvenze globali sono di nuovo in aumento. Questo non riguarda solo i mercati emergenti come il Brasile e Taiwan, ma anche i pi\u00f9 importanti partner commerciali degli esportatori svizzeri. Nel 2015, l'assicuratore del credito Euler Hermes ha registrato il tre per cento in pi\u00f9 di insolvenze aziendali negli Stati Uniti, un aumento di ben il venti per cento in Cina, e l'uno per cento nel Regno Unito.<\/p>\n<p>&nbsp;<\/p>\n<p>Qual \u00e8 dunque la situazione per le PMI svizzere? Il rischio di perdite di valuta \u00e8 ora cos\u00ec alto che gli assicuratori stanno tagliando i loro limiti. Mentre altri paesi hanno reagito da tempo con limiti non annullabili, questo tipo di protezione non \u00e8 ancora un'alternativa per gli assicuratori del credito stabiliti in Svizzera e in Germania.<\/p>\n<p><strong>Problemi strutturali<\/strong><br \/>\nNon \u00e8 solo la Brexit che sta prendendo il suo pedaggio. I crolli dei prezzi stanno circolando in tutto il mondo. Euler Hermes sottolinea nel suo 2016 Export Risk Monitor che le rapide variazioni dei prezzi \"colpiscono anche le aziende il cui merito di credito \u00e8 effettivamente in buona forma\". Per esempio, il calo dei prezzi del petrolio o la sovrapproduzione di acciaio in Cina stanno minando intere industrie - e quindi abbassando automaticamente il rating dei singoli commercianti di acciaio o delle compagnie energetiche.<\/p>\n<p>&nbsp;<\/p>\n<p>Tuttavia, la Svizzera potrebbe non essere colpita economicamente come la Germania nel prossimo futuro. I settori svizzeri che avranno le maggiori difficolt\u00e0 nel prossimo futuro per motivi normativi: Macchinari, industria elettrica e metallurgica, agro-cultura domestica, alimentare e chimica.<\/p>\n<p>&nbsp;<\/p>\n<p>Quindi non \u00e8 una coincidenza che i posti di lavoro siano stati tagliati gi\u00e0 l'anno scorso: Migliaia di posti di lavoro sono stati tagliati in Svizzera o colpiti dal lavoro a orario ridotto. Le aziende del settore industriale sono state particolarmente colpite. Dopo che la Banca nazionale svizzera ha abbandonato il tasso di cambio minimo all'inizio del 2015, le imprese orientate all'esportazione hanno subito la pressione del franco pi\u00f9 forte.<\/p>\n<p>&nbsp;<\/p>\n<p><em><strong>Tuttavia, questo significa anche per un assicuratore: abbassare o fissare i limiti di assicurazione.<\/strong><\/em><\/p>\n<p>&nbsp;<\/p>\n<p>Quindi \u00e8 stato turbolento per le aziende di esportazione anche prima della Brexit. La produzione in Svizzera \u00e8 stata ostacolata negli ultimi anni da nuovi requisiti tecnologici e dalla legislazione energetica. Per esempio, il gruppo Schindler ha dovuto tagliare 120 posti di lavoro nella sua sede di Ebikon, Lucerna, perch\u00e9 la produzione di componenti per ascensori, attrezzature e manutenzione di ascensori sta raggiungendo nuove dimensioni.<\/p>\n<p>&nbsp;<\/p>\n<p>Non sono solo molte piccole imprese tecnologiche e di ricerca che devono ridefinire i loro modelli di business, tagliare interi dipartimenti o delocalizzare in paesi di produzione pi\u00f9 economici. Come riferiscono le agenzie pi\u00f9 grandi, anche i settori di successo sono sempre pi\u00f9 esposti ai rischi di prezzo.<\/p>\n<p><strong>Alternativa all'assicurazione?<\/strong><br \/>\nVaucher Manufacture Fleurier (VMF), il produttore di movimenti per orologi di lusso di Neuch\u00e2tel, sta tagliando pi\u00f9 di un terzo dei suoi posti di lavoro. Il gruppo vede i licenziamenti di massa come l'unico modo per assicurare il suo futuro a lungo termine. Anche i gruppi di beni di lusso come Richemont non brillano pi\u00f9 cos\u00ec tanto. Il gruppo svizzero vuole tagliare fino a 350 posti di lavoro nella Svizzera francese quest'anno. La grande societ\u00e0 giustifica questi tagli con il franco forte e il crollo del turismo europeo.<\/p>\n<p>&nbsp;<\/p>\n<p>Tali esempi dovrebbero essere chiari segnali per aggiustare la valutazione del rischio. Con l'aumento delle potenziali chiusure di aziende, aumenta anche il volume delle fatture non pagate. \"Nell'attuale turbolenza dei mercati, Euler Hermes vede una serie di misure necessarie per proteggere la redditivit\u00e0\", dice l'assicuratore del credito nel suo primo rapporto trimestrale.<\/p>\n<p>&nbsp;<\/p>\n<p>Euler Hermes non \u00e8 solo in questo: negli ultimi mesi, la societ\u00e0 di liquidit\u00e0 GFL ha notato che anche altri assicuratori come Atradius o Coface stanno sempre pi\u00f9 abbassando i loro limiti o rifiutando la copertura fin dall'inizio.<\/p>\n<p>&nbsp;<\/p>\n<p>\"L'assicuratore del credito svolge cos\u00ec una funzione di allarme precoce\", dice l'amministratore delegato della GFL Marcus Sarafin. \"Il cliente si accorge che il rischio aziendale \u00e8 aumentato e pu\u00f2 reagire ad esso\". Tuttavia, dice che il sistema non \u00e8 giusto: \"Il cliente ha sempre pagato in tempi buoni, ma appena la situazione diventa difficile, viene lasciato fuori al freddo\".<\/p>\n<p>&nbsp;<\/p>\n<p>Le coperture non annullabili da sole potrebbero offrire una soluzione che, come suggerisce il nome, \u00e8 regolata dalla parte dell'assicuratore (per una durata fissa, di solito dodici mesi). Cos\u00ec, l'imprenditore assicurato dovrebbe essere in grado di affrontare bene il volume e il rischio per i prossimi mesi. Diversi assicuratori all'estero offrono gi\u00e0 tali soluzioni, ma questo tipo di limite non \u00e8 cos\u00ec popolare tra i fornitori di lunga data in Germania e Svizzera. Forse anche per questo motivo: un volume corrispondente - dimensione limite da circa cinque milioni di dollari USA in su - \u00e8 un prerequisito qui.<\/p>\n<p>&nbsp;<\/p>\n<p>Come potrebbero comunque le piccole e medie imprese svizzere proteggersi nei prossimi mesi dalla nebulosa situazione economica europea dopo la Brexit? Attualmente non esiste n\u00e9 una protezione completa n\u00e9 una soluzione. Le imprese regionali potrebbero forse controllare ancora meglio i loro costi amministrativi. \u00c8 consigliabile investire in paesi e aree di business gestibili.<\/p>","protected":false},"excerpt":{"rendered":"<p>&nbsp; &nbsp; &nbsp; Politische Blindfl\u00fcge zwischen Paris und Moskau, die instabile Wirtschaft in Asien, Krisen in Schwellenl\u00e4ndern wie Brasilien oder Chile, ein urpl\u00f6tzlicher Brexit: Durch die volatile Wirtschaftslage und die zunehmende Zahl der Insolvenzen steigt beispielsweise das Risiko, dass Unternehmen auf ihren Rechnungen sitzen bleiben. Eigentlich sch\u00fctzt davor eine Kreditversicherung. Zweifellos, der offizielle Brexit, der [&hellip;]<\/p>\n","protected":false},"author":66,"featured_media":11814,"comment_status":"closed","ping_status":"closed","sticky":false,"template":"","format":"standard","meta":{"_acf_changed":false,"footnotes":""},"categories":[4],"tags":[4784],"class_list":["post-11813","post","type-post","status-publish","format-standard","has-post-thumbnail","hentry","category-risikomanagement","tag-07-08-2016"],"acf":[],"yoast_head":"<!-- This site is optimized with the Yoast SEO plugin v26.2 - https:\/\/yoast.com\/wordpress\/plugins\/seo\/ -->\n<title>Schweiz und globale Risiken - MQ Management und Qualit\u00e4t<\/title>\n<meta name=\"description\" content=\"In vielen Wachstumsm\u00e4rkten, offenbar auchin England, steigen die Risiken zur sinkendenZahlungsmoral. 2016 wurden mehr Insolvenzen beiExportbetrieben sowie strategische Auslagerungenins nahe Ausland verzeichnet. Welche Absicherungsbed\u00fcrfnisse sind nun f\u00fcr in der Schweiz t\u00e4tigeUnternehmen gegeben?\" \/>\n<meta name=\"robots\" content=\"index, follow, max-snippet:-1, max-image-preview:large, max-video-preview:-1\" \/>\n<link rel=\"canonical\" href=\"https:\/\/www.m-q.ch\/it\/la-svizzera-e-i-rischi-globali\/\" \/>\n<meta property=\"og:locale\" content=\"it_IT\" \/>\n<meta property=\"og:type\" content=\"article\" \/>\n<meta property=\"og:title\" content=\"Schweiz und globale Risiken - MQ Management und Qualit\u00e4t\" \/>\n<meta property=\"og:description\" content=\"In vielen Wachstumsm\u00e4rkten, offenbar auchin England, steigen die Risiken zur sinkendenZahlungsmoral. 2016 wurden mehr Insolvenzen beiExportbetrieben sowie strategische Auslagerungenins nahe Ausland verzeichnet. Welche Absicherungsbed\u00fcrfnisse sind nun f\u00fcr in der Schweiz t\u00e4tigeUnternehmen gegeben?\" \/>\n<meta property=\"og:url\" content=\"https:\/\/www.m-q.ch\/it\/la-svizzera-e-i-rischi-globali\/\" \/>\n<meta property=\"og:site_name\" content=\"MQ Management und Qualit\u00e4t\" \/>\n<meta property=\"article:publisher\" content=\"https:\/\/www.facebook.com\/ManagementUndQualitaet\" \/>\n<meta property=\"article:published_time\" content=\"2016-08-13T06:44:42+00:00\" \/>\n<meta property=\"article:modified_time\" content=\"2021-02-14T07:58:09+00:00\" \/>\n<meta property=\"og:image\" content=\"https:\/\/www.m-q.ch\/wp-content\/uploads\/2021\/02\/Schweiz-und-globale-Risiken.jpg\" \/>\n\t<meta property=\"og:image:width\" content=\"872\" \/>\n\t<meta property=\"og:image:height\" content=\"504\" \/>\n\t<meta property=\"og:image:type\" content=\"image\/jpeg\" \/>\n<meta name=\"author\" content=\"upwork_1\" \/>\n<meta name=\"twitter:card\" content=\"summary_large_image\" \/>\n<meta name=\"twitter:label1\" content=\"Scritto da\" \/>\n\t<meta name=\"twitter:data1\" content=\"upwork_1\" \/>\n\t<meta name=\"twitter:label2\" content=\"Tempo di lettura stimato\" \/>\n\t<meta name=\"twitter:data2\" content=\"4 minuti\" \/>\n<script type=\"application\/ld+json\" class=\"yoast-schema-graph\">{\"@context\":\"https:\/\/schema.org\",\"@graph\":[{\"@type\":\"Article\",\"@id\":\"https:\/\/www.m-q.ch\/schweiz-und-globale-risiken\/#article\",\"isPartOf\":{\"@id\":\"https:\/\/www.m-q.ch\/schweiz-und-globale-risiken\/\"},\"author\":{\"name\":\"upwork_1\",\"@id\":\"https:\/\/www.m-q.ch\/fr\/#\/schema\/person\/0bdf39ca27d0b9b779f5b8af54b3f7d7\"},\"headline\":\"Schweiz und globale Risiken\",\"datePublished\":\"2016-08-13T06:44:42+00:00\",\"dateModified\":\"2021-02-14T07:58:09+00:00\",\"mainEntityOfPage\":{\"@id\":\"https:\/\/www.m-q.ch\/schweiz-und-globale-risiken\/\"},\"wordCount\":877,\"publisher\":{\"@id\":\"https:\/\/www.m-q.ch\/fr\/#organization\"},\"image\":{\"@id\":\"https:\/\/www.m-q.ch\/schweiz-und-globale-risiken\/#primaryimage\"},\"thumbnailUrl\":\"https:\/\/www.m-q.ch\/wp-content\/uploads\/2021\/02\/Schweiz-und-globale-Risiken.jpg\",\"keywords\":[\"07\u201308\/2016\"],\"articleSection\":[\"Risikomanagement\"],\"inLanguage\":\"it-IT\"},{\"@type\":\"WebPage\",\"@id\":\"https:\/\/www.m-q.ch\/schweiz-und-globale-risiken\/\",\"url\":\"https:\/\/www.m-q.ch\/schweiz-und-globale-risiken\/\",\"name\":\"Schweiz und globale Risiken - MQ Management und Qualit\u00e4t\",\"isPartOf\":{\"@id\":\"https:\/\/www.m-q.ch\/fr\/#website\"},\"primaryImageOfPage\":{\"@id\":\"https:\/\/www.m-q.ch\/schweiz-und-globale-risiken\/#primaryimage\"},\"image\":{\"@id\":\"https:\/\/www.m-q.ch\/schweiz-und-globale-risiken\/#primaryimage\"},\"thumbnailUrl\":\"https:\/\/www.m-q.ch\/wp-content\/uploads\/2021\/02\/Schweiz-und-globale-Risiken.jpg\",\"datePublished\":\"2016-08-13T06:44:42+00:00\",\"dateModified\":\"2021-02-14T07:58:09+00:00\",\"description\":\"In vielen Wachstumsm\u00e4rkten, offenbar auchin England, steigen die Risiken zur sinkendenZahlungsmoral. 2016 wurden mehr Insolvenzen beiExportbetrieben sowie strategische Auslagerungenins nahe Ausland verzeichnet. Welche Absicherungsbed\u00fcrfnisse sind nun f\u00fcr in der Schweiz t\u00e4tigeUnternehmen gegeben?\",\"breadcrumb\":{\"@id\":\"https:\/\/www.m-q.ch\/schweiz-und-globale-risiken\/#breadcrumb\"},\"inLanguage\":\"it-IT\",\"potentialAction\":[{\"@type\":\"ReadAction\",\"target\":[\"https:\/\/www.m-q.ch\/schweiz-und-globale-risiken\/\"]}]},{\"@type\":\"ImageObject\",\"inLanguage\":\"it-IT\",\"@id\":\"https:\/\/www.m-q.ch\/schweiz-und-globale-risiken\/#primaryimage\",\"url\":\"https:\/\/www.m-q.ch\/wp-content\/uploads\/2021\/02\/Schweiz-und-globale-Risiken.jpg\",\"contentUrl\":\"https:\/\/www.m-q.ch\/wp-content\/uploads\/2021\/02\/Schweiz-und-globale-Risiken.jpg\",\"width\":872,\"height\":504,\"caption\":\"Schweiz und globale Risiken\"},{\"@type\":\"BreadcrumbList\",\"@id\":\"https:\/\/www.m-q.ch\/schweiz-und-globale-risiken\/#breadcrumb\",\"itemListElement\":[{\"@type\":\"ListItem\",\"position\":1,\"name\":\"Risikomanagement\",\"item\":\"https:\/\/www.m-q.ch\/kategorie\/risikomanagement\/\"},{\"@type\":\"ListItem\",\"position\":2,\"name\":\"Schweiz und globale Risiken\"}]},{\"@type\":\"WebSite\",\"@id\":\"https:\/\/www.m-q.ch\/fr\/#website\",\"url\":\"https:\/\/www.m-q.ch\/fr\/\",\"name\":\"MQ Management und Qualit\u00e4t\",\"description\":\"Plattform f\u00fcr integrierte Managementsysteme.\",\"publisher\":{\"@id\":\"https:\/\/www.m-q.ch\/fr\/#organization\"},\"potentialAction\":[{\"@type\":\"SearchAction\",\"target\":{\"@type\":\"EntryPoint\",\"urlTemplate\":\"https:\/\/www.m-q.ch\/fr\/?s={search_term_string}\"},\"query-input\":{\"@type\":\"PropertyValueSpecification\",\"valueRequired\":true,\"valueName\":\"search_term_string\"}}],\"inLanguage\":\"it-IT\"},{\"@type\":\"Organization\",\"@id\":\"https:\/\/www.m-q.ch\/fr\/#organization\",\"name\":\"Galledia Fachmedien AG\",\"url\":\"https:\/\/www.m-q.ch\/fr\/\",\"logo\":{\"@type\":\"ImageObject\",\"inLanguage\":\"it-IT\",\"@id\":\"https:\/\/www.m-q.ch\/fr\/#\/schema\/logo\/image\/\",\"url\":\"https:\/\/www.m-q.ch\/wp-content\/uploads\/2020\/12\/cropped-logo_small.png\",\"contentUrl\":\"https:\/\/www.m-q.ch\/wp-content\/uploads\/2020\/12\/cropped-logo_small.png\",\"width\":512,\"height\":512,\"caption\":\"Galledia Fachmedien AG\"},\"image\":{\"@id\":\"https:\/\/www.m-q.ch\/fr\/#\/schema\/logo\/image\/\"},\"sameAs\":[\"https:\/\/www.facebook.com\/ManagementUndQualitaet\",\"https:\/\/www.linkedin.com\/showcase\/17982321\/admin\/\"]},{\"@type\":\"Person\",\"@id\":\"https:\/\/www.m-q.ch\/fr\/#\/schema\/person\/0bdf39ca27d0b9b779f5b8af54b3f7d7\",\"name\":\"upwork_1\",\"image\":{\"@type\":\"ImageObject\",\"inLanguage\":\"it-IT\",\"@id\":\"https:\/\/www.m-q.ch\/fr\/#\/schema\/person\/image\/\",\"url\":\"https:\/\/secure.gravatar.com\/avatar\/04d4d0fdc5886d535809f17d0eace7f6?s=96&d=mm&r=g\",\"contentUrl\":\"https:\/\/secure.gravatar.com\/avatar\/04d4d0fdc5886d535809f17d0eace7f6?s=96&d=mm&r=g\",\"caption\":\"upwork_1\"},\"url\":\"https:\/\/www.m-q.ch\/it\/author\/upwork_1\/\"}]}<\/script>\n<!-- \/ Yoast SEO plugin. -->","yoast_head_json":{"title":"La Svizzera e i rischi globali - MQ Management and Quality","description":"In molti mercati in crescita, apparentemente anche in Inghilterra, i rischi di un calo del morale dei pagamenti stanno aumentando. Nel 2016, ci sono state pi\u00f9 insolvenze tra le aziende di esportazione e l'outsourcing strategico verso paesi vicini. Quali sono le esigenze di copertura delle aziende che operano in Svizzera?","robots":{"index":"index","follow":"follow","max-snippet":"max-snippet:-1","max-image-preview":"max-image-preview:large","max-video-preview":"max-video-preview:-1"},"canonical":"https:\/\/www.m-q.ch\/it\/la-svizzera-e-i-rischi-globali\/","og_locale":"it_IT","og_type":"article","og_title":"Schweiz und globale Risiken - MQ Management und Qualit\u00e4t","og_description":"In vielen Wachstumsm\u00e4rkten, offenbar auchin England, steigen die Risiken zur sinkendenZahlungsmoral. 2016 wurden mehr Insolvenzen beiExportbetrieben sowie strategische Auslagerungenins nahe Ausland verzeichnet. Welche Absicherungsbed\u00fcrfnisse sind nun f\u00fcr in der Schweiz t\u00e4tigeUnternehmen gegeben?","og_url":"https:\/\/www.m-q.ch\/it\/la-svizzera-e-i-rischi-globali\/","og_site_name":"MQ Management und Qualit\u00e4t","article_publisher":"https:\/\/www.facebook.com\/ManagementUndQualitaet","article_published_time":"2016-08-13T06:44:42+00:00","article_modified_time":"2021-02-14T07:58:09+00:00","og_image":[{"width":872,"height":504,"url":"https:\/\/www.m-q.ch\/wp-content\/uploads\/2021\/02\/Schweiz-und-globale-Risiken.jpg","type":"image\/jpeg"}],"author":"upwork_1","twitter_card":"summary_large_image","twitter_misc":{"Scritto da":"upwork_1","Tempo di lettura stimato":"4 minuti"},"schema":{"@context":"https:\/\/schema.org","@graph":[{"@type":"Article","@id":"https:\/\/www.m-q.ch\/schweiz-und-globale-risiken\/#article","isPartOf":{"@id":"https:\/\/www.m-q.ch\/schweiz-und-globale-risiken\/"},"author":{"name":"upwork_1","@id":"https:\/\/www.m-q.ch\/fr\/#\/schema\/person\/0bdf39ca27d0b9b779f5b8af54b3f7d7"},"headline":"Schweiz und globale Risiken","datePublished":"2016-08-13T06:44:42+00:00","dateModified":"2021-02-14T07:58:09+00:00","mainEntityOfPage":{"@id":"https:\/\/www.m-q.ch\/schweiz-und-globale-risiken\/"},"wordCount":877,"publisher":{"@id":"https:\/\/www.m-q.ch\/fr\/#organization"},"image":{"@id":"https:\/\/www.m-q.ch\/schweiz-und-globale-risiken\/#primaryimage"},"thumbnailUrl":"https:\/\/www.m-q.ch\/wp-content\/uploads\/2021\/02\/Schweiz-und-globale-Risiken.jpg","keywords":["07\u201308\/2016"],"articleSection":["Risikomanagement"],"inLanguage":"it-IT"},{"@type":"WebPage","@id":"https:\/\/www.m-q.ch\/schweiz-und-globale-risiken\/","url":"https:\/\/www.m-q.ch\/schweiz-und-globale-risiken\/","name":"La Svizzera e i rischi globali - MQ Management and Quality","isPartOf":{"@id":"https:\/\/www.m-q.ch\/fr\/#website"},"primaryImageOfPage":{"@id":"https:\/\/www.m-q.ch\/schweiz-und-globale-risiken\/#primaryimage"},"image":{"@id":"https:\/\/www.m-q.ch\/schweiz-und-globale-risiken\/#primaryimage"},"thumbnailUrl":"https:\/\/www.m-q.ch\/wp-content\/uploads\/2021\/02\/Schweiz-und-globale-Risiken.jpg","datePublished":"2016-08-13T06:44:42+00:00","dateModified":"2021-02-14T07:58:09+00:00","description":"In molti mercati in crescita, apparentemente anche in Inghilterra, i rischi di un calo del morale dei pagamenti stanno aumentando. Nel 2016, ci sono state pi\u00f9 insolvenze tra le aziende di esportazione e l'outsourcing strategico verso paesi vicini. Quali sono le esigenze di copertura delle aziende che operano in Svizzera?","breadcrumb":{"@id":"https:\/\/www.m-q.ch\/schweiz-und-globale-risiken\/#breadcrumb"},"inLanguage":"it-IT","potentialAction":[{"@type":"ReadAction","target":["https:\/\/www.m-q.ch\/schweiz-und-globale-risiken\/"]}]},{"@type":"ImageObject","inLanguage":"it-IT","@id":"https:\/\/www.m-q.ch\/schweiz-und-globale-risiken\/#primaryimage","url":"https:\/\/www.m-q.ch\/wp-content\/uploads\/2021\/02\/Schweiz-und-globale-Risiken.jpg","contentUrl":"https:\/\/www.m-q.ch\/wp-content\/uploads\/2021\/02\/Schweiz-und-globale-Risiken.jpg","width":872,"height":504,"caption":"Schweiz und globale Risiken"},{"@type":"BreadcrumbList","@id":"https:\/\/www.m-q.ch\/schweiz-und-globale-risiken\/#breadcrumb","itemListElement":[{"@type":"ListItem","position":1,"name":"Risikomanagement","item":"https:\/\/www.m-q.ch\/kategorie\/risikomanagement\/"},{"@type":"ListItem","position":2,"name":"Schweiz und globale Risiken"}]},{"@type":"WebSite","@id":"https:\/\/www.m-q.ch\/fr\/#website","url":"https:\/\/www.m-q.ch\/fr\/","name":"Gestione e qualit\u00e0 MQ","description":"Piattaforma per sistemi di gestione integrati.","publisher":{"@id":"https:\/\/www.m-q.ch\/fr\/#organization"},"potentialAction":[{"@type":"SearchAction","target":{"@type":"EntryPoint","urlTemplate":"https:\/\/www.m-q.ch\/fr\/?s={search_term_string}"},"query-input":{"@type":"PropertyValueSpecification","valueRequired":true,"valueName":"search_term_string"}}],"inLanguage":"it-IT"},{"@type":"Organization","@id":"https:\/\/www.m-q.ch\/fr\/#organization","name":"Galledia Fachmedien AG","url":"https:\/\/www.m-q.ch\/fr\/","logo":{"@type":"ImageObject","inLanguage":"it-IT","@id":"https:\/\/www.m-q.ch\/fr\/#\/schema\/logo\/image\/","url":"https:\/\/www.m-q.ch\/wp-content\/uploads\/2020\/12\/cropped-logo_small.png","contentUrl":"https:\/\/www.m-q.ch\/wp-content\/uploads\/2020\/12\/cropped-logo_small.png","width":512,"height":512,"caption":"Galledia Fachmedien AG"},"image":{"@id":"https:\/\/www.m-q.ch\/fr\/#\/schema\/logo\/image\/"},"sameAs":["https:\/\/www.facebook.com\/ManagementUndQualitaet","https:\/\/www.linkedin.com\/showcase\/17982321\/admin\/"]},{"@type":"Person","@id":"https:\/\/www.m-q.ch\/fr\/#\/schema\/person\/0bdf39ca27d0b9b779f5b8af54b3f7d7","name":"upwork_1","image":{"@type":"ImageObject","inLanguage":"it-IT","@id":"https:\/\/www.m-q.ch\/fr\/#\/schema\/person\/image\/","url":"https:\/\/secure.gravatar.com\/avatar\/04d4d0fdc5886d535809f17d0eace7f6?s=96&d=mm&r=g","contentUrl":"https:\/\/secure.gravatar.com\/avatar\/04d4d0fdc5886d535809f17d0eace7f6?s=96&d=mm&r=g","caption":"upwork_1"},"url":"https:\/\/www.m-q.ch\/it\/author\/upwork_1\/"}]}},"_links":{"self":[{"href":"https:\/\/www.m-q.ch\/it\/wp-json\/wp\/v2\/posts\/11813","targetHints":{"allow":["GET"]}}],"collection":[{"href":"https:\/\/www.m-q.ch\/it\/wp-json\/wp\/v2\/posts"}],"about":[{"href":"https:\/\/www.m-q.ch\/it\/wp-json\/wp\/v2\/types\/post"}],"author":[{"embeddable":true,"href":"https:\/\/www.m-q.ch\/it\/wp-json\/wp\/v2\/users\/66"}],"replies":[{"embeddable":true,"href":"https:\/\/www.m-q.ch\/it\/wp-json\/wp\/v2\/comments?post=11813"}],"version-history":[{"count":1,"href":"https:\/\/www.m-q.ch\/it\/wp-json\/wp\/v2\/posts\/11813\/revisions"}],"predecessor-version":[{"id":11817,"href":"https:\/\/www.m-q.ch\/it\/wp-json\/wp\/v2\/posts\/11813\/revisions\/11817"}],"wp:featuredmedia":[{"embeddable":true,"href":"https:\/\/www.m-q.ch\/it\/wp-json\/wp\/v2\/media\/11814"}],"wp:attachment":[{"href":"https:\/\/www.m-q.ch\/it\/wp-json\/wp\/v2\/media?parent=11813"}],"wp:term":[{"taxonomy":"category","embeddable":true,"href":"https:\/\/www.m-q.ch\/it\/wp-json\/wp\/v2\/categories?post=11813"},{"taxonomy":"post_tag","embeddable":true,"href":"https:\/\/www.m-q.ch\/it\/wp-json\/wp\/v2\/tags?post=11813"}],"curies":[{"name":"wp","href":"https:\/\/api.w.org\/{rel}","templated":true}]}}