{"id":11840,"date":"2015-01-13T07:56:25","date_gmt":"2015-01-13T06:56:25","guid":{"rendered":"https:\/\/www.m-q.ch\/?p=11840"},"modified":"2021-02-15T08:35:33","modified_gmt":"2021-02-15T07:35:33","slug":"gli-errori-di-gestione-devastanti-si-ripercuotono-sui-sistemi-sociali","status":"publish","type":"post","link":"https:\/\/www.m-q.ch\/it\/verheerende-fuehrungsfehler-treffen-die-sozialsysteme\/","title":{"rendered":"I devastanti fallimenti di leadership colpiscono i sistemi sociali"},"content":{"rendered":"<p><img loading=\"lazy\" decoding=\"async\" class=\"alignnone size-full wp-image-11865\" src=\"https:\/\/www.m-q.ch\/wp-content\/uploads\/2021\/02\/Verheerende-Fuehrungsfehler-treffen-die-Sozialsysteme.jpg\" alt=\"\" width=\"842\" height=\"547\" srcset=\"https:\/\/www.m-q.ch\/wp-content\/uploads\/2021\/02\/Verheerende-Fuehrungsfehler-treffen-die-Sozialsysteme.jpg 842w, https:\/\/www.m-q.ch\/wp-content\/uploads\/2021\/02\/Verheerende-Fuehrungsfehler-treffen-die-Sozialsysteme-768x499.jpg 768w, https:\/\/www.m-q.ch\/wp-content\/uploads\/2021\/02\/Verheerende-Fuehrungsfehler-treffen-die-Sozialsysteme-16x10.jpg 16w, https:\/\/www.m-q.ch\/wp-content\/uploads\/2021\/02\/Verheerende-Fuehrungsfehler-treffen-die-Sozialsysteme-269x175.jpg 269w, https:\/\/www.m-q.ch\/wp-content\/uploads\/2021\/02\/Verheerende-Fuehrungsfehler-treffen-die-Sozialsysteme-539x350.jpg 539w, https:\/\/www.m-q.ch\/wp-content\/uploads\/2021\/02\/Verheerende-Fuehrungsfehler-treffen-die-Sozialsysteme-300x195.jpg 300w\" sizes=\"auto, (max-width: 842px) 100vw, 842px\" \/><\/p>\n<p>&nbsp;<\/p>\n<p>&nbsp;<\/p>\n<p>In seguito agli enormi aumenti degli stress mentali e psicosomatici dei dipendenti sul posto di lavoro, sorgono dei costi che sono sostenuti da tutti coloro che pagano nei sistemi sociali. \"Per quanto tempo possiamo e vogliamo permetterci questo gigantesco spreco?\" si chiede il dottor Wolfgang Hinz, autore di libri di successo ed esperto di cultura della leadership e comportamento della leadership. Secondo il dottor Hinz, gli errori di leadership assomigliano alla negligenza medica, che fino a pochi anni fa era intoccabile. Tali errori non sono sempre facili da provare, ma non possono pi\u00f9 essere soppressi e ignorati nei tempi odierni.<\/p>\n<p>&nbsp;<\/p>\n<p>Secondo i calcoli del dottor Hinz, i danni conseguenti agli errori di gestione ammontano a pi\u00f9 di 400 miliardi di euro. In primo luogo, cita il danno economico che grava sulle aziende e che quindi rappresenta naturalmente anche una parte del danno economico causato dagli errori di leadership: \"In cima alla lista ci sono le riduzioni di produttivit\u00e0 dovute ai licenziamenti interni e i costi di fluttuazione dovuti alle cessazioni che vengono effettuate. Lo studio Gallup del 2013, per esempio, afferma che un totale di 50 per cento dei dipendenti tedeschi sono interessati:<\/p>\n<p>&nbsp;<\/p>\n<p>25 per cento ciascuno in termini di terminazione interna e 25 per cento in termini di fluttuazione. La tendenza dovrebbe continuare ad aumentare.<\/p>\n<p><strong>Costi di fluttuazione <\/strong><\/p>\n<p>&nbsp;<\/p>\n<p>Dallo studio Gallup 2014 apprendiamo che i costi economici dovuti alla terminazione interna ammontano a una somma compresa tra 98,5 e 118,4 miliardi di euro all'anno. I costi di fluttuazione sono dello stesso ordine di grandezza. Il danno conseguente al sistema di sicurezza sociale, e specialmente al sistema di assicurazione sanitaria, causato dall'enorme aumento di malattie mentali e psicosomatiche tra i dipendenti sul posto di lavoro, \u00e8 stato anche recentemente pubblicato in Svizzera.<\/p>\n<p>&nbsp;<\/p>\n<p>Con il titolo \"Rischi psicosociali - un rischio d'incidente?\", la STAS 2014 (vedi anche www. ekas.ch) si \u00e8 rivolta ai dirigenti delle imprese, agli attori della sicurezza e della salute sul lavoro e alle organizzazioni dei datori di lavoro e dei lavoratori. Dal 2000, la malattia mentale tra i dipendenti \u00e8 quasi raddoppiata. Dr. Hinz: \"I costi economici ammontano a miliardi di euro all'anno\".<\/p>\n<p>&nbsp;<\/p>\n<p>Le cifre corrispondenti sono disponibili anche per l'Austria: La Wiener Zeitung dell'11 luglio 2013 stima il danno economico causato dalla malattia mentale sul posto di lavoro a 10 miliardi di euro in Austria nel 2012, rispetto ai 4,8 miliardi di euro del 2007. Quindi, c'\u00e8 una forte tendenza all'aumento non solo in Germania e Austria, ma anche in Svizzera.<\/p>\n<p>&nbsp;<\/p>\n<p><em><strong>Ogni anno, gli errori di gestione causano un danno di circa 400 miliardi di euro in aziende e organizzazioni a causa di progetti attuati senza successo.<\/strong><\/em><\/p>\n<p>&nbsp;<\/p>\n<p>Dr. Hinz: \"Sulla base delle cifre disponibili, dobbiamo supporre che il danno economico conseguente agli errori di gestione nella categoria 'malattia mentale sul lavoro' ammonta a miliardi di euro all'anno in Svizzera - e continua ad aumentare.\" Infatti, i costi del sistema sanitario svizzero aumentano di anno in anno. 67 982 milioni di franchi svizzeri (bfs Statistik, 2012) \u00e8 l'ultimo totale ufficiale.<\/p>\n<p>&nbsp;<\/p>\n<p>\"Questa posizione non \u00e8 attualmente assegnata in base alla causalit\u00e0, ma \u00e8 a carico di chi contribuisce ai sistemi sociali. Se questo fatto dovesse diventare noto ai contributori, ci si dovr\u00e0 probabilmente aspettare notevoli discussioni pubbliche qui\". Ma questo non \u00e8 sufficiente. Perch\u00e9 ogni anno gli errori di gestione causano ulteriori danni da progetti non convertiti con successo nelle imprese e organizzazioni per un valore di circa 400 miliardi di euro, stima il dottor Hinz. Il curriculum del Dr. Hinz: \"Se consideriamo il danno economico e commerciale totale causato dagli errori di gestione, stiamo parlando di un importo nell'ordine dei tre miliardi di euro all'anno per la Svizzera. A titolo di paragone, questo importo dovrebbe essere di un terzo superiore al bilancio federale della Svizzera. Un problema di tale importanza non pu\u00f2 continuare ad essere ignorato, o almeno soppresso. \u00c8 ora di affrontare la questione dei fallimenti di leadership e dei loro danni conseguenti\".<\/p>","protected":false},"excerpt":{"rendered":"<p>&nbsp; &nbsp; Im Sog von enormen Zunahmen der psychischen und psychosomatischen Belastungen von Arbeitnehmern am Arbeitsplatz entstehen Kosten, die alle tragen, die in Sozialsysteme einzahlen. \u00abWie lange k\u00f6nnen und wollen wir uns diese gigantische Verschwendung noch leisten?\u00bb, fragt Dr. Wolfgang Hinz, erfolgreicher Buchautor und Experte f\u00fcr F\u00fchrungskultur und F\u00fchrungsverhalten. Gem\u00e4ss der Meinung von Dr. Hinz [&hellip;]<\/p>\n","protected":false},"author":62,"featured_media":11865,"comment_status":"closed","ping_status":"closed","sticky":false,"template":"","format":"standard","meta":{"_acf_changed":false,"footnotes":""},"categories":[4],"tags":[4786],"class_list":["post-11840","post","type-post","status-publish","format-standard","has-post-thumbnail","hentry","category-risikomanagement","tag-01-02-2015"],"acf":[],"yoast_head":"<!-- This site is optimized with the Yoast SEO plugin v26.2 - https:\/\/yoast.com\/wordpress\/plugins\/seo\/ -->\n<title>Verheerende F\u00fchrungsfehler treffen die Sozialsysteme - MQ Management und Qualit\u00e4t<\/title>\n<meta name=\"description\" content=\"Ob direkt oder indirekt \u2013 F\u00fchrungsfehler verursachenSch\u00e4den \u00fcber die Unternehmungsgrenzehinaus. F\u00fchrungsfehler verursachen Folgesch\u00e4denf\u00fcr die ganze Gesellschaft und ziehen expansiveGesundheitskosten mit sich.\" \/>\n<meta name=\"robots\" content=\"index, follow, max-snippet:-1, max-image-preview:large, max-video-preview:-1\" \/>\n<link rel=\"canonical\" href=\"https:\/\/www.m-q.ch\/it\/gli-errori-di-gestione-devastanti-si-ripercuotono-sui-sistemi-sociali\/\" \/>\n<meta property=\"og:locale\" content=\"it_IT\" \/>\n<meta property=\"og:type\" content=\"article\" \/>\n<meta property=\"og:title\" content=\"Verheerende F\u00fchrungsfehler treffen die Sozialsysteme - MQ Management und Qualit\u00e4t\" \/>\n<meta property=\"og:description\" content=\"Ob direkt oder indirekt \u2013 F\u00fchrungsfehler verursachenSch\u00e4den \u00fcber die Unternehmungsgrenzehinaus. F\u00fchrungsfehler verursachen Folgesch\u00e4denf\u00fcr die ganze Gesellschaft und ziehen expansiveGesundheitskosten mit sich.\" \/>\n<meta property=\"og:url\" content=\"https:\/\/www.m-q.ch\/it\/gli-errori-di-gestione-devastanti-si-ripercuotono-sui-sistemi-sociali\/\" \/>\n<meta property=\"og:site_name\" content=\"MQ Management und Qualit\u00e4t\" \/>\n<meta property=\"article:publisher\" content=\"https:\/\/www.facebook.com\/ManagementUndQualitaet\" \/>\n<meta property=\"article:published_time\" content=\"2015-01-13T06:56:25+00:00\" \/>\n<meta property=\"article:modified_time\" content=\"2021-02-15T07:35:33+00:00\" \/>\n<meta property=\"og:image\" content=\"https:\/\/www.m-q.ch\/wp-content\/uploads\/2021\/02\/Verheerende-Fuehrungsfehler-treffen-die-Sozialsysteme.jpg\" \/>\n\t<meta property=\"og:image:width\" content=\"842\" \/>\n\t<meta property=\"og:image:height\" content=\"547\" \/>\n\t<meta property=\"og:image:type\" content=\"image\/jpeg\" \/>\n<meta name=\"author\" content=\"upwork_2\" \/>\n<meta name=\"twitter:card\" content=\"summary_large_image\" \/>\n<meta name=\"twitter:label1\" content=\"Scritto da\" \/>\n\t<meta name=\"twitter:data1\" content=\"upwork_2\" \/>\n\t<meta name=\"twitter:label2\" content=\"Tempo di lettura stimato\" \/>\n\t<meta name=\"twitter:data2\" content=\"3 minuti\" \/>\n<script type=\"application\/ld+json\" class=\"yoast-schema-graph\">{\"@context\":\"https:\/\/schema.org\",\"@graph\":[{\"@type\":\"Article\",\"@id\":\"https:\/\/www.m-q.ch\/verheerende-fuehrungsfehler-treffen-die-sozialsysteme\/#article\",\"isPartOf\":{\"@id\":\"https:\/\/www.m-q.ch\/verheerende-fuehrungsfehler-treffen-die-sozialsysteme\/\"},\"author\":{\"name\":\"upwork_2\",\"@id\":\"https:\/\/www.m-q.ch\/fr\/#\/schema\/person\/71f647a41e4a3e361e6230f5134f3ba9\"},\"headline\":\"Verheerende F\u00fchrungsfehler treffen die Sozialsysteme\",\"datePublished\":\"2015-01-13T06:56:25+00:00\",\"dateModified\":\"2021-02-15T07:35:33+00:00\",\"mainEntityOfPage\":{\"@id\":\"https:\/\/www.m-q.ch\/verheerende-fuehrungsfehler-treffen-die-sozialsysteme\/\"},\"wordCount\":621,\"publisher\":{\"@id\":\"https:\/\/www.m-q.ch\/fr\/#organization\"},\"image\":{\"@id\":\"https:\/\/www.m-q.ch\/verheerende-fuehrungsfehler-treffen-die-sozialsysteme\/#primaryimage\"},\"thumbnailUrl\":\"https:\/\/www.m-q.ch\/wp-content\/uploads\/2021\/02\/Verheerende-Fuehrungsfehler-treffen-die-Sozialsysteme.jpg\",\"keywords\":[\"01\u2013 02\/2015\"],\"articleSection\":[\"Risikomanagement\"],\"inLanguage\":\"it-IT\"},{\"@type\":\"WebPage\",\"@id\":\"https:\/\/www.m-q.ch\/verheerende-fuehrungsfehler-treffen-die-sozialsysteme\/\",\"url\":\"https:\/\/www.m-q.ch\/verheerende-fuehrungsfehler-treffen-die-sozialsysteme\/\",\"name\":\"Verheerende F\u00fchrungsfehler treffen die Sozialsysteme - MQ Management und Qualit\u00e4t\",\"isPartOf\":{\"@id\":\"https:\/\/www.m-q.ch\/fr\/#website\"},\"primaryImageOfPage\":{\"@id\":\"https:\/\/www.m-q.ch\/verheerende-fuehrungsfehler-treffen-die-sozialsysteme\/#primaryimage\"},\"image\":{\"@id\":\"https:\/\/www.m-q.ch\/verheerende-fuehrungsfehler-treffen-die-sozialsysteme\/#primaryimage\"},\"thumbnailUrl\":\"https:\/\/www.m-q.ch\/wp-content\/uploads\/2021\/02\/Verheerende-Fuehrungsfehler-treffen-die-Sozialsysteme.jpg\",\"datePublished\":\"2015-01-13T06:56:25+00:00\",\"dateModified\":\"2021-02-15T07:35:33+00:00\",\"description\":\"Ob direkt oder indirekt \u2013 F\u00fchrungsfehler verursachenSch\u00e4den \u00fcber die Unternehmungsgrenzehinaus. F\u00fchrungsfehler verursachen Folgesch\u00e4denf\u00fcr die ganze Gesellschaft und ziehen expansiveGesundheitskosten mit sich.\",\"breadcrumb\":{\"@id\":\"https:\/\/www.m-q.ch\/verheerende-fuehrungsfehler-treffen-die-sozialsysteme\/#breadcrumb\"},\"inLanguage\":\"it-IT\",\"potentialAction\":[{\"@type\":\"ReadAction\",\"target\":[\"https:\/\/www.m-q.ch\/verheerende-fuehrungsfehler-treffen-die-sozialsysteme\/\"]}]},{\"@type\":\"ImageObject\",\"inLanguage\":\"it-IT\",\"@id\":\"https:\/\/www.m-q.ch\/verheerende-fuehrungsfehler-treffen-die-sozialsysteme\/#primaryimage\",\"url\":\"https:\/\/www.m-q.ch\/wp-content\/uploads\/2021\/02\/Verheerende-Fuehrungsfehler-treffen-die-Sozialsysteme.jpg\",\"contentUrl\":\"https:\/\/www.m-q.ch\/wp-content\/uploads\/2021\/02\/Verheerende-Fuehrungsfehler-treffen-die-Sozialsysteme.jpg\",\"width\":842,\"height\":547,\"caption\":\"Verheerende F\u00fchrungsfehler treffen die Sozialsysteme\"},{\"@type\":\"BreadcrumbList\",\"@id\":\"https:\/\/www.m-q.ch\/verheerende-fuehrungsfehler-treffen-die-sozialsysteme\/#breadcrumb\",\"itemListElement\":[{\"@type\":\"ListItem\",\"position\":1,\"name\":\"Risikomanagement\",\"item\":\"https:\/\/www.m-q.ch\/kategorie\/risikomanagement\/\"},{\"@type\":\"ListItem\",\"position\":2,\"name\":\"Verheerende F\u00fchrungsfehler treffen die Sozialsysteme\"}]},{\"@type\":\"WebSite\",\"@id\":\"https:\/\/www.m-q.ch\/fr\/#website\",\"url\":\"https:\/\/www.m-q.ch\/fr\/\",\"name\":\"MQ Management und Qualit\u00e4t\",\"description\":\"Plattform f\u00fcr integrierte Managementsysteme.\",\"publisher\":{\"@id\":\"https:\/\/www.m-q.ch\/fr\/#organization\"},\"potentialAction\":[{\"@type\":\"SearchAction\",\"target\":{\"@type\":\"EntryPoint\",\"urlTemplate\":\"https:\/\/www.m-q.ch\/fr\/?s={search_term_string}\"},\"query-input\":{\"@type\":\"PropertyValueSpecification\",\"valueRequired\":true,\"valueName\":\"search_term_string\"}}],\"inLanguage\":\"it-IT\"},{\"@type\":\"Organization\",\"@id\":\"https:\/\/www.m-q.ch\/fr\/#organization\",\"name\":\"Galledia Fachmedien AG\",\"url\":\"https:\/\/www.m-q.ch\/fr\/\",\"logo\":{\"@type\":\"ImageObject\",\"inLanguage\":\"it-IT\",\"@id\":\"https:\/\/www.m-q.ch\/fr\/#\/schema\/logo\/image\/\",\"url\":\"https:\/\/www.m-q.ch\/wp-content\/uploads\/2020\/12\/cropped-logo_small.png\",\"contentUrl\":\"https:\/\/www.m-q.ch\/wp-content\/uploads\/2020\/12\/cropped-logo_small.png\",\"width\":512,\"height\":512,\"caption\":\"Galledia Fachmedien AG\"},\"image\":{\"@id\":\"https:\/\/www.m-q.ch\/fr\/#\/schema\/logo\/image\/\"},\"sameAs\":[\"https:\/\/www.facebook.com\/ManagementUndQualitaet\",\"https:\/\/www.linkedin.com\/showcase\/17982321\/admin\/\"]},{\"@type\":\"Person\",\"@id\":\"https:\/\/www.m-q.ch\/fr\/#\/schema\/person\/71f647a41e4a3e361e6230f5134f3ba9\",\"name\":\"upwork_2\",\"image\":{\"@type\":\"ImageObject\",\"inLanguage\":\"it-IT\",\"@id\":\"https:\/\/www.m-q.ch\/fr\/#\/schema\/person\/image\/\",\"url\":\"https:\/\/secure.gravatar.com\/avatar\/777b90ab56092bbf3c85feacda5c1bce?s=96&d=mm&r=g\",\"contentUrl\":\"https:\/\/secure.gravatar.com\/avatar\/777b90ab56092bbf3c85feacda5c1bce?s=96&d=mm&r=g\",\"caption\":\"upwork_2\"},\"url\":\"https:\/\/www.m-q.ch\/it\/author\/upwork_2\/\"}]}<\/script>\n<!-- \/ Yoast SEO plugin. -->","yoast_head_json":{"title":"Devastanti errori di leadership colpiscono i sistemi sociali - MQ Management und Qualit\u00e4t","description":"Direttamente o indirettamente, gli errori di gestione causano danni oltre i confini dell'azienda. Gli errori di gestione causano danni conseguenti a tutta la societ\u00e0 e comportano costi sanitari enormi.","robots":{"index":"index","follow":"follow","max-snippet":"max-snippet:-1","max-image-preview":"max-image-preview:large","max-video-preview":"max-video-preview:-1"},"canonical":"https:\/\/www.m-q.ch\/it\/gli-errori-di-gestione-devastanti-si-ripercuotono-sui-sistemi-sociali\/","og_locale":"it_IT","og_type":"article","og_title":"Verheerende F\u00fchrungsfehler treffen die Sozialsysteme - MQ Management und Qualit\u00e4t","og_description":"Ob direkt oder indirekt \u2013 F\u00fchrungsfehler verursachenSch\u00e4den \u00fcber die Unternehmungsgrenzehinaus. F\u00fchrungsfehler verursachen Folgesch\u00e4denf\u00fcr die ganze Gesellschaft und ziehen expansiveGesundheitskosten mit sich.","og_url":"https:\/\/www.m-q.ch\/it\/gli-errori-di-gestione-devastanti-si-ripercuotono-sui-sistemi-sociali\/","og_site_name":"MQ Management und Qualit\u00e4t","article_publisher":"https:\/\/www.facebook.com\/ManagementUndQualitaet","article_published_time":"2015-01-13T06:56:25+00:00","article_modified_time":"2021-02-15T07:35:33+00:00","og_image":[{"width":842,"height":547,"url":"https:\/\/www.m-q.ch\/wp-content\/uploads\/2021\/02\/Verheerende-Fuehrungsfehler-treffen-die-Sozialsysteme.jpg","type":"image\/jpeg"}],"author":"upwork_2","twitter_card":"summary_large_image","twitter_misc":{"Scritto da":"upwork_2","Tempo di lettura stimato":"3 minuti"},"schema":{"@context":"https:\/\/schema.org","@graph":[{"@type":"Article","@id":"https:\/\/www.m-q.ch\/verheerende-fuehrungsfehler-treffen-die-sozialsysteme\/#article","isPartOf":{"@id":"https:\/\/www.m-q.ch\/verheerende-fuehrungsfehler-treffen-die-sozialsysteme\/"},"author":{"name":"upwork_2","@id":"https:\/\/www.m-q.ch\/fr\/#\/schema\/person\/71f647a41e4a3e361e6230f5134f3ba9"},"headline":"Verheerende F\u00fchrungsfehler treffen die Sozialsysteme","datePublished":"2015-01-13T06:56:25+00:00","dateModified":"2021-02-15T07:35:33+00:00","mainEntityOfPage":{"@id":"https:\/\/www.m-q.ch\/verheerende-fuehrungsfehler-treffen-die-sozialsysteme\/"},"wordCount":621,"publisher":{"@id":"https:\/\/www.m-q.ch\/fr\/#organization"},"image":{"@id":"https:\/\/www.m-q.ch\/verheerende-fuehrungsfehler-treffen-die-sozialsysteme\/#primaryimage"},"thumbnailUrl":"https:\/\/www.m-q.ch\/wp-content\/uploads\/2021\/02\/Verheerende-Fuehrungsfehler-treffen-die-Sozialsysteme.jpg","keywords":["01\u2013 02\/2015"],"articleSection":["Risikomanagement"],"inLanguage":"it-IT"},{"@type":"WebPage","@id":"https:\/\/www.m-q.ch\/verheerende-fuehrungsfehler-treffen-die-sozialsysteme\/","url":"https:\/\/www.m-q.ch\/verheerende-fuehrungsfehler-treffen-die-sozialsysteme\/","name":"Devastanti errori di leadership colpiscono i sistemi sociali - MQ Management und Qualit\u00e4t","isPartOf":{"@id":"https:\/\/www.m-q.ch\/fr\/#website"},"primaryImageOfPage":{"@id":"https:\/\/www.m-q.ch\/verheerende-fuehrungsfehler-treffen-die-sozialsysteme\/#primaryimage"},"image":{"@id":"https:\/\/www.m-q.ch\/verheerende-fuehrungsfehler-treffen-die-sozialsysteme\/#primaryimage"},"thumbnailUrl":"https:\/\/www.m-q.ch\/wp-content\/uploads\/2021\/02\/Verheerende-Fuehrungsfehler-treffen-die-Sozialsysteme.jpg","datePublished":"2015-01-13T06:56:25+00:00","dateModified":"2021-02-15T07:35:33+00:00","description":"Direttamente o indirettamente, gli errori di gestione causano danni oltre i confini dell'azienda. Gli errori di gestione causano danni conseguenti a tutta la societ\u00e0 e comportano costi sanitari enormi.","breadcrumb":{"@id":"https:\/\/www.m-q.ch\/verheerende-fuehrungsfehler-treffen-die-sozialsysteme\/#breadcrumb"},"inLanguage":"it-IT","potentialAction":[{"@type":"ReadAction","target":["https:\/\/www.m-q.ch\/verheerende-fuehrungsfehler-treffen-die-sozialsysteme\/"]}]},{"@type":"ImageObject","inLanguage":"it-IT","@id":"https:\/\/www.m-q.ch\/verheerende-fuehrungsfehler-treffen-die-sozialsysteme\/#primaryimage","url":"https:\/\/www.m-q.ch\/wp-content\/uploads\/2021\/02\/Verheerende-Fuehrungsfehler-treffen-die-Sozialsysteme.jpg","contentUrl":"https:\/\/www.m-q.ch\/wp-content\/uploads\/2021\/02\/Verheerende-Fuehrungsfehler-treffen-die-Sozialsysteme.jpg","width":842,"height":547,"caption":"Verheerende F\u00fchrungsfehler treffen die Sozialsysteme"},{"@type":"BreadcrumbList","@id":"https:\/\/www.m-q.ch\/verheerende-fuehrungsfehler-treffen-die-sozialsysteme\/#breadcrumb","itemListElement":[{"@type":"ListItem","position":1,"name":"Risikomanagement","item":"https:\/\/www.m-q.ch\/kategorie\/risikomanagement\/"},{"@type":"ListItem","position":2,"name":"Verheerende F\u00fchrungsfehler treffen die Sozialsysteme"}]},{"@type":"WebSite","@id":"https:\/\/www.m-q.ch\/fr\/#website","url":"https:\/\/www.m-q.ch\/fr\/","name":"Gestione e qualit\u00e0 MQ","description":"Piattaforma per sistemi di gestione integrati.","publisher":{"@id":"https:\/\/www.m-q.ch\/fr\/#organization"},"potentialAction":[{"@type":"SearchAction","target":{"@type":"EntryPoint","urlTemplate":"https:\/\/www.m-q.ch\/fr\/?s={search_term_string}"},"query-input":{"@type":"PropertyValueSpecification","valueRequired":true,"valueName":"search_term_string"}}],"inLanguage":"it-IT"},{"@type":"Organization","@id":"https:\/\/www.m-q.ch\/fr\/#organization","name":"Galledia Fachmedien AG","url":"https:\/\/www.m-q.ch\/fr\/","logo":{"@type":"ImageObject","inLanguage":"it-IT","@id":"https:\/\/www.m-q.ch\/fr\/#\/schema\/logo\/image\/","url":"https:\/\/www.m-q.ch\/wp-content\/uploads\/2020\/12\/cropped-logo_small.png","contentUrl":"https:\/\/www.m-q.ch\/wp-content\/uploads\/2020\/12\/cropped-logo_small.png","width":512,"height":512,"caption":"Galledia Fachmedien AG"},"image":{"@id":"https:\/\/www.m-q.ch\/fr\/#\/schema\/logo\/image\/"},"sameAs":["https:\/\/www.facebook.com\/ManagementUndQualitaet","https:\/\/www.linkedin.com\/showcase\/17982321\/admin\/"]},{"@type":"Person","@id":"https:\/\/www.m-q.ch\/fr\/#\/schema\/person\/71f647a41e4a3e361e6230f5134f3ba9","name":"upwork_2","image":{"@type":"ImageObject","inLanguage":"it-IT","@id":"https:\/\/www.m-q.ch\/fr\/#\/schema\/person\/image\/","url":"https:\/\/secure.gravatar.com\/avatar\/777b90ab56092bbf3c85feacda5c1bce?s=96&d=mm&r=g","contentUrl":"https:\/\/secure.gravatar.com\/avatar\/777b90ab56092bbf3c85feacda5c1bce?s=96&d=mm&r=g","caption":"upwork_2"},"url":"https:\/\/www.m-q.ch\/it\/author\/upwork_2\/"}]}},"_links":{"self":[{"href":"https:\/\/www.m-q.ch\/it\/wp-json\/wp\/v2\/posts\/11840","targetHints":{"allow":["GET"]}}],"collection":[{"href":"https:\/\/www.m-q.ch\/it\/wp-json\/wp\/v2\/posts"}],"about":[{"href":"https:\/\/www.m-q.ch\/it\/wp-json\/wp\/v2\/types\/post"}],"author":[{"embeddable":true,"href":"https:\/\/www.m-q.ch\/it\/wp-json\/wp\/v2\/users\/62"}],"replies":[{"embeddable":true,"href":"https:\/\/www.m-q.ch\/it\/wp-json\/wp\/v2\/comments?post=11840"}],"version-history":[{"count":1,"href":"https:\/\/www.m-q.ch\/it\/wp-json\/wp\/v2\/posts\/11840\/revisions"}],"predecessor-version":[{"id":11866,"href":"https:\/\/www.m-q.ch\/it\/wp-json\/wp\/v2\/posts\/11840\/revisions\/11866"}],"wp:featuredmedia":[{"embeddable":true,"href":"https:\/\/www.m-q.ch\/it\/wp-json\/wp\/v2\/media\/11865"}],"wp:attachment":[{"href":"https:\/\/www.m-q.ch\/it\/wp-json\/wp\/v2\/media?parent=11840"}],"wp:term":[{"taxonomy":"category","embeddable":true,"href":"https:\/\/www.m-q.ch\/it\/wp-json\/wp\/v2\/categories?post=11840"},{"taxonomy":"post_tag","embeddable":true,"href":"https:\/\/www.m-q.ch\/it\/wp-json\/wp\/v2\/tags?post=11840"}],"curies":[{"name":"wp","href":"https:\/\/api.w.org\/{rel}","templated":true}]}}