{"id":11875,"date":"2015-03-01T08:51:55","date_gmt":"2015-03-01T07:51:55","guid":{"rendered":"https:\/\/www.m-q.ch\/?p=11875"},"modified":"2021-02-15T09:25:20","modified_gmt":"2021-02-15T08:25:20","slug":"lo-shock-dellimprovviso-tempo-libero","status":"publish","type":"post","link":"https:\/\/www.m-q.ch\/it\/der-schock-der-ploetzlichen-freizeit\/","title":{"rendered":"Lo shock del tempo libero improvviso"},"content":{"rendered":"<p><img loading=\"lazy\" decoding=\"async\" class=\"alignnone size-full wp-image-11900\" src=\"https:\/\/www.m-q.ch\/wp-content\/uploads\/2021\/02\/Der-Schock-der-ploetzlichen-Freizeit.jpg\" alt=\"Lo shock del tempo libero improvviso\" width=\"874\" height=\"1199\" srcset=\"https:\/\/www.m-q.ch\/wp-content\/uploads\/2021\/02\/Der-Schock-der-ploetzlichen-Freizeit.jpg 874w, https:\/\/www.m-q.ch\/wp-content\/uploads\/2021\/02\/Der-Schock-der-ploetzlichen-Freizeit-768x1054.jpg 768w, https:\/\/www.m-q.ch\/wp-content\/uploads\/2021\/02\/Der-Schock-der-ploetzlichen-Freizeit-9x12.jpg 9w, https:\/\/www.m-q.ch\/wp-content\/uploads\/2021\/02\/Der-Schock-der-ploetzlichen-Freizeit-128x175.jpg 128w, https:\/\/www.m-q.ch\/wp-content\/uploads\/2021\/02\/Der-Schock-der-ploetzlichen-Freizeit-255x350.jpg 255w, https:\/\/www.m-q.ch\/wp-content\/uploads\/2021\/02\/Der-Schock-der-ploetzlichen-Freizeit-583x800.jpg 583w, https:\/\/www.m-q.ch\/wp-content\/uploads\/2021\/02\/Der-Schock-der-ploetzlichen-Freizeit-300x412.jpg 300w\" sizes=\"auto, (max-width: 874px) 100vw, 874px\" \/><\/p>\n<p>&nbsp;<\/p>\n<p>&nbsp;<\/p>\n<p>Un'improvvisa cessazione del rapporto di lavoro scatena uno stato di shock. La sicurezza della pianificazione economica e la cura della famiglia sono minacciate tanto quanto l'autostima e l'immagine di s\u00e9, entrambe determinate in larga misura dall'attivit\u00e0 professionale.<\/p>\n<p>&nbsp;<\/p>\n<p><em><strong>Signor Reichelt, la consulenza nel riorientamento professionale dopo il licenziamento \u00e8 stato uno dei suoi campi di lavoro per molti anni. Cosa costringe a volte le aziende a fare dei licenziamenti che le persone interessate non si aspettavano affatto? <\/strong><\/em><\/p>\n<p><em><strong>Erik Reichelt:<\/strong><\/em> Di regola, si tratta di misure di ottimizzazione organizzativa ed economica. Quando le aziende pianificano la cosiddetta \"lista degli esuberi\", l'attenzione si concentra soprattutto su quei dipendenti che apparentemente non soddisfano pi\u00f9 i requisiti di qualificazione modificati o i cui compiti vengono esternalizzati o trasferiti ad altri dipendenti attraverso una compressione del lavoro ancora maggiore. Per prendere due piccioni con una fava, l'attenzione si concentra in particolare su quei dipendenti con i quali non c'\u00e8 una collaborazione armoniosa anche a livello personale o che, per motivi di frequenti assenze dal lavoro per malattia, non soddisfano pi\u00f9 le cifre chiave della cosiddetta produttivit\u00e0.<\/p>\n<p>&nbsp;<\/p>\n<p><em><strong>Inchiesta. Ci sono poche alternative nella vita. Perch\u00e9 la separazione d'urto \u00e8 comunque l'ultima risorsa nei casi che lei descrive?<\/strong><\/em><\/p>\n<p>L'esperienza dimostra che nei casi descritti, un rapido taglio netto \u00e8 il passo migliore per tutte le persone coinvolte a posteriori. Questo diventa sempre evidente dopo che il dipendente licenziato \u00e8 cresciuto in una nuova realt\u00e0. Fortunatamente, ho notato pi\u00f9 volte che la maggior parte dei dipendenti che sono stati licenziati in questo modo mostrano un alto grado di dinamismo e adattabilit\u00e0 dopo lo shock iniziale, per sviluppare nuove prospettive. Quest'ultimo \u00e8 precisamente lo scopo della consulenza di outplacement. Ci\u00f2 che \u00e8 inconcepibile dopo lo shock iniziale si verifica comunque, vale a dire che i licenziati si ritrovano di nuovo al lavoro dopo un anno al massimo, a volte anche in condizioni migliori di prima. A posteriori, molti si rendono poi conto che - anche se involontariamente innescato - il riorientamento professionale era atteso da tempo, spesso anche in relazione alle mutate circostanze della vita personale.<\/p>\n<p>&nbsp;<\/p>\n<p><em><strong>Dietro i casi che descrivi c'\u00e8 un compromesso costi-benefici. Su cosa si basa questo?<\/strong> <\/em><\/p>\n<p>Come prima, \u00e8 molto semplice: se le entrate non possono essere aumentate, si gira la vite del costo del personale! Riducendo il numero di persone, i bilanci vengono rapidamente sorvolati, il che legittima superficialmente i licenziamenti di personale associati. Tuttavia, anche qui dovremmo guardare oltre il superficiale. Lo sfondo di un licenziamento guidato dal datore di lavoro non \u00e8 sempre cos\u00ec motivato. Come gi\u00e0 detto, la qualit\u00e0 della cooperazione gioca spesso il ruolo principale qui, perch\u00e9 non \u00e8 pi\u00f9 considerata positiva in termini personali o professionali. Le aspettative di una parte e gli sviluppi dell'altra - lo sappiamo anche dalla vita privata - a volte si allontanano. Tuttavia, anche in questi casi vengono addotte ragioni operative, poich\u00e9 mancano i requisiti legali per un licenziamento comportamentale o personale. Di solito, queste separazioni vengono effettuate con un accordo di cessazione individuale.<\/p>\n<p>&nbsp;<\/p>\n<p><em><strong>Quindi, signor Reichelt, i manager devono essere consapevoli e preparati al fatto che possono diventare disoccupati da un giorno all'altro?<\/strong> <\/em><\/p>\n<p>S\u00ec, purtroppo! Di nuovo, nessuno \u00e8 insostituibile! I tempi della sicurezza del lavoro a lungo termine sono finiti da un pezzo. Anche la prossima generazione non intende pi\u00f9 fare il suo percorso di carriera in una sola azienda. Negli ultimi 30 anni, un numero enorme di posti di lavoro \u00e8 stato tagliato ai livelli inferiori e medi della gerarchia. Negli ultimi 15 anni o gi\u00f9 di l\u00ec, questo ha influenzato in modo massiccio anche le posizioni dirigenziali. La rapida sostituzione degli allenatori di calcio \u00e8 un riflesso di ci\u00f2 che accade anche nell'industria e negli affari quando i risultati desiderati non vengono raggiunti in modo tempestivo. Le posizioni manageriali sono in una struttura salariale pi\u00f9 alta, e quindi sono esaminate ancora pi\u00f9 criticamente per l'efficienza. Il vento soffia pi\u00f9 forte su questi piani, anche nelle relazioni personali. L'esperienza dimostra che un nuovo amministratore delegato o un direttore generale si concentra rapidamente su questi ranghi.<\/p>\n<p>&nbsp;<\/p>\n<p><em><strong>Come dovrebbe prepararsi a questa eventualit\u00e0 una donna o un uomo in una posizione elevata?<\/strong> <\/em><\/p>\n<p>Riconoscere presto il canto del cigno! Gli indicatori sono le cifre dell'azienda, compresa la redditivit\u00e0 della propria area e la tendenza operativa generale a ridurre i costi del personale. Le dispute sempre pi\u00f9 critiche con i superiori sono anche un segnale d'allarme essenziale. Mi raccomando: Non appena qualcuno ha la sensazione inequivocabile che il suo posto di lavoro \u00e8 a rischio, si dovrebbe cercare sul mercato del lavoro. Semplicemente venire a patti con l'essere pronti per un cambiamento e identificare le proprie opzioni di carriera sono i primi passi per non trovarsi in balia dell'azienda senza un'alternativa. L'assicurazione per le spese legali \u00e8 anche rassicurante per avere un supporto legale all'inizio. Ha un effetto sfavorevole se qualcuno rinuncia all'appoggio legale semplicemente perch\u00e9 i costi sono evitati.<\/p>\n<p>&nbsp;<\/p>\n<p><em><strong>Cos\u00ec tanto per la teoria, il DOVERE. E per quanto riguarda l'ATTUALE, come appare la cosa dell'atteggiamento dal punto di vista della vostra pratica?<\/strong> <\/em><\/p>\n<p>Nonostante una maggiore conoscenza di base, \u00e8 anche il caso dei manager di nascondere la testa sotto la sabbia contro la loro migliore conoscenza e il loro senso di presunzione e sperare che il calice passi loro davanti. Spesso gioca un ruolo anche l'idea di portarsi dietro almeno una buonuscita nel caso in cui si arrivi al peggio. Se un manager affronta proattivamente quella che viene percepita come una situazione traballante, di solito non riceve un feedback onesto, n\u00e9 \u00e8 necessario. Prendere in mano il proprio destino incombente \u00e8 certamente anche un'espressione del fatto che una persona tende generalmente a modellare la propria vita in modo offensivo o a rimanere come un coniglio di fronte a un serpente.<\/p>\n<p>&nbsp;<\/p>\n<p><em><strong>Affinch\u00e9 lo shock del tempo libero improvviso non diventi una caduta nel pozzo senza fondo, cosa \u00e8 particolarmente importante come protezione contro questo?<\/strong> <\/em><\/p>\n<p>Per neutralizzarsi consapevolmente, forse come parte di una vacanza con un cambio di scenario. Con questo intendo superare le fasi di delusione e rabbia per la perdita del lavoro, prendere le distanze dall'azienda ed essere pronti a concentrarsi senza riserve sul fatto che ora \u00e8 il lavoro a trovare un nuovo lavoro! A seconda della tua personalit\u00e0, questo processo pu\u00f2 richiedere pi\u00f9 o meno tempo, ma dopo circa un mese, dovresti iniziare ad agire. E, anche se \u00e8 difficile, l'auto-riflessione critica, ci\u00f2 che forse era la propria parte per perdere il lavoro, perch\u00e9 se necessario, questa realizzazione deve essere inclusa nelle disposizioni future. Inoltre, l'autodisciplina \u00e8 particolarmente necessaria in questa situazione. \u00c8 importante dare una struttura alla giornata e mantenere le abitudini precedenti, ad esempio le attivit\u00e0 sportive, in primo luogo e contrastare l'eventuale auto-letargia che pu\u00f2 sorgere. Nella maggior parte dei casi, la consulenza per il ricollocamento diventa attiva non appena viene pronunciato il licenziamento, che di solito \u00e8 accompagnato da una liberazione immediata dal lavoro. La persona licenziata \u00e8 gi\u00e0 \"raccolta\" dal servizio di consulenza in questa situazione e sostenuta soprattutto mentalmente e psicologicamente prima che inizi la fase pragmatica di riorientamento professionale.<\/p>\n<p>&nbsp;<\/p>\n<p><em><strong>Esistono dati empirici su quanto tempo ci vuole per stabilire un nuovo rapporto di lavoro dopo un licenziamento improvviso?<\/strong> <\/em><\/p>\n<p>L'esperienza media \u00e8 tra i sei e i nove mesi con circa 80 domande. Uno \u00e8 gi\u00e0 stato trovato dopo quattro settimane dalla terza applicazione, l'altro sta ancora cercando dopo sei mesi e 100 applicazioni. I fattori decisivi sono le qualifiche rilevanti per il mercato del lavoro, la mobilit\u00e0 e, se necessario, la capacit\u00e0 di scendere a compromessi sul contenuto del lavoro o sulle finanze.<\/p>\n<p>&nbsp;<\/p>\n<p><em><strong>Di nuovo, secondo l'esperienza, da cosa dipende se questo tempo sar\u00e0 breve, lungo o anche molto lungo?<\/strong> <\/em><\/p>\n<p>Le cose diventano rischiose quando qualcuno si avvicina ai 60 anni, con l'eccezione dei candidati che sono nell'ambiente del top management. I candidati, anche oltre i 45 anni, con qualifiche ampiamente buone hanno generalmente buone possibilit\u00e0 di un nuovo rapporto di lavoro nel prossimo futuro. Soprattutto quando si tratta di stipendi, per\u00f2, a volte \u00e8 un processo doloroso rendersi conto che lo stipendio di uscita dopo 20 anni non corrisponde a quello di partenza in una nuova azienda, soprattutto se si continua a muoversi nello stesso livello gerarchico e grado di difficolt\u00e0. Dalla mia pratica, conosco sicuramente dei casi in cui i dipendenti sono passati senza problemi dalla disoccupazione al pensionamento anticipato a pi\u00f9 di 58 anni.<\/p>\n<p>&nbsp;<\/p>\n<p><em><strong>Signor Reichelt, che il fulmine dell'esenzione colpisce all'improvviso, cosa non si deve fare in nessun caso?<\/strong> <\/em><\/p>\n<p>Se il datore di lavoro tira in ballo il licenziamento o l'offerta di un accordo di fine rapporto, non fate nessuna dichiarazione vincolante frettolosamente, n\u00e9 tantomeno firmate nulla. Le reazioni emotive sono comprensibili e calcolate, la scatola dei fazzoletti \u00e8 solitamente posta a portata di mano. Tuttavia, le reazioni estreme, per esempio con minacce o insulti, dovrebbero essere evitate per non fornire un'ulteriore giustificazione per la cessazione prevista. Prima che qualcuno continui a discutere la questione con il datore di lavoro, \u00e8 essenziale consultare un avvocato specializzato in diritto del lavoro. Inoltre, nessuna riunione dovrebbe essere accettata senza consultare il consiglio di fabbrica. Se questa istituzione non esiste, allora solo senza commento l'avviso della misura prevista con auto registrazione. Se qualcuno combatte per il suo lavoro con una denuncia davanti al tribunale del lavoro o tende a lasciare la societ\u00e0 - in ogni caso un avvocato dovrebbe sostenere l'ulteriore comunicazione con il datore di lavoro o addirittura sostituirlo completamente.<\/p>\n<p>&nbsp;<\/p>\n<p><em><strong>Signor Reichelt, una parola di chiusura per favore.<\/strong> <\/em><\/p>\n<p>Niente \u00e8 cos\u00ec costante come il cambiamento! Coloro che riconoscono, accettano e si adattano a questo sono ben consigliati. Un licenziamento, soprattutto uno improvviso, \u00e8 uno shock. Ma la mia esperienza lo dimostra: Tutti ritrovano il loro posto nella vita (professionale) dopo un licenziamento.<\/p>","protected":false},"excerpt":{"rendered":"<p>&nbsp; &nbsp; Ein unvermittelt beendetes Arbeitsverh\u00e4ltnis l\u00f6st entsprechend einen Schockzustand aus. Die wirtschaftliche Planungssicherheit und die Sorge um die Familie werden dadurch genauso bedroht wie das Selbstwertgef\u00fchl und Selbstverst\u00e4ndnis, das beides in hohem Masse auch von der beruflichen T\u00e4tigkeit mitbestimmt wird. &nbsp; Herr Reichelt, die Beratung in der beruflichen Neuorientierung nach K\u00fcndigung ist seit vielen [&hellip;]<\/p>\n","protected":false},"author":62,"featured_media":11900,"comment_status":"closed","ping_status":"closed","sticky":false,"template":"","format":"standard","meta":{"_acf_changed":false,"footnotes":""},"categories":[4448],"tags":[4787],"class_list":["post-11875","post","type-post","status-publish","format-standard","has-post-thumbnail","hentry","category-allgemein","tag-03-2015"],"acf":[],"yoast_head":"<!-- This site is optimized with the Yoast SEO plugin v26.2 - https:\/\/yoast.com\/wordpress\/plugins\/seo\/ -->\n<title>Der Schock der pl\u00f6tzlichen Freizeit - MQ Management und Qualit\u00e4t<\/title>\n<meta name=\"description\" content=\"Manche Arbeitsverh\u00e4ltnisse enden abrupt. Unddieses Ende kommt f\u00fcr die betroffenen F\u00fchrungskr\u00e4ftewie der Blitz aus heiterem Himmel, unerwartet,unvorbereitet. Was motiviert Unternehmenzu diesem Schritt? Und was ist dem so in eine unerwarteteFreizeit katapultierten Arbeitnehmer zuraten? Im Interview mit dem Berater f\u00fcr Karriereund Strategie, Erik Reichelt *, suchte Hartmut Volknach Antworten auf diese Fragen.\" \/>\n<meta name=\"robots\" content=\"index, follow, max-snippet:-1, max-image-preview:large, max-video-preview:-1\" \/>\n<link rel=\"canonical\" href=\"https:\/\/www.m-q.ch\/it\/lo-shock-dellimprovviso-tempo-libero\/\" \/>\n<meta property=\"og:locale\" content=\"it_IT\" \/>\n<meta property=\"og:type\" content=\"article\" \/>\n<meta property=\"og:title\" content=\"Der Schock der pl\u00f6tzlichen Freizeit - MQ Management und Qualit\u00e4t\" \/>\n<meta property=\"og:description\" content=\"Manche Arbeitsverh\u00e4ltnisse enden abrupt. Unddieses Ende kommt f\u00fcr die betroffenen F\u00fchrungskr\u00e4ftewie der Blitz aus heiterem Himmel, unerwartet,unvorbereitet. Was motiviert Unternehmenzu diesem Schritt? Und was ist dem so in eine unerwarteteFreizeit katapultierten Arbeitnehmer zuraten? Im Interview mit dem Berater f\u00fcr Karriereund Strategie, Erik Reichelt *, suchte Hartmut Volknach Antworten auf diese Fragen.\" \/>\n<meta property=\"og:url\" content=\"https:\/\/www.m-q.ch\/it\/lo-shock-dellimprovviso-tempo-libero\/\" \/>\n<meta property=\"og:site_name\" content=\"MQ Management und Qualit\u00e4t\" \/>\n<meta property=\"article:publisher\" content=\"https:\/\/www.facebook.com\/ManagementUndQualitaet\" \/>\n<meta property=\"article:published_time\" content=\"2015-03-01T07:51:55+00:00\" \/>\n<meta property=\"article:modified_time\" content=\"2021-02-15T08:25:20+00:00\" \/>\n<meta property=\"og:image\" content=\"https:\/\/www.m-q.ch\/wp-content\/uploads\/2021\/02\/Der-Schock-der-ploetzlichen-Freizeit.jpg\" \/>\n\t<meta property=\"og:image:width\" content=\"874\" \/>\n\t<meta property=\"og:image:height\" content=\"1199\" \/>\n\t<meta property=\"og:image:type\" content=\"image\/jpeg\" \/>\n<meta name=\"author\" content=\"upwork_2\" \/>\n<meta name=\"twitter:card\" content=\"summary_large_image\" \/>\n<meta name=\"twitter:label1\" content=\"Scritto da\" \/>\n\t<meta name=\"twitter:data1\" content=\"upwork_2\" \/>\n\t<meta name=\"twitter:label2\" content=\"Tempo di lettura stimato\" \/>\n\t<meta name=\"twitter:data2\" content=\"8 minuti\" \/>\n<script type=\"application\/ld+json\" class=\"yoast-schema-graph\">{\"@context\":\"https:\/\/schema.org\",\"@graph\":[{\"@type\":\"Article\",\"@id\":\"https:\/\/www.m-q.ch\/der-schock-der-ploetzlichen-freizeit\/#article\",\"isPartOf\":{\"@id\":\"https:\/\/www.m-q.ch\/der-schock-der-ploetzlichen-freizeit\/\"},\"author\":{\"name\":\"upwork_2\",\"@id\":\"https:\/\/www.m-q.ch\/fr\/#\/schema\/person\/71f647a41e4a3e361e6230f5134f3ba9\"},\"headline\":\"Der Schock der pl\u00f6tzlichen Freizeit\",\"datePublished\":\"2015-03-01T07:51:55+00:00\",\"dateModified\":\"2021-02-15T08:25:20+00:00\",\"mainEntityOfPage\":{\"@id\":\"https:\/\/www.m-q.ch\/der-schock-der-ploetzlichen-freizeit\/\"},\"wordCount\":1595,\"publisher\":{\"@id\":\"https:\/\/www.m-q.ch\/fr\/#organization\"},\"image\":{\"@id\":\"https:\/\/www.m-q.ch\/der-schock-der-ploetzlichen-freizeit\/#primaryimage\"},\"thumbnailUrl\":\"https:\/\/www.m-q.ch\/wp-content\/uploads\/2021\/02\/Der-Schock-der-ploetzlichen-Freizeit.jpg\",\"keywords\":[\"03\/2015\"],\"articleSection\":[\"Allgemein\"],\"inLanguage\":\"it-IT\"},{\"@type\":\"WebPage\",\"@id\":\"https:\/\/www.m-q.ch\/der-schock-der-ploetzlichen-freizeit\/\",\"url\":\"https:\/\/www.m-q.ch\/der-schock-der-ploetzlichen-freizeit\/\",\"name\":\"Der Schock der pl\u00f6tzlichen Freizeit - MQ Management und Qualit\u00e4t\",\"isPartOf\":{\"@id\":\"https:\/\/www.m-q.ch\/fr\/#website\"},\"primaryImageOfPage\":{\"@id\":\"https:\/\/www.m-q.ch\/der-schock-der-ploetzlichen-freizeit\/#primaryimage\"},\"image\":{\"@id\":\"https:\/\/www.m-q.ch\/der-schock-der-ploetzlichen-freizeit\/#primaryimage\"},\"thumbnailUrl\":\"https:\/\/www.m-q.ch\/wp-content\/uploads\/2021\/02\/Der-Schock-der-ploetzlichen-Freizeit.jpg\",\"datePublished\":\"2015-03-01T07:51:55+00:00\",\"dateModified\":\"2021-02-15T08:25:20+00:00\",\"description\":\"Manche Arbeitsverh\u00e4ltnisse enden abrupt. Unddieses Ende kommt f\u00fcr die betroffenen F\u00fchrungskr\u00e4ftewie der Blitz aus heiterem Himmel, unerwartet,unvorbereitet. Was motiviert Unternehmenzu diesem Schritt? Und was ist dem so in eine unerwarteteFreizeit katapultierten Arbeitnehmer zuraten? Im Interview mit dem Berater f\u00fcr Karriereund Strategie, Erik Reichelt *, suchte Hartmut Volknach Antworten auf diese Fragen.\",\"breadcrumb\":{\"@id\":\"https:\/\/www.m-q.ch\/der-schock-der-ploetzlichen-freizeit\/#breadcrumb\"},\"inLanguage\":\"it-IT\",\"potentialAction\":[{\"@type\":\"ReadAction\",\"target\":[\"https:\/\/www.m-q.ch\/der-schock-der-ploetzlichen-freizeit\/\"]}]},{\"@type\":\"ImageObject\",\"inLanguage\":\"it-IT\",\"@id\":\"https:\/\/www.m-q.ch\/der-schock-der-ploetzlichen-freizeit\/#primaryimage\",\"url\":\"https:\/\/www.m-q.ch\/wp-content\/uploads\/2021\/02\/Der-Schock-der-ploetzlichen-Freizeit.jpg\",\"contentUrl\":\"https:\/\/www.m-q.ch\/wp-content\/uploads\/2021\/02\/Der-Schock-der-ploetzlichen-Freizeit.jpg\",\"width\":874,\"height\":1199,\"caption\":\"Der Schock der pl\u00f6tzlichen Freizeit\"},{\"@type\":\"BreadcrumbList\",\"@id\":\"https:\/\/www.m-q.ch\/der-schock-der-ploetzlichen-freizeit\/#breadcrumb\",\"itemListElement\":[{\"@type\":\"ListItem\",\"position\":1,\"name\":\"Allgemein\",\"item\":\"https:\/\/www.m-q.ch\/kategorie\/allgemein\/\"},{\"@type\":\"ListItem\",\"position\":2,\"name\":\"Der Schock der pl\u00f6tzlichen Freizeit\"}]},{\"@type\":\"WebSite\",\"@id\":\"https:\/\/www.m-q.ch\/fr\/#website\",\"url\":\"https:\/\/www.m-q.ch\/fr\/\",\"name\":\"MQ Management und Qualit\u00e4t\",\"description\":\"Plattform f\u00fcr integrierte Managementsysteme.\",\"publisher\":{\"@id\":\"https:\/\/www.m-q.ch\/fr\/#organization\"},\"potentialAction\":[{\"@type\":\"SearchAction\",\"target\":{\"@type\":\"EntryPoint\",\"urlTemplate\":\"https:\/\/www.m-q.ch\/fr\/?s={search_term_string}\"},\"query-input\":{\"@type\":\"PropertyValueSpecification\",\"valueRequired\":true,\"valueName\":\"search_term_string\"}}],\"inLanguage\":\"it-IT\"},{\"@type\":\"Organization\",\"@id\":\"https:\/\/www.m-q.ch\/fr\/#organization\",\"name\":\"Galledia Fachmedien AG\",\"url\":\"https:\/\/www.m-q.ch\/fr\/\",\"logo\":{\"@type\":\"ImageObject\",\"inLanguage\":\"it-IT\",\"@id\":\"https:\/\/www.m-q.ch\/fr\/#\/schema\/logo\/image\/\",\"url\":\"https:\/\/www.m-q.ch\/wp-content\/uploads\/2020\/12\/cropped-logo_small.png\",\"contentUrl\":\"https:\/\/www.m-q.ch\/wp-content\/uploads\/2020\/12\/cropped-logo_small.png\",\"width\":512,\"height\":512,\"caption\":\"Galledia Fachmedien AG\"},\"image\":{\"@id\":\"https:\/\/www.m-q.ch\/fr\/#\/schema\/logo\/image\/\"},\"sameAs\":[\"https:\/\/www.facebook.com\/ManagementUndQualitaet\",\"https:\/\/www.linkedin.com\/showcase\/17982321\/admin\/\"]},{\"@type\":\"Person\",\"@id\":\"https:\/\/www.m-q.ch\/fr\/#\/schema\/person\/71f647a41e4a3e361e6230f5134f3ba9\",\"name\":\"upwork_2\",\"image\":{\"@type\":\"ImageObject\",\"inLanguage\":\"it-IT\",\"@id\":\"https:\/\/www.m-q.ch\/fr\/#\/schema\/person\/image\/\",\"url\":\"https:\/\/secure.gravatar.com\/avatar\/777b90ab56092bbf3c85feacda5c1bce?s=96&d=mm&r=g\",\"contentUrl\":\"https:\/\/secure.gravatar.com\/avatar\/777b90ab56092bbf3c85feacda5c1bce?s=96&d=mm&r=g\",\"caption\":\"upwork_2\"},\"url\":\"https:\/\/www.m-q.ch\/it\/author\/upwork_2\/\"}]}<\/script>\n<!-- \/ Yoast SEO plugin. -->","yoast_head_json":{"title":"Lo shock del tempo libero improvviso - MQ Management und Qualit\u00e4t","description":"Alcuni rapporti di lavoro finiscono bruscamente. E per i dirigenti interessati, questa fine arriva come un fulmine a ciel sereno, inaspettata, impreparata. Cosa spinge le aziende a fare questo passo? E quali consigli si dovrebbero dare ai dipendenti catapultati in un inaspettato periodo di svago? In un'intervista con il consulente di carriera e strategia Erik Reichelt*, Hartmut Volkn ha cercato risposte a queste domande.","robots":{"index":"index","follow":"follow","max-snippet":"max-snippet:-1","max-image-preview":"max-image-preview:large","max-video-preview":"max-video-preview:-1"},"canonical":"https:\/\/www.m-q.ch\/it\/lo-shock-dellimprovviso-tempo-libero\/","og_locale":"it_IT","og_type":"article","og_title":"Der Schock der pl\u00f6tzlichen Freizeit - MQ Management und Qualit\u00e4t","og_description":"Manche Arbeitsverh\u00e4ltnisse enden abrupt. Unddieses Ende kommt f\u00fcr die betroffenen F\u00fchrungskr\u00e4ftewie der Blitz aus heiterem Himmel, unerwartet,unvorbereitet. Was motiviert Unternehmenzu diesem Schritt? Und was ist dem so in eine unerwarteteFreizeit katapultierten Arbeitnehmer zuraten? Im Interview mit dem Berater f\u00fcr Karriereund Strategie, Erik Reichelt *, suchte Hartmut Volknach Antworten auf diese Fragen.","og_url":"https:\/\/www.m-q.ch\/it\/lo-shock-dellimprovviso-tempo-libero\/","og_site_name":"MQ Management und Qualit\u00e4t","article_publisher":"https:\/\/www.facebook.com\/ManagementUndQualitaet","article_published_time":"2015-03-01T07:51:55+00:00","article_modified_time":"2021-02-15T08:25:20+00:00","og_image":[{"width":874,"height":1199,"url":"https:\/\/www.m-q.ch\/wp-content\/uploads\/2021\/02\/Der-Schock-der-ploetzlichen-Freizeit.jpg","type":"image\/jpeg"}],"author":"upwork_2","twitter_card":"summary_large_image","twitter_misc":{"Scritto da":"upwork_2","Tempo di lettura stimato":"8 minuti"},"schema":{"@context":"https:\/\/schema.org","@graph":[{"@type":"Article","@id":"https:\/\/www.m-q.ch\/der-schock-der-ploetzlichen-freizeit\/#article","isPartOf":{"@id":"https:\/\/www.m-q.ch\/der-schock-der-ploetzlichen-freizeit\/"},"author":{"name":"upwork_2","@id":"https:\/\/www.m-q.ch\/fr\/#\/schema\/person\/71f647a41e4a3e361e6230f5134f3ba9"},"headline":"Der Schock der pl\u00f6tzlichen Freizeit","datePublished":"2015-03-01T07:51:55+00:00","dateModified":"2021-02-15T08:25:20+00:00","mainEntityOfPage":{"@id":"https:\/\/www.m-q.ch\/der-schock-der-ploetzlichen-freizeit\/"},"wordCount":1595,"publisher":{"@id":"https:\/\/www.m-q.ch\/fr\/#organization"},"image":{"@id":"https:\/\/www.m-q.ch\/der-schock-der-ploetzlichen-freizeit\/#primaryimage"},"thumbnailUrl":"https:\/\/www.m-q.ch\/wp-content\/uploads\/2021\/02\/Der-Schock-der-ploetzlichen-Freizeit.jpg","keywords":["03\/2015"],"articleSection":["Allgemein"],"inLanguage":"it-IT"},{"@type":"WebPage","@id":"https:\/\/www.m-q.ch\/der-schock-der-ploetzlichen-freizeit\/","url":"https:\/\/www.m-q.ch\/der-schock-der-ploetzlichen-freizeit\/","name":"Lo shock del tempo libero improvviso - MQ Management und Qualit\u00e4t","isPartOf":{"@id":"https:\/\/www.m-q.ch\/fr\/#website"},"primaryImageOfPage":{"@id":"https:\/\/www.m-q.ch\/der-schock-der-ploetzlichen-freizeit\/#primaryimage"},"image":{"@id":"https:\/\/www.m-q.ch\/der-schock-der-ploetzlichen-freizeit\/#primaryimage"},"thumbnailUrl":"https:\/\/www.m-q.ch\/wp-content\/uploads\/2021\/02\/Der-Schock-der-ploetzlichen-Freizeit.jpg","datePublished":"2015-03-01T07:51:55+00:00","dateModified":"2021-02-15T08:25:20+00:00","description":"Alcuni rapporti di lavoro finiscono bruscamente. E per i dirigenti interessati, questa fine arriva come un fulmine a ciel sereno, inaspettata, impreparata. Cosa spinge le aziende a fare questo passo? E quali consigli si dovrebbero dare ai dipendenti catapultati in un inaspettato periodo di svago? In un'intervista con il consulente di carriera e strategia Erik Reichelt*, Hartmut Volkn ha cercato risposte a queste domande.","breadcrumb":{"@id":"https:\/\/www.m-q.ch\/der-schock-der-ploetzlichen-freizeit\/#breadcrumb"},"inLanguage":"it-IT","potentialAction":[{"@type":"ReadAction","target":["https:\/\/www.m-q.ch\/der-schock-der-ploetzlichen-freizeit\/"]}]},{"@type":"ImageObject","inLanguage":"it-IT","@id":"https:\/\/www.m-q.ch\/der-schock-der-ploetzlichen-freizeit\/#primaryimage","url":"https:\/\/www.m-q.ch\/wp-content\/uploads\/2021\/02\/Der-Schock-der-ploetzlichen-Freizeit.jpg","contentUrl":"https:\/\/www.m-q.ch\/wp-content\/uploads\/2021\/02\/Der-Schock-der-ploetzlichen-Freizeit.jpg","width":874,"height":1199,"caption":"Der Schock der pl\u00f6tzlichen Freizeit"},{"@type":"BreadcrumbList","@id":"https:\/\/www.m-q.ch\/der-schock-der-ploetzlichen-freizeit\/#breadcrumb","itemListElement":[{"@type":"ListItem","position":1,"name":"Allgemein","item":"https:\/\/www.m-q.ch\/kategorie\/allgemein\/"},{"@type":"ListItem","position":2,"name":"Der Schock der pl\u00f6tzlichen Freizeit"}]},{"@type":"WebSite","@id":"https:\/\/www.m-q.ch\/fr\/#website","url":"https:\/\/www.m-q.ch\/fr\/","name":"Gestione e qualit\u00e0 MQ","description":"Piattaforma per sistemi di gestione integrati.","publisher":{"@id":"https:\/\/www.m-q.ch\/fr\/#organization"},"potentialAction":[{"@type":"SearchAction","target":{"@type":"EntryPoint","urlTemplate":"https:\/\/www.m-q.ch\/fr\/?s={search_term_string}"},"query-input":{"@type":"PropertyValueSpecification","valueRequired":true,"valueName":"search_term_string"}}],"inLanguage":"it-IT"},{"@type":"Organization","@id":"https:\/\/www.m-q.ch\/fr\/#organization","name":"Galledia Fachmedien AG","url":"https:\/\/www.m-q.ch\/fr\/","logo":{"@type":"ImageObject","inLanguage":"it-IT","@id":"https:\/\/www.m-q.ch\/fr\/#\/schema\/logo\/image\/","url":"https:\/\/www.m-q.ch\/wp-content\/uploads\/2020\/12\/cropped-logo_small.png","contentUrl":"https:\/\/www.m-q.ch\/wp-content\/uploads\/2020\/12\/cropped-logo_small.png","width":512,"height":512,"caption":"Galledia Fachmedien AG"},"image":{"@id":"https:\/\/www.m-q.ch\/fr\/#\/schema\/logo\/image\/"},"sameAs":["https:\/\/www.facebook.com\/ManagementUndQualitaet","https:\/\/www.linkedin.com\/showcase\/17982321\/admin\/"]},{"@type":"Person","@id":"https:\/\/www.m-q.ch\/fr\/#\/schema\/person\/71f647a41e4a3e361e6230f5134f3ba9","name":"upwork_2","image":{"@type":"ImageObject","inLanguage":"it-IT","@id":"https:\/\/www.m-q.ch\/fr\/#\/schema\/person\/image\/","url":"https:\/\/secure.gravatar.com\/avatar\/777b90ab56092bbf3c85feacda5c1bce?s=96&d=mm&r=g","contentUrl":"https:\/\/secure.gravatar.com\/avatar\/777b90ab56092bbf3c85feacda5c1bce?s=96&d=mm&r=g","caption":"upwork_2"},"url":"https:\/\/www.m-q.ch\/it\/author\/upwork_2\/"}]}},"_links":{"self":[{"href":"https:\/\/www.m-q.ch\/it\/wp-json\/wp\/v2\/posts\/11875","targetHints":{"allow":["GET"]}}],"collection":[{"href":"https:\/\/www.m-q.ch\/it\/wp-json\/wp\/v2\/posts"}],"about":[{"href":"https:\/\/www.m-q.ch\/it\/wp-json\/wp\/v2\/types\/post"}],"author":[{"embeddable":true,"href":"https:\/\/www.m-q.ch\/it\/wp-json\/wp\/v2\/users\/62"}],"replies":[{"embeddable":true,"href":"https:\/\/www.m-q.ch\/it\/wp-json\/wp\/v2\/comments?post=11875"}],"version-history":[{"count":1,"href":"https:\/\/www.m-q.ch\/it\/wp-json\/wp\/v2\/posts\/11875\/revisions"}],"predecessor-version":[{"id":11901,"href":"https:\/\/www.m-q.ch\/it\/wp-json\/wp\/v2\/posts\/11875\/revisions\/11901"}],"wp:featuredmedia":[{"embeddable":true,"href":"https:\/\/www.m-q.ch\/it\/wp-json\/wp\/v2\/media\/11900"}],"wp:attachment":[{"href":"https:\/\/www.m-q.ch\/it\/wp-json\/wp\/v2\/media?parent=11875"}],"wp:term":[{"taxonomy":"category","embeddable":true,"href":"https:\/\/www.m-q.ch\/it\/wp-json\/wp\/v2\/categories?post=11875"},{"taxonomy":"post_tag","embeddable":true,"href":"https:\/\/www.m-q.ch\/it\/wp-json\/wp\/v2\/tags?post=11875"}],"curies":[{"name":"wp","href":"https:\/\/api.w.org\/{rel}","templated":true}]}}