{"id":11899,"date":"2015-04-01T09:15:36","date_gmt":"2015-04-01T07:15:36","guid":{"rendered":"https:\/\/www.m-q.ch\/?p=11899"},"modified":"2021-02-15T10:58:05","modified_gmt":"2021-02-15T09:58:05","slug":"e-una-questione-di-eccellenza","status":"publish","type":"post","link":"https:\/\/www.m-q.ch\/it\/alles-eine-frage-der-exzellenz\/","title":{"rendered":"\u00c8 tutta una questione di eccellenza?"},"content":{"rendered":"<p><img loading=\"lazy\" decoding=\"async\" class=\"alignnone size-full wp-image-11954\" src=\"https:\/\/www.m-q.ch\/wp-content\/uploads\/2021\/02\/Alles-eine-Frage-der-Exzellenz.jpg\" alt=\"\u00c8 tutta una questione di eccellenza?\" width=\"876\" height=\"538\" srcset=\"https:\/\/www.m-q.ch\/wp-content\/uploads\/2021\/02\/Alles-eine-Frage-der-Exzellenz.jpg 876w, https:\/\/www.m-q.ch\/wp-content\/uploads\/2021\/02\/Alles-eine-Frage-der-Exzellenz-768x472.jpg 768w, https:\/\/www.m-q.ch\/wp-content\/uploads\/2021\/02\/Alles-eine-Frage-der-Exzellenz-16x10.jpg 16w, https:\/\/www.m-q.ch\/wp-content\/uploads\/2021\/02\/Alles-eine-Frage-der-Exzellenz-285x175.jpg 285w, https:\/\/www.m-q.ch\/wp-content\/uploads\/2021\/02\/Alles-eine-Frage-der-Exzellenz-570x350.jpg 570w, https:\/\/www.m-q.ch\/wp-content\/uploads\/2021\/02\/Alles-eine-Frage-der-Exzellenz-300x184.jpg 300w\" sizes=\"auto, (max-width: 876px) 100vw, 876px\" \/><\/p>\n<p>&nbsp;<\/p>\n<p>&nbsp;<\/p>\n<p>Alla fine a vincere \u00e8 stata l'azienda vicina alla Confederazione: l'unit\u00e0 del gruppo PostMail della Posta Svizzera ha ricevuto l'\"ESPRIX Swiss Award for Excellence\" da Valentin Vogt, presidente dell'Associazione svizzera degli imprenditori. Ulrich Hurni, responsabile di PostMail e vicedirettore del gruppo, era felicissimo di ricevere il premio davanti a circa 700 invitati del mondo economico e politico al KKL di Lucerna: \"L'ESPRIX Award dimostra che abbiamo intrapreso con successo il percorso comune verso l'eccellenza e che anche i nostri clienti ne beneficiano.<\/p>\n<p>&nbsp;<\/p>\n<p><em><strong>Signor Hurni, come valuta il valore dei premi aziendali in generale e del premio ESPRIX per l'eccellenza in particolare?<\/strong> <\/em><\/p>\n<p>Ulrich Hurni: Non sono un collezionista di premi. Neanche questo sarebbe adatto alla nostra azienda. Ma il premio ESPRIX \u00e8 molto prezioso per me. Perch\u00e9 segna la fine provvisoria di un lungo viaggio che abbiamo iniziato ben sei anni fa. Volevamo raggiungere un obiettivo lungo la strada, e quell'obiettivo era vincere questa competizione.<\/p>\n<p>&nbsp;<\/p>\n<p><em><strong>Devi lavorare sodo per il premio ESPRIX e passare attraverso una valutazione. Come ha vissuto questa esperienza?<\/strong> <\/em><\/p>\n<p>La valutazione \u00e8 stata preceduta da diverse valutazioni interne, alcune delle quali sono state accompagnate anche esternamente. Queste sono state delle buone sessioni di allenamento. L'intera procedura di applicazione \u00e8 stata anche un buon lavoro. Infine, una grande squadra di valutatori ha esaminato da vicino la nostra azienda, a partire da me e dalla direzione. Nel corso di diversi giorni, i valutatori hanno anche visitato le aziende sparse in tutta la Svizzera. Ho trovato l'intero processo condotto in modo molto professionale. Questo \u00e8 giusto da dire.<\/p>\n<p>&nbsp;<\/p>\n<p><em><strong>Infine, il rapporto della giuria era disponibile. In particolare, ha elogiato \"la messa in rete dell'attivit\u00e0 di spedizione fisica e digitale, sistematicamente guidata da una stretta gestione finanziaria\". Come influisce questa stretta gestione finanziaria sul lavoro quotidiano dei dipendenti? Si diventa pi\u00f9 veloci e migliori risparmiando denaro?<\/strong> <\/em><\/p>\n<p>Siamo infatti costretti a risparmiare. Guarda: anche se generiamo un fatturato di 2,9 miliardi di franchi e un EBIT di 330 milioni. Dal 2004, una lettera costa un franco, ma il numero di lettere inviate \u00e8 in costante diminuzione mentre il numero di destinatari aumenta. Quindi non c'\u00e8 modo di aggirare l'ottimizzazione dei costi e le misure per aumentare l'efficienza. In passato, potresti aver conosciuto personalmente il postino. Oggi, la consegna viene effettuata da squadre, ed \u00e8 qui che entra in gioco il mercato. Se si scopre che la squadra X \u00e8 pi\u00f9 veloce della squadra Y, allora ci si chiede il perch\u00e9 di questo, in modo da poter prendere le giuste misure di miglioramento.<\/p>\n<p>&nbsp;<\/p>\n<p><em><strong>Un elemento centrale per il miglioramento continuo nella vostra azienda \u00e8 il Kaizen. Come capo, come dare il buon esempio?<\/strong> <\/em><\/p>\n<p>Cerco semplicemente di tenere le cose in ordine secondo il principio delle 5S. Questo mi aiuta a sbarazzarmi della zavorra non necessaria. Ma questa \u00e8 solo una piccola goccia nell'oceano. I veri processi di miglioramento avvengono al di fuori dell'azienda.<\/p>\n<p>&nbsp;<\/p>\n<p><em><strong>Ma come si fa a trasportare il concetto Kaizen attraverso tutti i livelli gerarchici in modo che tutti possano sostenerlo?<\/strong> <\/em><\/p>\n<p>Abbiamo avuto la fortuna che un grande progetto stava per essere realizzato, vale a dire il cambiamento completo dello smistamento delle lettere secondo la sequenza di consegna. Questo significa che la lettera in cima alla pila del postino \u00e8 anche destinata alla prima cassetta postale del suo percorso. Questo progetto, che riguardava l'intero processo, era una buona opportunit\u00e0 per introdurre Kaizen a tutti i livelli allo stesso tempo. Tutte le persone coinvolte sono state invitate a contribuire a modellare i processi e a dare i loro suggerimenti per il miglioramento.<\/p>\n<p>&nbsp;<\/p>\n<p><em><strong>Probabilmente anche questo ha avuto un effetto motivante?<\/strong> <\/em><\/p>\n<p>S\u00ec, grazie alla partecipazione diretta, i dipendenti si sono sentiti presi davvero sul serio.<\/p>\n<p>&nbsp;<\/p>\n<p><em><strong>Probabilmente \u00e8 molto. Quanto velocemente vengono implementati i suggerimenti di miglioramento?<\/strong><\/em><\/p>\n<p>Naturalmente, questo inizia localmente nel rispettivo team, poi i suggerimenti vengono portati alle altre regioni. Le buone idee si diffondono a macchia d'olio in tutta l'azienda. Tuttavia, questo presuppone che anche i canali d'informazione siano giusti.<\/p>\n<p>&nbsp;<\/p>\n<p><em><strong>Non solo Kaizen, ma l'intero modello EFQM \u00e8 stato implementato nella vostra azienda. C'\u00e8 stato un momento decisivo per introdurre l'EFQM in PostMail?<\/strong> <\/em><\/p>\n<p>C'era davvero, nella persona del nostro responsabile della qualit\u00e0 Marco Sch\u00f6pf. Aveva il compito di riorganizzare l'intera divisione. Come valutatore EFQM formato, alla fine ha convinto anche me di questo modello.<\/p>\n<p>&nbsp;<\/p>\n<p><em><strong>E come \u00e8 stato possibile implementare il modello attraverso tutti i livelli gerarchici?<\/strong> <\/em><\/p>\n<p>Un sacco di sostegno \u00e8 stato fornito nelle squadre dai rispettivi team leader. Per garantire che la conoscenza non vada persa, pianifichiamo costantemente i successori e ci impegniamo nella gestione dei talenti. Il motto \u00e8 \"Rafforzare le forze\". L'introduzione di Kaizen d\u00e0 qui un contributo decisivo.<\/p>\n<p>&nbsp;<\/p>\n<p><em><strong>Ora hai raggiunto un obiettivo vincendo il premio. Dove si trovano ora le prossime sfide?<\/strong> <\/em><\/p>\n<p>Dopo tutto, riceviamo gli obiettivi dal governo federale. Di conseguenza, dobbiamo fare un rapporto annuale. Tra le altre cose, misuriamo la soddisfazione del cliente. Anche se questo \u00e8 alto, vogliamo migliorare costantemente. La gestione dei costi rimane una sfida costante. I grandi successi in termini di aumento dell'efficienza sono finiti, grazie agli investimenti in ancora pi\u00f9 automazione. Ora \u00e8 una questione di messa a punto.<\/p>\n<p>&nbsp;<\/p>\n<p><em><strong>A proposito di soddisfazione dei clienti: la Posta fa parte del \"servizio pubblico\" ed \u00e8 quindi molto al centro dell'attenzione dei consumatori, che poi spesso non fanno altro che constatare tagli al servizio. Quanto \u00e8 difficile essere \"eccellente\"?<\/strong> <\/em><\/p>\n<p>Secondo me, questo \u00e8 dovuto a una caratteristica tipicamente svizzera di vedere spesso solo il negativo. L'ho visto diversamente negli Stati Uniti, dove la gente elogia un sacco di cose che non sono nemmeno nella media in termini di qualit\u00e0... Ma il fatto \u00e8 che il servizio della Posta va ancora ben oltre ci\u00f2 che la legge richiede come base per la fornitura. E ci stiamo davvero trattenendo dal tagliare i servizi. Se lo facciamo, \u00e8 sempre in consultazione con gli interessati. Non tagliamo sistematicamente i servizi, ma ci concentriamo sulla qualit\u00e0. Facciamo un sondaggio su 15.000 clienti ogni anno, e recentemente hanno valutato la qualit\u00e0 dei nostri servizi a 92 su una scala da 1 a 100. Questo dice molto.<\/p>","protected":false},"excerpt":{"rendered":"<p>&nbsp; &nbsp; Das Rennen machte schliesslich der bundesnahe Betrieb: Der Konzernbereich PostMail der Schweizerischen Post durfte den \u00abESPRIX Swiss Award for Excellence \u00bb aus den H\u00e4nden von Valentin Vogt, Pr\u00e4sident des Schweizerischen Arbeitgeberverbandes, entgegennehmen. Ulrich Hurni, Leiter PostMail und stellvertretender Konzernleiter, zeigte sich \u00fcbergl\u00fccklich bei der Preis\u00fcbergabe vor rund 700 geladenen G\u00e4sten aus Wirtschaft und [&hellip;]<\/p>\n","protected":false},"author":62,"featured_media":11954,"comment_status":"closed","ping_status":"closed","sticky":false,"template":"","format":"standard","meta":{"_acf_changed":false,"footnotes":""},"categories":[4448],"tags":[4788],"class_list":["post-11899","post","type-post","status-publish","format-standard","has-post-thumbnail","hentry","category-allgemein","tag-04-2015"],"acf":[],"yoast_head":"<!-- This site is optimized with the Yoast SEO plugin v26.2 - https:\/\/yoast.com\/wordpress\/plugins\/seo\/ -->\n<title>Alles eine Frage der Exzellenz ? - MQ Management und Qualit\u00e4t<\/title>\n<meta name=\"description\" content=\"Am 5. M\u00e4rz fand im KKL Luzern zum nunmehrelften Mal die Verleihung des ESPRIX Awards forExcellence statt. Im Final standen dieses Jahr dreiKandidaten: ein Bundesamt, ein sog. \u00abbundesnaherBetrieb\u00bb und ein Alterszentrum. Wir sprachenmit dem Gewinner.\" \/>\n<meta name=\"robots\" content=\"index, follow, max-snippet:-1, max-image-preview:large, max-video-preview:-1\" \/>\n<link rel=\"canonical\" href=\"https:\/\/www.m-q.ch\/it\/e-una-questione-di-eccellenza\/\" \/>\n<meta property=\"og:locale\" content=\"it_IT\" \/>\n<meta property=\"og:type\" content=\"article\" \/>\n<meta property=\"og:title\" content=\"Alles eine Frage der Exzellenz ? - MQ Management und Qualit\u00e4t\" \/>\n<meta property=\"og:description\" content=\"Am 5. M\u00e4rz fand im KKL Luzern zum nunmehrelften Mal die Verleihung des ESPRIX Awards forExcellence statt. Im Final standen dieses Jahr dreiKandidaten: ein Bundesamt, ein sog. \u00abbundesnaherBetrieb\u00bb und ein Alterszentrum. Wir sprachenmit dem Gewinner.\" \/>\n<meta property=\"og:url\" content=\"https:\/\/www.m-q.ch\/it\/e-una-questione-di-eccellenza\/\" \/>\n<meta property=\"og:site_name\" content=\"MQ Management und Qualit\u00e4t\" \/>\n<meta property=\"article:publisher\" content=\"https:\/\/www.facebook.com\/ManagementUndQualitaet\" \/>\n<meta property=\"article:published_time\" content=\"2015-04-01T07:15:36+00:00\" \/>\n<meta property=\"article:modified_time\" content=\"2021-02-15T09:58:05+00:00\" \/>\n<meta property=\"og:image\" content=\"https:\/\/www.m-q.ch\/wp-content\/uploads\/2021\/02\/Alles-eine-Frage-der-Exzellenz.jpg\" \/>\n\t<meta property=\"og:image:width\" content=\"876\" \/>\n\t<meta property=\"og:image:height\" content=\"538\" \/>\n\t<meta property=\"og:image:type\" content=\"image\/jpeg\" \/>\n<meta name=\"author\" content=\"upwork_2\" \/>\n<meta name=\"twitter:card\" content=\"summary_large_image\" \/>\n<meta name=\"twitter:label1\" content=\"Scritto da\" \/>\n\t<meta name=\"twitter:data1\" content=\"upwork_2\" \/>\n\t<meta name=\"twitter:label2\" content=\"Tempo di lettura stimato\" \/>\n\t<meta name=\"twitter:data2\" content=\"5 minuti\" \/>\n<script type=\"application\/ld+json\" class=\"yoast-schema-graph\">{\"@context\":\"https:\/\/schema.org\",\"@graph\":[{\"@type\":\"Article\",\"@id\":\"https:\/\/www.m-q.ch\/alles-eine-frage-der-exzellenz\/#article\",\"isPartOf\":{\"@id\":\"https:\/\/www.m-q.ch\/alles-eine-frage-der-exzellenz\/\"},\"author\":{\"name\":\"upwork_2\",\"@id\":\"https:\/\/www.m-q.ch\/fr\/#\/schema\/person\/71f647a41e4a3e361e6230f5134f3ba9\"},\"headline\":\"Alles eine Frage der Exzellenz ?\",\"datePublished\":\"2015-04-01T07:15:36+00:00\",\"dateModified\":\"2021-02-15T09:58:05+00:00\",\"mainEntityOfPage\":{\"@id\":\"https:\/\/www.m-q.ch\/alles-eine-frage-der-exzellenz\/\"},\"wordCount\":1005,\"publisher\":{\"@id\":\"https:\/\/www.m-q.ch\/fr\/#organization\"},\"image\":{\"@id\":\"https:\/\/www.m-q.ch\/alles-eine-frage-der-exzellenz\/#primaryimage\"},\"thumbnailUrl\":\"https:\/\/www.m-q.ch\/wp-content\/uploads\/2021\/02\/Alles-eine-Frage-der-Exzellenz.jpg\",\"keywords\":[\"04\/2015\"],\"articleSection\":[\"Allgemein\"],\"inLanguage\":\"it-IT\"},{\"@type\":\"WebPage\",\"@id\":\"https:\/\/www.m-q.ch\/alles-eine-frage-der-exzellenz\/\",\"url\":\"https:\/\/www.m-q.ch\/alles-eine-frage-der-exzellenz\/\",\"name\":\"Alles eine Frage der Exzellenz ? - MQ Management und Qualit\u00e4t\",\"isPartOf\":{\"@id\":\"https:\/\/www.m-q.ch\/fr\/#website\"},\"primaryImageOfPage\":{\"@id\":\"https:\/\/www.m-q.ch\/alles-eine-frage-der-exzellenz\/#primaryimage\"},\"image\":{\"@id\":\"https:\/\/www.m-q.ch\/alles-eine-frage-der-exzellenz\/#primaryimage\"},\"thumbnailUrl\":\"https:\/\/www.m-q.ch\/wp-content\/uploads\/2021\/02\/Alles-eine-Frage-der-Exzellenz.jpg\",\"datePublished\":\"2015-04-01T07:15:36+00:00\",\"dateModified\":\"2021-02-15T09:58:05+00:00\",\"description\":\"Am 5. M\u00e4rz fand im KKL Luzern zum nunmehrelften Mal die Verleihung des ESPRIX Awards forExcellence statt. Im Final standen dieses Jahr dreiKandidaten: ein Bundesamt, ein sog. \u00abbundesnaherBetrieb\u00bb und ein Alterszentrum. Wir sprachenmit dem Gewinner.\",\"breadcrumb\":{\"@id\":\"https:\/\/www.m-q.ch\/alles-eine-frage-der-exzellenz\/#breadcrumb\"},\"inLanguage\":\"it-IT\",\"potentialAction\":[{\"@type\":\"ReadAction\",\"target\":[\"https:\/\/www.m-q.ch\/alles-eine-frage-der-exzellenz\/\"]}]},{\"@type\":\"ImageObject\",\"inLanguage\":\"it-IT\",\"@id\":\"https:\/\/www.m-q.ch\/alles-eine-frage-der-exzellenz\/#primaryimage\",\"url\":\"https:\/\/www.m-q.ch\/wp-content\/uploads\/2021\/02\/Alles-eine-Frage-der-Exzellenz.jpg\",\"contentUrl\":\"https:\/\/www.m-q.ch\/wp-content\/uploads\/2021\/02\/Alles-eine-Frage-der-Exzellenz.jpg\",\"width\":876,\"height\":538,\"caption\":\"Alles eine Frage der Exzellenz ?\"},{\"@type\":\"BreadcrumbList\",\"@id\":\"https:\/\/www.m-q.ch\/alles-eine-frage-der-exzellenz\/#breadcrumb\",\"itemListElement\":[{\"@type\":\"ListItem\",\"position\":1,\"name\":\"Allgemein\",\"item\":\"https:\/\/www.m-q.ch\/kategorie\/allgemein\/\"},{\"@type\":\"ListItem\",\"position\":2,\"name\":\"Alles eine Frage der Exzellenz ?\"}]},{\"@type\":\"WebSite\",\"@id\":\"https:\/\/www.m-q.ch\/fr\/#website\",\"url\":\"https:\/\/www.m-q.ch\/fr\/\",\"name\":\"MQ Management und Qualit\u00e4t\",\"description\":\"Plattform f\u00fcr integrierte Managementsysteme.\",\"publisher\":{\"@id\":\"https:\/\/www.m-q.ch\/fr\/#organization\"},\"potentialAction\":[{\"@type\":\"SearchAction\",\"target\":{\"@type\":\"EntryPoint\",\"urlTemplate\":\"https:\/\/www.m-q.ch\/fr\/?s={search_term_string}\"},\"query-input\":{\"@type\":\"PropertyValueSpecification\",\"valueRequired\":true,\"valueName\":\"search_term_string\"}}],\"inLanguage\":\"it-IT\"},{\"@type\":\"Organization\",\"@id\":\"https:\/\/www.m-q.ch\/fr\/#organization\",\"name\":\"Galledia Fachmedien AG\",\"url\":\"https:\/\/www.m-q.ch\/fr\/\",\"logo\":{\"@type\":\"ImageObject\",\"inLanguage\":\"it-IT\",\"@id\":\"https:\/\/www.m-q.ch\/fr\/#\/schema\/logo\/image\/\",\"url\":\"https:\/\/www.m-q.ch\/wp-content\/uploads\/2020\/12\/cropped-logo_small.png\",\"contentUrl\":\"https:\/\/www.m-q.ch\/wp-content\/uploads\/2020\/12\/cropped-logo_small.png\",\"width\":512,\"height\":512,\"caption\":\"Galledia Fachmedien AG\"},\"image\":{\"@id\":\"https:\/\/www.m-q.ch\/fr\/#\/schema\/logo\/image\/\"},\"sameAs\":[\"https:\/\/www.facebook.com\/ManagementUndQualitaet\",\"https:\/\/www.linkedin.com\/showcase\/17982321\/admin\/\"]},{\"@type\":\"Person\",\"@id\":\"https:\/\/www.m-q.ch\/fr\/#\/schema\/person\/71f647a41e4a3e361e6230f5134f3ba9\",\"name\":\"upwork_2\",\"image\":{\"@type\":\"ImageObject\",\"inLanguage\":\"it-IT\",\"@id\":\"https:\/\/www.m-q.ch\/fr\/#\/schema\/person\/image\/\",\"url\":\"https:\/\/secure.gravatar.com\/avatar\/777b90ab56092bbf3c85feacda5c1bce?s=96&d=mm&r=g\",\"contentUrl\":\"https:\/\/secure.gravatar.com\/avatar\/777b90ab56092bbf3c85feacda5c1bce?s=96&d=mm&r=g\",\"caption\":\"upwork_2\"},\"url\":\"https:\/\/www.m-q.ch\/it\/author\/upwork_2\/\"}]}<\/script>\n<!-- \/ Yoast SEO plugin. -->","yoast_head_json":{"title":"\u00c8 tutta una questione di eccellenza? - MQ Gestione e qualit\u00e0","description":"Il 5 marzo, gli ESPRIX Awards for Excellence sono stati presentati per la terza volta al KKL Luzern. Quest'anno, tre candidati erano in finale: un ufficio federale, una cosiddetta \"azienda federale\" e un centro di pensionamento. Abbiamo parlato con il vincitore.","robots":{"index":"index","follow":"follow","max-snippet":"max-snippet:-1","max-image-preview":"max-image-preview:large","max-video-preview":"max-video-preview:-1"},"canonical":"https:\/\/www.m-q.ch\/it\/e-una-questione-di-eccellenza\/","og_locale":"it_IT","og_type":"article","og_title":"Alles eine Frage der Exzellenz ? - MQ Management und Qualit\u00e4t","og_description":"Am 5. M\u00e4rz fand im KKL Luzern zum nunmehrelften Mal die Verleihung des ESPRIX Awards forExcellence statt. Im Final standen dieses Jahr dreiKandidaten: ein Bundesamt, ein sog. \u00abbundesnaherBetrieb\u00bb und ein Alterszentrum. Wir sprachenmit dem Gewinner.","og_url":"https:\/\/www.m-q.ch\/it\/e-una-questione-di-eccellenza\/","og_site_name":"MQ Management und Qualit\u00e4t","article_publisher":"https:\/\/www.facebook.com\/ManagementUndQualitaet","article_published_time":"2015-04-01T07:15:36+00:00","article_modified_time":"2021-02-15T09:58:05+00:00","og_image":[{"width":876,"height":538,"url":"https:\/\/www.m-q.ch\/wp-content\/uploads\/2021\/02\/Alles-eine-Frage-der-Exzellenz.jpg","type":"image\/jpeg"}],"author":"upwork_2","twitter_card":"summary_large_image","twitter_misc":{"Scritto da":"upwork_2","Tempo di lettura stimato":"5 minuti"},"schema":{"@context":"https:\/\/schema.org","@graph":[{"@type":"Article","@id":"https:\/\/www.m-q.ch\/alles-eine-frage-der-exzellenz\/#article","isPartOf":{"@id":"https:\/\/www.m-q.ch\/alles-eine-frage-der-exzellenz\/"},"author":{"name":"upwork_2","@id":"https:\/\/www.m-q.ch\/fr\/#\/schema\/person\/71f647a41e4a3e361e6230f5134f3ba9"},"headline":"Alles eine Frage der Exzellenz ?","datePublished":"2015-04-01T07:15:36+00:00","dateModified":"2021-02-15T09:58:05+00:00","mainEntityOfPage":{"@id":"https:\/\/www.m-q.ch\/alles-eine-frage-der-exzellenz\/"},"wordCount":1005,"publisher":{"@id":"https:\/\/www.m-q.ch\/fr\/#organization"},"image":{"@id":"https:\/\/www.m-q.ch\/alles-eine-frage-der-exzellenz\/#primaryimage"},"thumbnailUrl":"https:\/\/www.m-q.ch\/wp-content\/uploads\/2021\/02\/Alles-eine-Frage-der-Exzellenz.jpg","keywords":["04\/2015"],"articleSection":["Allgemein"],"inLanguage":"it-IT"},{"@type":"WebPage","@id":"https:\/\/www.m-q.ch\/alles-eine-frage-der-exzellenz\/","url":"https:\/\/www.m-q.ch\/alles-eine-frage-der-exzellenz\/","name":"\u00c8 tutta una questione di eccellenza? - MQ Gestione e qualit\u00e0","isPartOf":{"@id":"https:\/\/www.m-q.ch\/fr\/#website"},"primaryImageOfPage":{"@id":"https:\/\/www.m-q.ch\/alles-eine-frage-der-exzellenz\/#primaryimage"},"image":{"@id":"https:\/\/www.m-q.ch\/alles-eine-frage-der-exzellenz\/#primaryimage"},"thumbnailUrl":"https:\/\/www.m-q.ch\/wp-content\/uploads\/2021\/02\/Alles-eine-Frage-der-Exzellenz.jpg","datePublished":"2015-04-01T07:15:36+00:00","dateModified":"2021-02-15T09:58:05+00:00","description":"Il 5 marzo, gli ESPRIX Awards for Excellence sono stati presentati per la terza volta al KKL Luzern. Quest'anno, tre candidati erano in finale: un ufficio federale, una cosiddetta \"azienda federale\" e un centro di pensionamento. Abbiamo parlato con il vincitore.","breadcrumb":{"@id":"https:\/\/www.m-q.ch\/alles-eine-frage-der-exzellenz\/#breadcrumb"},"inLanguage":"it-IT","potentialAction":[{"@type":"ReadAction","target":["https:\/\/www.m-q.ch\/alles-eine-frage-der-exzellenz\/"]}]},{"@type":"ImageObject","inLanguage":"it-IT","@id":"https:\/\/www.m-q.ch\/alles-eine-frage-der-exzellenz\/#primaryimage","url":"https:\/\/www.m-q.ch\/wp-content\/uploads\/2021\/02\/Alles-eine-Frage-der-Exzellenz.jpg","contentUrl":"https:\/\/www.m-q.ch\/wp-content\/uploads\/2021\/02\/Alles-eine-Frage-der-Exzellenz.jpg","width":876,"height":538,"caption":"Alles eine Frage der Exzellenz ?"},{"@type":"BreadcrumbList","@id":"https:\/\/www.m-q.ch\/alles-eine-frage-der-exzellenz\/#breadcrumb","itemListElement":[{"@type":"ListItem","position":1,"name":"Allgemein","item":"https:\/\/www.m-q.ch\/kategorie\/allgemein\/"},{"@type":"ListItem","position":2,"name":"Alles eine Frage der Exzellenz ?"}]},{"@type":"WebSite","@id":"https:\/\/www.m-q.ch\/fr\/#website","url":"https:\/\/www.m-q.ch\/fr\/","name":"Gestione e qualit\u00e0 MQ","description":"Piattaforma per sistemi di gestione integrati.","publisher":{"@id":"https:\/\/www.m-q.ch\/fr\/#organization"},"potentialAction":[{"@type":"SearchAction","target":{"@type":"EntryPoint","urlTemplate":"https:\/\/www.m-q.ch\/fr\/?s={search_term_string}"},"query-input":{"@type":"PropertyValueSpecification","valueRequired":true,"valueName":"search_term_string"}}],"inLanguage":"it-IT"},{"@type":"Organization","@id":"https:\/\/www.m-q.ch\/fr\/#organization","name":"Galledia Fachmedien AG","url":"https:\/\/www.m-q.ch\/fr\/","logo":{"@type":"ImageObject","inLanguage":"it-IT","@id":"https:\/\/www.m-q.ch\/fr\/#\/schema\/logo\/image\/","url":"https:\/\/www.m-q.ch\/wp-content\/uploads\/2020\/12\/cropped-logo_small.png","contentUrl":"https:\/\/www.m-q.ch\/wp-content\/uploads\/2020\/12\/cropped-logo_small.png","width":512,"height":512,"caption":"Galledia Fachmedien AG"},"image":{"@id":"https:\/\/www.m-q.ch\/fr\/#\/schema\/logo\/image\/"},"sameAs":["https:\/\/www.facebook.com\/ManagementUndQualitaet","https:\/\/www.linkedin.com\/showcase\/17982321\/admin\/"]},{"@type":"Person","@id":"https:\/\/www.m-q.ch\/fr\/#\/schema\/person\/71f647a41e4a3e361e6230f5134f3ba9","name":"upwork_2","image":{"@type":"ImageObject","inLanguage":"it-IT","@id":"https:\/\/www.m-q.ch\/fr\/#\/schema\/person\/image\/","url":"https:\/\/secure.gravatar.com\/avatar\/777b90ab56092bbf3c85feacda5c1bce?s=96&d=mm&r=g","contentUrl":"https:\/\/secure.gravatar.com\/avatar\/777b90ab56092bbf3c85feacda5c1bce?s=96&d=mm&r=g","caption":"upwork_2"},"url":"https:\/\/www.m-q.ch\/it\/author\/upwork_2\/"}]}},"_links":{"self":[{"href":"https:\/\/www.m-q.ch\/it\/wp-json\/wp\/v2\/posts\/11899","targetHints":{"allow":["GET"]}}],"collection":[{"href":"https:\/\/www.m-q.ch\/it\/wp-json\/wp\/v2\/posts"}],"about":[{"href":"https:\/\/www.m-q.ch\/it\/wp-json\/wp\/v2\/types\/post"}],"author":[{"embeddable":true,"href":"https:\/\/www.m-q.ch\/it\/wp-json\/wp\/v2\/users\/62"}],"replies":[{"embeddable":true,"href":"https:\/\/www.m-q.ch\/it\/wp-json\/wp\/v2\/comments?post=11899"}],"version-history":[{"count":1,"href":"https:\/\/www.m-q.ch\/it\/wp-json\/wp\/v2\/posts\/11899\/revisions"}],"predecessor-version":[{"id":11957,"href":"https:\/\/www.m-q.ch\/it\/wp-json\/wp\/v2\/posts\/11899\/revisions\/11957"}],"wp:featuredmedia":[{"embeddable":true,"href":"https:\/\/www.m-q.ch\/it\/wp-json\/wp\/v2\/media\/11954"}],"wp:attachment":[{"href":"https:\/\/www.m-q.ch\/it\/wp-json\/wp\/v2\/media?parent=11899"}],"wp:term":[{"taxonomy":"category","embeddable":true,"href":"https:\/\/www.m-q.ch\/it\/wp-json\/wp\/v2\/categories?post=11899"},{"taxonomy":"post_tag","embeddable":true,"href":"https:\/\/www.m-q.ch\/it\/wp-json\/wp\/v2\/tags?post=11899"}],"curies":[{"name":"wp","href":"https:\/\/api.w.org\/{rel}","templated":true}]}}