{"id":11918,"date":"2016-08-21T09:58:17","date_gmt":"2016-08-21T07:58:17","guid":{"rendered":"https:\/\/www.m-q.ch\/?p=11918"},"modified":"2021-02-15T10:02:42","modified_gmt":"2021-02-15T09:02:42","slug":"una-questione-di-psiche","status":"publish","type":"post","link":"https:\/\/www.m-q.ch\/it\/eine-frage-der-psyche\/","title":{"rendered":"Una questione di psiche"},"content":{"rendered":"<p><img loading=\"lazy\" decoding=\"async\" class=\"alignnone size-full wp-image-11919\" src=\"https:\/\/www.m-q.ch\/wp-content\/uploads\/2021\/02\/Eine-Frage-der-Psyche-1.jpg\" alt=\"Una questione di psiche\" width=\"870\" height=\"531\" srcset=\"https:\/\/www.m-q.ch\/wp-content\/uploads\/2021\/02\/Eine-Frage-der-Psyche-1.jpg 870w, https:\/\/www.m-q.ch\/wp-content\/uploads\/2021\/02\/Eine-Frage-der-Psyche-1-768x469.jpg 768w, https:\/\/www.m-q.ch\/wp-content\/uploads\/2021\/02\/Eine-Frage-der-Psyche-1-16x10.jpg 16w, https:\/\/www.m-q.ch\/wp-content\/uploads\/2021\/02\/Eine-Frage-der-Psyche-1-287x175.jpg 287w, https:\/\/www.m-q.ch\/wp-content\/uploads\/2021\/02\/Eine-Frage-der-Psyche-1-573x350.jpg 573w, https:\/\/www.m-q.ch\/wp-content\/uploads\/2021\/02\/Eine-Frage-der-Psyche-1-300x183.jpg 300w\" sizes=\"auto, (max-width: 870px) 100vw, 870px\" \/><\/p>\n<p>&nbsp;<\/p>\n<p>&nbsp;<\/p>\n<p>&nbsp;<\/p>\n<p><em><strong>E<\/strong><\/em>e presentazioni degli stand alla fiera per la sicurezza sul lavoro, la protezione della salute e la promozione della salute sul posto di lavoro sono state integrate da un ricco programma di supporto: i relatori principali Niklas Baer (Psychiatrie Baselland), Andi Zemp (Privatklinik Wyss AG, sul tema della prevenzione dello stress mentale), Andreas Speh (DuPont de Nemours Germania) e la dottoressa Manuela Jacob-Niedballa (\"Il mito dello stress - modi per raggiungere la prestazione invece della frustrazione della prestazione\") erano certamente tra i punti salienti del programma di conferenze. Inoltre, i visitatori specializzati hanno potuto sperimentare uno spettacolo di salvataggio in altezza, organizzato da Swiss Safety e dalla SHRV (Schweizerischer H\u00f6henarbeiterund Rigging-Verband), e il corso di sicurezza. Al MeetingPoint della mostra, l'attenzione si \u00e8 concentrata anche sugli scambi tra colleghi. Nell'ambito dell'area tematica Swiss Corporate Fashion, i fornitori di abbigliamento da lavoro hanno presentato innovazioni in termini di materiali, consigli sulla cura e la manutenzione e le ultime tendenze del design.<\/p>\n<p><strong>Situazioni stressanti con i dipendenti<\/strong><br \/>\nUn tema ha attraversato come un filo rosso il programma di presentazioni nei forum pratici: i rischi psicosociali. Mentre si sta gi\u00e0 facendo molto per prevenire gli incidenti sul posto di lavoro, la situazione \u00e8 molto diversa per quanto riguarda la malattia mentale. Da quando le statistiche hanno dimostrato che sempre pi\u00f9 ritiri dell'assicurazione di invalidit\u00e0 sono dovuti a malattie mentali e che le assenze dovute a malattie mentali sono sempre pi\u00f9 a carico delle compagnie di assicurazione sanitaria, l'argomento ha guadagnato pi\u00f9 attenzione. Tuttavia, troppo poco viene ancora fatto nelle suite esecutive delle aziende, come ha spiegato il relatore Niklas Baer. Pi\u00f9 del 90% dei manager ha gi\u00e0 vissuto situazioni di stress con i dipendenti. Ma molti meno manager hanno ricevuto una formazione nella gestione dei dipendenti con problemi psicologici. E in generale, l'aiuto esterno viene ancora chiamato troppo tardi quando si tratta di un \"caso\". Niklas Baer ha quindi invitato i manager a non passare molto tempo a cercare le prove di un possibile declino psicologicamente indotto nelle prestazioni lavorative, ma ad affrontare i problemi dei dipendenti \"difficili\" in una fase iniziale. Offrire sostegno, comprendere il problema e, se necessario, anche stabilire delle linee guida affinch\u00e9 la cooperazione possa continuare del tutto sono ulteriori punti. L'appoggio esterno di esperti e la creazione di un annuncio di lavoro della cultura aziendale per essere in grado di comprendere i problemi psicologici, la formazione delle risorse umane e di altre unit\u00e0 del personale sono passi che dovrebbero essere fatti in modo che la \"soluzione del problema\" non consista semplicemente nel terminare il rapporto di lavoro. \"Essere in grado di lavorare contribuisce notevolmente ad abbreviare un trattamento di malattia mentale\", Niklas Baer ha spiegato l'aspetto terapeutico.<\/p>\n<p><strong>Promuovere la responsabilit\u00e0 personale invece dell'\"azionismo della sicurezza<\/strong><br \/>\nTuttavia, le difficolt\u00e0 dei dipendenti non devono sempre essere causate da loro stessi. Spesso \u00e8 un ambiente di lavoro inadeguato che favorisce i rischi psicosociali. Ne ha parlato la psicologa specializzata Andi Zemp della Privatklinik Wyss AG. In un'intervista alla piattaforma Internet della fiera, ha nominato la leadership e l'organizzazione del lavoro come i principali campi d'azione per la prevenzione dei rischi psicosociali. \u00c8 importante definire processi e responsabilit\u00e0 chiare e assicurarsi che siano rispettate. E quando si selezionano i manager, si dovrebbe prestare attenzione prima di tutto alle capacit\u00e0 emotive e sociali della persona, e solo secondariamente alle sue qualifiche professionali. Se, inoltre, la creazione di un'atmosfera di lavoro apprezzabile ha successo, si guadagna gi\u00e0 molto, secondo Zemp.<\/p>\n<p>&nbsp;<\/p>\n<p>Un'altra presentazione ben frequentata ha trattato il tema \"Dall'azionismo di sicurezza all'ulteriore sviluppo qualitativo della nostra cultura della sicurezza\". Si parla molto di \"cultura della sicurezza\" e di \"responsabilit\u00e0 personale\", ma spesso solo quando si verifica un incidente. \"Poi c'\u00e8 l'azionismo di sicurezza immediato\", ha detto l'oratore J\u00f6rg Wieja, amministratore delegato IBW, Istituto per la formazione professionale continua, di Monaco. Ma spesso questo azionismo porta nella direzione sbagliata, cio\u00e8 in misure immediate, divieti e comandamenti con effetto a breve termine. Sarebbe meglio dichiarare un cambiamento fondamentale nella cultura della sicurezza con un comportamento adattato come obiettivo. Il prerequisito per questo \u00e8 un quadro culturale. Il 95% di quello che facciamo \u00e8 adeguato e sicuro. Secondo l'oratore, \u00e8 proprio questo 95 per cento che deve essere coltivato, tra l'altro attraverso la comunicazione apprezzativa. \"Quindi niente 'Hai fatto bene, ma...'\", come ha detto J\u00f6rg Wieja. Tuttavia, ne fa parte anche un'azione coerente, che dovrebbe avere un effetto protettivo, non punitivo. E, ultimo ma non meno importante, c'\u00e8 anche la responsabilit\u00e0 personale menzionata riguardo alla salute personale. Chi non riesce a utilizzare \"le forze formatrici della propria biografia\" corre il rischio di cadere in depressione. La fiducia in se stessi pu\u00f2 essere generata attraverso cambiamenti comportamentali con l'impostazione coerente di obiettivi raggiungibili, che alla fine porta ad un'autogestione di successo. Tali persone - psicologicamente stabili - sono di solito meno suscettibili ai rischi.<\/p>\n<p><strong>Abbigliamento da lavoro alla moda come eye-catcher<\/strong><br \/>\nL'argomento principale della fiera da parte degli espositori \u00e8 stato certamente il settore dell'abbigliamento da lavoro. L'impressione \u00e8 stata chiara: l'abbigliamento protettivo e da lavoro oggi non solo soddisfa i requisiti di sicurezza richiesti, ma dovrebbe anche essere divertente da indossare. Colori e tagli alla moda, funzionalit\u00e0, facilit\u00e0 di cura e alta qualit\u00e0 del prodotto sono fattori sempre pi\u00f9 importanti oggi. Da questo punto di vista, la seguente equazione pu\u00f2 essere applicata anche all'abbigliamento da lavoro: \"Lavorare meglio = lavorare meglio\".<\/p>","protected":false},"excerpt":{"rendered":"<p>&nbsp; &nbsp; &nbsp; Ein vielseitiges Rahmenprogramm erg\u00e4nzte die Standpr\u00e4sentationen an der Fachmesse f\u00fcr Arbeitssicherheit, Gesundheitsschutz und Gesundheitsf\u00f6rderung am Arbeitsplatz: Die Keynote-Speaker Niklas Baer (Psychiatrie Baselland), Andi Zemp (Privatklinik Wyss AG, zum Thema Pr\u00e4vention psychischer Fehlbelastungen), Andreas Speh (DuPont de Nemours Deutschland) und Dr. Manuela Jacob-Niedballa (\u00abMythos Stress \u2013 Wege zur Leistungslust statt Leistungsfrust\u00bb) z\u00e4hlten sicher [&hellip;]<\/p>\n","protected":false},"author":66,"featured_media":11919,"comment_status":"closed","ping_status":"closed","sticky":false,"template":"","format":"standard","meta":{"_acf_changed":false,"footnotes":""},"categories":[4448],"tags":[4784],"class_list":["post-11918","post","type-post","status-publish","format-standard","has-post-thumbnail","hentry","category-allgemein","tag-07-08-2016"],"acf":[],"yoast_head":"<!-- This site is optimized with the Yoast SEO plugin v26.2 - https:\/\/yoast.com\/wordpress\/plugins\/seo\/ -->\n<title>Eine Frage der Psyche - MQ Management und Qualit\u00e4t<\/title>\n<meta name=\"description\" content=\"Vom 22. bis 24. Juni fand in Bern die Fachmesse ArbeitsSicherheit Schweiz statt. Gesch\u00e4ftsf\u00fchrer, Sicherheitsbeauftragte und alle weiteren Unternehmensentscheider, denen Sicherheit und Gesundheit ihrer Mitarbeitenden wichtig sind, hatten die Gelegenheit, sich an den St\u00e4nden der \u00fcber 150 Aussteller zu informieren.\" \/>\n<meta name=\"robots\" content=\"index, follow, max-snippet:-1, max-image-preview:large, max-video-preview:-1\" \/>\n<link rel=\"canonical\" href=\"https:\/\/www.m-q.ch\/it\/una-questione-di-psiche\/\" \/>\n<meta property=\"og:locale\" content=\"it_IT\" \/>\n<meta property=\"og:type\" content=\"article\" \/>\n<meta property=\"og:title\" content=\"Eine Frage der Psyche - MQ Management und Qualit\u00e4t\" \/>\n<meta property=\"og:description\" content=\"Vom 22. bis 24. Juni fand in Bern die Fachmesse ArbeitsSicherheit Schweiz statt. Gesch\u00e4ftsf\u00fchrer, Sicherheitsbeauftragte und alle weiteren Unternehmensentscheider, denen Sicherheit und Gesundheit ihrer Mitarbeitenden wichtig sind, hatten die Gelegenheit, sich an den St\u00e4nden der \u00fcber 150 Aussteller zu informieren.\" \/>\n<meta property=\"og:url\" content=\"https:\/\/www.m-q.ch\/it\/una-questione-di-psiche\/\" \/>\n<meta property=\"og:site_name\" content=\"MQ Management und Qualit\u00e4t\" \/>\n<meta property=\"article:publisher\" content=\"https:\/\/www.facebook.com\/ManagementUndQualitaet\" \/>\n<meta property=\"article:published_time\" content=\"2016-08-21T07:58:17+00:00\" \/>\n<meta property=\"article:modified_time\" content=\"2021-02-15T09:02:42+00:00\" \/>\n<meta property=\"og:image\" content=\"https:\/\/www.m-q.ch\/wp-content\/uploads\/2021\/02\/Eine-Frage-der-Psyche-1.jpg\" \/>\n\t<meta property=\"og:image:width\" content=\"870\" \/>\n\t<meta property=\"og:image:height\" content=\"531\" \/>\n\t<meta property=\"og:image:type\" content=\"image\/jpeg\" \/>\n<meta name=\"author\" content=\"upwork_1\" \/>\n<meta name=\"twitter:card\" content=\"summary_large_image\" \/>\n<meta name=\"twitter:label1\" content=\"Scritto da\" \/>\n\t<meta name=\"twitter:data1\" content=\"upwork_1\" \/>\n\t<meta name=\"twitter:label2\" content=\"Tempo di lettura stimato\" \/>\n\t<meta name=\"twitter:data2\" content=\"4 minuti\" \/>\n<script type=\"application\/ld+json\" class=\"yoast-schema-graph\">{\"@context\":\"https:\/\/schema.org\",\"@graph\":[{\"@type\":\"Article\",\"@id\":\"https:\/\/www.m-q.ch\/eine-frage-der-psyche\/#article\",\"isPartOf\":{\"@id\":\"https:\/\/www.m-q.ch\/eine-frage-der-psyche\/\"},\"author\":{\"name\":\"upwork_1\",\"@id\":\"https:\/\/www.m-q.ch\/fr\/#\/schema\/person\/0bdf39ca27d0b9b779f5b8af54b3f7d7\"},\"headline\":\"Eine Frage der Psyche\",\"datePublished\":\"2016-08-21T07:58:17+00:00\",\"dateModified\":\"2021-02-15T09:02:42+00:00\",\"mainEntityOfPage\":{\"@id\":\"https:\/\/www.m-q.ch\/eine-frage-der-psyche\/\"},\"wordCount\":835,\"publisher\":{\"@id\":\"https:\/\/www.m-q.ch\/fr\/#organization\"},\"image\":{\"@id\":\"https:\/\/www.m-q.ch\/eine-frage-der-psyche\/#primaryimage\"},\"thumbnailUrl\":\"https:\/\/www.m-q.ch\/wp-content\/uploads\/2021\/02\/Eine-Frage-der-Psyche-1.jpg\",\"keywords\":[\"07\u201308\/2016\"],\"articleSection\":[\"Allgemein\"],\"inLanguage\":\"it-IT\"},{\"@type\":\"WebPage\",\"@id\":\"https:\/\/www.m-q.ch\/eine-frage-der-psyche\/\",\"url\":\"https:\/\/www.m-q.ch\/eine-frage-der-psyche\/\",\"name\":\"Eine Frage der Psyche - MQ Management und Qualit\u00e4t\",\"isPartOf\":{\"@id\":\"https:\/\/www.m-q.ch\/fr\/#website\"},\"primaryImageOfPage\":{\"@id\":\"https:\/\/www.m-q.ch\/eine-frage-der-psyche\/#primaryimage\"},\"image\":{\"@id\":\"https:\/\/www.m-q.ch\/eine-frage-der-psyche\/#primaryimage\"},\"thumbnailUrl\":\"https:\/\/www.m-q.ch\/wp-content\/uploads\/2021\/02\/Eine-Frage-der-Psyche-1.jpg\",\"datePublished\":\"2016-08-21T07:58:17+00:00\",\"dateModified\":\"2021-02-15T09:02:42+00:00\",\"description\":\"Vom 22. bis 24. Juni fand in Bern die Fachmesse ArbeitsSicherheit Schweiz statt. Gesch\u00e4ftsf\u00fchrer, Sicherheitsbeauftragte und alle weiteren Unternehmensentscheider, denen Sicherheit und Gesundheit ihrer Mitarbeitenden wichtig sind, hatten die Gelegenheit, sich an den St\u00e4nden der \u00fcber 150 Aussteller zu informieren.\",\"breadcrumb\":{\"@id\":\"https:\/\/www.m-q.ch\/eine-frage-der-psyche\/#breadcrumb\"},\"inLanguage\":\"it-IT\",\"potentialAction\":[{\"@type\":\"ReadAction\",\"target\":[\"https:\/\/www.m-q.ch\/eine-frage-der-psyche\/\"]}]},{\"@type\":\"ImageObject\",\"inLanguage\":\"it-IT\",\"@id\":\"https:\/\/www.m-q.ch\/eine-frage-der-psyche\/#primaryimage\",\"url\":\"https:\/\/www.m-q.ch\/wp-content\/uploads\/2021\/02\/Eine-Frage-der-Psyche-1.jpg\",\"contentUrl\":\"https:\/\/www.m-q.ch\/wp-content\/uploads\/2021\/02\/Eine-Frage-der-Psyche-1.jpg\",\"width\":870,\"height\":531,\"caption\":\"Eine Frage der Psyche\"},{\"@type\":\"BreadcrumbList\",\"@id\":\"https:\/\/www.m-q.ch\/eine-frage-der-psyche\/#breadcrumb\",\"itemListElement\":[{\"@type\":\"ListItem\",\"position\":1,\"name\":\"Allgemein\",\"item\":\"https:\/\/www.m-q.ch\/kategorie\/allgemein\/\"},{\"@type\":\"ListItem\",\"position\":2,\"name\":\"Eine Frage der Psyche\"}]},{\"@type\":\"WebSite\",\"@id\":\"https:\/\/www.m-q.ch\/fr\/#website\",\"url\":\"https:\/\/www.m-q.ch\/fr\/\",\"name\":\"MQ Management und Qualit\u00e4t\",\"description\":\"Plattform f\u00fcr integrierte Managementsysteme.\",\"publisher\":{\"@id\":\"https:\/\/www.m-q.ch\/fr\/#organization\"},\"potentialAction\":[{\"@type\":\"SearchAction\",\"target\":{\"@type\":\"EntryPoint\",\"urlTemplate\":\"https:\/\/www.m-q.ch\/fr\/?s={search_term_string}\"},\"query-input\":{\"@type\":\"PropertyValueSpecification\",\"valueRequired\":true,\"valueName\":\"search_term_string\"}}],\"inLanguage\":\"it-IT\"},{\"@type\":\"Organization\",\"@id\":\"https:\/\/www.m-q.ch\/fr\/#organization\",\"name\":\"Galledia Fachmedien AG\",\"url\":\"https:\/\/www.m-q.ch\/fr\/\",\"logo\":{\"@type\":\"ImageObject\",\"inLanguage\":\"it-IT\",\"@id\":\"https:\/\/www.m-q.ch\/fr\/#\/schema\/logo\/image\/\",\"url\":\"https:\/\/www.m-q.ch\/wp-content\/uploads\/2020\/12\/cropped-logo_small.png\",\"contentUrl\":\"https:\/\/www.m-q.ch\/wp-content\/uploads\/2020\/12\/cropped-logo_small.png\",\"width\":512,\"height\":512,\"caption\":\"Galledia Fachmedien AG\"},\"image\":{\"@id\":\"https:\/\/www.m-q.ch\/fr\/#\/schema\/logo\/image\/\"},\"sameAs\":[\"https:\/\/www.facebook.com\/ManagementUndQualitaet\",\"https:\/\/www.linkedin.com\/showcase\/17982321\/admin\/\"]},{\"@type\":\"Person\",\"@id\":\"https:\/\/www.m-q.ch\/fr\/#\/schema\/person\/0bdf39ca27d0b9b779f5b8af54b3f7d7\",\"name\":\"upwork_1\",\"image\":{\"@type\":\"ImageObject\",\"inLanguage\":\"it-IT\",\"@id\":\"https:\/\/www.m-q.ch\/fr\/#\/schema\/person\/image\/\",\"url\":\"https:\/\/secure.gravatar.com\/avatar\/04d4d0fdc5886d535809f17d0eace7f6?s=96&d=mm&r=g\",\"contentUrl\":\"https:\/\/secure.gravatar.com\/avatar\/04d4d0fdc5886d535809f17d0eace7f6?s=96&d=mm&r=g\",\"caption\":\"upwork_1\"},\"url\":\"https:\/\/www.m-q.ch\/it\/author\/upwork_1\/\"}]}<\/script>\n<!-- \/ Yoast SEO plugin. -->","yoast_head_json":{"title":"Una questione di psiche - MQ Management und Qualit\u00e4t","description":"La fiera ArbeitsSicherheit Schweiz si \u00e8 tenuta a Berna dal 22 al 24 giugno. Amministratori, responsabili della sicurezza e tutti gli altri decisori aziendali per i quali la sicurezza e la salute dei loro dipendenti sono importanti hanno avuto l'opportunit\u00e0 di ottenere informazioni presso gli stand di oltre 150 espositori.","robots":{"index":"index","follow":"follow","max-snippet":"max-snippet:-1","max-image-preview":"max-image-preview:large","max-video-preview":"max-video-preview:-1"},"canonical":"https:\/\/www.m-q.ch\/it\/una-questione-di-psiche\/","og_locale":"it_IT","og_type":"article","og_title":"Eine Frage der Psyche - MQ Management und Qualit\u00e4t","og_description":"Vom 22. bis 24. Juni fand in Bern die Fachmesse ArbeitsSicherheit Schweiz statt. Gesch\u00e4ftsf\u00fchrer, Sicherheitsbeauftragte und alle weiteren Unternehmensentscheider, denen Sicherheit und Gesundheit ihrer Mitarbeitenden wichtig sind, hatten die Gelegenheit, sich an den St\u00e4nden der \u00fcber 150 Aussteller zu informieren.","og_url":"https:\/\/www.m-q.ch\/it\/una-questione-di-psiche\/","og_site_name":"MQ Management und Qualit\u00e4t","article_publisher":"https:\/\/www.facebook.com\/ManagementUndQualitaet","article_published_time":"2016-08-21T07:58:17+00:00","article_modified_time":"2021-02-15T09:02:42+00:00","og_image":[{"width":870,"height":531,"url":"https:\/\/www.m-q.ch\/wp-content\/uploads\/2021\/02\/Eine-Frage-der-Psyche-1.jpg","type":"image\/jpeg"}],"author":"upwork_1","twitter_card":"summary_large_image","twitter_misc":{"Scritto da":"upwork_1","Tempo di lettura stimato":"4 minuti"},"schema":{"@context":"https:\/\/schema.org","@graph":[{"@type":"Article","@id":"https:\/\/www.m-q.ch\/eine-frage-der-psyche\/#article","isPartOf":{"@id":"https:\/\/www.m-q.ch\/eine-frage-der-psyche\/"},"author":{"name":"upwork_1","@id":"https:\/\/www.m-q.ch\/fr\/#\/schema\/person\/0bdf39ca27d0b9b779f5b8af54b3f7d7"},"headline":"Eine Frage der Psyche","datePublished":"2016-08-21T07:58:17+00:00","dateModified":"2021-02-15T09:02:42+00:00","mainEntityOfPage":{"@id":"https:\/\/www.m-q.ch\/eine-frage-der-psyche\/"},"wordCount":835,"publisher":{"@id":"https:\/\/www.m-q.ch\/fr\/#organization"},"image":{"@id":"https:\/\/www.m-q.ch\/eine-frage-der-psyche\/#primaryimage"},"thumbnailUrl":"https:\/\/www.m-q.ch\/wp-content\/uploads\/2021\/02\/Eine-Frage-der-Psyche-1.jpg","keywords":["07\u201308\/2016"],"articleSection":["Allgemein"],"inLanguage":"it-IT"},{"@type":"WebPage","@id":"https:\/\/www.m-q.ch\/eine-frage-der-psyche\/","url":"https:\/\/www.m-q.ch\/eine-frage-der-psyche\/","name":"Una questione di psiche - MQ Management und Qualit\u00e4t","isPartOf":{"@id":"https:\/\/www.m-q.ch\/fr\/#website"},"primaryImageOfPage":{"@id":"https:\/\/www.m-q.ch\/eine-frage-der-psyche\/#primaryimage"},"image":{"@id":"https:\/\/www.m-q.ch\/eine-frage-der-psyche\/#primaryimage"},"thumbnailUrl":"https:\/\/www.m-q.ch\/wp-content\/uploads\/2021\/02\/Eine-Frage-der-Psyche-1.jpg","datePublished":"2016-08-21T07:58:17+00:00","dateModified":"2021-02-15T09:02:42+00:00","description":"La fiera ArbeitsSicherheit Schweiz si \u00e8 tenuta a Berna dal 22 al 24 giugno. Amministratori, responsabili della sicurezza e tutti gli altri decisori aziendali per i quali la sicurezza e la salute dei loro dipendenti sono importanti hanno avuto l'opportunit\u00e0 di ottenere informazioni presso gli stand di oltre 150 espositori.","breadcrumb":{"@id":"https:\/\/www.m-q.ch\/eine-frage-der-psyche\/#breadcrumb"},"inLanguage":"it-IT","potentialAction":[{"@type":"ReadAction","target":["https:\/\/www.m-q.ch\/eine-frage-der-psyche\/"]}]},{"@type":"ImageObject","inLanguage":"it-IT","@id":"https:\/\/www.m-q.ch\/eine-frage-der-psyche\/#primaryimage","url":"https:\/\/www.m-q.ch\/wp-content\/uploads\/2021\/02\/Eine-Frage-der-Psyche-1.jpg","contentUrl":"https:\/\/www.m-q.ch\/wp-content\/uploads\/2021\/02\/Eine-Frage-der-Psyche-1.jpg","width":870,"height":531,"caption":"Eine Frage der Psyche"},{"@type":"BreadcrumbList","@id":"https:\/\/www.m-q.ch\/eine-frage-der-psyche\/#breadcrumb","itemListElement":[{"@type":"ListItem","position":1,"name":"Allgemein","item":"https:\/\/www.m-q.ch\/kategorie\/allgemein\/"},{"@type":"ListItem","position":2,"name":"Eine Frage der Psyche"}]},{"@type":"WebSite","@id":"https:\/\/www.m-q.ch\/fr\/#website","url":"https:\/\/www.m-q.ch\/fr\/","name":"Gestione e qualit\u00e0 MQ","description":"Piattaforma per sistemi di gestione integrati.","publisher":{"@id":"https:\/\/www.m-q.ch\/fr\/#organization"},"potentialAction":[{"@type":"SearchAction","target":{"@type":"EntryPoint","urlTemplate":"https:\/\/www.m-q.ch\/fr\/?s={search_term_string}"},"query-input":{"@type":"PropertyValueSpecification","valueRequired":true,"valueName":"search_term_string"}}],"inLanguage":"it-IT"},{"@type":"Organization","@id":"https:\/\/www.m-q.ch\/fr\/#organization","name":"Galledia Fachmedien AG","url":"https:\/\/www.m-q.ch\/fr\/","logo":{"@type":"ImageObject","inLanguage":"it-IT","@id":"https:\/\/www.m-q.ch\/fr\/#\/schema\/logo\/image\/","url":"https:\/\/www.m-q.ch\/wp-content\/uploads\/2020\/12\/cropped-logo_small.png","contentUrl":"https:\/\/www.m-q.ch\/wp-content\/uploads\/2020\/12\/cropped-logo_small.png","width":512,"height":512,"caption":"Galledia Fachmedien AG"},"image":{"@id":"https:\/\/www.m-q.ch\/fr\/#\/schema\/logo\/image\/"},"sameAs":["https:\/\/www.facebook.com\/ManagementUndQualitaet","https:\/\/www.linkedin.com\/showcase\/17982321\/admin\/"]},{"@type":"Person","@id":"https:\/\/www.m-q.ch\/fr\/#\/schema\/person\/0bdf39ca27d0b9b779f5b8af54b3f7d7","name":"upwork_1","image":{"@type":"ImageObject","inLanguage":"it-IT","@id":"https:\/\/www.m-q.ch\/fr\/#\/schema\/person\/image\/","url":"https:\/\/secure.gravatar.com\/avatar\/04d4d0fdc5886d535809f17d0eace7f6?s=96&d=mm&r=g","contentUrl":"https:\/\/secure.gravatar.com\/avatar\/04d4d0fdc5886d535809f17d0eace7f6?s=96&d=mm&r=g","caption":"upwork_1"},"url":"https:\/\/www.m-q.ch\/it\/author\/upwork_1\/"}]}},"_links":{"self":[{"href":"https:\/\/www.m-q.ch\/it\/wp-json\/wp\/v2\/posts\/11918","targetHints":{"allow":["GET"]}}],"collection":[{"href":"https:\/\/www.m-q.ch\/it\/wp-json\/wp\/v2\/posts"}],"about":[{"href":"https:\/\/www.m-q.ch\/it\/wp-json\/wp\/v2\/types\/post"}],"author":[{"embeddable":true,"href":"https:\/\/www.m-q.ch\/it\/wp-json\/wp\/v2\/users\/66"}],"replies":[{"embeddable":true,"href":"https:\/\/www.m-q.ch\/it\/wp-json\/wp\/v2\/comments?post=11918"}],"version-history":[{"count":1,"href":"https:\/\/www.m-q.ch\/it\/wp-json\/wp\/v2\/posts\/11918\/revisions"}],"predecessor-version":[{"id":11921,"href":"https:\/\/www.m-q.ch\/it\/wp-json\/wp\/v2\/posts\/11918\/revisions\/11921"}],"wp:featuredmedia":[{"embeddable":true,"href":"https:\/\/www.m-q.ch\/it\/wp-json\/wp\/v2\/media\/11919"}],"wp:attachment":[{"href":"https:\/\/www.m-q.ch\/it\/wp-json\/wp\/v2\/media?parent=11918"}],"wp:term":[{"taxonomy":"category","embeddable":true,"href":"https:\/\/www.m-q.ch\/it\/wp-json\/wp\/v2\/categories?post=11918"},{"taxonomy":"post_tag","embeddable":true,"href":"https:\/\/www.m-q.ch\/it\/wp-json\/wp\/v2\/tags?post=11918"}],"curies":[{"name":"wp","href":"https:\/\/api.w.org\/{rel}","templated":true}]}}