{"id":11923,"date":"2016-08-23T10:04:59","date_gmt":"2016-08-23T08:04:59","guid":{"rendered":"https:\/\/www.m-q.ch\/?p=11923"},"modified":"2021-02-15T10:08:40","modified_gmt":"2021-02-15T09:08:40","slug":"ti-motivero","status":"publish","type":"post","link":"https:\/\/www.m-q.ch\/it\/ich-motivier-sie-mal\/","title":{"rendered":"La motiver\u00f2..."},"content":{"rendered":"<p>Fondamentalmente, tutti i dipendenti hanno espresso opinioni positive sui processi, il volume di lavoro e anche la maggior parte degli altri punti. \u00c8 solo il criterio \"Mi sento motivato nel mio lavoro quotidiano\" la cui tensione positiva sulla scala di valutazione si \u00e8 un po' allentata. Da questo punto di vista, la dichiarazione \u00e8 precisa. I dipendenti non si sentono pi\u00f9 cos\u00ec fortemente motivati. Il motto del capo di Hannes \u00e8 altrettanto chiaro: fare in modo che questa cifra sia di nuovo pi\u00f9 alta l'anno prossimo, preferibilmente intorno al 90%. All'inizio Hannes \u00e8 un po' insicuro su cosa fare. A un certo punto ha imparato che un capo non pu\u00f2 motivare i suoi dipendenti. Al massimo, non dovrebbe demotivarli in una fase iniziale e poi creare un ambiente in cui tutti possano svilupparsi e fiorire. Secondo la scienza, questo motiva. Ma questo ha effetto solo a lungo termine. Hannes ha solo pochi mesi per migliorare il livello di motivazione. Quindi deve motivare attivamente. Hannes non sarebbe Hannes se non procedesse in modo pianificato e strutturato.<\/p>\n<p>&nbsp;<\/p>\n<p>Prima compra una pila di libri motivazionali con titoli come \"Motivare i dipendenti in 30 giorni\", \"Vai e motiva\", \"Il metodo di motivazione di Steve Jobs\". Consulta persino la letteratura pertinente di ex allenatori di hockey su ghiaccio e di calcio che hanno imparato a motivare nello sport e ora la trasmettono per buoni soldi nelle conferenze e nei libri pi\u00f9 venduti. Tuttavia, non sono pi\u00f9 richiesti sul campo sportivo - forse hanno motivato troppo l\u00ec. Comunque. Hannes interiorizz\u00f2 ci\u00f2 che aveva letto in modo ordinato e lo mise nel suo solito piano d'azione. Ha deciso che avrebbe usato il \"think-positive\" come motto di base per la motivazione. Appena prima di andare nell'ufficio del suo dipartimento o nel pavimento della fabbrica delle sue isole di produzione, si guarda allo specchio. \"Faccia positiva\" - si mette un sorriso XXL, non solo brevemente, ma permanente, fino a quando non lascia di nuovo l'ufficio o la sala di produzione. Che si irradia. Proprio come il suo euforico \"Ciao, vi auguro a tutti una bella, grande mattinata e un super successo\". Gettato in ufficio con un tono esuberante, dovrebbe essere contagioso ed energizzante.<\/p>\n<p>&nbsp;<\/p>\n<p>Nel video sulla motivazione del pesce ha visto che il lancio del pesce \u00e8 motivante. Hannes ha comprato una scorta di graffette per questo scopo. Quando entra nell'ufficio a pianta aperta del suo team di servizi interni, lancia sempre una manciata di graffette in aria solo per divertimento. I destinatari di questo messaggio probabilmente riceveranno il messaggio - anche se non riescono ancora a mostrarne la gioia. Hannes ora porta anche dei \"bottoni sorridenti\" sulla camicia. \u00c8 contagioso, letteralmente. Ogni giorno saluta un dipendente con una stretta di mano e gli augura una giornata speciale. Naturalmente, a pranzo, manda a tutti un messaggio positivo per la giornata. \"Non si tratta di vincere, ma di combattere. Diamoci dentro!\" o \"Ogni giorno \u00e8 il giorno migliore, specialmente oggi\" o un semplice \"Il mondo \u00e8 bello\". Di nuovo, non sente subito il successo. Il feedback \u00e8 ancora carente. Beh, non deve avere successo immediatamente, deve avere un effetto tra qualche mese - nel prossimo sondaggio tra i dipendenti. Hannes ha persino reso la firma del suo account di posta elettronica pi\u00f9 motivante. Il professionalmente e succintamente formulato \"Cordiali saluti\" \u00e8 sostituito da \"Augurandovi energia vivace e una giornata suuuperduper...\". Hannes non ama affatto questi espedienti. Come ingegnere di formazione, \u00e8 impegnato nei fatti scientifici. In termini di tipo, il suo focus principale \u00e8 su \"DISG-blu\", che significa che \u00e8 strutturato, ordinato e orientato al compito. Ma se i libri dicono che tali campane e fischietti sono utili, allora credo che lo saranno.<\/p>\n<p>&nbsp;<\/p>\n<p>Ha anche adattato il suo abbigliamento, prendendo Barack Obama come modello. \"\u00c8 anche un motivatore\", dice Hannes, e d'ora in poi arrotola sempre le maniche delle sue camicie di un quarto. Infine, cerca un video adatto su YouTube. L'inizio di un discorso di Steve Ballmer alla sua squadra Microsoft sembra adatto a Hannes. Ballmer salta sul palco, corre avanti e indietro, applaude, urla, quasi rimane senza fiato, si mette in piedi al leggio e inizia \"We - we are the best companyyyyy - yeah!\" Esattamente, \u00e8 cos\u00ec. Hannes si esercita anche con un testo, aumenta la sua forma fisica e alla prossima riunione di dipartimento si precipita nella sala riunioni, corre tre giri intorno al tavolo, rimane completamente senza fiato, guarda con entusiasmo le facce stupite e irritate dei suoi dipendenti e inizia il suo discorso - \"Merda, ho dimenticato il testo\". Ma si riprende in fretta: \"Lo mander\u00f2 via e-mail dopo la riunione\".<\/p>","protected":false},"excerpt":{"rendered":"<p>Im Grunde haben sich alle Mitarbeitenden \u00fcber die Prozesse, das Arbeitsvolumen und auch die meisten andern Punkte positiv ge\u00e4ussert. Es ist einzig das Kriterium \u00abIch f\u00fchle mich motiviert in meiner t\u00e4glichen Arbeit\u00bb, dessen positive Spannung auf der Einstufungsskala etwas abgeschlafft ist. Von daher ist die Aussage pr\u00e4zis. Die Mitarbeitenden f\u00fchlen sich nicht mehr so stark [&hellip;]<\/p>\n","protected":false},"author":66,"featured_media":0,"comment_status":"closed","ping_status":"closed","sticky":false,"template":"","format":"standard","meta":{"_acf_changed":false,"footnotes":""},"categories":[4448],"tags":[4784],"class_list":["post-11923","post","type-post","status-publish","format-standard","hentry","category-allgemein","tag-07-08-2016"],"acf":[],"yoast_head":"<!-- This site is optimized with the Yoast SEO plugin v26.2 - https:\/\/yoast.com\/wordpress\/plugins\/seo\/ -->\n<title>Ich motivier\u2019 sie mal ... - MQ Management und Qualit\u00e4t<\/title>\n<meta name=\"description\" content=\"Auch Hannes hat es erwischt: Seine Mitarbeitenden sind nicht mehr motiviert. In seiner Abteilung ist die Mitarbeitermotivation gem\u00e4ss der letzten Personalumfrage bereits zum zweiten Mal hintereinander gesunken. Diesmal sind es 0,4 Prozentpunkte weniger. Zwar ist das Niveau mit 86,491398 Prozent ziemlich ordentlich, aber Luft nach oben hat\u2019s immer \u2013 sagt der CEO. Man darf nie damit zufrieden sein, dass man zufrieden ist, meint er.\" \/>\n<meta name=\"robots\" content=\"index, follow, max-snippet:-1, max-image-preview:large, max-video-preview:-1\" \/>\n<link rel=\"canonical\" href=\"https:\/\/www.m-q.ch\/it\/ti-motivero\/\" \/>\n<meta property=\"og:locale\" content=\"it_IT\" \/>\n<meta property=\"og:type\" content=\"article\" \/>\n<meta property=\"og:title\" content=\"Ich motivier\u2019 sie mal ... - MQ Management und Qualit\u00e4t\" \/>\n<meta property=\"og:description\" content=\"Auch Hannes hat es erwischt: Seine Mitarbeitenden sind nicht mehr motiviert. In seiner Abteilung ist die Mitarbeitermotivation gem\u00e4ss der letzten Personalumfrage bereits zum zweiten Mal hintereinander gesunken. Diesmal sind es 0,4 Prozentpunkte weniger. Zwar ist das Niveau mit 86,491398 Prozent ziemlich ordentlich, aber Luft nach oben hat\u2019s immer \u2013 sagt der CEO. Man darf nie damit zufrieden sein, dass man zufrieden ist, meint er.\" \/>\n<meta property=\"og:url\" content=\"https:\/\/www.m-q.ch\/it\/ti-motivero\/\" \/>\n<meta property=\"og:site_name\" content=\"MQ Management und Qualit\u00e4t\" \/>\n<meta property=\"article:publisher\" content=\"https:\/\/www.facebook.com\/ManagementUndQualitaet\" \/>\n<meta property=\"article:published_time\" content=\"2016-08-23T08:04:59+00:00\" \/>\n<meta property=\"article:modified_time\" content=\"2021-02-15T09:08:40+00:00\" \/>\n<meta name=\"author\" content=\"upwork_1\" \/>\n<meta name=\"twitter:card\" content=\"summary_large_image\" \/>\n<meta name=\"twitter:label1\" content=\"Scritto da\" \/>\n\t<meta name=\"twitter:data1\" content=\"upwork_1\" \/>\n\t<meta name=\"twitter:label2\" content=\"Tempo di lettura stimato\" \/>\n\t<meta name=\"twitter:data2\" content=\"4 minuti\" \/>\n<script type=\"application\/ld+json\" class=\"yoast-schema-graph\">{\"@context\":\"https:\/\/schema.org\",\"@graph\":[{\"@type\":\"Article\",\"@id\":\"https:\/\/www.m-q.ch\/ich-motivier-sie-mal\/#article\",\"isPartOf\":{\"@id\":\"https:\/\/www.m-q.ch\/ich-motivier-sie-mal\/\"},\"author\":{\"name\":\"upwork_1\",\"@id\":\"https:\/\/www.m-q.ch\/fr\/#\/schema\/person\/0bdf39ca27d0b9b779f5b8af54b3f7d7\"},\"headline\":\"Ich motivier\u2019 sie mal &#8230;\",\"datePublished\":\"2016-08-23T08:04:59+00:00\",\"dateModified\":\"2021-02-15T09:08:40+00:00\",\"mainEntityOfPage\":{\"@id\":\"https:\/\/www.m-q.ch\/ich-motivier-sie-mal\/\"},\"wordCount\":777,\"publisher\":{\"@id\":\"https:\/\/www.m-q.ch\/fr\/#organization\"},\"keywords\":[\"07\u201308\/2016\"],\"articleSection\":[\"Allgemein\"],\"inLanguage\":\"it-IT\"},{\"@type\":\"WebPage\",\"@id\":\"https:\/\/www.m-q.ch\/ich-motivier-sie-mal\/\",\"url\":\"https:\/\/www.m-q.ch\/ich-motivier-sie-mal\/\",\"name\":\"Ich motivier\u2019 sie mal ... - MQ Management und Qualit\u00e4t\",\"isPartOf\":{\"@id\":\"https:\/\/www.m-q.ch\/fr\/#website\"},\"datePublished\":\"2016-08-23T08:04:59+00:00\",\"dateModified\":\"2021-02-15T09:08:40+00:00\",\"description\":\"Auch Hannes hat es erwischt: Seine Mitarbeitenden sind nicht mehr motiviert. In seiner Abteilung ist die Mitarbeitermotivation gem\u00e4ss der letzten Personalumfrage bereits zum zweiten Mal hintereinander gesunken. Diesmal sind es 0,4 Prozentpunkte weniger. Zwar ist das Niveau mit 86,491398 Prozent ziemlich ordentlich, aber Luft nach oben hat\u2019s immer \u2013 sagt der CEO. Man darf nie damit zufrieden sein, dass man zufrieden ist, meint er.\",\"breadcrumb\":{\"@id\":\"https:\/\/www.m-q.ch\/ich-motivier-sie-mal\/#breadcrumb\"},\"inLanguage\":\"it-IT\",\"potentialAction\":[{\"@type\":\"ReadAction\",\"target\":[\"https:\/\/www.m-q.ch\/ich-motivier-sie-mal\/\"]}]},{\"@type\":\"BreadcrumbList\",\"@id\":\"https:\/\/www.m-q.ch\/ich-motivier-sie-mal\/#breadcrumb\",\"itemListElement\":[{\"@type\":\"ListItem\",\"position\":1,\"name\":\"Allgemein\",\"item\":\"https:\/\/www.m-q.ch\/kategorie\/allgemein\/\"},{\"@type\":\"ListItem\",\"position\":2,\"name\":\"Ich motivier\u2019 sie mal &#8230;\"}]},{\"@type\":\"WebSite\",\"@id\":\"https:\/\/www.m-q.ch\/fr\/#website\",\"url\":\"https:\/\/www.m-q.ch\/fr\/\",\"name\":\"MQ Management und Qualit\u00e4t\",\"description\":\"Plattform f\u00fcr integrierte Managementsysteme.\",\"publisher\":{\"@id\":\"https:\/\/www.m-q.ch\/fr\/#organization\"},\"potentialAction\":[{\"@type\":\"SearchAction\",\"target\":{\"@type\":\"EntryPoint\",\"urlTemplate\":\"https:\/\/www.m-q.ch\/fr\/?s={search_term_string}\"},\"query-input\":{\"@type\":\"PropertyValueSpecification\",\"valueRequired\":true,\"valueName\":\"search_term_string\"}}],\"inLanguage\":\"it-IT\"},{\"@type\":\"Organization\",\"@id\":\"https:\/\/www.m-q.ch\/fr\/#organization\",\"name\":\"Galledia Fachmedien AG\",\"url\":\"https:\/\/www.m-q.ch\/fr\/\",\"logo\":{\"@type\":\"ImageObject\",\"inLanguage\":\"it-IT\",\"@id\":\"https:\/\/www.m-q.ch\/fr\/#\/schema\/logo\/image\/\",\"url\":\"https:\/\/www.m-q.ch\/wp-content\/uploads\/2020\/12\/cropped-logo_small.png\",\"contentUrl\":\"https:\/\/www.m-q.ch\/wp-content\/uploads\/2020\/12\/cropped-logo_small.png\",\"width\":512,\"height\":512,\"caption\":\"Galledia Fachmedien AG\"},\"image\":{\"@id\":\"https:\/\/www.m-q.ch\/fr\/#\/schema\/logo\/image\/\"},\"sameAs\":[\"https:\/\/www.facebook.com\/ManagementUndQualitaet\",\"https:\/\/www.linkedin.com\/showcase\/17982321\/admin\/\"]},{\"@type\":\"Person\",\"@id\":\"https:\/\/www.m-q.ch\/fr\/#\/schema\/person\/0bdf39ca27d0b9b779f5b8af54b3f7d7\",\"name\":\"upwork_1\",\"image\":{\"@type\":\"ImageObject\",\"inLanguage\":\"it-IT\",\"@id\":\"https:\/\/www.m-q.ch\/fr\/#\/schema\/person\/image\/\",\"url\":\"https:\/\/secure.gravatar.com\/avatar\/04d4d0fdc5886d535809f17d0eace7f6?s=96&d=mm&r=g\",\"contentUrl\":\"https:\/\/secure.gravatar.com\/avatar\/04d4d0fdc5886d535809f17d0eace7f6?s=96&d=mm&r=g\",\"caption\":\"upwork_1\"},\"url\":\"https:\/\/www.m-q.ch\/it\/author\/upwork_1\/\"}]}<\/script>\n<!-- \/ Yoast SEO plugin. -->","yoast_head_json":{"title":"Li motiver\u00f2... - MQ Gestione e qualit\u00e0","description":"Anche Hannes \u00e8 stato colpito: i suoi dipendenti non sono pi\u00f9 motivati. Secondo l'ultimo sondaggio del personale, la motivazione dei dipendenti nel suo dipartimento \u00e8 scesa per la seconda volta di seguito. Questa volta \u00e8 0,4 punti percentuali in meno. Anche se il livello di 86,491398 per cento \u00e8 abbastanza rispettabile, c'\u00e8 sempre spazio per migliorare - dice il CEO. Non si pu\u00f2 mai essere soddisfatti di essere soddisfatti, dice.","robots":{"index":"index","follow":"follow","max-snippet":"max-snippet:-1","max-image-preview":"max-image-preview:large","max-video-preview":"max-video-preview:-1"},"canonical":"https:\/\/www.m-q.ch\/it\/ti-motivero\/","og_locale":"it_IT","og_type":"article","og_title":"Ich motivier\u2019 sie mal ... - MQ Management und Qualit\u00e4t","og_description":"Auch Hannes hat es erwischt: Seine Mitarbeitenden sind nicht mehr motiviert. In seiner Abteilung ist die Mitarbeitermotivation gem\u00e4ss der letzten Personalumfrage bereits zum zweiten Mal hintereinander gesunken. Diesmal sind es 0,4 Prozentpunkte weniger. Zwar ist das Niveau mit 86,491398 Prozent ziemlich ordentlich, aber Luft nach oben hat\u2019s immer \u2013 sagt der CEO. Man darf nie damit zufrieden sein, dass man zufrieden ist, meint er.","og_url":"https:\/\/www.m-q.ch\/it\/ti-motivero\/","og_site_name":"MQ Management und Qualit\u00e4t","article_publisher":"https:\/\/www.facebook.com\/ManagementUndQualitaet","article_published_time":"2016-08-23T08:04:59+00:00","article_modified_time":"2021-02-15T09:08:40+00:00","author":"upwork_1","twitter_card":"summary_large_image","twitter_misc":{"Scritto da":"upwork_1","Tempo di lettura stimato":"4 minuti"},"schema":{"@context":"https:\/\/schema.org","@graph":[{"@type":"Article","@id":"https:\/\/www.m-q.ch\/ich-motivier-sie-mal\/#article","isPartOf":{"@id":"https:\/\/www.m-q.ch\/ich-motivier-sie-mal\/"},"author":{"name":"upwork_1","@id":"https:\/\/www.m-q.ch\/fr\/#\/schema\/person\/0bdf39ca27d0b9b779f5b8af54b3f7d7"},"headline":"Ich motivier\u2019 sie mal &#8230;","datePublished":"2016-08-23T08:04:59+00:00","dateModified":"2021-02-15T09:08:40+00:00","mainEntityOfPage":{"@id":"https:\/\/www.m-q.ch\/ich-motivier-sie-mal\/"},"wordCount":777,"publisher":{"@id":"https:\/\/www.m-q.ch\/fr\/#organization"},"keywords":["07\u201308\/2016"],"articleSection":["Allgemein"],"inLanguage":"it-IT"},{"@type":"WebPage","@id":"https:\/\/www.m-q.ch\/ich-motivier-sie-mal\/","url":"https:\/\/www.m-q.ch\/ich-motivier-sie-mal\/","name":"Li motiver\u00f2... - MQ Gestione e qualit\u00e0","isPartOf":{"@id":"https:\/\/www.m-q.ch\/fr\/#website"},"datePublished":"2016-08-23T08:04:59+00:00","dateModified":"2021-02-15T09:08:40+00:00","description":"Anche Hannes \u00e8 stato colpito: i suoi dipendenti non sono pi\u00f9 motivati. Secondo l'ultimo sondaggio del personale, la motivazione dei dipendenti nel suo dipartimento \u00e8 scesa per la seconda volta di seguito. Questa volta \u00e8 0,4 punti percentuali in meno. Anche se il livello di 86,491398 per cento \u00e8 abbastanza rispettabile, c'\u00e8 sempre spazio per migliorare - dice il CEO. Non si pu\u00f2 mai essere soddisfatti di essere soddisfatti, dice.","breadcrumb":{"@id":"https:\/\/www.m-q.ch\/ich-motivier-sie-mal\/#breadcrumb"},"inLanguage":"it-IT","potentialAction":[{"@type":"ReadAction","target":["https:\/\/www.m-q.ch\/ich-motivier-sie-mal\/"]}]},{"@type":"BreadcrumbList","@id":"https:\/\/www.m-q.ch\/ich-motivier-sie-mal\/#breadcrumb","itemListElement":[{"@type":"ListItem","position":1,"name":"Allgemein","item":"https:\/\/www.m-q.ch\/kategorie\/allgemein\/"},{"@type":"ListItem","position":2,"name":"Ich motivier\u2019 sie mal &#8230;"}]},{"@type":"WebSite","@id":"https:\/\/www.m-q.ch\/fr\/#website","url":"https:\/\/www.m-q.ch\/fr\/","name":"Gestione e qualit\u00e0 MQ","description":"Piattaforma per sistemi di gestione integrati.","publisher":{"@id":"https:\/\/www.m-q.ch\/fr\/#organization"},"potentialAction":[{"@type":"SearchAction","target":{"@type":"EntryPoint","urlTemplate":"https:\/\/www.m-q.ch\/fr\/?s={search_term_string}"},"query-input":{"@type":"PropertyValueSpecification","valueRequired":true,"valueName":"search_term_string"}}],"inLanguage":"it-IT"},{"@type":"Organization","@id":"https:\/\/www.m-q.ch\/fr\/#organization","name":"Galledia Fachmedien AG","url":"https:\/\/www.m-q.ch\/fr\/","logo":{"@type":"ImageObject","inLanguage":"it-IT","@id":"https:\/\/www.m-q.ch\/fr\/#\/schema\/logo\/image\/","url":"https:\/\/www.m-q.ch\/wp-content\/uploads\/2020\/12\/cropped-logo_small.png","contentUrl":"https:\/\/www.m-q.ch\/wp-content\/uploads\/2020\/12\/cropped-logo_small.png","width":512,"height":512,"caption":"Galledia Fachmedien AG"},"image":{"@id":"https:\/\/www.m-q.ch\/fr\/#\/schema\/logo\/image\/"},"sameAs":["https:\/\/www.facebook.com\/ManagementUndQualitaet","https:\/\/www.linkedin.com\/showcase\/17982321\/admin\/"]},{"@type":"Person","@id":"https:\/\/www.m-q.ch\/fr\/#\/schema\/person\/0bdf39ca27d0b9b779f5b8af54b3f7d7","name":"upwork_1","image":{"@type":"ImageObject","inLanguage":"it-IT","@id":"https:\/\/www.m-q.ch\/fr\/#\/schema\/person\/image\/","url":"https:\/\/secure.gravatar.com\/avatar\/04d4d0fdc5886d535809f17d0eace7f6?s=96&d=mm&r=g","contentUrl":"https:\/\/secure.gravatar.com\/avatar\/04d4d0fdc5886d535809f17d0eace7f6?s=96&d=mm&r=g","caption":"upwork_1"},"url":"https:\/\/www.m-q.ch\/it\/author\/upwork_1\/"}]}},"_links":{"self":[{"href":"https:\/\/www.m-q.ch\/it\/wp-json\/wp\/v2\/posts\/11923","targetHints":{"allow":["GET"]}}],"collection":[{"href":"https:\/\/www.m-q.ch\/it\/wp-json\/wp\/v2\/posts"}],"about":[{"href":"https:\/\/www.m-q.ch\/it\/wp-json\/wp\/v2\/types\/post"}],"author":[{"embeddable":true,"href":"https:\/\/www.m-q.ch\/it\/wp-json\/wp\/v2\/users\/66"}],"replies":[{"embeddable":true,"href":"https:\/\/www.m-q.ch\/it\/wp-json\/wp\/v2\/comments?post=11923"}],"version-history":[{"count":2,"href":"https:\/\/www.m-q.ch\/it\/wp-json\/wp\/v2\/posts\/11923\/revisions"}],"predecessor-version":[{"id":11925,"href":"https:\/\/www.m-q.ch\/it\/wp-json\/wp\/v2\/posts\/11923\/revisions\/11925"}],"wp:attachment":[{"href":"https:\/\/www.m-q.ch\/it\/wp-json\/wp\/v2\/media?parent=11923"}],"wp:term":[{"taxonomy":"category","embeddable":true,"href":"https:\/\/www.m-q.ch\/it\/wp-json\/wp\/v2\/categories?post=11923"},{"taxonomy":"post_tag","embeddable":true,"href":"https:\/\/www.m-q.ch\/it\/wp-json\/wp\/v2\/tags?post=11923"}],"curies":[{"name":"wp","href":"https:\/\/api.w.org\/{rel}","templated":true}]}}