{"id":12059,"date":"2016-11-01T14:00:35","date_gmt":"2016-11-01T13:00:35","guid":{"rendered":"https:\/\/www.m-q.ch\/?p=12059"},"modified":"2021-02-15T14:10:34","modified_gmt":"2021-02-15T13:10:34","slug":"creare-chiarezza-con-la-nave-delle-competenze","status":"publish","type":"post","link":"https:\/\/www.m-q.ch\/it\/mit-dem-kompetenz-navi-klarheit-schaffen\/","title":{"rendered":"Creare chiarezza con il navigatore di competenze"},"content":{"rendered":"<p><img loading=\"lazy\" decoding=\"async\" class=\"alignnone size-full wp-image-12062\" src=\"https:\/\/www.m-q.ch\/wp-content\/uploads\/2021\/02\/Mit-dem-Kompetenz-Navi-Klarheit-schaffen.jpg\" alt=\"Creare chiarezza con il navigatore di competenze\" width=\"858\" height=\"590\" srcset=\"https:\/\/www.m-q.ch\/wp-content\/uploads\/2021\/02\/Mit-dem-Kompetenz-Navi-Klarheit-schaffen.jpg 858w, https:\/\/www.m-q.ch\/wp-content\/uploads\/2021\/02\/Mit-dem-Kompetenz-Navi-Klarheit-schaffen-768x528.jpg 768w, https:\/\/www.m-q.ch\/wp-content\/uploads\/2021\/02\/Mit-dem-Kompetenz-Navi-Klarheit-schaffen-16x12.jpg 16w, https:\/\/www.m-q.ch\/wp-content\/uploads\/2021\/02\/Mit-dem-Kompetenz-Navi-Klarheit-schaffen-254x175.jpg 254w, https:\/\/www.m-q.ch\/wp-content\/uploads\/2021\/02\/Mit-dem-Kompetenz-Navi-Klarheit-schaffen-509x350.jpg 509w, https:\/\/www.m-q.ch\/wp-content\/uploads\/2021\/02\/Mit-dem-Kompetenz-Navi-Klarheit-schaffen-300x206.jpg 300w\" sizes=\"auto, (max-width: 858px) 100vw, 858px\" \/><\/p>\n<p>&nbsp;<\/p>\n<p>&nbsp;<\/p>\n<p>&nbsp;<\/p>\n<p><strong><em>F<\/em>rau Professor Kauffeld, cosa c'\u00e8 di nuovo nella diagnosi di competenza che avete sviluppato e nel navigatore di competenza associato?<\/strong><\/p>\n<p>&nbsp;<\/p>\n<p><em><strong>Simone Kauffeld:<\/strong> <\/em>La stretta attenzione alle esigenze delle PMI. Solo le aziende molto grandi possono permettersi la gestione delle competenze. Oggi, per\u00f2, anche le aziende medie e piccole hanno bisogno di una panoramica del loro stato di competenza e della possibilit\u00e0 di sviluppare le loro competenze esistenti in linea con i requisiti. Teniamo conto di questo con il nostro Competence Navi, che abbiamo sviluppato in collaborazione con i professionisti. Permette alle PMI di introdurre la gestione delle competenze, poich\u00e9 molti processi amministrativi associati, come la valutazione di una diagnosi di competenza, possono essere progettati in modo efficiente ed economico con il Competence-Navi. Il nostro Competence-Navi aiuta le PMI a combinare un buon standard per un rapido inizio con il Competence-Navi con la flessibilit\u00e0 per adattarsi alle specificit\u00e0 operative.<\/p>\n<p><strong>In dettaglio, quali opportunit\u00e0 si aprono per le PMI?<\/strong><\/p>\n<p>&nbsp;<\/p>\n<p><em><strong>Simone Kauffeld:<\/strong><\/em> Forse la cosa pi\u00f9 importante \u00e8 che d\u00e0 loro una visione realistica, spesso anche una prima panoramica del panorama delle competenze nell'azienda. Possono visualizzare graficamente le competenze esistenti in modo chiaro e quindi scoprire rapidamente le lacune di competenza esistenti. Questo stabilisce il punto di partenza per uno sviluppo mirato delle competenze che tenga conto degli sviluppi futuri emergenti e delle opzioni di risposta dell'azienda ad essi. Ultimo ma non meno importante, questa conoscenza mette anche un'azienda in grado di mostrare ai suoi dipendenti nuove prospettive e quindi di legarli all'azienda. Il Competence-Navi fornisce quindi risposte a domande che sono necessarie per l'azienda:<\/p>\n<p>&nbsp;<\/p>\n<p><em><strong>\"Quanto \u00e8 adatta la mia azienda per il futuro?\"<\/strong><\/em><\/p>\n<p>&nbsp;<\/p>\n<p>Quanto \u00e8 adatta la mia azienda per il futuro? Quali competenze mancano nella mia azienda? Come faccio a trattenere le brave persone nell'azienda? Quali sono i potenziali di competenza che forse non ho ancora scoperto e che potrebbero essere utilizzati meglio?<\/p>\n<p><strong>Sicuramente tutto questo influisce anche su una ragionevole pianificazione della successione?<\/strong><\/p>\n<p>&nbsp;<\/p>\n<p><em><strong>Simone Kauffeld:<\/strong><\/em> Senza dubbio, e in larga misura. Il navigatore di competenze aiuta assolutamente le aziende a preparare la partenza di dipendenti competenti e a costruire successori adatti con le misure di sviluppo delle competenze appropriate. O che possono usare il Competence-Navi per selezionare un dipendente sulla base del suo profilo di competenza come successore fondamentalmente adatto e formarlo di conseguenza in caso di possibili lacune di competenza. A questo scopo, \u00e8 spesso appropriato un provvedimento in tandem, in cui il successore assume i compiti corrispondenti insieme al dipendente che presto lascer\u00e0.<\/p>\n<p><strong>Professor Kauffeld, in base a tutto questo, con il Competence Navi lei mira a sistematizzare la gestione delle competenze anche nelle PMI, in vista della loro stabilit\u00e0 futura?<\/strong><\/p>\n<p>&nbsp;<\/p>\n<p><em><strong>Simone Kauffeld:<\/strong><\/em> Questo \u00e8 il nostro obiettivo. Lo sviluppo delle competenze avviene effettivamente in tutte le aziende, ma spesso in modo casuale, non strategico, non coerente. Questo comporta il rischio che le aziende reagiscano troppo tardi agli sviluppi emergenti o che i dipendenti vengano semplicemente dimenticati quando si tratta di sviluppo delle competenze. Con la nave delle competenze, l'azienda ottiene una panoramica dell'\"offerta di competenze\" del suo personale e quindi come l'intera azienda \u00e8 posizionata \"in termini di competenze\". Attraverso la sua illustrazione grafica, i punti di forza e di debolezza possono essere identificati sia a livello individuale che a livello aziendale. Se, per esempio, diventa evidente che ci sono livelli di competenza particolarmente inutilizzati e particolarmente alti, questo potrebbe aprire l'opportunit\u00e0 di pensare a nuove aree di business o a un nuovo modello di business. D'altra parte, lo sviluppo delle competenze, cio\u00e8 la pianificazione della formazione continua, pu\u00f2 essere affrontata in modo molto pi\u00f9 sistematico e individualizzato sulla base delle lacune di competenza identificate. E cosa non trascurabile, vista la velocit\u00e0 odierna dello sviluppo tecnologico e le esigenze che ne derivano, lavorare con il navigatore di competenze assicura anche che lo stato delle competenze dell'azienda sia sempre aggiornato e l'azienda sia cos\u00ec protetta da spiacevoli sorprese.<\/p>\n<p><strong>Quindi come funziona tutto questo in pratica?<\/strong><\/p>\n<p>&nbsp;<\/p>\n<p><em><strong>Simone Kauffeld:<\/strong> <\/em>Al centro di questo c'\u00e8 un modello di competenza. Questo descrive i requisiti attuali e futuri. Poich\u00e9 abbiamo optato per una soluzione basata sul web per il software, la diagnosi delle competenze viene effettuata su un PC o su un dispositivo finale mobile, ad esempio un tablet. Il vantaggio di questo \u00e8 che il software non richiede l'installazione locale e pu\u00f2 quindi essere facilmente utilizzato da aziende con pi\u00f9 sedi. I manager o gli sviluppatori del personale possono ora realizzare progetti di analisi delle competenze. Il navigatore di competenza permette molta libert\u00e0. Per esempio, le competenze possono essere valutate in un'autovalutazione e in diverse valutazioni di terzi. L'invito a una diagnosi di competenza \u00e8 inviato via e-mail da un manager. Nel caso di un'autovalutazione, il dipendente riceve un'e-mail con un link a un questionario sulle competenze. Non appena il questionario viene completato, il manager riceve una notifica e il dipendente viene invitato a completare il questionario.<\/p>\n<p>&nbsp;<\/p>\n<p><em><strong>\"Non tenere d'occhio le tendenze mina la forza operativa\".<\/strong><\/em><\/p>\n<p>&nbsp;<\/p>\n<p>pu\u00f2 visualizzare direttamente i risultati, per esempio sotto forma di un profilo di competenza. I risultati sono automaticamente preparati graficamente in modo che siano intuitivamente comprensibili. Nei mestieri specializzati, abbiamo dei partner forti sotto forma di camere locali dei mestieri specializzati, che avvicinano l'argomento alle aziende. Ci sono anche fasi di prova per il Competence-Navi con aziende interessate. Altrimenti, siamo anche felici di accompagnare progetti pilota.<\/p>\n<p><strong>Vede gli strumenti che ha sviluppato come una concorrenza alle solite misure di formazione?<\/strong><\/p>\n<p>&nbsp;<\/p>\n<p><em><strong>Simone Kauffeld:<\/strong><\/em> No. Il navigatore di competenze fornisce prima una panoramica delle competenze esistenti e dei gap di competenza. Come vengano poi presi i passi di sviluppo necessari o sensati che ne emergono \u00e8 un'altra questione. Tuttavia, lo sviluppo delle competenze integrato nel lavoro \u00e8 in molti casi una buona alternativa alle classiche misure formali di formazione continua. Soprattutto quando si devono costruire competenze specifiche dell'azienda. Per il resto, per\u00f2, i due approcci non sono in competizione tra loro. Il perfezionamento classico pu\u00f2 essere collegato all'apprendimento nel processo di lavoro. E per trasferire ci\u00f2 che \u00e8 stato appreso in queste misure di formazione continua, i progetti di trasferimento integrati nel lavoro, per esempio, si prestano a questo. Al contrario, le competenze acquisite sul posto di lavoro possono fornire l'accesso alla formazione continua che altrimenti era piuttosto legata a prerequisiti formali.<\/p>\n<p><strong>Professor Kauffeld, l'esperienza dimostra che la competenza globale dell'azienda \u00e8 pi\u00f9 della somma di tutte le competenze individuali. Cosa rende una PMI veramente competente e forte?<\/strong><\/p>\n<p>&nbsp;<\/p>\n<p><em><strong>Simone Kauffeld:<\/strong><\/em> Ebbene, non c'\u00e8 differenza tra le persone e le aziende: apertura verso il futuro; consapevolezza dei propri punti di forza e delle proprie debolezze; chiarezza sulle proprie intenzioni; volont\u00e0 di non lasciare che ci\u00f2 che \u00e8 familiare, ci\u00f2 che \u00e8 diventato caro, ci\u00f2 che \u00e8 diventato radicato nelle proprie azioni cos\u00ec come nel proprio lasciare diventi un occhiale scuro davanti agli occhi e una macina sulla gamba. La forza del futuro \u00e8 spesso equiparata all'orientamento della tendenza. Non c'\u00e8 dubbio che non tenere d'occhio le tendenze mina la forza operativa. Tuttavia, questo monitoraggio, questa osservazione acuta di ci\u00f2 che si sta sviluppando ed emergendo \u00e8 solo un prerequisito necessario, ma non ancora sufficiente, per tenere duro e dimostrarsi nel mercato di domani, che \u00e8 soggetto a cambiamenti sempre pi\u00f9 rapidi. Una forza sufficiente per il futuro cresce in modo decisivo solo dalla capacit\u00e0 operativa di poter tener conto del futuro dal serbatoio della competenza operativa, cio\u00e8 da una coscienza della competenza operativa e da una cura della competenza operativa, che protegge dalle lacune di competenza e - non meno pericolosamente - anche dalle lacune di esperienza dei collaboratori che vanno in pensione. Nei mercati in rapida evoluzione, tali deficit possono innescare un effetto valanga molto pericoloso in pochissimo tempo. Soprattutto nell'attuale situazione del mercato del lavoro, dove il personale qualificato \u00e8 diventato cos\u00ec scarso. La chiara conoscenza della situazione delle competenze dell'azienda \u00e8 un prerequisito fondamentale per la reattivit\u00e0 dell'azienda e la stabilit\u00e0 della crisi, in breve, per la forza dell'azienda per il futuro.<\/p>","protected":false},"excerpt":{"rendered":"<p>&nbsp; &nbsp; &nbsp; Frau Professor Kauffeld, was ist neu an der von Ihnen entwickelten Kompetenzdiagnose und dem dazugeh\u00f6renden Kompetenz-Navi? &nbsp; Simone Kauffeld: Die strikte Orientierung auf die Bed\u00fcrfnisse der KMU. Ein Kompetenzmanagement leisten sich meistens nur sehr grosse Unternehmen. Einen \u00dcberblick \u00fcber ihren Kompetenzstatus und die daraus basierende M\u00f6glichkeit, das Vorhandene den Anforderungen entsprechend weiterzuentwickeln, [&hellip;]<\/p>\n","protected":false},"author":66,"featured_media":12062,"comment_status":"closed","ping_status":"closed","sticky":false,"template":"","format":"standard","meta":{"_acf_changed":false,"footnotes":""},"categories":[4448],"tags":[4791],"class_list":["post-12059","post","type-post","status-publish","format-standard","has-post-thumbnail","hentry","category-allgemein","tag-11-2016"],"acf":[],"yoast_head":"<!-- This site is optimized with the Yoast SEO plugin v26.2 - https:\/\/yoast.com\/wordpress\/plugins\/seo\/ -->\n<title>Mit dem Kompetenz-Navi Klarheit schaffen - MQ Management und Qualit\u00e4t<\/title>\n<meta name=\"description\" content=\"Am Lehrstuhl f\u00fcr Arbeits-, Organisations- und Sozialpsychologie der TU Braunschweig wird eine webbasierte Kompetenzdiagnose entwickelt. Damit k\u00f6nnen KMU die Kompetenzen ihrer Belegschaft analysieren und deren Weiterentwicklung, den Bed\u00fcrfnissen des Unternehmens angepasst, systematisch steuern. Fragen dazu an die Lehrstuhlinhaberin Professor Dr. Simone Kauffeld.\" \/>\n<meta name=\"robots\" content=\"index, follow, max-snippet:-1, max-image-preview:large, max-video-preview:-1\" \/>\n<link rel=\"canonical\" href=\"https:\/\/www.m-q.ch\/it\/creare-chiarezza-con-la-nave-delle-competenze\/\" \/>\n<meta property=\"og:locale\" content=\"it_IT\" \/>\n<meta property=\"og:type\" content=\"article\" \/>\n<meta property=\"og:title\" content=\"Mit dem Kompetenz-Navi Klarheit schaffen - MQ Management und Qualit\u00e4t\" \/>\n<meta property=\"og:description\" content=\"Am Lehrstuhl f\u00fcr Arbeits-, Organisations- und Sozialpsychologie der TU Braunschweig wird eine webbasierte Kompetenzdiagnose entwickelt. Damit k\u00f6nnen KMU die Kompetenzen ihrer Belegschaft analysieren und deren Weiterentwicklung, den Bed\u00fcrfnissen des Unternehmens angepasst, systematisch steuern. Fragen dazu an die Lehrstuhlinhaberin Professor Dr. Simone Kauffeld.\" \/>\n<meta property=\"og:url\" content=\"https:\/\/www.m-q.ch\/it\/creare-chiarezza-con-la-nave-delle-competenze\/\" \/>\n<meta property=\"og:site_name\" content=\"MQ Management und Qualit\u00e4t\" \/>\n<meta property=\"article:publisher\" content=\"https:\/\/www.facebook.com\/ManagementUndQualitaet\" \/>\n<meta property=\"article:published_time\" content=\"2016-11-01T13:00:35+00:00\" \/>\n<meta property=\"article:modified_time\" content=\"2021-02-15T13:10:34+00:00\" \/>\n<meta property=\"og:image\" content=\"https:\/\/www.m-q.ch\/wp-content\/uploads\/2021\/02\/Mit-dem-Kompetenz-Navi-Klarheit-schaffen.jpg\" \/>\n\t<meta property=\"og:image:width\" content=\"858\" \/>\n\t<meta property=\"og:image:height\" content=\"590\" \/>\n\t<meta property=\"og:image:type\" content=\"image\/jpeg\" \/>\n<meta name=\"author\" content=\"upwork_1\" \/>\n<meta name=\"twitter:card\" content=\"summary_large_image\" \/>\n<meta name=\"twitter:label1\" content=\"Scritto da\" \/>\n\t<meta name=\"twitter:data1\" content=\"upwork_1\" \/>\n\t<meta name=\"twitter:label2\" content=\"Tempo di lettura stimato\" \/>\n\t<meta name=\"twitter:data2\" content=\"6 minuti\" \/>\n<script type=\"application\/ld+json\" class=\"yoast-schema-graph\">{\"@context\":\"https:\/\/schema.org\",\"@graph\":[{\"@type\":\"Article\",\"@id\":\"https:\/\/www.m-q.ch\/mit-dem-kompetenz-navi-klarheit-schaffen\/#article\",\"isPartOf\":{\"@id\":\"https:\/\/www.m-q.ch\/mit-dem-kompetenz-navi-klarheit-schaffen\/\"},\"author\":{\"name\":\"upwork_1\",\"@id\":\"https:\/\/www.m-q.ch\/fr\/#\/schema\/person\/0bdf39ca27d0b9b779f5b8af54b3f7d7\"},\"headline\":\"Mit dem Kompetenz-Navi Klarheit schaffen\",\"datePublished\":\"2016-11-01T13:00:35+00:00\",\"dateModified\":\"2021-02-15T13:10:34+00:00\",\"mainEntityOfPage\":{\"@id\":\"https:\/\/www.m-q.ch\/mit-dem-kompetenz-navi-klarheit-schaffen\/\"},\"wordCount\":1200,\"publisher\":{\"@id\":\"https:\/\/www.m-q.ch\/fr\/#organization\"},\"image\":{\"@id\":\"https:\/\/www.m-q.ch\/mit-dem-kompetenz-navi-klarheit-schaffen\/#primaryimage\"},\"thumbnailUrl\":\"https:\/\/www.m-q.ch\/wp-content\/uploads\/2021\/02\/Mit-dem-Kompetenz-Navi-Klarheit-schaffen.jpg\",\"keywords\":[\"11\/2016\"],\"articleSection\":[\"Allgemein\"],\"inLanguage\":\"it-IT\"},{\"@type\":\"WebPage\",\"@id\":\"https:\/\/www.m-q.ch\/mit-dem-kompetenz-navi-klarheit-schaffen\/\",\"url\":\"https:\/\/www.m-q.ch\/mit-dem-kompetenz-navi-klarheit-schaffen\/\",\"name\":\"Mit dem Kompetenz-Navi Klarheit schaffen - MQ Management und Qualit\u00e4t\",\"isPartOf\":{\"@id\":\"https:\/\/www.m-q.ch\/fr\/#website\"},\"primaryImageOfPage\":{\"@id\":\"https:\/\/www.m-q.ch\/mit-dem-kompetenz-navi-klarheit-schaffen\/#primaryimage\"},\"image\":{\"@id\":\"https:\/\/www.m-q.ch\/mit-dem-kompetenz-navi-klarheit-schaffen\/#primaryimage\"},\"thumbnailUrl\":\"https:\/\/www.m-q.ch\/wp-content\/uploads\/2021\/02\/Mit-dem-Kompetenz-Navi-Klarheit-schaffen.jpg\",\"datePublished\":\"2016-11-01T13:00:35+00:00\",\"dateModified\":\"2021-02-15T13:10:34+00:00\",\"description\":\"Am Lehrstuhl f\u00fcr Arbeits-, Organisations- und Sozialpsychologie der TU Braunschweig wird eine webbasierte Kompetenzdiagnose entwickelt. Damit k\u00f6nnen KMU die Kompetenzen ihrer Belegschaft analysieren und deren Weiterentwicklung, den Bed\u00fcrfnissen des Unternehmens angepasst, systematisch steuern. Fragen dazu an die Lehrstuhlinhaberin Professor Dr. Simone Kauffeld.\",\"breadcrumb\":{\"@id\":\"https:\/\/www.m-q.ch\/mit-dem-kompetenz-navi-klarheit-schaffen\/#breadcrumb\"},\"inLanguage\":\"it-IT\",\"potentialAction\":[{\"@type\":\"ReadAction\",\"target\":[\"https:\/\/www.m-q.ch\/mit-dem-kompetenz-navi-klarheit-schaffen\/\"]}]},{\"@type\":\"ImageObject\",\"inLanguage\":\"it-IT\",\"@id\":\"https:\/\/www.m-q.ch\/mit-dem-kompetenz-navi-klarheit-schaffen\/#primaryimage\",\"url\":\"https:\/\/www.m-q.ch\/wp-content\/uploads\/2021\/02\/Mit-dem-Kompetenz-Navi-Klarheit-schaffen.jpg\",\"contentUrl\":\"https:\/\/www.m-q.ch\/wp-content\/uploads\/2021\/02\/Mit-dem-Kompetenz-Navi-Klarheit-schaffen.jpg\",\"width\":858,\"height\":590,\"caption\":\"Mit dem Kompetenz-Navi Klarheit schaffen\"},{\"@type\":\"BreadcrumbList\",\"@id\":\"https:\/\/www.m-q.ch\/mit-dem-kompetenz-navi-klarheit-schaffen\/#breadcrumb\",\"itemListElement\":[{\"@type\":\"ListItem\",\"position\":1,\"name\":\"Allgemein\",\"item\":\"https:\/\/www.m-q.ch\/kategorie\/allgemein\/\"},{\"@type\":\"ListItem\",\"position\":2,\"name\":\"Mit dem Kompetenz-Navi Klarheit schaffen\"}]},{\"@type\":\"WebSite\",\"@id\":\"https:\/\/www.m-q.ch\/fr\/#website\",\"url\":\"https:\/\/www.m-q.ch\/fr\/\",\"name\":\"MQ Management und Qualit\u00e4t\",\"description\":\"Plattform f\u00fcr integrierte Managementsysteme.\",\"publisher\":{\"@id\":\"https:\/\/www.m-q.ch\/fr\/#organization\"},\"potentialAction\":[{\"@type\":\"SearchAction\",\"target\":{\"@type\":\"EntryPoint\",\"urlTemplate\":\"https:\/\/www.m-q.ch\/fr\/?s={search_term_string}\"},\"query-input\":{\"@type\":\"PropertyValueSpecification\",\"valueRequired\":true,\"valueName\":\"search_term_string\"}}],\"inLanguage\":\"it-IT\"},{\"@type\":\"Organization\",\"@id\":\"https:\/\/www.m-q.ch\/fr\/#organization\",\"name\":\"Galledia Fachmedien AG\",\"url\":\"https:\/\/www.m-q.ch\/fr\/\",\"logo\":{\"@type\":\"ImageObject\",\"inLanguage\":\"it-IT\",\"@id\":\"https:\/\/www.m-q.ch\/fr\/#\/schema\/logo\/image\/\",\"url\":\"https:\/\/www.m-q.ch\/wp-content\/uploads\/2020\/12\/cropped-logo_small.png\",\"contentUrl\":\"https:\/\/www.m-q.ch\/wp-content\/uploads\/2020\/12\/cropped-logo_small.png\",\"width\":512,\"height\":512,\"caption\":\"Galledia Fachmedien AG\"},\"image\":{\"@id\":\"https:\/\/www.m-q.ch\/fr\/#\/schema\/logo\/image\/\"},\"sameAs\":[\"https:\/\/www.facebook.com\/ManagementUndQualitaet\",\"https:\/\/www.linkedin.com\/showcase\/17982321\/admin\/\"]},{\"@type\":\"Person\",\"@id\":\"https:\/\/www.m-q.ch\/fr\/#\/schema\/person\/0bdf39ca27d0b9b779f5b8af54b3f7d7\",\"name\":\"upwork_1\",\"image\":{\"@type\":\"ImageObject\",\"inLanguage\":\"it-IT\",\"@id\":\"https:\/\/www.m-q.ch\/fr\/#\/schema\/person\/image\/\",\"url\":\"https:\/\/secure.gravatar.com\/avatar\/04d4d0fdc5886d535809f17d0eace7f6?s=96&d=mm&r=g\",\"contentUrl\":\"https:\/\/secure.gravatar.com\/avatar\/04d4d0fdc5886d535809f17d0eace7f6?s=96&d=mm&r=g\",\"caption\":\"upwork_1\"},\"url\":\"https:\/\/www.m-q.ch\/it\/author\/upwork_1\/\"}]}<\/script>\n<!-- \/ Yoast SEO plugin. -->","yoast_head_json":{"title":"Creare chiarezza con il navigatore di competenze - MQ Management und Qualit\u00e4t","description":"Una diagnosi delle competenze basata sul web \u00e8 in fase di sviluppo presso la cattedra di psicologia del lavoro, organizzativa e sociale alla TU Braunschweig. Con esso, le PMI possono analizzare le competenze della loro forza lavoro e controllare sistematicamente il loro ulteriore sviluppo, adattato alle esigenze dell'azienda. Le domande possono essere rivolte al titolare della cattedra, la professoressa Simone Kauffeld.","robots":{"index":"index","follow":"follow","max-snippet":"max-snippet:-1","max-image-preview":"max-image-preview:large","max-video-preview":"max-video-preview:-1"},"canonical":"https:\/\/www.m-q.ch\/it\/creare-chiarezza-con-la-nave-delle-competenze\/","og_locale":"it_IT","og_type":"article","og_title":"Mit dem Kompetenz-Navi Klarheit schaffen - MQ Management und Qualit\u00e4t","og_description":"Am Lehrstuhl f\u00fcr Arbeits-, Organisations- und Sozialpsychologie der TU Braunschweig wird eine webbasierte Kompetenzdiagnose entwickelt. Damit k\u00f6nnen KMU die Kompetenzen ihrer Belegschaft analysieren und deren Weiterentwicklung, den Bed\u00fcrfnissen des Unternehmens angepasst, systematisch steuern. Fragen dazu an die Lehrstuhlinhaberin Professor Dr. Simone Kauffeld.","og_url":"https:\/\/www.m-q.ch\/it\/creare-chiarezza-con-la-nave-delle-competenze\/","og_site_name":"MQ Management und Qualit\u00e4t","article_publisher":"https:\/\/www.facebook.com\/ManagementUndQualitaet","article_published_time":"2016-11-01T13:00:35+00:00","article_modified_time":"2021-02-15T13:10:34+00:00","og_image":[{"width":858,"height":590,"url":"https:\/\/www.m-q.ch\/wp-content\/uploads\/2021\/02\/Mit-dem-Kompetenz-Navi-Klarheit-schaffen.jpg","type":"image\/jpeg"}],"author":"upwork_1","twitter_card":"summary_large_image","twitter_misc":{"Scritto da":"upwork_1","Tempo di lettura stimato":"6 minuti"},"schema":{"@context":"https:\/\/schema.org","@graph":[{"@type":"Article","@id":"https:\/\/www.m-q.ch\/mit-dem-kompetenz-navi-klarheit-schaffen\/#article","isPartOf":{"@id":"https:\/\/www.m-q.ch\/mit-dem-kompetenz-navi-klarheit-schaffen\/"},"author":{"name":"upwork_1","@id":"https:\/\/www.m-q.ch\/fr\/#\/schema\/person\/0bdf39ca27d0b9b779f5b8af54b3f7d7"},"headline":"Mit dem Kompetenz-Navi Klarheit schaffen","datePublished":"2016-11-01T13:00:35+00:00","dateModified":"2021-02-15T13:10:34+00:00","mainEntityOfPage":{"@id":"https:\/\/www.m-q.ch\/mit-dem-kompetenz-navi-klarheit-schaffen\/"},"wordCount":1200,"publisher":{"@id":"https:\/\/www.m-q.ch\/fr\/#organization"},"image":{"@id":"https:\/\/www.m-q.ch\/mit-dem-kompetenz-navi-klarheit-schaffen\/#primaryimage"},"thumbnailUrl":"https:\/\/www.m-q.ch\/wp-content\/uploads\/2021\/02\/Mit-dem-Kompetenz-Navi-Klarheit-schaffen.jpg","keywords":["11\/2016"],"articleSection":["Allgemein"],"inLanguage":"it-IT"},{"@type":"WebPage","@id":"https:\/\/www.m-q.ch\/mit-dem-kompetenz-navi-klarheit-schaffen\/","url":"https:\/\/www.m-q.ch\/mit-dem-kompetenz-navi-klarheit-schaffen\/","name":"Creare chiarezza con il navigatore di competenze - MQ Management und Qualit\u00e4t","isPartOf":{"@id":"https:\/\/www.m-q.ch\/fr\/#website"},"primaryImageOfPage":{"@id":"https:\/\/www.m-q.ch\/mit-dem-kompetenz-navi-klarheit-schaffen\/#primaryimage"},"image":{"@id":"https:\/\/www.m-q.ch\/mit-dem-kompetenz-navi-klarheit-schaffen\/#primaryimage"},"thumbnailUrl":"https:\/\/www.m-q.ch\/wp-content\/uploads\/2021\/02\/Mit-dem-Kompetenz-Navi-Klarheit-schaffen.jpg","datePublished":"2016-11-01T13:00:35+00:00","dateModified":"2021-02-15T13:10:34+00:00","description":"Una diagnosi delle competenze basata sul web \u00e8 in fase di sviluppo presso la cattedra di psicologia del lavoro, organizzativa e sociale alla TU Braunschweig. Con esso, le PMI possono analizzare le competenze della loro forza lavoro e controllare sistematicamente il loro ulteriore sviluppo, adattato alle esigenze dell'azienda. Le domande possono essere rivolte al titolare della cattedra, la professoressa Simone Kauffeld.","breadcrumb":{"@id":"https:\/\/www.m-q.ch\/mit-dem-kompetenz-navi-klarheit-schaffen\/#breadcrumb"},"inLanguage":"it-IT","potentialAction":[{"@type":"ReadAction","target":["https:\/\/www.m-q.ch\/mit-dem-kompetenz-navi-klarheit-schaffen\/"]}]},{"@type":"ImageObject","inLanguage":"it-IT","@id":"https:\/\/www.m-q.ch\/mit-dem-kompetenz-navi-klarheit-schaffen\/#primaryimage","url":"https:\/\/www.m-q.ch\/wp-content\/uploads\/2021\/02\/Mit-dem-Kompetenz-Navi-Klarheit-schaffen.jpg","contentUrl":"https:\/\/www.m-q.ch\/wp-content\/uploads\/2021\/02\/Mit-dem-Kompetenz-Navi-Klarheit-schaffen.jpg","width":858,"height":590,"caption":"Mit dem Kompetenz-Navi Klarheit schaffen"},{"@type":"BreadcrumbList","@id":"https:\/\/www.m-q.ch\/mit-dem-kompetenz-navi-klarheit-schaffen\/#breadcrumb","itemListElement":[{"@type":"ListItem","position":1,"name":"Allgemein","item":"https:\/\/www.m-q.ch\/kategorie\/allgemein\/"},{"@type":"ListItem","position":2,"name":"Mit dem Kompetenz-Navi Klarheit schaffen"}]},{"@type":"WebSite","@id":"https:\/\/www.m-q.ch\/fr\/#website","url":"https:\/\/www.m-q.ch\/fr\/","name":"Gestione e qualit\u00e0 MQ","description":"Piattaforma per sistemi di gestione integrati.","publisher":{"@id":"https:\/\/www.m-q.ch\/fr\/#organization"},"potentialAction":[{"@type":"SearchAction","target":{"@type":"EntryPoint","urlTemplate":"https:\/\/www.m-q.ch\/fr\/?s={search_term_string}"},"query-input":{"@type":"PropertyValueSpecification","valueRequired":true,"valueName":"search_term_string"}}],"inLanguage":"it-IT"},{"@type":"Organization","@id":"https:\/\/www.m-q.ch\/fr\/#organization","name":"Galledia Fachmedien AG","url":"https:\/\/www.m-q.ch\/fr\/","logo":{"@type":"ImageObject","inLanguage":"it-IT","@id":"https:\/\/www.m-q.ch\/fr\/#\/schema\/logo\/image\/","url":"https:\/\/www.m-q.ch\/wp-content\/uploads\/2020\/12\/cropped-logo_small.png","contentUrl":"https:\/\/www.m-q.ch\/wp-content\/uploads\/2020\/12\/cropped-logo_small.png","width":512,"height":512,"caption":"Galledia Fachmedien AG"},"image":{"@id":"https:\/\/www.m-q.ch\/fr\/#\/schema\/logo\/image\/"},"sameAs":["https:\/\/www.facebook.com\/ManagementUndQualitaet","https:\/\/www.linkedin.com\/showcase\/17982321\/admin\/"]},{"@type":"Person","@id":"https:\/\/www.m-q.ch\/fr\/#\/schema\/person\/0bdf39ca27d0b9b779f5b8af54b3f7d7","name":"upwork_1","image":{"@type":"ImageObject","inLanguage":"it-IT","@id":"https:\/\/www.m-q.ch\/fr\/#\/schema\/person\/image\/","url":"https:\/\/secure.gravatar.com\/avatar\/04d4d0fdc5886d535809f17d0eace7f6?s=96&d=mm&r=g","contentUrl":"https:\/\/secure.gravatar.com\/avatar\/04d4d0fdc5886d535809f17d0eace7f6?s=96&d=mm&r=g","caption":"upwork_1"},"url":"https:\/\/www.m-q.ch\/it\/author\/upwork_1\/"}]}},"_links":{"self":[{"href":"https:\/\/www.m-q.ch\/it\/wp-json\/wp\/v2\/posts\/12059","targetHints":{"allow":["GET"]}}],"collection":[{"href":"https:\/\/www.m-q.ch\/it\/wp-json\/wp\/v2\/posts"}],"about":[{"href":"https:\/\/www.m-q.ch\/it\/wp-json\/wp\/v2\/types\/post"}],"author":[{"embeddable":true,"href":"https:\/\/www.m-q.ch\/it\/wp-json\/wp\/v2\/users\/66"}],"replies":[{"embeddable":true,"href":"https:\/\/www.m-q.ch\/it\/wp-json\/wp\/v2\/comments?post=12059"}],"version-history":[{"count":1,"href":"https:\/\/www.m-q.ch\/it\/wp-json\/wp\/v2\/posts\/12059\/revisions"}],"predecessor-version":[{"id":12076,"href":"https:\/\/www.m-q.ch\/it\/wp-json\/wp\/v2\/posts\/12059\/revisions\/12076"}],"wp:featuredmedia":[{"embeddable":true,"href":"https:\/\/www.m-q.ch\/it\/wp-json\/wp\/v2\/media\/12062"}],"wp:attachment":[{"href":"https:\/\/www.m-q.ch\/it\/wp-json\/wp\/v2\/media?parent=12059"}],"wp:term":[{"taxonomy":"category","embeddable":true,"href":"https:\/\/www.m-q.ch\/it\/wp-json\/wp\/v2\/categories?post=12059"},{"taxonomy":"post_tag","embeddable":true,"href":"https:\/\/www.m-q.ch\/it\/wp-json\/wp\/v2\/tags?post=12059"}],"curies":[{"name":"wp","href":"https:\/\/api.w.org\/{rel}","templated":true}]}}