{"id":12082,"date":"2016-11-05T14:20:53","date_gmt":"2016-11-05T13:20:53","guid":{"rendered":"https:\/\/www.m-q.ch\/?p=12082"},"modified":"2021-02-15T14:31:34","modified_gmt":"2021-02-15T13:31:34","slug":"la-governance-aziendale-parte-dal-consiglio-di-amministrazione","status":"publish","type":"post","link":"https:\/\/www.m-q.ch\/it\/corporate-governance-beginnt-im-verwaltungsrat\/","title":{"rendered":"\"La governance aziendale inizia con il consiglio di amministrazione\""},"content":{"rendered":"<p><img loading=\"lazy\" decoding=\"async\" class=\"alignnone size-full wp-image-12084\" src=\"https:\/\/www.m-q.ch\/wp-content\/uploads\/2021\/02\/Corporate-Governance-beginnt-im-Verwaltungsrat.jpg\" alt=\"&quot;La governance aziendale inizia con il consiglio di amministrazione&quot;\" width=\"858\" height=\"593\" srcset=\"https:\/\/www.m-q.ch\/wp-content\/uploads\/2021\/02\/Corporate-Governance-beginnt-im-Verwaltungsrat.jpg 858w, https:\/\/www.m-q.ch\/wp-content\/uploads\/2021\/02\/Corporate-Governance-beginnt-im-Verwaltungsrat-768x531.jpg 768w, https:\/\/www.m-q.ch\/wp-content\/uploads\/2021\/02\/Corporate-Governance-beginnt-im-Verwaltungsrat-16x12.jpg 16w, https:\/\/www.m-q.ch\/wp-content\/uploads\/2021\/02\/Corporate-Governance-beginnt-im-Verwaltungsrat-253x175.jpg 253w, https:\/\/www.m-q.ch\/wp-content\/uploads\/2021\/02\/Corporate-Governance-beginnt-im-Verwaltungsrat-506x350.jpg 506w, https:\/\/www.m-q.ch\/wp-content\/uploads\/2021\/02\/Corporate-Governance-beginnt-im-Verwaltungsrat-300x207.jpg 300w\" sizes=\"auto, (max-width: 858px) 100vw, 858px\" \/><\/p>\n<p>&nbsp;<\/p>\n<p>&nbsp;<\/p>\n<p>&nbsp;<\/p>\n<p><em><strong>G<\/strong><\/em>n accordo con il cofondatore dell'etichetta, Silvan Felder, Best Board Practice (BBP) aiuta a garantire la conformit\u00e0 legale, migliora continuamente la governance aziendale, riduce i problemi di responsabilit\u00e0 e accountability, crea trasparenza e assicura la professionalit\u00e0 del top management. Qual \u00e8 stata l'esperienza di vbl con BBP? Il presidente Yvonne Hunkeler e il CEO Dr. Norbert Schmassmann rispondono alle nostre domande qui.<\/p>\n<p><strong>Siete stati la prima azienda in Svizzera ad ottenere il BBP. Come si \u00e8 arrivati a questo?<\/strong><\/p>\n<p>&nbsp;<\/p>\n<p><em><strong>Norbert Schmassmann:<\/strong> <\/em>\"La governance aziendale inizia con il consiglio di amministrazione. \u00c8 stato con questa convinzione che Konrad Graber, allora presidente del consiglio d'amministrazione di vbl e oggi membro del Consiglio degli Stati, si \u00e8 avvicinato nel 2003 al CEO con l'idea del nuovo marchio \"Best Board Practice\". Ho riconosciuto l'opportunit\u00e0 e il beneficio di una tale etichetta per essere in grado di \"distinguersi\" positivamente dalle altre societ\u00e0 per azioni in termini di governance. Ancora oggi, molti membri del consiglio non vengono eletti sulla base della loro idoneit\u00e0, ma sulla base delle \"conoscenze\". In pratica, l'interazione tra il consiglio di amministrazione e il comitato esecutivo \u00e8 spesso tesa perch\u00e9 le competenze non sono chiaramente delineate o i ruoli non sono adeguatamente definiti.<\/p>\n<p><strong>Quali sono le considerazioni di leadership dietro questo?<\/strong><\/p>\n<p>&nbsp;<\/p>\n<p><em><strong>Yvonne Hunkeler:<\/strong><\/em> Una buona interazione tra il BoD e il GM dipende da vari fattori. Da un lato, il consiglio di amministrazione deve funzionare bene come una squadra; dall'altro, i compiti e le competenze tra il consiglio di amministrazione e la direzione devono essere chiaramente definiti e delineati. Il consiglio di amministrazione deve concentrarsi sui suoi compiti di gestione strategica, mentre il management esecutivo deve concentrarsi sulla gestione operativa dell'azienda. Questo a sua volta funziona solo se il consiglio di amministrazione non \"interferisce\" nel business operativo. Tuttavia, questa astensione \u00e8 possibile solo se la fiducia tra i due corpi \u00e8 intatta. La giusta composizione del comitato esecutivo \u00e8 quindi responsabilit\u00e0 del consiglio di amministrazione. Fondamentalmente, perch\u00e9 l'etichetta \"Best Board Practice\" sia efficace, deve essere vissuta nella pratica. Solo tale pratica del consiglio merita l'aggettivo \"migliore\".<\/p>\n<p><strong>Cosa porta l'etichetta BBP all'azionista vbl?<\/strong><\/p>\n<p>&nbsp;<\/p>\n<p><em><strong>Yvonne Hunkeler:<\/strong><\/em> BBP porta vantaggi indiretti, ma abbastanza diretti per l'azionista. La fiducia pu\u00f2 essere ottenuta dagli azionisti prima di tutto se sanno esattamente quali sono le responsabilit\u00e0 del CdA e del GM e conoscono le regole di cooperazione tra gli organi. Quando si tratta di riempire le posizioni vacanti del consiglio, gli azionisti beneficiano anche se il processo di reclutamento e nomina \u00e8 basato su criteri trasparenti.<\/p>\n<p><strong>Come ne beneficia il consiglio di amministrazione?<\/strong><\/p>\n<p>&nbsp;<\/p>\n<p><em><strong>Yvonne Hunkeler:<\/strong><\/em> Il vantaggio del BBP per i membri del consiglio di amministrazione \u00e8 che sono pi\u00f9 consapevoli del loro ruolo e della loro responsabilit\u00e0. La responsabilit\u00e0 strategica e manageriale \u00e8 enfatizzata; \u00e8 stabilita in processi che vengono rivisti annualmente attraverso gli audit di SQS. Inoltre, l'autovalutazione annuale rafforza lo spirito di squadra all'interno del consiglio di amministrazione. I singoli membri del consiglio di amministrazione si considerano come parte della squadra, in cui le diverse competenze e opinioni specialistiche si uniscono e dovrebbero portare a buone decisioni attraverso il dialogo. Questo limita i \"colpi di testa\" a favore dell'Ufficio del Presidente.<\/p>\n<p><strong>E la direzione?<\/strong><\/p>\n<p>&nbsp;<\/p>\n<p><em><strong>Norbert Schmassmann:<\/strong> <\/em>Per l'amministratore delegato, l'etichetta ha il vantaggio che certi affari e punti all'ordine del giorno sono \"automaticamente\" messi all'ordine del giorno del Cda senza che l'amministratore delegato debba attirare l'attenzione del Cda sul fatto che ci sono<\/p>\n<p>&nbsp;<\/p>\n<p><em><strong>\"BBP assicura la professionalit\u00e0 nella VR\".<\/strong><\/em><\/p>\n<p>&nbsp;<\/p>\n<p>\"Sarebbe effettivamente il momento di discutere ancora una volta di certe questioni. Per esempio, secondo l'etichetta BBP, il regolamento organizzativo \"ex officio\" e la remunerazione del CdA e del GM devono essere rivisti annualmente. BBP d\u00e0 al CEO pi\u00f9 sostegno; sa dove si trova nella pratica del consiglio e quali sono le regole del gioco. Al GM sono state date competenze pi\u00f9 ampie, ma chiaramente definite. Questo crea fiducia.<\/p>\n<p><strong>Sono interessati anche i revisori?<\/strong><\/p>\n<p>&nbsp;<\/p>\n<p><em><strong>Yvonne Hunkeler e Norbert Schmassmann sono d'accordo:<\/strong><\/em> S\u00ec, la cooperazione \u00e8 sostenuta positivamente grazie a BBP. I revisori possono \"contare\" su certe pratiche e beneficiare del fatto che il buon governo tra il CdA e il GM \u00e8 esemplificato. La collaborazione con i revisori dei conti \u00e8 delegata a un comitato del CdA in conformit\u00e0 con i regolamenti. I processi e le interfacce sono cos\u00ec definiti. Le proposte sono presentate al consiglio di amministrazione al completo.<\/p>\n<p><strong>L'azienda sta sentendo il cambiamento nella governance?<\/strong><\/p>\n<p>&nbsp;<\/p>\n<p><em><strong>Norbert Schmassmann:<\/strong><\/em> Delimitazioni affidabili dei compiti e delle competenze sono di grande vantaggio sia per il livello strategico (CdA) che per quello operativo (GM). La \"separazione dei poteri\" non pu\u00f2 essere resa chiara come il giorno. Se c'\u00e8 qualche ambiguit\u00e0, a volte ci riferiamo a un insieme di regole o a un diagramma di funzione. Ma la pratica dimostra che non tutto pu\u00f2 essere scritto. Il buon governo deve far parte dell'immagine di s\u00e9 del consiglio di amministrazione e del consiglio di amministrazione. Da quando abbiamo \"vissuto\" questa etichetta alla vbl AG, si \u00e8 stabilita una forma di governance che tutte le persone coinvolte considerano molto propositiva e piacevole.<\/p>\n<p>&nbsp;<\/p>\n<p><em><strong>Yvonne Hunkeler:<\/strong><\/em> Certamente, alcuni cambiamenti potrebbero essere stati fatti anche senza questa etichetta - a causa di cambiamenti nell'ambiente, sviluppi generali, cambiamenti nella base legale o le nostre stesse scoperte. Non tutto quello che facciamo oggi pu\u00f2 essere attribuito uno a uno solo al BBP. Ma l'etichetta BBP ci ha sostenuto in ogni caso e ci ha reso consapevoli di certe cose.<\/p>\n<p><strong>In che modo il BBP ha influenzato la politica dei rischi?<\/strong><\/p>\n<p>&nbsp;<\/p>\n<p><em><strong>Yvonne Hunkeler e Norbert Schmassmann sono d'accordo:<\/strong><\/em> Il compito di Risk Manager \u00e8 affidato a un membro del Consiglio di amministrazione designato dal Consiglio di amministrazione. Il Risk Manager prepara un rapporto annuale sui rischi - indipendentemente dal CEO - all'attenzione del Consiglio di amministrazione. Il rapporto contiene una panoramica di tutti i rischi strategici e operativi.<\/p>\n<p>&nbsp;<\/p>\n<p><em><strong>\"Il buon governo \u00e8 parte di ci\u00f2 che siamo\"<\/strong><\/em><\/p>\n<p>&nbsp;<\/p>\n<p>e fornisce informazioni sui cambiamenti nella valutazione dei vari rischi in una matrice di rischio. Questo rende pi\u00f9 facile per il consiglio di amministrazione decidere su eventuali misure di riduzione del rischio. Nel quadro della gestione dei rischi, \u00e8 stata anche creata un'organizzazione di emergenza con uno staff di emergenza. Il suo capo \u00e8 il Risk Manager. Questo ha lo scopo di assicurare che le operazioni possano continuare il pi\u00f9 agevolmente possibile in una situazione di emergenza. Per gli incidenti minori - compresi gli incidenti operativi e, purtroppo, gli incidenti minori su base quasi quotidiana - ci sono responsabilit\u00e0 ben stabilite.<\/p>\n<p><strong>E la modalit\u00e0 di sessione?<\/strong><\/p>\n<p>&nbsp;<\/p>\n<p><em><strong>Yvonne Hunkeler:<\/strong> <\/em>Il consiglio di amministrazione si riunisce da quattro a cinque volte l'anno. Il programma annuale determina quali punti dell'ordine del giorno standard sono programmati e quando, in modo che le questioni importanti non vengano dimenticate. I punti all'ordine del giorno del consiglio di amministrazione sono di natura strategica. Nell'area operativa, l'amministratore delegato ha l'obbligo di fornire informazioni verso l'alto: il Cda, e certamente il presidente del Cda, \u00e8 informato in modo proattivo e continuo su importanti transazioni o eventi aziendali. Decide caso per caso se informare l'intero CdA o se ottenere una risoluzione circolare.<\/p>\n<p><strong>Come regola la comunicazione il BBP?<\/strong><\/p>\n<p>&nbsp;<\/p>\n<p><em><strong>Yvonne Hunkeler:<\/strong><\/em> La comunicazione strategica e quella operativa devono essere chiaramente separate. In caso di crisi, \u00e8 particolarmente utile se \u00e8 chiaro chi sta comunicando cosa. In vbl, la comunicazione \u00e8 fondamentalmente la responsabilit\u00e0 del CEO, supportato dal suo responsabile della comunicazione. L'Ufficio del Presidente, invece, comunica le questioni relative al rapporto tra il Consiglio di Amministrazione e gli azionisti - la Citt\u00e0 di Lucerna.<\/p>","protected":false},"excerpt":{"rendered":"<p>&nbsp; &nbsp; &nbsp; Gem\u00e4ss dem Mitbegr\u00fcnder des Labels, Silvan Felder, unterst\u00fctzt Best Board Practice (BBP) die Sicherstellung der gesetzlichen Konformit\u00e4t, verbessert kontinuierlich die Corporate Governance, reduziert organrechtliche Verantwortlichkeitsund Haftungsfragen, schafft Transparenz und stellt die Professionalit\u00e4t der Oberleitung sicher. Welche Erfahrungen haben die vbl mit BBP gemacht? VR-Pr\u00e4sidentin Yvonne Hunkeler und CEO Dr. Norbert Schmassmann beantworten [&hellip;]<\/p>\n","protected":false},"author":66,"featured_media":12084,"comment_status":"closed","ping_status":"closed","sticky":false,"template":"","format":"standard","meta":{"_acf_changed":false,"footnotes":""},"categories":[5],"tags":[4791],"class_list":["post-12082","post","type-post","status-publish","format-standard","has-post-thumbnail","hentry","category-business_excellence","tag-11-2016"],"acf":[],"yoast_head":"<!-- This site is optimized with the Yoast SEO plugin v26.2 - https:\/\/yoast.com\/wordpress\/plugins\/seo\/ -->\n<title>\u00abCorporate Governance beginnt im Verwaltungsrat\u00bb - MQ Management und Qualit\u00e4t<\/title>\n<meta name=\"description\" content=\"Schon 2003 hat die vbl Luzern AG deshalb pionierhaft das SQS-Label \u00abBest Board Practice\u00bb evaluiert und eingef\u00fchrt. R\u00fcckblickend sagt Dr. Norbert Schmassmann, CEO der vbl Luzern: \u00abWir fahren gut damit \u2013 seit \u00fcber 10 Jahren.\u00bb\" \/>\n<meta name=\"robots\" content=\"index, follow, max-snippet:-1, max-image-preview:large, max-video-preview:-1\" \/>\n<link rel=\"canonical\" href=\"https:\/\/www.m-q.ch\/it\/la-governance-aziendale-parte-dal-consiglio-di-amministrazione\/\" \/>\n<meta property=\"og:locale\" content=\"it_IT\" \/>\n<meta property=\"og:type\" content=\"article\" \/>\n<meta property=\"og:title\" content=\"\u00abCorporate Governance beginnt im Verwaltungsrat\u00bb - MQ Management und Qualit\u00e4t\" \/>\n<meta property=\"og:description\" content=\"Schon 2003 hat die vbl Luzern AG deshalb pionierhaft das SQS-Label \u00abBest Board Practice\u00bb evaluiert und eingef\u00fchrt. R\u00fcckblickend sagt Dr. Norbert Schmassmann, CEO der vbl Luzern: \u00abWir fahren gut damit \u2013 seit \u00fcber 10 Jahren.\u00bb\" \/>\n<meta property=\"og:url\" content=\"https:\/\/www.m-q.ch\/it\/la-governance-aziendale-parte-dal-consiglio-di-amministrazione\/\" \/>\n<meta property=\"og:site_name\" content=\"MQ Management und Qualit\u00e4t\" \/>\n<meta property=\"article:publisher\" content=\"https:\/\/www.facebook.com\/ManagementUndQualitaet\" \/>\n<meta property=\"article:published_time\" content=\"2016-11-05T13:20:53+00:00\" \/>\n<meta property=\"article:modified_time\" content=\"2021-02-15T13:31:34+00:00\" \/>\n<meta property=\"og:image\" content=\"https:\/\/www.m-q.ch\/wp-content\/uploads\/2021\/02\/Corporate-Governance-beginnt-im-Verwaltungsrat.jpg\" \/>\n\t<meta property=\"og:image:width\" content=\"858\" \/>\n\t<meta property=\"og:image:height\" content=\"593\" \/>\n\t<meta property=\"og:image:type\" content=\"image\/jpeg\" \/>\n<meta name=\"author\" content=\"upwork_1\" \/>\n<meta name=\"twitter:card\" content=\"summary_large_image\" \/>\n<meta name=\"twitter:label1\" content=\"Scritto da\" \/>\n\t<meta name=\"twitter:data1\" content=\"upwork_1\" \/>\n\t<meta name=\"twitter:label2\" content=\"Tempo di lettura stimato\" \/>\n\t<meta name=\"twitter:data2\" content=\"6 minuti\" \/>\n<script type=\"application\/ld+json\" class=\"yoast-schema-graph\">{\"@context\":\"https:\/\/schema.org\",\"@graph\":[{\"@type\":\"Article\",\"@id\":\"https:\/\/www.m-q.ch\/corporate-governance-beginnt-im-verwaltungsrat\/#article\",\"isPartOf\":{\"@id\":\"https:\/\/www.m-q.ch\/corporate-governance-beginnt-im-verwaltungsrat\/\"},\"author\":{\"name\":\"upwork_1\",\"@id\":\"https:\/\/www.m-q.ch\/fr\/#\/schema\/person\/0bdf39ca27d0b9b779f5b8af54b3f7d7\"},\"headline\":\"\u00abCorporate Governance beginnt im Verwaltungsrat\u00bb\",\"datePublished\":\"2016-11-05T13:20:53+00:00\",\"dateModified\":\"2021-02-15T13:31:34+00:00\",\"mainEntityOfPage\":{\"@id\":\"https:\/\/www.m-q.ch\/corporate-governance-beginnt-im-verwaltungsrat\/\"},\"wordCount\":1141,\"publisher\":{\"@id\":\"https:\/\/www.m-q.ch\/fr\/#organization\"},\"image\":{\"@id\":\"https:\/\/www.m-q.ch\/corporate-governance-beginnt-im-verwaltungsrat\/#primaryimage\"},\"thumbnailUrl\":\"https:\/\/www.m-q.ch\/wp-content\/uploads\/2021\/02\/Corporate-Governance-beginnt-im-Verwaltungsrat.jpg\",\"keywords\":[\"11\/2016\"],\"articleSection\":[\"Business Excellence\"],\"inLanguage\":\"it-IT\"},{\"@type\":\"WebPage\",\"@id\":\"https:\/\/www.m-q.ch\/corporate-governance-beginnt-im-verwaltungsrat\/\",\"url\":\"https:\/\/www.m-q.ch\/corporate-governance-beginnt-im-verwaltungsrat\/\",\"name\":\"\u00abCorporate Governance beginnt im Verwaltungsrat\u00bb - MQ Management und Qualit\u00e4t\",\"isPartOf\":{\"@id\":\"https:\/\/www.m-q.ch\/fr\/#website\"},\"primaryImageOfPage\":{\"@id\":\"https:\/\/www.m-q.ch\/corporate-governance-beginnt-im-verwaltungsrat\/#primaryimage\"},\"image\":{\"@id\":\"https:\/\/www.m-q.ch\/corporate-governance-beginnt-im-verwaltungsrat\/#primaryimage\"},\"thumbnailUrl\":\"https:\/\/www.m-q.ch\/wp-content\/uploads\/2021\/02\/Corporate-Governance-beginnt-im-Verwaltungsrat.jpg\",\"datePublished\":\"2016-11-05T13:20:53+00:00\",\"dateModified\":\"2021-02-15T13:31:34+00:00\",\"description\":\"Schon 2003 hat die vbl Luzern AG deshalb pionierhaft das SQS-Label \u00abBest Board Practice\u00bb evaluiert und eingef\u00fchrt. R\u00fcckblickend sagt Dr. Norbert Schmassmann, CEO der vbl Luzern: \u00abWir fahren gut damit \u2013 seit \u00fcber 10 Jahren.\u00bb\",\"breadcrumb\":{\"@id\":\"https:\/\/www.m-q.ch\/corporate-governance-beginnt-im-verwaltungsrat\/#breadcrumb\"},\"inLanguage\":\"it-IT\",\"potentialAction\":[{\"@type\":\"ReadAction\",\"target\":[\"https:\/\/www.m-q.ch\/corporate-governance-beginnt-im-verwaltungsrat\/\"]}]},{\"@type\":\"ImageObject\",\"inLanguage\":\"it-IT\",\"@id\":\"https:\/\/www.m-q.ch\/corporate-governance-beginnt-im-verwaltungsrat\/#primaryimage\",\"url\":\"https:\/\/www.m-q.ch\/wp-content\/uploads\/2021\/02\/Corporate-Governance-beginnt-im-Verwaltungsrat.jpg\",\"contentUrl\":\"https:\/\/www.m-q.ch\/wp-content\/uploads\/2021\/02\/Corporate-Governance-beginnt-im-Verwaltungsrat.jpg\",\"width\":858,\"height\":593,\"caption\":\"\u00abCorporate Governance beginnt im Verwaltungsrat\u00bb\"},{\"@type\":\"BreadcrumbList\",\"@id\":\"https:\/\/www.m-q.ch\/corporate-governance-beginnt-im-verwaltungsrat\/#breadcrumb\",\"itemListElement\":[{\"@type\":\"ListItem\",\"position\":1,\"name\":\"Business Excellence\",\"item\":\"https:\/\/www.m-q.ch\/kategorie\/business_excellence\/\"},{\"@type\":\"ListItem\",\"position\":2,\"name\":\"\u00abCorporate Governance beginnt im Verwaltungsrat\u00bb\"}]},{\"@type\":\"WebSite\",\"@id\":\"https:\/\/www.m-q.ch\/fr\/#website\",\"url\":\"https:\/\/www.m-q.ch\/fr\/\",\"name\":\"MQ Management und Qualit\u00e4t\",\"description\":\"Plattform f\u00fcr integrierte Managementsysteme.\",\"publisher\":{\"@id\":\"https:\/\/www.m-q.ch\/fr\/#organization\"},\"potentialAction\":[{\"@type\":\"SearchAction\",\"target\":{\"@type\":\"EntryPoint\",\"urlTemplate\":\"https:\/\/www.m-q.ch\/fr\/?s={search_term_string}\"},\"query-input\":{\"@type\":\"PropertyValueSpecification\",\"valueRequired\":true,\"valueName\":\"search_term_string\"}}],\"inLanguage\":\"it-IT\"},{\"@type\":\"Organization\",\"@id\":\"https:\/\/www.m-q.ch\/fr\/#organization\",\"name\":\"Galledia Fachmedien AG\",\"url\":\"https:\/\/www.m-q.ch\/fr\/\",\"logo\":{\"@type\":\"ImageObject\",\"inLanguage\":\"it-IT\",\"@id\":\"https:\/\/www.m-q.ch\/fr\/#\/schema\/logo\/image\/\",\"url\":\"https:\/\/www.m-q.ch\/wp-content\/uploads\/2020\/12\/cropped-logo_small.png\",\"contentUrl\":\"https:\/\/www.m-q.ch\/wp-content\/uploads\/2020\/12\/cropped-logo_small.png\",\"width\":512,\"height\":512,\"caption\":\"Galledia Fachmedien AG\"},\"image\":{\"@id\":\"https:\/\/www.m-q.ch\/fr\/#\/schema\/logo\/image\/\"},\"sameAs\":[\"https:\/\/www.facebook.com\/ManagementUndQualitaet\",\"https:\/\/www.linkedin.com\/showcase\/17982321\/admin\/\"]},{\"@type\":\"Person\",\"@id\":\"https:\/\/www.m-q.ch\/fr\/#\/schema\/person\/0bdf39ca27d0b9b779f5b8af54b3f7d7\",\"name\":\"upwork_1\",\"image\":{\"@type\":\"ImageObject\",\"inLanguage\":\"it-IT\",\"@id\":\"https:\/\/www.m-q.ch\/fr\/#\/schema\/person\/image\/\",\"url\":\"https:\/\/secure.gravatar.com\/avatar\/04d4d0fdc5886d535809f17d0eace7f6?s=96&d=mm&r=g\",\"contentUrl\":\"https:\/\/secure.gravatar.com\/avatar\/04d4d0fdc5886d535809f17d0eace7f6?s=96&d=mm&r=g\",\"caption\":\"upwork_1\"},\"url\":\"https:\/\/www.m-q.ch\/it\/author\/upwork_1\/\"}]}<\/script>\n<!-- \/ Yoast SEO plugin. -->","yoast_head_json":{"title":"\"La governance aziendale inizia con il consiglio di amministrazione\" - MQ Management und Qualit\u00e4t","description":"Gi\u00e0 nel 2003 la vbl Luzern AG \u00e8 stata quindi pioniera nella valutazione e nell'introduzione del marchio \"Best Board Practice\" di SQS. Guardando indietro, il Dr. Norbert Schmassmann, CEO di vbl Luzern, dice: \"Ce la siamo cavata bene - per oltre 10 anni\".","robots":{"index":"index","follow":"follow","max-snippet":"max-snippet:-1","max-image-preview":"max-image-preview:large","max-video-preview":"max-video-preview:-1"},"canonical":"https:\/\/www.m-q.ch\/it\/la-governance-aziendale-parte-dal-consiglio-di-amministrazione\/","og_locale":"it_IT","og_type":"article","og_title":"\u00abCorporate Governance beginnt im Verwaltungsrat\u00bb - MQ Management und Qualit\u00e4t","og_description":"Schon 2003 hat die vbl Luzern AG deshalb pionierhaft das SQS-Label \u00abBest Board Practice\u00bb evaluiert und eingef\u00fchrt. R\u00fcckblickend sagt Dr. Norbert Schmassmann, CEO der vbl Luzern: \u00abWir fahren gut damit \u2013 seit \u00fcber 10 Jahren.\u00bb","og_url":"https:\/\/www.m-q.ch\/it\/la-governance-aziendale-parte-dal-consiglio-di-amministrazione\/","og_site_name":"MQ Management und Qualit\u00e4t","article_publisher":"https:\/\/www.facebook.com\/ManagementUndQualitaet","article_published_time":"2016-11-05T13:20:53+00:00","article_modified_time":"2021-02-15T13:31:34+00:00","og_image":[{"width":858,"height":593,"url":"https:\/\/www.m-q.ch\/wp-content\/uploads\/2021\/02\/Corporate-Governance-beginnt-im-Verwaltungsrat.jpg","type":"image\/jpeg"}],"author":"upwork_1","twitter_card":"summary_large_image","twitter_misc":{"Scritto da":"upwork_1","Tempo di lettura stimato":"6 minuti"},"schema":{"@context":"https:\/\/schema.org","@graph":[{"@type":"Article","@id":"https:\/\/www.m-q.ch\/corporate-governance-beginnt-im-verwaltungsrat\/#article","isPartOf":{"@id":"https:\/\/www.m-q.ch\/corporate-governance-beginnt-im-verwaltungsrat\/"},"author":{"name":"upwork_1","@id":"https:\/\/www.m-q.ch\/fr\/#\/schema\/person\/0bdf39ca27d0b9b779f5b8af54b3f7d7"},"headline":"\u00abCorporate Governance beginnt im Verwaltungsrat\u00bb","datePublished":"2016-11-05T13:20:53+00:00","dateModified":"2021-02-15T13:31:34+00:00","mainEntityOfPage":{"@id":"https:\/\/www.m-q.ch\/corporate-governance-beginnt-im-verwaltungsrat\/"},"wordCount":1141,"publisher":{"@id":"https:\/\/www.m-q.ch\/fr\/#organization"},"image":{"@id":"https:\/\/www.m-q.ch\/corporate-governance-beginnt-im-verwaltungsrat\/#primaryimage"},"thumbnailUrl":"https:\/\/www.m-q.ch\/wp-content\/uploads\/2021\/02\/Corporate-Governance-beginnt-im-Verwaltungsrat.jpg","keywords":["11\/2016"],"articleSection":["Business Excellence"],"inLanguage":"it-IT"},{"@type":"WebPage","@id":"https:\/\/www.m-q.ch\/corporate-governance-beginnt-im-verwaltungsrat\/","url":"https:\/\/www.m-q.ch\/corporate-governance-beginnt-im-verwaltungsrat\/","name":"\"La governance aziendale inizia con il consiglio di amministrazione\" - MQ Management und Qualit\u00e4t","isPartOf":{"@id":"https:\/\/www.m-q.ch\/fr\/#website"},"primaryImageOfPage":{"@id":"https:\/\/www.m-q.ch\/corporate-governance-beginnt-im-verwaltungsrat\/#primaryimage"},"image":{"@id":"https:\/\/www.m-q.ch\/corporate-governance-beginnt-im-verwaltungsrat\/#primaryimage"},"thumbnailUrl":"https:\/\/www.m-q.ch\/wp-content\/uploads\/2021\/02\/Corporate-Governance-beginnt-im-Verwaltungsrat.jpg","datePublished":"2016-11-05T13:20:53+00:00","dateModified":"2021-02-15T13:31:34+00:00","description":"Gi\u00e0 nel 2003 la vbl Luzern AG \u00e8 stata quindi pioniera nella valutazione e nell'introduzione del marchio \"Best Board Practice\" di SQS. Guardando indietro, il Dr. Norbert Schmassmann, CEO di vbl Luzern, dice: \"Ce la siamo cavata bene - per oltre 10 anni\".","breadcrumb":{"@id":"https:\/\/www.m-q.ch\/corporate-governance-beginnt-im-verwaltungsrat\/#breadcrumb"},"inLanguage":"it-IT","potentialAction":[{"@type":"ReadAction","target":["https:\/\/www.m-q.ch\/corporate-governance-beginnt-im-verwaltungsrat\/"]}]},{"@type":"ImageObject","inLanguage":"it-IT","@id":"https:\/\/www.m-q.ch\/corporate-governance-beginnt-im-verwaltungsrat\/#primaryimage","url":"https:\/\/www.m-q.ch\/wp-content\/uploads\/2021\/02\/Corporate-Governance-beginnt-im-Verwaltungsrat.jpg","contentUrl":"https:\/\/www.m-q.ch\/wp-content\/uploads\/2021\/02\/Corporate-Governance-beginnt-im-Verwaltungsrat.jpg","width":858,"height":593,"caption":"\u00abCorporate Governance beginnt im Verwaltungsrat\u00bb"},{"@type":"BreadcrumbList","@id":"https:\/\/www.m-q.ch\/corporate-governance-beginnt-im-verwaltungsrat\/#breadcrumb","itemListElement":[{"@type":"ListItem","position":1,"name":"Business Excellence","item":"https:\/\/www.m-q.ch\/kategorie\/business_excellence\/"},{"@type":"ListItem","position":2,"name":"\u00abCorporate Governance beginnt im Verwaltungsrat\u00bb"}]},{"@type":"WebSite","@id":"https:\/\/www.m-q.ch\/fr\/#website","url":"https:\/\/www.m-q.ch\/fr\/","name":"Gestione e qualit\u00e0 MQ","description":"Piattaforma per sistemi di gestione integrati.","publisher":{"@id":"https:\/\/www.m-q.ch\/fr\/#organization"},"potentialAction":[{"@type":"SearchAction","target":{"@type":"EntryPoint","urlTemplate":"https:\/\/www.m-q.ch\/fr\/?s={search_term_string}"},"query-input":{"@type":"PropertyValueSpecification","valueRequired":true,"valueName":"search_term_string"}}],"inLanguage":"it-IT"},{"@type":"Organization","@id":"https:\/\/www.m-q.ch\/fr\/#organization","name":"Galledia Fachmedien AG","url":"https:\/\/www.m-q.ch\/fr\/","logo":{"@type":"ImageObject","inLanguage":"it-IT","@id":"https:\/\/www.m-q.ch\/fr\/#\/schema\/logo\/image\/","url":"https:\/\/www.m-q.ch\/wp-content\/uploads\/2020\/12\/cropped-logo_small.png","contentUrl":"https:\/\/www.m-q.ch\/wp-content\/uploads\/2020\/12\/cropped-logo_small.png","width":512,"height":512,"caption":"Galledia Fachmedien AG"},"image":{"@id":"https:\/\/www.m-q.ch\/fr\/#\/schema\/logo\/image\/"},"sameAs":["https:\/\/www.facebook.com\/ManagementUndQualitaet","https:\/\/www.linkedin.com\/showcase\/17982321\/admin\/"]},{"@type":"Person","@id":"https:\/\/www.m-q.ch\/fr\/#\/schema\/person\/0bdf39ca27d0b9b779f5b8af54b3f7d7","name":"upwork_1","image":{"@type":"ImageObject","inLanguage":"it-IT","@id":"https:\/\/www.m-q.ch\/fr\/#\/schema\/person\/image\/","url":"https:\/\/secure.gravatar.com\/avatar\/04d4d0fdc5886d535809f17d0eace7f6?s=96&d=mm&r=g","contentUrl":"https:\/\/secure.gravatar.com\/avatar\/04d4d0fdc5886d535809f17d0eace7f6?s=96&d=mm&r=g","caption":"upwork_1"},"url":"https:\/\/www.m-q.ch\/it\/author\/upwork_1\/"}]}},"_links":{"self":[{"href":"https:\/\/www.m-q.ch\/it\/wp-json\/wp\/v2\/posts\/12082","targetHints":{"allow":["GET"]}}],"collection":[{"href":"https:\/\/www.m-q.ch\/it\/wp-json\/wp\/v2\/posts"}],"about":[{"href":"https:\/\/www.m-q.ch\/it\/wp-json\/wp\/v2\/types\/post"}],"author":[{"embeddable":true,"href":"https:\/\/www.m-q.ch\/it\/wp-json\/wp\/v2\/users\/66"}],"replies":[{"embeddable":true,"href":"https:\/\/www.m-q.ch\/it\/wp-json\/wp\/v2\/comments?post=12082"}],"version-history":[{"count":1,"href":"https:\/\/www.m-q.ch\/it\/wp-json\/wp\/v2\/posts\/12082\/revisions"}],"predecessor-version":[{"id":12089,"href":"https:\/\/www.m-q.ch\/it\/wp-json\/wp\/v2\/posts\/12082\/revisions\/12089"}],"wp:featuredmedia":[{"embeddable":true,"href":"https:\/\/www.m-q.ch\/it\/wp-json\/wp\/v2\/media\/12084"}],"wp:attachment":[{"href":"https:\/\/www.m-q.ch\/it\/wp-json\/wp\/v2\/media?parent=12082"}],"wp:term":[{"taxonomy":"category","embeddable":true,"href":"https:\/\/www.m-q.ch\/it\/wp-json\/wp\/v2\/categories?post=12082"},{"taxonomy":"post_tag","embeddable":true,"href":"https:\/\/www.m-q.ch\/it\/wp-json\/wp\/v2\/tags?post=12082"}],"curies":[{"name":"wp","href":"https:\/\/api.w.org\/{rel}","templated":true}]}}