{"id":12099,"date":"2016-11-09T14:43:52","date_gmt":"2016-11-09T13:43:52","guid":{"rendered":"https:\/\/www.m-q.ch\/?p=12099"},"modified":"2021-02-15T14:56:39","modified_gmt":"2021-02-15T13:56:39","slug":"vale-la-pena-in-ogni-caso","status":"publish","type":"post","link":"https:\/\/www.m-q.ch\/it\/lohnt-sich-in-jedem-fall\/","title":{"rendered":"\"Ne vale la pena in ogni caso\""},"content":{"rendered":"<p><img loading=\"lazy\" decoding=\"async\" class=\"alignnone size-full wp-image-12101\" src=\"https:\/\/www.m-q.ch\/wp-content\/uploads\/2021\/02\/Lohnt-sich-in-jedem-Fall.jpg\" alt=\"&quot;Ne vale la pena in ogni caso&quot;\" width=\"855\" height=\"652\" srcset=\"https:\/\/www.m-q.ch\/wp-content\/uploads\/2021\/02\/Lohnt-sich-in-jedem-Fall.jpg 855w, https:\/\/www.m-q.ch\/wp-content\/uploads\/2021\/02\/Lohnt-sich-in-jedem-Fall-768x586.jpg 768w, https:\/\/www.m-q.ch\/wp-content\/uploads\/2021\/02\/Lohnt-sich-in-jedem-Fall-16x12.jpg 16w, https:\/\/www.m-q.ch\/wp-content\/uploads\/2021\/02\/Lohnt-sich-in-jedem-Fall-229x175.jpg 229w, https:\/\/www.m-q.ch\/wp-content\/uploads\/2021\/02\/Lohnt-sich-in-jedem-Fall-459x350.jpg 459w, https:\/\/www.m-q.ch\/wp-content\/uploads\/2021\/02\/Lohnt-sich-in-jedem-Fall-300x229.jpg 300w\" sizes=\"auto, (max-width: 855px) 100vw, 855px\" \/><\/p>\n<p>&nbsp;<\/p>\n<p>&nbsp;<\/p>\n<p>&nbsp;<\/p>\n<p><em><strong>S<\/strong><\/em>t \u00e8 un cosiddetto \"fattore morbido\": La responsabilit\u00e0 sociale ed ecologica di un'azienda. Di conseguenza, coloro che in definitiva esigono una quantit\u00e0 monetaria o altrimenti misurabile dietro ogni cosa e tutto, hanno difficolt\u00e0 con questo termine. Ma la responsabilit\u00e0 sociale delle imprese sta diventando sempre pi\u00f9 un importante fattore di successo per le aziende, come apprendiamo in un'intervista con il Prof. Dr. J\u00fcrg Krummenacher. \u00c8 docente presso l'Istituto di Economia Aziendale e Regionale IBR dell'Universit\u00e0 di Scienze Applicate e Arti di Lucerna, dove dirige il Centro di Competenza di Management Pubblico e Nonprofit. Come responsabile del corso di Corporate Social Responsibility del CAS, si occupa intensamente delle questioni pratiche relative a questo tema.<\/p>\n<p><strong>Anche se esiste uno standard o una linea guida ISO 26000 sulla responsabilit\u00e0 sociale delle imprese, questo standard non pu\u00f2 essere certificato. Quindi fino a che punto la RSI \u00e8 solo \"bello da avere\"? O qual \u00e8 la rilevanza della RSI per le aziende?<\/strong><\/p>\n<p>&nbsp;<\/p>\n<p>J\u00fcrg Krummenacher: Le questioni relative alla responsabilit\u00e0 sociale della gestione aziendale sono diventate sempre pi\u00f9 importanti. Per esempio, sempre pi\u00f9 consumatori prestano attenzione al fatto che le aziende da cui acquistano agiscono in modo socialmente responsabile e offrono prodotti fabbricati in modo ecologico. Garantire questo fa parte della governance aziendale responsabile oggi.<\/p>\n<p><strong>Che forma pu\u00f2 assumere questa responsabilit\u00e0 sociale d'impresa per una PMI, per esempio?<\/strong><\/p>\n<p>&nbsp;<\/p>\n<p>Per me, la RSI inizia nell'azienda. Si tratta di prendersi cura dei dipendenti, di offrire condizioni di lavoro eque e di permettere un buon equilibrio tra lavoro e vita privata. Per me, la possibilit\u00e0 di lavorare a tempo parziale \u00e8 anche parte di questo, cos\u00ec come il sostegno ai dipendenti che sono coinvolti in attivit\u00e0 di volontariato. Molto di questo \u00e8 spesso dimenticato, ma fa parte della gestione aziendale socialmente responsabile. Ma include anche l'uso attento delle risorse e una catena di approvvigionamento ecologicamente compatibile. Inoltre, le aziende possono anche impegnarsi attivamente nel volontariato, per esempio mettendo a disposizione giorni lavorativi per il volontariato, organizzando le proprie giornate d'azione, per esempio campagne a favore dell'ambiente, o sostenendo istituzioni sociali attraverso donazioni. Assegnare contratti a laboratori per disabili \u00e8 un altro modo di dimostrare attivamente la responsabilit\u00e0 sociale. Come potete vedere: Ci sono molte forme diverse.<\/p>\n<p><strong>Come lo vedete in pratica? Le aziende svizzere sono sulla buona strada in questo senso?<\/strong><\/p>\n<p>&nbsp;<\/p>\n<p>Nel mio ambiente, noto che la consapevolezza della responsabilit\u00e0 sociale \u00e8 cresciuta. Nel cantone di Lucerna, per esempio, c'\u00e8 una rete separata chiamata \"Aziende con responsabilit\u00e0\". Lo ammetto: C'\u00e8 spazio per altro. Ma nel complesso, c'\u00e8 un grande interesse per le attivit\u00e0 di RSI.<\/p>\n<p>&nbsp;<\/p>\n<p><strong>Non \u00e8 forse vero che le aziende vogliono vedere un ritorno sugli investimenti ovunque, anche nelle loro attivit\u00e0 sociali? In altre parole:<\/strong><\/p>\n<p><strong>La RSI vale la pena, e se s\u00ec, come?<\/strong><\/p>\n<p>&nbsp;<\/p>\n<p>La responsabilit\u00e0 sociale delle imprese paga in ogni caso. Prendiamo l'esempio della riduzione del consumo di elettricit\u00e0. Questo ha un impatto monetario diretto. O una buona atmosfera di lavoro: c'\u00e8 meno assenteismo, si hanno dipendenti complessivamente pi\u00f9 sani. E il turnover del personale diminuisce. Se riesci a trasmettere un'immagine positiva, sei considerato un datore di lavoro attraente. Tutto questo diventer\u00e0 sempre pi\u00f9 importante in futuro.<\/p>\n<p><strong>Ma l'impatto pu\u00f2 essere quantificato?<\/strong><\/p>\n<p>&nbsp;<\/p>\n<p>Abbastanza. Swisscom, per esempio, offre ai suoi clienti un nuovo box TV che consuma il 40% in meno di elettricit\u00e0 rispetto alla vecchia versione. L'azienda dimostra cos\u00ec di assumersi una responsabilit\u00e0 ecologica che pu\u00f2 anche essere misurata.<\/p>\n<p><strong>L'Universit\u00e0 di Scienze Applicate e Arti di Lucerna offre ora un CAS Corporate Social Responsibility. Quali sono i capisaldi principali?<\/strong><\/p>\n<p>&nbsp;<\/p>\n<p>Il nostro CAS ha ora molto successo; 23 persone vi partecipano attualmente. Possiamo quasi parlare di una sorta di \"modello Lucerna\", perch\u00e9 solo la ZHAW offre un CAS comparabile al nostro. Tuttavia, questo \u00e8 orientato pi\u00f9 verso la gestione sociale. Nel nostro CAS di Lucerna, diamo importanza a trasmettere che la RSI fa parte del compito di gestione e come tale non pu\u00f2 essere delegata. La sostenibilit\u00e0 ecologica \u00e8 trattata alla stessa stregua della responsabilit\u00e0 sociale. Inoltre, vengono esaminati anche gli aspetti della sostenibilit\u00e0 economica. Oltre ai docenti di vari dipartimenti dell'Universit\u00e0 di Scienze Applicate e Arti di Lucerna, i relatori provengono tutti dal settore privato o da organizzazioni governative e non profit.<\/p>\n<p><strong>Come parte del compito di gestione: come si pu\u00f2 integrare la RSI nei sistemi di gestione?<\/strong><\/p>\n<p>&nbsp;<\/p>\n<p>Prima di tutto, la responsabilit\u00e0 sociale deve essere affrontata in modo strategico. Questo significa che il primo passo \u00e8 quello di analizzare dove si trova un'azienda e di identificare le opportunit\u00e0 e i rischi. Da questo, la strategia di RSI deve poi essere sviluppata, separatamente o come parte della strategia aziendale complessiva. Anche il monitoraggio \u00e8 sempre importante.<\/p>\n<p><strong>Spesso si sviluppano bei concetti, ma poi spariscono da qualche parte in un cassetto. Come lo sperimentate nel vostro campo? \u00c8 questo il caso?<\/strong><\/p>\n<p>&nbsp;<\/p>\n<p>Vediamo che le aziende che praticano la RSI lavorano molto consapevolmente con essa. Sono riportate anche le cifre chiave monetarie.<\/p>\n<p><strong>Che ruolo hanno standard come ISO 26000 o SA8000?<\/strong><\/p>\n<p>&nbsp;<\/p>\n<p>Naturalmente, anche questi vengono insegnati nella nostra azienda. SA8000 \u00e8 uno standard internazionale per le condizioni di lavoro, definito dall'ILO (International Labour Organization). Anche le linee guida del Global Compact delle Nazioni Unite sono importanti per noi e vengono anche istruite. Tuttavia, spetta all'azienda decidere quali standard seguire.<\/p>\n<p>&nbsp;<\/p>\n<p><em><strong>Nel complesso, l'interesse per le attivit\u00e0 di RSI \u00e8 alto.<\/strong><\/em><\/p>\n<p><strong>Come vede il carattere vincolante del seguire tali norme? Il principio di volontariet\u00e0 \u00e8 un mezzo adeguato o \u00e8 ancora necessaria una certa pressione normativa?<\/strong><\/p>\n<p>&nbsp;<\/p>\n<p>In linea di principio, penso che l'azione volontaria sia una buona cosa. Purtroppo, ci sono pecore nere ovunque; penso, per esempio, all'industria delle materie prime. La questione di quale forma di responsabilit\u00e0 debba assumere in caso di un danno ambientale massiccio \u00e8 controversa. Anche la Svizzera, come importante centro del commercio delle materie prime, ha una responsabilit\u00e0 in questo senso. Questo \u00e8 anche il motivo dell'iniziativa popolare \"Per aziende responsabili - per proteggere le persone e l'ambiente\", che probabilmente potremo votare tra uno o due anni.<\/p>\n<p><strong>A parte quello che accadrebbe se questa iniziativa fosse adottata: Come possono le aziende \"imparare\" la RSI? Cosa pu\u00f2 davvero insegnare un CAS come quello dell'HSLU?<\/strong><\/p>\n<p>&nbsp;<\/p>\n<p>Il vantaggio del nostro CAS \u00e8 che fornisce una panoramica completa degli strumenti della RSI, e d\u00e0 anche ai partecipanti l'opportunit\u00e0 di riflettere sul proprio comportamento. Stiamo eseguendo il CAS per la quarta volta. La risposta degli ambienti aziendali \u00e8 stata estremamente positiva; 80 diplomati hanno gi\u00e0 completato il corso.<\/p>\n<p><strong>Tuttavia, questa cifra mi sembra piuttosto bassa se si considerano le oltre 500.000 PMI in Svizzera.<\/strong><\/p>\n<p>&nbsp;<\/p>\n<p>Beh, i requisiti per il CAS sono anche abbastanza alti. Questo \u00e8 un po' limitante. Bisogna anche vedere che le persone delle grandi organizzazioni tendono a seguire questo corso, meno quelle delle piccole aziende. Inoltre, ci sono altri approcci alla RSI, tra cui la formazione sul lavoro. In generale, per\u00f2, noto che la richiesta di questo argomento \u00e8 in aumento.<\/p>","protected":false},"excerpt":{"rendered":"<p>&nbsp; &nbsp; &nbsp; Sie ist ein sogenannt \u00abweicher Faktor\u00bb: Die soziale und \u00f6kologische Verantwortung eines Unternehmens. Entsprechend schwer mit diesem Begriff tun sich jene, die hinter allem und jedem letztlich eine monet\u00e4re oder anderweitig messbare Gr\u00f6sse verlangen. Doch Corporate Social Responsibility wird immer mehr zu einem wichtigen Erfolgsfaktor f\u00fcr Unternehmen, wie wir im Gespr\u00e4ch mit [&hellip;]<\/p>\n","protected":false},"author":66,"featured_media":12101,"comment_status":"closed","ping_status":"closed","sticky":false,"template":"","format":"standard","meta":{"_acf_changed":false,"footnotes":""},"categories":[5],"tags":[4791],"class_list":["post-12099","post","type-post","status-publish","format-standard","has-post-thumbnail","hentry","category-business_excellence","tag-11-2016"],"acf":[],"yoast_head":"<!-- This site is optimized with the Yoast SEO plugin v26.2 - https:\/\/yoast.com\/wordpress\/plugins\/seo\/ -->\n<title>\u00abLohnt sich in jedem Fall\u00bb - MQ Management und Qualit\u00e4t<\/title>\n<meta name=\"description\" content=\"Nehmen Unternehmen ihre soziale Verantwortung gen\u00fcgend wahr? Oder sind die unz\u00e4hligen Bekenntnisse zu Nachhaltigkeit und \u00d6kologie nur Staffage f\u00fcr ein positives Image? Dass Corporate Social Responsibility heute Teil einer Unternehmensstrategie sein muss, ist f\u00fcr viele noch nicht selbstverst\u00e4ndlich \u2013 aber f\u00fcr immer mehr\" \/>\n<meta name=\"robots\" content=\"index, follow, max-snippet:-1, max-image-preview:large, max-video-preview:-1\" \/>\n<link rel=\"canonical\" href=\"https:\/\/www.m-q.ch\/it\/vale-la-pena-in-ogni-caso\/\" \/>\n<meta property=\"og:locale\" content=\"it_IT\" \/>\n<meta property=\"og:type\" content=\"article\" \/>\n<meta property=\"og:title\" content=\"\u00abLohnt sich in jedem Fall\u00bb - MQ Management und Qualit\u00e4t\" \/>\n<meta property=\"og:description\" content=\"Nehmen Unternehmen ihre soziale Verantwortung gen\u00fcgend wahr? Oder sind die unz\u00e4hligen Bekenntnisse zu Nachhaltigkeit und \u00d6kologie nur Staffage f\u00fcr ein positives Image? Dass Corporate Social Responsibility heute Teil einer Unternehmensstrategie sein muss, ist f\u00fcr viele noch nicht selbstverst\u00e4ndlich \u2013 aber f\u00fcr immer mehr\" \/>\n<meta property=\"og:url\" content=\"https:\/\/www.m-q.ch\/it\/vale-la-pena-in-ogni-caso\/\" \/>\n<meta property=\"og:site_name\" content=\"MQ Management und Qualit\u00e4t\" \/>\n<meta property=\"article:publisher\" content=\"https:\/\/www.facebook.com\/ManagementUndQualitaet\" \/>\n<meta property=\"article:published_time\" content=\"2016-11-09T13:43:52+00:00\" \/>\n<meta property=\"article:modified_time\" content=\"2021-02-15T13:56:39+00:00\" \/>\n<meta property=\"og:image\" content=\"https:\/\/www.m-q.ch\/wp-content\/uploads\/2021\/02\/Lohnt-sich-in-jedem-Fall.jpg\" \/>\n\t<meta property=\"og:image:width\" content=\"855\" \/>\n\t<meta property=\"og:image:height\" content=\"652\" \/>\n\t<meta property=\"og:image:type\" content=\"image\/jpeg\" \/>\n<meta name=\"author\" content=\"upwork_1\" \/>\n<meta name=\"twitter:card\" content=\"summary_large_image\" \/>\n<meta name=\"twitter:label1\" content=\"Scritto da\" \/>\n\t<meta name=\"twitter:data1\" content=\"upwork_1\" \/>\n\t<meta name=\"twitter:label2\" content=\"Tempo di lettura stimato\" \/>\n\t<meta name=\"twitter:data2\" content=\"6 minuti\" \/>\n<script type=\"application\/ld+json\" class=\"yoast-schema-graph\">{\"@context\":\"https:\/\/schema.org\",\"@graph\":[{\"@type\":\"Article\",\"@id\":\"https:\/\/www.m-q.ch\/lohnt-sich-in-jedem-fall\/#article\",\"isPartOf\":{\"@id\":\"https:\/\/www.m-q.ch\/lohnt-sich-in-jedem-fall\/\"},\"author\":{\"name\":\"upwork_1\",\"@id\":\"https:\/\/www.m-q.ch\/fr\/#\/schema\/person\/0bdf39ca27d0b9b779f5b8af54b3f7d7\"},\"headline\":\"\u00abLohnt sich in jedem Fall\u00bb\",\"datePublished\":\"2016-11-09T13:43:52+00:00\",\"dateModified\":\"2021-02-15T13:56:39+00:00\",\"mainEntityOfPage\":{\"@id\":\"https:\/\/www.m-q.ch\/lohnt-sich-in-jedem-fall\/\"},\"wordCount\":1113,\"publisher\":{\"@id\":\"https:\/\/www.m-q.ch\/fr\/#organization\"},\"image\":{\"@id\":\"https:\/\/www.m-q.ch\/lohnt-sich-in-jedem-fall\/#primaryimage\"},\"thumbnailUrl\":\"https:\/\/www.m-q.ch\/wp-content\/uploads\/2021\/02\/Lohnt-sich-in-jedem-Fall.jpg\",\"keywords\":[\"11\/2016\"],\"articleSection\":[\"Business Excellence\"],\"inLanguage\":\"it-IT\"},{\"@type\":\"WebPage\",\"@id\":\"https:\/\/www.m-q.ch\/lohnt-sich-in-jedem-fall\/\",\"url\":\"https:\/\/www.m-q.ch\/lohnt-sich-in-jedem-fall\/\",\"name\":\"\u00abLohnt sich in jedem Fall\u00bb - MQ Management und Qualit\u00e4t\",\"isPartOf\":{\"@id\":\"https:\/\/www.m-q.ch\/fr\/#website\"},\"primaryImageOfPage\":{\"@id\":\"https:\/\/www.m-q.ch\/lohnt-sich-in-jedem-fall\/#primaryimage\"},\"image\":{\"@id\":\"https:\/\/www.m-q.ch\/lohnt-sich-in-jedem-fall\/#primaryimage\"},\"thumbnailUrl\":\"https:\/\/www.m-q.ch\/wp-content\/uploads\/2021\/02\/Lohnt-sich-in-jedem-Fall.jpg\",\"datePublished\":\"2016-11-09T13:43:52+00:00\",\"dateModified\":\"2021-02-15T13:56:39+00:00\",\"description\":\"Nehmen Unternehmen ihre soziale Verantwortung gen\u00fcgend wahr? Oder sind die unz\u00e4hligen Bekenntnisse zu Nachhaltigkeit und \u00d6kologie nur Staffage f\u00fcr ein positives Image? Dass Corporate Social Responsibility heute Teil einer Unternehmensstrategie sein muss, ist f\u00fcr viele noch nicht selbstverst\u00e4ndlich \u2013 aber f\u00fcr immer mehr\",\"breadcrumb\":{\"@id\":\"https:\/\/www.m-q.ch\/lohnt-sich-in-jedem-fall\/#breadcrumb\"},\"inLanguage\":\"it-IT\",\"potentialAction\":[{\"@type\":\"ReadAction\",\"target\":[\"https:\/\/www.m-q.ch\/lohnt-sich-in-jedem-fall\/\"]}]},{\"@type\":\"ImageObject\",\"inLanguage\":\"it-IT\",\"@id\":\"https:\/\/www.m-q.ch\/lohnt-sich-in-jedem-fall\/#primaryimage\",\"url\":\"https:\/\/www.m-q.ch\/wp-content\/uploads\/2021\/02\/Lohnt-sich-in-jedem-Fall.jpg\",\"contentUrl\":\"https:\/\/www.m-q.ch\/wp-content\/uploads\/2021\/02\/Lohnt-sich-in-jedem-Fall.jpg\",\"width\":855,\"height\":652,\"caption\":\"\u00abLohnt sich in jedem Fall\u00bb\"},{\"@type\":\"BreadcrumbList\",\"@id\":\"https:\/\/www.m-q.ch\/lohnt-sich-in-jedem-fall\/#breadcrumb\",\"itemListElement\":[{\"@type\":\"ListItem\",\"position\":1,\"name\":\"Business Excellence\",\"item\":\"https:\/\/www.m-q.ch\/kategorie\/business_excellence\/\"},{\"@type\":\"ListItem\",\"position\":2,\"name\":\"\u00abLohnt sich in jedem Fall\u00bb\"}]},{\"@type\":\"WebSite\",\"@id\":\"https:\/\/www.m-q.ch\/fr\/#website\",\"url\":\"https:\/\/www.m-q.ch\/fr\/\",\"name\":\"MQ Management und Qualit\u00e4t\",\"description\":\"Plattform f\u00fcr integrierte Managementsysteme.\",\"publisher\":{\"@id\":\"https:\/\/www.m-q.ch\/fr\/#organization\"},\"potentialAction\":[{\"@type\":\"SearchAction\",\"target\":{\"@type\":\"EntryPoint\",\"urlTemplate\":\"https:\/\/www.m-q.ch\/fr\/?s={search_term_string}\"},\"query-input\":{\"@type\":\"PropertyValueSpecification\",\"valueRequired\":true,\"valueName\":\"search_term_string\"}}],\"inLanguage\":\"it-IT\"},{\"@type\":\"Organization\",\"@id\":\"https:\/\/www.m-q.ch\/fr\/#organization\",\"name\":\"Galledia Fachmedien AG\",\"url\":\"https:\/\/www.m-q.ch\/fr\/\",\"logo\":{\"@type\":\"ImageObject\",\"inLanguage\":\"it-IT\",\"@id\":\"https:\/\/www.m-q.ch\/fr\/#\/schema\/logo\/image\/\",\"url\":\"https:\/\/www.m-q.ch\/wp-content\/uploads\/2020\/12\/cropped-logo_small.png\",\"contentUrl\":\"https:\/\/www.m-q.ch\/wp-content\/uploads\/2020\/12\/cropped-logo_small.png\",\"width\":512,\"height\":512,\"caption\":\"Galledia Fachmedien AG\"},\"image\":{\"@id\":\"https:\/\/www.m-q.ch\/fr\/#\/schema\/logo\/image\/\"},\"sameAs\":[\"https:\/\/www.facebook.com\/ManagementUndQualitaet\",\"https:\/\/www.linkedin.com\/showcase\/17982321\/admin\/\"]},{\"@type\":\"Person\",\"@id\":\"https:\/\/www.m-q.ch\/fr\/#\/schema\/person\/0bdf39ca27d0b9b779f5b8af54b3f7d7\",\"name\":\"upwork_1\",\"image\":{\"@type\":\"ImageObject\",\"inLanguage\":\"it-IT\",\"@id\":\"https:\/\/www.m-q.ch\/fr\/#\/schema\/person\/image\/\",\"url\":\"https:\/\/secure.gravatar.com\/avatar\/04d4d0fdc5886d535809f17d0eace7f6?s=96&d=mm&r=g\",\"contentUrl\":\"https:\/\/secure.gravatar.com\/avatar\/04d4d0fdc5886d535809f17d0eace7f6?s=96&d=mm&r=g\",\"caption\":\"upwork_1\"},\"url\":\"https:\/\/www.m-q.ch\/it\/author\/upwork_1\/\"}]}<\/script>\n<!-- \/ Yoast SEO plugin. -->","yoast_head_json":{"title":"\"Vale la pena in ogni caso\" - MQ Gestione e Qualit\u00e0","description":"Le aziende prendono abbastanza sul serio la loro responsabilit\u00e0 sociale? O gli innumerevoli impegni per la sostenibilit\u00e0 e l'ecologia sono solo una mera copertura per un'immagine positiva? Il fatto che la responsabilit\u00e0 sociale delle imprese debba essere parte di una strategia aziendale oggi non \u00e8 ancora evidente per molti - ma per sempre pi\u00f9","robots":{"index":"index","follow":"follow","max-snippet":"max-snippet:-1","max-image-preview":"max-image-preview:large","max-video-preview":"max-video-preview:-1"},"canonical":"https:\/\/www.m-q.ch\/it\/vale-la-pena-in-ogni-caso\/","og_locale":"it_IT","og_type":"article","og_title":"\u00abLohnt sich in jedem Fall\u00bb - MQ Management und Qualit\u00e4t","og_description":"Nehmen Unternehmen ihre soziale Verantwortung gen\u00fcgend wahr? Oder sind die unz\u00e4hligen Bekenntnisse zu Nachhaltigkeit und \u00d6kologie nur Staffage f\u00fcr ein positives Image? Dass Corporate Social Responsibility heute Teil einer Unternehmensstrategie sein muss, ist f\u00fcr viele noch nicht selbstverst\u00e4ndlich \u2013 aber f\u00fcr immer mehr","og_url":"https:\/\/www.m-q.ch\/it\/vale-la-pena-in-ogni-caso\/","og_site_name":"MQ Management und Qualit\u00e4t","article_publisher":"https:\/\/www.facebook.com\/ManagementUndQualitaet","article_published_time":"2016-11-09T13:43:52+00:00","article_modified_time":"2021-02-15T13:56:39+00:00","og_image":[{"width":855,"height":652,"url":"https:\/\/www.m-q.ch\/wp-content\/uploads\/2021\/02\/Lohnt-sich-in-jedem-Fall.jpg","type":"image\/jpeg"}],"author":"upwork_1","twitter_card":"summary_large_image","twitter_misc":{"Scritto da":"upwork_1","Tempo di lettura stimato":"6 minuti"},"schema":{"@context":"https:\/\/schema.org","@graph":[{"@type":"Article","@id":"https:\/\/www.m-q.ch\/lohnt-sich-in-jedem-fall\/#article","isPartOf":{"@id":"https:\/\/www.m-q.ch\/lohnt-sich-in-jedem-fall\/"},"author":{"name":"upwork_1","@id":"https:\/\/www.m-q.ch\/fr\/#\/schema\/person\/0bdf39ca27d0b9b779f5b8af54b3f7d7"},"headline":"\u00abLohnt sich in jedem Fall\u00bb","datePublished":"2016-11-09T13:43:52+00:00","dateModified":"2021-02-15T13:56:39+00:00","mainEntityOfPage":{"@id":"https:\/\/www.m-q.ch\/lohnt-sich-in-jedem-fall\/"},"wordCount":1113,"publisher":{"@id":"https:\/\/www.m-q.ch\/fr\/#organization"},"image":{"@id":"https:\/\/www.m-q.ch\/lohnt-sich-in-jedem-fall\/#primaryimage"},"thumbnailUrl":"https:\/\/www.m-q.ch\/wp-content\/uploads\/2021\/02\/Lohnt-sich-in-jedem-Fall.jpg","keywords":["11\/2016"],"articleSection":["Business Excellence"],"inLanguage":"it-IT"},{"@type":"WebPage","@id":"https:\/\/www.m-q.ch\/lohnt-sich-in-jedem-fall\/","url":"https:\/\/www.m-q.ch\/lohnt-sich-in-jedem-fall\/","name":"\"Vale la pena in ogni caso\" - MQ Gestione e Qualit\u00e0","isPartOf":{"@id":"https:\/\/www.m-q.ch\/fr\/#website"},"primaryImageOfPage":{"@id":"https:\/\/www.m-q.ch\/lohnt-sich-in-jedem-fall\/#primaryimage"},"image":{"@id":"https:\/\/www.m-q.ch\/lohnt-sich-in-jedem-fall\/#primaryimage"},"thumbnailUrl":"https:\/\/www.m-q.ch\/wp-content\/uploads\/2021\/02\/Lohnt-sich-in-jedem-Fall.jpg","datePublished":"2016-11-09T13:43:52+00:00","dateModified":"2021-02-15T13:56:39+00:00","description":"Le aziende prendono abbastanza sul serio la loro responsabilit\u00e0 sociale? O gli innumerevoli impegni per la sostenibilit\u00e0 e l'ecologia sono solo una mera copertura per un'immagine positiva? Il fatto che la responsabilit\u00e0 sociale delle imprese debba essere parte di una strategia aziendale oggi non \u00e8 ancora evidente per molti - ma per sempre pi\u00f9","breadcrumb":{"@id":"https:\/\/www.m-q.ch\/lohnt-sich-in-jedem-fall\/#breadcrumb"},"inLanguage":"it-IT","potentialAction":[{"@type":"ReadAction","target":["https:\/\/www.m-q.ch\/lohnt-sich-in-jedem-fall\/"]}]},{"@type":"ImageObject","inLanguage":"it-IT","@id":"https:\/\/www.m-q.ch\/lohnt-sich-in-jedem-fall\/#primaryimage","url":"https:\/\/www.m-q.ch\/wp-content\/uploads\/2021\/02\/Lohnt-sich-in-jedem-Fall.jpg","contentUrl":"https:\/\/www.m-q.ch\/wp-content\/uploads\/2021\/02\/Lohnt-sich-in-jedem-Fall.jpg","width":855,"height":652,"caption":"\u00abLohnt sich in jedem Fall\u00bb"},{"@type":"BreadcrumbList","@id":"https:\/\/www.m-q.ch\/lohnt-sich-in-jedem-fall\/#breadcrumb","itemListElement":[{"@type":"ListItem","position":1,"name":"Business Excellence","item":"https:\/\/www.m-q.ch\/kategorie\/business_excellence\/"},{"@type":"ListItem","position":2,"name":"\u00abLohnt sich in jedem Fall\u00bb"}]},{"@type":"WebSite","@id":"https:\/\/www.m-q.ch\/fr\/#website","url":"https:\/\/www.m-q.ch\/fr\/","name":"Gestione e qualit\u00e0 MQ","description":"Piattaforma per sistemi di gestione integrati.","publisher":{"@id":"https:\/\/www.m-q.ch\/fr\/#organization"},"potentialAction":[{"@type":"SearchAction","target":{"@type":"EntryPoint","urlTemplate":"https:\/\/www.m-q.ch\/fr\/?s={search_term_string}"},"query-input":{"@type":"PropertyValueSpecification","valueRequired":true,"valueName":"search_term_string"}}],"inLanguage":"it-IT"},{"@type":"Organization","@id":"https:\/\/www.m-q.ch\/fr\/#organization","name":"Galledia Fachmedien AG","url":"https:\/\/www.m-q.ch\/fr\/","logo":{"@type":"ImageObject","inLanguage":"it-IT","@id":"https:\/\/www.m-q.ch\/fr\/#\/schema\/logo\/image\/","url":"https:\/\/www.m-q.ch\/wp-content\/uploads\/2020\/12\/cropped-logo_small.png","contentUrl":"https:\/\/www.m-q.ch\/wp-content\/uploads\/2020\/12\/cropped-logo_small.png","width":512,"height":512,"caption":"Galledia Fachmedien AG"},"image":{"@id":"https:\/\/www.m-q.ch\/fr\/#\/schema\/logo\/image\/"},"sameAs":["https:\/\/www.facebook.com\/ManagementUndQualitaet","https:\/\/www.linkedin.com\/showcase\/17982321\/admin\/"]},{"@type":"Person","@id":"https:\/\/www.m-q.ch\/fr\/#\/schema\/person\/0bdf39ca27d0b9b779f5b8af54b3f7d7","name":"upwork_1","image":{"@type":"ImageObject","inLanguage":"it-IT","@id":"https:\/\/www.m-q.ch\/fr\/#\/schema\/person\/image\/","url":"https:\/\/secure.gravatar.com\/avatar\/04d4d0fdc5886d535809f17d0eace7f6?s=96&d=mm&r=g","contentUrl":"https:\/\/secure.gravatar.com\/avatar\/04d4d0fdc5886d535809f17d0eace7f6?s=96&d=mm&r=g","caption":"upwork_1"},"url":"https:\/\/www.m-q.ch\/it\/author\/upwork_1\/"}]}},"_links":{"self":[{"href":"https:\/\/www.m-q.ch\/it\/wp-json\/wp\/v2\/posts\/12099","targetHints":{"allow":["GET"]}}],"collection":[{"href":"https:\/\/www.m-q.ch\/it\/wp-json\/wp\/v2\/posts"}],"about":[{"href":"https:\/\/www.m-q.ch\/it\/wp-json\/wp\/v2\/types\/post"}],"author":[{"embeddable":true,"href":"https:\/\/www.m-q.ch\/it\/wp-json\/wp\/v2\/users\/66"}],"replies":[{"embeddable":true,"href":"https:\/\/www.m-q.ch\/it\/wp-json\/wp\/v2\/comments?post=12099"}],"version-history":[{"count":2,"href":"https:\/\/www.m-q.ch\/it\/wp-json\/wp\/v2\/posts\/12099\/revisions"}],"predecessor-version":[{"id":12120,"href":"https:\/\/www.m-q.ch\/it\/wp-json\/wp\/v2\/posts\/12099\/revisions\/12120"}],"wp:featuredmedia":[{"embeddable":true,"href":"https:\/\/www.m-q.ch\/it\/wp-json\/wp\/v2\/media\/12101"}],"wp:attachment":[{"href":"https:\/\/www.m-q.ch\/it\/wp-json\/wp\/v2\/media?parent=12099"}],"wp:term":[{"taxonomy":"category","embeddable":true,"href":"https:\/\/www.m-q.ch\/it\/wp-json\/wp\/v2\/categories?post=12099"},{"taxonomy":"post_tag","embeddable":true,"href":"https:\/\/www.m-q.ch\/it\/wp-json\/wp\/v2\/tags?post=12099"}],"curies":[{"name":"wp","href":"https:\/\/api.w.org\/{rel}","templated":true}]}}