{"id":12105,"date":"2016-12-17T14:47:37","date_gmt":"2016-12-17T13:47:37","guid":{"rendered":"https:\/\/www.m-q.ch\/?p=12105"},"modified":"2021-02-15T15:42:34","modified_gmt":"2021-02-15T14:42:34","slug":"limiti-e-pericoli-delle-sostanze-pericolose","status":"publish","type":"post","link":"https:\/\/www.m-q.ch\/it\/gefahrstoffe-grenzwerte-und-gefaehrdungen\/","title":{"rendered":"Sostanze pericolose, valori limite e pericoli"},"content":{"rendered":"<p><img loading=\"lazy\" decoding=\"async\" class=\"alignnone size-full wp-image-12155\" src=\"https:\/\/www.m-q.ch\/wp-content\/uploads\/2021\/02\/Gefahrstoffe-Grenzwerte-und-Gefaehrdungen.jpg\" alt=\"Sostanze pericolose, valori limite e pericoli\" width=\"857\" height=\"972\" srcset=\"https:\/\/www.m-q.ch\/wp-content\/uploads\/2021\/02\/Gefahrstoffe-Grenzwerte-und-Gefaehrdungen.jpg 857w, https:\/\/www.m-q.ch\/wp-content\/uploads\/2021\/02\/Gefahrstoffe-Grenzwerte-und-Gefaehrdungen-768x871.jpg 768w, https:\/\/www.m-q.ch\/wp-content\/uploads\/2021\/02\/Gefahrstoffe-Grenzwerte-und-Gefaehrdungen-11x12.jpg 11w, https:\/\/www.m-q.ch\/wp-content\/uploads\/2021\/02\/Gefahrstoffe-Grenzwerte-und-Gefaehrdungen-154x175.jpg 154w, https:\/\/www.m-q.ch\/wp-content\/uploads\/2021\/02\/Gefahrstoffe-Grenzwerte-und-Gefaehrdungen-309x350.jpg 309w, https:\/\/www.m-q.ch\/wp-content\/uploads\/2021\/02\/Gefahrstoffe-Grenzwerte-und-Gefaehrdungen-705x800.jpg 705w, https:\/\/www.m-q.ch\/wp-content\/uploads\/2021\/02\/Gefahrstoffe-Grenzwerte-und-Gefaehrdungen-300x340.jpg 300w\" sizes=\"auto, (max-width: 857px) 100vw, 857px\" \/><\/p>\n<p>&nbsp;<\/p>\n<p>&nbsp;<\/p>\n<p>Tra le due date c'erano 30 anni e dieci giorni: La notte del 1\u00b0 novembre 1986, l'incidente chimico \u00e8 avvenuto a Schweizerhalle; la mattina del 10 novembre 2016, i partecipanti alla 6a Giornata delle sostanze pericolose in Svizzera si sono riuniti a Opfikon. Questi due eventi sono decisamente collegati, come ha spiegato il leader della conferenza Matthias Mettke nelle sue osservazioni introduttive. L'esperto in materiali pericolosi e merci pericolose di Swiss TS ha mostrato immagini e filmati impressionanti di quel periodo e ha riassunto: \"L'incidente chimico di Schweizerhalle \u00e8 stato la nascita dell'ordinanza sugli incidenti rilevanti, che \u00e8 entrata in vigore il 1\u00b0 aprile 1991. Affinch\u00e9 queste cose non accadano pi\u00f9. \"<\/p>\n<p>&nbsp;<\/p>\n<p>Come da tradizione, Mettke ha aperto la Giornata delle sostanze pericolose in Svizzera con una panoramica dei cambiamenti pi\u00f9 importanti nella legislazione sui prodotti chimici e ha affrontato anche il campo di applicazione dell'Ordinanza sugli incidenti rilevanti e dei suoi regolamenti. Ha anche fornito informazioni compatte su REACH 2018, la prevista revisione dell'ordinanza sulle sostanze chimiche e i nuovi documenti di orientamento dell'Ufficio federale della sanit\u00e0 pubblica.<\/p>\n<p><strong>Stoccaggio di sostanze pericolose<\/strong><\/p>\n<p>&nbsp;<\/p>\n<p>La Schweizerhalle \u00e8 stata anche la causa scatenante della fondazione della societ\u00e0 madre DENIOS AG - anche con l'obiettivo di fare in modo che queste cose non accadano pi\u00f9. L'amministratore delegato Titus Zimmermann ha quindi affrontato il tema dello stoccaggio di sostanze pericolose. Ha prestato particolare attenzione alle differenze tra lo stoccaggio puro e la manipolazione di sostanze pericolose.<\/p>\n<p>&nbsp;<\/p>\n<p><em><strong>\"I valori limite cercano di trovare il punto tra innocuo e dannoso\", spiega il Prof. Michael Arand<\/strong><\/em><\/p>\n<p>&nbsp;<\/p>\n<p>con materiali pericolosi. \"Non appena un prodotto \u00e8 stato aperto, si parla di manipolazione\", ha detto Zimmermann, \"anche se dopo lo richiudiamo e lo rimettiamo nell'armadio. Se non \u00e8 pi\u00f9 nella sua confezione originale, non appartiene pi\u00f9 alla prima categoria\". Con questi aspetti in mente, Zimmermann \u00e8 entrato nel dettaglio della legislazione svizzera, sottolineando la sua struttura e le differenze rispetto ad altri paesi, e sottolineando un'ampia variet\u00e0 di punti chiave che sono essenziali da tenere a mente. Tra le altre cose, ha affrontato le linee guida per la protezione antincendio della VKF, ma anche i regolamenti riguardanti la protezione dell'ambiente e dell'acqua, nonch\u00e9 la sicurezza sul lavoro. Ha spiegato i problemi di protezione antincendio e lo stoccaggio negli edifici e all'aperto, e ha fornito esempi di liquidi infiammabili, i requisiti per altre sostanze, le distanze di protezione necessarie e i sistemi di protezione dai fulmini.<\/p>\n<p><strong>Valori limite sul posto di lavoro<\/strong><\/p>\n<p>&nbsp;<\/p>\n<p>Il modo in cui vengono definiti i valori limite spesso non \u00e8 chiaramente comprensibile. Con il Prof. Michael Arand, presidente della Commissione svizzera dei valori limite di suissepro, i partecipanti hanno conosciuto una persona responsabile di tali valori limite.<\/p>\n<p>&nbsp;<\/p>\n<p>\"I limiti cercano di trovare il punto tra innocuo e dannoso, tra troppo poco e troppo - anche tra benefico e dannoso\", ha detto Arand. \"Hanno una funzione di guardrail. L'aderenza ad essi riduce la probabilit\u00e0 di danno ad un livello accettabile. Ma non sono in grado di escludere completamente i danni legati all'esposizione alle sostanze. E sono costantemente valutati ed eventualmente riadattati sulla base di nuove scoperte scientifiche. Il senso delle proporzioni \u00e8 spesso necessario qui\". Arand ha spiegato cosa possono e non possono fare i valori limite, quali sono le conseguenze di un valore troppo alto o troppo basso, perch\u00e9 ci sono diversi valori limite e come vengono calcolati. E ha sottolineato: \"L'esistenza di valori limite non garantisce nulla. Il monitoraggio con buoni metodi di misurazione \u00e8 quindi di fondamentale importanza\".<\/p>\n<p><strong>Misure del valore MAK<\/strong><\/p>\n<p>&nbsp;<\/p>\n<p>Con questo, ha passato la palla direttamente a Manuel Calvi\u00f1o (Encoma GmbH). Il chimico qualificato ed esperto di sicurezza EKAS esegue le misurazioni del valore MAK, cio\u00e8 le misurazioni della concentrazione massima sul posto di lavoro. \"Per questo avete bisogno di igienisti industriali\", ha detto. \"Solo loro sono in grado di effettuare e valutare correttamente le misurazioni e di definire una strategia di misurazione appropriata\". Calvi\u00f1o visita ogni volta il posto di lavoro e fa un'analisi dei rischi. Ottiene una panoramica delle sostanze utilizzate e controlla per quali componenti ci sono valori limite e metodi di misurazione, nonch\u00e9 quale laboratorio pu\u00f2 effettuare un'analisi.<\/p>\n<p>&nbsp;<\/p>\n<p><em><strong>\"La misura deve essere possibile e ragionevole\", ha detto Calvi\u00f1o.<\/strong><\/em><\/p>\n<p>&nbsp;<\/p>\n<p><em><strong>\"La misurazione deve essere possibile e significativa\", dice Calvi\u00f1o.<\/strong><\/em><\/p>\n<p>&nbsp;<\/p>\n<p>Solo allora si dovrebbe sviluppare una strategia di misurazione, preparare il materiale ed effettuare la misurazione vera e propria. Una grande variet\u00e0 di parametri influenza la misurazione: la concentrazione, il tempo di esposizione, il limite di rilevamento e i valori limite. \"Ci sono varie interazioni che devono essere attentamente osservate e interpretate\", ha detto Calvi\u00f1o.<\/p>\n<p><strong>Analisi dei pericoli<\/strong><\/p>\n<p>&nbsp;<\/p>\n<p>Ralf Mengwasser, responsabile dei servizi di competenza per la sicurezza ambientale di Swiss TS, ha poi chiuso il cerchio con la sua presentazione sull'analisi dei pericoli relativi alle sostanze pericolose. Ha spiegato i sette passi essenziali di un'analisi dei pericoli e ha usato vari esempi pratici per mostrare come le sostanze pericolose sono etichettate, come entrano nel corpo, cosa possono causarvi, chi ha il dovere di impedirlo - e quali misure possono essere prese per raggiungere questo obiettivo. \"Gli incidenti non sono incidenti\", ha detto Mengwasser.<\/p>\n<p>&nbsp;<\/p>\n<p>\"Le misure tecniche sono buone, ma sono costose e possono essere manipolate. Le misure organizzative spesso non sono molto efficaci. E i dispositivi di protezione individuale devono essere solo l'ultima risorsa. Quindi: se possibile, una sostanza pericolosa dovrebbe essere sostituita da una sostanza non pericolosa. Se questo riesce, hai ottenuto il massimo e allora tutte le altre misure diventano superflue\".<\/p>\n<p>&nbsp;<\/p>\n<p>&nbsp;<\/p>\n<p>&nbsp;<\/p>","protected":false},"excerpt":{"rendered":"<p>&nbsp; &nbsp; 30 Jahre und zehn Tage lagen zwischen den beiden Daten: In der Nacht auf den 1. November 1986 ereignete sich der Chemieunfall in Schweizerhalle, am Morgen des 10. November 2016 versammelten sich die Teilnehmenden des 6. Gefahrstofftages Schweiz in Opfikon. Diese beiden Ereignisse haben durchaus einen Zusammenhang, wie Tagungsleiter Matthias Mettke einf\u00fchrend erl\u00e4uterte. [&hellip;]<\/p>\n","protected":false},"author":66,"featured_media":12155,"comment_status":"closed","ping_status":"closed","sticky":false,"template":"","format":"standard","meta":{"_acf_changed":false,"footnotes":""},"categories":[4],"tags":[4793],"class_list":["post-12105","post","type-post","status-publish","format-standard","has-post-thumbnail","hentry","category-risikomanagement","tag-12-2016"],"acf":[],"yoast_head":"<!-- This site is optimized with the Yoast SEO plugin v26.2 - https:\/\/yoast.com\/wordpress\/plugins\/seo\/ -->\n<title>Gefahrstoffe, Grenzwerte und Gef\u00e4hrdungen - MQ Management und Qualit\u00e4t<\/title>\n<meta name=\"description\" content=\"Der 6. Gefahrstofftag Schweiz der Swiss TS handeltevon den wichtigsten Neuerungen im Chemikalienrecht,der Lagerung von Gefahrstoffen, von Grenzwertenam Arbeitsplatz und MAK-Wert-Messungenbis hin zu optimierten Gef\u00e4hrdungsanalysen.\" \/>\n<meta name=\"robots\" content=\"index, follow, max-snippet:-1, max-image-preview:large, max-video-preview:-1\" \/>\n<link rel=\"canonical\" href=\"https:\/\/www.m-q.ch\/it\/limiti-e-pericoli-delle-sostanze-pericolose\/\" \/>\n<meta property=\"og:locale\" content=\"it_IT\" \/>\n<meta property=\"og:type\" content=\"article\" \/>\n<meta property=\"og:title\" content=\"Gefahrstoffe, Grenzwerte und Gef\u00e4hrdungen - MQ Management und Qualit\u00e4t\" \/>\n<meta property=\"og:description\" content=\"Der 6. Gefahrstofftag Schweiz der Swiss TS handeltevon den wichtigsten Neuerungen im Chemikalienrecht,der Lagerung von Gefahrstoffen, von Grenzwertenam Arbeitsplatz und MAK-Wert-Messungenbis hin zu optimierten Gef\u00e4hrdungsanalysen.\" \/>\n<meta property=\"og:url\" content=\"https:\/\/www.m-q.ch\/it\/limiti-e-pericoli-delle-sostanze-pericolose\/\" \/>\n<meta property=\"og:site_name\" content=\"MQ Management und Qualit\u00e4t\" \/>\n<meta property=\"article:publisher\" content=\"https:\/\/www.facebook.com\/ManagementUndQualitaet\" \/>\n<meta property=\"article:published_time\" content=\"2016-12-17T13:47:37+00:00\" \/>\n<meta property=\"article:modified_time\" content=\"2021-02-15T14:42:34+00:00\" \/>\n<meta property=\"og:image\" content=\"https:\/\/www.m-q.ch\/wp-content\/uploads\/2021\/02\/Gefahrstoffe-Grenzwerte-und-Gefaehrdungen.jpg\" \/>\n\t<meta property=\"og:image:width\" content=\"857\" \/>\n\t<meta property=\"og:image:height\" content=\"972\" \/>\n\t<meta property=\"og:image:type\" content=\"image\/jpeg\" \/>\n<meta name=\"author\" content=\"upwork_1\" \/>\n<meta name=\"twitter:card\" content=\"summary_large_image\" \/>\n<meta name=\"twitter:label1\" content=\"Scritto da\" \/>\n\t<meta name=\"twitter:data1\" content=\"upwork_1\" \/>\n\t<meta name=\"twitter:label2\" content=\"Tempo di lettura stimato\" \/>\n\t<meta name=\"twitter:data2\" content=\"4 minuti\" \/>\n<script type=\"application\/ld+json\" class=\"yoast-schema-graph\">{\"@context\":\"https:\/\/schema.org\",\"@graph\":[{\"@type\":\"Article\",\"@id\":\"https:\/\/www.m-q.ch\/gefahrstoffe-grenzwerte-und-gefaehrdungen\/#article\",\"isPartOf\":{\"@id\":\"https:\/\/www.m-q.ch\/gefahrstoffe-grenzwerte-und-gefaehrdungen\/\"},\"author\":{\"name\":\"upwork_1\",\"@id\":\"https:\/\/www.m-q.ch\/fr\/#\/schema\/person\/0bdf39ca27d0b9b779f5b8af54b3f7d7\"},\"headline\":\"Gefahrstoffe, Grenzwerte und Gef\u00e4hrdungen\",\"datePublished\":\"2016-12-17T13:47:37+00:00\",\"dateModified\":\"2021-02-15T14:42:34+00:00\",\"mainEntityOfPage\":{\"@id\":\"https:\/\/www.m-q.ch\/gefahrstoffe-grenzwerte-und-gefaehrdungen\/\"},\"wordCount\":836,\"publisher\":{\"@id\":\"https:\/\/www.m-q.ch\/fr\/#organization\"},\"image\":{\"@id\":\"https:\/\/www.m-q.ch\/gefahrstoffe-grenzwerte-und-gefaehrdungen\/#primaryimage\"},\"thumbnailUrl\":\"https:\/\/www.m-q.ch\/wp-content\/uploads\/2021\/02\/Gefahrstoffe-Grenzwerte-und-Gefaehrdungen.jpg\",\"keywords\":[\"12\/2016\"],\"articleSection\":[\"Risikomanagement\"],\"inLanguage\":\"it-IT\"},{\"@type\":\"WebPage\",\"@id\":\"https:\/\/www.m-q.ch\/gefahrstoffe-grenzwerte-und-gefaehrdungen\/\",\"url\":\"https:\/\/www.m-q.ch\/gefahrstoffe-grenzwerte-und-gefaehrdungen\/\",\"name\":\"Gefahrstoffe, Grenzwerte und Gef\u00e4hrdungen - MQ Management und Qualit\u00e4t\",\"isPartOf\":{\"@id\":\"https:\/\/www.m-q.ch\/fr\/#website\"},\"primaryImageOfPage\":{\"@id\":\"https:\/\/www.m-q.ch\/gefahrstoffe-grenzwerte-und-gefaehrdungen\/#primaryimage\"},\"image\":{\"@id\":\"https:\/\/www.m-q.ch\/gefahrstoffe-grenzwerte-und-gefaehrdungen\/#primaryimage\"},\"thumbnailUrl\":\"https:\/\/www.m-q.ch\/wp-content\/uploads\/2021\/02\/Gefahrstoffe-Grenzwerte-und-Gefaehrdungen.jpg\",\"datePublished\":\"2016-12-17T13:47:37+00:00\",\"dateModified\":\"2021-02-15T14:42:34+00:00\",\"description\":\"Der 6. Gefahrstofftag Schweiz der Swiss TS handeltevon den wichtigsten Neuerungen im Chemikalienrecht,der Lagerung von Gefahrstoffen, von Grenzwertenam Arbeitsplatz und MAK-Wert-Messungenbis hin zu optimierten Gef\u00e4hrdungsanalysen.\",\"breadcrumb\":{\"@id\":\"https:\/\/www.m-q.ch\/gefahrstoffe-grenzwerte-und-gefaehrdungen\/#breadcrumb\"},\"inLanguage\":\"it-IT\",\"potentialAction\":[{\"@type\":\"ReadAction\",\"target\":[\"https:\/\/www.m-q.ch\/gefahrstoffe-grenzwerte-und-gefaehrdungen\/\"]}]},{\"@type\":\"ImageObject\",\"inLanguage\":\"it-IT\",\"@id\":\"https:\/\/www.m-q.ch\/gefahrstoffe-grenzwerte-und-gefaehrdungen\/#primaryimage\",\"url\":\"https:\/\/www.m-q.ch\/wp-content\/uploads\/2021\/02\/Gefahrstoffe-Grenzwerte-und-Gefaehrdungen.jpg\",\"contentUrl\":\"https:\/\/www.m-q.ch\/wp-content\/uploads\/2021\/02\/Gefahrstoffe-Grenzwerte-und-Gefaehrdungen.jpg\",\"width\":857,\"height\":972,\"caption\":\"Gefahrstoffe, Grenzwerte und Gef\u00e4hrdungen\"},{\"@type\":\"BreadcrumbList\",\"@id\":\"https:\/\/www.m-q.ch\/gefahrstoffe-grenzwerte-und-gefaehrdungen\/#breadcrumb\",\"itemListElement\":[{\"@type\":\"ListItem\",\"position\":1,\"name\":\"Risikomanagement\",\"item\":\"https:\/\/www.m-q.ch\/kategorie\/risikomanagement\/\"},{\"@type\":\"ListItem\",\"position\":2,\"name\":\"Gefahrstoffe, Grenzwerte und Gef\u00e4hrdungen\"}]},{\"@type\":\"WebSite\",\"@id\":\"https:\/\/www.m-q.ch\/fr\/#website\",\"url\":\"https:\/\/www.m-q.ch\/fr\/\",\"name\":\"MQ Management und Qualit\u00e4t\",\"description\":\"Plattform f\u00fcr integrierte Managementsysteme.\",\"publisher\":{\"@id\":\"https:\/\/www.m-q.ch\/fr\/#organization\"},\"potentialAction\":[{\"@type\":\"SearchAction\",\"target\":{\"@type\":\"EntryPoint\",\"urlTemplate\":\"https:\/\/www.m-q.ch\/fr\/?s={search_term_string}\"},\"query-input\":{\"@type\":\"PropertyValueSpecification\",\"valueRequired\":true,\"valueName\":\"search_term_string\"}}],\"inLanguage\":\"it-IT\"},{\"@type\":\"Organization\",\"@id\":\"https:\/\/www.m-q.ch\/fr\/#organization\",\"name\":\"Galledia Fachmedien AG\",\"url\":\"https:\/\/www.m-q.ch\/fr\/\",\"logo\":{\"@type\":\"ImageObject\",\"inLanguage\":\"it-IT\",\"@id\":\"https:\/\/www.m-q.ch\/fr\/#\/schema\/logo\/image\/\",\"url\":\"https:\/\/www.m-q.ch\/wp-content\/uploads\/2020\/12\/cropped-logo_small.png\",\"contentUrl\":\"https:\/\/www.m-q.ch\/wp-content\/uploads\/2020\/12\/cropped-logo_small.png\",\"width\":512,\"height\":512,\"caption\":\"Galledia Fachmedien AG\"},\"image\":{\"@id\":\"https:\/\/www.m-q.ch\/fr\/#\/schema\/logo\/image\/\"},\"sameAs\":[\"https:\/\/www.facebook.com\/ManagementUndQualitaet\",\"https:\/\/www.linkedin.com\/showcase\/17982321\/admin\/\"]},{\"@type\":\"Person\",\"@id\":\"https:\/\/www.m-q.ch\/fr\/#\/schema\/person\/0bdf39ca27d0b9b779f5b8af54b3f7d7\",\"name\":\"upwork_1\",\"image\":{\"@type\":\"ImageObject\",\"inLanguage\":\"it-IT\",\"@id\":\"https:\/\/www.m-q.ch\/fr\/#\/schema\/person\/image\/\",\"url\":\"https:\/\/secure.gravatar.com\/avatar\/04d4d0fdc5886d535809f17d0eace7f6?s=96&d=mm&r=g\",\"contentUrl\":\"https:\/\/secure.gravatar.com\/avatar\/04d4d0fdc5886d535809f17d0eace7f6?s=96&d=mm&r=g\",\"caption\":\"upwork_1\"},\"url\":\"https:\/\/www.m-q.ch\/it\/author\/upwork_1\/\"}]}<\/script>\n<!-- \/ Yoast SEO plugin. -->","yoast_head_json":{"title":"Sostanze pericolose, valori limite e pericoli - MQ Gestione e qualit\u00e0","description":"La 6a Giornata delle sostanze pericolose Svizzera di Swiss TS ha trattato le pi\u00f9 importanti innovazioni della legislazione sui prodotti chimici, lo stoccaggio delle sostanze pericolose, i valori limite sul posto di lavoro e le misurazioni dei valori MAK, nonch\u00e9 le analisi ottimizzate dei pericoli.","robots":{"index":"index","follow":"follow","max-snippet":"max-snippet:-1","max-image-preview":"max-image-preview:large","max-video-preview":"max-video-preview:-1"},"canonical":"https:\/\/www.m-q.ch\/it\/limiti-e-pericoli-delle-sostanze-pericolose\/","og_locale":"it_IT","og_type":"article","og_title":"Gefahrstoffe, Grenzwerte und Gef\u00e4hrdungen - MQ Management und Qualit\u00e4t","og_description":"Der 6. Gefahrstofftag Schweiz der Swiss TS handeltevon den wichtigsten Neuerungen im Chemikalienrecht,der Lagerung von Gefahrstoffen, von Grenzwertenam Arbeitsplatz und MAK-Wert-Messungenbis hin zu optimierten Gef\u00e4hrdungsanalysen.","og_url":"https:\/\/www.m-q.ch\/it\/limiti-e-pericoli-delle-sostanze-pericolose\/","og_site_name":"MQ Management und Qualit\u00e4t","article_publisher":"https:\/\/www.facebook.com\/ManagementUndQualitaet","article_published_time":"2016-12-17T13:47:37+00:00","article_modified_time":"2021-02-15T14:42:34+00:00","og_image":[{"width":857,"height":972,"url":"https:\/\/www.m-q.ch\/wp-content\/uploads\/2021\/02\/Gefahrstoffe-Grenzwerte-und-Gefaehrdungen.jpg","type":"image\/jpeg"}],"author":"upwork_1","twitter_card":"summary_large_image","twitter_misc":{"Scritto da":"upwork_1","Tempo di lettura stimato":"4 minuti"},"schema":{"@context":"https:\/\/schema.org","@graph":[{"@type":"Article","@id":"https:\/\/www.m-q.ch\/gefahrstoffe-grenzwerte-und-gefaehrdungen\/#article","isPartOf":{"@id":"https:\/\/www.m-q.ch\/gefahrstoffe-grenzwerte-und-gefaehrdungen\/"},"author":{"name":"upwork_1","@id":"https:\/\/www.m-q.ch\/fr\/#\/schema\/person\/0bdf39ca27d0b9b779f5b8af54b3f7d7"},"headline":"Gefahrstoffe, Grenzwerte und Gef\u00e4hrdungen","datePublished":"2016-12-17T13:47:37+00:00","dateModified":"2021-02-15T14:42:34+00:00","mainEntityOfPage":{"@id":"https:\/\/www.m-q.ch\/gefahrstoffe-grenzwerte-und-gefaehrdungen\/"},"wordCount":836,"publisher":{"@id":"https:\/\/www.m-q.ch\/fr\/#organization"},"image":{"@id":"https:\/\/www.m-q.ch\/gefahrstoffe-grenzwerte-und-gefaehrdungen\/#primaryimage"},"thumbnailUrl":"https:\/\/www.m-q.ch\/wp-content\/uploads\/2021\/02\/Gefahrstoffe-Grenzwerte-und-Gefaehrdungen.jpg","keywords":["12\/2016"],"articleSection":["Risikomanagement"],"inLanguage":"it-IT"},{"@type":"WebPage","@id":"https:\/\/www.m-q.ch\/gefahrstoffe-grenzwerte-und-gefaehrdungen\/","url":"https:\/\/www.m-q.ch\/gefahrstoffe-grenzwerte-und-gefaehrdungen\/","name":"Sostanze pericolose, valori limite e pericoli - MQ Gestione e qualit\u00e0","isPartOf":{"@id":"https:\/\/www.m-q.ch\/fr\/#website"},"primaryImageOfPage":{"@id":"https:\/\/www.m-q.ch\/gefahrstoffe-grenzwerte-und-gefaehrdungen\/#primaryimage"},"image":{"@id":"https:\/\/www.m-q.ch\/gefahrstoffe-grenzwerte-und-gefaehrdungen\/#primaryimage"},"thumbnailUrl":"https:\/\/www.m-q.ch\/wp-content\/uploads\/2021\/02\/Gefahrstoffe-Grenzwerte-und-Gefaehrdungen.jpg","datePublished":"2016-12-17T13:47:37+00:00","dateModified":"2021-02-15T14:42:34+00:00","description":"La 6a Giornata delle sostanze pericolose Svizzera di Swiss TS ha trattato le pi\u00f9 importanti innovazioni della legislazione sui prodotti chimici, lo stoccaggio delle sostanze pericolose, i valori limite sul posto di lavoro e le misurazioni dei valori MAK, nonch\u00e9 le analisi ottimizzate dei pericoli.","breadcrumb":{"@id":"https:\/\/www.m-q.ch\/gefahrstoffe-grenzwerte-und-gefaehrdungen\/#breadcrumb"},"inLanguage":"it-IT","potentialAction":[{"@type":"ReadAction","target":["https:\/\/www.m-q.ch\/gefahrstoffe-grenzwerte-und-gefaehrdungen\/"]}]},{"@type":"ImageObject","inLanguage":"it-IT","@id":"https:\/\/www.m-q.ch\/gefahrstoffe-grenzwerte-und-gefaehrdungen\/#primaryimage","url":"https:\/\/www.m-q.ch\/wp-content\/uploads\/2021\/02\/Gefahrstoffe-Grenzwerte-und-Gefaehrdungen.jpg","contentUrl":"https:\/\/www.m-q.ch\/wp-content\/uploads\/2021\/02\/Gefahrstoffe-Grenzwerte-und-Gefaehrdungen.jpg","width":857,"height":972,"caption":"Gefahrstoffe, Grenzwerte und Gef\u00e4hrdungen"},{"@type":"BreadcrumbList","@id":"https:\/\/www.m-q.ch\/gefahrstoffe-grenzwerte-und-gefaehrdungen\/#breadcrumb","itemListElement":[{"@type":"ListItem","position":1,"name":"Risikomanagement","item":"https:\/\/www.m-q.ch\/kategorie\/risikomanagement\/"},{"@type":"ListItem","position":2,"name":"Gefahrstoffe, Grenzwerte und Gef\u00e4hrdungen"}]},{"@type":"WebSite","@id":"https:\/\/www.m-q.ch\/fr\/#website","url":"https:\/\/www.m-q.ch\/fr\/","name":"Gestione e qualit\u00e0 MQ","description":"Piattaforma per sistemi di gestione integrati.","publisher":{"@id":"https:\/\/www.m-q.ch\/fr\/#organization"},"potentialAction":[{"@type":"SearchAction","target":{"@type":"EntryPoint","urlTemplate":"https:\/\/www.m-q.ch\/fr\/?s={search_term_string}"},"query-input":{"@type":"PropertyValueSpecification","valueRequired":true,"valueName":"search_term_string"}}],"inLanguage":"it-IT"},{"@type":"Organization","@id":"https:\/\/www.m-q.ch\/fr\/#organization","name":"Galledia Fachmedien AG","url":"https:\/\/www.m-q.ch\/fr\/","logo":{"@type":"ImageObject","inLanguage":"it-IT","@id":"https:\/\/www.m-q.ch\/fr\/#\/schema\/logo\/image\/","url":"https:\/\/www.m-q.ch\/wp-content\/uploads\/2020\/12\/cropped-logo_small.png","contentUrl":"https:\/\/www.m-q.ch\/wp-content\/uploads\/2020\/12\/cropped-logo_small.png","width":512,"height":512,"caption":"Galledia Fachmedien AG"},"image":{"@id":"https:\/\/www.m-q.ch\/fr\/#\/schema\/logo\/image\/"},"sameAs":["https:\/\/www.facebook.com\/ManagementUndQualitaet","https:\/\/www.linkedin.com\/showcase\/17982321\/admin\/"]},{"@type":"Person","@id":"https:\/\/www.m-q.ch\/fr\/#\/schema\/person\/0bdf39ca27d0b9b779f5b8af54b3f7d7","name":"upwork_1","image":{"@type":"ImageObject","inLanguage":"it-IT","@id":"https:\/\/www.m-q.ch\/fr\/#\/schema\/person\/image\/","url":"https:\/\/secure.gravatar.com\/avatar\/04d4d0fdc5886d535809f17d0eace7f6?s=96&d=mm&r=g","contentUrl":"https:\/\/secure.gravatar.com\/avatar\/04d4d0fdc5886d535809f17d0eace7f6?s=96&d=mm&r=g","caption":"upwork_1"},"url":"https:\/\/www.m-q.ch\/it\/author\/upwork_1\/"}]}},"_links":{"self":[{"href":"https:\/\/www.m-q.ch\/it\/wp-json\/wp\/v2\/posts\/12105","targetHints":{"allow":["GET"]}}],"collection":[{"href":"https:\/\/www.m-q.ch\/it\/wp-json\/wp\/v2\/posts"}],"about":[{"href":"https:\/\/www.m-q.ch\/it\/wp-json\/wp\/v2\/types\/post"}],"author":[{"embeddable":true,"href":"https:\/\/www.m-q.ch\/it\/wp-json\/wp\/v2\/users\/66"}],"replies":[{"embeddable":true,"href":"https:\/\/www.m-q.ch\/it\/wp-json\/wp\/v2\/comments?post=12105"}],"version-history":[{"count":2,"href":"https:\/\/www.m-q.ch\/it\/wp-json\/wp\/v2\/posts\/12105\/revisions"}],"predecessor-version":[{"id":12158,"href":"https:\/\/www.m-q.ch\/it\/wp-json\/wp\/v2\/posts\/12105\/revisions\/12158"}],"wp:featuredmedia":[{"embeddable":true,"href":"https:\/\/www.m-q.ch\/it\/wp-json\/wp\/v2\/media\/12155"}],"wp:attachment":[{"href":"https:\/\/www.m-q.ch\/it\/wp-json\/wp\/v2\/media?parent=12105"}],"wp:term":[{"taxonomy":"category","embeddable":true,"href":"https:\/\/www.m-q.ch\/it\/wp-json\/wp\/v2\/categories?post=12105"},{"taxonomy":"post_tag","embeddable":true,"href":"https:\/\/www.m-q.ch\/it\/wp-json\/wp\/v2\/tags?post=12105"}],"curies":[{"name":"wp","href":"https:\/\/api.w.org\/{rel}","templated":true}]}}