{"id":12108,"date":"2016-12-23T14:47:39","date_gmt":"2016-12-23T13:47:39","guid":{"rendered":"https:\/\/www.m-q.ch\/?p=12108"},"modified":"2021-02-15T15:55:50","modified_gmt":"2021-02-15T14:55:50","slug":"il-nocciolo-della-questione-con-il-marchio-di-qualita-ecologica","status":"publish","type":"post","link":"https:\/\/www.m-q.ch\/it\/die-krux-mit-dem-oekolabel\/","title":{"rendered":"Il punto cruciale con l'etichetta ecologica"},"content":{"rendered":"<p>Naturalmente, i pezzi grossi sono gi\u00e0 stati implementati. Il fatto che la produzione funzioni con meno energia possibile \u00e8 un requisito. Il fatto che il concetto di smaltimento sia soggetto alla sostenibilit\u00e0 non \u00e8 n\u00e9 nuovo n\u00e9 volontario. Nella vita quotidiana, tuttavia, c'\u00e8 ancora del potenziale. \u00c8 qui che va applicata la leva. Perch\u00e9 l'ecologia non appartiene solo alle sale di produzione, ma anche alla routine quotidiana di tutti i processi operativi dettagliati. Solo allora si pu\u00f2 raggiungere la consapevolezza dei dipendenti e infine dei clienti.<\/p>\n<p>&nbsp;<\/p>\n<p>Hannes \u00e8 un po' in difficolt\u00e0. Si siede senza ispirazione al computer, ha aperto un documento Word, impostato i titoli e lasciato fuori lo spazio per le illustrazioni. E ora \u00e8 bloccato. Si alza, il movimento mette in moto anche il cervello. Le idee migliori spesso saltano fuori quando si passeggia nei corridoi o si sta di fronte all'oggetto. Hannes l'ha sperimentato ripetutamente.<\/p>\n<p>&nbsp;<\/p>\n<p>Gi\u00e0 nel suo ufficio comincia con le prime note. Il fatto che la funzione di standby del PC possa iniziare un po' prima, se ne \u00e8 gi\u00e0 occupato. Ma che ne dite di rendere la visualizzazione dello schermo un po' pi\u00f9 sfocata e piccola? Ci\u00f2 consentirebbe certamente di risparmiare energia. Egli nota. \u00c8 quasi certo che i panni in microfibra che vengono lasciati ad ogni postazione di lavoro per le piccole \"pulizie\" intermedie contengono molte sostanze chimiche. Quindi: \"Sostituire i panni in microfibra con panni di lana di produzione locale\".<\/p>\n<p>&nbsp;<\/p>\n<p>Hannes \u00e8 convinto che \u00e8 proprio con numerose soluzioni dettagliate che si ottiene l'effetto decisivo e si sensibilizzano i dipendenti. Il fatto che il calore di scarto del PC e della stampante possa essere usato per la macchina del caff\u00e8 ha senso - ha solo bisogno di essere implementato tecnicamente. Ma sono sicuro che si trover\u00e0 qualcuno che se ne far\u00e0 carico. I servizi igienici sono focolai di spreco energetico. Perch\u00e9 la stanza deve essere cos\u00ec illuminata? Se non lo sai a memoria, non sei abbastanza sveglio e non hai un'attivit\u00e0 in un ambiente commerciale esigente. Le lampade a risparmio energetico sono buone - ma nessuna lampada \u00e8 migliore. Inoltre, la toilette ha una finestra. Questo lascia entrare abbastanza luce. Nei mesi invernali, ricordatevi di rifare i vostri affari prima di sera, in modo che la vostra vescica possa \"resistere\" fino all'ora di chiusura.<\/p>\n<p>&nbsp;<\/p>\n<p>L'angolo del caff\u00e8 ha anche un potenziale ecologico. Le macchine da caff\u00e8 sono state messe in standby per un po' di tempo. Ma i tempi possono essere ottimizzati: Il caff\u00e8 caldo \u00e8 disponibile solo tra le nove e le dieci. Le capsule Nespresso espulse vengono bruciate in un processo veloce e il loro calore residuo viene convertito in elettricit\u00e0 per il periodo dalle undici alle dodici. \"Un'idea innovativa e visionaria\", dice Hannes con un sorriso soddisfatto.<\/p>\n<p>&nbsp;<\/p>\n<p>I giornali della mensa aziendale sono serviti al loro scopo la sera e finiscono nello smaltimento. Qui si dovrebbe considerare se e come questi chili di carta che si accumulano possono essere riutilizzati. Per esempio, come carta assorbente nel deumidificatore della sala server. Oppure piegato ad arte come cover per cellulari usa e getta, per promuovere anche la longevit\u00e0 di quei dispositivi, senza cover di plastica profano-tossiche, ma in cover protettive ecologicamente di alta qualit\u00e0.<\/p>\n<p>&nbsp;<\/p>\n<p>Hannes si mette in moto. Gli piace mettere a punto i dettagli e trovare soluzioni innovative. Annota le parole chiave e conta le idee. Tutti i prodotti della produzione dovrebbero essere contrassegnati con un punto verde, in modo che i clienti notino davvero lo sforzo. L'immaginazione di Hannes alimenta un'altra proposta innovativa: il canto degli uccelli deve essere suonato attraverso un sistema di altoparlanti quadrifonici nella zona d'ingresso dell'azienda. L'energia per questo sar\u00e0 generata sul tetto, nella centrale elettrica dell'azienda, che sar\u00e0 alimentata con gli escrementi raccolti da uccelli veri.<\/p>\n<p>&nbsp;<\/p>\n<p>Hannes vede anche un potenziale nella mensa aziendale. Va da s\u00e9 che tutto il cibo dovrebbe provenire dalla produzione locale. In una fase transitoria, \"locale\" sar\u00e0 definito in modo che il cibo provenga da un paese da cui proviene almeno un dipendente. Con 25 nazioni diverse, non c'\u00e8 bisogno di essere troppo restrittivi in questo modo. Infine, nell'angolo dei fumatori nel cortile interno, il fumo sar\u00e0 raccolto e utilizzato per alimentare una mini-turbina. Questo a sua volta sar\u00e0 usato per timbrare gli adesivi verdi per i prodotti. L'ecologia richiede di pensare e agire in modo reticolare e interconnesso in sistemi complessi.<\/p>\n<p>&nbsp;<\/p>\n<p>Molto bene - l'ufficio senza carta \u00e8 ancora lontano. Ma dopo tutto, il concetto deve essere leggibile in tutte le stazioni di lavoro anche senza corrente. Per questo, la carta stampata \u00e8 necessaria a tutti i costi.<\/p>\n<p>&nbsp;<\/p>","protected":false},"excerpt":{"rendered":"<p>Selbstverst\u00e4ndlich sind die grossen Brocken bereits umgesetzt. Dass die Produktion m\u00f6glichst energiearm l\u00e4uft, ist Vorschrift. Dass das Entsorgungskonzept der Nachhaltigkeit unterliegt, ist weder neu, noch freiwillig. Im Alltag aber gibts noch Potenzial. Hier soll der Hebel angesetzt werden. Denn \u00d6kologie geh\u00f6rt nicht nur in die Fabrikationshallen, sondern in den Alltag aller betrieblichen Detailabl\u00e4ufe. Erst dann [&hellip;]<\/p>\n","protected":false},"author":66,"featured_media":0,"comment_status":"closed","ping_status":"closed","sticky":false,"template":"","format":"standard","meta":{"_acf_changed":false,"footnotes":""},"categories":[4448],"tags":[4793],"class_list":["post-12108","post","type-post","status-publish","format-standard","hentry","category-allgemein","tag-12-2016"],"acf":[],"yoast_head":"<!-- This site is optimized with the Yoast SEO plugin v26.2 - https:\/\/yoast.com\/wordpress\/plugins\/seo\/ -->\n<title>Die Krux mit dem \u00d6kolabel - MQ Management und Qualit\u00e4t<\/title>\n<meta name=\"description\" content=\"\u00abAuch das noch\u00bb, denkt sich Hannes.Wieder mal ist an der Gesch\u00e4ftsleitersitzungihm das Detailkonzeptaufgehalst worden.Das Unternehmen hat sich eineneue Teilstrategie gegeben. Nebenden klassischen Erfolgsfaktorenhat es sich \u00abNachhaltigkeit\u00bbauf die Fahne geschrieben. Dasinternationale \u00d6kolabel soll angestrebtwerden, damit der Kundeweiss, dass hier nicht nur gut,sondern auch nachhaltig undbiologisch gearbeitet wird.\" \/>\n<meta name=\"robots\" content=\"index, follow, max-snippet:-1, max-image-preview:large, max-video-preview:-1\" \/>\n<link rel=\"canonical\" href=\"https:\/\/www.m-q.ch\/it\/il-nocciolo-della-questione-con-il-marchio-di-qualita-ecologica\/\" \/>\n<meta property=\"og:locale\" content=\"it_IT\" \/>\n<meta property=\"og:type\" content=\"article\" \/>\n<meta property=\"og:title\" content=\"Die Krux mit dem \u00d6kolabel - MQ Management und Qualit\u00e4t\" \/>\n<meta property=\"og:description\" content=\"\u00abAuch das noch\u00bb, denkt sich Hannes.Wieder mal ist an der Gesch\u00e4ftsleitersitzungihm das Detailkonzeptaufgehalst worden.Das Unternehmen hat sich eineneue Teilstrategie gegeben. Nebenden klassischen Erfolgsfaktorenhat es sich \u00abNachhaltigkeit\u00bbauf die Fahne geschrieben. Dasinternationale \u00d6kolabel soll angestrebtwerden, damit der Kundeweiss, dass hier nicht nur gut,sondern auch nachhaltig undbiologisch gearbeitet wird.\" \/>\n<meta property=\"og:url\" content=\"https:\/\/www.m-q.ch\/it\/il-nocciolo-della-questione-con-il-marchio-di-qualita-ecologica\/\" \/>\n<meta property=\"og:site_name\" content=\"MQ Management und Qualit\u00e4t\" \/>\n<meta property=\"article:publisher\" content=\"https:\/\/www.facebook.com\/ManagementUndQualitaet\" \/>\n<meta property=\"article:published_time\" content=\"2016-12-23T13:47:39+00:00\" \/>\n<meta property=\"article:modified_time\" content=\"2021-02-15T14:55:50+00:00\" \/>\n<meta name=\"author\" content=\"upwork_1\" \/>\n<meta name=\"twitter:card\" content=\"summary_large_image\" \/>\n<meta name=\"twitter:label1\" content=\"Scritto da\" \/>\n\t<meta name=\"twitter:data1\" content=\"upwork_1\" \/>\n\t<meta name=\"twitter:label2\" content=\"Tempo di lettura stimato\" \/>\n\t<meta name=\"twitter:data2\" content=\"4 minuti\" \/>\n<script type=\"application\/ld+json\" class=\"yoast-schema-graph\">{\"@context\":\"https:\/\/schema.org\",\"@graph\":[{\"@type\":\"Article\",\"@id\":\"https:\/\/www.m-q.ch\/die-krux-mit-dem-oekolabel\/#article\",\"isPartOf\":{\"@id\":\"https:\/\/www.m-q.ch\/die-krux-mit-dem-oekolabel\/\"},\"author\":{\"name\":\"upwork_1\",\"@id\":\"https:\/\/www.m-q.ch\/fr\/#\/schema\/person\/0bdf39ca27d0b9b779f5b8af54b3f7d7\"},\"headline\":\"Die Krux mit dem \u00d6kolabel\",\"datePublished\":\"2016-12-23T13:47:39+00:00\",\"dateModified\":\"2021-02-15T14:55:50+00:00\",\"mainEntityOfPage\":{\"@id\":\"https:\/\/www.m-q.ch\/die-krux-mit-dem-oekolabel\/\"},\"wordCount\":725,\"publisher\":{\"@id\":\"https:\/\/www.m-q.ch\/fr\/#organization\"},\"keywords\":[\"12\/2016\"],\"articleSection\":[\"Allgemein\"],\"inLanguage\":\"it-IT\"},{\"@type\":\"WebPage\",\"@id\":\"https:\/\/www.m-q.ch\/die-krux-mit-dem-oekolabel\/\",\"url\":\"https:\/\/www.m-q.ch\/die-krux-mit-dem-oekolabel\/\",\"name\":\"Die Krux mit dem \u00d6kolabel - MQ Management und Qualit\u00e4t\",\"isPartOf\":{\"@id\":\"https:\/\/www.m-q.ch\/fr\/#website\"},\"datePublished\":\"2016-12-23T13:47:39+00:00\",\"dateModified\":\"2021-02-15T14:55:50+00:00\",\"description\":\"\u00abAuch das noch\u00bb, denkt sich Hannes.Wieder mal ist an der Gesch\u00e4ftsleitersitzungihm das Detailkonzeptaufgehalst worden.Das Unternehmen hat sich eineneue Teilstrategie gegeben. Nebenden klassischen Erfolgsfaktorenhat es sich \u00abNachhaltigkeit\u00bbauf die Fahne geschrieben. Dasinternationale \u00d6kolabel soll angestrebtwerden, damit der Kundeweiss, dass hier nicht nur gut,sondern auch nachhaltig undbiologisch gearbeitet wird.\",\"breadcrumb\":{\"@id\":\"https:\/\/www.m-q.ch\/die-krux-mit-dem-oekolabel\/#breadcrumb\"},\"inLanguage\":\"it-IT\",\"potentialAction\":[{\"@type\":\"ReadAction\",\"target\":[\"https:\/\/www.m-q.ch\/die-krux-mit-dem-oekolabel\/\"]}]},{\"@type\":\"BreadcrumbList\",\"@id\":\"https:\/\/www.m-q.ch\/die-krux-mit-dem-oekolabel\/#breadcrumb\",\"itemListElement\":[{\"@type\":\"ListItem\",\"position\":1,\"name\":\"Allgemein\",\"item\":\"https:\/\/www.m-q.ch\/kategorie\/allgemein\/\"},{\"@type\":\"ListItem\",\"position\":2,\"name\":\"Die Krux mit dem \u00d6kolabel\"}]},{\"@type\":\"WebSite\",\"@id\":\"https:\/\/www.m-q.ch\/fr\/#website\",\"url\":\"https:\/\/www.m-q.ch\/fr\/\",\"name\":\"MQ Management und Qualit\u00e4t\",\"description\":\"Plattform f\u00fcr integrierte Managementsysteme.\",\"publisher\":{\"@id\":\"https:\/\/www.m-q.ch\/fr\/#organization\"},\"potentialAction\":[{\"@type\":\"SearchAction\",\"target\":{\"@type\":\"EntryPoint\",\"urlTemplate\":\"https:\/\/www.m-q.ch\/fr\/?s={search_term_string}\"},\"query-input\":{\"@type\":\"PropertyValueSpecification\",\"valueRequired\":true,\"valueName\":\"search_term_string\"}}],\"inLanguage\":\"it-IT\"},{\"@type\":\"Organization\",\"@id\":\"https:\/\/www.m-q.ch\/fr\/#organization\",\"name\":\"Galledia Fachmedien AG\",\"url\":\"https:\/\/www.m-q.ch\/fr\/\",\"logo\":{\"@type\":\"ImageObject\",\"inLanguage\":\"it-IT\",\"@id\":\"https:\/\/www.m-q.ch\/fr\/#\/schema\/logo\/image\/\",\"url\":\"https:\/\/www.m-q.ch\/wp-content\/uploads\/2020\/12\/cropped-logo_small.png\",\"contentUrl\":\"https:\/\/www.m-q.ch\/wp-content\/uploads\/2020\/12\/cropped-logo_small.png\",\"width\":512,\"height\":512,\"caption\":\"Galledia Fachmedien AG\"},\"image\":{\"@id\":\"https:\/\/www.m-q.ch\/fr\/#\/schema\/logo\/image\/\"},\"sameAs\":[\"https:\/\/www.facebook.com\/ManagementUndQualitaet\",\"https:\/\/www.linkedin.com\/showcase\/17982321\/admin\/\"]},{\"@type\":\"Person\",\"@id\":\"https:\/\/www.m-q.ch\/fr\/#\/schema\/person\/0bdf39ca27d0b9b779f5b8af54b3f7d7\",\"name\":\"upwork_1\",\"image\":{\"@type\":\"ImageObject\",\"inLanguage\":\"it-IT\",\"@id\":\"https:\/\/www.m-q.ch\/fr\/#\/schema\/person\/image\/\",\"url\":\"https:\/\/secure.gravatar.com\/avatar\/04d4d0fdc5886d535809f17d0eace7f6?s=96&d=mm&r=g\",\"contentUrl\":\"https:\/\/secure.gravatar.com\/avatar\/04d4d0fdc5886d535809f17d0eace7f6?s=96&d=mm&r=g\",\"caption\":\"upwork_1\"},\"url\":\"https:\/\/www.m-q.ch\/it\/author\/upwork_1\/\"}]}<\/script>\n<!-- \/ Yoast SEO plugin. -->","yoast_head_json":{"title":"Il nocciolo dell'etichetta ecologica - MQ Management und Qualit\u00e4t","description":"\"Ancora una volta, il concetto dettagliato \u00e8 stato esposto alla riunione dell'amministratore delegato. L'azienda ha adottato una nuova sotto-strategia. Oltre ai classici fattori di successo, ha sposato la causa della \"sostenibilit\u00e0\". L'etichetta ecologica internazionale deve essere ricercata affinch\u00e9 il cliente sappia che il lavoro qui non \u00e8 solo buono, ma anche sostenibile e biologico.","robots":{"index":"index","follow":"follow","max-snippet":"max-snippet:-1","max-image-preview":"max-image-preview:large","max-video-preview":"max-video-preview:-1"},"canonical":"https:\/\/www.m-q.ch\/it\/il-nocciolo-della-questione-con-il-marchio-di-qualita-ecologica\/","og_locale":"it_IT","og_type":"article","og_title":"Die Krux mit dem \u00d6kolabel - MQ Management und Qualit\u00e4t","og_description":"\u00abAuch das noch\u00bb, denkt sich Hannes.Wieder mal ist an der Gesch\u00e4ftsleitersitzungihm das Detailkonzeptaufgehalst worden.Das Unternehmen hat sich eineneue Teilstrategie gegeben. Nebenden klassischen Erfolgsfaktorenhat es sich \u00abNachhaltigkeit\u00bbauf die Fahne geschrieben. Dasinternationale \u00d6kolabel soll angestrebtwerden, damit der Kundeweiss, dass hier nicht nur gut,sondern auch nachhaltig undbiologisch gearbeitet wird.","og_url":"https:\/\/www.m-q.ch\/it\/il-nocciolo-della-questione-con-il-marchio-di-qualita-ecologica\/","og_site_name":"MQ Management und Qualit\u00e4t","article_publisher":"https:\/\/www.facebook.com\/ManagementUndQualitaet","article_published_time":"2016-12-23T13:47:39+00:00","article_modified_time":"2021-02-15T14:55:50+00:00","author":"upwork_1","twitter_card":"summary_large_image","twitter_misc":{"Scritto da":"upwork_1","Tempo di lettura stimato":"4 minuti"},"schema":{"@context":"https:\/\/schema.org","@graph":[{"@type":"Article","@id":"https:\/\/www.m-q.ch\/die-krux-mit-dem-oekolabel\/#article","isPartOf":{"@id":"https:\/\/www.m-q.ch\/die-krux-mit-dem-oekolabel\/"},"author":{"name":"upwork_1","@id":"https:\/\/www.m-q.ch\/fr\/#\/schema\/person\/0bdf39ca27d0b9b779f5b8af54b3f7d7"},"headline":"Die Krux mit dem \u00d6kolabel","datePublished":"2016-12-23T13:47:39+00:00","dateModified":"2021-02-15T14:55:50+00:00","mainEntityOfPage":{"@id":"https:\/\/www.m-q.ch\/die-krux-mit-dem-oekolabel\/"},"wordCount":725,"publisher":{"@id":"https:\/\/www.m-q.ch\/fr\/#organization"},"keywords":["12\/2016"],"articleSection":["Allgemein"],"inLanguage":"it-IT"},{"@type":"WebPage","@id":"https:\/\/www.m-q.ch\/die-krux-mit-dem-oekolabel\/","url":"https:\/\/www.m-q.ch\/die-krux-mit-dem-oekolabel\/","name":"Il nocciolo dell'etichetta ecologica - MQ Management und Qualit\u00e4t","isPartOf":{"@id":"https:\/\/www.m-q.ch\/fr\/#website"},"datePublished":"2016-12-23T13:47:39+00:00","dateModified":"2021-02-15T14:55:50+00:00","description":"\"Ancora una volta, il concetto dettagliato \u00e8 stato esposto alla riunione dell'amministratore delegato. L'azienda ha adottato una nuova sotto-strategia. Oltre ai classici fattori di successo, ha sposato la causa della \"sostenibilit\u00e0\". L'etichetta ecologica internazionale deve essere ricercata affinch\u00e9 il cliente sappia che il lavoro qui non \u00e8 solo buono, ma anche sostenibile e biologico.","breadcrumb":{"@id":"https:\/\/www.m-q.ch\/die-krux-mit-dem-oekolabel\/#breadcrumb"},"inLanguage":"it-IT","potentialAction":[{"@type":"ReadAction","target":["https:\/\/www.m-q.ch\/die-krux-mit-dem-oekolabel\/"]}]},{"@type":"BreadcrumbList","@id":"https:\/\/www.m-q.ch\/die-krux-mit-dem-oekolabel\/#breadcrumb","itemListElement":[{"@type":"ListItem","position":1,"name":"Allgemein","item":"https:\/\/www.m-q.ch\/kategorie\/allgemein\/"},{"@type":"ListItem","position":2,"name":"Die Krux mit dem \u00d6kolabel"}]},{"@type":"WebSite","@id":"https:\/\/www.m-q.ch\/fr\/#website","url":"https:\/\/www.m-q.ch\/fr\/","name":"Gestione e qualit\u00e0 MQ","description":"Piattaforma per sistemi di gestione integrati.","publisher":{"@id":"https:\/\/www.m-q.ch\/fr\/#organization"},"potentialAction":[{"@type":"SearchAction","target":{"@type":"EntryPoint","urlTemplate":"https:\/\/www.m-q.ch\/fr\/?s={search_term_string}"},"query-input":{"@type":"PropertyValueSpecification","valueRequired":true,"valueName":"search_term_string"}}],"inLanguage":"it-IT"},{"@type":"Organization","@id":"https:\/\/www.m-q.ch\/fr\/#organization","name":"Galledia Fachmedien AG","url":"https:\/\/www.m-q.ch\/fr\/","logo":{"@type":"ImageObject","inLanguage":"it-IT","@id":"https:\/\/www.m-q.ch\/fr\/#\/schema\/logo\/image\/","url":"https:\/\/www.m-q.ch\/wp-content\/uploads\/2020\/12\/cropped-logo_small.png","contentUrl":"https:\/\/www.m-q.ch\/wp-content\/uploads\/2020\/12\/cropped-logo_small.png","width":512,"height":512,"caption":"Galledia Fachmedien AG"},"image":{"@id":"https:\/\/www.m-q.ch\/fr\/#\/schema\/logo\/image\/"},"sameAs":["https:\/\/www.facebook.com\/ManagementUndQualitaet","https:\/\/www.linkedin.com\/showcase\/17982321\/admin\/"]},{"@type":"Person","@id":"https:\/\/www.m-q.ch\/fr\/#\/schema\/person\/0bdf39ca27d0b9b779f5b8af54b3f7d7","name":"upwork_1","image":{"@type":"ImageObject","inLanguage":"it-IT","@id":"https:\/\/www.m-q.ch\/fr\/#\/schema\/person\/image\/","url":"https:\/\/secure.gravatar.com\/avatar\/04d4d0fdc5886d535809f17d0eace7f6?s=96&d=mm&r=g","contentUrl":"https:\/\/secure.gravatar.com\/avatar\/04d4d0fdc5886d535809f17d0eace7f6?s=96&d=mm&r=g","caption":"upwork_1"},"url":"https:\/\/www.m-q.ch\/it\/author\/upwork_1\/"}]}},"_links":{"self":[{"href":"https:\/\/www.m-q.ch\/it\/wp-json\/wp\/v2\/posts\/12108","targetHints":{"allow":["GET"]}}],"collection":[{"href":"https:\/\/www.m-q.ch\/it\/wp-json\/wp\/v2\/posts"}],"about":[{"href":"https:\/\/www.m-q.ch\/it\/wp-json\/wp\/v2\/types\/post"}],"author":[{"embeddable":true,"href":"https:\/\/www.m-q.ch\/it\/wp-json\/wp\/v2\/users\/66"}],"replies":[{"embeddable":true,"href":"https:\/\/www.m-q.ch\/it\/wp-json\/wp\/v2\/comments?post=12108"}],"version-history":[{"count":1,"href":"https:\/\/www.m-q.ch\/it\/wp-json\/wp\/v2\/posts\/12108\/revisions"}],"predecessor-version":[{"id":12166,"href":"https:\/\/www.m-q.ch\/it\/wp-json\/wp\/v2\/posts\/12108\/revisions\/12166"}],"wp:attachment":[{"href":"https:\/\/www.m-q.ch\/it\/wp-json\/wp\/v2\/media?parent=12108"}],"wp:term":[{"taxonomy":"category","embeddable":true,"href":"https:\/\/www.m-q.ch\/it\/wp-json\/wp\/v2\/categories?post=12108"},{"taxonomy":"post_tag","embeddable":true,"href":"https:\/\/www.m-q.ch\/it\/wp-json\/wp\/v2\/tags?post=12108"}],"curies":[{"name":"wp","href":"https:\/\/api.w.org\/{rel}","templated":true}]}}