{"id":12110,"date":"2016-12-03T14:49:10","date_gmt":"2016-12-03T13:49:10","guid":{"rendered":"https:\/\/www.m-q.ch\/?p=12110"},"modified":"2021-02-15T15:03:31","modified_gmt":"2021-02-15T14:03:31","slug":"sul-cambiamento-digitale-nel-mondo-del-lavoro","status":"publish","type":"post","link":"https:\/\/www.m-q.ch\/it\/ueber-den-digitalen-wandel-in-der-arbeitswelt\/","title":{"rendered":"Sulla trasformazione digitale nel mondo del lavoro"},"content":{"rendered":"<p>In risposta ai rapidi sviluppi e alle mutevoli esigenze dei clienti, oggi le aziende e i dipendenti devono dimostrare un alto grado di agilit\u00e0 di business digitale (DBA). Questo si riferisce alla flessibilit\u00e0 per reagire adeguatamente alle opportunit\u00e0 digitali cos\u00ec come alle minacce. Altrimenti, le aziende rischiano di essere schiacciate fuori dal mercato da aziende appena fondate che approfittano della digitalizzazione.<\/p>\n<p><strong>Le aziende hanno ancora molto lavoro da fare<\/strong><\/p>\n<p>&nbsp;<\/p>\n<p>Come parte di uno studio sulla trasformazione della forza lavoro nell'era digitale, il Global Center for Digital Business Transformation, un'iniziativa di IMD e Cisco, ha intervistato un totale di 941 dirigenti. Ha scoperto che meno del dieci per cento delle aziende in tutto il mondo stanno gestendo le loro persone in termini delle tre competenze di base per la Digital Business Agility, cio\u00e8. <em>Iperconsapevolezza, processo decisionale informato ed esecuzione veloce<\/em>sarebbe valutato come eccellente. Mentre l'iperconsapevolezza significa essere in grado di integrare intuizioni uniche dei dipendenti in nuovi processi di business attraverso nuove tecnologie e possibilit\u00e0, il processo decisionale informato significa che ogni dipendente informato pu\u00f2 diventare la voce dell'azienda. Questo perch\u00e9 le innovazioni di successo sono create integrando un'ampia variet\u00e0 di prospettive, competenze e know-how nei processi aziendali. Fast Execution descrive in definitiva l'assicurazione che il personale qualificato sia dotato delle competenze, dell'esperienza e delle prospettive necessarie per essere in grado di attuare rapidamente le decisioni.<\/p>\n<p><strong>Le nuove tecnologie da sole non bastano<\/strong><\/p>\n<p>&nbsp;<\/p>\n<p>Mentre molte aziende stanno sempre pi\u00f9 adattando i loro processi di business alla digitalizzazione, spesso si affidano esclusivamente all'introduzione di nuove tecnologie IT per guidare i processi di innovazione. Il potenziale del personale dell'azienda \u00e8 spesso trascurato nel processo di digitalizzazione. Questo \u00e8 un motivo di preoccupazione. Le aziende che hanno dimostrato una maggiore agilit\u00e0 di business digitale nel loro personale negli ultimi cinque anni hanno registrato performance finanziarie tre volte migliori rispetto alle aziende senza DBA.<\/p>\n<p><strong>\"Digitalizzazione della forza lavoro\" come prerequisito di base<\/strong><\/p>\n<p>&nbsp;<\/p>\n<p>Quindi, ancora una volta, una chiave importante per il successo \u00e8 il personale. I dipendenti di oggi dovrebbero trovarsi in un ambiente di lavoro in cui possono affrontare in modo flessibile le opportunit\u00e0 e le minacce digitali. Inoltre, le mutevoli aspettative dei clienti per quanto riguarda la comunicazione, i servizi e l'offerta di prodotti rappresentano una sfida significativa. Per rendere giustizia a tutto questo e per poter tenere il passo a livello internazionale, i dipendenti devono diventare pi\u00f9 digitali. Il prerequisito per questo \u00e8 un ambiente di lavoro innovativo e moderno che collega persone, processi aziendali e tecnologie grazie a strumenti avanzati. \"Tra le altre cose, la digitalizzazione della forza lavoro dovrebbe permettere ai dipendenti di lavorare in modo flessibile e da qualsiasi luogo. L'accesso a tutte le risorse IT necessarie, alle applicazioni aziendali, ai documenti e ai dati deve essere garantito in ogni momento - indipendentemente dal fatto che un dipendente sia in ufficio, sul posto con un cliente o in un home office.<\/p>\n<p><strong>I concetti tradizionali di ufficio si stanno dissolvendo<\/strong><\/p>\n<p>&nbsp;<\/p>\n<p>Secondo uno studio della societ\u00e0 di consulenza Deloitte, il 28% degli svizzeri lavora gi\u00e0 da casa almeno mezza giornata alla settimana. E la tendenza \u00e8 in aumento. Il design moderno del posto di lavoro e l'uso delle tecnologie digitali sono gi\u00e0 diffusi nelle aziende svizzere. I concetti di ufficio tradizionale si stanno sempre pi\u00f9 dissolvendo, e le scrivanie condivise e gli spazi di co-working sono in aumento. Questo sta gi\u00e0 diventando evidente in Svizzera, cos\u00ec come il fatto che la digitalizzazione della forza lavoro pu\u00f2 dare un contributo significativo per aumentare l'efficienza e il valore aggiunto di prodotti e servizi. Eppure, anche se le aziende svizzere sono innovative e competitive, dovrebbero rimboccarsi le maniche per assumere un ruolo pionieristico nella digitalizzazione su scala internazionale. Finora, nessuna azienda \u00e8 riuscita a sfondare nell'economia digitale svizzera. Una delle ragioni di questo \u00e8 probabilmente la cultura svizzera molto sensibile alla sicurezza. Nessuno vuole correre grandi rischi commerciali in questo paese. Tuttavia, pensare \"pi\u00f9 in grande\" potrebbe avere perfettamente senso per quanto riguarda il mondo professionale del futuro.<\/p>\n<p>&nbsp;<\/p>","protected":false},"excerpt":{"rendered":"<p>Als Antwort auf die rasanten Entwicklungen und sich wandelnden Kundenbed\u00fcrfnisse m\u00fcssen Unternehmen und Mitarbeitende heute ein hohes Mass an Digital Business Agility (DBA) zeigen. Diese bezeichnet die Flexibilit\u00e4t, auf digitale Chancen wie auch Gefahren entsprechend reagieren zu k\u00f6nnen. Andernfalls drohen Unternehmen durch neugegr\u00fcndete Firmen, die sich die Digitalisierung zunutze machen, vom Markt verdr\u00e4ngt zu werden. [&hellip;]<\/p>\n","protected":false},"author":66,"featured_media":0,"comment_status":"closed","ping_status":"closed","sticky":false,"template":"","format":"standard","meta":{"_acf_changed":false,"footnotes":""},"categories":[5],"tags":[4793],"class_list":["post-12110","post","type-post","status-publish","format-standard","hentry","category-business_excellence","tag-12-2016"],"acf":[],"yoast_head":"<!-- This site is optimized with the Yoast SEO plugin v26.2 - https:\/\/yoast.com\/wordpress\/plugins\/seo\/ -->\n<title>\u00dcber den digitalen Wandel in der Arbeitswelt - MQ Management und Qualit\u00e4t<\/title>\n<meta name=\"description\" content=\"Sie ver\u00e4ndert nicht nur unser Privat-, sondernzunehmend auch unser Berufsleben: die Digitalisierung.Wie digital muss ein Unternehmenheute sein? Was heisst das f\u00fcr Mitarbeitende?\" \/>\n<meta name=\"robots\" content=\"index, follow, max-snippet:-1, max-image-preview:large, max-video-preview:-1\" \/>\n<link rel=\"canonical\" href=\"https:\/\/www.m-q.ch\/it\/sul-cambiamento-digitale-nel-mondo-del-lavoro\/\" \/>\n<meta property=\"og:locale\" content=\"it_IT\" \/>\n<meta property=\"og:type\" content=\"article\" \/>\n<meta property=\"og:title\" content=\"\u00dcber den digitalen Wandel in der Arbeitswelt - MQ Management und Qualit\u00e4t\" \/>\n<meta property=\"og:description\" content=\"Sie ver\u00e4ndert nicht nur unser Privat-, sondernzunehmend auch unser Berufsleben: die Digitalisierung.Wie digital muss ein Unternehmenheute sein? Was heisst das f\u00fcr Mitarbeitende?\" \/>\n<meta property=\"og:url\" content=\"https:\/\/www.m-q.ch\/it\/sul-cambiamento-digitale-nel-mondo-del-lavoro\/\" \/>\n<meta property=\"og:site_name\" content=\"MQ Management und Qualit\u00e4t\" \/>\n<meta property=\"article:publisher\" content=\"https:\/\/www.facebook.com\/ManagementUndQualitaet\" \/>\n<meta property=\"article:published_time\" content=\"2016-12-03T13:49:10+00:00\" \/>\n<meta property=\"article:modified_time\" content=\"2021-02-15T14:03:31+00:00\" \/>\n<meta name=\"author\" content=\"upwork_1\" \/>\n<meta name=\"twitter:card\" content=\"summary_large_image\" \/>\n<meta name=\"twitter:label1\" content=\"Scritto da\" \/>\n\t<meta name=\"twitter:data1\" content=\"upwork_1\" \/>\n\t<meta name=\"twitter:label2\" content=\"Tempo di lettura stimato\" \/>\n\t<meta name=\"twitter:data2\" content=\"3 minuti\" \/>\n<script type=\"application\/ld+json\" class=\"yoast-schema-graph\">{\"@context\":\"https:\/\/schema.org\",\"@graph\":[{\"@type\":\"Article\",\"@id\":\"https:\/\/www.m-q.ch\/ueber-den-digitalen-wandel-in-der-arbeitswelt\/#article\",\"isPartOf\":{\"@id\":\"https:\/\/www.m-q.ch\/ueber-den-digitalen-wandel-in-der-arbeitswelt\/\"},\"author\":{\"name\":\"upwork_1\",\"@id\":\"https:\/\/www.m-q.ch\/fr\/#\/schema\/person\/0bdf39ca27d0b9b779f5b8af54b3f7d7\"},\"headline\":\"\u00dcber den digitalen Wandel in der Arbeitswelt\",\"datePublished\":\"2016-12-03T13:49:10+00:00\",\"dateModified\":\"2021-02-15T14:03:31+00:00\",\"mainEntityOfPage\":{\"@id\":\"https:\/\/www.m-q.ch\/ueber-den-digitalen-wandel-in-der-arbeitswelt\/\"},\"wordCount\":620,\"publisher\":{\"@id\":\"https:\/\/www.m-q.ch\/fr\/#organization\"},\"keywords\":[\"12\/2016\"],\"articleSection\":[\"Business Excellence\"],\"inLanguage\":\"it-IT\"},{\"@type\":\"WebPage\",\"@id\":\"https:\/\/www.m-q.ch\/ueber-den-digitalen-wandel-in-der-arbeitswelt\/\",\"url\":\"https:\/\/www.m-q.ch\/ueber-den-digitalen-wandel-in-der-arbeitswelt\/\",\"name\":\"\u00dcber den digitalen Wandel in der Arbeitswelt - MQ Management und Qualit\u00e4t\",\"isPartOf\":{\"@id\":\"https:\/\/www.m-q.ch\/fr\/#website\"},\"datePublished\":\"2016-12-03T13:49:10+00:00\",\"dateModified\":\"2021-02-15T14:03:31+00:00\",\"description\":\"Sie ver\u00e4ndert nicht nur unser Privat-, sondernzunehmend auch unser Berufsleben: die Digitalisierung.Wie digital muss ein Unternehmenheute sein? Was heisst das f\u00fcr Mitarbeitende?\",\"breadcrumb\":{\"@id\":\"https:\/\/www.m-q.ch\/ueber-den-digitalen-wandel-in-der-arbeitswelt\/#breadcrumb\"},\"inLanguage\":\"it-IT\",\"potentialAction\":[{\"@type\":\"ReadAction\",\"target\":[\"https:\/\/www.m-q.ch\/ueber-den-digitalen-wandel-in-der-arbeitswelt\/\"]}]},{\"@type\":\"BreadcrumbList\",\"@id\":\"https:\/\/www.m-q.ch\/ueber-den-digitalen-wandel-in-der-arbeitswelt\/#breadcrumb\",\"itemListElement\":[{\"@type\":\"ListItem\",\"position\":1,\"name\":\"Business Excellence\",\"item\":\"https:\/\/www.m-q.ch\/kategorie\/business_excellence\/\"},{\"@type\":\"ListItem\",\"position\":2,\"name\":\"\u00dcber den digitalen Wandel in der Arbeitswelt\"}]},{\"@type\":\"WebSite\",\"@id\":\"https:\/\/www.m-q.ch\/fr\/#website\",\"url\":\"https:\/\/www.m-q.ch\/fr\/\",\"name\":\"MQ Management und Qualit\u00e4t\",\"description\":\"Plattform f\u00fcr integrierte Managementsysteme.\",\"publisher\":{\"@id\":\"https:\/\/www.m-q.ch\/fr\/#organization\"},\"potentialAction\":[{\"@type\":\"SearchAction\",\"target\":{\"@type\":\"EntryPoint\",\"urlTemplate\":\"https:\/\/www.m-q.ch\/fr\/?s={search_term_string}\"},\"query-input\":{\"@type\":\"PropertyValueSpecification\",\"valueRequired\":true,\"valueName\":\"search_term_string\"}}],\"inLanguage\":\"it-IT\"},{\"@type\":\"Organization\",\"@id\":\"https:\/\/www.m-q.ch\/fr\/#organization\",\"name\":\"Galledia Fachmedien AG\",\"url\":\"https:\/\/www.m-q.ch\/fr\/\",\"logo\":{\"@type\":\"ImageObject\",\"inLanguage\":\"it-IT\",\"@id\":\"https:\/\/www.m-q.ch\/fr\/#\/schema\/logo\/image\/\",\"url\":\"https:\/\/www.m-q.ch\/wp-content\/uploads\/2020\/12\/cropped-logo_small.png\",\"contentUrl\":\"https:\/\/www.m-q.ch\/wp-content\/uploads\/2020\/12\/cropped-logo_small.png\",\"width\":512,\"height\":512,\"caption\":\"Galledia Fachmedien AG\"},\"image\":{\"@id\":\"https:\/\/www.m-q.ch\/fr\/#\/schema\/logo\/image\/\"},\"sameAs\":[\"https:\/\/www.facebook.com\/ManagementUndQualitaet\",\"https:\/\/www.linkedin.com\/showcase\/17982321\/admin\/\"]},{\"@type\":\"Person\",\"@id\":\"https:\/\/www.m-q.ch\/fr\/#\/schema\/person\/0bdf39ca27d0b9b779f5b8af54b3f7d7\",\"name\":\"upwork_1\",\"image\":{\"@type\":\"ImageObject\",\"inLanguage\":\"it-IT\",\"@id\":\"https:\/\/www.m-q.ch\/fr\/#\/schema\/person\/image\/\",\"url\":\"https:\/\/secure.gravatar.com\/avatar\/04d4d0fdc5886d535809f17d0eace7f6?s=96&d=mm&r=g\",\"contentUrl\":\"https:\/\/secure.gravatar.com\/avatar\/04d4d0fdc5886d535809f17d0eace7f6?s=96&d=mm&r=g\",\"caption\":\"upwork_1\"},\"url\":\"https:\/\/www.m-q.ch\/it\/author\/upwork_1\/\"}]}<\/script>\n<!-- \/ Yoast SEO plugin. -->","yoast_head_json":{"title":"Sulla trasformazione digitale nel mondo del lavoro - MQ Management und Qualit\u00e4t","description":"Sta cambiando non solo la nostra vita privata, ma sempre pi\u00f9 anche la nostra vita professionale: la digitalizzazione.Quanto deve essere digitale un'azienda oggi? Cosa significa questo per i dipendenti?","robots":{"index":"index","follow":"follow","max-snippet":"max-snippet:-1","max-image-preview":"max-image-preview:large","max-video-preview":"max-video-preview:-1"},"canonical":"https:\/\/www.m-q.ch\/it\/sul-cambiamento-digitale-nel-mondo-del-lavoro\/","og_locale":"it_IT","og_type":"article","og_title":"\u00dcber den digitalen Wandel in der Arbeitswelt - MQ Management und Qualit\u00e4t","og_description":"Sie ver\u00e4ndert nicht nur unser Privat-, sondernzunehmend auch unser Berufsleben: die Digitalisierung.Wie digital muss ein Unternehmenheute sein? Was heisst das f\u00fcr Mitarbeitende?","og_url":"https:\/\/www.m-q.ch\/it\/sul-cambiamento-digitale-nel-mondo-del-lavoro\/","og_site_name":"MQ Management und Qualit\u00e4t","article_publisher":"https:\/\/www.facebook.com\/ManagementUndQualitaet","article_published_time":"2016-12-03T13:49:10+00:00","article_modified_time":"2021-02-15T14:03:31+00:00","author":"upwork_1","twitter_card":"summary_large_image","twitter_misc":{"Scritto da":"upwork_1","Tempo di lettura stimato":"3 minuti"},"schema":{"@context":"https:\/\/schema.org","@graph":[{"@type":"Article","@id":"https:\/\/www.m-q.ch\/ueber-den-digitalen-wandel-in-der-arbeitswelt\/#article","isPartOf":{"@id":"https:\/\/www.m-q.ch\/ueber-den-digitalen-wandel-in-der-arbeitswelt\/"},"author":{"name":"upwork_1","@id":"https:\/\/www.m-q.ch\/fr\/#\/schema\/person\/0bdf39ca27d0b9b779f5b8af54b3f7d7"},"headline":"\u00dcber den digitalen Wandel in der Arbeitswelt","datePublished":"2016-12-03T13:49:10+00:00","dateModified":"2021-02-15T14:03:31+00:00","mainEntityOfPage":{"@id":"https:\/\/www.m-q.ch\/ueber-den-digitalen-wandel-in-der-arbeitswelt\/"},"wordCount":620,"publisher":{"@id":"https:\/\/www.m-q.ch\/fr\/#organization"},"keywords":["12\/2016"],"articleSection":["Business Excellence"],"inLanguage":"it-IT"},{"@type":"WebPage","@id":"https:\/\/www.m-q.ch\/ueber-den-digitalen-wandel-in-der-arbeitswelt\/","url":"https:\/\/www.m-q.ch\/ueber-den-digitalen-wandel-in-der-arbeitswelt\/","name":"Sulla trasformazione digitale nel mondo del lavoro - MQ Management und Qualit\u00e4t","isPartOf":{"@id":"https:\/\/www.m-q.ch\/fr\/#website"},"datePublished":"2016-12-03T13:49:10+00:00","dateModified":"2021-02-15T14:03:31+00:00","description":"Sta cambiando non solo la nostra vita privata, ma sempre pi\u00f9 anche la nostra vita professionale: la digitalizzazione.Quanto deve essere digitale un'azienda oggi? Cosa significa questo per i dipendenti?","breadcrumb":{"@id":"https:\/\/www.m-q.ch\/ueber-den-digitalen-wandel-in-der-arbeitswelt\/#breadcrumb"},"inLanguage":"it-IT","potentialAction":[{"@type":"ReadAction","target":["https:\/\/www.m-q.ch\/ueber-den-digitalen-wandel-in-der-arbeitswelt\/"]}]},{"@type":"BreadcrumbList","@id":"https:\/\/www.m-q.ch\/ueber-den-digitalen-wandel-in-der-arbeitswelt\/#breadcrumb","itemListElement":[{"@type":"ListItem","position":1,"name":"Business Excellence","item":"https:\/\/www.m-q.ch\/kategorie\/business_excellence\/"},{"@type":"ListItem","position":2,"name":"\u00dcber den digitalen Wandel in der Arbeitswelt"}]},{"@type":"WebSite","@id":"https:\/\/www.m-q.ch\/fr\/#website","url":"https:\/\/www.m-q.ch\/fr\/","name":"Gestione e qualit\u00e0 MQ","description":"Piattaforma per sistemi di gestione integrati.","publisher":{"@id":"https:\/\/www.m-q.ch\/fr\/#organization"},"potentialAction":[{"@type":"SearchAction","target":{"@type":"EntryPoint","urlTemplate":"https:\/\/www.m-q.ch\/fr\/?s={search_term_string}"},"query-input":{"@type":"PropertyValueSpecification","valueRequired":true,"valueName":"search_term_string"}}],"inLanguage":"it-IT"},{"@type":"Organization","@id":"https:\/\/www.m-q.ch\/fr\/#organization","name":"Galledia Fachmedien AG","url":"https:\/\/www.m-q.ch\/fr\/","logo":{"@type":"ImageObject","inLanguage":"it-IT","@id":"https:\/\/www.m-q.ch\/fr\/#\/schema\/logo\/image\/","url":"https:\/\/www.m-q.ch\/wp-content\/uploads\/2020\/12\/cropped-logo_small.png","contentUrl":"https:\/\/www.m-q.ch\/wp-content\/uploads\/2020\/12\/cropped-logo_small.png","width":512,"height":512,"caption":"Galledia Fachmedien AG"},"image":{"@id":"https:\/\/www.m-q.ch\/fr\/#\/schema\/logo\/image\/"},"sameAs":["https:\/\/www.facebook.com\/ManagementUndQualitaet","https:\/\/www.linkedin.com\/showcase\/17982321\/admin\/"]},{"@type":"Person","@id":"https:\/\/www.m-q.ch\/fr\/#\/schema\/person\/0bdf39ca27d0b9b779f5b8af54b3f7d7","name":"upwork_1","image":{"@type":"ImageObject","inLanguage":"it-IT","@id":"https:\/\/www.m-q.ch\/fr\/#\/schema\/person\/image\/","url":"https:\/\/secure.gravatar.com\/avatar\/04d4d0fdc5886d535809f17d0eace7f6?s=96&d=mm&r=g","contentUrl":"https:\/\/secure.gravatar.com\/avatar\/04d4d0fdc5886d535809f17d0eace7f6?s=96&d=mm&r=g","caption":"upwork_1"},"url":"https:\/\/www.m-q.ch\/it\/author\/upwork_1\/"}]}},"_links":{"self":[{"href":"https:\/\/www.m-q.ch\/it\/wp-json\/wp\/v2\/posts\/12110","targetHints":{"allow":["GET"]}}],"collection":[{"href":"https:\/\/www.m-q.ch\/it\/wp-json\/wp\/v2\/posts"}],"about":[{"href":"https:\/\/www.m-q.ch\/it\/wp-json\/wp\/v2\/types\/post"}],"author":[{"embeddable":true,"href":"https:\/\/www.m-q.ch\/it\/wp-json\/wp\/v2\/users\/66"}],"replies":[{"embeddable":true,"href":"https:\/\/www.m-q.ch\/it\/wp-json\/wp\/v2\/comments?post=12110"}],"version-history":[{"count":1,"href":"https:\/\/www.m-q.ch\/it\/wp-json\/wp\/v2\/posts\/12110\/revisions"}],"predecessor-version":[{"id":12127,"href":"https:\/\/www.m-q.ch\/it\/wp-json\/wp\/v2\/posts\/12110\/revisions\/12127"}],"wp:attachment":[{"href":"https:\/\/www.m-q.ch\/it\/wp-json\/wp\/v2\/media?parent=12110"}],"wp:term":[{"taxonomy":"category","embeddable":true,"href":"https:\/\/www.m-q.ch\/it\/wp-json\/wp\/v2\/categories?post=12110"},{"taxonomy":"post_tag","embeddable":true,"href":"https:\/\/www.m-q.ch\/it\/wp-json\/wp\/v2\/tags?post=12110"}],"curies":[{"name":"wp","href":"https:\/\/api.w.org\/{rel}","templated":true}]}}