{"id":12121,"date":"2016-11-11T14:57:19","date_gmt":"2016-11-11T13:57:19","guid":{"rendered":"https:\/\/www.m-q.ch\/?p=12121"},"modified":"2021-02-15T15:07:23","modified_gmt":"2021-02-15T14:07:23","slug":"ha-applicato-ed-esemplificato-la-responsabilita-sociale","status":"publish","type":"post","link":"https:\/\/www.m-q.ch\/it\/angewandte-und-vorgelebte-soziale-verantwortung\/","title":{"rendered":"Responsabilit\u00e0 sociale applicata ed esemplificata"},"content":{"rendered":"<p><img loading=\"lazy\" decoding=\"async\" class=\"alignnone size-full wp-image-12126\" src=\"https:\/\/www.m-q.ch\/wp-content\/uploads\/2021\/02\/Angewandte-und-vorgelebte-soziale-Verantwortung.jpg\" alt=\"Responsabilit\u00e0 sociale applicata ed esemplificata\" width=\"858\" height=\"522\" srcset=\"https:\/\/www.m-q.ch\/wp-content\/uploads\/2021\/02\/Angewandte-und-vorgelebte-soziale-Verantwortung.jpg 858w, https:\/\/www.m-q.ch\/wp-content\/uploads\/2021\/02\/Angewandte-und-vorgelebte-soziale-Verantwortung-768x467.jpg 768w, https:\/\/www.m-q.ch\/wp-content\/uploads\/2021\/02\/Angewandte-und-vorgelebte-soziale-Verantwortung-16x10.jpg 16w, https:\/\/www.m-q.ch\/wp-content\/uploads\/2021\/02\/Angewandte-und-vorgelebte-soziale-Verantwortung-288x175.jpg 288w, https:\/\/www.m-q.ch\/wp-content\/uploads\/2021\/02\/Angewandte-und-vorgelebte-soziale-Verantwortung-575x350.jpg 575w, https:\/\/www.m-q.ch\/wp-content\/uploads\/2021\/02\/Angewandte-und-vorgelebte-soziale-Verantwortung-300x183.jpg 300w\" sizes=\"auto, (max-width: 858px) 100vw, 858px\" \/><\/p>\n<p>&nbsp;<\/p>\n<p>&nbsp;<\/p>\n<p>&nbsp;<\/p>\n<p><em><strong>F<\/strong><\/em>Si fa molto per i paraplegici in Svizzera: se non esistesse la Fondazione per paraplegici fondata dal dottor Guido A. Z\u00e4ch, bisognerebbe inventarla. L'Associazione svizzera dei paraplegici (SPV) \u00e8 la \"sorella minore\" della Fondazione, per cos\u00ec dire. Fondata nel 1980, l'associazione \u00e8 l'organizzazione nazionale dei paraplegici. A Nottwil, dove si trova anche il Centro per paraplegici con le sue strutture mediche complete per la cura e la riabilitazione di paraplegici e tetraplegici, noto oltre i confini del paese, la SPV mantiene la sua sede con attualmente oltre 60 dipendenti fissi. Si tratta quindi di una classica PMI. \u00c8 diretto dal Dr. Thomas Troger, un campione della leadership riconoscente.<\/p>\n<p><strong>Dr Troger, lei e la sua organizzazione avete ricevuto il primo premio agli Swiss Employer Awards nella categoria \"50 - 99 dipendenti\". Deve essere stato molto soddisfacente. Come fai tu stesso ora a notare tra i tuoi dipendenti che stai facendo molte cose giuste come capo?<\/strong><\/p>\n<p>&nbsp;<\/p>\n<p>Thomas Troger: Lo noto molto facilmente in quanto i miei dipendenti sono sempre molto motivati e vengono a lavorare con gioia. Sono disposti ad assumere nuovi compiti e sono aperti ai cambiamenti, anche a breve termine. Questi sono tutti segni che un'azienda funziona bene. Io stesso - come vallesano - sono molto diretto e affronto tutto in modo chiaro e coerente. I dipendenti lo apprezzano. Perch\u00e9 l'onest\u00e0 fa semplicemente parte di una cultura. Bisogna essere in grado di mettere le cose sul tavolo, anche se non \u00e8 sempre piacevole. Se le cose non funzionano bilateralmente con il tuo supervisore diretto, devi avere il coraggio di andare al livello superiore. Dopo tutto, spetta a noi superiori trovare soluzioni. Questo richiede una cultura della fiducia - e io la pretendo. I dipendenti notano che lavorano meglio insieme che da soli. \u00c8 qui che sta il valore aggiunto di un'azienda, e non capisco come spesso i manager non vedano che bisogna lavorare sui cosiddetti fattori soft. Bisogna lavorare sulla mentalit\u00e0 e far salire a bordo i dipendenti. \u00c8 ovvio che non tutti i dipendenti possono adattarsi - non perch\u00e9 lavorano male, ma perch\u00e9 semplicemente non si adattano alla cultura aziendale.<\/p>\n<p><strong>Quali sono, secondo lei, i cardini pi\u00f9 importanti di un buon datore di lavoro?<\/strong><\/p>\n<p>&nbsp;<\/p>\n<p>Un buon datore di lavoro deve considerare come portare le giovani generazioni in un'azienda a lungo termine, anche se non \"funzionano\" ovunque allo stesso modo di noi anziani. Perch\u00e9 pi\u00f9 ci sono, meno dipendenti ci sono sul mercato. Ecco perch\u00e9 dobbiamo costruire l'apprezzamento e la fiducia nell'azienda, insieme alla credibilit\u00e0 e all'affidabilit\u00e0 come leader. Alle persone - specialmente ai giovani - piace andare a lavorare dove si divertono, dove possono svilupparsi e dove possono contribuire a plasmare l'azienda. Perch\u00e9 i dipendenti sono sempre anche co-imprenditori.<\/p>\n<p><strong>E cosa significa questo in pratica per voi?<\/strong><\/p>\n<p>&nbsp;<\/p>\n<p>Per esempio, i dipendenti a tempo pieno sono tenuti a presentare 20 suggerimenti di miglioramento per iscritto ogni anno. In questo modo, un dipendente pu\u00f2 automaticamente essere coinvolto e contribuire allo sviluppo dell'azienda. Come azienda, possiamo funzionare solo se spingiamo i fattori morbidi e creiamo modelli di ruolo in modo che ci siano anche \"modelli di ruolo\".<\/p>\n<p><strong>Come va gi\u00f9 con i dipendenti il fatto di \"esigere\" suggerimenti di miglioramento?<\/strong><\/p>\n<p>&nbsp;<\/p>\n<p>Questo funziona molto bene. C'\u00e8 voluto un po' di convincimento per introdurlo. All'epoca, non ho spiegato alla gente che questo era legato al modello EFQM. Per me, si tratta di dare ai dipendenti la possibilit\u00e0 di fare di pi\u00f9, perch\u00e9 di solito sono capaci di fare molto di pi\u00f9 di quello che generalmente viene loro attribuito. E devi raccogliere queste abilit\u00e0. La leadership richiede dei requisiti; bisogna fissare degli obiettivi, altrimenti si brancola nella nebbia. E infine, come capo, devo esemplificare i cambiamenti comportamentali che voglio ottenere. Fare e richiedere suggerimenti per il miglioramento \u00e8 un buon strumento per questo. Ci vuole molto sforzo e impegno da parte di tutti. Ma col tempo, questo diventa parte della cultura dell'azienda. Dovendo presentare suggerimenti per il miglioramento, i dipendenti sentono anche di essere presi sul serio. Ho avuto un'esperienza chiave quasi 30 anni fa come manager appena qualificato: pieno di verve, ho presentato di mia iniziativa al mio capo suggerimenti scritti per migliorare. Ma questi sono stati semplicemente accantonati. \u00c8 davvero triste quando il capo \u00e8 il collo di bottiglia quando si tratta di implementazione. Un capo deve essere un allenatore e non solo un amministratore migliore.<\/p>\n<p><strong>Lei ha menzionato il modello EFQM. Che ruolo svolge effettivamente nella vostra azienda?<\/strong><\/p>\n<p>&nbsp;<\/p>\n<p>Troppe cose nelle aziende riguardano ancora il controllo. Certo: certi controlli e verifiche sono importanti. A questo proposito, c'\u00e8 un modello eccellente nel cerchio di Deming Plan - Do - Check - Act: anche noi pianifichiamo, eseguiamo, controlliamo e agiamo. E il \"controllo\" \u00e8 proprio questo necessario strumento di controllo. Come capo, non devo stare dietro ad ogni dipendente e chiedere se ha fatto davvero tutto o no. Ma: se do la libert\u00e0, allora mi aspetto la responsabilit\u00e0. Se do fiducia, allora ricevo anche prestazioni. Come capo, devo semplicemente abbassare un po' il mio ego, poi funziona.<\/p>\n<p><strong>E allo stesso tempo, si effettua il controllo di qualit\u00e0 attraverso i suggerimenti di miglioramento in arrivo, anche in termini di leadership.<\/strong><\/p>\n<p>&nbsp;<\/p>\n<p>In linea di principio, s\u00ec. Al momento, molte proposte di miglioramento riguardano la digitalizzazione e ci\u00f2 che pu\u00f2 essere ottimizzato con la tecnologia. Si tratta soprattutto di migliorare i processi. Perch\u00e9 siamo obbligati a diventare pi\u00f9 efficienti.<\/p>\n<p><strong>Lo SNI \u00e8 un'organizzazione senza scopo di lucro. Bisogna gestire un'organizzazione del genere in modo diverso da un'azienda normale?<\/strong><\/p>\n<p>&nbsp;<\/p>\n<p>No, per niente. Perch\u00e9 non si pu\u00f2 fare tutto in modo \"sociale\". \u00c8 un'illusione voler gestire una societ\u00e0 in modo democratico. Ma abbiamo una gerarchia piatta anche con 100 dipendenti. La sfida \u00e8 quella di farli salire a bordo del nostro modo di pensare. Allo stesso tempo, l'associazione deve essere sensibile a tutti i membri. A tal fine, conduciamo regolarmente grandi sondaggi. Conduciamo sondaggi tra i dipendenti dal 1999, inizialmente su base annuale e ora ogni due anni.<\/p>\n<p><strong>Nella vostra organizzazione, persone con e senza disabilit\u00e0 lavorano insieme senza barriere. In che misura la diversit\u00e0 \u00e8 un must per una sana cultura aziendale?<\/strong><\/p>\n<p>&nbsp;<\/p>\n<p>Il mio predecessore era lui stesso su una sedia a rotelle. Sotto la mia guida, da allora sono state reclutate ancora pi\u00f9 persone in sedia a rotelle. La nostra ambizione \u00e8 di cambiare la mentalit\u00e0 sociale. Ecco perch\u00e9 lavoriamo anche con molti volontari. Come azienda, dovete avere la volont\u00e0 di assumere persone con disabilit\u00e0. In termini di diversit\u00e0, posso dire che stiamo andando alla grande. Impieghiamo molti impiegati part-time. Anche le madri possono facilmente rientrare dopo un congedo di maternit\u00e0. Formiamo anche apprendisti; anche se ora abbiamo bisogno di uno sforzo sempre maggiore da parte delle giovani generazioni per poterle integrare a lungo termine. L'affermazione che i dipendenti oltre i 50 anni costano di pi\u00f9 deve essere messa in prospettiva: Certo, sono pi\u00f9 costosi, ma non hanno quasi mai bisogno di un maggiore sforzo di integrazione - anche grazie alla loro esperienza di vita.<\/p>\n<p><strong>Se riassumo le sue dichiarazioni nel loro insieme, allora si pu\u00f2 dire: in SPV, troverete la responsabilit\u00e0 sociale delle imprese in azione?<\/strong><\/p>\n<p>&nbsp;<\/p>\n<p>S\u00ec, \u00e8 cos\u00ec. Un altro esempio: Abbiamo impiegato un tetraplegico altamente paralizzato nella nostra agenzia di viaggi. Bisogna anche aiutarlo a bere, per esempio. Perch\u00e9 questo funzioni, richiede molta empatia da parte dei colleghi di lavoro, e noi la incoraggiamo. Come si giudica<\/p>\n<p><strong>la situazione attuale per quanto riguarda la reintegrazione delle persone con disabilit\u00e0 in generale?<\/strong><\/p>\n<p>&nbsp;<\/p>\n<p>Molte cose stanno andando molto bene in questo senso in questo paese, la cooperazione con le agenzie IV, per esempio, \u00e8 migliorata. Anche la Suva, per esempio, sta facendo un ottimo lavoro, anche in termini di prevenzione. Osservo che le PMI sono fondamentalmente molto aperte ad assumere persone con disabilit\u00e0. In questo modo, i proprietari si assumono la loro responsabilit\u00e0 sociale. Le grandi aziende, specialmente quelle internazionali, potrebbero avere ancora un po' da recuperare in questo senso. Ma \u00e8 anche indiscusso che la riqualificazione \u00e8 costosa. Non tutte le persone disabili hanno la capacit\u00e0 di fare qualcosa di completamente diverso; un muratore di 55 anni non pu\u00f2 semplicemente diventare un informatico.<\/p>","protected":false},"excerpt":{"rendered":"<p>&nbsp; &nbsp; &nbsp; F\u00fcr die Querschnittgel\u00e4hmten in der Schweiz wird sehr viel getan: Wenn es die von Dr. Guido A. Z\u00e4ch gegr\u00fcndete Paraplegiker-Stiftung nicht g\u00e4be, m\u00fcsste man sie erfinden. Gleichsam die \u00abkleine Schwester\u00bb der Stiftung ist die Schweizer Paraplegiker-Vereinigung SPV. Der 1980 gegr\u00fcndete Verein ist der nationale Dachverband der Querschnittgel\u00e4hmten. In Nottwil, wo sich auch [&hellip;]<\/p>\n","protected":false},"author":66,"featured_media":12126,"comment_status":"closed","ping_status":"closed","sticky":false,"template":"","format":"standard","meta":{"_acf_changed":false,"footnotes":""},"categories":[5],"tags":[4791],"class_list":["post-12121","post","type-post","status-publish","format-standard","has-post-thumbnail","hentry","category-business_excellence","tag-11-2016"],"acf":[],"yoast_head":"<!-- This site is optimized with the Yoast SEO plugin v26.2 - https:\/\/yoast.com\/wordpress\/plugins\/seo\/ -->\n<title>Angewandte und vorgelebte soziale Verantwortung - MQ Management und Qualit\u00e4t<\/title>\n<meta name=\"description\" content=\"An der letzten Verleihung des Swiss Arbeitgeber Awards waren die Paraplegiker die grossen Abr\u00e4umer: Nicht nur gewann die Schweizer ParaplegikerVereinigung SPV in ihrer Kategorie den ersten Preis, auch das Paraplegiker-Zentrum in Nottwil, quasi die \u00abSchwesterfirma\u00bb, schnitt mit dem vierten Rang in der Kategorie \u00abGrossunternehmen\u00bb sehr gut ab. Wo liegen die Geheimnisse dieses Erfolgs?\" \/>\n<meta name=\"robots\" content=\"index, follow, max-snippet:-1, max-image-preview:large, max-video-preview:-1\" \/>\n<link rel=\"canonical\" href=\"https:\/\/www.m-q.ch\/it\/ha-applicato-ed-esemplificato-la-responsabilita-sociale\/\" \/>\n<meta property=\"og:locale\" content=\"it_IT\" \/>\n<meta property=\"og:type\" content=\"article\" \/>\n<meta property=\"og:title\" content=\"Angewandte und vorgelebte soziale Verantwortung - MQ Management und Qualit\u00e4t\" \/>\n<meta property=\"og:description\" content=\"An der letzten Verleihung des Swiss Arbeitgeber Awards waren die Paraplegiker die grossen Abr\u00e4umer: Nicht nur gewann die Schweizer ParaplegikerVereinigung SPV in ihrer Kategorie den ersten Preis, auch das Paraplegiker-Zentrum in Nottwil, quasi die \u00abSchwesterfirma\u00bb, schnitt mit dem vierten Rang in der Kategorie \u00abGrossunternehmen\u00bb sehr gut ab. Wo liegen die Geheimnisse dieses Erfolgs?\" \/>\n<meta property=\"og:url\" content=\"https:\/\/www.m-q.ch\/it\/ha-applicato-ed-esemplificato-la-responsabilita-sociale\/\" \/>\n<meta property=\"og:site_name\" content=\"MQ Management und Qualit\u00e4t\" \/>\n<meta property=\"article:publisher\" content=\"https:\/\/www.facebook.com\/ManagementUndQualitaet\" \/>\n<meta property=\"article:published_time\" content=\"2016-11-11T13:57:19+00:00\" \/>\n<meta property=\"article:modified_time\" content=\"2021-02-15T14:07:23+00:00\" \/>\n<meta property=\"og:image\" content=\"https:\/\/www.m-q.ch\/wp-content\/uploads\/2021\/02\/Angewandte-und-vorgelebte-soziale-Verantwortung.jpg\" \/>\n\t<meta property=\"og:image:width\" content=\"858\" \/>\n\t<meta property=\"og:image:height\" content=\"522\" \/>\n\t<meta property=\"og:image:type\" content=\"image\/jpeg\" \/>\n<meta name=\"author\" content=\"upwork_1\" \/>\n<meta name=\"twitter:card\" content=\"summary_large_image\" \/>\n<meta name=\"twitter:label1\" content=\"Scritto da\" \/>\n\t<meta name=\"twitter:data1\" content=\"upwork_1\" \/>\n\t<meta name=\"twitter:label2\" content=\"Tempo di lettura stimato\" \/>\n\t<meta name=\"twitter:data2\" content=\"7 minuti\" \/>\n<script type=\"application\/ld+json\" class=\"yoast-schema-graph\">{\"@context\":\"https:\/\/schema.org\",\"@graph\":[{\"@type\":\"Article\",\"@id\":\"https:\/\/www.m-q.ch\/angewandte-und-vorgelebte-soziale-verantwortung\/#article\",\"isPartOf\":{\"@id\":\"https:\/\/www.m-q.ch\/angewandte-und-vorgelebte-soziale-verantwortung\/\"},\"author\":{\"name\":\"upwork_1\",\"@id\":\"https:\/\/www.m-q.ch\/fr\/#\/schema\/person\/0bdf39ca27d0b9b779f5b8af54b3f7d7\"},\"headline\":\"Angewandte und vorgelebte soziale Verantwortung\",\"datePublished\":\"2016-11-11T13:57:19+00:00\",\"dateModified\":\"2021-02-15T14:07:23+00:00\",\"mainEntityOfPage\":{\"@id\":\"https:\/\/www.m-q.ch\/angewandte-und-vorgelebte-soziale-verantwortung\/\"},\"wordCount\":1359,\"publisher\":{\"@id\":\"https:\/\/www.m-q.ch\/fr\/#organization\"},\"image\":{\"@id\":\"https:\/\/www.m-q.ch\/angewandte-und-vorgelebte-soziale-verantwortung\/#primaryimage\"},\"thumbnailUrl\":\"https:\/\/www.m-q.ch\/wp-content\/uploads\/2021\/02\/Angewandte-und-vorgelebte-soziale-Verantwortung.jpg\",\"keywords\":[\"11\/2016\"],\"articleSection\":[\"Business Excellence\"],\"inLanguage\":\"it-IT\"},{\"@type\":\"WebPage\",\"@id\":\"https:\/\/www.m-q.ch\/angewandte-und-vorgelebte-soziale-verantwortung\/\",\"url\":\"https:\/\/www.m-q.ch\/angewandte-und-vorgelebte-soziale-verantwortung\/\",\"name\":\"Angewandte und vorgelebte soziale Verantwortung - MQ Management und Qualit\u00e4t\",\"isPartOf\":{\"@id\":\"https:\/\/www.m-q.ch\/fr\/#website\"},\"primaryImageOfPage\":{\"@id\":\"https:\/\/www.m-q.ch\/angewandte-und-vorgelebte-soziale-verantwortung\/#primaryimage\"},\"image\":{\"@id\":\"https:\/\/www.m-q.ch\/angewandte-und-vorgelebte-soziale-verantwortung\/#primaryimage\"},\"thumbnailUrl\":\"https:\/\/www.m-q.ch\/wp-content\/uploads\/2021\/02\/Angewandte-und-vorgelebte-soziale-Verantwortung.jpg\",\"datePublished\":\"2016-11-11T13:57:19+00:00\",\"dateModified\":\"2021-02-15T14:07:23+00:00\",\"description\":\"An der letzten Verleihung des Swiss Arbeitgeber Awards waren die Paraplegiker die grossen Abr\u00e4umer: Nicht nur gewann die Schweizer ParaplegikerVereinigung SPV in ihrer Kategorie den ersten Preis, auch das Paraplegiker-Zentrum in Nottwil, quasi die \u00abSchwesterfirma\u00bb, schnitt mit dem vierten Rang in der Kategorie \u00abGrossunternehmen\u00bb sehr gut ab. Wo liegen die Geheimnisse dieses Erfolgs?\",\"breadcrumb\":{\"@id\":\"https:\/\/www.m-q.ch\/angewandte-und-vorgelebte-soziale-verantwortung\/#breadcrumb\"},\"inLanguage\":\"it-IT\",\"potentialAction\":[{\"@type\":\"ReadAction\",\"target\":[\"https:\/\/www.m-q.ch\/angewandte-und-vorgelebte-soziale-verantwortung\/\"]}]},{\"@type\":\"ImageObject\",\"inLanguage\":\"it-IT\",\"@id\":\"https:\/\/www.m-q.ch\/angewandte-und-vorgelebte-soziale-verantwortung\/#primaryimage\",\"url\":\"https:\/\/www.m-q.ch\/wp-content\/uploads\/2021\/02\/Angewandte-und-vorgelebte-soziale-Verantwortung.jpg\",\"contentUrl\":\"https:\/\/www.m-q.ch\/wp-content\/uploads\/2021\/02\/Angewandte-und-vorgelebte-soziale-Verantwortung.jpg\",\"width\":858,\"height\":522,\"caption\":\"Angewandte und vorgelebte soziale Verantwortung\"},{\"@type\":\"BreadcrumbList\",\"@id\":\"https:\/\/www.m-q.ch\/angewandte-und-vorgelebte-soziale-verantwortung\/#breadcrumb\",\"itemListElement\":[{\"@type\":\"ListItem\",\"position\":1,\"name\":\"Business Excellence\",\"item\":\"https:\/\/www.m-q.ch\/kategorie\/business_excellence\/\"},{\"@type\":\"ListItem\",\"position\":2,\"name\":\"Angewandte und vorgelebte soziale Verantwortung\"}]},{\"@type\":\"WebSite\",\"@id\":\"https:\/\/www.m-q.ch\/fr\/#website\",\"url\":\"https:\/\/www.m-q.ch\/fr\/\",\"name\":\"MQ Management und Qualit\u00e4t\",\"description\":\"Plattform f\u00fcr integrierte Managementsysteme.\",\"publisher\":{\"@id\":\"https:\/\/www.m-q.ch\/fr\/#organization\"},\"potentialAction\":[{\"@type\":\"SearchAction\",\"target\":{\"@type\":\"EntryPoint\",\"urlTemplate\":\"https:\/\/www.m-q.ch\/fr\/?s={search_term_string}\"},\"query-input\":{\"@type\":\"PropertyValueSpecification\",\"valueRequired\":true,\"valueName\":\"search_term_string\"}}],\"inLanguage\":\"it-IT\"},{\"@type\":\"Organization\",\"@id\":\"https:\/\/www.m-q.ch\/fr\/#organization\",\"name\":\"Galledia Fachmedien AG\",\"url\":\"https:\/\/www.m-q.ch\/fr\/\",\"logo\":{\"@type\":\"ImageObject\",\"inLanguage\":\"it-IT\",\"@id\":\"https:\/\/www.m-q.ch\/fr\/#\/schema\/logo\/image\/\",\"url\":\"https:\/\/www.m-q.ch\/wp-content\/uploads\/2020\/12\/cropped-logo_small.png\",\"contentUrl\":\"https:\/\/www.m-q.ch\/wp-content\/uploads\/2020\/12\/cropped-logo_small.png\",\"width\":512,\"height\":512,\"caption\":\"Galledia Fachmedien AG\"},\"image\":{\"@id\":\"https:\/\/www.m-q.ch\/fr\/#\/schema\/logo\/image\/\"},\"sameAs\":[\"https:\/\/www.facebook.com\/ManagementUndQualitaet\",\"https:\/\/www.linkedin.com\/showcase\/17982321\/admin\/\"]},{\"@type\":\"Person\",\"@id\":\"https:\/\/www.m-q.ch\/fr\/#\/schema\/person\/0bdf39ca27d0b9b779f5b8af54b3f7d7\",\"name\":\"upwork_1\",\"image\":{\"@type\":\"ImageObject\",\"inLanguage\":\"it-IT\",\"@id\":\"https:\/\/www.m-q.ch\/fr\/#\/schema\/person\/image\/\",\"url\":\"https:\/\/secure.gravatar.com\/avatar\/04d4d0fdc5886d535809f17d0eace7f6?s=96&d=mm&r=g\",\"contentUrl\":\"https:\/\/secure.gravatar.com\/avatar\/04d4d0fdc5886d535809f17d0eace7f6?s=96&d=mm&r=g\",\"caption\":\"upwork_1\"},\"url\":\"https:\/\/www.m-q.ch\/it\/author\/upwork_1\/\"}]}<\/script>\n<!-- \/ Yoast SEO plugin. -->","yoast_head_json":{"title":"Responsabilit\u00e0 sociale applicata ed esemplificata - MQ Management and Quality","description":"All'ultima cerimonia degli Swiss Employer Awards, i paraplegici sono stati i grandi vincitori: non solo l'Associazione svizzera dei paraplegici SPV ha vinto il primo premio nella sua categoria, ma anche il Centro per paraplegici di Nottwil, la sua \"azienda sorella\" per cos\u00ec dire, ha fatto molto bene, arrivando quarto nella categoria \"grandi aziende\". Quali sono i segreti di questo successo?","robots":{"index":"index","follow":"follow","max-snippet":"max-snippet:-1","max-image-preview":"max-image-preview:large","max-video-preview":"max-video-preview:-1"},"canonical":"https:\/\/www.m-q.ch\/it\/ha-applicato-ed-esemplificato-la-responsabilita-sociale\/","og_locale":"it_IT","og_type":"article","og_title":"Angewandte und vorgelebte soziale Verantwortung - MQ Management und Qualit\u00e4t","og_description":"An der letzten Verleihung des Swiss Arbeitgeber Awards waren die Paraplegiker die grossen Abr\u00e4umer: Nicht nur gewann die Schweizer ParaplegikerVereinigung SPV in ihrer Kategorie den ersten Preis, auch das Paraplegiker-Zentrum in Nottwil, quasi die \u00abSchwesterfirma\u00bb, schnitt mit dem vierten Rang in der Kategorie \u00abGrossunternehmen\u00bb sehr gut ab. Wo liegen die Geheimnisse dieses Erfolgs?","og_url":"https:\/\/www.m-q.ch\/it\/ha-applicato-ed-esemplificato-la-responsabilita-sociale\/","og_site_name":"MQ Management und Qualit\u00e4t","article_publisher":"https:\/\/www.facebook.com\/ManagementUndQualitaet","article_published_time":"2016-11-11T13:57:19+00:00","article_modified_time":"2021-02-15T14:07:23+00:00","og_image":[{"width":858,"height":522,"url":"https:\/\/www.m-q.ch\/wp-content\/uploads\/2021\/02\/Angewandte-und-vorgelebte-soziale-Verantwortung.jpg","type":"image\/jpeg"}],"author":"upwork_1","twitter_card":"summary_large_image","twitter_misc":{"Scritto da":"upwork_1","Tempo di lettura stimato":"7 minuti"},"schema":{"@context":"https:\/\/schema.org","@graph":[{"@type":"Article","@id":"https:\/\/www.m-q.ch\/angewandte-und-vorgelebte-soziale-verantwortung\/#article","isPartOf":{"@id":"https:\/\/www.m-q.ch\/angewandte-und-vorgelebte-soziale-verantwortung\/"},"author":{"name":"upwork_1","@id":"https:\/\/www.m-q.ch\/fr\/#\/schema\/person\/0bdf39ca27d0b9b779f5b8af54b3f7d7"},"headline":"Angewandte und vorgelebte soziale Verantwortung","datePublished":"2016-11-11T13:57:19+00:00","dateModified":"2021-02-15T14:07:23+00:00","mainEntityOfPage":{"@id":"https:\/\/www.m-q.ch\/angewandte-und-vorgelebte-soziale-verantwortung\/"},"wordCount":1359,"publisher":{"@id":"https:\/\/www.m-q.ch\/fr\/#organization"},"image":{"@id":"https:\/\/www.m-q.ch\/angewandte-und-vorgelebte-soziale-verantwortung\/#primaryimage"},"thumbnailUrl":"https:\/\/www.m-q.ch\/wp-content\/uploads\/2021\/02\/Angewandte-und-vorgelebte-soziale-Verantwortung.jpg","keywords":["11\/2016"],"articleSection":["Business Excellence"],"inLanguage":"it-IT"},{"@type":"WebPage","@id":"https:\/\/www.m-q.ch\/angewandte-und-vorgelebte-soziale-verantwortung\/","url":"https:\/\/www.m-q.ch\/angewandte-und-vorgelebte-soziale-verantwortung\/","name":"Responsabilit\u00e0 sociale applicata ed esemplificata - MQ Management and Quality","isPartOf":{"@id":"https:\/\/www.m-q.ch\/fr\/#website"},"primaryImageOfPage":{"@id":"https:\/\/www.m-q.ch\/angewandte-und-vorgelebte-soziale-verantwortung\/#primaryimage"},"image":{"@id":"https:\/\/www.m-q.ch\/angewandte-und-vorgelebte-soziale-verantwortung\/#primaryimage"},"thumbnailUrl":"https:\/\/www.m-q.ch\/wp-content\/uploads\/2021\/02\/Angewandte-und-vorgelebte-soziale-Verantwortung.jpg","datePublished":"2016-11-11T13:57:19+00:00","dateModified":"2021-02-15T14:07:23+00:00","description":"All'ultima cerimonia degli Swiss Employer Awards, i paraplegici sono stati i grandi vincitori: non solo l'Associazione svizzera dei paraplegici SPV ha vinto il primo premio nella sua categoria, ma anche il Centro per paraplegici di Nottwil, la sua \"azienda sorella\" per cos\u00ec dire, ha fatto molto bene, arrivando quarto nella categoria \"grandi aziende\". Quali sono i segreti di questo successo?","breadcrumb":{"@id":"https:\/\/www.m-q.ch\/angewandte-und-vorgelebte-soziale-verantwortung\/#breadcrumb"},"inLanguage":"it-IT","potentialAction":[{"@type":"ReadAction","target":["https:\/\/www.m-q.ch\/angewandte-und-vorgelebte-soziale-verantwortung\/"]}]},{"@type":"ImageObject","inLanguage":"it-IT","@id":"https:\/\/www.m-q.ch\/angewandte-und-vorgelebte-soziale-verantwortung\/#primaryimage","url":"https:\/\/www.m-q.ch\/wp-content\/uploads\/2021\/02\/Angewandte-und-vorgelebte-soziale-Verantwortung.jpg","contentUrl":"https:\/\/www.m-q.ch\/wp-content\/uploads\/2021\/02\/Angewandte-und-vorgelebte-soziale-Verantwortung.jpg","width":858,"height":522,"caption":"Angewandte und vorgelebte soziale Verantwortung"},{"@type":"BreadcrumbList","@id":"https:\/\/www.m-q.ch\/angewandte-und-vorgelebte-soziale-verantwortung\/#breadcrumb","itemListElement":[{"@type":"ListItem","position":1,"name":"Business Excellence","item":"https:\/\/www.m-q.ch\/kategorie\/business_excellence\/"},{"@type":"ListItem","position":2,"name":"Angewandte und vorgelebte soziale Verantwortung"}]},{"@type":"WebSite","@id":"https:\/\/www.m-q.ch\/fr\/#website","url":"https:\/\/www.m-q.ch\/fr\/","name":"Gestione e qualit\u00e0 MQ","description":"Piattaforma per sistemi di gestione integrati.","publisher":{"@id":"https:\/\/www.m-q.ch\/fr\/#organization"},"potentialAction":[{"@type":"SearchAction","target":{"@type":"EntryPoint","urlTemplate":"https:\/\/www.m-q.ch\/fr\/?s={search_term_string}"},"query-input":{"@type":"PropertyValueSpecification","valueRequired":true,"valueName":"search_term_string"}}],"inLanguage":"it-IT"},{"@type":"Organization","@id":"https:\/\/www.m-q.ch\/fr\/#organization","name":"Galledia Fachmedien AG","url":"https:\/\/www.m-q.ch\/fr\/","logo":{"@type":"ImageObject","inLanguage":"it-IT","@id":"https:\/\/www.m-q.ch\/fr\/#\/schema\/logo\/image\/","url":"https:\/\/www.m-q.ch\/wp-content\/uploads\/2020\/12\/cropped-logo_small.png","contentUrl":"https:\/\/www.m-q.ch\/wp-content\/uploads\/2020\/12\/cropped-logo_small.png","width":512,"height":512,"caption":"Galledia Fachmedien AG"},"image":{"@id":"https:\/\/www.m-q.ch\/fr\/#\/schema\/logo\/image\/"},"sameAs":["https:\/\/www.facebook.com\/ManagementUndQualitaet","https:\/\/www.linkedin.com\/showcase\/17982321\/admin\/"]},{"@type":"Person","@id":"https:\/\/www.m-q.ch\/fr\/#\/schema\/person\/0bdf39ca27d0b9b779f5b8af54b3f7d7","name":"upwork_1","image":{"@type":"ImageObject","inLanguage":"it-IT","@id":"https:\/\/www.m-q.ch\/fr\/#\/schema\/person\/image\/","url":"https:\/\/secure.gravatar.com\/avatar\/04d4d0fdc5886d535809f17d0eace7f6?s=96&d=mm&r=g","contentUrl":"https:\/\/secure.gravatar.com\/avatar\/04d4d0fdc5886d535809f17d0eace7f6?s=96&d=mm&r=g","caption":"upwork_1"},"url":"https:\/\/www.m-q.ch\/it\/author\/upwork_1\/"}]}},"_links":{"self":[{"href":"https:\/\/www.m-q.ch\/it\/wp-json\/wp\/v2\/posts\/12121","targetHints":{"allow":["GET"]}}],"collection":[{"href":"https:\/\/www.m-q.ch\/it\/wp-json\/wp\/v2\/posts"}],"about":[{"href":"https:\/\/www.m-q.ch\/it\/wp-json\/wp\/v2\/types\/post"}],"author":[{"embeddable":true,"href":"https:\/\/www.m-q.ch\/it\/wp-json\/wp\/v2\/users\/66"}],"replies":[{"embeddable":true,"href":"https:\/\/www.m-q.ch\/it\/wp-json\/wp\/v2\/comments?post=12121"}],"version-history":[{"count":1,"href":"https:\/\/www.m-q.ch\/it\/wp-json\/wp\/v2\/posts\/12121\/revisions"}],"predecessor-version":[{"id":12131,"href":"https:\/\/www.m-q.ch\/it\/wp-json\/wp\/v2\/posts\/12121\/revisions\/12131"}],"wp:featuredmedia":[{"embeddable":true,"href":"https:\/\/www.m-q.ch\/it\/wp-json\/wp\/v2\/media\/12126"}],"wp:attachment":[{"href":"https:\/\/www.m-q.ch\/it\/wp-json\/wp\/v2\/media?parent=12121"}],"wp:term":[{"taxonomy":"category","embeddable":true,"href":"https:\/\/www.m-q.ch\/it\/wp-json\/wp\/v2\/categories?post=12121"},{"taxonomy":"post_tag","embeddable":true,"href":"https:\/\/www.m-q.ch\/it\/wp-json\/wp\/v2\/tags?post=12121"}],"curies":[{"name":"wp","href":"https:\/\/api.w.org\/{rel}","templated":true}]}}