{"id":1215,"date":"2017-03-06T10:10:14","date_gmt":"2017-03-06T09:10:14","guid":{"rendered":"https:\/\/www.m-q.ch\/?p=1215"},"modified":"2017-03-06T10:48:46","modified_gmt":"2017-03-06T09:48:46","slug":"rapporto-federale-sulla-qualita-dei-medici","status":"publish","type":"post","link":"https:\/\/www.m-q.ch\/it\/bundesraetlicher-bericht-zur-aerztequalitaet\/","title":{"rendered":"Rapporto del Consiglio federale sulla qualit\u00e0 dei medici"},"content":{"rendered":"<p>&nbsp;<\/p>\n<figure id=\"attachment_1216\" aria-describedby=\"caption-attachment-1216\" style=\"width: 680px\" class=\"wp-caption alignnone\"><img loading=\"lazy\" decoding=\"async\" class=\"size-medium wp-image-1216\" src=\"https:\/\/www.m-q.ch\/wp-content\/uploads\/2017\/03\/Bundesr\u00e4tlicher-Bericht-zur-\u00c4rztequalit\u00e4t-mq-management-u-qualit\u00e4t-680x453.jpg\" alt=\"\" width=\"680\" height=\"453\" srcset=\"https:\/\/www.m-q.ch\/wp-content\/uploads\/2017\/03\/Bundesr\u00e4tlicher-Bericht-zur-\u00c4rztequalit\u00e4t-mq-management-u-qualit\u00e4t-680x453.jpg 680w, https:\/\/www.m-q.ch\/wp-content\/uploads\/2017\/03\/Bundesr\u00e4tlicher-Bericht-zur-\u00c4rztequalit\u00e4t-mq-management-u-qualit\u00e4t-768x512.jpg 768w, https:\/\/www.m-q.ch\/wp-content\/uploads\/2017\/03\/Bundesr\u00e4tlicher-Bericht-zur-\u00c4rztequalit\u00e4t-mq-management-u-qualit\u00e4t-1536x1024.jpg 1536w, https:\/\/www.m-q.ch\/wp-content\/uploads\/2017\/03\/Bundesr\u00e4tlicher-Bericht-zur-\u00c4rztequalit\u00e4t-mq-management-u-qualit\u00e4t-2048x1365.jpg 2048w, https:\/\/www.m-q.ch\/wp-content\/uploads\/2017\/03\/Bundesr\u00e4tlicher-Bericht-zur-\u00c4rztequalit\u00e4t-mq-management-u-qualit\u00e4t-16x12.jpg 16w, https:\/\/www.m-q.ch\/wp-content\/uploads\/2017\/03\/Bundesr\u00e4tlicher-Bericht-zur-\u00c4rztequalit\u00e4t-mq-management-u-qualit\u00e4t-263x175.jpg 263w, https:\/\/www.m-q.ch\/wp-content\/uploads\/2017\/03\/Bundesr\u00e4tlicher-Bericht-zur-\u00c4rztequalit\u00e4t-mq-management-u-qualit\u00e4t-525x350.jpg 525w, https:\/\/www.m-q.ch\/wp-content\/uploads\/2017\/03\/Bundesr\u00e4tlicher-Bericht-zur-\u00c4rztequalit\u00e4t-mq-management-u-qualit\u00e4t-1200x800.jpg 1200w, https:\/\/www.m-q.ch\/wp-content\/uploads\/2017\/03\/Bundesr\u00e4tlicher-Bericht-zur-\u00c4rztequalit\u00e4t-mq-management-u-qualit\u00e4t-920x613.jpg 920w, https:\/\/www.m-q.ch\/wp-content\/uploads\/2017\/03\/Bundesr\u00e4tlicher-Bericht-zur-\u00c4rztequalit\u00e4t-mq-management-u-qualit\u00e4t-1400x933.jpg 1400w, https:\/\/www.m-q.ch\/wp-content\/uploads\/2017\/03\/Bundesr\u00e4tlicher-Bericht-zur-\u00c4rztequalit\u00e4t-mq-management-u-qualit\u00e4t-300x200.jpg 300w, https:\/\/www.m-q.ch\/wp-content\/uploads\/2017\/03\/Bundesr\u00e4tlicher-Bericht-zur-\u00c4rztequalit\u00e4t-mq-management-u-qualit\u00e4t-1024x683.jpg 1024w, https:\/\/www.m-q.ch\/wp-content\/uploads\/2017\/03\/Bundesr\u00e4tlicher-Bericht-zur-\u00c4rztequalit\u00e4t-mq-management-u-qualit\u00e4t-624x416.jpg 624w\" sizes=\"auto, (max-width: 680px) 100vw, 680px\" \/><figcaption id=\"caption-attachment-1216\" class=\"wp-caption-text\">I medici svizzeri dovrebbero essere in grado di parlare la lingua dei pazienti svizzeri, chiede la FMH. (Immagine: depositphotos)<\/figcaption><\/figure>\n<p>Il presente rapporto del Consiglio federale si occupa di proposte qualitative che non corrispondono di per s\u00e9 alla regolamentazione dei prezzi.  Il rapporto mostra che la restrizione della libera scelta del medico per i pazienti, cos\u00ec come il controllo attraverso prezzi diversi per lo stesso servizio, pu\u00f2 portare a svantaggi nel mercato sanitario svizzero. Per questo motivo, il Consiglio federale si orienta verso i modelli di lavoro dei fornitori di servizi: anche i medici vogliono sempre pi\u00f9 lavorare a tempo parziale, per questo gli equivalenti a tempo pieno devono essere presi in considerazione. Il compito ora \u00e8 quello di continuare ad orientare le licenze dei medici dopo il 2019 in modo ancora pi\u00f9 coerente alla sicurezza dei pazienti.<\/p>\n<p><strong>Criteri di qualit\u00e0 del FMH<\/strong><\/p>\n<p>All'inizio di marzo 2017, il Consiglio federale ha fornito per la prima volta informazioni sul piano di successione dei medici in Svizzera. La pratica attuale ha dimostrato il suo valore: Attualmente, i medici devono aver lavorato per almeno tre anni in un istituto di formazione post-laurea riconosciuto dalla Svizzera per poter lavorare come libero professionista.<\/p>\n<p><strong><em>La FMH esige che i seguenti quattro criteri di qualit\u00e0 dimostrabili debbano essere soddisfatti cumulativamente affinch\u00e9 i medici possano essere autorizzati: <\/em><\/strong><\/p>\n<ul>\n<li><em>Competenza linguistica: i medici devono dimostrare la competenza linguistica richiesta nella loro regione di pratica in un esame di lingua sostenuto in Svizzera.<\/em><\/li>\n<li><em>Durata della formazione: Lo studio della medicina umana comprende sei anni di studio a tempo pieno o almeno 5.500 ore di istruzione teorica e pratica.<\/em><\/li>\n<li><em>Formazione continua: I medici devono aver lavorato come medici clinici per almeno tre anni in un centro di formazione riconosciuto nella disciplina specialistica richiesta per l'ammissione con un carico di lavoro di almeno 80%. Nel caso di un carico di lavoro minore, l'attivit\u00e0 clinica richiesta viene estesa di conseguenza.<\/em><\/li>\n<li><em>Prova della formazione continua: dopo aver acquisito il titolo di formazione continua (specialista), i medici devono continuare la loro formazione per tutta la loro vita professionale. La formazione continua pu\u00f2 essere richiesta periodicamente in tutte le 46 specialit\u00e0 ed \u00e8 quindi un criterio di qualit\u00e0 chiaramente verificabile e facilmente verificabile.<\/em><\/li>\n<\/ul>\n<p>Dal punto di vista della FMH, la sicurezza del paziente deve essere garantita ad ogni costo. Una nuova regolamentazione delle licenze deve tener conto del fatto che gran parte dei medici che desiderano lavorare in Svizzera provengono dall'estero. Allo stesso tempo, i criteri di ammissione devono anche garantire un'assistenza medica di alta qualit\u00e0 da parte di giovani medici svizzeri.<\/p>\n<p><a href=\"http:\/\/www.fmh.ch\/\">www.fmh.ch<\/a><\/p>","protected":false},"excerpt":{"rendered":"<p>&nbsp; Beim vorliegenden Bundesr\u00e4tlichen Bericht geht es um qualitative Vorschl\u00e4ge, die per se nicht Preisbestimmungen entsprechen. \u00a0Der Bericht zeigt, dass bei der Einschr\u00e4nkung der freien Arztwahl f\u00fcr Patienten als auch bei der Steuerung \u00fcber unterschiedliche Preise f\u00fcr die gleiche Leistung Nachteile im Schweizer Gesundheitsmarkt entstehen k\u00f6nnen. Daher orientiert sich der Bundesrat an Arbeitsmodellen der Leistungserbringer: [&hellip;]<\/p>\n","protected":false},"author":35,"featured_media":1216,"comment_status":"open","ping_status":"open","sticky":false,"template":"","format":"standard","meta":{"_acf_changed":false,"footnotes":""},"categories":[5,1],"tags":[3475],"class_list":["post-1215","post","type-post","status-publish","format-standard","has-post-thumbnail","hentry","category-business_excellence","category-unkategorisiert","tag-schweizer-aerzte-fmh"],"acf":[],"yoast_head":"<!-- This site is optimized with the Yoast SEO plugin v26.2 - https:\/\/yoast.com\/wordpress\/plugins\/seo\/ -->\n<title>Bundesr\u00e4tlicher Bericht zur \u00c4rztequalit\u00e4t - MQ Management und Qualit\u00e4t<\/title>\n<meta name=\"description\" content=\"Der Bundesr\u00e4tliche Bericht zur Zulassung von \u00c4rzten beinhaltet qualitative Punkte zur Nachfolgeregelung von \u00c4rzten, wobei auch Sprachkompetenz gefragt ist.\" \/>\n<meta name=\"robots\" content=\"index, follow, max-snippet:-1, max-image-preview:large, max-video-preview:-1\" \/>\n<link rel=\"canonical\" href=\"https:\/\/www.m-q.ch\/it\/rapporto-federale-sulla-qualita-dei-medici\/\" \/>\n<meta property=\"og:locale\" content=\"it_IT\" \/>\n<meta property=\"og:type\" content=\"article\" \/>\n<meta property=\"og:title\" content=\"Bundesr\u00e4tlicher Bericht zur \u00c4rztequalit\u00e4t - MQ Management und Qualit\u00e4t\" \/>\n<meta property=\"og:description\" content=\"Der Bundesr\u00e4tliche Bericht zur Zulassung von \u00c4rzten beinhaltet qualitative Punkte zur Nachfolgeregelung von \u00c4rzten, wobei auch Sprachkompetenz gefragt ist.\" \/>\n<meta property=\"og:url\" content=\"https:\/\/www.m-q.ch\/it\/rapporto-federale-sulla-qualita-dei-medici\/\" \/>\n<meta property=\"og:site_name\" content=\"MQ Management und Qualit\u00e4t\" \/>\n<meta property=\"article:publisher\" content=\"https:\/\/www.facebook.com\/ManagementUndQualitaet\" \/>\n<meta property=\"article:published_time\" content=\"2017-03-06T09:10:14+00:00\" \/>\n<meta property=\"article:modified_time\" content=\"2017-03-06T09:48:46+00:00\" \/>\n<meta property=\"og:image\" content=\"https:\/\/www.m-q.ch\/wp-content\/uploads\/2017\/03\/Bundesr\u00e4tlicher-Bericht-zur-\u00c4rztequalit\u00e4t-mq-management-u-qualit\u00e4t-scaled.jpg\" \/>\n\t<meta property=\"og:image:width\" content=\"2560\" \/>\n\t<meta property=\"og:image:height\" content=\"1706\" \/>\n\t<meta property=\"og:image:type\" content=\"image\/jpeg\" \/>\n<meta name=\"author\" content=\"Roger Str\u00e4ssle\" \/>\n<meta name=\"twitter:card\" content=\"summary_large_image\" \/>\n<meta name=\"twitter:label1\" content=\"Scritto da\" \/>\n\t<meta name=\"twitter:data1\" content=\"Roger Str\u00e4ssle\" \/>\n\t<meta name=\"twitter:label2\" content=\"Tempo di lettura stimato\" \/>\n\t<meta name=\"twitter:data2\" content=\"2 minuti\" \/>\n<script type=\"application\/ld+json\" class=\"yoast-schema-graph\">{\"@context\":\"https:\/\/schema.org\",\"@graph\":[{\"@type\":\"Article\",\"@id\":\"https:\/\/www.m-q.ch\/bundesraetlicher-bericht-zur-aerztequalitaet\/#article\",\"isPartOf\":{\"@id\":\"https:\/\/www.m-q.ch\/bundesraetlicher-bericht-zur-aerztequalitaet\/\"},\"author\":{\"name\":\"Roger Str\u00e4ssle\",\"@id\":\"https:\/\/www.m-q.ch\/fr\/#\/schema\/person\/47d540e081acd98ccbeb69b55df653d7\"},\"headline\":\"Bundesr\u00e4tlicher Bericht zur \u00c4rztequalit\u00e4t\",\"datePublished\":\"2017-03-06T09:10:14+00:00\",\"dateModified\":\"2017-03-06T09:48:46+00:00\",\"mainEntityOfPage\":{\"@id\":\"https:\/\/www.m-q.ch\/bundesraetlicher-bericht-zur-aerztequalitaet\/\"},\"wordCount\":372,\"commentCount\":0,\"publisher\":{\"@id\":\"https:\/\/www.m-q.ch\/fr\/#organization\"},\"image\":{\"@id\":\"https:\/\/www.m-q.ch\/bundesraetlicher-bericht-zur-aerztequalitaet\/#primaryimage\"},\"thumbnailUrl\":\"https:\/\/www.m-q.ch\/wp-content\/uploads\/2017\/03\/Bundesr\u00e4tlicher-Bericht-zur-\u00c4rztequalit\u00e4t-mq-management-u-qualit\u00e4t-scaled.jpg\",\"keywords\":[\"Schweizer \u00c4rzte + FMH\"],\"articleSection\":[\"Business Excellence\",\"Unkategorisiert\"],\"inLanguage\":\"it-IT\"},{\"@type\":\"WebPage\",\"@id\":\"https:\/\/www.m-q.ch\/bundesraetlicher-bericht-zur-aerztequalitaet\/\",\"url\":\"https:\/\/www.m-q.ch\/bundesraetlicher-bericht-zur-aerztequalitaet\/\",\"name\":\"Bundesr\u00e4tlicher Bericht zur \u00c4rztequalit\u00e4t - MQ Management und Qualit\u00e4t\",\"isPartOf\":{\"@id\":\"https:\/\/www.m-q.ch\/fr\/#website\"},\"primaryImageOfPage\":{\"@id\":\"https:\/\/www.m-q.ch\/bundesraetlicher-bericht-zur-aerztequalitaet\/#primaryimage\"},\"image\":{\"@id\":\"https:\/\/www.m-q.ch\/bundesraetlicher-bericht-zur-aerztequalitaet\/#primaryimage\"},\"thumbnailUrl\":\"https:\/\/www.m-q.ch\/wp-content\/uploads\/2017\/03\/Bundesr\u00e4tlicher-Bericht-zur-\u00c4rztequalit\u00e4t-mq-management-u-qualit\u00e4t-scaled.jpg\",\"datePublished\":\"2017-03-06T09:10:14+00:00\",\"dateModified\":\"2017-03-06T09:48:46+00:00\",\"description\":\"Der Bundesr\u00e4tliche Bericht zur Zulassung von \u00c4rzten beinhaltet qualitative Punkte zur Nachfolgeregelung von \u00c4rzten, wobei auch Sprachkompetenz gefragt ist.\",\"breadcrumb\":{\"@id\":\"https:\/\/www.m-q.ch\/bundesraetlicher-bericht-zur-aerztequalitaet\/#breadcrumb\"},\"inLanguage\":\"it-IT\",\"potentialAction\":[{\"@type\":\"ReadAction\",\"target\":[\"https:\/\/www.m-q.ch\/bundesraetlicher-bericht-zur-aerztequalitaet\/\"]}]},{\"@type\":\"ImageObject\",\"inLanguage\":\"it-IT\",\"@id\":\"https:\/\/www.m-q.ch\/bundesraetlicher-bericht-zur-aerztequalitaet\/#primaryimage\",\"url\":\"https:\/\/www.m-q.ch\/wp-content\/uploads\/2017\/03\/Bundesr\u00e4tlicher-Bericht-zur-\u00c4rztequalit\u00e4t-mq-management-u-qualit\u00e4t-scaled.jpg\",\"contentUrl\":\"https:\/\/www.m-q.ch\/wp-content\/uploads\/2017\/03\/Bundesr\u00e4tlicher-Bericht-zur-\u00c4rztequalit\u00e4t-mq-management-u-qualit\u00e4t-scaled.jpg\",\"width\":2560,\"height\":1706,\"caption\":\"Schweizer \u00c4rzte sollen die Sprache von Schweizer Patienten sprechen k\u00f6nnen, fordert die FMH. (Bild: depositphotos)\"},{\"@type\":\"BreadcrumbList\",\"@id\":\"https:\/\/www.m-q.ch\/bundesraetlicher-bericht-zur-aerztequalitaet\/#breadcrumb\",\"itemListElement\":[{\"@type\":\"ListItem\",\"position\":1,\"name\":\"Business Excellence\",\"item\":\"https:\/\/www.m-q.ch\/kategorie\/business_excellence\/\"},{\"@type\":\"ListItem\",\"position\":2,\"name\":\"Bundesr\u00e4tlicher Bericht zur \u00c4rztequalit\u00e4t\"}]},{\"@type\":\"WebSite\",\"@id\":\"https:\/\/www.m-q.ch\/fr\/#website\",\"url\":\"https:\/\/www.m-q.ch\/fr\/\",\"name\":\"MQ Management und Qualit\u00e4t\",\"description\":\"Plattform f\u00fcr integrierte Managementsysteme.\",\"publisher\":{\"@id\":\"https:\/\/www.m-q.ch\/fr\/#organization\"},\"potentialAction\":[{\"@type\":\"SearchAction\",\"target\":{\"@type\":\"EntryPoint\",\"urlTemplate\":\"https:\/\/www.m-q.ch\/fr\/?s={search_term_string}\"},\"query-input\":{\"@type\":\"PropertyValueSpecification\",\"valueRequired\":true,\"valueName\":\"search_term_string\"}}],\"inLanguage\":\"it-IT\"},{\"@type\":\"Organization\",\"@id\":\"https:\/\/www.m-q.ch\/fr\/#organization\",\"name\":\"Galledia Fachmedien AG\",\"url\":\"https:\/\/www.m-q.ch\/fr\/\",\"logo\":{\"@type\":\"ImageObject\",\"inLanguage\":\"it-IT\",\"@id\":\"https:\/\/www.m-q.ch\/fr\/#\/schema\/logo\/image\/\",\"url\":\"https:\/\/www.m-q.ch\/wp-content\/uploads\/2020\/12\/cropped-logo_small.png\",\"contentUrl\":\"https:\/\/www.m-q.ch\/wp-content\/uploads\/2020\/12\/cropped-logo_small.png\",\"width\":512,\"height\":512,\"caption\":\"Galledia Fachmedien AG\"},\"image\":{\"@id\":\"https:\/\/www.m-q.ch\/fr\/#\/schema\/logo\/image\/\"},\"sameAs\":[\"https:\/\/www.facebook.com\/ManagementUndQualitaet\",\"https:\/\/www.linkedin.com\/showcase\/17982321\/admin\/\"]},{\"@type\":\"Person\",\"@id\":\"https:\/\/www.m-q.ch\/fr\/#\/schema\/person\/47d540e081acd98ccbeb69b55df653d7\",\"name\":\"Roger Str\u00e4ssle\",\"image\":{\"@type\":\"ImageObject\",\"inLanguage\":\"it-IT\",\"@id\":\"https:\/\/www.m-q.ch\/fr\/#\/schema\/person\/image\/\",\"url\":\"https:\/\/secure.gravatar.com\/avatar\/e4dde3046d8a184d2e2d27651a418883?s=96&d=mm&r=g\",\"contentUrl\":\"https:\/\/secure.gravatar.com\/avatar\/e4dde3046d8a184d2e2d27651a418883?s=96&d=mm&r=g\",\"caption\":\"Roger Str\u00e4ssle\"},\"url\":\"https:\/\/www.m-q.ch\/it\/author\/roger-straessle\/\"}]}<\/script>\n<!-- \/ Yoast SEO plugin. -->","yoast_head_json":{"title":"Rapporto del Consiglio federale sulla qualit\u00e0 dei medici - MQ Management und Qualit\u00e4t","description":"Il rapporto del Consiglio federale sull'abilitazione dei medici include punti qualitativi sulla successione dei medici, per cui sono richieste anche competenze linguistiche.","robots":{"index":"index","follow":"follow","max-snippet":"max-snippet:-1","max-image-preview":"max-image-preview:large","max-video-preview":"max-video-preview:-1"},"canonical":"https:\/\/www.m-q.ch\/it\/rapporto-federale-sulla-qualita-dei-medici\/","og_locale":"it_IT","og_type":"article","og_title":"Bundesr\u00e4tlicher Bericht zur \u00c4rztequalit\u00e4t - MQ Management und Qualit\u00e4t","og_description":"Der Bundesr\u00e4tliche Bericht zur Zulassung von \u00c4rzten beinhaltet qualitative Punkte zur Nachfolgeregelung von \u00c4rzten, wobei auch Sprachkompetenz gefragt ist.","og_url":"https:\/\/www.m-q.ch\/it\/rapporto-federale-sulla-qualita-dei-medici\/","og_site_name":"MQ Management und Qualit\u00e4t","article_publisher":"https:\/\/www.facebook.com\/ManagementUndQualitaet","article_published_time":"2017-03-06T09:10:14+00:00","article_modified_time":"2017-03-06T09:48:46+00:00","og_image":[{"width":2560,"height":1706,"url":"https:\/\/www.m-q.ch\/wp-content\/uploads\/2017\/03\/Bundesr\u00e4tlicher-Bericht-zur-\u00c4rztequalit\u00e4t-mq-management-u-qualit\u00e4t-scaled.jpg","type":"image\/jpeg"}],"author":"Roger Str\u00e4ssle","twitter_card":"summary_large_image","twitter_misc":{"Scritto da":"Roger Str\u00e4ssle","Tempo di lettura stimato":"2 minuti"},"schema":{"@context":"https:\/\/schema.org","@graph":[{"@type":"Article","@id":"https:\/\/www.m-q.ch\/bundesraetlicher-bericht-zur-aerztequalitaet\/#article","isPartOf":{"@id":"https:\/\/www.m-q.ch\/bundesraetlicher-bericht-zur-aerztequalitaet\/"},"author":{"name":"Roger Str\u00e4ssle","@id":"https:\/\/www.m-q.ch\/fr\/#\/schema\/person\/47d540e081acd98ccbeb69b55df653d7"},"headline":"Bundesr\u00e4tlicher Bericht zur \u00c4rztequalit\u00e4t","datePublished":"2017-03-06T09:10:14+00:00","dateModified":"2017-03-06T09:48:46+00:00","mainEntityOfPage":{"@id":"https:\/\/www.m-q.ch\/bundesraetlicher-bericht-zur-aerztequalitaet\/"},"wordCount":372,"commentCount":0,"publisher":{"@id":"https:\/\/www.m-q.ch\/fr\/#organization"},"image":{"@id":"https:\/\/www.m-q.ch\/bundesraetlicher-bericht-zur-aerztequalitaet\/#primaryimage"},"thumbnailUrl":"https:\/\/www.m-q.ch\/wp-content\/uploads\/2017\/03\/Bundesr\u00e4tlicher-Bericht-zur-\u00c4rztequalit\u00e4t-mq-management-u-qualit\u00e4t-scaled.jpg","keywords":["Schweizer \u00c4rzte + FMH"],"articleSection":["Business Excellence","Unkategorisiert"],"inLanguage":"it-IT"},{"@type":"WebPage","@id":"https:\/\/www.m-q.ch\/bundesraetlicher-bericht-zur-aerztequalitaet\/","url":"https:\/\/www.m-q.ch\/bundesraetlicher-bericht-zur-aerztequalitaet\/","name":"Rapporto del Consiglio federale sulla qualit\u00e0 dei medici - MQ Management und Qualit\u00e4t","isPartOf":{"@id":"https:\/\/www.m-q.ch\/fr\/#website"},"primaryImageOfPage":{"@id":"https:\/\/www.m-q.ch\/bundesraetlicher-bericht-zur-aerztequalitaet\/#primaryimage"},"image":{"@id":"https:\/\/www.m-q.ch\/bundesraetlicher-bericht-zur-aerztequalitaet\/#primaryimage"},"thumbnailUrl":"https:\/\/www.m-q.ch\/wp-content\/uploads\/2017\/03\/Bundesr\u00e4tlicher-Bericht-zur-\u00c4rztequalit\u00e4t-mq-management-u-qualit\u00e4t-scaled.jpg","datePublished":"2017-03-06T09:10:14+00:00","dateModified":"2017-03-06T09:48:46+00:00","description":"Il rapporto del Consiglio federale sull'abilitazione dei medici include punti qualitativi sulla successione dei medici, per cui sono richieste anche competenze linguistiche.","breadcrumb":{"@id":"https:\/\/www.m-q.ch\/bundesraetlicher-bericht-zur-aerztequalitaet\/#breadcrumb"},"inLanguage":"it-IT","potentialAction":[{"@type":"ReadAction","target":["https:\/\/www.m-q.ch\/bundesraetlicher-bericht-zur-aerztequalitaet\/"]}]},{"@type":"ImageObject","inLanguage":"it-IT","@id":"https:\/\/www.m-q.ch\/bundesraetlicher-bericht-zur-aerztequalitaet\/#primaryimage","url":"https:\/\/www.m-q.ch\/wp-content\/uploads\/2017\/03\/Bundesr\u00e4tlicher-Bericht-zur-\u00c4rztequalit\u00e4t-mq-management-u-qualit\u00e4t-scaled.jpg","contentUrl":"https:\/\/www.m-q.ch\/wp-content\/uploads\/2017\/03\/Bundesr\u00e4tlicher-Bericht-zur-\u00c4rztequalit\u00e4t-mq-management-u-qualit\u00e4t-scaled.jpg","width":2560,"height":1706,"caption":"Schweizer \u00c4rzte sollen die Sprache von Schweizer Patienten sprechen k\u00f6nnen, fordert die FMH. (Bild: depositphotos)"},{"@type":"BreadcrumbList","@id":"https:\/\/www.m-q.ch\/bundesraetlicher-bericht-zur-aerztequalitaet\/#breadcrumb","itemListElement":[{"@type":"ListItem","position":1,"name":"Business Excellence","item":"https:\/\/www.m-q.ch\/kategorie\/business_excellence\/"},{"@type":"ListItem","position":2,"name":"Bundesr\u00e4tlicher Bericht zur \u00c4rztequalit\u00e4t"}]},{"@type":"WebSite","@id":"https:\/\/www.m-q.ch\/fr\/#website","url":"https:\/\/www.m-q.ch\/fr\/","name":"Gestione e qualit\u00e0 MQ","description":"Piattaforma per sistemi di gestione integrati.","publisher":{"@id":"https:\/\/www.m-q.ch\/fr\/#organization"},"potentialAction":[{"@type":"SearchAction","target":{"@type":"EntryPoint","urlTemplate":"https:\/\/www.m-q.ch\/fr\/?s={search_term_string}"},"query-input":{"@type":"PropertyValueSpecification","valueRequired":true,"valueName":"search_term_string"}}],"inLanguage":"it-IT"},{"@type":"Organization","@id":"https:\/\/www.m-q.ch\/fr\/#organization","name":"Galledia Fachmedien AG","url":"https:\/\/www.m-q.ch\/fr\/","logo":{"@type":"ImageObject","inLanguage":"it-IT","@id":"https:\/\/www.m-q.ch\/fr\/#\/schema\/logo\/image\/","url":"https:\/\/www.m-q.ch\/wp-content\/uploads\/2020\/12\/cropped-logo_small.png","contentUrl":"https:\/\/www.m-q.ch\/wp-content\/uploads\/2020\/12\/cropped-logo_small.png","width":512,"height":512,"caption":"Galledia Fachmedien AG"},"image":{"@id":"https:\/\/www.m-q.ch\/fr\/#\/schema\/logo\/image\/"},"sameAs":["https:\/\/www.facebook.com\/ManagementUndQualitaet","https:\/\/www.linkedin.com\/showcase\/17982321\/admin\/"]},{"@type":"Person","@id":"https:\/\/www.m-q.ch\/fr\/#\/schema\/person\/47d540e081acd98ccbeb69b55df653d7","name":"Roger Str\u00e4ssle","image":{"@type":"ImageObject","inLanguage":"it-IT","@id":"https:\/\/www.m-q.ch\/fr\/#\/schema\/person\/image\/","url":"https:\/\/secure.gravatar.com\/avatar\/e4dde3046d8a184d2e2d27651a418883?s=96&d=mm&r=g","contentUrl":"https:\/\/secure.gravatar.com\/avatar\/e4dde3046d8a184d2e2d27651a418883?s=96&d=mm&r=g","caption":"Roger Str\u00e4ssle"},"url":"https:\/\/www.m-q.ch\/it\/author\/roger-straessle\/"}]}},"_links":{"self":[{"href":"https:\/\/www.m-q.ch\/it\/wp-json\/wp\/v2\/posts\/1215","targetHints":{"allow":["GET"]}}],"collection":[{"href":"https:\/\/www.m-q.ch\/it\/wp-json\/wp\/v2\/posts"}],"about":[{"href":"https:\/\/www.m-q.ch\/it\/wp-json\/wp\/v2\/types\/post"}],"author":[{"embeddable":true,"href":"https:\/\/www.m-q.ch\/it\/wp-json\/wp\/v2\/users\/35"}],"replies":[{"embeddable":true,"href":"https:\/\/www.m-q.ch\/it\/wp-json\/wp\/v2\/comments?post=1215"}],"version-history":[{"count":1,"href":"https:\/\/www.m-q.ch\/it\/wp-json\/wp\/v2\/posts\/1215\/revisions"}],"predecessor-version":[{"id":1217,"href":"https:\/\/www.m-q.ch\/it\/wp-json\/wp\/v2\/posts\/1215\/revisions\/1217"}],"wp:featuredmedia":[{"embeddable":true,"href":"https:\/\/www.m-q.ch\/it\/wp-json\/wp\/v2\/media\/1216"}],"wp:attachment":[{"href":"https:\/\/www.m-q.ch\/it\/wp-json\/wp\/v2\/media?parent=1215"}],"wp:term":[{"taxonomy":"category","embeddable":true,"href":"https:\/\/www.m-q.ch\/it\/wp-json\/wp\/v2\/categories?post=1215"},{"taxonomy":"post_tag","embeddable":true,"href":"https:\/\/www.m-q.ch\/it\/wp-json\/wp\/v2\/tags?post=1215"}],"curies":[{"name":"wp","href":"https:\/\/api.w.org\/{rel}","templated":true}]}}