{"id":12190,"date":"2015-07-01T08:31:00","date_gmt":"2015-07-01T06:31:00","guid":{"rendered":"https:\/\/www.m-q.ch\/?p=12190"},"modified":"2021-02-16T08:44:13","modified_gmt":"2021-02-16T07:44:13","slug":"che-non-ha-piu-visioni","status":"publish","type":"post","link":"https:\/\/www.m-q.ch\/it\/wer-keine-visionen-mehr-hat\/","title":{"rendered":"\"Colui che non ha pi\u00f9 visione...\""},"content":{"rendered":"<p><img loading=\"lazy\" decoding=\"async\" class=\"alignnone size-full wp-image-12203\" src=\"https:\/\/www.m-q.ch\/wp-content\/uploads\/2021\/02\/Wer-keine-Visionen-mehr-hat-....jpg\" alt=\"&quot;Colui che non ha pi\u00f9 visione...&quot;\" width=\"878\" height=\"574\" srcset=\"https:\/\/www.m-q.ch\/wp-content\/uploads\/2021\/02\/Wer-keine-Visionen-mehr-hat-....jpg 878w, https:\/\/www.m-q.ch\/wp-content\/uploads\/2021\/02\/Wer-keine-Visionen-mehr-hat-...-768x502.jpg 768w, https:\/\/www.m-q.ch\/wp-content\/uploads\/2021\/02\/Wer-keine-Visionen-mehr-hat-...-16x10.jpg 16w, https:\/\/www.m-q.ch\/wp-content\/uploads\/2021\/02\/Wer-keine-Visionen-mehr-hat-...-268x175.jpg 268w, https:\/\/www.m-q.ch\/wp-content\/uploads\/2021\/02\/Wer-keine-Visionen-mehr-hat-...-535x350.jpg 535w, https:\/\/www.m-q.ch\/wp-content\/uploads\/2021\/02\/Wer-keine-Visionen-mehr-hat-...-300x196.jpg 300w\" sizes=\"auto, (max-width: 878px) 100vw, 878px\" \/><\/p>\n<p>&nbsp;<\/p>\n<p>&nbsp;<\/p>\n<p>Il motto della Giornata svizzera della qualit\u00e0 era \"Marketing della qualit\u00e0\". Questo \u00e8 stato anche il punto di partenza delle parole introduttive del moderatore Andrea Lager, che ha fatto anche un riferimento all'attuale vicenda della FIFA - come esempio discutibile del legame tra qualit\u00e0 e marketing: da un lato, il calcio va commercializzato \"come vincere alla lotteria, perch\u00e9 si tratta di emozioni\". D'altra parte, per\u00f2, la conformit\u00e0 da parte di un'associazione sportiva \u00e8 anche parte di essa e non solo un po'.<\/p>\n<p><strong>La qualit\u00e0 si sperimenta solo quando manca<\/strong><\/p>\n<p>&nbsp;<\/p>\n<p>Il primo oratore \u00e8 stato Stefan Hagen, allenatore e autore. Proprio all'inizio, ha posto una domanda imprenditoriale a Gretchen: \"Perch\u00e9 i clienti vengono da noi?\". La risposta - dopo molta riflessione - \u00e8 poi spesso: \"Per la qualit\u00e0 dei nostri prodotti\". In altre parole, ogni azienda crede di offrire qualit\u00e0. Ma cos'\u00e8 la \"qualit\u00e0\"? La risposta di Stefan Hagen sembra un po' rassegnata: \"La qualit\u00e0 viene vissuta dai clienti solo quando non c'\u00e8 pi\u00f9. Raccomanda quindi di considerare ancora di pi\u00f9 il termine dal punto di vista del cliente e fa anche riferimento al fatto che la revisione della ISO 9001 ora prende anche questo in maggiore considerazione. Per quanto riguarda la difficolt\u00e0 in molte aziende in cui la direzione attua solo in modo insufficiente la gestione della qualit\u00e0, Hagen ha anche chiarito quanta energia \u00e8 necessaria per ancorare il processo e il pensiero della qualit\u00e0 in primo luogo nei singoli dipendenti. Ha anche consigliato pi\u00f9 coraggio per la qualit\u00e0.<\/p>\n<p><strong>Una questione di profilo...<\/strong><\/p>\n<p>&nbsp;<\/p>\n<p>Due sessioni parallele hanno poi affrontato i temi \"La qualit\u00e0 ha bisogno di cultura\" e \"La qualit\u00e0 ha bisogno di profilo\". L\u00ec, il Prof. Dr. Hans Lichtsteiner, direttore della formazione continua all'Universit\u00e0 di Friburgo, ha mostrato come il profilo pu\u00f2 influenzare la percezione - anche per quanto riguarda la qualit\u00e0 attesa. Questo rende ancora pi\u00f9 importante per le aziende creare la propria identit\u00e0 aziendale attraverso la giusta interazione di corporate design, comunicazione aziendale e comportamento aziendale. Perch\u00e9 \u00e8 solo attraverso l'identit\u00e0 che si crea un profilo. Ueli Steiner, amministratore delegato di bio.inspecta AG, una societ\u00e0 che certifica le aziende agricole biologiche, tra le altre cose, ha fornito una visione pratica. L'impegno per l'ecologia - e anche il suo impatto economico - si riflette nel profilo dell'azienda: formazione e perfezionamento qualificati per i dipendenti, uso coerente del trasporto pubblico e car sharing sono solo alcuni degli elementi elencati da Ueli Steiner. E: \"I clienti si aspettano di pi\u00f9 in termini di reputazione di quanto non offrano loro stessi. \u00bb<\/p>\n<p><strong>... o di cultura<\/strong><\/p>\n<p>&nbsp;<\/p>\n<p>Nella Sessione II \"La qualit\u00e0 ha bisogno di cultura\", due esperti hanno parlato dei requisiti di qualit\u00e0 nell'area del personale e della governance. Il Prof. Dr. J\u00fcrg Meier - specializzato in formazione, consulenza e gestione di aziende - ha parlato non solo di come la qualit\u00e0 debba essere misurata e documentata, ma anche dei tipici \"rituali culturali\" o fattori esterni che influenzano i processi aziendali in ogni momento. Meier ha esaminato le condizioni quadro per il lavoro di squadra, le relazioni tra clienti e dipendenti. Tra le altre cose, una delle sue credenziali al top management era: \"Fai quello che ti viene detto\".<\/p>\n<p>&nbsp;<\/p>\n<p>Il prossimo oratore, Ruedi Josuran, \u00e8 stato per molti anni presentatore e redattore per la radio svizzera (\"Fenster zum Sonntag\" su SRF 2). Oggi \u00e8 responsabile della comunicazione - coach di carriera, salute e life balance - presso il BGM Forum Switzerland. Nel Kursaal, l'esperto ha fornito ulteriori punti per un buon funzionamento del governo personale. Chiede un \"buon modo di trattare se stessi\". I prerequisiti per questo sono parole grosse come autodeterminazione, autoriflessione e autoregolazione, \"il riconoscimento dei propri limiti e potenzialit\u00e0\". Soprattutto a livello di gestione, le \"stazioni di servizio energetiche\", quasi piccole unit\u00e0 di recupero personali, non dovrebbero essere un tab\u00f9.<\/p>\n<p><strong>Il Cantico dei Cantici per l'educazione<\/strong><\/p>\n<p>&nbsp;<\/p>\n<p>Dopo il \"blocco anniversario\" (vedi relazione a pag. 7), quattro brevi presentazioni si sono concentrate sui seguenti temi: Marim\u00e9e Montalbetti della SEFRI ha parlato di \"Qualit\u00e0 nella formazione\", riferendosi in particolare al sistema svizzero di formazione duale, che suscita sempre pi\u00f9 interesse all'estero. Stefan Eisenring, direttore della ibW H\u00f6here Fachschule S\u00fcdostschweiz (Universit\u00e0 di Scienze Applicate e Arti della Svizzera sud-orientale), ha anche fatto eco a questo sentimento, ma ha chiesto che l'istruzione e la formazione professionale superiore continuino ad ottenere molto pi\u00f9 riconoscimento. Daniel Wiener ha poi presentato un progetto visionario con \"Cargo Souterrain\": Un giorno un sistema di trasporto sotterraneo trasporter\u00e0 la posta e altre merci lungo le principali vie di traffico - senza personale e a 30 km\/h su binari a induzione. Il progetto - finanziato privatamente da partner del commercio al dettaglio, la Posta, le FFS e altri - \u00e8 attualmente in fase di studio di fattibilit\u00e0. Nel migliore dei casi, la messa in servizio \u00e8 possibile a partire dal 2028,<\/p>\n<p>&nbsp;<\/p>\n<p><em><strong>La qualit\u00e0 svizzera ha perso il suo vantaggio globale<\/strong><\/em><\/p>\n<p>&nbsp;<\/p>\n<p>La domanda del mercato \u00e8 provata in ogni caso, come ha spiegato Wiener. Infine, Alexander Jaggy ha fornito una sorta di lista di controllo su come un marchio pu\u00f2 soddisfare la \"Swissness\": Un marchio \u00e8 credibile? \u00c8 rilevante per il mercato e anche per il prodotto? Swissness ha un valore informativo? Un marchio si differenzia e si attiva? Se questi punti sono soddisfatti, \u00e8 pi\u00f9 facile \"vendere una balestra\", il simbolo della qualit\u00e0 svizzera. Nella tavola rotonda che \u00e8 seguita, gli argomenti sono stati elaborati un po' di pi\u00f9.<\/p>\n<p><strong>La consigliera federale Doris Leuthard: \"Non restare indietro\".<\/strong><\/p>\n<p>&nbsp;<\/p>\n<p>La consigliera federale Doris Leuthard, capo del Dipartimento dell'ambiente, dei trasporti, dell'energia e delle comunicazioni (DATEC), ha fatto il discorso di chiusura. Ha sottolineato che la qualit\u00e0 svizzera ha perso il suo vantaggio globale. In questo contesto, \u00e8 una sfida per i politici trovare il giusto equilibrio tra protezionismo e maggiore concorrenza. Nel complesso, per\u00f2, il capo dipartimento ha indicato i punti di forza del nostro paese: Per esempio, gli alti standard di sicurezza o le pari opportunit\u00e0, che servivano come base per la qualit\u00e0. Non ha dimenticato di menzionare che il modello di successo della Svizzera si basa anche sul talento proveniente dall'estero - con riferimento ai fondatori della societ\u00e0 Nestl\u00e9, Brown, Boveri e Hayek. Alla fine, \u00e8 stata l'uguaglianza di opportunit\u00e0 a fornire la base della qualit\u00e0. E il fatto che la qualit\u00e0 ha il suo prezzo \u00e8 stato anche il tema delle sue osservazioni. Il rifiuto del pedaggio autostradale da 100 franchi, in particolare, solleva la questione di quanto i consumatori sono disposti a pagare per le infrastrutture. E qual \u00e8 la pi\u00f9 grande sfida per il ministro dei trasporti? \u00c8 la trasformazione digitale. \"La Svizzera deve fare attenzione a non rimanere indietro\", avverte Doris Leuthard. Ma finch\u00e9 visioni come \"Cargo Souterrain\" sono permesse in Svizzera, ci dovrebbe essere effettivamente un buon terreno fertile per lo sviluppo futuro.<\/p>\n<p>&nbsp;<\/p>\n<p>&nbsp;<\/p>\n<p>&nbsp;<\/p>\n<p>&nbsp;<\/p>","protected":false},"excerpt":{"rendered":"<p>&nbsp; &nbsp; Der Tag der Schweizer Qualit\u00e4t stand unter dem Motto \u00abQualit\u00e4t vermarkten\u00bb. Dies war auch der Aufh\u00e4nger f\u00fcr die einleitenden Worte der Moderatorin Andrea Lager, die darin auch einen Bezug zur laufenden FIFA-Aff\u00e4re herstellte \u2013 als fragw\u00fcrdiges Beispiel der Verkn\u00fcpfung von Qualit\u00e4t mit Marketing: Auf der einen Seite sei Fussball zu vermarkten \u00abwie ein [&hellip;]<\/p>\n","protected":false},"author":62,"featured_media":12203,"comment_status":"closed","ping_status":"closed","sticky":false,"template":"","format":"standard","meta":{"_acf_changed":false,"footnotes":""},"categories":[4448],"tags":[4794],"class_list":["post-12190","post","type-post","status-publish","format-standard","has-post-thumbnail","hentry","category-allgemein","tag-07-08-2015"],"acf":[],"yoast_head":"<!-- This site is optimized with the Yoast SEO plugin v26.2 - https:\/\/yoast.com\/wordpress\/plugins\/seo\/ -->\n<title>\u00abWer keine Visionen mehr hat ...\u00bb - MQ Management und Qualit\u00e4t<\/title>\n<meta name=\"description\" content=\"... kann sich einen Arzt bald nicht mehr leisten.\u00bbDies sagte Referent Stefan Hagen in Anlehnung andas Zitat von Alt-Bundeskanzler Helmut Schmidt:\u00abWer Visionen hat, der sollte zum Arzt gehen.\u00bb Dochnicht nur um Visionen ging es am Tag der SchweizerQualit\u00e4t vom 9. Juni 2015 in Bern, sondern auchum die Frage, was es ganz konkret f\u00fcr die Qualit\u00e4tbraucht.\" \/>\n<meta name=\"robots\" content=\"index, follow, max-snippet:-1, max-image-preview:large, max-video-preview:-1\" \/>\n<link rel=\"canonical\" href=\"https:\/\/www.m-q.ch\/it\/che-non-ha-piu-visioni\/\" \/>\n<meta property=\"og:locale\" content=\"it_IT\" \/>\n<meta property=\"og:type\" content=\"article\" \/>\n<meta property=\"og:title\" content=\"\u00abWer keine Visionen mehr hat ...\u00bb - MQ Management und Qualit\u00e4t\" \/>\n<meta property=\"og:description\" content=\"... kann sich einen Arzt bald nicht mehr leisten.\u00bbDies sagte Referent Stefan Hagen in Anlehnung andas Zitat von Alt-Bundeskanzler Helmut Schmidt:\u00abWer Visionen hat, der sollte zum Arzt gehen.\u00bb Dochnicht nur um Visionen ging es am Tag der SchweizerQualit\u00e4t vom 9. Juni 2015 in Bern, sondern auchum die Frage, was es ganz konkret f\u00fcr die Qualit\u00e4tbraucht.\" \/>\n<meta property=\"og:url\" content=\"https:\/\/www.m-q.ch\/it\/che-non-ha-piu-visioni\/\" \/>\n<meta property=\"og:site_name\" content=\"MQ Management und Qualit\u00e4t\" \/>\n<meta property=\"article:publisher\" content=\"https:\/\/www.facebook.com\/ManagementUndQualitaet\" \/>\n<meta property=\"article:published_time\" content=\"2015-07-01T06:31:00+00:00\" \/>\n<meta property=\"article:modified_time\" content=\"2021-02-16T07:44:13+00:00\" \/>\n<meta property=\"og:image\" content=\"https:\/\/www.m-q.ch\/wp-content\/uploads\/2021\/02\/Wer-keine-Visionen-mehr-hat-....jpg\" \/>\n\t<meta property=\"og:image:width\" content=\"878\" \/>\n\t<meta property=\"og:image:height\" content=\"574\" \/>\n\t<meta property=\"og:image:type\" content=\"image\/jpeg\" \/>\n<meta name=\"author\" content=\"upwork_2\" \/>\n<meta name=\"twitter:card\" content=\"summary_large_image\" \/>\n<meta name=\"twitter:label1\" content=\"Scritto da\" \/>\n\t<meta name=\"twitter:data1\" content=\"upwork_2\" \/>\n\t<meta name=\"twitter:label2\" content=\"Tempo di lettura stimato\" \/>\n\t<meta name=\"twitter:data2\" content=\"5 minuti\" \/>\n<script type=\"application\/ld+json\" class=\"yoast-schema-graph\">{\"@context\":\"https:\/\/schema.org\",\"@graph\":[{\"@type\":\"Article\",\"@id\":\"https:\/\/www.m-q.ch\/wer-keine-visionen-mehr-hat\/#article\",\"isPartOf\":{\"@id\":\"https:\/\/www.m-q.ch\/wer-keine-visionen-mehr-hat\/\"},\"author\":{\"name\":\"upwork_2\",\"@id\":\"https:\/\/www.m-q.ch\/fr\/#\/schema\/person\/71f647a41e4a3e361e6230f5134f3ba9\"},\"headline\":\"\u00abWer keine Visionen mehr hat &#8230;\u00bb\",\"datePublished\":\"2015-07-01T06:31:00+00:00\",\"dateModified\":\"2021-02-16T07:44:13+00:00\",\"mainEntityOfPage\":{\"@id\":\"https:\/\/www.m-q.ch\/wer-keine-visionen-mehr-hat\/\"},\"wordCount\":1072,\"publisher\":{\"@id\":\"https:\/\/www.m-q.ch\/fr\/#organization\"},\"image\":{\"@id\":\"https:\/\/www.m-q.ch\/wer-keine-visionen-mehr-hat\/#primaryimage\"},\"thumbnailUrl\":\"https:\/\/www.m-q.ch\/wp-content\/uploads\/2021\/02\/Wer-keine-Visionen-mehr-hat-....jpg\",\"keywords\":[\"07\u201308\/2015\"],\"articleSection\":[\"Allgemein\"],\"inLanguage\":\"it-IT\"},{\"@type\":\"WebPage\",\"@id\":\"https:\/\/www.m-q.ch\/wer-keine-visionen-mehr-hat\/\",\"url\":\"https:\/\/www.m-q.ch\/wer-keine-visionen-mehr-hat\/\",\"name\":\"\u00abWer keine Visionen mehr hat ...\u00bb - MQ Management und Qualit\u00e4t\",\"isPartOf\":{\"@id\":\"https:\/\/www.m-q.ch\/fr\/#website\"},\"primaryImageOfPage\":{\"@id\":\"https:\/\/www.m-q.ch\/wer-keine-visionen-mehr-hat\/#primaryimage\"},\"image\":{\"@id\":\"https:\/\/www.m-q.ch\/wer-keine-visionen-mehr-hat\/#primaryimage\"},\"thumbnailUrl\":\"https:\/\/www.m-q.ch\/wp-content\/uploads\/2021\/02\/Wer-keine-Visionen-mehr-hat-....jpg\",\"datePublished\":\"2015-07-01T06:31:00+00:00\",\"dateModified\":\"2021-02-16T07:44:13+00:00\",\"description\":\"... kann sich einen Arzt bald nicht mehr leisten.\u00bbDies sagte Referent Stefan Hagen in Anlehnung andas Zitat von Alt-Bundeskanzler Helmut Schmidt:\u00abWer Visionen hat, der sollte zum Arzt gehen.\u00bb Dochnicht nur um Visionen ging es am Tag der SchweizerQualit\u00e4t vom 9. Juni 2015 in Bern, sondern auchum die Frage, was es ganz konkret f\u00fcr die Qualit\u00e4tbraucht.\",\"breadcrumb\":{\"@id\":\"https:\/\/www.m-q.ch\/wer-keine-visionen-mehr-hat\/#breadcrumb\"},\"inLanguage\":\"it-IT\",\"potentialAction\":[{\"@type\":\"ReadAction\",\"target\":[\"https:\/\/www.m-q.ch\/wer-keine-visionen-mehr-hat\/\"]}]},{\"@type\":\"ImageObject\",\"inLanguage\":\"it-IT\",\"@id\":\"https:\/\/www.m-q.ch\/wer-keine-visionen-mehr-hat\/#primaryimage\",\"url\":\"https:\/\/www.m-q.ch\/wp-content\/uploads\/2021\/02\/Wer-keine-Visionen-mehr-hat-....jpg\",\"contentUrl\":\"https:\/\/www.m-q.ch\/wp-content\/uploads\/2021\/02\/Wer-keine-Visionen-mehr-hat-....jpg\",\"width\":878,\"height\":574,\"caption\":\"\u00abWer keine Visionen mehr hat ...\u00bb\"},{\"@type\":\"BreadcrumbList\",\"@id\":\"https:\/\/www.m-q.ch\/wer-keine-visionen-mehr-hat\/#breadcrumb\",\"itemListElement\":[{\"@type\":\"ListItem\",\"position\":1,\"name\":\"Allgemein\",\"item\":\"https:\/\/www.m-q.ch\/kategorie\/allgemein\/\"},{\"@type\":\"ListItem\",\"position\":2,\"name\":\"\u00abWer keine Visionen mehr hat &#8230;\u00bb\"}]},{\"@type\":\"WebSite\",\"@id\":\"https:\/\/www.m-q.ch\/fr\/#website\",\"url\":\"https:\/\/www.m-q.ch\/fr\/\",\"name\":\"MQ Management und Qualit\u00e4t\",\"description\":\"Plattform f\u00fcr integrierte Managementsysteme.\",\"publisher\":{\"@id\":\"https:\/\/www.m-q.ch\/fr\/#organization\"},\"potentialAction\":[{\"@type\":\"SearchAction\",\"target\":{\"@type\":\"EntryPoint\",\"urlTemplate\":\"https:\/\/www.m-q.ch\/fr\/?s={search_term_string}\"},\"query-input\":{\"@type\":\"PropertyValueSpecification\",\"valueRequired\":true,\"valueName\":\"search_term_string\"}}],\"inLanguage\":\"it-IT\"},{\"@type\":\"Organization\",\"@id\":\"https:\/\/www.m-q.ch\/fr\/#organization\",\"name\":\"Galledia Fachmedien AG\",\"url\":\"https:\/\/www.m-q.ch\/fr\/\",\"logo\":{\"@type\":\"ImageObject\",\"inLanguage\":\"it-IT\",\"@id\":\"https:\/\/www.m-q.ch\/fr\/#\/schema\/logo\/image\/\",\"url\":\"https:\/\/www.m-q.ch\/wp-content\/uploads\/2020\/12\/cropped-logo_small.png\",\"contentUrl\":\"https:\/\/www.m-q.ch\/wp-content\/uploads\/2020\/12\/cropped-logo_small.png\",\"width\":512,\"height\":512,\"caption\":\"Galledia Fachmedien AG\"},\"image\":{\"@id\":\"https:\/\/www.m-q.ch\/fr\/#\/schema\/logo\/image\/\"},\"sameAs\":[\"https:\/\/www.facebook.com\/ManagementUndQualitaet\",\"https:\/\/www.linkedin.com\/showcase\/17982321\/admin\/\"]},{\"@type\":\"Person\",\"@id\":\"https:\/\/www.m-q.ch\/fr\/#\/schema\/person\/71f647a41e4a3e361e6230f5134f3ba9\",\"name\":\"upwork_2\",\"image\":{\"@type\":\"ImageObject\",\"inLanguage\":\"it-IT\",\"@id\":\"https:\/\/www.m-q.ch\/fr\/#\/schema\/person\/image\/\",\"url\":\"https:\/\/secure.gravatar.com\/avatar\/777b90ab56092bbf3c85feacda5c1bce?s=96&d=mm&r=g\",\"contentUrl\":\"https:\/\/secure.gravatar.com\/avatar\/777b90ab56092bbf3c85feacda5c1bce?s=96&d=mm&r=g\",\"caption\":\"upwork_2\"},\"url\":\"https:\/\/www.m-q.ch\/it\/author\/upwork_2\/\"}]}<\/script>\n<!-- \/ Yoast SEO plugin. -->","yoast_head_json":{"title":"\"Colui che non ha pi\u00f9 visioni ...\" - MQ Gestione e qualit\u00e0","description":"... Questo \u00e8 stato detto dall'oratore Stefan Hagen in riferimento a una citazione dell'ex cancelliere tedesco Helmut Schmidt: \"Se hai delle visioni, dovresti vedere un medico. Tuttavia, la Giornata svizzera della qualit\u00e0 del 9 giugno 2015 a Berna non ha riguardato solo le visioni, ma anche la questione di ci\u00f2 che serve concretamente per la qualit\u00e0.","robots":{"index":"index","follow":"follow","max-snippet":"max-snippet:-1","max-image-preview":"max-image-preview:large","max-video-preview":"max-video-preview:-1"},"canonical":"https:\/\/www.m-q.ch\/it\/che-non-ha-piu-visioni\/","og_locale":"it_IT","og_type":"article","og_title":"\u00abWer keine Visionen mehr hat ...\u00bb - MQ Management und Qualit\u00e4t","og_description":"... kann sich einen Arzt bald nicht mehr leisten.\u00bbDies sagte Referent Stefan Hagen in Anlehnung andas Zitat von Alt-Bundeskanzler Helmut Schmidt:\u00abWer Visionen hat, der sollte zum Arzt gehen.\u00bb Dochnicht nur um Visionen ging es am Tag der SchweizerQualit\u00e4t vom 9. Juni 2015 in Bern, sondern auchum die Frage, was es ganz konkret f\u00fcr die Qualit\u00e4tbraucht.","og_url":"https:\/\/www.m-q.ch\/it\/che-non-ha-piu-visioni\/","og_site_name":"MQ Management und Qualit\u00e4t","article_publisher":"https:\/\/www.facebook.com\/ManagementUndQualitaet","article_published_time":"2015-07-01T06:31:00+00:00","article_modified_time":"2021-02-16T07:44:13+00:00","og_image":[{"width":878,"height":574,"url":"https:\/\/www.m-q.ch\/wp-content\/uploads\/2021\/02\/Wer-keine-Visionen-mehr-hat-....jpg","type":"image\/jpeg"}],"author":"upwork_2","twitter_card":"summary_large_image","twitter_misc":{"Scritto da":"upwork_2","Tempo di lettura stimato":"5 minuti"},"schema":{"@context":"https:\/\/schema.org","@graph":[{"@type":"Article","@id":"https:\/\/www.m-q.ch\/wer-keine-visionen-mehr-hat\/#article","isPartOf":{"@id":"https:\/\/www.m-q.ch\/wer-keine-visionen-mehr-hat\/"},"author":{"name":"upwork_2","@id":"https:\/\/www.m-q.ch\/fr\/#\/schema\/person\/71f647a41e4a3e361e6230f5134f3ba9"},"headline":"\u00abWer keine Visionen mehr hat &#8230;\u00bb","datePublished":"2015-07-01T06:31:00+00:00","dateModified":"2021-02-16T07:44:13+00:00","mainEntityOfPage":{"@id":"https:\/\/www.m-q.ch\/wer-keine-visionen-mehr-hat\/"},"wordCount":1072,"publisher":{"@id":"https:\/\/www.m-q.ch\/fr\/#organization"},"image":{"@id":"https:\/\/www.m-q.ch\/wer-keine-visionen-mehr-hat\/#primaryimage"},"thumbnailUrl":"https:\/\/www.m-q.ch\/wp-content\/uploads\/2021\/02\/Wer-keine-Visionen-mehr-hat-....jpg","keywords":["07\u201308\/2015"],"articleSection":["Allgemein"],"inLanguage":"it-IT"},{"@type":"WebPage","@id":"https:\/\/www.m-q.ch\/wer-keine-visionen-mehr-hat\/","url":"https:\/\/www.m-q.ch\/wer-keine-visionen-mehr-hat\/","name":"\"Colui che non ha pi\u00f9 visioni ...\" - MQ Gestione e qualit\u00e0","isPartOf":{"@id":"https:\/\/www.m-q.ch\/fr\/#website"},"primaryImageOfPage":{"@id":"https:\/\/www.m-q.ch\/wer-keine-visionen-mehr-hat\/#primaryimage"},"image":{"@id":"https:\/\/www.m-q.ch\/wer-keine-visionen-mehr-hat\/#primaryimage"},"thumbnailUrl":"https:\/\/www.m-q.ch\/wp-content\/uploads\/2021\/02\/Wer-keine-Visionen-mehr-hat-....jpg","datePublished":"2015-07-01T06:31:00+00:00","dateModified":"2021-02-16T07:44:13+00:00","description":"... Questo \u00e8 stato detto dall'oratore Stefan Hagen in riferimento a una citazione dell'ex cancelliere tedesco Helmut Schmidt: \"Se hai delle visioni, dovresti vedere un medico. Tuttavia, la Giornata svizzera della qualit\u00e0 del 9 giugno 2015 a Berna non ha riguardato solo le visioni, ma anche la questione di ci\u00f2 che serve concretamente per la qualit\u00e0.","breadcrumb":{"@id":"https:\/\/www.m-q.ch\/wer-keine-visionen-mehr-hat\/#breadcrumb"},"inLanguage":"it-IT","potentialAction":[{"@type":"ReadAction","target":["https:\/\/www.m-q.ch\/wer-keine-visionen-mehr-hat\/"]}]},{"@type":"ImageObject","inLanguage":"it-IT","@id":"https:\/\/www.m-q.ch\/wer-keine-visionen-mehr-hat\/#primaryimage","url":"https:\/\/www.m-q.ch\/wp-content\/uploads\/2021\/02\/Wer-keine-Visionen-mehr-hat-....jpg","contentUrl":"https:\/\/www.m-q.ch\/wp-content\/uploads\/2021\/02\/Wer-keine-Visionen-mehr-hat-....jpg","width":878,"height":574,"caption":"\u00abWer keine Visionen mehr hat ...\u00bb"},{"@type":"BreadcrumbList","@id":"https:\/\/www.m-q.ch\/wer-keine-visionen-mehr-hat\/#breadcrumb","itemListElement":[{"@type":"ListItem","position":1,"name":"Allgemein","item":"https:\/\/www.m-q.ch\/kategorie\/allgemein\/"},{"@type":"ListItem","position":2,"name":"\u00abWer keine Visionen mehr hat &#8230;\u00bb"}]},{"@type":"WebSite","@id":"https:\/\/www.m-q.ch\/fr\/#website","url":"https:\/\/www.m-q.ch\/fr\/","name":"Gestione e qualit\u00e0 MQ","description":"Piattaforma per sistemi di gestione integrati.","publisher":{"@id":"https:\/\/www.m-q.ch\/fr\/#organization"},"potentialAction":[{"@type":"SearchAction","target":{"@type":"EntryPoint","urlTemplate":"https:\/\/www.m-q.ch\/fr\/?s={search_term_string}"},"query-input":{"@type":"PropertyValueSpecification","valueRequired":true,"valueName":"search_term_string"}}],"inLanguage":"it-IT"},{"@type":"Organization","@id":"https:\/\/www.m-q.ch\/fr\/#organization","name":"Galledia Fachmedien AG","url":"https:\/\/www.m-q.ch\/fr\/","logo":{"@type":"ImageObject","inLanguage":"it-IT","@id":"https:\/\/www.m-q.ch\/fr\/#\/schema\/logo\/image\/","url":"https:\/\/www.m-q.ch\/wp-content\/uploads\/2020\/12\/cropped-logo_small.png","contentUrl":"https:\/\/www.m-q.ch\/wp-content\/uploads\/2020\/12\/cropped-logo_small.png","width":512,"height":512,"caption":"Galledia Fachmedien AG"},"image":{"@id":"https:\/\/www.m-q.ch\/fr\/#\/schema\/logo\/image\/"},"sameAs":["https:\/\/www.facebook.com\/ManagementUndQualitaet","https:\/\/www.linkedin.com\/showcase\/17982321\/admin\/"]},{"@type":"Person","@id":"https:\/\/www.m-q.ch\/fr\/#\/schema\/person\/71f647a41e4a3e361e6230f5134f3ba9","name":"upwork_2","image":{"@type":"ImageObject","inLanguage":"it-IT","@id":"https:\/\/www.m-q.ch\/fr\/#\/schema\/person\/image\/","url":"https:\/\/secure.gravatar.com\/avatar\/777b90ab56092bbf3c85feacda5c1bce?s=96&d=mm&r=g","contentUrl":"https:\/\/secure.gravatar.com\/avatar\/777b90ab56092bbf3c85feacda5c1bce?s=96&d=mm&r=g","caption":"upwork_2"},"url":"https:\/\/www.m-q.ch\/it\/author\/upwork_2\/"}]}},"_links":{"self":[{"href":"https:\/\/www.m-q.ch\/it\/wp-json\/wp\/v2\/posts\/12190","targetHints":{"allow":["GET"]}}],"collection":[{"href":"https:\/\/www.m-q.ch\/it\/wp-json\/wp\/v2\/posts"}],"about":[{"href":"https:\/\/www.m-q.ch\/it\/wp-json\/wp\/v2\/types\/post"}],"author":[{"embeddable":true,"href":"https:\/\/www.m-q.ch\/it\/wp-json\/wp\/v2\/users\/62"}],"replies":[{"embeddable":true,"href":"https:\/\/www.m-q.ch\/it\/wp-json\/wp\/v2\/comments?post=12190"}],"version-history":[{"count":1,"href":"https:\/\/www.m-q.ch\/it\/wp-json\/wp\/v2\/posts\/12190\/revisions"}],"predecessor-version":[{"id":12204,"href":"https:\/\/www.m-q.ch\/it\/wp-json\/wp\/v2\/posts\/12190\/revisions\/12204"}],"wp:featuredmedia":[{"embeddable":true,"href":"https:\/\/www.m-q.ch\/it\/wp-json\/wp\/v2\/media\/12203"}],"wp:attachment":[{"href":"https:\/\/www.m-q.ch\/it\/wp-json\/wp\/v2\/media?parent=12190"}],"wp:term":[{"taxonomy":"category","embeddable":true,"href":"https:\/\/www.m-q.ch\/it\/wp-json\/wp\/v2\/categories?post=12190"},{"taxonomy":"post_tag","embeddable":true,"href":"https:\/\/www.m-q.ch\/it\/wp-json\/wp\/v2\/tags?post=12190"}],"curies":[{"name":"wp","href":"https:\/\/api.w.org\/{rel}","templated":true}]}}