{"id":12191,"date":"2015-07-03T08:31:01","date_gmt":"2015-07-03T06:31:01","guid":{"rendered":"https:\/\/www.m-q.ch\/?p=12191"},"modified":"2021-02-16T08:51:21","modified_gmt":"2021-02-16T07:51:21","slug":"impegnati-nello-scambio-di-conoscenze-ed-esperienze","status":"publish","type":"post","link":"https:\/\/www.m-q.ch\/it\/dem-wissens-und-erfahrungsaustausch-verpflichtet\/","title":{"rendered":"Impegnati nello scambio di conoscenze ed esperienze"},"content":{"rendered":"<p><img loading=\"lazy\" decoding=\"async\" class=\"alignnone size-full wp-image-12205\" src=\"https:\/\/www.m-q.ch\/wp-content\/uploads\/2021\/02\/Dem-Wissens-und-Erfahrungsaustausch-verpflichtet.jpg\" alt=\"Impegnati nello scambio di conoscenze ed esperienze\" width=\"860\" height=\"1144\" srcset=\"https:\/\/www.m-q.ch\/wp-content\/uploads\/2021\/02\/Dem-Wissens-und-Erfahrungsaustausch-verpflichtet.jpg 860w, https:\/\/www.m-q.ch\/wp-content\/uploads\/2021\/02\/Dem-Wissens-und-Erfahrungsaustausch-verpflichtet-768x1022.jpg 768w, https:\/\/www.m-q.ch\/wp-content\/uploads\/2021\/02\/Dem-Wissens-und-Erfahrungsaustausch-verpflichtet-9x12.jpg 9w, https:\/\/www.m-q.ch\/wp-content\/uploads\/2021\/02\/Dem-Wissens-und-Erfahrungsaustausch-verpflichtet-132x175.jpg 132w, https:\/\/www.m-q.ch\/wp-content\/uploads\/2021\/02\/Dem-Wissens-und-Erfahrungsaustausch-verpflichtet-263x350.jpg 263w, https:\/\/www.m-q.ch\/wp-content\/uploads\/2021\/02\/Dem-Wissens-und-Erfahrungsaustausch-verpflichtet-601x800.jpg 601w, https:\/\/www.m-q.ch\/wp-content\/uploads\/2021\/02\/Dem-Wissens-und-Erfahrungsaustausch-verpflichtet-300x399.jpg 300w\" sizes=\"auto, (max-width: 860px) 100vw, 860px\" \/><\/p>\n<p>&nbsp;<\/p>\n<p>&nbsp;<\/p>\n<p>L'intero settore \"salute\" - compresi i prodotti farmaceutici e medici - \u00e8 fortemente rappresentato come industria all'interno del SAQ. Non \u00e8 una coincidenza: il solo settore medtech conta circa 750 aziende, una densit\u00e0 probabilmente unica in Europa, come nota Peter Koemeter della Fr\u00fch Verpackungstechnik AG. Ha presieduto la Divisione Dispositivi Medici per ben cinque anni prima di passare il testimone al Dr. Beat S\u00e4gesser di SAQ-QUALICON sei mesi fa. Questo gruppo specializzato esiste ormai da dieci anni - un piccolo anniversario all'interno delle celebrazioni dei 50 anni della SAQ. Tuttavia, l'anniversario dei dieci anni non viene celebrato in modo particolare, come rivela S\u00e4gesser nell'intervista che segue.<\/p>\n<p>&nbsp;<\/p>\n<p><em><strong>Signor S\u00e4gesser, qual \u00e8 lo scopo generale della Divisione Dispositivi Medici?<\/strong> <\/em><\/p>\n<p>Beat S\u00e4gesser: Il focus \u00e8 lo scambio di esperienze e conoscenze tra esperti. L'attenzione si concentra principalmente su questioni relative ai regolamenti e alla gestione della qualit\u00e0, ma naturalmente anche sulla tecnologia.<\/p>\n<p>&nbsp;<\/p>\n<p><em><strong>I nostri eventi sono molto apprezzati dall'industria.<\/strong><\/em><\/p>\n<p>&nbsp;<\/p>\n<p><em><strong>Chi \u00e8 un membro di questo gruppo professionale?<\/strong> <\/em><\/p>\n<p>Sono tutte persone che sono personalmente interessate all'industria medtech. L'affiliazione all'azienda non \u00e8 la considerazione principale.<\/p>\n<p>&nbsp;<\/p>\n<p><em><strong>C'era una ragione specifica per cui il gruppo di specialisti \u00e8 stato creato in primo luogo?<\/strong> <\/em><\/p>\n<p>Non ero presente alla fondazione stessa. Ma non c'\u00e8 stato un innesco decisivo. L'industria medtech \u00e8 ancora relativamente giovane. Tuttavia, \u00e8 stato presto riconosciuto che c'era bisogno di uno scambio professionale a causa della crescente regolamentazione e dello sviluppo tecnologico. Questo ha portato alla fondazione del gruppo di specialisti.<\/p>\n<p>&nbsp;<\/p>\n<p><em><strong>Come si \u00e8 sviluppato il gruppo di specialisti? Quali sono le pietre miliari e le storie di successo pi\u00f9 importanti?<\/strong> <\/em><\/p>\n<p>Ci sono in realt\u00e0 almeno quattro storie di successo all'anno, cio\u00e8 gli eventi che il nostro team di base organizza. Gli eventi sono tutti highlights a s\u00e9 stanti e sono molto apprezzati dall'industria. Tuttavia, un grande sconvolgimento - se volete - ha avuto luogo cinque anni fa. Ci sono stati molti cambiamenti nel team, il gruppo di specialisti \u00e8 stato effettivamente sciolto, per poi essere ristabilito immediatamente. Alcuni dei fondatori sono ancora nel team. Un'altra parte ha preso strade diverse in quel momento.<\/p>\n<p>&nbsp;<\/p>\n<p><em><strong>E oggi: di quali argomenti vi occupate attualmente nel gruppo di specialisti?<\/strong> <\/em><\/p>\n<p>Ci sono sempre diversi argomenti. Attualmente sta succedendo molto in termini di gestione della qualit\u00e0 e di regolamenti. Perch\u00e9 i regolamenti tendono a diventare sempre pi\u00f9 forti e pi\u00f9 severi, e come industria dobbiamo affrontare le misure corrispondenti tenendo conto dell'efficienza economica. La crisi dell'euro, che preoccupa l'industria, \u00e8 anche un argomento ricorrente nelle discussioni.<\/p>\n<p>&nbsp;<\/p>\n<p><em><strong>Pu\u00f2 fare un esempio?<\/strong> <\/em><\/p>\n<p>Un evento attuale tratta il tema \"Tracciabilit\u00e0 dei dispositivi medici\". Prendiamo l'esempio di un'articolazione artificiale dell'anca: queste sono progettate per una lunga durata. Quindi, anche dopo un tempo relativamente lungo, deve essere ancora possibile rintracciare l'origine del prodotto. Questo argomento include anche il cosiddetto UDI, unique device identifica-tion. In una parte teorica, spiegheremo le basi sull'occasione in questione. Sulla base di un esempio pratico, i relatori mostreranno come<\/p>\n<p>&nbsp;<\/p>\n<p><em><strong>Attualmente sta succedendo molto in termini di gestione della qualit\u00e0 e di regolamenti.<\/strong><\/em><\/p>\n<p>&nbsp;<\/p>\n<p>la loro azienda risolve questa sfida. \u00c8 cos\u00ec che avviene lo scambio di conoscenze.<\/p>\n<p>&nbsp;<\/p>\n<p><em><strong>In che misura i regolamenti sempre crescenti sono la sua principale preoccupazione?<\/strong> <\/em><\/p>\n<p>S\u00ec, i regolamenti stanno diventando sempre pi\u00f9 stretti. L'obiettivo \u00e8 che le aziende siano in grado di conformarsi ai nuovi regolamenti mantenendo allo stesso tempo la loro forza innovativa, la libert\u00e0 imprenditoriale e la sicurezza dei prodotti.<\/p>\n<p>&nbsp;<\/p>\n<p><em><strong>Come reagisci l\u00ec? Come gruppo specializzato, potete influenzare in qualche modo gli sviluppi qui?<\/strong> <\/em><\/p>\n<p>Non siamo un'associazione industriale, ma un gruppo specializzato. Ma i nostri eventi servono a permettere agli esperti di scambiarsi idee sui problemi e sulle possibili soluzioni.<\/p>\n<p>&nbsp;<\/p>\n<p><em><strong>Quali sono i prossimi obiettivi della Divisione Dispositivi Medici?<\/strong> <\/em><\/p>\n<p>Pianifichiamo da due a tre anni in anticipo ogni volta e vogliamo continuare la nostra linea in modo da poter continuare a offrire eventi interessanti.<\/p>\n<p>&nbsp;<\/p>\n<p><em><strong>Gli esperti possono scambiarsi idee sui problemi e sulle possibili soluzioni.<\/strong><\/em><\/p>\n<p>&nbsp;<\/p>\n<p><em><strong>Quanto \u00e8 grande la richiesta di questi eventi? Sono ben frequentati?<\/strong> <\/em><\/p>\n<p>Recentemente abbiamo visto un leggero calo nel numero dei partecipanti. Vogliamo quindi rivolgerci a un numero ancora maggiore di persone in futuro. Siamo convinti che non \u00e8 la qualit\u00e0 degli eventi che manca, ma il livello di consapevolezza.<\/p>\n<p>&nbsp;<\/p>\n<p><em><strong>E la sua motivazione personale?<\/strong> <\/em><\/p>\n<p>Con il mio impegno, vorrei promuovere ulteriormente lo scambio professionale e dare cos\u00ec un contributo alla Svizzera come luogo di produzione.<\/p>","protected":false},"excerpt":{"rendered":"<p>&nbsp; &nbsp; Der gesamte Bereich \u00abGesundheit \u00bb \u2013 einschliesslich Pharma und Medizinprodukte \u2013 ist als Branche innerhalb der SAQ stark vertreten. Dies kommt nicht von ungef\u00e4hr: Allein die Medtech- Branche z\u00e4hlt rund 750 Unternehmen, eine in Europa wohl einmalige Dichte, wie Peter Koemeter von Fr\u00fch Verpackungstechnik AG feststellt. Er hatte gut f\u00fcnf Jahre lang den [&hellip;]<\/p>\n","protected":false},"author":62,"featured_media":12205,"comment_status":"closed","ping_status":"closed","sticky":false,"template":"","format":"standard","meta":{"_acf_changed":false,"footnotes":""},"categories":[4448],"tags":[4794],"class_list":["post-12191","post","type-post","status-publish","format-standard","has-post-thumbnail","hentry","category-allgemein","tag-07-08-2015"],"acf":[],"yoast_head":"<!-- This site is optimized with the Yoast SEO plugin v26.2 - https:\/\/yoast.com\/wordpress\/plugins\/seo\/ -->\n<title>Dem Wissens- und Erfahrungsaustausch verpflichtet - MQ Management und Qualit\u00e4t<\/title>\n<meta name=\"description\" content=\"Je nach Branche verf\u00fcgt das Qualit\u00e4tsmanagement\u00fcber verschieden hohe Anspr\u00fcche. Da ist vielpers\u00f6nliches Know-how gefragt. Dem tr\u00e4gtdie SAQ durch verschiedene Fachgruppen Rechnung.Eine davon ist die \u00abFachgruppe Medizinprodukte\u00bb, die sehr aktiv den fachlichen Austauschpflegt.\" \/>\n<meta name=\"robots\" content=\"index, follow, max-snippet:-1, max-image-preview:large, max-video-preview:-1\" \/>\n<link rel=\"canonical\" href=\"https:\/\/www.m-q.ch\/it\/impegnati-nello-scambio-di-conoscenze-ed-esperienze\/\" \/>\n<meta property=\"og:locale\" content=\"it_IT\" \/>\n<meta property=\"og:type\" content=\"article\" \/>\n<meta property=\"og:title\" content=\"Dem Wissens- und Erfahrungsaustausch verpflichtet - MQ Management und Qualit\u00e4t\" \/>\n<meta property=\"og:description\" content=\"Je nach Branche verf\u00fcgt das Qualit\u00e4tsmanagement\u00fcber verschieden hohe Anspr\u00fcche. Da ist vielpers\u00f6nliches Know-how gefragt. Dem tr\u00e4gtdie SAQ durch verschiedene Fachgruppen Rechnung.Eine davon ist die \u00abFachgruppe Medizinprodukte\u00bb, die sehr aktiv den fachlichen Austauschpflegt.\" \/>\n<meta property=\"og:url\" content=\"https:\/\/www.m-q.ch\/it\/impegnati-nello-scambio-di-conoscenze-ed-esperienze\/\" \/>\n<meta property=\"og:site_name\" content=\"MQ Management und Qualit\u00e4t\" \/>\n<meta property=\"article:publisher\" content=\"https:\/\/www.facebook.com\/ManagementUndQualitaet\" \/>\n<meta property=\"article:published_time\" content=\"2015-07-03T06:31:01+00:00\" \/>\n<meta property=\"article:modified_time\" content=\"2021-02-16T07:51:21+00:00\" \/>\n<meta property=\"og:image\" content=\"https:\/\/www.m-q.ch\/wp-content\/uploads\/2021\/02\/Dem-Wissens-und-Erfahrungsaustausch-verpflichtet.jpg\" \/>\n\t<meta property=\"og:image:width\" content=\"860\" \/>\n\t<meta property=\"og:image:height\" content=\"1144\" \/>\n\t<meta property=\"og:image:type\" content=\"image\/jpeg\" \/>\n<meta name=\"author\" content=\"upwork_2\" \/>\n<meta name=\"twitter:card\" content=\"summary_large_image\" \/>\n<meta name=\"twitter:label1\" content=\"Scritto da\" \/>\n\t<meta name=\"twitter:data1\" content=\"upwork_2\" \/>\n\t<meta name=\"twitter:label2\" content=\"Tempo di lettura stimato\" \/>\n\t<meta name=\"twitter:data2\" content=\"4 minuti\" \/>\n<script type=\"application\/ld+json\" class=\"yoast-schema-graph\">{\"@context\":\"https:\/\/schema.org\",\"@graph\":[{\"@type\":\"Article\",\"@id\":\"https:\/\/www.m-q.ch\/dem-wissens-und-erfahrungsaustausch-verpflichtet\/#article\",\"isPartOf\":{\"@id\":\"https:\/\/www.m-q.ch\/dem-wissens-und-erfahrungsaustausch-verpflichtet\/\"},\"author\":{\"name\":\"upwork_2\",\"@id\":\"https:\/\/www.m-q.ch\/fr\/#\/schema\/person\/71f647a41e4a3e361e6230f5134f3ba9\"},\"headline\":\"Dem Wissens- und Erfahrungsaustausch verpflichtet\",\"datePublished\":\"2015-07-03T06:31:01+00:00\",\"dateModified\":\"2021-02-16T07:51:21+00:00\",\"mainEntityOfPage\":{\"@id\":\"https:\/\/www.m-q.ch\/dem-wissens-und-erfahrungsaustausch-verpflichtet\/\"},\"wordCount\":764,\"publisher\":{\"@id\":\"https:\/\/www.m-q.ch\/fr\/#organization\"},\"image\":{\"@id\":\"https:\/\/www.m-q.ch\/dem-wissens-und-erfahrungsaustausch-verpflichtet\/#primaryimage\"},\"thumbnailUrl\":\"https:\/\/www.m-q.ch\/wp-content\/uploads\/2021\/02\/Dem-Wissens-und-Erfahrungsaustausch-verpflichtet.jpg\",\"keywords\":[\"07\u201308\/2015\"],\"articleSection\":[\"Allgemein\"],\"inLanguage\":\"it-IT\"},{\"@type\":\"WebPage\",\"@id\":\"https:\/\/www.m-q.ch\/dem-wissens-und-erfahrungsaustausch-verpflichtet\/\",\"url\":\"https:\/\/www.m-q.ch\/dem-wissens-und-erfahrungsaustausch-verpflichtet\/\",\"name\":\"Dem Wissens- und Erfahrungsaustausch verpflichtet - MQ Management und Qualit\u00e4t\",\"isPartOf\":{\"@id\":\"https:\/\/www.m-q.ch\/fr\/#website\"},\"primaryImageOfPage\":{\"@id\":\"https:\/\/www.m-q.ch\/dem-wissens-und-erfahrungsaustausch-verpflichtet\/#primaryimage\"},\"image\":{\"@id\":\"https:\/\/www.m-q.ch\/dem-wissens-und-erfahrungsaustausch-verpflichtet\/#primaryimage\"},\"thumbnailUrl\":\"https:\/\/www.m-q.ch\/wp-content\/uploads\/2021\/02\/Dem-Wissens-und-Erfahrungsaustausch-verpflichtet.jpg\",\"datePublished\":\"2015-07-03T06:31:01+00:00\",\"dateModified\":\"2021-02-16T07:51:21+00:00\",\"description\":\"Je nach Branche verf\u00fcgt das Qualit\u00e4tsmanagement\u00fcber verschieden hohe Anspr\u00fcche. Da ist vielpers\u00f6nliches Know-how gefragt. Dem tr\u00e4gtdie SAQ durch verschiedene Fachgruppen Rechnung.Eine davon ist die \u00abFachgruppe Medizinprodukte\u00bb, die sehr aktiv den fachlichen Austauschpflegt.\",\"breadcrumb\":{\"@id\":\"https:\/\/www.m-q.ch\/dem-wissens-und-erfahrungsaustausch-verpflichtet\/#breadcrumb\"},\"inLanguage\":\"it-IT\",\"potentialAction\":[{\"@type\":\"ReadAction\",\"target\":[\"https:\/\/www.m-q.ch\/dem-wissens-und-erfahrungsaustausch-verpflichtet\/\"]}]},{\"@type\":\"ImageObject\",\"inLanguage\":\"it-IT\",\"@id\":\"https:\/\/www.m-q.ch\/dem-wissens-und-erfahrungsaustausch-verpflichtet\/#primaryimage\",\"url\":\"https:\/\/www.m-q.ch\/wp-content\/uploads\/2021\/02\/Dem-Wissens-und-Erfahrungsaustausch-verpflichtet.jpg\",\"contentUrl\":\"https:\/\/www.m-q.ch\/wp-content\/uploads\/2021\/02\/Dem-Wissens-und-Erfahrungsaustausch-verpflichtet.jpg\",\"width\":860,\"height\":1144,\"caption\":\"Dem Wissens- und Erfahrungsaustausch verpflichtet\"},{\"@type\":\"BreadcrumbList\",\"@id\":\"https:\/\/www.m-q.ch\/dem-wissens-und-erfahrungsaustausch-verpflichtet\/#breadcrumb\",\"itemListElement\":[{\"@type\":\"ListItem\",\"position\":1,\"name\":\"Allgemein\",\"item\":\"https:\/\/www.m-q.ch\/kategorie\/allgemein\/\"},{\"@type\":\"ListItem\",\"position\":2,\"name\":\"Dem Wissens- und Erfahrungsaustausch verpflichtet\"}]},{\"@type\":\"WebSite\",\"@id\":\"https:\/\/www.m-q.ch\/fr\/#website\",\"url\":\"https:\/\/www.m-q.ch\/fr\/\",\"name\":\"MQ Management und Qualit\u00e4t\",\"description\":\"Plattform f\u00fcr integrierte Managementsysteme.\",\"publisher\":{\"@id\":\"https:\/\/www.m-q.ch\/fr\/#organization\"},\"potentialAction\":[{\"@type\":\"SearchAction\",\"target\":{\"@type\":\"EntryPoint\",\"urlTemplate\":\"https:\/\/www.m-q.ch\/fr\/?s={search_term_string}\"},\"query-input\":{\"@type\":\"PropertyValueSpecification\",\"valueRequired\":true,\"valueName\":\"search_term_string\"}}],\"inLanguage\":\"it-IT\"},{\"@type\":\"Organization\",\"@id\":\"https:\/\/www.m-q.ch\/fr\/#organization\",\"name\":\"Galledia Fachmedien AG\",\"url\":\"https:\/\/www.m-q.ch\/fr\/\",\"logo\":{\"@type\":\"ImageObject\",\"inLanguage\":\"it-IT\",\"@id\":\"https:\/\/www.m-q.ch\/fr\/#\/schema\/logo\/image\/\",\"url\":\"https:\/\/www.m-q.ch\/wp-content\/uploads\/2020\/12\/cropped-logo_small.png\",\"contentUrl\":\"https:\/\/www.m-q.ch\/wp-content\/uploads\/2020\/12\/cropped-logo_small.png\",\"width\":512,\"height\":512,\"caption\":\"Galledia Fachmedien AG\"},\"image\":{\"@id\":\"https:\/\/www.m-q.ch\/fr\/#\/schema\/logo\/image\/\"},\"sameAs\":[\"https:\/\/www.facebook.com\/ManagementUndQualitaet\",\"https:\/\/www.linkedin.com\/showcase\/17982321\/admin\/\"]},{\"@type\":\"Person\",\"@id\":\"https:\/\/www.m-q.ch\/fr\/#\/schema\/person\/71f647a41e4a3e361e6230f5134f3ba9\",\"name\":\"upwork_2\",\"image\":{\"@type\":\"ImageObject\",\"inLanguage\":\"it-IT\",\"@id\":\"https:\/\/www.m-q.ch\/fr\/#\/schema\/person\/image\/\",\"url\":\"https:\/\/secure.gravatar.com\/avatar\/777b90ab56092bbf3c85feacda5c1bce?s=96&d=mm&r=g\",\"contentUrl\":\"https:\/\/secure.gravatar.com\/avatar\/777b90ab56092bbf3c85feacda5c1bce?s=96&d=mm&r=g\",\"caption\":\"upwork_2\"},\"url\":\"https:\/\/www.m-q.ch\/it\/author\/upwork_2\/\"}]}<\/script>\n<!-- \/ Yoast SEO plugin. -->","yoast_head_json":{"title":"Impegnati nello scambio di conoscenze ed esperienze - MQ Management und Qualit\u00e4t","description":"A seconda del settore, la gestione della qualit\u00e0 ha diversi requisiti. Questo richiede un grande know-how personale. Il SAQ ne tiene conto attraverso diversi gruppi di specialisti, uno dei quali \u00e8 il \"Medical Devices Specialist Group\", che coltiva molto attivamente lo scambio professionale.","robots":{"index":"index","follow":"follow","max-snippet":"max-snippet:-1","max-image-preview":"max-image-preview:large","max-video-preview":"max-video-preview:-1"},"canonical":"https:\/\/www.m-q.ch\/it\/impegnati-nello-scambio-di-conoscenze-ed-esperienze\/","og_locale":"it_IT","og_type":"article","og_title":"Dem Wissens- und Erfahrungsaustausch verpflichtet - MQ Management und Qualit\u00e4t","og_description":"Je nach Branche verf\u00fcgt das Qualit\u00e4tsmanagement\u00fcber verschieden hohe Anspr\u00fcche. Da ist vielpers\u00f6nliches Know-how gefragt. Dem tr\u00e4gtdie SAQ durch verschiedene Fachgruppen Rechnung.Eine davon ist die \u00abFachgruppe Medizinprodukte\u00bb, die sehr aktiv den fachlichen Austauschpflegt.","og_url":"https:\/\/www.m-q.ch\/it\/impegnati-nello-scambio-di-conoscenze-ed-esperienze\/","og_site_name":"MQ Management und Qualit\u00e4t","article_publisher":"https:\/\/www.facebook.com\/ManagementUndQualitaet","article_published_time":"2015-07-03T06:31:01+00:00","article_modified_time":"2021-02-16T07:51:21+00:00","og_image":[{"width":860,"height":1144,"url":"https:\/\/www.m-q.ch\/wp-content\/uploads\/2021\/02\/Dem-Wissens-und-Erfahrungsaustausch-verpflichtet.jpg","type":"image\/jpeg"}],"author":"upwork_2","twitter_card":"summary_large_image","twitter_misc":{"Scritto da":"upwork_2","Tempo di lettura stimato":"4 minuti"},"schema":{"@context":"https:\/\/schema.org","@graph":[{"@type":"Article","@id":"https:\/\/www.m-q.ch\/dem-wissens-und-erfahrungsaustausch-verpflichtet\/#article","isPartOf":{"@id":"https:\/\/www.m-q.ch\/dem-wissens-und-erfahrungsaustausch-verpflichtet\/"},"author":{"name":"upwork_2","@id":"https:\/\/www.m-q.ch\/fr\/#\/schema\/person\/71f647a41e4a3e361e6230f5134f3ba9"},"headline":"Dem Wissens- und Erfahrungsaustausch verpflichtet","datePublished":"2015-07-03T06:31:01+00:00","dateModified":"2021-02-16T07:51:21+00:00","mainEntityOfPage":{"@id":"https:\/\/www.m-q.ch\/dem-wissens-und-erfahrungsaustausch-verpflichtet\/"},"wordCount":764,"publisher":{"@id":"https:\/\/www.m-q.ch\/fr\/#organization"},"image":{"@id":"https:\/\/www.m-q.ch\/dem-wissens-und-erfahrungsaustausch-verpflichtet\/#primaryimage"},"thumbnailUrl":"https:\/\/www.m-q.ch\/wp-content\/uploads\/2021\/02\/Dem-Wissens-und-Erfahrungsaustausch-verpflichtet.jpg","keywords":["07\u201308\/2015"],"articleSection":["Allgemein"],"inLanguage":"it-IT"},{"@type":"WebPage","@id":"https:\/\/www.m-q.ch\/dem-wissens-und-erfahrungsaustausch-verpflichtet\/","url":"https:\/\/www.m-q.ch\/dem-wissens-und-erfahrungsaustausch-verpflichtet\/","name":"Impegnati nello scambio di conoscenze ed esperienze - MQ Management und Qualit\u00e4t","isPartOf":{"@id":"https:\/\/www.m-q.ch\/fr\/#website"},"primaryImageOfPage":{"@id":"https:\/\/www.m-q.ch\/dem-wissens-und-erfahrungsaustausch-verpflichtet\/#primaryimage"},"image":{"@id":"https:\/\/www.m-q.ch\/dem-wissens-und-erfahrungsaustausch-verpflichtet\/#primaryimage"},"thumbnailUrl":"https:\/\/www.m-q.ch\/wp-content\/uploads\/2021\/02\/Dem-Wissens-und-Erfahrungsaustausch-verpflichtet.jpg","datePublished":"2015-07-03T06:31:01+00:00","dateModified":"2021-02-16T07:51:21+00:00","description":"A seconda del settore, la gestione della qualit\u00e0 ha diversi requisiti. Questo richiede un grande know-how personale. Il SAQ ne tiene conto attraverso diversi gruppi di specialisti, uno dei quali \u00e8 il \"Medical Devices Specialist Group\", che coltiva molto attivamente lo scambio professionale.","breadcrumb":{"@id":"https:\/\/www.m-q.ch\/dem-wissens-und-erfahrungsaustausch-verpflichtet\/#breadcrumb"},"inLanguage":"it-IT","potentialAction":[{"@type":"ReadAction","target":["https:\/\/www.m-q.ch\/dem-wissens-und-erfahrungsaustausch-verpflichtet\/"]}]},{"@type":"ImageObject","inLanguage":"it-IT","@id":"https:\/\/www.m-q.ch\/dem-wissens-und-erfahrungsaustausch-verpflichtet\/#primaryimage","url":"https:\/\/www.m-q.ch\/wp-content\/uploads\/2021\/02\/Dem-Wissens-und-Erfahrungsaustausch-verpflichtet.jpg","contentUrl":"https:\/\/www.m-q.ch\/wp-content\/uploads\/2021\/02\/Dem-Wissens-und-Erfahrungsaustausch-verpflichtet.jpg","width":860,"height":1144,"caption":"Dem Wissens- und Erfahrungsaustausch verpflichtet"},{"@type":"BreadcrumbList","@id":"https:\/\/www.m-q.ch\/dem-wissens-und-erfahrungsaustausch-verpflichtet\/#breadcrumb","itemListElement":[{"@type":"ListItem","position":1,"name":"Allgemein","item":"https:\/\/www.m-q.ch\/kategorie\/allgemein\/"},{"@type":"ListItem","position":2,"name":"Dem Wissens- und Erfahrungsaustausch verpflichtet"}]},{"@type":"WebSite","@id":"https:\/\/www.m-q.ch\/fr\/#website","url":"https:\/\/www.m-q.ch\/fr\/","name":"Gestione e qualit\u00e0 MQ","description":"Piattaforma per sistemi di gestione integrati.","publisher":{"@id":"https:\/\/www.m-q.ch\/fr\/#organization"},"potentialAction":[{"@type":"SearchAction","target":{"@type":"EntryPoint","urlTemplate":"https:\/\/www.m-q.ch\/fr\/?s={search_term_string}"},"query-input":{"@type":"PropertyValueSpecification","valueRequired":true,"valueName":"search_term_string"}}],"inLanguage":"it-IT"},{"@type":"Organization","@id":"https:\/\/www.m-q.ch\/fr\/#organization","name":"Galledia Fachmedien AG","url":"https:\/\/www.m-q.ch\/fr\/","logo":{"@type":"ImageObject","inLanguage":"it-IT","@id":"https:\/\/www.m-q.ch\/fr\/#\/schema\/logo\/image\/","url":"https:\/\/www.m-q.ch\/wp-content\/uploads\/2020\/12\/cropped-logo_small.png","contentUrl":"https:\/\/www.m-q.ch\/wp-content\/uploads\/2020\/12\/cropped-logo_small.png","width":512,"height":512,"caption":"Galledia Fachmedien AG"},"image":{"@id":"https:\/\/www.m-q.ch\/fr\/#\/schema\/logo\/image\/"},"sameAs":["https:\/\/www.facebook.com\/ManagementUndQualitaet","https:\/\/www.linkedin.com\/showcase\/17982321\/admin\/"]},{"@type":"Person","@id":"https:\/\/www.m-q.ch\/fr\/#\/schema\/person\/71f647a41e4a3e361e6230f5134f3ba9","name":"upwork_2","image":{"@type":"ImageObject","inLanguage":"it-IT","@id":"https:\/\/www.m-q.ch\/fr\/#\/schema\/person\/image\/","url":"https:\/\/secure.gravatar.com\/avatar\/777b90ab56092bbf3c85feacda5c1bce?s=96&d=mm&r=g","contentUrl":"https:\/\/secure.gravatar.com\/avatar\/777b90ab56092bbf3c85feacda5c1bce?s=96&d=mm&r=g","caption":"upwork_2"},"url":"https:\/\/www.m-q.ch\/it\/author\/upwork_2\/"}]}},"_links":{"self":[{"href":"https:\/\/www.m-q.ch\/it\/wp-json\/wp\/v2\/posts\/12191","targetHints":{"allow":["GET"]}}],"collection":[{"href":"https:\/\/www.m-q.ch\/it\/wp-json\/wp\/v2\/posts"}],"about":[{"href":"https:\/\/www.m-q.ch\/it\/wp-json\/wp\/v2\/types\/post"}],"author":[{"embeddable":true,"href":"https:\/\/www.m-q.ch\/it\/wp-json\/wp\/v2\/users\/62"}],"replies":[{"embeddable":true,"href":"https:\/\/www.m-q.ch\/it\/wp-json\/wp\/v2\/comments?post=12191"}],"version-history":[{"count":1,"href":"https:\/\/www.m-q.ch\/it\/wp-json\/wp\/v2\/posts\/12191\/revisions"}],"predecessor-version":[{"id":12206,"href":"https:\/\/www.m-q.ch\/it\/wp-json\/wp\/v2\/posts\/12191\/revisions\/12206"}],"wp:featuredmedia":[{"embeddable":true,"href":"https:\/\/www.m-q.ch\/it\/wp-json\/wp\/v2\/media\/12205"}],"wp:attachment":[{"href":"https:\/\/www.m-q.ch\/it\/wp-json\/wp\/v2\/media?parent=12191"}],"wp:term":[{"taxonomy":"category","embeddable":true,"href":"https:\/\/www.m-q.ch\/it\/wp-json\/wp\/v2\/categories?post=12191"},{"taxonomy":"post_tag","embeddable":true,"href":"https:\/\/www.m-q.ch\/it\/wp-json\/wp\/v2\/tags?post=12191"}],"curies":[{"name":"wp","href":"https:\/\/api.w.org\/{rel}","templated":true}]}}