{"id":12192,"date":"2015-07-05T08:31:02","date_gmt":"2015-07-05T06:31:02","guid":{"rendered":"https:\/\/www.m-q.ch\/?p=12192"},"modified":"2021-02-16T09:12:21","modified_gmt":"2021-02-16T08:12:21","slug":"nel-futuro-con-un-concetto-e-unefficienza-energetica-in-azione","status":"publish","type":"post","link":"https:\/\/www.m-q.ch\/it\/mit-konzept-und-in-der-tat-energieeffizient-in-die-zukunft\/","title":{"rendered":"Con il concetto e in azione: efficienza energetica nel futuro"},"content":{"rendered":"<p><img loading=\"lazy\" decoding=\"async\" class=\"alignnone size-full wp-image-12207\" src=\"https:\/\/www.m-q.ch\/wp-content\/uploads\/2021\/02\/Mit-Konzept-und-in-der-Tat-Energieeffizient-in-die-Zukunft.jpg\" alt=\"Con il concetto e in azione: efficienza energetica nel futuro\" width=\"875\" height=\"260\" srcset=\"https:\/\/www.m-q.ch\/wp-content\/uploads\/2021\/02\/Mit-Konzept-und-in-der-Tat-Energieeffizient-in-die-Zukunft.jpg 875w, https:\/\/www.m-q.ch\/wp-content\/uploads\/2021\/02\/Mit-Konzept-und-in-der-Tat-Energieeffizient-in-die-Zukunft-768x228.jpg 768w, https:\/\/www.m-q.ch\/wp-content\/uploads\/2021\/02\/Mit-Konzept-und-in-der-Tat-Energieeffizient-in-die-Zukunft-16x5.jpg 16w, https:\/\/www.m-q.ch\/wp-content\/uploads\/2021\/02\/Mit-Konzept-und-in-der-Tat-Energieeffizient-in-die-Zukunft-375x111.jpg 375w, https:\/\/www.m-q.ch\/wp-content\/uploads\/2021\/02\/Mit-Konzept-und-in-der-Tat-Energieeffizient-in-die-Zukunft-760x226.jpg 760w, https:\/\/www.m-q.ch\/wp-content\/uploads\/2021\/02\/Mit-Konzept-und-in-der-Tat-Energieeffizient-in-die-Zukunft-300x89.jpg 300w\" sizes=\"auto, (max-width: 875px) 100vw, 875px\" \/><\/p>\n<p>&nbsp;<\/p>\n<p>&nbsp;<\/p>\n<p>La gestione dei dilemmi \u00e8 il termine usato per descrivere situazioni decisionali che si basano su obiettivi contrastanti. Oggi, sia la politica energetica statale che la gestione energetica aziendale si trovano in una situazione difficile. Non ci sono scelte chiare. Ciononostante, ogni azienda deve prendere decisioni vantaggiose qui, non per trovare le soluzioni massime corrette, ma quelle ottimali. L'energia \u00e8 una delle questioni di sostenibilit\u00e0 pi\u00f9 impegnative. Le questioni energetiche sono in realt\u00e0 un trilemma. Per quanto siano complessi, possono essere rappresentati in forma semplificata nel noto \"triangolo magico\". Nel triangolo della politica energetica, ognuna delle pietre angolari crea da sola una completa chiarezza: si tratta della sicurezza dell'approvvigionamento, della compatibilit\u00e0 ambientale e dell'efficienza economica. In combinazione, per\u00f2, le tre esigenze contraddittorie non possono essere massimizzate, ma solo ottimizzate. Il risultato, la politica energetica, \u00e8 uno stato fluttuante, per cos\u00ec dire. E poich\u00e9 il panorama energetico cambia costantemente a livello nazionale e internazionale (mercati, tecnologie, regolamenti), la \"politica energetica\" ottimale deve essere rivista e adattata di volta in volta.<\/p>\n<p>&nbsp;<\/p>\n<p>Una cosa \u00e8 chiara: L'aumento dell'efficienza energetica \u00e8 al centro della costruzione di un futuro sostenibile. Ma non \u00e8 tutto: per avere successo, abbiamo anche bisogno di innovazione, lungimiranza e ponderatezza - in altre parole, molta energia mentale per meno energia fisica. Numerose aziende sono volontariamente sulla strada per raggiungere questo obiettivo con dei progetti. I seguenti tre casi pratici sono esemplari:<\/p>\n<p><strong>Starling Geneva Hotel: Business, Wellness, Fitness - ma sostenibile!<\/strong><\/p>\n<p>&nbsp;<\/p>\n<p>\"Pensa verde, agisci verde\". Questo principio guida si sta affermando sempre pi\u00f9 anche nel settore alberghiero. Perch\u00e9 molti ospiti se lo aspettano, ma anche per ragioni economiche. Lo Starling Geneva Hotel, il pi\u00f9 grande hotel della Svizzera, \u00e8 uno dei pionieri del settore. Con la certificazione SQS secondo ISO 50001, ha addirittura fissato un punto di riferimento. Il direttore generale Christian Marich spiega: \"Secondo le indagini di hotelleriesuisse, i costi energetici per gli hotel sono compresi tra 2 e 4,5 % del fatturato. Secondo uno studio, c'\u00e8 un potenziale di risparmio fino a 50 %, a seconda del tipo e delle dimensioni dell'hotel. Gli hotel gestiti con prudenza investono in misure di ottimizzazione in modo mirato. Lo Starling Geneva Hotel, certificato SQS secondo le norme ISO 9001, ISO 14001 e ISO 50001, si concentra costantemente sulla sostenibilit\u00e0\".<\/p>\n<p>&nbsp;<\/p>\n<p><em><strong>La sfida<\/strong> <\/em><\/p>\n<p>Secondo la legge sull'energia del Cantone di Ginevra, l'hotel \u00e8 un grande consumatore. L'aria condizionata e il riscaldamento sono i nostri maggiori \"divoratori di energia\". \u00c8 qui che si trova il potenziale di risparmio decisivo. La sicurezza \u00e8 essenziale per l'hotel e i terreni nelle immediate vicinanze dell'aeroporto. Questo \u00e8 assicurato da 132 telecamere di sorveglianza, tra le altre cose.<\/p>\n<p>&nbsp;<\/p>\n<p><em><strong>Potenziale di risparmio sulla buona strada<\/strong> <\/em><\/p>\n<p>Al centro dei nostri sforzi c'\u00e8 il nostro atteggiamento verso gli aspetti ambientali dal 2009. Nello stesso anno, abbiamo ottenuto la nostra prima certificazione SQS a ISO 14001. Per \"cogliere\" il potenziale in questo ampio campo, siamo stati la prima azienda del SIG (Service Industriel de Gen\u00e8ve) a lanciare nel 2012 un progetto globale di risparmio energetico per raggiungere obiettivi energetici e finanziari comuni. In particolare, un totale di 32 possibili misure di risparmio sono state esplorate in questo contratto e poi le loro 12 prioritarie. Secondo i calcoli di SIG, queste 12 misure dovrebbero permettere di rimborsare gli investimenti di 500.000 franchi prefinanziati da SIG entro 5 anni. Tutti i risultati intermedi indicano che avremo addirittura raggiunto il payback del contratto entro la fine del terzo anno, cio\u00e8 alla fine del 2015.<\/p>\n<p>&nbsp;<\/p>\n<p><em><strong>Misure tecniche<\/strong> <\/em><\/p>\n<p>Le misure sono adattate al nostro orientamento come un hotel per affari e congressi vicino all'aeroporto e Palexpo con una grande zona benessere, 3 ristoranti, congressi e banchetti fino a 1000 persone. Tutto questo porta a carichi di picco, che devono essere mantenuti in equilibrio con le operazioni normali, anche in termini di energia. Sono stati quindi fatti investimenti in installazioni tecniche (conversione a LED, rilevatori di presenza, sensori crepuscolari, ecc.) e in software per il controllo del sistema.<\/p>\n<p>&nbsp;<\/p>\n<p><em><strong>Dipendenti alla leva<\/strong> <\/em><\/p>\n<p>Per raggiungere l'ambizioso obiettivo di risparmio nel quadro del nostro sistema di gestione integrato, abbiamo creato un \"Comitato Ambiente ed Energia\" interno, in cui ogni dipartimento dell'hotel ha delegato un rappresentante. In questo comitato di 10 persone, fissiamo gli obiettivi e controlliamo periodicamente il grado di raggiungimento. Questo funziona bene. Esempio: Abbiamo iniziato con una quota di riciclaggio di 56 %, oggi abbiamo gi\u00e0 raggiunto una di 70 %.<\/p>\n<p>&nbsp;<\/p>\n<p><em><strong>Fr. Sauter AG, Basilea: \u00e8 il quadro generale che conta<\/strong> <\/em><\/p>\n<p>L'azienda lo fa, il mercato lo richiede, i certificati lo confermano: la sostenibilit\u00e0 \u00e8 il core business dell'azienda familiare attiva a livello mondiale per l'automazione degli edifici verdi. Dr. Walter Reithofer, Executive VP Technology e Dr. Dirk Bongert, Head of Quality Management: \"La considerazione complessiva del ciclo di vita di un edificio sta diventando sempre pi\u00f9 importante. Vale la pena di valutare non solo i costi di costruzione, ma soprattutto i futuri costi operativi di un edificio. Con l'automazione intelligente, questi possono essere ridotti in modo massiccio. Inoltre, le soluzioni totali nella building automation di oggi si stanno spostando sempre pi\u00f9 dall'hardware al software e al servizio. Questo \u00e8 il motivo per cui la Sauter lancia costantemente sul mercato nuovi prodotti software innovativi, come il Sauter Vision Center. Si tratta di una soluzione 100 % basata sul web con la massima comodit\u00e0 di applicazione per il monitoraggio,<\/p>\n<p>&nbsp;<\/p>\n<p><em><strong>\"L'energia \u00e8 la prima e unica virt\u00f9 dell'uomo\" Wilhelm von Humboldt<\/strong><\/em><\/p>\n<p>&nbsp;<\/p>\n<p>Visualizzazione e funzionamento dei sistemi di costruzione. Le funzioni flessibili e il funzionamento intuitivo - nel cloud o localmente - permettono la mappatura di processi complessi\".<\/p>\n<p>&nbsp;<\/p>\n<p><em><strong>Intelligente a casa tua<\/strong> <\/em><\/p>\n<p>Come produttore di sistemi di controllo e di gestione degli edifici, la Sauter \u00e8 impegnata da decenni nel funzionamento energeticamente efficiente degli edifici, compreso il proprio. Il nuovo edificio del 2010 \u00e8 altamente efficiente dal punto di vista termico. 30 % dell'energia totale potrebbe essere risparmiata. La vicinanza al Reno fornisce acqua freatica, che viene utilizzata per il raffreddamento in estate (circa 16 gradi). Le pompe di calore sono installate. Inoltre, c'\u00e8 un'ombreggiatura ottimizzata con corrispondenti meccanismi automatici per le tende. Questo permette di mantenere la temperatura all'interno della finestra di comfort desiderata con un dispendio energetico minimo. La chiave dell'efficienza energetica \u00e8 l'automazione intelligente. Secondo una simulazione di utilizzo, la sede centrale della Sauter con produzione e magazzino ha un fabbisogno di energia primaria di circa 32 kWh\/m2 all'anno, che \u00e8 molto al di sotto del valore limite per edifici non residenziali altamente efficienti di 100 kWh\/m2 all'anno.<\/p>\n<p>&nbsp;<\/p>\n<p><em><strong>Intelligente nei progetti dei clienti<\/strong> <\/em><\/p>\n<p>La Roche Tower a Basilea, l'edificio pi\u00f9 alto della Svizzera, \u00e8 uno spettacolare progetto del cliente. Apre nuove dimensioni in termini di design del posto di lavoro, efficienza energetica e comodit\u00e0 d'uso. Ci\u00f2 ha richiesto l'ulteriore sviluppo dell'unit\u00e0 di controllo della stanza con la tecnologia EnOcean. Grazie alle celle solari, questo \u00e8 energeticamente autonomo, e la sua comunicazione con il controllore della stanza \u00e8 senza fili via radio, il che rende il design della stanza molto flessibile per l'utente.<\/p>\n<p>&nbsp;<\/p>\n<p><em><strong>Totalmente investito nella sostenibilit\u00e0<\/strong> <\/em><\/p>\n<p>La Sauter investe molto nella sua missione \"soluzioni ad alta efficienza energetica per spazi abitativi con un futuro\". Tutti i prodotti sono sviluppati e sintonizzati su questo obiettivo. Il pioniere investe anche nell'ecobilancio dei prodotti, che registra gli effetti di tutti i flussi di materiali ed energia rilevanti sull'ambiente durante l'intero ciclo di vita. Solo questo rende i prodotti con gli stessi benefici comparabili secondo i criteri ecologici. L'azienda \u00e8 certificata SQS secondo ISO 9001, ISO 14001 e OHSAS 18001.<\/p>\n<p><strong>Beck Glatz Confiseur AG: un'azione sostenibile resa trasparente<\/strong><\/p>\n<p>&nbsp;<\/p>\n<p>L'imprenditore Glatz comunica i suoi pensieri e le sue azioni sia internamente che esternamente. Il punto culminante \u00e8 il suo rapporto sulla sostenibilit\u00e0. Presentato in uno stile leggero alla Facebook, contiene tutto quello che c'\u00e8 da sapere sulla sua filosofia.<\/p>\n<p>&nbsp;<\/p>\n<p><em><strong>Rapporto di sostenibilit\u00e0 secondo le linee guida GRI G4<\/strong> <\/em><\/p>\n<p>Analisi della materialit\u00e0, dialogo con gli stakeholder e trasparenza: questi sono i tre temi centrali del rapporto di sostenibilit\u00e0. Beck<\/p>\n<p>&nbsp;<\/p>\n<p><em><strong>I dipendenti evitano, o addirittura odiano, di avere a che fare con clienti insoddisfatti.<\/strong><\/em><\/p>\n<p>&nbsp;<\/p>\n<p>Glatz \u00e8 il primo Beck e Confiseur della rete con un tale documento. Il suo impegno gli d\u00e0 ragione. Le aree di protezione ambientale e le misure di risparmio energetico sono componenti centrali del successo. Dall'introduzione degli sforzi di sostenibilit\u00e0, la soddisfazione dei clienti \u00e8 continuamente aumentata, la gamma di prodotti \u00e8 diventata pi\u00f9 varia e attraente e i costi sono stati significativamente ridotti. I seguenti passaggi del rapporto di sostenibilit\u00e0 sono una prova impressionante delle azioni di Glatz:<\/p>\n<p>&nbsp;<\/p>\n<p><em><strong>Standard di qualit\u00e0<\/strong> <\/em><\/p>\n<p>I prodotti sani sono prodotti in modo ecologico e con impegno sociale. Oltre alla gestione della qualit\u00e0 (ISO 9001), la sicurezza sul lavoro e la protezione della salute (ISO 18001), vengono attuate anche misure per la protezione dell'ambiente e del clima (ISO 14001). Per esempio, i prodotti regionali, biologici e non congelati sono lavorati dove possibile. In questo modo si risparmia una quantit\u00e0 considerevole di energia di produzione e di trasporto, la cosiddetta \"energia grigia\".<\/p>\n<p>&nbsp;<\/p>\n<p><em><strong>Economia con ecologia<\/strong> <\/em><\/p>\n<p>Il successo economico pu\u00f2 certamente andare di pari passo con l'impegno per la protezione dell'ambiente e l'assunzione di responsabilit\u00e0 sociale. A causa delle basse emissioni grazie al teleriscaldamento e alla mobilit\u00e0 elettrica, la neutralit\u00e0 climatica \u00e8 un'aggiunta logica e sensata.<\/p>\n<p>&nbsp;<\/p>\n<p><em><strong>L'alta domanda di energia \"spinge\" la creativit\u00e0<\/strong> <\/em><\/p>\n<p>Nell'industria della panificazione e della pasticceria, il fabbisogno energetico \u00e8 molto alto. Il consumo di energia elettrica \u00e8 quindi continuamente ottimizzato e negli ultimi anni \u00e8 diminuito significativamente. Nel 2013, per la prima volta nei 150 anni di storia dell'azienda, \u00e8 stata acquistata meno elettricit\u00e0 e teleriscaldamento nonostante l'aumento delle vendite. Per mantenere basse le emissioni di CO2, Glatz acquista energia da centrali idroelettriche dal 2008. La flotta aziendale \u00e8 composta anche da veicoli con trazione elettrica e a biogas. E quando si tratta di imballaggi, l'attenzione \u00e8 rivolta a materiali compostabili come il PLA o il bamb\u00f9, e i sacchetti di plastica sono costantemente evitati.<\/p>\n<p>&nbsp;<\/p>\n<p><em><strong>Prodotti dichiarati veri<\/strong> <\/em><\/p>\n<p>La tracciabilit\u00e0 degli alimenti nell'assortimento e la dichiarazione trasparente giocano un ruolo importante. Per questo motivo, le relative dichiarazioni sono esposte nei negozi o affisse direttamente sulla confezione.<\/p>\n<p>&nbsp;<\/p>\n<p><em><strong>Strategia ambientale implementata in modo coerente<\/strong> <\/em><\/p>\n<p>Thomas Glatz continua la sua missione. Dice: \"Con la strategia di implementare coerentemente le misure ambientali, vogliamo dimostrare che la nostra azienda rimane economicamente sana proprio perch\u00e9 ci allineiamo a criteri di protezione ambientale in ampie aree.\"<\/p>\n<p>&nbsp;<\/p>\n<p>&nbsp;<\/p>","protected":false},"excerpt":{"rendered":"<p>&nbsp; &nbsp; Dilemma-Management nennt man Entscheidungslagen, die auf sich widersprechenden Zielen gr\u00fcnden. In einer solch verzwickten Situation befinden sich heute sowohl die staatliche Energiepolitik wie das unternehmerische Energiemanagement. Eindeutige Wahlm\u00f6glichkeiten sind nicht gegeben. Trotzdem muss jede K\u00f6rperschaft hier f\u00f6rderliche Entscheide f\u00e4llen, nicht die maximal richtigen, sondern die optimalen L\u00f6sungen finden. Energie geh\u00f6rt zu den Nachhaltigkeitsthemen [&hellip;]<\/p>\n","protected":false},"author":62,"featured_media":12207,"comment_status":"closed","ping_status":"closed","sticky":false,"template":"","format":"standard","meta":{"_acf_changed":false,"footnotes":""},"categories":[5],"tags":[4794],"class_list":["post-12192","post","type-post","status-publish","format-standard","has-post-thumbnail","hentry","category-business_excellence","tag-07-08-2015"],"acf":[],"yoast_head":"<!-- This site is optimized with the Yoast SEO plugin v26.2 - https:\/\/yoast.com\/wordpress\/plugins\/seo\/ -->\n<title>Mit Konzept und in der Tat: Energieeffizient in die Zukunft - MQ Management und Qualit\u00e4t<\/title>\n<meta name=\"description\" content=\"Verantwortungsvolle, aber auch verantwortbareF\u00fchrung (Good Corporate Governance) entsprichtder Forderung unserer Zeit. Besonders dieinteressierten Anspruchsgruppen einerOrganisation erwarten heute Transparenz \u00fcberderen Haltung und Handeln. Zum Beispiel inEnergiefragen.\" \/>\n<meta name=\"robots\" content=\"index, follow, max-snippet:-1, max-image-preview:large, max-video-preview:-1\" \/>\n<link rel=\"canonical\" href=\"https:\/\/www.m-q.ch\/it\/nel-futuro-con-un-concetto-e-unefficienza-energetica-in-azione\/\" \/>\n<meta property=\"og:locale\" content=\"it_IT\" \/>\n<meta property=\"og:type\" content=\"article\" \/>\n<meta property=\"og:title\" content=\"Mit Konzept und in der Tat: Energieeffizient in die Zukunft - MQ Management und Qualit\u00e4t\" \/>\n<meta property=\"og:description\" content=\"Verantwortungsvolle, aber auch verantwortbareF\u00fchrung (Good Corporate Governance) entsprichtder Forderung unserer Zeit. Besonders dieinteressierten Anspruchsgruppen einerOrganisation erwarten heute Transparenz \u00fcberderen Haltung und Handeln. Zum Beispiel inEnergiefragen.\" \/>\n<meta property=\"og:url\" content=\"https:\/\/www.m-q.ch\/it\/nel-futuro-con-un-concetto-e-unefficienza-energetica-in-azione\/\" \/>\n<meta property=\"og:site_name\" content=\"MQ Management und Qualit\u00e4t\" \/>\n<meta property=\"article:publisher\" content=\"https:\/\/www.facebook.com\/ManagementUndQualitaet\" \/>\n<meta property=\"article:published_time\" content=\"2015-07-05T06:31:02+00:00\" \/>\n<meta property=\"article:modified_time\" content=\"2021-02-16T08:12:21+00:00\" \/>\n<meta property=\"og:image\" content=\"https:\/\/www.m-q.ch\/wp-content\/uploads\/2021\/02\/Mit-Konzept-und-in-der-Tat-Energieeffizient-in-die-Zukunft.jpg\" \/>\n\t<meta property=\"og:image:width\" content=\"875\" \/>\n\t<meta property=\"og:image:height\" content=\"260\" \/>\n\t<meta property=\"og:image:type\" content=\"image\/jpeg\" \/>\n<meta name=\"author\" content=\"upwork_2\" \/>\n<meta name=\"twitter:card\" content=\"summary_large_image\" \/>\n<meta name=\"twitter:label1\" content=\"Scritto da\" \/>\n\t<meta name=\"twitter:data1\" content=\"upwork_2\" \/>\n\t<meta name=\"twitter:label2\" content=\"Tempo di lettura stimato\" \/>\n\t<meta name=\"twitter:data2\" content=\"8 minuti\" \/>\n<script type=\"application\/ld+json\" class=\"yoast-schema-graph\">{\"@context\":\"https:\/\/schema.org\",\"@graph\":[{\"@type\":\"Article\",\"@id\":\"https:\/\/www.m-q.ch\/mit-konzept-und-in-der-tat-energieeffizient-in-die-zukunft\/#article\",\"isPartOf\":{\"@id\":\"https:\/\/www.m-q.ch\/mit-konzept-und-in-der-tat-energieeffizient-in-die-zukunft\/\"},\"author\":{\"name\":\"upwork_2\",\"@id\":\"https:\/\/www.m-q.ch\/fr\/#\/schema\/person\/71f647a41e4a3e361e6230f5134f3ba9\"},\"headline\":\"Mit Konzept und in der Tat: Energieeffizient in die Zukunft\",\"datePublished\":\"2015-07-05T06:31:02+00:00\",\"dateModified\":\"2021-02-16T08:12:21+00:00\",\"mainEntityOfPage\":{\"@id\":\"https:\/\/www.m-q.ch\/mit-konzept-und-in-der-tat-energieeffizient-in-die-zukunft\/\"},\"wordCount\":1538,\"publisher\":{\"@id\":\"https:\/\/www.m-q.ch\/fr\/#organization\"},\"image\":{\"@id\":\"https:\/\/www.m-q.ch\/mit-konzept-und-in-der-tat-energieeffizient-in-die-zukunft\/#primaryimage\"},\"thumbnailUrl\":\"https:\/\/www.m-q.ch\/wp-content\/uploads\/2021\/02\/Mit-Konzept-und-in-der-Tat-Energieeffizient-in-die-Zukunft.jpg\",\"keywords\":[\"07\u201308\/2015\"],\"articleSection\":[\"Business Excellence\"],\"inLanguage\":\"it-IT\"},{\"@type\":\"WebPage\",\"@id\":\"https:\/\/www.m-q.ch\/mit-konzept-und-in-der-tat-energieeffizient-in-die-zukunft\/\",\"url\":\"https:\/\/www.m-q.ch\/mit-konzept-und-in-der-tat-energieeffizient-in-die-zukunft\/\",\"name\":\"Mit Konzept und in der Tat: Energieeffizient in die Zukunft - MQ Management und Qualit\u00e4t\",\"isPartOf\":{\"@id\":\"https:\/\/www.m-q.ch\/fr\/#website\"},\"primaryImageOfPage\":{\"@id\":\"https:\/\/www.m-q.ch\/mit-konzept-und-in-der-tat-energieeffizient-in-die-zukunft\/#primaryimage\"},\"image\":{\"@id\":\"https:\/\/www.m-q.ch\/mit-konzept-und-in-der-tat-energieeffizient-in-die-zukunft\/#primaryimage\"},\"thumbnailUrl\":\"https:\/\/www.m-q.ch\/wp-content\/uploads\/2021\/02\/Mit-Konzept-und-in-der-Tat-Energieeffizient-in-die-Zukunft.jpg\",\"datePublished\":\"2015-07-05T06:31:02+00:00\",\"dateModified\":\"2021-02-16T08:12:21+00:00\",\"description\":\"Verantwortungsvolle, aber auch verantwortbareF\u00fchrung (Good Corporate Governance) entsprichtder Forderung unserer Zeit. Besonders dieinteressierten Anspruchsgruppen einerOrganisation erwarten heute Transparenz \u00fcberderen Haltung und Handeln. Zum Beispiel inEnergiefragen.\",\"breadcrumb\":{\"@id\":\"https:\/\/www.m-q.ch\/mit-konzept-und-in-der-tat-energieeffizient-in-die-zukunft\/#breadcrumb\"},\"inLanguage\":\"it-IT\",\"potentialAction\":[{\"@type\":\"ReadAction\",\"target\":[\"https:\/\/www.m-q.ch\/mit-konzept-und-in-der-tat-energieeffizient-in-die-zukunft\/\"]}]},{\"@type\":\"ImageObject\",\"inLanguage\":\"it-IT\",\"@id\":\"https:\/\/www.m-q.ch\/mit-konzept-und-in-der-tat-energieeffizient-in-die-zukunft\/#primaryimage\",\"url\":\"https:\/\/www.m-q.ch\/wp-content\/uploads\/2021\/02\/Mit-Konzept-und-in-der-Tat-Energieeffizient-in-die-Zukunft.jpg\",\"contentUrl\":\"https:\/\/www.m-q.ch\/wp-content\/uploads\/2021\/02\/Mit-Konzept-und-in-der-Tat-Energieeffizient-in-die-Zukunft.jpg\",\"width\":875,\"height\":260,\"caption\":\"Mit Konzept und in der Tat: Energieeffizient in die Zukunft\"},{\"@type\":\"BreadcrumbList\",\"@id\":\"https:\/\/www.m-q.ch\/mit-konzept-und-in-der-tat-energieeffizient-in-die-zukunft\/#breadcrumb\",\"itemListElement\":[{\"@type\":\"ListItem\",\"position\":1,\"name\":\"Business Excellence\",\"item\":\"https:\/\/www.m-q.ch\/kategorie\/business_excellence\/\"},{\"@type\":\"ListItem\",\"position\":2,\"name\":\"Mit Konzept und in der Tat: Energieeffizient in die Zukunft\"}]},{\"@type\":\"WebSite\",\"@id\":\"https:\/\/www.m-q.ch\/fr\/#website\",\"url\":\"https:\/\/www.m-q.ch\/fr\/\",\"name\":\"MQ Management und Qualit\u00e4t\",\"description\":\"Plattform f\u00fcr integrierte Managementsysteme.\",\"publisher\":{\"@id\":\"https:\/\/www.m-q.ch\/fr\/#organization\"},\"potentialAction\":[{\"@type\":\"SearchAction\",\"target\":{\"@type\":\"EntryPoint\",\"urlTemplate\":\"https:\/\/www.m-q.ch\/fr\/?s={search_term_string}\"},\"query-input\":{\"@type\":\"PropertyValueSpecification\",\"valueRequired\":true,\"valueName\":\"search_term_string\"}}],\"inLanguage\":\"it-IT\"},{\"@type\":\"Organization\",\"@id\":\"https:\/\/www.m-q.ch\/fr\/#organization\",\"name\":\"Galledia Fachmedien AG\",\"url\":\"https:\/\/www.m-q.ch\/fr\/\",\"logo\":{\"@type\":\"ImageObject\",\"inLanguage\":\"it-IT\",\"@id\":\"https:\/\/www.m-q.ch\/fr\/#\/schema\/logo\/image\/\",\"url\":\"https:\/\/www.m-q.ch\/wp-content\/uploads\/2020\/12\/cropped-logo_small.png\",\"contentUrl\":\"https:\/\/www.m-q.ch\/wp-content\/uploads\/2020\/12\/cropped-logo_small.png\",\"width\":512,\"height\":512,\"caption\":\"Galledia Fachmedien AG\"},\"image\":{\"@id\":\"https:\/\/www.m-q.ch\/fr\/#\/schema\/logo\/image\/\"},\"sameAs\":[\"https:\/\/www.facebook.com\/ManagementUndQualitaet\",\"https:\/\/www.linkedin.com\/showcase\/17982321\/admin\/\"]},{\"@type\":\"Person\",\"@id\":\"https:\/\/www.m-q.ch\/fr\/#\/schema\/person\/71f647a41e4a3e361e6230f5134f3ba9\",\"name\":\"upwork_2\",\"image\":{\"@type\":\"ImageObject\",\"inLanguage\":\"it-IT\",\"@id\":\"https:\/\/www.m-q.ch\/fr\/#\/schema\/person\/image\/\",\"url\":\"https:\/\/secure.gravatar.com\/avatar\/777b90ab56092bbf3c85feacda5c1bce?s=96&d=mm&r=g\",\"contentUrl\":\"https:\/\/secure.gravatar.com\/avatar\/777b90ab56092bbf3c85feacda5c1bce?s=96&d=mm&r=g\",\"caption\":\"upwork_2\"},\"url\":\"https:\/\/www.m-q.ch\/it\/author\/upwork_2\/\"}]}<\/script>\n<!-- \/ Yoast SEO plugin. -->","yoast_head_json":{"title":"Con il concetto e in azione: efficienza energetica nel futuro - MQ Management und Qualit\u00e4t","description":"Una gestione responsabile, ma anche affidabile (buon governo aziendale) risponde alle esigenze del nostro tempo. Oggi, gli stakeholder interessati di un'organizzazione in particolare si aspettano trasparenza sul suo atteggiamento e sulle sue azioni. Nelle questioni energetiche, per esempio.","robots":{"index":"index","follow":"follow","max-snippet":"max-snippet:-1","max-image-preview":"max-image-preview:large","max-video-preview":"max-video-preview:-1"},"canonical":"https:\/\/www.m-q.ch\/it\/nel-futuro-con-un-concetto-e-unefficienza-energetica-in-azione\/","og_locale":"it_IT","og_type":"article","og_title":"Mit Konzept und in der Tat: Energieeffizient in die Zukunft - MQ Management und Qualit\u00e4t","og_description":"Verantwortungsvolle, aber auch verantwortbareF\u00fchrung (Good Corporate Governance) entsprichtder Forderung unserer Zeit. Besonders dieinteressierten Anspruchsgruppen einerOrganisation erwarten heute Transparenz \u00fcberderen Haltung und Handeln. Zum Beispiel inEnergiefragen.","og_url":"https:\/\/www.m-q.ch\/it\/nel-futuro-con-un-concetto-e-unefficienza-energetica-in-azione\/","og_site_name":"MQ Management und Qualit\u00e4t","article_publisher":"https:\/\/www.facebook.com\/ManagementUndQualitaet","article_published_time":"2015-07-05T06:31:02+00:00","article_modified_time":"2021-02-16T08:12:21+00:00","og_image":[{"width":875,"height":260,"url":"https:\/\/www.m-q.ch\/wp-content\/uploads\/2021\/02\/Mit-Konzept-und-in-der-Tat-Energieeffizient-in-die-Zukunft.jpg","type":"image\/jpeg"}],"author":"upwork_2","twitter_card":"summary_large_image","twitter_misc":{"Scritto da":"upwork_2","Tempo di lettura stimato":"8 minuti"},"schema":{"@context":"https:\/\/schema.org","@graph":[{"@type":"Article","@id":"https:\/\/www.m-q.ch\/mit-konzept-und-in-der-tat-energieeffizient-in-die-zukunft\/#article","isPartOf":{"@id":"https:\/\/www.m-q.ch\/mit-konzept-und-in-der-tat-energieeffizient-in-die-zukunft\/"},"author":{"name":"upwork_2","@id":"https:\/\/www.m-q.ch\/fr\/#\/schema\/person\/71f647a41e4a3e361e6230f5134f3ba9"},"headline":"Mit Konzept und in der Tat: Energieeffizient in die Zukunft","datePublished":"2015-07-05T06:31:02+00:00","dateModified":"2021-02-16T08:12:21+00:00","mainEntityOfPage":{"@id":"https:\/\/www.m-q.ch\/mit-konzept-und-in-der-tat-energieeffizient-in-die-zukunft\/"},"wordCount":1538,"publisher":{"@id":"https:\/\/www.m-q.ch\/fr\/#organization"},"image":{"@id":"https:\/\/www.m-q.ch\/mit-konzept-und-in-der-tat-energieeffizient-in-die-zukunft\/#primaryimage"},"thumbnailUrl":"https:\/\/www.m-q.ch\/wp-content\/uploads\/2021\/02\/Mit-Konzept-und-in-der-Tat-Energieeffizient-in-die-Zukunft.jpg","keywords":["07\u201308\/2015"],"articleSection":["Business Excellence"],"inLanguage":"it-IT"},{"@type":"WebPage","@id":"https:\/\/www.m-q.ch\/mit-konzept-und-in-der-tat-energieeffizient-in-die-zukunft\/","url":"https:\/\/www.m-q.ch\/mit-konzept-und-in-der-tat-energieeffizient-in-die-zukunft\/","name":"Con il concetto e in azione: efficienza energetica nel futuro - MQ Management und Qualit\u00e4t","isPartOf":{"@id":"https:\/\/www.m-q.ch\/fr\/#website"},"primaryImageOfPage":{"@id":"https:\/\/www.m-q.ch\/mit-konzept-und-in-der-tat-energieeffizient-in-die-zukunft\/#primaryimage"},"image":{"@id":"https:\/\/www.m-q.ch\/mit-konzept-und-in-der-tat-energieeffizient-in-die-zukunft\/#primaryimage"},"thumbnailUrl":"https:\/\/www.m-q.ch\/wp-content\/uploads\/2021\/02\/Mit-Konzept-und-in-der-Tat-Energieeffizient-in-die-Zukunft.jpg","datePublished":"2015-07-05T06:31:02+00:00","dateModified":"2021-02-16T08:12:21+00:00","description":"Una gestione responsabile, ma anche affidabile (buon governo aziendale) risponde alle esigenze del nostro tempo. Oggi, gli stakeholder interessati di un'organizzazione in particolare si aspettano trasparenza sul suo atteggiamento e sulle sue azioni. Nelle questioni energetiche, per esempio.","breadcrumb":{"@id":"https:\/\/www.m-q.ch\/mit-konzept-und-in-der-tat-energieeffizient-in-die-zukunft\/#breadcrumb"},"inLanguage":"it-IT","potentialAction":[{"@type":"ReadAction","target":["https:\/\/www.m-q.ch\/mit-konzept-und-in-der-tat-energieeffizient-in-die-zukunft\/"]}]},{"@type":"ImageObject","inLanguage":"it-IT","@id":"https:\/\/www.m-q.ch\/mit-konzept-und-in-der-tat-energieeffizient-in-die-zukunft\/#primaryimage","url":"https:\/\/www.m-q.ch\/wp-content\/uploads\/2021\/02\/Mit-Konzept-und-in-der-Tat-Energieeffizient-in-die-Zukunft.jpg","contentUrl":"https:\/\/www.m-q.ch\/wp-content\/uploads\/2021\/02\/Mit-Konzept-und-in-der-Tat-Energieeffizient-in-die-Zukunft.jpg","width":875,"height":260,"caption":"Mit Konzept und in der Tat: Energieeffizient in die Zukunft"},{"@type":"BreadcrumbList","@id":"https:\/\/www.m-q.ch\/mit-konzept-und-in-der-tat-energieeffizient-in-die-zukunft\/#breadcrumb","itemListElement":[{"@type":"ListItem","position":1,"name":"Business Excellence","item":"https:\/\/www.m-q.ch\/kategorie\/business_excellence\/"},{"@type":"ListItem","position":2,"name":"Mit Konzept und in der Tat: Energieeffizient in die Zukunft"}]},{"@type":"WebSite","@id":"https:\/\/www.m-q.ch\/fr\/#website","url":"https:\/\/www.m-q.ch\/fr\/","name":"Gestione e qualit\u00e0 MQ","description":"Piattaforma per sistemi di gestione integrati.","publisher":{"@id":"https:\/\/www.m-q.ch\/fr\/#organization"},"potentialAction":[{"@type":"SearchAction","target":{"@type":"EntryPoint","urlTemplate":"https:\/\/www.m-q.ch\/fr\/?s={search_term_string}"},"query-input":{"@type":"PropertyValueSpecification","valueRequired":true,"valueName":"search_term_string"}}],"inLanguage":"it-IT"},{"@type":"Organization","@id":"https:\/\/www.m-q.ch\/fr\/#organization","name":"Galledia Fachmedien AG","url":"https:\/\/www.m-q.ch\/fr\/","logo":{"@type":"ImageObject","inLanguage":"it-IT","@id":"https:\/\/www.m-q.ch\/fr\/#\/schema\/logo\/image\/","url":"https:\/\/www.m-q.ch\/wp-content\/uploads\/2020\/12\/cropped-logo_small.png","contentUrl":"https:\/\/www.m-q.ch\/wp-content\/uploads\/2020\/12\/cropped-logo_small.png","width":512,"height":512,"caption":"Galledia Fachmedien AG"},"image":{"@id":"https:\/\/www.m-q.ch\/fr\/#\/schema\/logo\/image\/"},"sameAs":["https:\/\/www.facebook.com\/ManagementUndQualitaet","https:\/\/www.linkedin.com\/showcase\/17982321\/admin\/"]},{"@type":"Person","@id":"https:\/\/www.m-q.ch\/fr\/#\/schema\/person\/71f647a41e4a3e361e6230f5134f3ba9","name":"upwork_2","image":{"@type":"ImageObject","inLanguage":"it-IT","@id":"https:\/\/www.m-q.ch\/fr\/#\/schema\/person\/image\/","url":"https:\/\/secure.gravatar.com\/avatar\/777b90ab56092bbf3c85feacda5c1bce?s=96&d=mm&r=g","contentUrl":"https:\/\/secure.gravatar.com\/avatar\/777b90ab56092bbf3c85feacda5c1bce?s=96&d=mm&r=g","caption":"upwork_2"},"url":"https:\/\/www.m-q.ch\/it\/author\/upwork_2\/"}]}},"_links":{"self":[{"href":"https:\/\/www.m-q.ch\/it\/wp-json\/wp\/v2\/posts\/12192","targetHints":{"allow":["GET"]}}],"collection":[{"href":"https:\/\/www.m-q.ch\/it\/wp-json\/wp\/v2\/posts"}],"about":[{"href":"https:\/\/www.m-q.ch\/it\/wp-json\/wp\/v2\/types\/post"}],"author":[{"embeddable":true,"href":"https:\/\/www.m-q.ch\/it\/wp-json\/wp\/v2\/users\/62"}],"replies":[{"embeddable":true,"href":"https:\/\/www.m-q.ch\/it\/wp-json\/wp\/v2\/comments?post=12192"}],"version-history":[{"count":2,"href":"https:\/\/www.m-q.ch\/it\/wp-json\/wp\/v2\/posts\/12192\/revisions"}],"predecessor-version":[{"id":12210,"href":"https:\/\/www.m-q.ch\/it\/wp-json\/wp\/v2\/posts\/12192\/revisions\/12210"}],"wp:featuredmedia":[{"embeddable":true,"href":"https:\/\/www.m-q.ch\/it\/wp-json\/wp\/v2\/media\/12207"}],"wp:attachment":[{"href":"https:\/\/www.m-q.ch\/it\/wp-json\/wp\/v2\/media?parent=12192"}],"wp:term":[{"taxonomy":"category","embeddable":true,"href":"https:\/\/www.m-q.ch\/it\/wp-json\/wp\/v2\/categories?post=12192"},{"taxonomy":"post_tag","embeddable":true,"href":"https:\/\/www.m-q.ch\/it\/wp-json\/wp\/v2\/tags?post=12192"}],"curies":[{"name":"wp","href":"https:\/\/api.w.org\/{rel}","templated":true}]}}