{"id":12193,"date":"2015-07-07T08:31:03","date_gmt":"2015-07-07T06:31:03","guid":{"rendered":"https:\/\/www.m-q.ch\/?p=12193"},"modified":"2021-02-16T09:21:02","modified_gmt":"2021-02-16T08:21:02","slug":"nuovi-oneri-fiscali-per-le-pmi-svizzere","status":"publish","type":"post","link":"https:\/\/www.m-q.ch\/it\/neue-steuerbelastungen-fuer-schweizer-kmu\/","title":{"rendered":"Nuovi oneri fiscali per le PMI svizzere?"},"content":{"rendered":"<p><img loading=\"lazy\" decoding=\"async\" class=\"alignnone size-full wp-image-12209\" src=\"https:\/\/www.m-q.ch\/wp-content\/uploads\/2021\/02\/Neue-Steuerbelastungen-fuer-Schweizer-KMU.jpg\" alt=\"Nuovi oneri fiscali per le PMI svizzere?\" width=\"870\" height=\"550\" srcset=\"https:\/\/www.m-q.ch\/wp-content\/uploads\/2021\/02\/Neue-Steuerbelastungen-fuer-Schweizer-KMU.jpg 870w, https:\/\/www.m-q.ch\/wp-content\/uploads\/2021\/02\/Neue-Steuerbelastungen-fuer-Schweizer-KMU-768x486.jpg 768w, https:\/\/www.m-q.ch\/wp-content\/uploads\/2021\/02\/Neue-Steuerbelastungen-fuer-Schweizer-KMU-16x10.jpg 16w, https:\/\/www.m-q.ch\/wp-content\/uploads\/2021\/02\/Neue-Steuerbelastungen-fuer-Schweizer-KMU-277x175.jpg 277w, https:\/\/www.m-q.ch\/wp-content\/uploads\/2021\/02\/Neue-Steuerbelastungen-fuer-Schweizer-KMU-554x350.jpg 554w, https:\/\/www.m-q.ch\/wp-content\/uploads\/2021\/02\/Neue-Steuerbelastungen-fuer-Schweizer-KMU-300x190.jpg 300w\" sizes=\"auto, (max-width: 870px) 100vw, 870px\" \/><\/p>\n<p>&nbsp;<\/p>\n<p>&nbsp;<\/p>\n<p>La legge svizzera sull'imposta sulle societ\u00e0 ha dato un contributo importante all'attrattiva della Svizzera come business location e ha persuaso un certo numero di aziende, alcune delle quali importanti, a trasferirsi in Svizzera. Da diversi anni, tuttavia, proprio questa forza trainante dell'attrattiva della piazza economica svizzera \u00e8 sottoposta a un'enorme pressione internazionale. L'UE e l'Organizzazione per la cooperazione e lo sviluppo economico (OCSE) in particolare stanno spingendo la Svizzera ad adottare standard internazionali.<\/p>\n<p>&nbsp;<\/p>\n<p>Le discussioni si concentrano soprattutto sui privilegi fiscali cantonali per le societ\u00e0 holding, di domicilio e miste, che in alcuni casi trattano i redditi nazionali ed esteri in modo disuguale e creano cos\u00ec condizioni fiscali interessanti per le societ\u00e0 multinazionali. A livello politico e tra le associazioni economiche sono in corso da tempo discussioni sui possibili e necessari adeguamenti del diritto fiscale delle imprese, affinch\u00e9 l'attrattiva della Svizzera come piazza fiscale sia mantenuta, accettata a livello internazionale e rafforzata allo stesso tempo. Il 5 giugno 2015, il Consiglio federale ha adottato il messaggio sulla direttiva IVA III, il che significa che la riforma \u00e8 ora pronta per la discussione parlamentare.<\/p>\n<p><strong>Contenuto della riforma III dell'imposta sulle societ\u00e0<\/strong><\/p>\n<p>&nbsp;<\/p>\n<p>La direttiva IVA III si concentra su tre obiettivi principali: Garantire una pressione fiscale sulle imprese sempre competitiva, ripristinare l'accettazione internazionale e assicurare il rendimento finanziario delle imposte sull'utile per la Confederazione, i cantoni e i comuni. Per raggiungere questi obiettivi, il Consiglio federale propone diverse misure. Da un lato, le norme cantonali speciali per le societ\u00e0 holding, di domicilio e miste devono essere abolite, e dall'altro devono essere introdotte nuove norme interessanti per i redditi mobili. Inoltre, sono previste riduzioni dell'aliquota dell'imposta sull'utile cantonale e varie misure per migliorare la sistematicit\u00e0 del diritto fiscale delle imprese. I tre elementi della direttiva IVA III sono brevemente riassunti e spiegati qui di seguito.<\/p>\n<p><strong>Patent box e promozione della ricerca e sviluppo (R&amp;S)<\/strong><\/p>\n<p>&nbsp;<\/p>\n<p>Un patent box dovrebbe essere introdotto a livello cantonale per le imprese ad alta intensit\u00e0 di ricerca. Inoltre, i cantoni devono essere abilitati a prevedere maggiori deduzioni per le spese di R&amp;S. Il concetto di base del patent box prevede che le persone giuridiche possano dedurre fino al 90% dei loro risultati dai brevetti posseduti o utilizzati da loro.<\/p>\n<p>&nbsp;<\/p>\n<p><em><strong>L'imposta sui profitti corretta per gli interessi non \u00e8 stata inserita nel dispaccio sull'UStR III.<\/strong><\/em><\/p>\n<p>&nbsp;<\/p>\n<p>Il contribuente ha il diritto di dedurre il reddito detenuto a titolo di usufrutto dal reddito imponibile a livello cantonale. Cos\u00ec, a seconda del cantone, si pu\u00f2 ottenere un'aliquota fiscale globale effettiva su tali redditi di circa il 10%. Purtroppo, l'attuale progetto di legge prevede un'interpretazione relativamente ristretta del termine \"brevetti\". Si intende che solo il reddito da brevetti registrati si qualifica. Altri beni immateriali come i diritti di marchio, nomi commerciali o invenzioni non registrate sono esclusi dal privilegio fiscale. Oltre al patent box, i cantoni avranno la possibilit\u00e0 di introdurre una maggiore deduzione per le spese di R&amp;S a livello cantonale. I parametri di questa maggiore deduzione per la R&amp;S sono lasciati ai cantoni, e la sovvenzione \u00e8 limitata esclusivamente alle attivit\u00e0 di R&amp;S svolte all'interno del paese.<\/p>\n<p><strong>Riduzioni dell'aliquota dell'imposta sugli utili<\/strong><\/p>\n<p>&nbsp;<\/p>\n<p>Le riduzioni dell'aliquota dell'imposta sull'utile dei cantoni non fanno formalmente parte della riforma, poich\u00e9 sono di competenza dei cantoni. Tuttavia, il pacchetto di riforme dell'UStR III prevede che la Confederazione lasci ai cantoni un margine di manovra in materia di politica fiscale mediante misure di perequazione verticale, in modo che i cantoni siano in grado di ridurre le aliquote dell'imposta ordinaria sull'utile a una media del 16% e compensare cos\u00ec la soppressione dei privilegi fiscali cantonali.<\/p>\n<p><strong>Migliorare la sistematica del diritto fiscale delle imprese<\/strong><\/p>\n<p>&nbsp;<\/p>\n<p>Il terzo elemento della riforma mira principalmente ad armonizzare le regole esistenti e a raggiungere un carico fiscale equilibrato nel settore dei redditi da capitale.<\/p>\n<p>&nbsp;<\/p>\n<p><em><strong>-introduzione di una regola uniforme per la divulgazione delle riserve nascoste<\/strong><\/em>\u00a0<\/p>\n<p><em>Ora, le riserve nascoste devono essere rivelate non solo al momento della partenza o della cessazione dell'obbligo fiscale, ma anche all'entrata o all'inizio dell'obbligo fiscale svizzero. Ci\u00f2 significa che le riserve nascoste (compreso il valore aggiunto\/avviamento autocreato) possono essere indicate nel bilancio fiscale all'inizio della passivit\u00e0 fiscale, indipendentemente dal fatto che possano essere capitalizzate secondo il diritto commerciale. Le azioni rivalutate a fini fiscali devono essere ammortizzate secondo i tassi di ammortamento abituali, per cui il periodo di ammortamento dell'avviamento non pu\u00f2 superare i dieci anni.<\/em><\/p>\n<p>&nbsp;<\/p>\n<p><em>Occorre prestare attenzione alla nuova menzione esplicita che il valore aggiunto esistente (ad esempio in caso di trasferimento di funzioni di vendita o di servizio all'estero) sar\u00e0 tassato anche se l'obbligo fiscale svizzero cessa. Per le imprese che sono colpite dall'interruzione di un privilegio fiscale cantonale, sar\u00e0 creato uno sgravio corrispondente. Le riserve nascoste esistenti al momento dell'interruzione di tale privilegio fiscale possono essere tassate separatamente e ad un tasso ridotto per un periodo di cinque anni, se realizzate. Le aliquote fiscali applicabili sono determinate dai cantoni.<\/em><\/p>\n<p>&nbsp;<\/p>\n<p><em><strong>- Abolizione della tassa di emissione sul capitale proprio<\/strong> <\/em><\/p>\n<p>&nbsp;<\/p>\n<p><em><strong>- Adeguamenti alla procedura di tassazione parziale<\/strong><\/em><\/p>\n<p><em>La tassazione privilegiata dei redditi da dividendi deve essere uniformata su base cantonale. Da un lato, lo sgravio sar\u00e0 possibile solo attraverso la base imponibile (procedura di tassazione parziale) e dall'altro, lo sgravio sar\u00e0 limitato a un 30 per cento uniforme. Il livello minimo di partecipazione per richiedere la tassazione privilegiata dei dividendi \u00e8 stato lasciato al 10%, dopo che un'estensione a tutte le partecipazioni era ancora prevista nel progetto di consultazione.<\/em><\/p>\n<p>&nbsp;<\/p>\n<p><em><strong>- Adeguamenti al credito d'imposta forfettario (mozione Pelli)<\/strong> <\/em><\/p>\n<p><em>A certe condizioni, le stabili organizzazioni svizzere di societ\u00e0 estere che sono soggette alla tassazione ordinaria dovrebbero poter richiedere un credito d'imposta forfettario per il reddito soggetto a imposte estere.<\/em><\/p>\n<p>&nbsp;<\/p>\n<p>L'imposta sui profitti corretta per gli interessi, gli aggiustamenti previsti per l'imposta sul capitale e l'imposta sul tonnellaggio, che aveva lo scopo di promuovere la navigazione oceanica dal punto di vista fiscale, sono stati oggetto di molte discussioni nel periodo precedente, ma alla fine non sono stati inseriti nel dispaccio sull'IVA III. Per quanto riguarda la tassa sul tonnellaggio, \u00e8 stato notato che non \u00e8 costituzionale, in quanto non esiste una base costituzionale esplicita per promuovere la navigazione oceanica. Inoltre, non sono stati presi in considerazione gli adeguamenti della deduzione della partecipazione (passaggio dall'esenzione indiretta a quella diretta) e della compensazione delle perdite. \u00c8 particolarmente piacevole che l'introduzione di un capo<\/p>\n<p>&nbsp;<\/p>\n<p><em><strong>L'introduzione di una tassa sui guadagni di capitale non ha incontrato l'approvazione nel processo di consultazione.<\/strong><\/em><\/p>\n<p>&nbsp;<\/p>\n<p>non \u00e8 stata accolta bene nel processo di consultazione ed \u00e8 stata anche cancellata senza essere sostituita.<\/p>\n<p><strong>Implicazioni per le PMI svizzere<\/strong><\/p>\n<p>&nbsp;<\/p>\n<p>L'abolizione dei privilegi fiscali cantonali non riguarder\u00e0 solo le multinazionali, ma anche numerose PMI svizzere con strutture di holding svizzere. Se lo status di holding \u00e8 soddisfatto, allora a livello cantonale l'utile non \u00e8 tassato. Questo significa che non solo il reddito da dividendi, ma anche il reddito da interessi e royalties, il compenso per le funzioni di gestione, ecc. sono esenti da tasse. L'abolizione dei privilegi eliminer\u00e0 anche il privilegio fiscale su questo reddito non da dividendi. C'\u00e8 quindi bisogno di pianificazione, in particolare per le strutture di detenzione che possono attualmente trarre vantaggio dalla tassazione ridotta di altri redditi (non di dividendi). Il reddito da dividendo puro continuer\u00e0 ad essere alleggerito dalla deduzione di partecipazione.<\/p>\n<p>&nbsp;<\/p>\n<p>Tutto sommato, la direttiva IVA III non avr\u00e0 un impatto significativo sulle PMI che operano esclusivamente in Svizzera. Gli effetti pi\u00f9 significativi saranno la riduzione delle aliquote d'imposta sugli utili e il deterioramento della tassazione privilegiata dei dividendi. In ogni caso, non bisogna trascurare che l'UStR III mira a promuovere l'attivit\u00e0 d'investimento in Svizzera, in particolare per mezzo di un patent box e di un aumento delle spese di R&amp;S. \u00c8 ancora incerto quando e in quale forma la direttiva IVA III sar\u00e0 finalmente introdotta. Ciononostante, le PMI svizzere dovrebbero prepararsi ai cambiamenti e poter contare su un consulente fiscale che le guidi attraverso questo cambiamento fiscale.\u00a0<\/p>","protected":false},"excerpt":{"rendered":"<p>&nbsp; &nbsp; Das hiesige Unternehmenssteuerrecht hat viel zur Standortattraktivit\u00e4t der Schweiz beigetragen und einige, teilweise auch prominente Unternehmen zum Umzug in die Schweiz bewogen. Seit mehreren Jahren steht aber genau dieses Zugpferd des Standortes Schweiz unter enormem internationalem Druck. Insbesondere die EU und die Organisation f\u00fcr wirtschaftliche Zusammenarbeit und Entwicklung (OECD) dr\u00e4ngen die Schweiz dazu, [&hellip;]<\/p>\n","protected":false},"author":62,"featured_media":12209,"comment_status":"closed","ping_status":"closed","sticky":false,"template":"","format":"standard","meta":{"_acf_changed":false,"footnotes":""},"categories":[5],"tags":[4794],"class_list":["post-12193","post","type-post","status-publish","format-standard","has-post-thumbnail","hentry","category-business_excellence","tag-07-08-2015"],"acf":[],"yoast_head":"<!-- This site is optimized with the Yoast SEO plugin v26.2 - https:\/\/yoast.com\/wordpress\/plugins\/seo\/ -->\n<title>Neue Steuerbelastungen f\u00fcr Schweizer KMU? - MQ Management und Qualit\u00e4t<\/title>\n<meta name=\"description\" content=\"Die in den Medien viel diskutierte UnternehmenssteuerreformIII (UStR III) nimmt langsam Form an.Als KMU stellt sich die Frage, ob und wann steuerplanerischeMassnahmen anzusetzen sind.\" \/>\n<meta name=\"robots\" content=\"index, follow, max-snippet:-1, max-image-preview:large, max-video-preview:-1\" \/>\n<link rel=\"canonical\" href=\"https:\/\/www.m-q.ch\/it\/nuovi-oneri-fiscali-per-le-pmi-svizzere\/\" \/>\n<meta property=\"og:locale\" content=\"it_IT\" \/>\n<meta property=\"og:type\" content=\"article\" \/>\n<meta property=\"og:title\" content=\"Neue Steuerbelastungen f\u00fcr Schweizer KMU? - MQ Management und Qualit\u00e4t\" \/>\n<meta property=\"og:description\" content=\"Die in den Medien viel diskutierte UnternehmenssteuerreformIII (UStR III) nimmt langsam Form an.Als KMU stellt sich die Frage, ob und wann steuerplanerischeMassnahmen anzusetzen sind.\" \/>\n<meta property=\"og:url\" content=\"https:\/\/www.m-q.ch\/it\/nuovi-oneri-fiscali-per-le-pmi-svizzere\/\" \/>\n<meta property=\"og:site_name\" content=\"MQ Management und Qualit\u00e4t\" \/>\n<meta property=\"article:publisher\" content=\"https:\/\/www.facebook.com\/ManagementUndQualitaet\" \/>\n<meta property=\"article:published_time\" content=\"2015-07-07T06:31:03+00:00\" \/>\n<meta property=\"article:modified_time\" content=\"2021-02-16T08:21:02+00:00\" \/>\n<meta property=\"og:image\" content=\"https:\/\/www.m-q.ch\/wp-content\/uploads\/2021\/02\/Neue-Steuerbelastungen-fuer-Schweizer-KMU.jpg\" \/>\n\t<meta property=\"og:image:width\" content=\"870\" \/>\n\t<meta property=\"og:image:height\" content=\"550\" \/>\n\t<meta property=\"og:image:type\" content=\"image\/jpeg\" \/>\n<meta name=\"author\" content=\"upwork_2\" \/>\n<meta name=\"twitter:card\" content=\"summary_large_image\" \/>\n<meta name=\"twitter:label1\" content=\"Scritto da\" \/>\n\t<meta name=\"twitter:data1\" content=\"upwork_2\" \/>\n\t<meta name=\"twitter:label2\" content=\"Tempo di lettura stimato\" \/>\n\t<meta name=\"twitter:data2\" content=\"6 minuti\" \/>\n<script type=\"application\/ld+json\" class=\"yoast-schema-graph\">{\"@context\":\"https:\/\/schema.org\",\"@graph\":[{\"@type\":\"Article\",\"@id\":\"https:\/\/www.m-q.ch\/neue-steuerbelastungen-fuer-schweizer-kmu\/#article\",\"isPartOf\":{\"@id\":\"https:\/\/www.m-q.ch\/neue-steuerbelastungen-fuer-schweizer-kmu\/\"},\"author\":{\"name\":\"upwork_2\",\"@id\":\"https:\/\/www.m-q.ch\/fr\/#\/schema\/person\/71f647a41e4a3e361e6230f5134f3ba9\"},\"headline\":\"Neue Steuerbelastungen f\u00fcr Schweizer KMU?\",\"datePublished\":\"2015-07-07T06:31:03+00:00\",\"dateModified\":\"2021-02-16T08:21:02+00:00\",\"mainEntityOfPage\":{\"@id\":\"https:\/\/www.m-q.ch\/neue-steuerbelastungen-fuer-schweizer-kmu\/\"},\"wordCount\":1166,\"publisher\":{\"@id\":\"https:\/\/www.m-q.ch\/fr\/#organization\"},\"image\":{\"@id\":\"https:\/\/www.m-q.ch\/neue-steuerbelastungen-fuer-schweizer-kmu\/#primaryimage\"},\"thumbnailUrl\":\"https:\/\/www.m-q.ch\/wp-content\/uploads\/2021\/02\/Neue-Steuerbelastungen-fuer-Schweizer-KMU.jpg\",\"keywords\":[\"07\u201308\/2015\"],\"articleSection\":[\"Business Excellence\"],\"inLanguage\":\"it-IT\"},{\"@type\":\"WebPage\",\"@id\":\"https:\/\/www.m-q.ch\/neue-steuerbelastungen-fuer-schweizer-kmu\/\",\"url\":\"https:\/\/www.m-q.ch\/neue-steuerbelastungen-fuer-schweizer-kmu\/\",\"name\":\"Neue Steuerbelastungen f\u00fcr Schweizer KMU? - MQ Management und Qualit\u00e4t\",\"isPartOf\":{\"@id\":\"https:\/\/www.m-q.ch\/fr\/#website\"},\"primaryImageOfPage\":{\"@id\":\"https:\/\/www.m-q.ch\/neue-steuerbelastungen-fuer-schweizer-kmu\/#primaryimage\"},\"image\":{\"@id\":\"https:\/\/www.m-q.ch\/neue-steuerbelastungen-fuer-schweizer-kmu\/#primaryimage\"},\"thumbnailUrl\":\"https:\/\/www.m-q.ch\/wp-content\/uploads\/2021\/02\/Neue-Steuerbelastungen-fuer-Schweizer-KMU.jpg\",\"datePublished\":\"2015-07-07T06:31:03+00:00\",\"dateModified\":\"2021-02-16T08:21:02+00:00\",\"description\":\"Die in den Medien viel diskutierte UnternehmenssteuerreformIII (UStR III) nimmt langsam Form an.Als KMU stellt sich die Frage, ob und wann steuerplanerischeMassnahmen anzusetzen sind.\",\"breadcrumb\":{\"@id\":\"https:\/\/www.m-q.ch\/neue-steuerbelastungen-fuer-schweizer-kmu\/#breadcrumb\"},\"inLanguage\":\"it-IT\",\"potentialAction\":[{\"@type\":\"ReadAction\",\"target\":[\"https:\/\/www.m-q.ch\/neue-steuerbelastungen-fuer-schweizer-kmu\/\"]}]},{\"@type\":\"ImageObject\",\"inLanguage\":\"it-IT\",\"@id\":\"https:\/\/www.m-q.ch\/neue-steuerbelastungen-fuer-schweizer-kmu\/#primaryimage\",\"url\":\"https:\/\/www.m-q.ch\/wp-content\/uploads\/2021\/02\/Neue-Steuerbelastungen-fuer-Schweizer-KMU.jpg\",\"contentUrl\":\"https:\/\/www.m-q.ch\/wp-content\/uploads\/2021\/02\/Neue-Steuerbelastungen-fuer-Schweizer-KMU.jpg\",\"width\":870,\"height\":550,\"caption\":\"Neue Steuerbelastungen f\u00fcr Schweizer KMU?\"},{\"@type\":\"BreadcrumbList\",\"@id\":\"https:\/\/www.m-q.ch\/neue-steuerbelastungen-fuer-schweizer-kmu\/#breadcrumb\",\"itemListElement\":[{\"@type\":\"ListItem\",\"position\":1,\"name\":\"Business Excellence\",\"item\":\"https:\/\/www.m-q.ch\/kategorie\/business_excellence\/\"},{\"@type\":\"ListItem\",\"position\":2,\"name\":\"Neue Steuerbelastungen f\u00fcr Schweizer KMU?\"}]},{\"@type\":\"WebSite\",\"@id\":\"https:\/\/www.m-q.ch\/fr\/#website\",\"url\":\"https:\/\/www.m-q.ch\/fr\/\",\"name\":\"MQ Management und Qualit\u00e4t\",\"description\":\"Plattform f\u00fcr integrierte Managementsysteme.\",\"publisher\":{\"@id\":\"https:\/\/www.m-q.ch\/fr\/#organization\"},\"potentialAction\":[{\"@type\":\"SearchAction\",\"target\":{\"@type\":\"EntryPoint\",\"urlTemplate\":\"https:\/\/www.m-q.ch\/fr\/?s={search_term_string}\"},\"query-input\":{\"@type\":\"PropertyValueSpecification\",\"valueRequired\":true,\"valueName\":\"search_term_string\"}}],\"inLanguage\":\"it-IT\"},{\"@type\":\"Organization\",\"@id\":\"https:\/\/www.m-q.ch\/fr\/#organization\",\"name\":\"Galledia Fachmedien AG\",\"url\":\"https:\/\/www.m-q.ch\/fr\/\",\"logo\":{\"@type\":\"ImageObject\",\"inLanguage\":\"it-IT\",\"@id\":\"https:\/\/www.m-q.ch\/fr\/#\/schema\/logo\/image\/\",\"url\":\"https:\/\/www.m-q.ch\/wp-content\/uploads\/2020\/12\/cropped-logo_small.png\",\"contentUrl\":\"https:\/\/www.m-q.ch\/wp-content\/uploads\/2020\/12\/cropped-logo_small.png\",\"width\":512,\"height\":512,\"caption\":\"Galledia Fachmedien AG\"},\"image\":{\"@id\":\"https:\/\/www.m-q.ch\/fr\/#\/schema\/logo\/image\/\"},\"sameAs\":[\"https:\/\/www.facebook.com\/ManagementUndQualitaet\",\"https:\/\/www.linkedin.com\/showcase\/17982321\/admin\/\"]},{\"@type\":\"Person\",\"@id\":\"https:\/\/www.m-q.ch\/fr\/#\/schema\/person\/71f647a41e4a3e361e6230f5134f3ba9\",\"name\":\"upwork_2\",\"image\":{\"@type\":\"ImageObject\",\"inLanguage\":\"it-IT\",\"@id\":\"https:\/\/www.m-q.ch\/fr\/#\/schema\/person\/image\/\",\"url\":\"https:\/\/secure.gravatar.com\/avatar\/777b90ab56092bbf3c85feacda5c1bce?s=96&d=mm&r=g\",\"contentUrl\":\"https:\/\/secure.gravatar.com\/avatar\/777b90ab56092bbf3c85feacda5c1bce?s=96&d=mm&r=g\",\"caption\":\"upwork_2\"},\"url\":\"https:\/\/www.m-q.ch\/it\/author\/upwork_2\/\"}]}<\/script>\n<!-- \/ Yoast SEO plugin. -->","yoast_head_json":{"title":"Nuovi oneri fiscali per le PMI svizzere? - MQ Gestione e qualit\u00e0","description":"La riforma III dell'imposta sulle societ\u00e0 (UStR III), che \u00e8 stata oggetto di molte discussioni nei media, sta lentamente prendendo forma, e le PMI si trovano di fronte alla questione se e quando adottare misure di pianificazione fiscale.","robots":{"index":"index","follow":"follow","max-snippet":"max-snippet:-1","max-image-preview":"max-image-preview:large","max-video-preview":"max-video-preview:-1"},"canonical":"https:\/\/www.m-q.ch\/it\/nuovi-oneri-fiscali-per-le-pmi-svizzere\/","og_locale":"it_IT","og_type":"article","og_title":"Neue Steuerbelastungen f\u00fcr Schweizer KMU? - MQ Management und Qualit\u00e4t","og_description":"Die in den Medien viel diskutierte UnternehmenssteuerreformIII (UStR III) nimmt langsam Form an.Als KMU stellt sich die Frage, ob und wann steuerplanerischeMassnahmen anzusetzen sind.","og_url":"https:\/\/www.m-q.ch\/it\/nuovi-oneri-fiscali-per-le-pmi-svizzere\/","og_site_name":"MQ Management und Qualit\u00e4t","article_publisher":"https:\/\/www.facebook.com\/ManagementUndQualitaet","article_published_time":"2015-07-07T06:31:03+00:00","article_modified_time":"2021-02-16T08:21:02+00:00","og_image":[{"width":870,"height":550,"url":"https:\/\/www.m-q.ch\/wp-content\/uploads\/2021\/02\/Neue-Steuerbelastungen-fuer-Schweizer-KMU.jpg","type":"image\/jpeg"}],"author":"upwork_2","twitter_card":"summary_large_image","twitter_misc":{"Scritto da":"upwork_2","Tempo di lettura stimato":"6 minuti"},"schema":{"@context":"https:\/\/schema.org","@graph":[{"@type":"Article","@id":"https:\/\/www.m-q.ch\/neue-steuerbelastungen-fuer-schweizer-kmu\/#article","isPartOf":{"@id":"https:\/\/www.m-q.ch\/neue-steuerbelastungen-fuer-schweizer-kmu\/"},"author":{"name":"upwork_2","@id":"https:\/\/www.m-q.ch\/fr\/#\/schema\/person\/71f647a41e4a3e361e6230f5134f3ba9"},"headline":"Neue Steuerbelastungen f\u00fcr Schweizer KMU?","datePublished":"2015-07-07T06:31:03+00:00","dateModified":"2021-02-16T08:21:02+00:00","mainEntityOfPage":{"@id":"https:\/\/www.m-q.ch\/neue-steuerbelastungen-fuer-schweizer-kmu\/"},"wordCount":1166,"publisher":{"@id":"https:\/\/www.m-q.ch\/fr\/#organization"},"image":{"@id":"https:\/\/www.m-q.ch\/neue-steuerbelastungen-fuer-schweizer-kmu\/#primaryimage"},"thumbnailUrl":"https:\/\/www.m-q.ch\/wp-content\/uploads\/2021\/02\/Neue-Steuerbelastungen-fuer-Schweizer-KMU.jpg","keywords":["07\u201308\/2015"],"articleSection":["Business Excellence"],"inLanguage":"it-IT"},{"@type":"WebPage","@id":"https:\/\/www.m-q.ch\/neue-steuerbelastungen-fuer-schweizer-kmu\/","url":"https:\/\/www.m-q.ch\/neue-steuerbelastungen-fuer-schweizer-kmu\/","name":"Nuovi oneri fiscali per le PMI svizzere? - MQ Gestione e qualit\u00e0","isPartOf":{"@id":"https:\/\/www.m-q.ch\/fr\/#website"},"primaryImageOfPage":{"@id":"https:\/\/www.m-q.ch\/neue-steuerbelastungen-fuer-schweizer-kmu\/#primaryimage"},"image":{"@id":"https:\/\/www.m-q.ch\/neue-steuerbelastungen-fuer-schweizer-kmu\/#primaryimage"},"thumbnailUrl":"https:\/\/www.m-q.ch\/wp-content\/uploads\/2021\/02\/Neue-Steuerbelastungen-fuer-Schweizer-KMU.jpg","datePublished":"2015-07-07T06:31:03+00:00","dateModified":"2021-02-16T08:21:02+00:00","description":"La riforma III dell'imposta sulle societ\u00e0 (UStR III), che \u00e8 stata oggetto di molte discussioni nei media, sta lentamente prendendo forma, e le PMI si trovano di fronte alla questione se e quando adottare misure di pianificazione fiscale.","breadcrumb":{"@id":"https:\/\/www.m-q.ch\/neue-steuerbelastungen-fuer-schweizer-kmu\/#breadcrumb"},"inLanguage":"it-IT","potentialAction":[{"@type":"ReadAction","target":["https:\/\/www.m-q.ch\/neue-steuerbelastungen-fuer-schweizer-kmu\/"]}]},{"@type":"ImageObject","inLanguage":"it-IT","@id":"https:\/\/www.m-q.ch\/neue-steuerbelastungen-fuer-schweizer-kmu\/#primaryimage","url":"https:\/\/www.m-q.ch\/wp-content\/uploads\/2021\/02\/Neue-Steuerbelastungen-fuer-Schweizer-KMU.jpg","contentUrl":"https:\/\/www.m-q.ch\/wp-content\/uploads\/2021\/02\/Neue-Steuerbelastungen-fuer-Schweizer-KMU.jpg","width":870,"height":550,"caption":"Neue Steuerbelastungen f\u00fcr Schweizer KMU?"},{"@type":"BreadcrumbList","@id":"https:\/\/www.m-q.ch\/neue-steuerbelastungen-fuer-schweizer-kmu\/#breadcrumb","itemListElement":[{"@type":"ListItem","position":1,"name":"Business Excellence","item":"https:\/\/www.m-q.ch\/kategorie\/business_excellence\/"},{"@type":"ListItem","position":2,"name":"Neue Steuerbelastungen f\u00fcr Schweizer KMU?"}]},{"@type":"WebSite","@id":"https:\/\/www.m-q.ch\/fr\/#website","url":"https:\/\/www.m-q.ch\/fr\/","name":"Gestione e qualit\u00e0 MQ","description":"Piattaforma per sistemi di gestione integrati.","publisher":{"@id":"https:\/\/www.m-q.ch\/fr\/#organization"},"potentialAction":[{"@type":"SearchAction","target":{"@type":"EntryPoint","urlTemplate":"https:\/\/www.m-q.ch\/fr\/?s={search_term_string}"},"query-input":{"@type":"PropertyValueSpecification","valueRequired":true,"valueName":"search_term_string"}}],"inLanguage":"it-IT"},{"@type":"Organization","@id":"https:\/\/www.m-q.ch\/fr\/#organization","name":"Galledia Fachmedien AG","url":"https:\/\/www.m-q.ch\/fr\/","logo":{"@type":"ImageObject","inLanguage":"it-IT","@id":"https:\/\/www.m-q.ch\/fr\/#\/schema\/logo\/image\/","url":"https:\/\/www.m-q.ch\/wp-content\/uploads\/2020\/12\/cropped-logo_small.png","contentUrl":"https:\/\/www.m-q.ch\/wp-content\/uploads\/2020\/12\/cropped-logo_small.png","width":512,"height":512,"caption":"Galledia Fachmedien AG"},"image":{"@id":"https:\/\/www.m-q.ch\/fr\/#\/schema\/logo\/image\/"},"sameAs":["https:\/\/www.facebook.com\/ManagementUndQualitaet","https:\/\/www.linkedin.com\/showcase\/17982321\/admin\/"]},{"@type":"Person","@id":"https:\/\/www.m-q.ch\/fr\/#\/schema\/person\/71f647a41e4a3e361e6230f5134f3ba9","name":"upwork_2","image":{"@type":"ImageObject","inLanguage":"it-IT","@id":"https:\/\/www.m-q.ch\/fr\/#\/schema\/person\/image\/","url":"https:\/\/secure.gravatar.com\/avatar\/777b90ab56092bbf3c85feacda5c1bce?s=96&d=mm&r=g","contentUrl":"https:\/\/secure.gravatar.com\/avatar\/777b90ab56092bbf3c85feacda5c1bce?s=96&d=mm&r=g","caption":"upwork_2"},"url":"https:\/\/www.m-q.ch\/it\/author\/upwork_2\/"}]}},"_links":{"self":[{"href":"https:\/\/www.m-q.ch\/it\/wp-json\/wp\/v2\/posts\/12193","targetHints":{"allow":["GET"]}}],"collection":[{"href":"https:\/\/www.m-q.ch\/it\/wp-json\/wp\/v2\/posts"}],"about":[{"href":"https:\/\/www.m-q.ch\/it\/wp-json\/wp\/v2\/types\/post"}],"author":[{"embeddable":true,"href":"https:\/\/www.m-q.ch\/it\/wp-json\/wp\/v2\/users\/62"}],"replies":[{"embeddable":true,"href":"https:\/\/www.m-q.ch\/it\/wp-json\/wp\/v2\/comments?post=12193"}],"version-history":[{"count":2,"href":"https:\/\/www.m-q.ch\/it\/wp-json\/wp\/v2\/posts\/12193\/revisions"}],"predecessor-version":[{"id":12216,"href":"https:\/\/www.m-q.ch\/it\/wp-json\/wp\/v2\/posts\/12193\/revisions\/12216"}],"wp:featuredmedia":[{"embeddable":true,"href":"https:\/\/www.m-q.ch\/it\/wp-json\/wp\/v2\/media\/12209"}],"wp:attachment":[{"href":"https:\/\/www.m-q.ch\/it\/wp-json\/wp\/v2\/media?parent=12193"}],"wp:term":[{"taxonomy":"category","embeddable":true,"href":"https:\/\/www.m-q.ch\/it\/wp-json\/wp\/v2\/categories?post=12193"},{"taxonomy":"post_tag","embeddable":true,"href":"https:\/\/www.m-q.ch\/it\/wp-json\/wp\/v2\/tags?post=12193"}],"curies":[{"name":"wp","href":"https:\/\/api.w.org\/{rel}","templated":true}]}}