{"id":12194,"date":"2015-07-09T08:31:03","date_gmt":"2015-07-09T06:31:03","guid":{"rendered":"https:\/\/www.m-q.ch\/?p=12194"},"modified":"2021-02-16T09:19:39","modified_gmt":"2021-02-16T08:19:39","slug":"la-voce-un-fattore-di-rischio-multiplo","status":"publish","type":"post","link":"https:\/\/www.m-q.ch\/it\/das-geruecht-ein-multipler-risikofaktor\/","title":{"rendered":"La voce - un fattore di rischio multiplo"},"content":{"rendered":"<p><img loading=\"lazy\" decoding=\"async\" class=\"alignnone size-full wp-image-12213\" src=\"https:\/\/www.m-q.ch\/wp-content\/uploads\/2021\/02\/Das-Geruecht---ein-multipler-Risikofaktor.jpg\" alt=\"La voce - un fattore di rischio multiplo\" width=\"876\" height=\"570\" srcset=\"\" sizes=\"auto, (max-width: 876px) 100vw, 876px\" data-srcset=\"\" \/><\/p>\n<p>&nbsp;<\/p>\n<p>&nbsp;<\/p>\n<p>M\u00fcller-Milch \u00e8 una nota azienda casearia tedesca con 21 000 dipendenti in tutto il mondo. Si presumeva che l'amministratore delegato Theo M\u00fcller fosse vicino a un partito di estrema destra. Anche se fonti indipendenti hanno smentito le accuse, le voci sono andate cos\u00ec lontano che M\u00fcller-Milch ha dovuto fare riferimento ad esse in Wikipedia. L'origine delle voci \u00e8 considerata un'azione della rivista Wiener di Monaco nel 1989, quando il capo della societ\u00e0 cadde per una finta inchiesta radicale di destra. In un altro caso negli anni '90 sono emerse voci che il proprietario della fabbrica di birra Warsteiner era un membro di Scientology. Il birrificio ha cercato di coprire l'effetto ed \u00e8 stato prima davvero hyped nelle colonne di gossip.<\/p>\n<p><strong>Le voci sono credute<\/strong><\/p>\n<p>&nbsp;<\/p>\n<p>Uno studio con gli studenti del biologo Ralf Sommerfeld mostra che le persone sono eccessivamente influenzate dai pettegolezzi. I partecipanti sono stati autorizzati a distribuire denaro e sono stati influenzati con voci inventate nel processo. Anche se in seguito fu fatto notare ai partecipanti che la realt\u00e0 era diversa, essi continuarono a prendere decisioni come se la voce fosse stata vera. Gi\u00e0 lo psicologo Allport diceva: \"Uno stereotipo pu\u00f2 diffondersi, anche se afferma esattamente il contrario della verit\u00e0\".1 Perch\u00e9 vengono creduti?<\/p>\n<p>&nbsp;<\/p>\n<p>La gente \u00e8 fondamentalmente cattiva nel trattare le irritazioni e le percezioni incomprensibili o contraddittorie. Se un destinatario vuole credere a una diceria perch\u00e9 corrisponde alle sue idee e ai suoi desideri, non sottoporr\u00e0 la diceria a un esame critico. Questo pu\u00f2 avvenire in modo del tutto inconscio, per esempio se qualcuno non vuole credere che questa persona possa fare tutto questo. La gente cerca i difetti e li gonfia. La persona abile diventa insicura e fa pi\u00f9 attenzione agli errori stessi, con il risultato che in realt\u00e0 fa pi\u00f9 errori. Inizia un ciclo che si autoavvera e che pu\u00f2 portare al bullismo. Pi\u00f9 il destinatario di un pettegolezzo \u00e8 timoroso e insicuro, pi\u00f9 \u00e8 disposto a credere e a trasmettere un pettegolezzo. Un ascoltatore timoroso o insicuro creder\u00e0 alla voce 94 %.<\/p>\n<p><strong>Voci come parte della comunicazione interna informale<\/strong><\/p>\n<p>&nbsp;<\/p>\n<p>Gli impiegati tedeschi non apprendono nemmeno la met\u00e0 degli eventi importanti dell'azienda dai loro superiori, ma per sentito dire. Nel Regno Unito e in Francia, questa proporzione \u00e8 ancora pi\u00f9 alta, in Scandinavia \u00e8 significativamente pi\u00f9 bassa. Da un lato, le aziende sembrano aspettarsi che i dipendenti ottengano informalmente le informazioni di cui hanno bisogno; dall'altro, sembra che non sia importante se queste informazioni siano vere o meno. Ed \u00e8 su questo che si spende una media di due ore al giorno nelle aziende svizzere.<\/p>\n<p>&nbsp;<\/p>\n<p>I supervisori non ne sono esenti. Hanno poi particolarmente difficolt\u00e0 a respingere le voci se riguardano un dipendente difficile da valutare o ancora nuovo. Cominciano a chiedere in giro invece di cercare direttamente la conversazione. Non si rendono conto che stanno impedendo una base di fiducia e rendono difficile per il nuovo dipendente iniziare. Inoltre, questo \u00e8 un invito per gli altri impiegati a portare pi\u00f9 voci possibili alla direzione.<\/p>\n<p><strong>Come il management produce voci<\/strong><\/p>\n<p>&nbsp;<\/p>\n<p>\u00c8 risaputo che il deficit d'informazione porta alle voci nelle organizzazioni. Tuttavia, le voci nascono nonostante le informazioni se non sono trasmesse in modo credibile. Se l'informazione appare troppo eufonico e offuscante, promuove la sfiducia dei dipendenti e ottiene il contrario.<\/p>\n<p>&nbsp;<\/p>\n<p>Come pu\u00f2 una direzione comunicare la propria incertezza se teme di sconvolgere l'intera azienda? Le voci sono molto pi\u00f9 dannose della verit\u00e0. La comunicazione richiede molto coraggio. In questi casi, la direzione deve dimostrare che pu\u00f2 spiegare situazioni complesse e poco chiare in modo tale che i dipendenti sostengano il processo di cambiamento.<\/p>\n<p>&nbsp;<\/p>\n<p>Le azioni spesso parlano pi\u00f9 forte delle parole. I licenziamenti improvvisi scuotono la cultura aziendale pi\u00f9 di qualsiasi tentativo di trovare una soluzione comune. Se poi la crisi non si verifica dopo una ricerca congiunta di una soluzione, il personale coinvolto si sente preso sul serio ed \u00e8 orgoglioso della crisi evitata. La fedelt\u00e0 \u00e8 aumentata.<\/p>\n<p><strong>Gestione come vittima<\/strong><\/p>\n<p>&nbsp;<\/p>\n<p>In altri casi, la direzione si affida alle storie di coloro che vogliono ingraziarseli e non se ne accorgono. I capi prestano loro orecchio senza mai avvicinarsi agli interessati e ascoltare i loro argomenti. Le grandi aziende e le amministrazioni sono particolarmente a rischio in questo caso.<\/p>\n<p>&nbsp;<\/p>\n<p>Molti supervisori conoscono i momenti in cui hanno bisogno di una grande porzione di fiducia nei dipendenti. Sperano che non succeda niente di male e che, per esempio, il project manager abbia il suo progetto sotto controllo. Se non possono vedere questo o ricevono troppo poche informazioni, diventano nervosi e sospettosi. Se poi perdono l'opportunit\u00e0 di avere una conversazione chiarificatrice, \u00e8 probabile che cadano preda di voci che possono creare un problema che non c'era all'inizio.<\/p>\n<p><strong>Mobbing, burn-out e altre conseguenze<\/strong><\/p>\n<p>&nbsp;<\/p>\n<p>Anche se il tempo di lavoro improduttivo con conversazioni informali \u00e8 molto pi\u00f9 alto delle assenze, quasi nessuna gestione della crisi affronta questi fattori. Esiste una strana impotenza sul tema delle voci e della cultura. La gente preferisce credere agli studi che affermano che il gossip quotidiano \u00e8 importante per mantenere i dipendenti in forma e produttivi. Il prezzo sembra abbastanza alto per un'informazione diffusa che produce un bel po' di vittime. A questo si aggiunge il possibile danno all'immagine di un'azienda, il danno causato dal \"lavorare per governare\", dalle frequenti assenze per malattia e dal turnover del personale. Neanche resistere sembra essere una soluzione, perch\u00e9 la perdita della propria autostima, la depressione, le reazioni d'ansia e il burn-out sono conseguenze frequenti con tutti i costi economici della perdita del lavoro e della reintegrazione.<\/p>\n<p><strong>Tentativi di soluzione<\/strong><\/p>\n<p>&nbsp;<\/p>\n<p>Le casse malati, i cantoni e le organizzazioni dovrebbero finanziare lo sviluppo della cultura e la prevenzione delle dicerie come tema prioritario nel proprio interesse. Perch\u00e9 \u00e8 nell'interesse di tutti prevenire le frequenti assenze dal lavoro e le malattie secondarie delle persone colpite. Molti di questi malati non potranno mai fare causa per bullismo perch\u00e9 questo richiede prove - e questo non \u00e8 disponibile nel settore delle voci. Coloro che possono sostituire la cultura del pettegolezzo con la fiducia e il dialogo promuovono davvero l'immagine di un'azienda - almeno come datore di lavoro.<\/p>\n<p>&nbsp;<\/p>\n<p>Ci sono anche altri tentativi di soluzioni, come la creazione di piattaforme di social network in azienda. Alcatel promette che questo potrebbe ridurre il tempo improduttivo di 75 %. Tuttavia, un sondaggio del 2014 del Time mostra che mentre il 42 % dei dipendenti avrebbe pi\u00f9 informazioni attraverso la comunicazione interna, digitale, gli scambi faccia a faccia con i capi sono valutati come molto pi\u00f9 mirati ed efficienti. Questo \u00e8 comprensibile perch\u00e9 in una conversazione faccia a faccia, le domande e le ragioni possono essere chiarite direttamente e simultaneamente; il linguaggio del corpo pu\u00f2 mettere in chiaro ci\u00f2 che non pu\u00f2 essere detto nella posta o online. Il messaggio \u00e8 meno suscettibile di fraintendimenti e interpretazioni errate.<\/p>\n<p>&nbsp;<\/p>\n<p>Per questo motivo, Ruth Cohn ha scritto una regola succinta: non parlare degli assenti. \"Trattenere le interpretazioni degli altri il pi\u00f9 a lungo possibile. Invece, esprimete le vostre reazioni personali\".2 Per aggiungere: \"Cercate una conversazione diretta e chiarificatrice. \"<\/p>\n<p>&nbsp;<\/p>\n<p>&nbsp;<\/p>\n<p>&nbsp;<\/p>\n<p>&nbsp;<\/p>","protected":false},"excerpt":{"rendered":"<p>&nbsp; &nbsp; M\u00fcller-Milch ist ein bekanntes deutsches Unternehmen der Milchbranche mit 21 000 Mitarbeitern weltweit. Es wurde dem CEO Theo M\u00fcller unterstellt, er st\u00fcnde einer rechtsextremen Partei nahe. Obwohl unabh\u00e4ngige Quellen die Vorw\u00fcrfe widerlegt haben, gingen die Ger\u00fcchte so weit, dass M\u00fcller-Milch in Wikipedia darauf Bezug nehmen musste. Als Ursprung der Ger\u00fcchte gilt eine Aktion [&hellip;]<\/p>\n","protected":false},"author":62,"featured_media":12213,"comment_status":"closed","ping_status":"closed","sticky":false,"template":"","format":"standard","meta":{"_acf_changed":false,"footnotes":""},"categories":[5],"tags":[4794],"class_list":["post-12194","post","type-post","status-publish","format-standard","has-post-thumbnail","hentry","category-business_excellence","tag-07-08-2015"],"acf":[],"yoast_head":"<!-- This site is optimized with the Yoast SEO plugin v26.2 - https:\/\/yoast.com\/wordpress\/plugins\/seo\/ -->\n<title>Das Ger\u00fccht \u2013 ein multipler Risikofaktor - MQ Management und Qualit\u00e4t<\/title>\n<meta name=\"description\" content=\"Eine der \u00e4ltesten und schnellsten Kommunikationsformenerweist sich als hochriskant. Was keineandere Kommunikationsform erreicht, schafft dasGer\u00fccht; es wird geglaubt \u2013 und es wirkt. Nicht nurImage oder Laufbahn, sondern das Fortbesteheneines Unternehmens kann damit gef\u00e4hrdet werden.Noch schwer einsch\u00e4tzbar ist die Zahl von Krankheitsf\u00e4llenals Folge von Ger\u00fcchten.\" \/>\n<meta name=\"robots\" content=\"index, follow, max-snippet:-1, max-image-preview:large, max-video-preview:-1\" \/>\n<link rel=\"canonical\" href=\"https:\/\/www.m-q.ch\/it\/la-voce-un-fattore-di-rischio-multiplo\/\" \/>\n<meta property=\"og:locale\" content=\"it_IT\" \/>\n<meta property=\"og:type\" content=\"article\" \/>\n<meta property=\"og:title\" content=\"Das Ger\u00fccht \u2013 ein multipler Risikofaktor - MQ Management und Qualit\u00e4t\" \/>\n<meta property=\"og:description\" content=\"Eine der \u00e4ltesten und schnellsten Kommunikationsformenerweist sich als hochriskant. Was keineandere Kommunikationsform erreicht, schafft dasGer\u00fccht; es wird geglaubt \u2013 und es wirkt. Nicht nurImage oder Laufbahn, sondern das Fortbesteheneines Unternehmens kann damit gef\u00e4hrdet werden.Noch schwer einsch\u00e4tzbar ist die Zahl von Krankheitsf\u00e4llenals Folge von Ger\u00fcchten.\" \/>\n<meta property=\"og:url\" content=\"https:\/\/www.m-q.ch\/it\/la-voce-un-fattore-di-rischio-multiplo\/\" \/>\n<meta property=\"og:site_name\" content=\"MQ Management und Qualit\u00e4t\" \/>\n<meta property=\"article:publisher\" content=\"https:\/\/www.facebook.com\/ManagementUndQualitaet\" \/>\n<meta property=\"article:published_time\" content=\"2015-07-09T06:31:03+00:00\" \/>\n<meta property=\"article:modified_time\" content=\"2021-02-16T08:19:39+00:00\" \/>\n<meta property=\"og:image\" content=\"https:\/\/www.m-q.ch\/wp-content\/uploads\/2021\/02\/Das-Geruecht-\u2013-ein-multipler-Risikofaktor.jpg\" \/>\n\t<meta property=\"og:image:width\" content=\"876\" \/>\n\t<meta property=\"og:image:height\" content=\"570\" \/>\n\t<meta property=\"og:image:type\" content=\"image\/jpeg\" \/>\n<meta name=\"author\" content=\"upwork_2\" \/>\n<meta name=\"twitter:card\" content=\"summary_large_image\" \/>\n<meta name=\"twitter:label1\" content=\"Scritto da\" \/>\n\t<meta name=\"twitter:data1\" content=\"upwork_2\" \/>\n\t<meta name=\"twitter:label2\" content=\"Tempo di lettura stimato\" \/>\n\t<meta name=\"twitter:data2\" content=\"6 minuti\" \/>\n<script type=\"application\/ld+json\" class=\"yoast-schema-graph\">{\"@context\":\"https:\/\/schema.org\",\"@graph\":[{\"@type\":\"Article\",\"@id\":\"https:\/\/www.m-q.ch\/das-geruecht-ein-multipler-risikofaktor\/#article\",\"isPartOf\":{\"@id\":\"https:\/\/www.m-q.ch\/das-geruecht-ein-multipler-risikofaktor\/\"},\"author\":{\"name\":\"upwork_2\",\"@id\":\"https:\/\/www.m-q.ch\/fr\/#\/schema\/person\/71f647a41e4a3e361e6230f5134f3ba9\"},\"headline\":\"Das Ger\u00fccht \u2013 ein multipler Risikofaktor\",\"datePublished\":\"2015-07-09T06:31:03+00:00\",\"dateModified\":\"2021-02-16T08:19:39+00:00\",\"mainEntityOfPage\":{\"@id\":\"https:\/\/www.m-q.ch\/das-geruecht-ein-multipler-risikofaktor\/\"},\"wordCount\":1172,\"publisher\":{\"@id\":\"https:\/\/www.m-q.ch\/fr\/#organization\"},\"image\":{\"@id\":\"https:\/\/www.m-q.ch\/das-geruecht-ein-multipler-risikofaktor\/#primaryimage\"},\"thumbnailUrl\":\"https:\/\/www.m-q.ch\/wp-content\/uploads\/2021\/02\/Das-Geruecht-\u2013-ein-multipler-Risikofaktor.jpg\",\"keywords\":[\"07\u201308\/2015\"],\"articleSection\":[\"Business Excellence\"],\"inLanguage\":\"it-IT\"},{\"@type\":\"WebPage\",\"@id\":\"https:\/\/www.m-q.ch\/das-geruecht-ein-multipler-risikofaktor\/\",\"url\":\"https:\/\/www.m-q.ch\/das-geruecht-ein-multipler-risikofaktor\/\",\"name\":\"Das Ger\u00fccht \u2013 ein multipler Risikofaktor - MQ Management und Qualit\u00e4t\",\"isPartOf\":{\"@id\":\"https:\/\/www.m-q.ch\/fr\/#website\"},\"primaryImageOfPage\":{\"@id\":\"https:\/\/www.m-q.ch\/das-geruecht-ein-multipler-risikofaktor\/#primaryimage\"},\"image\":{\"@id\":\"https:\/\/www.m-q.ch\/das-geruecht-ein-multipler-risikofaktor\/#primaryimage\"},\"thumbnailUrl\":\"https:\/\/www.m-q.ch\/wp-content\/uploads\/2021\/02\/Das-Geruecht-\u2013-ein-multipler-Risikofaktor.jpg\",\"datePublished\":\"2015-07-09T06:31:03+00:00\",\"dateModified\":\"2021-02-16T08:19:39+00:00\",\"description\":\"Eine der \u00e4ltesten und schnellsten Kommunikationsformenerweist sich als hochriskant. Was keineandere Kommunikationsform erreicht, schafft dasGer\u00fccht; es wird geglaubt \u2013 und es wirkt. Nicht nurImage oder Laufbahn, sondern das Fortbesteheneines Unternehmens kann damit gef\u00e4hrdet werden.Noch schwer einsch\u00e4tzbar ist die Zahl von Krankheitsf\u00e4llenals Folge von Ger\u00fcchten.\",\"breadcrumb\":{\"@id\":\"https:\/\/www.m-q.ch\/das-geruecht-ein-multipler-risikofaktor\/#breadcrumb\"},\"inLanguage\":\"it-IT\",\"potentialAction\":[{\"@type\":\"ReadAction\",\"target\":[\"https:\/\/www.m-q.ch\/das-geruecht-ein-multipler-risikofaktor\/\"]}]},{\"@type\":\"ImageObject\",\"inLanguage\":\"it-IT\",\"@id\":\"https:\/\/www.m-q.ch\/das-geruecht-ein-multipler-risikofaktor\/#primaryimage\",\"url\":\"https:\/\/www.m-q.ch\/wp-content\/uploads\/2021\/02\/Das-Geruecht-\u2013-ein-multipler-Risikofaktor.jpg\",\"contentUrl\":\"https:\/\/www.m-q.ch\/wp-content\/uploads\/2021\/02\/Das-Geruecht-\u2013-ein-multipler-Risikofaktor.jpg\",\"width\":876,\"height\":570,\"caption\":\"Das Ger\u00fccht \u2013 ein multipler Risikofaktor\"},{\"@type\":\"BreadcrumbList\",\"@id\":\"https:\/\/www.m-q.ch\/das-geruecht-ein-multipler-risikofaktor\/#breadcrumb\",\"itemListElement\":[{\"@type\":\"ListItem\",\"position\":1,\"name\":\"Business Excellence\",\"item\":\"https:\/\/www.m-q.ch\/kategorie\/business_excellence\/\"},{\"@type\":\"ListItem\",\"position\":2,\"name\":\"Das Ger\u00fccht \u2013 ein multipler Risikofaktor\"}]},{\"@type\":\"WebSite\",\"@id\":\"https:\/\/www.m-q.ch\/fr\/#website\",\"url\":\"https:\/\/www.m-q.ch\/fr\/\",\"name\":\"MQ Management und Qualit\u00e4t\",\"description\":\"Plattform f\u00fcr integrierte Managementsysteme.\",\"publisher\":{\"@id\":\"https:\/\/www.m-q.ch\/fr\/#organization\"},\"potentialAction\":[{\"@type\":\"SearchAction\",\"target\":{\"@type\":\"EntryPoint\",\"urlTemplate\":\"https:\/\/www.m-q.ch\/fr\/?s={search_term_string}\"},\"query-input\":{\"@type\":\"PropertyValueSpecification\",\"valueRequired\":true,\"valueName\":\"search_term_string\"}}],\"inLanguage\":\"it-IT\"},{\"@type\":\"Organization\",\"@id\":\"https:\/\/www.m-q.ch\/fr\/#organization\",\"name\":\"Galledia Fachmedien AG\",\"url\":\"https:\/\/www.m-q.ch\/fr\/\",\"logo\":{\"@type\":\"ImageObject\",\"inLanguage\":\"it-IT\",\"@id\":\"https:\/\/www.m-q.ch\/fr\/#\/schema\/logo\/image\/\",\"url\":\"https:\/\/www.m-q.ch\/wp-content\/uploads\/2020\/12\/cropped-logo_small.png\",\"contentUrl\":\"https:\/\/www.m-q.ch\/wp-content\/uploads\/2020\/12\/cropped-logo_small.png\",\"width\":512,\"height\":512,\"caption\":\"Galledia Fachmedien AG\"},\"image\":{\"@id\":\"https:\/\/www.m-q.ch\/fr\/#\/schema\/logo\/image\/\"},\"sameAs\":[\"https:\/\/www.facebook.com\/ManagementUndQualitaet\",\"https:\/\/www.linkedin.com\/showcase\/17982321\/admin\/\"]},{\"@type\":\"Person\",\"@id\":\"https:\/\/www.m-q.ch\/fr\/#\/schema\/person\/71f647a41e4a3e361e6230f5134f3ba9\",\"name\":\"upwork_2\",\"image\":{\"@type\":\"ImageObject\",\"inLanguage\":\"it-IT\",\"@id\":\"https:\/\/www.m-q.ch\/fr\/#\/schema\/person\/image\/\",\"url\":\"https:\/\/secure.gravatar.com\/avatar\/777b90ab56092bbf3c85feacda5c1bce?s=96&d=mm&r=g\",\"contentUrl\":\"https:\/\/secure.gravatar.com\/avatar\/777b90ab56092bbf3c85feacda5c1bce?s=96&d=mm&r=g\",\"caption\":\"upwork_2\"},\"url\":\"https:\/\/www.m-q.ch\/it\/author\/upwork_2\/\"}]}<\/script>\n<!-- \/ Yoast SEO plugin. -->","yoast_head_json":{"title":"La voce - un fattore di rischio multiplo - MQ Management und Qualit\u00e4t","description":"Una delle forme di comunicazione pi\u00f9 antiche e veloci si rivela altamente rischiosa. Le voci ottengono ci\u00f2 che nessun'altra forma di comunicazione pu\u00f2 fare: sono credute - e hanno un effetto. Non solo l'immagine o la carriera, ma anche la continuazione dell'esistenza di un'azienda pu\u00f2 essere messa in pericolo.Il numero di casi di malattia a causa di voci \u00e8 ancora difficile da stimare.","robots":{"index":"index","follow":"follow","max-snippet":"max-snippet:-1","max-image-preview":"max-image-preview:large","max-video-preview":"max-video-preview:-1"},"canonical":"https:\/\/www.m-q.ch\/it\/la-voce-un-fattore-di-rischio-multiplo\/","og_locale":"it_IT","og_type":"article","og_title":"Das Ger\u00fccht \u2013 ein multipler Risikofaktor - MQ Management und Qualit\u00e4t","og_description":"Eine der \u00e4ltesten und schnellsten Kommunikationsformenerweist sich als hochriskant. Was keineandere Kommunikationsform erreicht, schafft dasGer\u00fccht; es wird geglaubt \u2013 und es wirkt. Nicht nurImage oder Laufbahn, sondern das Fortbesteheneines Unternehmens kann damit gef\u00e4hrdet werden.Noch schwer einsch\u00e4tzbar ist die Zahl von Krankheitsf\u00e4llenals Folge von Ger\u00fcchten.","og_url":"https:\/\/www.m-q.ch\/it\/la-voce-un-fattore-di-rischio-multiplo\/","og_site_name":"MQ Management und Qualit\u00e4t","article_publisher":"https:\/\/www.facebook.com\/ManagementUndQualitaet","article_published_time":"2015-07-09T06:31:03+00:00","article_modified_time":"2021-02-16T08:19:39+00:00","og_image":[{"width":876,"height":570,"url":"https:\/\/www.m-q.ch\/wp-content\/uploads\/2021\/02\/Das-Geruecht-\u2013-ein-multipler-Risikofaktor.jpg","type":"image\/jpeg"}],"author":"upwork_2","twitter_card":"summary_large_image","twitter_misc":{"Scritto da":"upwork_2","Tempo di lettura stimato":"6 minuti"},"schema":{"@context":"https:\/\/schema.org","@graph":[{"@type":"Article","@id":"https:\/\/www.m-q.ch\/das-geruecht-ein-multipler-risikofaktor\/#article","isPartOf":{"@id":"https:\/\/www.m-q.ch\/das-geruecht-ein-multipler-risikofaktor\/"},"author":{"name":"upwork_2","@id":"https:\/\/www.m-q.ch\/fr\/#\/schema\/person\/71f647a41e4a3e361e6230f5134f3ba9"},"headline":"Das Ger\u00fccht \u2013 ein multipler Risikofaktor","datePublished":"2015-07-09T06:31:03+00:00","dateModified":"2021-02-16T08:19:39+00:00","mainEntityOfPage":{"@id":"https:\/\/www.m-q.ch\/das-geruecht-ein-multipler-risikofaktor\/"},"wordCount":1172,"publisher":{"@id":"https:\/\/www.m-q.ch\/fr\/#organization"},"image":{"@id":"https:\/\/www.m-q.ch\/das-geruecht-ein-multipler-risikofaktor\/#primaryimage"},"thumbnailUrl":"https:\/\/www.m-q.ch\/wp-content\/uploads\/2021\/02\/Das-Geruecht-\u2013-ein-multipler-Risikofaktor.jpg","keywords":["07\u201308\/2015"],"articleSection":["Business Excellence"],"inLanguage":"it-IT"},{"@type":"WebPage","@id":"https:\/\/www.m-q.ch\/das-geruecht-ein-multipler-risikofaktor\/","url":"https:\/\/www.m-q.ch\/das-geruecht-ein-multipler-risikofaktor\/","name":"La voce - un fattore di rischio multiplo - MQ Management und Qualit\u00e4t","isPartOf":{"@id":"https:\/\/www.m-q.ch\/fr\/#website"},"primaryImageOfPage":{"@id":"https:\/\/www.m-q.ch\/das-geruecht-ein-multipler-risikofaktor\/#primaryimage"},"image":{"@id":"https:\/\/www.m-q.ch\/das-geruecht-ein-multipler-risikofaktor\/#primaryimage"},"thumbnailUrl":"https:\/\/www.m-q.ch\/wp-content\/uploads\/2021\/02\/Das-Geruecht-\u2013-ein-multipler-Risikofaktor.jpg","datePublished":"2015-07-09T06:31:03+00:00","dateModified":"2021-02-16T08:19:39+00:00","description":"Una delle forme di comunicazione pi\u00f9 antiche e veloci si rivela altamente rischiosa. Le voci ottengono ci\u00f2 che nessun'altra forma di comunicazione pu\u00f2 fare: sono credute - e hanno un effetto. Non solo l'immagine o la carriera, ma anche la continuazione dell'esistenza di un'azienda pu\u00f2 essere messa in pericolo.Il numero di casi di malattia a causa di voci \u00e8 ancora difficile da stimare.","breadcrumb":{"@id":"https:\/\/www.m-q.ch\/das-geruecht-ein-multipler-risikofaktor\/#breadcrumb"},"inLanguage":"it-IT","potentialAction":[{"@type":"ReadAction","target":["https:\/\/www.m-q.ch\/das-geruecht-ein-multipler-risikofaktor\/"]}]},{"@type":"ImageObject","inLanguage":"it-IT","@id":"https:\/\/www.m-q.ch\/das-geruecht-ein-multipler-risikofaktor\/#primaryimage","url":"https:\/\/www.m-q.ch\/wp-content\/uploads\/2021\/02\/Das-Geruecht-\u2013-ein-multipler-Risikofaktor.jpg","contentUrl":"https:\/\/www.m-q.ch\/wp-content\/uploads\/2021\/02\/Das-Geruecht-\u2013-ein-multipler-Risikofaktor.jpg","width":876,"height":570,"caption":"Das Ger\u00fccht \u2013 ein multipler Risikofaktor"},{"@type":"BreadcrumbList","@id":"https:\/\/www.m-q.ch\/das-geruecht-ein-multipler-risikofaktor\/#breadcrumb","itemListElement":[{"@type":"ListItem","position":1,"name":"Business Excellence","item":"https:\/\/www.m-q.ch\/kategorie\/business_excellence\/"},{"@type":"ListItem","position":2,"name":"Das Ger\u00fccht \u2013 ein multipler Risikofaktor"}]},{"@type":"WebSite","@id":"https:\/\/www.m-q.ch\/fr\/#website","url":"https:\/\/www.m-q.ch\/fr\/","name":"Gestione e qualit\u00e0 MQ","description":"Piattaforma per sistemi di gestione integrati.","publisher":{"@id":"https:\/\/www.m-q.ch\/fr\/#organization"},"potentialAction":[{"@type":"SearchAction","target":{"@type":"EntryPoint","urlTemplate":"https:\/\/www.m-q.ch\/fr\/?s={search_term_string}"},"query-input":{"@type":"PropertyValueSpecification","valueRequired":true,"valueName":"search_term_string"}}],"inLanguage":"it-IT"},{"@type":"Organization","@id":"https:\/\/www.m-q.ch\/fr\/#organization","name":"Galledia Fachmedien AG","url":"https:\/\/www.m-q.ch\/fr\/","logo":{"@type":"ImageObject","inLanguage":"it-IT","@id":"https:\/\/www.m-q.ch\/fr\/#\/schema\/logo\/image\/","url":"https:\/\/www.m-q.ch\/wp-content\/uploads\/2020\/12\/cropped-logo_small.png","contentUrl":"https:\/\/www.m-q.ch\/wp-content\/uploads\/2020\/12\/cropped-logo_small.png","width":512,"height":512,"caption":"Galledia Fachmedien AG"},"image":{"@id":"https:\/\/www.m-q.ch\/fr\/#\/schema\/logo\/image\/"},"sameAs":["https:\/\/www.facebook.com\/ManagementUndQualitaet","https:\/\/www.linkedin.com\/showcase\/17982321\/admin\/"]},{"@type":"Person","@id":"https:\/\/www.m-q.ch\/fr\/#\/schema\/person\/71f647a41e4a3e361e6230f5134f3ba9","name":"upwork_2","image":{"@type":"ImageObject","inLanguage":"it-IT","@id":"https:\/\/www.m-q.ch\/fr\/#\/schema\/person\/image\/","url":"https:\/\/secure.gravatar.com\/avatar\/777b90ab56092bbf3c85feacda5c1bce?s=96&d=mm&r=g","contentUrl":"https:\/\/secure.gravatar.com\/avatar\/777b90ab56092bbf3c85feacda5c1bce?s=96&d=mm&r=g","caption":"upwork_2"},"url":"https:\/\/www.m-q.ch\/it\/author\/upwork_2\/"}]}},"_links":{"self":[{"href":"https:\/\/www.m-q.ch\/it\/wp-json\/wp\/v2\/posts\/12194","targetHints":{"allow":["GET"]}}],"collection":[{"href":"https:\/\/www.m-q.ch\/it\/wp-json\/wp\/v2\/posts"}],"about":[{"href":"https:\/\/www.m-q.ch\/it\/wp-json\/wp\/v2\/types\/post"}],"author":[{"embeddable":true,"href":"https:\/\/www.m-q.ch\/it\/wp-json\/wp\/v2\/users\/62"}],"replies":[{"embeddable":true,"href":"https:\/\/www.m-q.ch\/it\/wp-json\/wp\/v2\/comments?post=12194"}],"version-history":[{"count":2,"href":"https:\/\/www.m-q.ch\/it\/wp-json\/wp\/v2\/posts\/12194\/revisions"}],"predecessor-version":[{"id":12215,"href":"https:\/\/www.m-q.ch\/it\/wp-json\/wp\/v2\/posts\/12194\/revisions\/12215"}],"wp:featuredmedia":[{"embeddable":true,"href":"https:\/\/www.m-q.ch\/it\/wp-json\/wp\/v2\/media\/12213"}],"wp:attachment":[{"href":"https:\/\/www.m-q.ch\/it\/wp-json\/wp\/v2\/media?parent=12194"}],"wp:term":[{"taxonomy":"category","embeddable":true,"href":"https:\/\/www.m-q.ch\/it\/wp-json\/wp\/v2\/categories?post=12194"},{"taxonomy":"post_tag","embeddable":true,"href":"https:\/\/www.m-q.ch\/it\/wp-json\/wp\/v2\/tags?post=12194"}],"curies":[{"name":"wp","href":"https:\/\/api.w.org\/{rel}","templated":true}]}}