{"id":12234,"date":"2015-09-09T10:14:23","date_gmt":"2015-09-09T08:14:23","guid":{"rendered":"https:\/\/www.m-q.ch\/?p=12234"},"modified":"2021-02-16T11:05:45","modified_gmt":"2021-02-16T10:05:45","slug":"la-gestione-energetica-e-ambientale-paga","status":"publish","type":"post","link":"https:\/\/www.m-q.ch\/it\/energie-und-umweltmanagement-zahlen-sich-aus\/","title":{"rendered":"La gestione energetica e ambientale paga"},"content":{"rendered":"<p><img loading=\"lazy\" decoding=\"async\" class=\"alignnone size-full wp-image-12270\" src=\"https:\/\/www.m-q.ch\/wp-content\/uploads\/2021\/02\/Energie-und-Umweltmanagement-zahlen-sich-aus.jpg\" alt=\"La gestione energetica e ambientale paga\" width=\"856\" height=\"532\" srcset=\"https:\/\/www.m-q.ch\/wp-content\/uploads\/2021\/02\/Energie-und-Umweltmanagement-zahlen-sich-aus.jpg 856w, https:\/\/www.m-q.ch\/wp-content\/uploads\/2021\/02\/Energie-und-Umweltmanagement-zahlen-sich-aus-768x477.jpg 768w, https:\/\/www.m-q.ch\/wp-content\/uploads\/2021\/02\/Energie-und-Umweltmanagement-zahlen-sich-aus-16x10.jpg 16w, https:\/\/www.m-q.ch\/wp-content\/uploads\/2021\/02\/Energie-und-Umweltmanagement-zahlen-sich-aus-282x175.jpg 282w, https:\/\/www.m-q.ch\/wp-content\/uploads\/2021\/02\/Energie-und-Umweltmanagement-zahlen-sich-aus-563x350.jpg 563w, https:\/\/www.m-q.ch\/wp-content\/uploads\/2021\/02\/Energie-und-Umweltmanagement-zahlen-sich-aus-300x186.jpg 300w\" sizes=\"auto, (max-width: 856px) 100vw, 856px\" \/><\/p>\n<p>&nbsp;<\/p>\n<p>&nbsp;<\/p>\n<p>Kurt L\u00fcscher, CEO di Energie 360\u00b0, vede dei vantaggi proprio nelle tecnologie lungimiranti: \"Ci saranno tecnologie che renderanno possibile trasportare sempre pi\u00f9 gas rinnovabile attraverso le reti di gas naturale che esistono gi\u00e0 oggi. Queste tecnologie \"Power to Gas\" (P2G) possono anche essere usate per immagazzinare e trasportare l'elettricit\u00e0 in eccesso. Contribuiscono cos\u00ec anche alla prevedibile convergenza delle reti energetiche. \"Internet offre anche un grande potenziale di sviluppo, dice Kurt L\u00fcscher: \"La digitalizzazione del settore energetico non riguarder\u00e0 solo i processi e i prodotti che gi\u00e0 conosciamo oggi, ma anche aree completamente nuove. Questi possono essere sussunti sotto il termine Smart Energy Services: Smart Home, Smart Mobility Smart City, ecc.<\/p>\n<p><strong>Pi\u00f9 ecologia nell'asciugatura delle costruzioni<\/strong><\/p>\n<p>&nbsp;<\/p>\n<p>Un esempio nel settore delle costruzioni mostra le nuove forme del futuro energetico: l'essiccazione mobile degli edifici con pellet di legno. Dal 2014, Energie 360\u00ba lavora con dei partner per offrire questa alternativa ecologica ed efficiente all'asciugatura convenzionale con olio di riscaldamento. Perch\u00e9 i tempi di realizzazione dei grandi progetti di costruzione sono sempre pi\u00f9 stretti. Anche i pi\u00f9 piccoli ritardi significano che l'asciugatura della costruzione deve essere accelerata dall'uso di forni ad aria calda. Questi sono ancora prevalentemente gestiti con olio combustibile. Allo stesso tempo, la domanda degli investitori e dei proprietari di edifici per una fornitura di calore rispettosa dell'ambiente \u00e8 in aumento.<\/p>\n<p>&nbsp;<\/p>\n<p>Con le stufe mobili a pellet di legno per l'essiccazione degli edifici, viene utilizzata una fonte di energia neutra in termini di CO2, ricavata dal legno residuo naturale, che \u00e8 anche rinnovabile. Inoltre, le acque sotterranee non sono minacciate dai pellet di legno. La procedura di approvazione per le cisterne mobili di olio non \u00e8 richiesta.<\/p>\n<p><strong>Gestione ambientale: disaccoppiare il consumo e la crescita<\/strong><\/p>\n<p>&nbsp;<\/p>\n<p>La Ernst Schweizer AG Metallbau di Hedingen dimostra che la gestione energetica sostenibile paga anche in termini concreti. Hans Ruedi Schweizer, presidente del consiglio d'amministrazione, spiega: \"All'inizio abbiamo perseguito una strategia energetica costantemente orientata all'efficienza. \"Dal 1978 la Ernst Schweizer AG registra indicatori di sostenibilit\u00e0 comparabili sui temi dell'efficienza economica, della responsabilit\u00e0 sociale e dell'ambiente.<\/p>\n<p>&nbsp;<\/p>\n<p>Nel 2014, l'azienda di costruzioni metalliche ha avuto bisogno di meno energia che nel 1978, anche se le vendite e i posti di lavoro sono raddoppiati durante questo periodo. Hans Ruedi Schweizer ricapitola: \"Siamo riusciti a disaccoppiare il consumo energetico dalla crescita aziendale con diverse misure di efficienza energetica. Tra le altre cose, abbiamo ottimizzato l'infrastruttura, tagliato le strutture per l'efficienza energetica e sensibilizzato gli utenti all'efficienza energetica.<\/p>\n<p>&nbsp;<\/p>\n<p>La Ernst Schweizer AG \u00e8 un pioniere della gestione ambientale. Gi\u00e0 nel 1994 \u00e8 stato preparato il primo rapporto ambientale per tutta l'azienda e nel 1996 sono state ottenute le certificazioni per il sistema di gestione ambientale ISO 14001 come prima azienda di costruzioni metalliche. Con la certificazione Qualicoat, l'azienda garantisce anche la qualit\u00e0 dei processi e dei risultati nel rivestimento. Questo assicura un processo di produzione integrato e documentato che copre tutto, dalla consulenza, lo sviluppo, la produzione e la garanzia di qualit\u00e0 alla manutenzione e all'assistenza. Inoltre, l'azienda \u00e8 stata membro del Climate Group avviato dal WWF dal 2009 al 2012. All'interno dell'azienda stessa, i servizi tecnici hanno valutato un nuovo strumento di gestione dell'energia nel 2013, che \u00e8 stato implementato nel 2014. Questo permette di interpretare i dati di consumo interno e di prendere ulteriori misure per una gestione sostenibile dell'energia.<\/p>\n<p><strong>Efficiente dal punto di vista energetico e rispettoso del clima<\/strong><\/p>\n<p>&nbsp;<\/p>\n<p>Energie 360\u00ba punta anche su misure interne e partnership esterne, spiega il CEO Kurt L\u00fcscher: \"Da anni implementiamo misure ambientali nelle nostre operazioni. Gestiamo la rete di gas naturale e i nostri sistemi di approvvigionamento energetico in modo responsabile; il nostro edificio principale \u00e8 certificato secondo lo standard Minergie ed \u00e8 riscaldato con il 100% di biogas; il nostro parco veicoli \u00e8 composto da circa il 75% di veicoli a gas naturale che funzionano con il 100% di biogas, in modo che la nostra flotta emetta una media di soli 56 grammi di CO2 per chilometro. L'uso esclusivo di carta riciclata (lettere, copie, stampati), una formazione ambientale mirata o campagne come \"bike to work\" rafforzano la coscienza ecologica dei nostri dipendenti. Queste misure sono completate dalla nostra sponsorizzazione dell'educazione ambientale. Per esempio, siamo coinvolti nel movimento svizzero di protezione del clima myblueplanet dal 2012. Mostra alla popolazione svizzera come le loro emissioni personali di CO2 possono essere ridotte.<\/p>\n<p><strong>La politica deve decidere presto<\/strong><\/p>\n<p>&nbsp;<\/p>\n<p>Per la maggior parte degli imprenditori, la strategia energetica della Confederazione \u00e8 evidente per la piazza economica svizzera: \"Consideriamo la conversione dalle energie non rinnovabili (combustibili fossili e nucleari) alle soluzioni cleantech e intelligenti come una grande opportunit\u00e0 per la piazza economica svizzera. La ricerca e la scienza dimostrano in vaste aree che la strada verso le energie rinnovabili e l'aumento dell'efficienza energetica \u00e8 quella giusta. Il Politecnico giunge alla conclusione che un mix energetico con un'alta percentuale di energie rinnovabili \u00e8 impegnativo ma fattibile\", afferma Hans Ruedi Schweizer, presidente del consiglio di amministrazione della Ernst Schweizer AG. Da un lato, la Svizzera come luogo di produzione deve affrontare una sfida tecnologica. Sotto-settori come l'immagazzinamento dell'energia richiedono nuove tecnologie. Allo stesso tempo, la Svizzera ha le migliori scuole tecniche e universit\u00e0, che attirano anche investitori e grandi aziende.<\/p>\n<p><strong>Significativa riduzione di CO2 raggiunta<\/strong><\/p>\n<p>&nbsp;<\/p>\n<p>\"Come produttore di acciaio per l'industria automobilistica internazionale, l'ingegneria meccanica e le apparecchiature, la Swiss Steel di Emmenbr\u00fccke ha implementato negli ultimi anni numerose misure di efficienza energetica e di riduzione di CO2 nell'ambito di un accordo sul CO2 con il governo svizzero\", spiega il CEO Carlo Mischler. Grazie alle misure introdotte, Swiss Steel si confronta molto bene con altre aziende internazionali in termini di emissioni di CO2. Nel 2013 e nel 2014 questi erano rispettivamente il 12 e il 7 per cento al di sotto del valore di assegnazione, che \u00e8 in media i valori di emissione di CO2 dei 10 migliori produttori di acciaio dell'UE\". Carlo Mischler di Swiss Steel prende una posizione critica sulla strategia energetica del governo federale. L'amministratore delegato conclude: \"Si presume che l'industria possa dare un contributo decisivo alla riduzione del consumo di energia, se solo \u00e8 costretta a farlo. Penso che questo presupposto sia sbagliato, perch\u00e9 l'uso dell'energia \u00e8 gi\u00e0 un fattore di produzione essenziale per l'industria; pi\u00f9 intenso \u00e8 il consumo di energia in un processo industriale, maggiori sono gli sforzi per affrontarlo in modo conveniente. La pressione competitiva ha spinto a lungo le aziende a ridurre il loro impatto ambientale. Non solo un diktat del governo non riesce a portare ulteriori miglioramenti significativi, ma con richieste sconsiderate mette in pericolo l'esistenza di intere industrie\".<\/p>\n<p>&nbsp;<\/p>","protected":false},"excerpt":{"rendered":"<p>&nbsp; &nbsp; Kurt L\u00fcscher, CEO der Energie 360\u00b0, sieht speziell in zukunftsweisenden Technologien Vorteile: \u00abEs wird Technologien geben, welche es erm\u00f6glichen, immer mehr erneuerbares Gas \u00fcber die heute schon vorhandenen Erdgasnetze zu transportieren. Diese \u00abPower to Gas\u00bb (P2G)-Technologien k\u00f6nnen auch zur Speicherung und zum Transport von \u00fcbersch\u00fcssigem Strom verwendet werden. Damit die-nen diese auch der [&hellip;]<\/p>\n","protected":false},"author":62,"featured_media":12270,"comment_status":"closed","ping_status":"closed","sticky":false,"template":"","format":"standard","meta":{"_acf_changed":false,"footnotes":""},"categories":[4],"tags":[4796],"class_list":["post-12234","post","type-post","status-publish","format-standard","has-post-thumbnail","hentry","category-risikomanagement","tag-09-2015"],"acf":[],"yoast_head":"<!-- This site is optimized with the Yoast SEO plugin v26.2 - https:\/\/yoast.com\/wordpress\/plugins\/seo\/ -->\n<title>Energie- und Umweltmanagement zahlen sich aus - MQ Management und Qualit\u00e4t<\/title>\n<meta name=\"description\" content=\"Die Schweiz steht vor wegweisenden Energie- Entscheiden. Es geht jedoch nicht nur um die schweizerische Energie-Strategie, f\u00fcr eine langfristige und umweltschonende Versorgungssicherheit m\u00fcssen ebenso globale Aspekte ber\u00fccksichtigt werden. Welchen Beitrag zum nachhaltigeren Ressourcen- Umgang leisten Wirtschaft, Politik und Wissenschaft? Drei Referenten des diesj\u00e4hrigen Europa Forums Luzern 2015 zeigen Wege im Energie- und Umweltmanagement auf.\" \/>\n<meta name=\"robots\" content=\"index, follow, max-snippet:-1, max-image-preview:large, max-video-preview:-1\" \/>\n<link rel=\"canonical\" href=\"https:\/\/www.m-q.ch\/it\/la-gestione-energetica-e-ambientale-paga\/\" \/>\n<meta property=\"og:locale\" content=\"it_IT\" \/>\n<meta property=\"og:type\" content=\"article\" \/>\n<meta property=\"og:title\" content=\"Energie- und Umweltmanagement zahlen sich aus - MQ Management und Qualit\u00e4t\" \/>\n<meta property=\"og:description\" content=\"Die Schweiz steht vor wegweisenden Energie- Entscheiden. Es geht jedoch nicht nur um die schweizerische Energie-Strategie, f\u00fcr eine langfristige und umweltschonende Versorgungssicherheit m\u00fcssen ebenso globale Aspekte ber\u00fccksichtigt werden. Welchen Beitrag zum nachhaltigeren Ressourcen- Umgang leisten Wirtschaft, Politik und Wissenschaft? Drei Referenten des diesj\u00e4hrigen Europa Forums Luzern 2015 zeigen Wege im Energie- und Umweltmanagement auf.\" \/>\n<meta property=\"og:url\" content=\"https:\/\/www.m-q.ch\/it\/la-gestione-energetica-e-ambientale-paga\/\" \/>\n<meta property=\"og:site_name\" content=\"MQ Management und Qualit\u00e4t\" \/>\n<meta property=\"article:publisher\" content=\"https:\/\/www.facebook.com\/ManagementUndQualitaet\" \/>\n<meta property=\"article:published_time\" content=\"2015-09-09T08:14:23+00:00\" \/>\n<meta property=\"article:modified_time\" content=\"2021-02-16T10:05:45+00:00\" \/>\n<meta property=\"og:image\" content=\"https:\/\/www.m-q.ch\/wp-content\/uploads\/2021\/02\/Energie-und-Umweltmanagement-zahlen-sich-aus.jpg\" \/>\n\t<meta property=\"og:image:width\" content=\"856\" \/>\n\t<meta property=\"og:image:height\" content=\"532\" \/>\n\t<meta property=\"og:image:type\" content=\"image\/jpeg\" \/>\n<meta name=\"author\" content=\"upwork_2\" \/>\n<meta name=\"twitter:card\" content=\"summary_large_image\" \/>\n<meta name=\"twitter:label1\" content=\"Scritto da\" \/>\n\t<meta name=\"twitter:data1\" content=\"upwork_2\" \/>\n\t<meta name=\"twitter:label2\" content=\"Tempo di lettura stimato\" \/>\n\t<meta name=\"twitter:data2\" content=\"5 minuti\" \/>\n<script type=\"application\/ld+json\" class=\"yoast-schema-graph\">{\"@context\":\"https:\/\/schema.org\",\"@graph\":[{\"@type\":\"Article\",\"@id\":\"https:\/\/www.m-q.ch\/energie-und-umweltmanagement-zahlen-sich-aus\/#article\",\"isPartOf\":{\"@id\":\"https:\/\/www.m-q.ch\/energie-und-umweltmanagement-zahlen-sich-aus\/\"},\"author\":{\"name\":\"upwork_2\",\"@id\":\"https:\/\/www.m-q.ch\/fr\/#\/schema\/person\/71f647a41e4a3e361e6230f5134f3ba9\"},\"headline\":\"Energie- und Umweltmanagement zahlen sich aus\",\"datePublished\":\"2015-09-09T08:14:23+00:00\",\"dateModified\":\"2021-02-16T10:05:45+00:00\",\"mainEntityOfPage\":{\"@id\":\"https:\/\/www.m-q.ch\/energie-und-umweltmanagement-zahlen-sich-aus\/\"},\"wordCount\":934,\"publisher\":{\"@id\":\"https:\/\/www.m-q.ch\/fr\/#organization\"},\"image\":{\"@id\":\"https:\/\/www.m-q.ch\/energie-und-umweltmanagement-zahlen-sich-aus\/#primaryimage\"},\"thumbnailUrl\":\"https:\/\/www.m-q.ch\/wp-content\/uploads\/2021\/02\/Energie-und-Umweltmanagement-zahlen-sich-aus.jpg\",\"keywords\":[\"09\/2015\"],\"articleSection\":[\"Risikomanagement\"],\"inLanguage\":\"it-IT\"},{\"@type\":\"WebPage\",\"@id\":\"https:\/\/www.m-q.ch\/energie-und-umweltmanagement-zahlen-sich-aus\/\",\"url\":\"https:\/\/www.m-q.ch\/energie-und-umweltmanagement-zahlen-sich-aus\/\",\"name\":\"Energie- und Umweltmanagement zahlen sich aus - MQ Management und Qualit\u00e4t\",\"isPartOf\":{\"@id\":\"https:\/\/www.m-q.ch\/fr\/#website\"},\"primaryImageOfPage\":{\"@id\":\"https:\/\/www.m-q.ch\/energie-und-umweltmanagement-zahlen-sich-aus\/#primaryimage\"},\"image\":{\"@id\":\"https:\/\/www.m-q.ch\/energie-und-umweltmanagement-zahlen-sich-aus\/#primaryimage\"},\"thumbnailUrl\":\"https:\/\/www.m-q.ch\/wp-content\/uploads\/2021\/02\/Energie-und-Umweltmanagement-zahlen-sich-aus.jpg\",\"datePublished\":\"2015-09-09T08:14:23+00:00\",\"dateModified\":\"2021-02-16T10:05:45+00:00\",\"description\":\"Die Schweiz steht vor wegweisenden Energie- Entscheiden. Es geht jedoch nicht nur um die schweizerische Energie-Strategie, f\u00fcr eine langfristige und umweltschonende Versorgungssicherheit m\u00fcssen ebenso globale Aspekte ber\u00fccksichtigt werden. Welchen Beitrag zum nachhaltigeren Ressourcen- Umgang leisten Wirtschaft, Politik und Wissenschaft? Drei Referenten des diesj\u00e4hrigen Europa Forums Luzern 2015 zeigen Wege im Energie- und Umweltmanagement auf.\",\"breadcrumb\":{\"@id\":\"https:\/\/www.m-q.ch\/energie-und-umweltmanagement-zahlen-sich-aus\/#breadcrumb\"},\"inLanguage\":\"it-IT\",\"potentialAction\":[{\"@type\":\"ReadAction\",\"target\":[\"https:\/\/www.m-q.ch\/energie-und-umweltmanagement-zahlen-sich-aus\/\"]}]},{\"@type\":\"ImageObject\",\"inLanguage\":\"it-IT\",\"@id\":\"https:\/\/www.m-q.ch\/energie-und-umweltmanagement-zahlen-sich-aus\/#primaryimage\",\"url\":\"https:\/\/www.m-q.ch\/wp-content\/uploads\/2021\/02\/Energie-und-Umweltmanagement-zahlen-sich-aus.jpg\",\"contentUrl\":\"https:\/\/www.m-q.ch\/wp-content\/uploads\/2021\/02\/Energie-und-Umweltmanagement-zahlen-sich-aus.jpg\",\"width\":856,\"height\":532,\"caption\":\"Energie- und Umweltmanagement zahlen sich aus\"},{\"@type\":\"BreadcrumbList\",\"@id\":\"https:\/\/www.m-q.ch\/energie-und-umweltmanagement-zahlen-sich-aus\/#breadcrumb\",\"itemListElement\":[{\"@type\":\"ListItem\",\"position\":1,\"name\":\"Risikomanagement\",\"item\":\"https:\/\/www.m-q.ch\/kategorie\/risikomanagement\/\"},{\"@type\":\"ListItem\",\"position\":2,\"name\":\"Energie- und Umweltmanagement zahlen sich aus\"}]},{\"@type\":\"WebSite\",\"@id\":\"https:\/\/www.m-q.ch\/fr\/#website\",\"url\":\"https:\/\/www.m-q.ch\/fr\/\",\"name\":\"MQ Management und Qualit\u00e4t\",\"description\":\"Plattform f\u00fcr integrierte Managementsysteme.\",\"publisher\":{\"@id\":\"https:\/\/www.m-q.ch\/fr\/#organization\"},\"potentialAction\":[{\"@type\":\"SearchAction\",\"target\":{\"@type\":\"EntryPoint\",\"urlTemplate\":\"https:\/\/www.m-q.ch\/fr\/?s={search_term_string}\"},\"query-input\":{\"@type\":\"PropertyValueSpecification\",\"valueRequired\":true,\"valueName\":\"search_term_string\"}}],\"inLanguage\":\"it-IT\"},{\"@type\":\"Organization\",\"@id\":\"https:\/\/www.m-q.ch\/fr\/#organization\",\"name\":\"Galledia Fachmedien AG\",\"url\":\"https:\/\/www.m-q.ch\/fr\/\",\"logo\":{\"@type\":\"ImageObject\",\"inLanguage\":\"it-IT\",\"@id\":\"https:\/\/www.m-q.ch\/fr\/#\/schema\/logo\/image\/\",\"url\":\"https:\/\/www.m-q.ch\/wp-content\/uploads\/2020\/12\/cropped-logo_small.png\",\"contentUrl\":\"https:\/\/www.m-q.ch\/wp-content\/uploads\/2020\/12\/cropped-logo_small.png\",\"width\":512,\"height\":512,\"caption\":\"Galledia Fachmedien AG\"},\"image\":{\"@id\":\"https:\/\/www.m-q.ch\/fr\/#\/schema\/logo\/image\/\"},\"sameAs\":[\"https:\/\/www.facebook.com\/ManagementUndQualitaet\",\"https:\/\/www.linkedin.com\/showcase\/17982321\/admin\/\"]},{\"@type\":\"Person\",\"@id\":\"https:\/\/www.m-q.ch\/fr\/#\/schema\/person\/71f647a41e4a3e361e6230f5134f3ba9\",\"name\":\"upwork_2\",\"image\":{\"@type\":\"ImageObject\",\"inLanguage\":\"it-IT\",\"@id\":\"https:\/\/www.m-q.ch\/fr\/#\/schema\/person\/image\/\",\"url\":\"https:\/\/secure.gravatar.com\/avatar\/777b90ab56092bbf3c85feacda5c1bce?s=96&d=mm&r=g\",\"contentUrl\":\"https:\/\/secure.gravatar.com\/avatar\/777b90ab56092bbf3c85feacda5c1bce?s=96&d=mm&r=g\",\"caption\":\"upwork_2\"},\"url\":\"https:\/\/www.m-q.ch\/it\/author\/upwork_2\/\"}]}<\/script>\n<!-- \/ Yoast SEO plugin. -->","yoast_head_json":{"title":"La gestione energetica e ambientale paga - MQ Management und Qualit\u00e4t","description":"La Svizzera sta affrontando decisioni energetiche rivoluzionarie. Tuttavia, non \u00e8 solo una questione di strategia energetica della Svizzera; anche gli aspetti globali devono essere presi in considerazione per garantire la sicurezza dell'approvvigionamento a lungo termine e nel rispetto dell'ambiente. Come possono l'economia, la politica e la scienza contribuire a un uso pi\u00f9 sostenibile delle risorse? Tre relatori dell'Europe Forum Lucerne 2015 di quest'anno mostreranno le vie da seguire nella gestione dell'energia e dell'ambiente.","robots":{"index":"index","follow":"follow","max-snippet":"max-snippet:-1","max-image-preview":"max-image-preview:large","max-video-preview":"max-video-preview:-1"},"canonical":"https:\/\/www.m-q.ch\/it\/la-gestione-energetica-e-ambientale-paga\/","og_locale":"it_IT","og_type":"article","og_title":"Energie- und Umweltmanagement zahlen sich aus - MQ Management und Qualit\u00e4t","og_description":"Die Schweiz steht vor wegweisenden Energie- Entscheiden. Es geht jedoch nicht nur um die schweizerische Energie-Strategie, f\u00fcr eine langfristige und umweltschonende Versorgungssicherheit m\u00fcssen ebenso globale Aspekte ber\u00fccksichtigt werden. Welchen Beitrag zum nachhaltigeren Ressourcen- Umgang leisten Wirtschaft, Politik und Wissenschaft? Drei Referenten des diesj\u00e4hrigen Europa Forums Luzern 2015 zeigen Wege im Energie- und Umweltmanagement auf.","og_url":"https:\/\/www.m-q.ch\/it\/la-gestione-energetica-e-ambientale-paga\/","og_site_name":"MQ Management und Qualit\u00e4t","article_publisher":"https:\/\/www.facebook.com\/ManagementUndQualitaet","article_published_time":"2015-09-09T08:14:23+00:00","article_modified_time":"2021-02-16T10:05:45+00:00","og_image":[{"width":856,"height":532,"url":"https:\/\/www.m-q.ch\/wp-content\/uploads\/2021\/02\/Energie-und-Umweltmanagement-zahlen-sich-aus.jpg","type":"image\/jpeg"}],"author":"upwork_2","twitter_card":"summary_large_image","twitter_misc":{"Scritto da":"upwork_2","Tempo di lettura stimato":"5 minuti"},"schema":{"@context":"https:\/\/schema.org","@graph":[{"@type":"Article","@id":"https:\/\/www.m-q.ch\/energie-und-umweltmanagement-zahlen-sich-aus\/#article","isPartOf":{"@id":"https:\/\/www.m-q.ch\/energie-und-umweltmanagement-zahlen-sich-aus\/"},"author":{"name":"upwork_2","@id":"https:\/\/www.m-q.ch\/fr\/#\/schema\/person\/71f647a41e4a3e361e6230f5134f3ba9"},"headline":"Energie- und Umweltmanagement zahlen sich aus","datePublished":"2015-09-09T08:14:23+00:00","dateModified":"2021-02-16T10:05:45+00:00","mainEntityOfPage":{"@id":"https:\/\/www.m-q.ch\/energie-und-umweltmanagement-zahlen-sich-aus\/"},"wordCount":934,"publisher":{"@id":"https:\/\/www.m-q.ch\/fr\/#organization"},"image":{"@id":"https:\/\/www.m-q.ch\/energie-und-umweltmanagement-zahlen-sich-aus\/#primaryimage"},"thumbnailUrl":"https:\/\/www.m-q.ch\/wp-content\/uploads\/2021\/02\/Energie-und-Umweltmanagement-zahlen-sich-aus.jpg","keywords":["09\/2015"],"articleSection":["Risikomanagement"],"inLanguage":"it-IT"},{"@type":"WebPage","@id":"https:\/\/www.m-q.ch\/energie-und-umweltmanagement-zahlen-sich-aus\/","url":"https:\/\/www.m-q.ch\/energie-und-umweltmanagement-zahlen-sich-aus\/","name":"La gestione energetica e ambientale paga - MQ Management und Qualit\u00e4t","isPartOf":{"@id":"https:\/\/www.m-q.ch\/fr\/#website"},"primaryImageOfPage":{"@id":"https:\/\/www.m-q.ch\/energie-und-umweltmanagement-zahlen-sich-aus\/#primaryimage"},"image":{"@id":"https:\/\/www.m-q.ch\/energie-und-umweltmanagement-zahlen-sich-aus\/#primaryimage"},"thumbnailUrl":"https:\/\/www.m-q.ch\/wp-content\/uploads\/2021\/02\/Energie-und-Umweltmanagement-zahlen-sich-aus.jpg","datePublished":"2015-09-09T08:14:23+00:00","dateModified":"2021-02-16T10:05:45+00:00","description":"La Svizzera sta affrontando decisioni energetiche rivoluzionarie. Tuttavia, non \u00e8 solo una questione di strategia energetica della Svizzera; anche gli aspetti globali devono essere presi in considerazione per garantire la sicurezza dell'approvvigionamento a lungo termine e nel rispetto dell'ambiente. Come possono l'economia, la politica e la scienza contribuire a un uso pi\u00f9 sostenibile delle risorse? Tre relatori dell'Europe Forum Lucerne 2015 di quest'anno mostreranno le vie da seguire nella gestione dell'energia e dell'ambiente.","breadcrumb":{"@id":"https:\/\/www.m-q.ch\/energie-und-umweltmanagement-zahlen-sich-aus\/#breadcrumb"},"inLanguage":"it-IT","potentialAction":[{"@type":"ReadAction","target":["https:\/\/www.m-q.ch\/energie-und-umweltmanagement-zahlen-sich-aus\/"]}]},{"@type":"ImageObject","inLanguage":"it-IT","@id":"https:\/\/www.m-q.ch\/energie-und-umweltmanagement-zahlen-sich-aus\/#primaryimage","url":"https:\/\/www.m-q.ch\/wp-content\/uploads\/2021\/02\/Energie-und-Umweltmanagement-zahlen-sich-aus.jpg","contentUrl":"https:\/\/www.m-q.ch\/wp-content\/uploads\/2021\/02\/Energie-und-Umweltmanagement-zahlen-sich-aus.jpg","width":856,"height":532,"caption":"Energie- und Umweltmanagement zahlen sich aus"},{"@type":"BreadcrumbList","@id":"https:\/\/www.m-q.ch\/energie-und-umweltmanagement-zahlen-sich-aus\/#breadcrumb","itemListElement":[{"@type":"ListItem","position":1,"name":"Risikomanagement","item":"https:\/\/www.m-q.ch\/kategorie\/risikomanagement\/"},{"@type":"ListItem","position":2,"name":"Energie- und Umweltmanagement zahlen sich aus"}]},{"@type":"WebSite","@id":"https:\/\/www.m-q.ch\/fr\/#website","url":"https:\/\/www.m-q.ch\/fr\/","name":"Gestione e qualit\u00e0 MQ","description":"Piattaforma per sistemi di gestione integrati.","publisher":{"@id":"https:\/\/www.m-q.ch\/fr\/#organization"},"potentialAction":[{"@type":"SearchAction","target":{"@type":"EntryPoint","urlTemplate":"https:\/\/www.m-q.ch\/fr\/?s={search_term_string}"},"query-input":{"@type":"PropertyValueSpecification","valueRequired":true,"valueName":"search_term_string"}}],"inLanguage":"it-IT"},{"@type":"Organization","@id":"https:\/\/www.m-q.ch\/fr\/#organization","name":"Galledia Fachmedien AG","url":"https:\/\/www.m-q.ch\/fr\/","logo":{"@type":"ImageObject","inLanguage":"it-IT","@id":"https:\/\/www.m-q.ch\/fr\/#\/schema\/logo\/image\/","url":"https:\/\/www.m-q.ch\/wp-content\/uploads\/2020\/12\/cropped-logo_small.png","contentUrl":"https:\/\/www.m-q.ch\/wp-content\/uploads\/2020\/12\/cropped-logo_small.png","width":512,"height":512,"caption":"Galledia Fachmedien AG"},"image":{"@id":"https:\/\/www.m-q.ch\/fr\/#\/schema\/logo\/image\/"},"sameAs":["https:\/\/www.facebook.com\/ManagementUndQualitaet","https:\/\/www.linkedin.com\/showcase\/17982321\/admin\/"]},{"@type":"Person","@id":"https:\/\/www.m-q.ch\/fr\/#\/schema\/person\/71f647a41e4a3e361e6230f5134f3ba9","name":"upwork_2","image":{"@type":"ImageObject","inLanguage":"it-IT","@id":"https:\/\/www.m-q.ch\/fr\/#\/schema\/person\/image\/","url":"https:\/\/secure.gravatar.com\/avatar\/777b90ab56092bbf3c85feacda5c1bce?s=96&d=mm&r=g","contentUrl":"https:\/\/secure.gravatar.com\/avatar\/777b90ab56092bbf3c85feacda5c1bce?s=96&d=mm&r=g","caption":"upwork_2"},"url":"https:\/\/www.m-q.ch\/it\/author\/upwork_2\/"}]}},"_links":{"self":[{"href":"https:\/\/www.m-q.ch\/it\/wp-json\/wp\/v2\/posts\/12234","targetHints":{"allow":["GET"]}}],"collection":[{"href":"https:\/\/www.m-q.ch\/it\/wp-json\/wp\/v2\/posts"}],"about":[{"href":"https:\/\/www.m-q.ch\/it\/wp-json\/wp\/v2\/types\/post"}],"author":[{"embeddable":true,"href":"https:\/\/www.m-q.ch\/it\/wp-json\/wp\/v2\/users\/62"}],"replies":[{"embeddable":true,"href":"https:\/\/www.m-q.ch\/it\/wp-json\/wp\/v2\/comments?post=12234"}],"version-history":[{"count":1,"href":"https:\/\/www.m-q.ch\/it\/wp-json\/wp\/v2\/posts\/12234\/revisions"}],"predecessor-version":[{"id":12271,"href":"https:\/\/www.m-q.ch\/it\/wp-json\/wp\/v2\/posts\/12234\/revisions\/12271"}],"wp:featuredmedia":[{"embeddable":true,"href":"https:\/\/www.m-q.ch\/it\/wp-json\/wp\/v2\/media\/12270"}],"wp:attachment":[{"href":"https:\/\/www.m-q.ch\/it\/wp-json\/wp\/v2\/media?parent=12234"}],"wp:term":[{"taxonomy":"category","embeddable":true,"href":"https:\/\/www.m-q.ch\/it\/wp-json\/wp\/v2\/categories?post=12234"},{"taxonomy":"post_tag","embeddable":true,"href":"https:\/\/www.m-q.ch\/it\/wp-json\/wp\/v2\/tags?post=12234"}],"curies":[{"name":"wp","href":"https:\/\/api.w.org\/{rel}","templated":true}]}}