{"id":12304,"date":"2015-10-21T11:54:48","date_gmt":"2015-10-21T09:54:48","guid":{"rendered":"https:\/\/www.m-q.ch\/?p=12304"},"modified":"2021-02-16T14:54:28","modified_gmt":"2021-02-16T13:54:28","slug":"hannes-misura-i-sentimenti","status":"publish","type":"post","link":"https:\/\/www.m-q.ch\/it\/hannes-misst-gefuehle\/","title":{"rendered":"Hannes misura i sentimenti"},"content":{"rendered":"<p><img loading=\"lazy\" decoding=\"async\" class=\"alignnone size-full wp-image-12362\" src=\"https:\/\/www.m-q.ch\/wp-content\/uploads\/2021\/02\/Hannes-misst-Gefuehle.jpg\" alt=\"Hannes misura i sentimenti\" width=\"809\" height=\"753\" srcset=\"https:\/\/www.m-q.ch\/wp-content\/uploads\/2021\/02\/Hannes-misst-Gefuehle.jpg 809w, https:\/\/www.m-q.ch\/wp-content\/uploads\/2021\/02\/Hannes-misst-Gefuehle-768x715.jpg 768w, https:\/\/www.m-q.ch\/wp-content\/uploads\/2021\/02\/Hannes-misst-Gefuehle-13x12.jpg 13w, https:\/\/www.m-q.ch\/wp-content\/uploads\/2021\/02\/Hannes-misst-Gefuehle-188x175.jpg 188w, https:\/\/www.m-q.ch\/wp-content\/uploads\/2021\/02\/Hannes-misst-Gefuehle-376x350.jpg 376w, https:\/\/www.m-q.ch\/wp-content\/uploads\/2021\/02\/Hannes-misst-Gefuehle-300x279.jpg 300w\" sizes=\"auto, (max-width: 809px) 100vw, 809px\" \/><\/p>\n<p>&nbsp;<\/p>\n<p>&nbsp;<\/p>\n<p>Conosce la domanda della misurazione della soddisfazione del personale. Usando una scala da 1 a 10, si risponde alla domanda \"Quanto ti senti a tuo agio nel tuo lavoro?\" Ma se questo \u00e8 paragonabile? Immagino che ognuno abbia standard diversi. Per una persona 8 \u00e8 alto, per un'altra 6 non \u00e8 da meno. Hannes non pu\u00f2 andare avanti.<\/p>\n<p>&nbsp;<\/p>\n<p>\"A volte una pausa aiuta\", pensa, e va a pranzo in un ristorante italiano. Una bella pizza e mezzo litro di Montepulciano - questo non pu\u00f2 che stimolarlo. Lorenzo lo accoglie calorosamente: \"Ciao amico, come stai? Tutto bene? Un bel posto per la nostra Scheffe?\". \"Con piacere\", risponde l'affamato manager, sfogliando le 150 variet\u00e0 di pizze e i 140 piatti di pasta.<\/p>\n<p>&nbsp;<\/p>\n<p>Dopo tre minuti riappare Lorenzo: \"L'hai gi\u00e0 trovato?\". Hannes non ne ha ancora idea. Ma come dirigente pi\u00f9 di tre minuti per il<\/p>\n<p>&nbsp;<\/p>\n<p><em><strong>\"Sentirsi bene\" dovrebbe essere verificabile con parametri chiaramente misurabili\".<\/strong><\/em><\/p>\n<p>&nbsp;<\/p>\n<p>che ha bisogno di scelte di menu - non pu\u00f2 mettersi in imbarazzo cos\u00ec. \"Prendo una pizza al prosciutto con una porzione extra di funghi, preceduta da una piccola insalata, acqua e una pinta di Montepulciano. \"Lorenzo lo guarda con aria stupita. \"Mi dici il numero ai pasti, altrimenti non posso mettere in ordine\". Leggermente infastidito, Hannes formula il suo bisogno in codice. \"Voglio la pizza 141 con porzione extra 9, avanti 53 con salsa numero 3. Per la bevanda, mi porti 14 e mezzo litro 311.\" \"Perfetto cos\u00ec, la porto tra un minuto\", risponde l'affascinante cameriere.<\/p>\n<p>&nbsp;<\/p>\n<p>Dopo aver gustato il pasto, \u00e8 il momento di pagare. Lorenzo sta di fronte a lui con un mini dispositivo tattile e uno stilo. Hannes, non senza orgoglio, recita il suo consumo. \"Ne avevo 141 di cui 9, pi\u00f9 53 con 3, 311 e 14.\" Almeno altrettanto soddisfatto, Lorenzo lascia la sua penna danzare sull'apparecchio in staccato sportivo. Fanno 19 euro e 90. Hannes mette gi\u00f9 una banconota da 20 euro e gli d\u00e0 i 10 centesimi. 10 centesimi per l'idea brillante. Con una faccia trionfante Hannes torna in ufficio e si siede pieno di energia e di vino rosso al documento Word ancora vuoto.<\/p>\n<p>&nbsp;<\/p>\n<p>Hannes prende la scalatura degli obiettivi di sentimento, ma va pi\u00f9 in profondit\u00e0. \"Sentirsi bene\" dovrebbe essere verificabile con parametri chiaramente misurabili. Trova un articolo su questo in una rivista medica: Il coefficiente di benessere si manifesta nella pressione sanguigna ideale, tra le altre cose. Vuole combinare questo con i dati sulla frequenza respiratoria, la temperatura corporea e i livelli di adrenalina. Sentirsi bene significa: pressione sanguigna 120\/80 mmHg, circa 20 respiri al minuto e adrenalina a un massimo di 110 nmol\/giorno. Allo stesso tempo, la temperatura corporea non deve essere n\u00e9 inferiore a 36,3 n\u00e9 superiore a 37,4. Hannes ha trovato il concetto. Un rapido controllo medico rende misurabile il \"sentirsi bene\".<\/p>\n<p>&nbsp;<\/p>\n<p>Hannes scrive e scrive, i suoi pensieri fluiscono nel documento. Poi riceve una chiamata dal lavoro. \u00c8 sua moglie. \"Dove sei?\" \"In ufficio\". \"Come pensi che mi senta, aspettandoti a casa per ore?\" \"Come ti senti? In una scala tra 2 e 8. Se mi dai la tua temperatura corporea, posso rispondere alla tua domanda molto pi\u00f9 accuratamente\", risponde Hannes con buone intenzioni e un po' di orgoglio. \"Scordatelo. Resta dove sei - io esco con Jacqueline. Ho bisogno di una serata calda\". Con questo, riaggancia il telefono.<\/p>\n<p>&nbsp;<\/p>\n<p><em><strong>Beh, il concetto \u00e8 solo per l'ufficio...<\/strong><\/em><\/p>","protected":false},"excerpt":{"rendered":"<p>&nbsp; &nbsp; Er kennt die Fragestellung aus der Personalzufriedenheitsmessung. Mit einer Skala von 1 bis 10 beantwortet man die Frage \u00abWie wohl f\u00fchlen Sie sich an Ihrem Arbeitsplatz?\u00bb Aber ob dies vergleichbar ist? Jeder hat wohl andere Massst\u00e4be. F\u00fcr den einen ist 8 hoch, f\u00fcr den anderen ist 6 nicht weniger hoch. Hannes kommt nicht [&hellip;]<\/p>\n","protected":false},"author":62,"featured_media":12362,"comment_status":"closed","ping_status":"closed","sticky":false,"template":"","format":"standard","meta":{"_acf_changed":false,"footnotes":""},"categories":[4448],"tags":[4797],"class_list":["post-12304","post","type-post","status-publish","format-standard","has-post-thumbnail","hentry","category-allgemein","tag-10-2015"],"acf":[],"yoast_head":"<!-- This site is optimized with the Yoast SEO plugin v26.2 - https:\/\/yoast.com\/wordpress\/plugins\/seo\/ -->\n<title>Hannes misst Gef\u00fchle - MQ Management und Qualit\u00e4t<\/title>\n<meta name=\"description\" content=\"Hannes br\u00fctet. Er muss einKonzept zur \u00abMessbarkeitvon Soft-Factors und sozialenZielen\u00bb erstellen. Ein Auftragder Gesch\u00e4ftsleitung, der auchprivaten Nutzen bringt. Wie oftmusste er schon seiner Frau erkl\u00e4ren,dass er durchaus Gef\u00fchlehabe, sie aber vielleicht nichtimmer zeigen k\u00f6nne.\" \/>\n<meta name=\"robots\" content=\"index, follow, max-snippet:-1, max-image-preview:large, max-video-preview:-1\" \/>\n<link rel=\"canonical\" href=\"https:\/\/www.m-q.ch\/it\/hannes-misura-i-sentimenti\/\" \/>\n<meta property=\"og:locale\" content=\"it_IT\" \/>\n<meta property=\"og:type\" content=\"article\" \/>\n<meta property=\"og:title\" content=\"Hannes misst Gef\u00fchle - MQ Management und Qualit\u00e4t\" \/>\n<meta property=\"og:description\" content=\"Hannes br\u00fctet. Er muss einKonzept zur \u00abMessbarkeitvon Soft-Factors und sozialenZielen\u00bb erstellen. Ein Auftragder Gesch\u00e4ftsleitung, der auchprivaten Nutzen bringt. Wie oftmusste er schon seiner Frau erkl\u00e4ren,dass er durchaus Gef\u00fchlehabe, sie aber vielleicht nichtimmer zeigen k\u00f6nne.\" \/>\n<meta property=\"og:url\" content=\"https:\/\/www.m-q.ch\/it\/hannes-misura-i-sentimenti\/\" \/>\n<meta property=\"og:site_name\" content=\"MQ Management und Qualit\u00e4t\" \/>\n<meta property=\"article:publisher\" content=\"https:\/\/www.facebook.com\/ManagementUndQualitaet\" \/>\n<meta property=\"article:published_time\" content=\"2015-10-21T09:54:48+00:00\" \/>\n<meta property=\"article:modified_time\" content=\"2021-02-16T13:54:28+00:00\" \/>\n<meta property=\"og:image\" content=\"https:\/\/www.m-q.ch\/wp-content\/uploads\/2021\/02\/Hannes-misst-Gefuehle.jpg\" \/>\n\t<meta property=\"og:image:width\" content=\"809\" \/>\n\t<meta property=\"og:image:height\" content=\"753\" \/>\n\t<meta property=\"og:image:type\" content=\"image\/jpeg\" \/>\n<meta name=\"author\" content=\"upwork_2\" \/>\n<meta name=\"twitter:card\" content=\"summary_large_image\" \/>\n<meta name=\"twitter:label1\" content=\"Scritto da\" \/>\n\t<meta name=\"twitter:data1\" content=\"upwork_2\" \/>\n\t<meta name=\"twitter:label2\" content=\"Tempo di lettura stimato\" \/>\n\t<meta name=\"twitter:data2\" content=\"3 minuti\" \/>\n<script type=\"application\/ld+json\" class=\"yoast-schema-graph\">{\"@context\":\"https:\/\/schema.org\",\"@graph\":[{\"@type\":\"Article\",\"@id\":\"https:\/\/www.m-q.ch\/hannes-misst-gefuehle\/#article\",\"isPartOf\":{\"@id\":\"https:\/\/www.m-q.ch\/hannes-misst-gefuehle\/\"},\"author\":{\"name\":\"upwork_2\",\"@id\":\"https:\/\/www.m-q.ch\/fr\/#\/schema\/person\/71f647a41e4a3e361e6230f5134f3ba9\"},\"headline\":\"Hannes misst Gef\u00fchle\",\"datePublished\":\"2015-10-21T09:54:48+00:00\",\"dateModified\":\"2021-02-16T13:54:28+00:00\",\"mainEntityOfPage\":{\"@id\":\"https:\/\/www.m-q.ch\/hannes-misst-gefuehle\/\"},\"wordCount\":541,\"publisher\":{\"@id\":\"https:\/\/www.m-q.ch\/fr\/#organization\"},\"image\":{\"@id\":\"https:\/\/www.m-q.ch\/hannes-misst-gefuehle\/#primaryimage\"},\"thumbnailUrl\":\"https:\/\/www.m-q.ch\/wp-content\/uploads\/2021\/02\/Hannes-misst-Gefuehle.jpg\",\"keywords\":[\"10\/2015\"],\"articleSection\":[\"Allgemein\"],\"inLanguage\":\"it-IT\"},{\"@type\":\"WebPage\",\"@id\":\"https:\/\/www.m-q.ch\/hannes-misst-gefuehle\/\",\"url\":\"https:\/\/www.m-q.ch\/hannes-misst-gefuehle\/\",\"name\":\"Hannes misst Gef\u00fchle - MQ Management und Qualit\u00e4t\",\"isPartOf\":{\"@id\":\"https:\/\/www.m-q.ch\/fr\/#website\"},\"primaryImageOfPage\":{\"@id\":\"https:\/\/www.m-q.ch\/hannes-misst-gefuehle\/#primaryimage\"},\"image\":{\"@id\":\"https:\/\/www.m-q.ch\/hannes-misst-gefuehle\/#primaryimage\"},\"thumbnailUrl\":\"https:\/\/www.m-q.ch\/wp-content\/uploads\/2021\/02\/Hannes-misst-Gefuehle.jpg\",\"datePublished\":\"2015-10-21T09:54:48+00:00\",\"dateModified\":\"2021-02-16T13:54:28+00:00\",\"description\":\"Hannes br\u00fctet. Er muss einKonzept zur \u00abMessbarkeitvon Soft-Factors und sozialenZielen\u00bb erstellen. Ein Auftragder Gesch\u00e4ftsleitung, der auchprivaten Nutzen bringt. Wie oftmusste er schon seiner Frau erkl\u00e4ren,dass er durchaus Gef\u00fchlehabe, sie aber vielleicht nichtimmer zeigen k\u00f6nne.\",\"breadcrumb\":{\"@id\":\"https:\/\/www.m-q.ch\/hannes-misst-gefuehle\/#breadcrumb\"},\"inLanguage\":\"it-IT\",\"potentialAction\":[{\"@type\":\"ReadAction\",\"target\":[\"https:\/\/www.m-q.ch\/hannes-misst-gefuehle\/\"]}]},{\"@type\":\"ImageObject\",\"inLanguage\":\"it-IT\",\"@id\":\"https:\/\/www.m-q.ch\/hannes-misst-gefuehle\/#primaryimage\",\"url\":\"https:\/\/www.m-q.ch\/wp-content\/uploads\/2021\/02\/Hannes-misst-Gefuehle.jpg\",\"contentUrl\":\"https:\/\/www.m-q.ch\/wp-content\/uploads\/2021\/02\/Hannes-misst-Gefuehle.jpg\",\"width\":809,\"height\":753,\"caption\":\"Hannes misst Gef\u00fchle\"},{\"@type\":\"BreadcrumbList\",\"@id\":\"https:\/\/www.m-q.ch\/hannes-misst-gefuehle\/#breadcrumb\",\"itemListElement\":[{\"@type\":\"ListItem\",\"position\":1,\"name\":\"Allgemein\",\"item\":\"https:\/\/www.m-q.ch\/kategorie\/allgemein\/\"},{\"@type\":\"ListItem\",\"position\":2,\"name\":\"Hannes misst Gef\u00fchle\"}]},{\"@type\":\"WebSite\",\"@id\":\"https:\/\/www.m-q.ch\/fr\/#website\",\"url\":\"https:\/\/www.m-q.ch\/fr\/\",\"name\":\"MQ Management und Qualit\u00e4t\",\"description\":\"Plattform f\u00fcr integrierte Managementsysteme.\",\"publisher\":{\"@id\":\"https:\/\/www.m-q.ch\/fr\/#organization\"},\"potentialAction\":[{\"@type\":\"SearchAction\",\"target\":{\"@type\":\"EntryPoint\",\"urlTemplate\":\"https:\/\/www.m-q.ch\/fr\/?s={search_term_string}\"},\"query-input\":{\"@type\":\"PropertyValueSpecification\",\"valueRequired\":true,\"valueName\":\"search_term_string\"}}],\"inLanguage\":\"it-IT\"},{\"@type\":\"Organization\",\"@id\":\"https:\/\/www.m-q.ch\/fr\/#organization\",\"name\":\"Galledia Fachmedien AG\",\"url\":\"https:\/\/www.m-q.ch\/fr\/\",\"logo\":{\"@type\":\"ImageObject\",\"inLanguage\":\"it-IT\",\"@id\":\"https:\/\/www.m-q.ch\/fr\/#\/schema\/logo\/image\/\",\"url\":\"https:\/\/www.m-q.ch\/wp-content\/uploads\/2020\/12\/cropped-logo_small.png\",\"contentUrl\":\"https:\/\/www.m-q.ch\/wp-content\/uploads\/2020\/12\/cropped-logo_small.png\",\"width\":512,\"height\":512,\"caption\":\"Galledia Fachmedien AG\"},\"image\":{\"@id\":\"https:\/\/www.m-q.ch\/fr\/#\/schema\/logo\/image\/\"},\"sameAs\":[\"https:\/\/www.facebook.com\/ManagementUndQualitaet\",\"https:\/\/www.linkedin.com\/showcase\/17982321\/admin\/\"]},{\"@type\":\"Person\",\"@id\":\"https:\/\/www.m-q.ch\/fr\/#\/schema\/person\/71f647a41e4a3e361e6230f5134f3ba9\",\"name\":\"upwork_2\",\"image\":{\"@type\":\"ImageObject\",\"inLanguage\":\"it-IT\",\"@id\":\"https:\/\/www.m-q.ch\/fr\/#\/schema\/person\/image\/\",\"url\":\"https:\/\/secure.gravatar.com\/avatar\/777b90ab56092bbf3c85feacda5c1bce?s=96&d=mm&r=g\",\"contentUrl\":\"https:\/\/secure.gravatar.com\/avatar\/777b90ab56092bbf3c85feacda5c1bce?s=96&d=mm&r=g\",\"caption\":\"upwork_2\"},\"url\":\"https:\/\/www.m-q.ch\/it\/author\/upwork_2\/\"}]}<\/script>\n<!-- \/ Yoast SEO plugin. -->","yoast_head_json":{"title":"Hannes misura i sentimenti - MQ Management und Qualit\u00e4t","description":"Hannes sta rimuginando. Deve sviluppare un concetto di \"misurabilit\u00e0 dei fattori morbidi e degli obiettivi sociali\". Un incarico della direzione che porta anche benefici privati. Quante volte ha dovuto spiegare a sua moglie che ha dei sentimenti, ma che forse non \u00e8 in grado di mostrarli.","robots":{"index":"index","follow":"follow","max-snippet":"max-snippet:-1","max-image-preview":"max-image-preview:large","max-video-preview":"max-video-preview:-1"},"canonical":"https:\/\/www.m-q.ch\/it\/hannes-misura-i-sentimenti\/","og_locale":"it_IT","og_type":"article","og_title":"Hannes misst Gef\u00fchle - MQ Management und Qualit\u00e4t","og_description":"Hannes br\u00fctet. Er muss einKonzept zur \u00abMessbarkeitvon Soft-Factors und sozialenZielen\u00bb erstellen. Ein Auftragder Gesch\u00e4ftsleitung, der auchprivaten Nutzen bringt. Wie oftmusste er schon seiner Frau erkl\u00e4ren,dass er durchaus Gef\u00fchlehabe, sie aber vielleicht nichtimmer zeigen k\u00f6nne.","og_url":"https:\/\/www.m-q.ch\/it\/hannes-misura-i-sentimenti\/","og_site_name":"MQ Management und Qualit\u00e4t","article_publisher":"https:\/\/www.facebook.com\/ManagementUndQualitaet","article_published_time":"2015-10-21T09:54:48+00:00","article_modified_time":"2021-02-16T13:54:28+00:00","og_image":[{"width":809,"height":753,"url":"https:\/\/www.m-q.ch\/wp-content\/uploads\/2021\/02\/Hannes-misst-Gefuehle.jpg","type":"image\/jpeg"}],"author":"upwork_2","twitter_card":"summary_large_image","twitter_misc":{"Scritto da":"upwork_2","Tempo di lettura stimato":"3 minuti"},"schema":{"@context":"https:\/\/schema.org","@graph":[{"@type":"Article","@id":"https:\/\/www.m-q.ch\/hannes-misst-gefuehle\/#article","isPartOf":{"@id":"https:\/\/www.m-q.ch\/hannes-misst-gefuehle\/"},"author":{"name":"upwork_2","@id":"https:\/\/www.m-q.ch\/fr\/#\/schema\/person\/71f647a41e4a3e361e6230f5134f3ba9"},"headline":"Hannes misst Gef\u00fchle","datePublished":"2015-10-21T09:54:48+00:00","dateModified":"2021-02-16T13:54:28+00:00","mainEntityOfPage":{"@id":"https:\/\/www.m-q.ch\/hannes-misst-gefuehle\/"},"wordCount":541,"publisher":{"@id":"https:\/\/www.m-q.ch\/fr\/#organization"},"image":{"@id":"https:\/\/www.m-q.ch\/hannes-misst-gefuehle\/#primaryimage"},"thumbnailUrl":"https:\/\/www.m-q.ch\/wp-content\/uploads\/2021\/02\/Hannes-misst-Gefuehle.jpg","keywords":["10\/2015"],"articleSection":["Allgemein"],"inLanguage":"it-IT"},{"@type":"WebPage","@id":"https:\/\/www.m-q.ch\/hannes-misst-gefuehle\/","url":"https:\/\/www.m-q.ch\/hannes-misst-gefuehle\/","name":"Hannes misura i sentimenti - MQ Management und Qualit\u00e4t","isPartOf":{"@id":"https:\/\/www.m-q.ch\/fr\/#website"},"primaryImageOfPage":{"@id":"https:\/\/www.m-q.ch\/hannes-misst-gefuehle\/#primaryimage"},"image":{"@id":"https:\/\/www.m-q.ch\/hannes-misst-gefuehle\/#primaryimage"},"thumbnailUrl":"https:\/\/www.m-q.ch\/wp-content\/uploads\/2021\/02\/Hannes-misst-Gefuehle.jpg","datePublished":"2015-10-21T09:54:48+00:00","dateModified":"2021-02-16T13:54:28+00:00","description":"Hannes sta rimuginando. Deve sviluppare un concetto di \"misurabilit\u00e0 dei fattori morbidi e degli obiettivi sociali\". Un incarico della direzione che porta anche benefici privati. Quante volte ha dovuto spiegare a sua moglie che ha dei sentimenti, ma che forse non \u00e8 in grado di mostrarli.","breadcrumb":{"@id":"https:\/\/www.m-q.ch\/hannes-misst-gefuehle\/#breadcrumb"},"inLanguage":"it-IT","potentialAction":[{"@type":"ReadAction","target":["https:\/\/www.m-q.ch\/hannes-misst-gefuehle\/"]}]},{"@type":"ImageObject","inLanguage":"it-IT","@id":"https:\/\/www.m-q.ch\/hannes-misst-gefuehle\/#primaryimage","url":"https:\/\/www.m-q.ch\/wp-content\/uploads\/2021\/02\/Hannes-misst-Gefuehle.jpg","contentUrl":"https:\/\/www.m-q.ch\/wp-content\/uploads\/2021\/02\/Hannes-misst-Gefuehle.jpg","width":809,"height":753,"caption":"Hannes misst Gef\u00fchle"},{"@type":"BreadcrumbList","@id":"https:\/\/www.m-q.ch\/hannes-misst-gefuehle\/#breadcrumb","itemListElement":[{"@type":"ListItem","position":1,"name":"Allgemein","item":"https:\/\/www.m-q.ch\/kategorie\/allgemein\/"},{"@type":"ListItem","position":2,"name":"Hannes misst Gef\u00fchle"}]},{"@type":"WebSite","@id":"https:\/\/www.m-q.ch\/fr\/#website","url":"https:\/\/www.m-q.ch\/fr\/","name":"Gestione e qualit\u00e0 MQ","description":"Piattaforma per sistemi di gestione integrati.","publisher":{"@id":"https:\/\/www.m-q.ch\/fr\/#organization"},"potentialAction":[{"@type":"SearchAction","target":{"@type":"EntryPoint","urlTemplate":"https:\/\/www.m-q.ch\/fr\/?s={search_term_string}"},"query-input":{"@type":"PropertyValueSpecification","valueRequired":true,"valueName":"search_term_string"}}],"inLanguage":"it-IT"},{"@type":"Organization","@id":"https:\/\/www.m-q.ch\/fr\/#organization","name":"Galledia Fachmedien AG","url":"https:\/\/www.m-q.ch\/fr\/","logo":{"@type":"ImageObject","inLanguage":"it-IT","@id":"https:\/\/www.m-q.ch\/fr\/#\/schema\/logo\/image\/","url":"https:\/\/www.m-q.ch\/wp-content\/uploads\/2020\/12\/cropped-logo_small.png","contentUrl":"https:\/\/www.m-q.ch\/wp-content\/uploads\/2020\/12\/cropped-logo_small.png","width":512,"height":512,"caption":"Galledia Fachmedien AG"},"image":{"@id":"https:\/\/www.m-q.ch\/fr\/#\/schema\/logo\/image\/"},"sameAs":["https:\/\/www.facebook.com\/ManagementUndQualitaet","https:\/\/www.linkedin.com\/showcase\/17982321\/admin\/"]},{"@type":"Person","@id":"https:\/\/www.m-q.ch\/fr\/#\/schema\/person\/71f647a41e4a3e361e6230f5134f3ba9","name":"upwork_2","image":{"@type":"ImageObject","inLanguage":"it-IT","@id":"https:\/\/www.m-q.ch\/fr\/#\/schema\/person\/image\/","url":"https:\/\/secure.gravatar.com\/avatar\/777b90ab56092bbf3c85feacda5c1bce?s=96&d=mm&r=g","contentUrl":"https:\/\/secure.gravatar.com\/avatar\/777b90ab56092bbf3c85feacda5c1bce?s=96&d=mm&r=g","caption":"upwork_2"},"url":"https:\/\/www.m-q.ch\/it\/author\/upwork_2\/"}]}},"_links":{"self":[{"href":"https:\/\/www.m-q.ch\/it\/wp-json\/wp\/v2\/posts\/12304","targetHints":{"allow":["GET"]}}],"collection":[{"href":"https:\/\/www.m-q.ch\/it\/wp-json\/wp\/v2\/posts"}],"about":[{"href":"https:\/\/www.m-q.ch\/it\/wp-json\/wp\/v2\/types\/post"}],"author":[{"embeddable":true,"href":"https:\/\/www.m-q.ch\/it\/wp-json\/wp\/v2\/users\/62"}],"replies":[{"embeddable":true,"href":"https:\/\/www.m-q.ch\/it\/wp-json\/wp\/v2\/comments?post=12304"}],"version-history":[{"count":2,"href":"https:\/\/www.m-q.ch\/it\/wp-json\/wp\/v2\/posts\/12304\/revisions"}],"predecessor-version":[{"id":12367,"href":"https:\/\/www.m-q.ch\/it\/wp-json\/wp\/v2\/posts\/12304\/revisions\/12367"}],"wp:featuredmedia":[{"embeddable":true,"href":"https:\/\/www.m-q.ch\/it\/wp-json\/wp\/v2\/media\/12362"}],"wp:attachment":[{"href":"https:\/\/www.m-q.ch\/it\/wp-json\/wp\/v2\/media?parent=12304"}],"wp:term":[{"taxonomy":"category","embeddable":true,"href":"https:\/\/www.m-q.ch\/it\/wp-json\/wp\/v2\/categories?post=12304"},{"taxonomy":"post_tag","embeddable":true,"href":"https:\/\/www.m-q.ch\/it\/wp-json\/wp\/v2\/tags?post=12304"}],"curies":[{"name":"wp","href":"https:\/\/api.w.org\/{rel}","templated":true}]}}