{"id":12368,"date":"2015-11-05T14:56:11","date_gmt":"2015-11-05T13:56:11","guid":{"rendered":"https:\/\/www.m-q.ch\/?p=12368"},"modified":"2021-02-16T15:17:41","modified_gmt":"2021-02-16T14:17:41","slug":"il-contatto-con-il-terreno-rimane-un-obbligo-inderogabile","status":"publish","type":"post","link":"https:\/\/www.m-q.ch\/it\/le-contact-avec-le-terrain-reste-une-obligation-incontournable\/","title":{"rendered":"\" Il contatto con il terreno rimane un obbligo incontournable \""},"content":{"rendered":"<p><img loading=\"lazy\" decoding=\"async\" class=\"alignnone size-full wp-image-12384\" src=\"https:\/\/www.m-q.ch\/wp-content\/uploads\/2021\/02\/Le-contact-avec-le-terrain-reste-une-obligation-incontournable-.jpg\" alt=\"&quot; Il contatto con il terreno rimane un obbligo incontournable &quot;\" width=\"867\" height=\"602\" srcset=\"https:\/\/www.m-q.ch\/wp-content\/uploads\/2021\/02\/Le-contact-avec-le-terrain-reste-une-obligation-incontournable-.jpg 867w, https:\/\/www.m-q.ch\/wp-content\/uploads\/2021\/02\/Le-contact-avec-le-terrain-reste-une-obligation-incontournable--768x533.jpg 768w, https:\/\/www.m-q.ch\/wp-content\/uploads\/2021\/02\/Le-contact-avec-le-terrain-reste-une-obligation-incontournable--16x12.jpg 16w, https:\/\/www.m-q.ch\/wp-content\/uploads\/2021\/02\/Le-contact-avec-le-terrain-reste-une-obligation-incontournable--252x175.jpg 252w, https:\/\/www.m-q.ch\/wp-content\/uploads\/2021\/02\/Le-contact-avec-le-terrain-reste-une-obligation-incontournable--504x350.jpg 504w, https:\/\/www.m-q.ch\/wp-content\/uploads\/2021\/02\/Le-contact-avec-le-terrain-reste-une-obligation-incontournable--300x208.jpg 300w\" sizes=\"auto, (max-width: 867px) 100vw, 867px\" \/><\/p>\n<p>&nbsp;<\/p>\n<p>&nbsp;<\/p>\n<p><em><strong>In quel contesto l'istituto ARIAQ lavora oggi?<\/strong> <\/em><\/p>\n<p>Attivo da oltre 25 anni nel campo della qualit\u00e0, il centro di formazione ARIAQ ha attraversato diversi cicli significativi. Il centro di formazione fa ora parte del SAQ al 100 %. Per rispondere ai progetti di certificazione delle aziende, ARIAQ ha proposto corsi di formazione per aiutare a realizzare sistemi di gestione basati sulle norme della serie ISO 9000. Oggi ARIAQ lavora pi\u00f9 sull'aspetto dell'efficienza che su quello della conformit\u00e0, e lo stesso vale per i servizi e l'amministrazione.<\/p>\n<p>&nbsp;<\/p>\n<p><em><strong>Qual \u00e8 l'aspetto pi\u00f9 singolare del vostro centro di formazione?<\/strong> <\/em><\/p>\n<p>Si tratta certamente di una questione di sopravvivenza permanente. Un istituto di formazione privato pu\u00f2 sopravvivere solo attraverso la qualit\u00e0 dei suoi servizi. Alla fine, dobbiamo mettere in pratica quello che facciamo nei nostri corsi di formazione, che alla fine non \u00e8 cos\u00ec male...<\/p>\n<p>&nbsp;<\/p>\n<p><em><strong>Desideri una partecipazione particolare che tocchi le tue attivit\u00e0 principali?<\/strong><\/em><\/p>\n<p>Le nostre attivit\u00e0 sono in gran parte concentrate nella Svizzera francese. Recentemente, siamo stati incaricati da un gruppo internazionale di fornire formazione in Svizzera e, considerando la concorrenza europea e il franco svizzero, questo \u00e8 stato un grande piacere per noi. In Svizzera, siamo particolarmente attenti alla cultura locale e al tessuto economico con cui siamo in contatto permanente. Le capacit\u00e0 tecniche e umane dei nostri formatori sono molto apprezzate. Hanno tutti pi\u00f9 di sei anni di esperienza nel campo e questo viene preso in considerazione quando si risolvono i problemi.<\/p>\n<p>&nbsp;<\/p>\n<p><em><strong>Siete presenti a Ginevra e a Yverdon-les-Bains. Che differenza fa?<\/strong> <\/em><\/p>\n<p>Ginevra \u00e8 un mercato molto dinamico che ci serve bene. La concorrenza l\u00ec \u00e8 feroce. D'altra parte, crediamo che il nostro approccio alla formazione, molto incentrato sulla performance, risponda sempre pi\u00f9 alle esigenze delle organizzazioni di Ginevra. Pensiamo anche che il nostro centro di formazione a Yverdon-les-Bains sia in una posizione centrale ideale per tutti i cantoni francofoni.<\/p>\n<p>&nbsp;<\/p>\n<p><em><strong>Come si \u00e8 evoluta ARIAQ negli ultimi anni?<\/strong> <\/em><\/p>\n<p>La taglia di ARIAQ non si \u00e8 evoluta. Nous sommes toujours une PME. Al contrario, la nostra offerta ha subito una mutazione profonda. Si rivolge in particolare a una serie di aziende che sono leader nel loro settore. Mentre la formazione rimane un'attivit\u00e0 chiave, il Consiglio si \u00e8 sviluppato in modo molto gratificante negli ultimi anni. Il nostro obiettivo \u00e8 quello di trovare un equilibrio permanente tra la formazione e la consulenza e, certamente, tra i concetti teorici e la pratica di questi concetti sul posto di lavoro. Siamo d'accordo che il contatto con il \"terreno\" rimane un obbligo incontournable per un buon formatore. Un punto che abbiamo sviluppato molto negli ultimi anni.<\/p>","protected":false},"excerpt":{"rendered":"<p>&nbsp; &nbsp; Dans quel contexte l\u2019institut ARIAQ travaille-t-il aujourd\u2019hui ? Actif depuis pr\u00e8s de 25 ans dans le domaine de la qualit\u00e9, le centre de formation ARIAQ a v\u00e9cu plusieurs cycles significatifs. Le centre de formation appartient aujourd\u2019hui \u00e0 100 % \u00e0 la SAQ. Pour r\u00e9pondre aux projets de certification des entreprises, ARIAQ a propos\u00e9 [&hellip;]<\/p>\n","protected":false},"author":62,"featured_media":12384,"comment_status":"closed","ping_status":"closed","sticky":false,"template":"","format":"standard","meta":{"_acf_changed":false,"footnotes":""},"categories":[4448],"tags":[4799],"class_list":["post-12368","post","type-post","status-publish","format-standard","has-post-thumbnail","hentry","category-allgemein","tag-11-2015"],"acf":[],"yoast_head":"<!-- This site is optimized with the Yoast SEO plugin v26.2 - https:\/\/yoast.com\/wordpress\/plugins\/seo\/ -->\n<title>\u00ab Le contact avec le terrain reste une obligation incontournable \u00bb - MQ Management und Qualit\u00e4t<\/title>\n<meta name=\"description\" content=\"\u00ab Management &amp; Qualit\u00e4t \u00bb apporte son soutien actifau sujet \u00ab 50 Jahre SAQ \u00bb. Plusieurs articles et interviewstraitent des aspects et exigences pour soutenir la\u00ab qualit\u00e9 \u00bb en Suisse. Ci-joint vous trouverez de plusamples \u00e9clairages de Rapha\u00ebl Granges, Directeurd\u2019ARIAQ, et membre du comit\u00e9 central SAQ.\" \/>\n<meta name=\"robots\" content=\"index, follow, max-snippet:-1, max-image-preview:large, max-video-preview:-1\" \/>\n<link rel=\"canonical\" href=\"https:\/\/www.m-q.ch\/it\/il-contatto-con-il-terreno-rimane-un-obbligo-inderogabile\/\" \/>\n<meta property=\"og:locale\" content=\"it_IT\" \/>\n<meta property=\"og:type\" content=\"article\" \/>\n<meta property=\"og:title\" content=\"\u00ab Le contact avec le terrain reste une obligation incontournable \u00bb - MQ Management und Qualit\u00e4t\" \/>\n<meta property=\"og:description\" content=\"\u00ab Management &amp; Qualit\u00e4t \u00bb apporte son soutien actifau sujet \u00ab 50 Jahre SAQ \u00bb. Plusieurs articles et interviewstraitent des aspects et exigences pour soutenir la\u00ab qualit\u00e9 \u00bb en Suisse. Ci-joint vous trouverez de plusamples \u00e9clairages de Rapha\u00ebl Granges, Directeurd\u2019ARIAQ, et membre du comit\u00e9 central SAQ.\" \/>\n<meta property=\"og:url\" content=\"https:\/\/www.m-q.ch\/it\/il-contatto-con-il-terreno-rimane-un-obbligo-inderogabile\/\" \/>\n<meta property=\"og:site_name\" content=\"MQ Management und Qualit\u00e4t\" \/>\n<meta property=\"article:publisher\" content=\"https:\/\/www.facebook.com\/ManagementUndQualitaet\" \/>\n<meta property=\"article:published_time\" content=\"2015-11-05T13:56:11+00:00\" \/>\n<meta property=\"article:modified_time\" content=\"2021-02-16T14:17:41+00:00\" \/>\n<meta property=\"og:image\" content=\"https:\/\/www.m-q.ch\/wp-content\/uploads\/2021\/02\/Le-contact-avec-le-terrain-reste-une-obligation-incontournable-.jpg\" \/>\n\t<meta property=\"og:image:width\" content=\"867\" \/>\n\t<meta property=\"og:image:height\" content=\"602\" \/>\n\t<meta property=\"og:image:type\" content=\"image\/jpeg\" \/>\n<meta name=\"author\" content=\"upwork_2\" \/>\n<meta name=\"twitter:card\" content=\"summary_large_image\" \/>\n<meta name=\"twitter:label1\" content=\"Scritto da\" \/>\n\t<meta name=\"twitter:data1\" content=\"upwork_2\" \/>\n\t<meta name=\"twitter:label2\" content=\"Tempo di lettura stimato\" \/>\n\t<meta name=\"twitter:data2\" content=\"3 minuti\" \/>\n<script type=\"application\/ld+json\" class=\"yoast-schema-graph\">{\"@context\":\"https:\/\/schema.org\",\"@graph\":[{\"@type\":\"Article\",\"@id\":\"https:\/\/www.m-q.ch\/le-contact-avec-le-terrain-reste-une-obligation-incontournable\/#article\",\"isPartOf\":{\"@id\":\"https:\/\/www.m-q.ch\/le-contact-avec-le-terrain-reste-une-obligation-incontournable\/\"},\"author\":{\"name\":\"upwork_2\",\"@id\":\"https:\/\/www.m-q.ch\/fr\/#\/schema\/person\/71f647a41e4a3e361e6230f5134f3ba9\"},\"headline\":\"\u00ab Le contact avec le terrain reste une obligation incontournable \u00bb\",\"datePublished\":\"2015-11-05T13:56:11+00:00\",\"dateModified\":\"2021-02-16T14:17:41+00:00\",\"mainEntityOfPage\":{\"@id\":\"https:\/\/www.m-q.ch\/le-contact-avec-le-terrain-reste-une-obligation-incontournable\/\"},\"wordCount\":515,\"publisher\":{\"@id\":\"https:\/\/www.m-q.ch\/fr\/#organization\"},\"image\":{\"@id\":\"https:\/\/www.m-q.ch\/le-contact-avec-le-terrain-reste-une-obligation-incontournable\/#primaryimage\"},\"thumbnailUrl\":\"https:\/\/www.m-q.ch\/wp-content\/uploads\/2021\/02\/Le-contact-avec-le-terrain-reste-une-obligation-incontournable-.jpg\",\"keywords\":[\"11\/2015\"],\"articleSection\":[\"Allgemein\"],\"inLanguage\":\"it-IT\"},{\"@type\":\"WebPage\",\"@id\":\"https:\/\/www.m-q.ch\/le-contact-avec-le-terrain-reste-une-obligation-incontournable\/\",\"url\":\"https:\/\/www.m-q.ch\/le-contact-avec-le-terrain-reste-une-obligation-incontournable\/\",\"name\":\"\u00ab Le contact avec le terrain reste une obligation incontournable \u00bb - MQ Management und Qualit\u00e4t\",\"isPartOf\":{\"@id\":\"https:\/\/www.m-q.ch\/fr\/#website\"},\"primaryImageOfPage\":{\"@id\":\"https:\/\/www.m-q.ch\/le-contact-avec-le-terrain-reste-une-obligation-incontournable\/#primaryimage\"},\"image\":{\"@id\":\"https:\/\/www.m-q.ch\/le-contact-avec-le-terrain-reste-une-obligation-incontournable\/#primaryimage\"},\"thumbnailUrl\":\"https:\/\/www.m-q.ch\/wp-content\/uploads\/2021\/02\/Le-contact-avec-le-terrain-reste-une-obligation-incontournable-.jpg\",\"datePublished\":\"2015-11-05T13:56:11+00:00\",\"dateModified\":\"2021-02-16T14:17:41+00:00\",\"description\":\"\u00ab Management & Qualit\u00e4t \u00bb apporte son soutien actifau sujet \u00ab 50 Jahre SAQ \u00bb. Plusieurs articles et interviewstraitent des aspects et exigences pour soutenir la\u00ab qualit\u00e9 \u00bb en Suisse. Ci-joint vous trouverez de plusamples \u00e9clairages de Rapha\u00ebl Granges, Directeurd\u2019ARIAQ, et membre du comit\u00e9 central SAQ.\",\"breadcrumb\":{\"@id\":\"https:\/\/www.m-q.ch\/le-contact-avec-le-terrain-reste-une-obligation-incontournable\/#breadcrumb\"},\"inLanguage\":\"it-IT\",\"potentialAction\":[{\"@type\":\"ReadAction\",\"target\":[\"https:\/\/www.m-q.ch\/le-contact-avec-le-terrain-reste-une-obligation-incontournable\/\"]}]},{\"@type\":\"ImageObject\",\"inLanguage\":\"it-IT\",\"@id\":\"https:\/\/www.m-q.ch\/le-contact-avec-le-terrain-reste-une-obligation-incontournable\/#primaryimage\",\"url\":\"https:\/\/www.m-q.ch\/wp-content\/uploads\/2021\/02\/Le-contact-avec-le-terrain-reste-une-obligation-incontournable-.jpg\",\"contentUrl\":\"https:\/\/www.m-q.ch\/wp-content\/uploads\/2021\/02\/Le-contact-avec-le-terrain-reste-une-obligation-incontournable-.jpg\",\"width\":867,\"height\":602,\"caption\":\"\u00ab Le contact avec le terrain reste une obligation incontournable \u00bb\"},{\"@type\":\"BreadcrumbList\",\"@id\":\"https:\/\/www.m-q.ch\/le-contact-avec-le-terrain-reste-une-obligation-incontournable\/#breadcrumb\",\"itemListElement\":[{\"@type\":\"ListItem\",\"position\":1,\"name\":\"Allgemein\",\"item\":\"https:\/\/www.m-q.ch\/kategorie\/allgemein\/\"},{\"@type\":\"ListItem\",\"position\":2,\"name\":\"\u00ab Le contact avec le terrain reste une obligation incontournable \u00bb\"}]},{\"@type\":\"WebSite\",\"@id\":\"https:\/\/www.m-q.ch\/fr\/#website\",\"url\":\"https:\/\/www.m-q.ch\/fr\/\",\"name\":\"MQ Management und Qualit\u00e4t\",\"description\":\"Plattform f\u00fcr integrierte Managementsysteme.\",\"publisher\":{\"@id\":\"https:\/\/www.m-q.ch\/fr\/#organization\"},\"potentialAction\":[{\"@type\":\"SearchAction\",\"target\":{\"@type\":\"EntryPoint\",\"urlTemplate\":\"https:\/\/www.m-q.ch\/fr\/?s={search_term_string}\"},\"query-input\":{\"@type\":\"PropertyValueSpecification\",\"valueRequired\":true,\"valueName\":\"search_term_string\"}}],\"inLanguage\":\"it-IT\"},{\"@type\":\"Organization\",\"@id\":\"https:\/\/www.m-q.ch\/fr\/#organization\",\"name\":\"Galledia Fachmedien AG\",\"url\":\"https:\/\/www.m-q.ch\/fr\/\",\"logo\":{\"@type\":\"ImageObject\",\"inLanguage\":\"it-IT\",\"@id\":\"https:\/\/www.m-q.ch\/fr\/#\/schema\/logo\/image\/\",\"url\":\"https:\/\/www.m-q.ch\/wp-content\/uploads\/2020\/12\/cropped-logo_small.png\",\"contentUrl\":\"https:\/\/www.m-q.ch\/wp-content\/uploads\/2020\/12\/cropped-logo_small.png\",\"width\":512,\"height\":512,\"caption\":\"Galledia Fachmedien AG\"},\"image\":{\"@id\":\"https:\/\/www.m-q.ch\/fr\/#\/schema\/logo\/image\/\"},\"sameAs\":[\"https:\/\/www.facebook.com\/ManagementUndQualitaet\",\"https:\/\/www.linkedin.com\/showcase\/17982321\/admin\/\"]},{\"@type\":\"Person\",\"@id\":\"https:\/\/www.m-q.ch\/fr\/#\/schema\/person\/71f647a41e4a3e361e6230f5134f3ba9\",\"name\":\"upwork_2\",\"image\":{\"@type\":\"ImageObject\",\"inLanguage\":\"it-IT\",\"@id\":\"https:\/\/www.m-q.ch\/fr\/#\/schema\/person\/image\/\",\"url\":\"https:\/\/secure.gravatar.com\/avatar\/777b90ab56092bbf3c85feacda5c1bce?s=96&d=mm&r=g\",\"contentUrl\":\"https:\/\/secure.gravatar.com\/avatar\/777b90ab56092bbf3c85feacda5c1bce?s=96&d=mm&r=g\",\"caption\":\"upwork_2\"},\"url\":\"https:\/\/www.m-q.ch\/it\/author\/upwork_2\/\"}]}<\/script>\n<!-- \/ Yoast SEO plugin. -->","yoast_head_json":{"title":"\"Il contatto con il terreno rimane un obbligo incontournable\" - MQ Management und Qualit\u00e4t","description":"\"Management &amp; Quality\" apporta il suo sostegno al progetto \"50 Jahre SAQ\". Pi\u00f9 articoli e interviste descrivono aspetti ed esigenze per sostenere la \"qualit\u00e0\" in Svizzera. Ci-joint vous trouverez de plusamples \u00e9clairages de Rapha\u00ebl Granges, Directeurd'ARIAQ, et membre du comit\u00e9 central SAQ.","robots":{"index":"index","follow":"follow","max-snippet":"max-snippet:-1","max-image-preview":"max-image-preview:large","max-video-preview":"max-video-preview:-1"},"canonical":"https:\/\/www.m-q.ch\/it\/il-contatto-con-il-terreno-rimane-un-obbligo-inderogabile\/","og_locale":"it_IT","og_type":"article","og_title":"\u00ab Le contact avec le terrain reste une obligation incontournable \u00bb - MQ Management und Qualit\u00e4t","og_description":"\u00ab Management & Qualit\u00e4t \u00bb apporte son soutien actifau sujet \u00ab 50 Jahre SAQ \u00bb. Plusieurs articles et interviewstraitent des aspects et exigences pour soutenir la\u00ab qualit\u00e9 \u00bb en Suisse. Ci-joint vous trouverez de plusamples \u00e9clairages de Rapha\u00ebl Granges, Directeurd\u2019ARIAQ, et membre du comit\u00e9 central SAQ.","og_url":"https:\/\/www.m-q.ch\/it\/il-contatto-con-il-terreno-rimane-un-obbligo-inderogabile\/","og_site_name":"MQ Management und Qualit\u00e4t","article_publisher":"https:\/\/www.facebook.com\/ManagementUndQualitaet","article_published_time":"2015-11-05T13:56:11+00:00","article_modified_time":"2021-02-16T14:17:41+00:00","og_image":[{"width":867,"height":602,"url":"https:\/\/www.m-q.ch\/wp-content\/uploads\/2021\/02\/Le-contact-avec-le-terrain-reste-une-obligation-incontournable-.jpg","type":"image\/jpeg"}],"author":"upwork_2","twitter_card":"summary_large_image","twitter_misc":{"Scritto da":"upwork_2","Tempo di lettura stimato":"3 minuti"},"schema":{"@context":"https:\/\/schema.org","@graph":[{"@type":"Article","@id":"https:\/\/www.m-q.ch\/le-contact-avec-le-terrain-reste-une-obligation-incontournable\/#article","isPartOf":{"@id":"https:\/\/www.m-q.ch\/le-contact-avec-le-terrain-reste-une-obligation-incontournable\/"},"author":{"name":"upwork_2","@id":"https:\/\/www.m-q.ch\/fr\/#\/schema\/person\/71f647a41e4a3e361e6230f5134f3ba9"},"headline":"\u00ab Le contact avec le terrain reste une obligation incontournable \u00bb","datePublished":"2015-11-05T13:56:11+00:00","dateModified":"2021-02-16T14:17:41+00:00","mainEntityOfPage":{"@id":"https:\/\/www.m-q.ch\/le-contact-avec-le-terrain-reste-une-obligation-incontournable\/"},"wordCount":515,"publisher":{"@id":"https:\/\/www.m-q.ch\/fr\/#organization"},"image":{"@id":"https:\/\/www.m-q.ch\/le-contact-avec-le-terrain-reste-une-obligation-incontournable\/#primaryimage"},"thumbnailUrl":"https:\/\/www.m-q.ch\/wp-content\/uploads\/2021\/02\/Le-contact-avec-le-terrain-reste-une-obligation-incontournable-.jpg","keywords":["11\/2015"],"articleSection":["Allgemein"],"inLanguage":"it-IT"},{"@type":"WebPage","@id":"https:\/\/www.m-q.ch\/le-contact-avec-le-terrain-reste-une-obligation-incontournable\/","url":"https:\/\/www.m-q.ch\/le-contact-avec-le-terrain-reste-une-obligation-incontournable\/","name":"\"Il contatto con il terreno rimane un obbligo incontournable\" - MQ Management und Qualit\u00e4t","isPartOf":{"@id":"https:\/\/www.m-q.ch\/fr\/#website"},"primaryImageOfPage":{"@id":"https:\/\/www.m-q.ch\/le-contact-avec-le-terrain-reste-une-obligation-incontournable\/#primaryimage"},"image":{"@id":"https:\/\/www.m-q.ch\/le-contact-avec-le-terrain-reste-une-obligation-incontournable\/#primaryimage"},"thumbnailUrl":"https:\/\/www.m-q.ch\/wp-content\/uploads\/2021\/02\/Le-contact-avec-le-terrain-reste-une-obligation-incontournable-.jpg","datePublished":"2015-11-05T13:56:11+00:00","dateModified":"2021-02-16T14:17:41+00:00","description":"\"Management &amp; Quality\" apporta il suo sostegno al progetto \"50 Jahre SAQ\". Pi\u00f9 articoli e interviste descrivono aspetti ed esigenze per sostenere la \"qualit\u00e0\" in Svizzera. Ci-joint vous trouverez de plusamples \u00e9clairages de Rapha\u00ebl Granges, Directeurd'ARIAQ, et membre du comit\u00e9 central SAQ.","breadcrumb":{"@id":"https:\/\/www.m-q.ch\/le-contact-avec-le-terrain-reste-une-obligation-incontournable\/#breadcrumb"},"inLanguage":"it-IT","potentialAction":[{"@type":"ReadAction","target":["https:\/\/www.m-q.ch\/le-contact-avec-le-terrain-reste-une-obligation-incontournable\/"]}]},{"@type":"ImageObject","inLanguage":"it-IT","@id":"https:\/\/www.m-q.ch\/le-contact-avec-le-terrain-reste-une-obligation-incontournable\/#primaryimage","url":"https:\/\/www.m-q.ch\/wp-content\/uploads\/2021\/02\/Le-contact-avec-le-terrain-reste-une-obligation-incontournable-.jpg","contentUrl":"https:\/\/www.m-q.ch\/wp-content\/uploads\/2021\/02\/Le-contact-avec-le-terrain-reste-une-obligation-incontournable-.jpg","width":867,"height":602,"caption":"\u00ab Le contact avec le terrain reste une obligation incontournable \u00bb"},{"@type":"BreadcrumbList","@id":"https:\/\/www.m-q.ch\/le-contact-avec-le-terrain-reste-une-obligation-incontournable\/#breadcrumb","itemListElement":[{"@type":"ListItem","position":1,"name":"Allgemein","item":"https:\/\/www.m-q.ch\/kategorie\/allgemein\/"},{"@type":"ListItem","position":2,"name":"\u00ab Le contact avec le terrain reste une obligation incontournable \u00bb"}]},{"@type":"WebSite","@id":"https:\/\/www.m-q.ch\/fr\/#website","url":"https:\/\/www.m-q.ch\/fr\/","name":"Gestione e qualit\u00e0 MQ","description":"Piattaforma per sistemi di gestione integrati.","publisher":{"@id":"https:\/\/www.m-q.ch\/fr\/#organization"},"potentialAction":[{"@type":"SearchAction","target":{"@type":"EntryPoint","urlTemplate":"https:\/\/www.m-q.ch\/fr\/?s={search_term_string}"},"query-input":{"@type":"PropertyValueSpecification","valueRequired":true,"valueName":"search_term_string"}}],"inLanguage":"it-IT"},{"@type":"Organization","@id":"https:\/\/www.m-q.ch\/fr\/#organization","name":"Galledia Fachmedien AG","url":"https:\/\/www.m-q.ch\/fr\/","logo":{"@type":"ImageObject","inLanguage":"it-IT","@id":"https:\/\/www.m-q.ch\/fr\/#\/schema\/logo\/image\/","url":"https:\/\/www.m-q.ch\/wp-content\/uploads\/2020\/12\/cropped-logo_small.png","contentUrl":"https:\/\/www.m-q.ch\/wp-content\/uploads\/2020\/12\/cropped-logo_small.png","width":512,"height":512,"caption":"Galledia Fachmedien AG"},"image":{"@id":"https:\/\/www.m-q.ch\/fr\/#\/schema\/logo\/image\/"},"sameAs":["https:\/\/www.facebook.com\/ManagementUndQualitaet","https:\/\/www.linkedin.com\/showcase\/17982321\/admin\/"]},{"@type":"Person","@id":"https:\/\/www.m-q.ch\/fr\/#\/schema\/person\/71f647a41e4a3e361e6230f5134f3ba9","name":"upwork_2","image":{"@type":"ImageObject","inLanguage":"it-IT","@id":"https:\/\/www.m-q.ch\/fr\/#\/schema\/person\/image\/","url":"https:\/\/secure.gravatar.com\/avatar\/777b90ab56092bbf3c85feacda5c1bce?s=96&d=mm&r=g","contentUrl":"https:\/\/secure.gravatar.com\/avatar\/777b90ab56092bbf3c85feacda5c1bce?s=96&d=mm&r=g","caption":"upwork_2"},"url":"https:\/\/www.m-q.ch\/it\/author\/upwork_2\/"}]}},"_links":{"self":[{"href":"https:\/\/www.m-q.ch\/it\/wp-json\/wp\/v2\/posts\/12368","targetHints":{"allow":["GET"]}}],"collection":[{"href":"https:\/\/www.m-q.ch\/it\/wp-json\/wp\/v2\/posts"}],"about":[{"href":"https:\/\/www.m-q.ch\/it\/wp-json\/wp\/v2\/types\/post"}],"author":[{"embeddable":true,"href":"https:\/\/www.m-q.ch\/it\/wp-json\/wp\/v2\/users\/62"}],"replies":[{"embeddable":true,"href":"https:\/\/www.m-q.ch\/it\/wp-json\/wp\/v2\/comments?post=12368"}],"version-history":[{"count":1,"href":"https:\/\/www.m-q.ch\/it\/wp-json\/wp\/v2\/posts\/12368\/revisions"}],"predecessor-version":[{"id":12386,"href":"https:\/\/www.m-q.ch\/it\/wp-json\/wp\/v2\/posts\/12368\/revisions\/12386"}],"wp:featuredmedia":[{"embeddable":true,"href":"https:\/\/www.m-q.ch\/it\/wp-json\/wp\/v2\/media\/12384"}],"wp:attachment":[{"href":"https:\/\/www.m-q.ch\/it\/wp-json\/wp\/v2\/media?parent=12368"}],"wp:term":[{"taxonomy":"category","embeddable":true,"href":"https:\/\/www.m-q.ch\/it\/wp-json\/wp\/v2\/categories?post=12368"},{"taxonomy":"post_tag","embeddable":true,"href":"https:\/\/www.m-q.ch\/it\/wp-json\/wp\/v2\/tags?post=12368"}],"curies":[{"name":"wp","href":"https:\/\/api.w.org\/{rel}","templated":true}]}}