{"id":12403,"date":"2015-11-17T15:35:43","date_gmt":"2015-11-17T14:35:43","guid":{"rendered":"https:\/\/www.m-q.ch\/?p=12403"},"modified":"2021-02-16T15:48:06","modified_gmt":"2021-02-16T14:48:06","slug":"visione-della-gestione-nella-zona-di-incertezza","status":"publish","type":"post","link":"https:\/\/www.m-q.ch\/it\/einblick-in-das-management-in-der-unsicherheitszone\/","title":{"rendered":"Approfondimento sulla gestione nella \"zona di incertezza\"."},"content":{"rendered":"<p><img loading=\"lazy\" decoding=\"async\" class=\"alignnone size-full wp-image-12410\" src=\"https:\/\/www.m-q.ch\/wp-content\/uploads\/2021\/02\/Einblick-in-das-Management-in-der-Unsicherheitszone.jpg\" alt=\"Approfondimento sulla gestione nella &quot;zona di incertezza&quot;.\" width=\"853\" height=\"600\" srcset=\"https:\/\/www.m-q.ch\/wp-content\/uploads\/2021\/02\/Einblick-in-das-Management-in-der-Unsicherheitszone.jpg 853w, https:\/\/www.m-q.ch\/wp-content\/uploads\/2021\/02\/Einblick-in-das-Management-in-der-Unsicherheitszone-768x540.jpg 768w, https:\/\/www.m-q.ch\/wp-content\/uploads\/2021\/02\/Einblick-in-das-Management-in-der-Unsicherheitszone-16x12.jpg 16w, https:\/\/www.m-q.ch\/wp-content\/uploads\/2021\/02\/Einblick-in-das-Management-in-der-Unsicherheitszone-249x175.jpg 249w, https:\/\/www.m-q.ch\/wp-content\/uploads\/2021\/02\/Einblick-in-das-Management-in-der-Unsicherheitszone-498x350.jpg 498w, https:\/\/www.m-q.ch\/wp-content\/uploads\/2021\/02\/Einblick-in-das-Management-in-der-Unsicherheitszone-300x211.jpg 300w\" sizes=\"auto, (max-width: 853px) 100vw, 853px\" \/><\/p>\n<p>&nbsp;<\/p>\n<p>&nbsp;<\/p>\n<p>Una media di 6,5 giorni all'anno - questo \u00e8 il tempo che i dipendenti in Svizzera perdono dal lavoro per malattia o incidente. Secondo una proiezione della Segreteria di Stato dell'economia (SECO), i problemi di salute legati al lavoro colpiscono 1,1 milioni di lavoratori in Svizzera. Il Job Stress Index di Promozione Salute Svizzera mostra un mismatch tra risorse e fattori di lavoro stressanti in quasi il 25% della popolazione lavorativa - un mismatch che \u00e8 stato dimostrato aumentare il rischio di danni psicosociali come lo stress o il burnout. Secondo la SECO, i problemi di salute sul posto di lavoro costano pi\u00f9 di 20 miliardi di franchi all'anno. I dirigenti delle aziende svizzere non possono ignorare queste cifre. Ma come si affronta esattamente la sfida della \"gestione della salute\", non da ultimo se si vuole ridurre lo stress mentale dei dipendenti in particolare?<\/p>\n<p><strong>Gestione della salute = una questione per il capo?<\/strong><\/p>\n<p>&nbsp;<\/p>\n<p>L'Universit\u00e0 di Scienze Applicate e Arti di Lucerna, in collaborazione con la Societ\u00e0 Svizzera per l'Organizzazione e la Gestione, ha condotto uno studio di interviste approfondite a 29 dirigenti di alto livello a questo proposito. Lo studio \"La gestione della salute sul lavoro \u00e8 una questione che riguarda il capo! (www.hslu.ch\/bgmchefsache) mostra come questo compito di gestione viene affrontato nelle aziende svizzere, nelle organizzazioni non profit e in quelle amministrative. Le risposte degli intervistati erano molto diverse. Ciononostante, sono emersi dei punti in comune:<\/p>\n<p>&nbsp;<\/p>\n<p>Per gli intervistati, gestione della salute significa \"gestione nella zona di incertezza\". Questo descrive l'area di azione in cui tutti i manager - indipendentemente dal loro settore o stile di gestione - si considerano in gran parte da soli.<\/p>\n<p>&nbsp;<\/p>\n<p>Gestire la salute significa anche attraversare le frontiere, per le quali, tuttavia, gli intervistati hanno ancora poca competenza e know-how: Nella maggior parte dei casi, la salute \u00e8 vista come una \"questione\" a cui la gestione formale non pu\u00f2 dedicarsi, o solo in misura molto limitata. L'incertezza che ne deriva sull'azione e sul processo decisionale rafforza la resistenza e le riserve sulle misure sanitarie sistematiche.<\/p>\n<p>&nbsp;<\/p>\n<p>Come mostrato nel grafico della pagina seguente, la salute dei dipendenti non \u00e8 un problema nella percezione degli intervistati se la salute \u00e8 chiaramente data o la malattia \u00e8 chiaramente rilevabile. Idealmente, i dipendenti sono o sani e datore di lavoro e dipendente si incontrano in un contratto di prestazione formalmente definito: la remunerazione \u00e8 pagata per il lavoro svolto. Oppure la malattia del dipendente \u00e8 evidente, per esempio perch\u00e9 il braccio \u00e8 rotto o \u00e8 disponibile un parere professionale (per esempio il certificato del medico). In queste situazioni, la perdita delle prestazioni e i costi di follow-up vengono affrontati attraverso processi istituzionalizzati (per esempio uffici AI o case management).<\/p>\n<p>&nbsp;<\/p>\n<p>Il tema della salute diventa un problema solo quando n\u00e9 la salute n\u00e9 la malattia possono essere chiaramente determinate. Tra i due poli del \"sano\" e del \"malato\", sorge la \"zona d'incertezza\" della gestione della salute, in cui gli intervistati non hanno quasi nessun orientamento per l'azione.<\/p>\n<p><strong>I tre aspetti della \"zona di incertezza<\/strong><\/p>\n<p>&nbsp;<\/p>\n<p>In termini di contenuto, la \"zona di incertezza\" consiste in tre aspetti: la gestione dell'intimit\u00e0 nella relazione di gestione, la delimitazione della privacy e del lavoro, e il conflitto tra la salute dei dipendenti e la performance economica.<\/p>\n<p>&nbsp;<\/p>\n<p><em><strong>1. l'intimit\u00e0 nella relazione di leadership:<\/strong> <\/em><\/p>\n<p>Secondo gli intervistati, l'intimit\u00e0 si riferisce allo stato di vicinanza e familiarit\u00e0 che \u00e8 di centrale importanza per la gestione dei dipendenti in certe situazioni e situazioni problematiche. Per esempio, pu\u00f2 essere importante per un manager essere abbastanza vicino ai dipendenti per scoprire se, oltre al carico di lavoro, ci sono anche stress personali a casa che potrebbero influenzare la loro salute e le prestazioni. Questo richiede una forma di vicinanza e di fiducia reciproca, che deve essere plasmata con cura e attenzione quando si trattano questioni di salute. Creare una tale intimit\u00e0 \u00e8 di solito poco familiare ai manager intervistati e quindi una grande sfida. Questo \u00e8 particolarmente vero quando si tratta di disturbi psicologici.<\/p>\n<p>&nbsp;<\/p>\n<p><em><strong>2. privacy e lavoro:<\/strong> <\/em><\/p>\n<p>\"Privacy\" si riferisce a un aspetto personale della zona di insicurezza: la salute \u00e8 considerata privata sul posto di lavoro, e affrontarla \u00e8 spesso intesa come un'intrusione nella privacy dei dipendenti. Mentre la maggior parte dei manager trova relativamente facile affrontare un ovvio problema di alcolismo di un subordinato, questo diventa pi\u00f9 difficile nel caso di comportamenti come il fumo eccessivo, un insolito aumento o perdita di peso o segni di esaurimento. I manager hanno quindi bisogno di molto tatto. Se la conversazione non viene cercata per paura di un'invasione della privacy, c'\u00e8 il pericolo che, per esempio, il sovraccarico dei dipendenti venga riconosciuto solo quando c'\u00e8 gi\u00e0 una perdita di ore di lavoro e i costi corrispondenti sono sostenuti.<\/p>\n<p>&nbsp;<\/p>\n<p><em><strong>3. accettare i conflitti di valori:<\/strong> <\/em><\/p>\n<p>Infine, la \"zona di incertezza\" \u00e8 caratterizzata da conflitti di valori. Al centro di questo conflitto c'\u00e8 la fornitura economica dei servizi da un lato e la salute dei dipendenti dall'altro. Dal punto di vista degli intervistati, al tema della salute viene spesso ancora attribuita una connotazione quasi religiosa o dogmatica, dalla quale devono consapevolmente prendere le distanze per non essere percepiti come \"apostoli della salute\". In questo contesto, la gestione della salute diventa anche una questione di politica aziendale che deve essere attentamente affrontata tra i vari gruppi di interesse (ad esempio, dipendenti, membri della direzione, risorse umane, ecc.)<\/p>\n<p><strong>Autoresponsabilit\u00e0 qualificata<\/strong><\/p>\n<p>&nbsp;<\/p>\n<p>Nel corso degli aspetti della \"zona di insicurezza\" sopra descritti, \u00e8 necessario trovare un modo per riprendere temi intimi e privati e renderli affrontabili. I manager possono imparare questo nei corsi di leadership, per esempio. Allo stesso tempo, \u00e8 essenziale che non solo i dirigenti ma anche i dipendenti si assumano la responsabilit\u00e0 della salute in azienda: Nel contesto dello sviluppo della squadra e della cultura, tutti possono discutere e definire insieme i valori comuni. Questo porta a una maggiore assunzione di responsabilit\u00e0 per la salute da parte dei dipendenti. Allo stesso tempo, questo significa anche un cambiamento nel ruolo di leadership. Questo si concentra maggiormente sulla mediazione tra le diverse prospettive, sulle opportunit\u00e0 di sviluppo sostenibile per i singoli dipendenti e sulla creazione di spazi di scambio (ad es. circoli di qualit\u00e0 o riunioni settimanali del team), che promuovono un'autoresponsabilit\u00e0 qualificata da parte dei dipendenti.<\/p>\n<p>&nbsp;<\/p>\n<p>Oggi e in futuro, il lavoro non si svolge pi\u00f9 solo nel luogo di lavoro tradizionale, ma si sta spostando nelle varie sfere della vita delle persone. La gestione della salute rimarr\u00e0 probabilmente un importante campo d'azione in questo sviluppo.<\/p>\n<p>&nbsp;<\/p>\n<p>&nbsp;<\/p>\n<p>&nbsp;<\/p>\n<p>&nbsp;<\/p>\n<p>&nbsp;<\/p>\n<p>&nbsp;<\/p>\n<p>&nbsp;<\/p>","protected":false},"excerpt":{"rendered":"<p>&nbsp; &nbsp; Durchschnittlich 6,5 Tage pro Jahr \u2013 so lange fehlen Mitarbeitende in der Schweiz wegen Krankheit oder Unfall an der Arbeit. Arbeitsbedingte Gesundheitsprobleme betreffen laut einer Hochrechnung des Staatssekretariats f\u00fcr Wirtschaft (SECO) in der Schweiz 1,1 Millionen Arbeitnehmende. Der Job- Stress-Index der Gesundheitsf\u00f6rderung Schweiz zeigt bei knapp 25 Prozent der Erwerbsbev\u00f6lkerung ein Missverh\u00e4ltnis zwischen [&hellip;]<\/p>\n","protected":false},"author":62,"featured_media":12410,"comment_status":"closed","ping_status":"closed","sticky":false,"template":"","format":"standard","meta":{"_acf_changed":false,"footnotes":""},"categories":[4],"tags":[4799],"class_list":["post-12403","post","type-post","status-publish","format-standard","has-post-thumbnail","hentry","category-risikomanagement","tag-11-2015"],"acf":[],"yoast_head":"<!-- This site is optimized with the Yoast SEO plugin v26.2 - https:\/\/yoast.com\/wordpress\/plugins\/seo\/ -->\n<title>Einblick in das Management in der \u00abUnsicherheitszone\u00bb - MQ Management und Qualit\u00e4t<\/title>\n<meta name=\"description\" content=\"Viele F\u00fchrungskr\u00e4fte weisen fehlende Sicherheit inSachen Gesundheitsmanagement auf; bez\u00fcglich derrelevanten Gesundheitsthemen besteht einegrosse Unsicherheit. Die Hochschule Luzern hat ineinem Forschungsprojekt F\u00fchrungskr\u00e4fte zu dieser\u00abUnsicherheitszone\u00bb befragt und zeigt Wege auf,wie damit umgegangen werden kann.\" \/>\n<meta name=\"robots\" content=\"index, follow, max-snippet:-1, max-image-preview:large, max-video-preview:-1\" \/>\n<link rel=\"canonical\" href=\"https:\/\/www.m-q.ch\/it\/visione-della-gestione-nella-zona-di-incertezza\/\" \/>\n<meta property=\"og:locale\" content=\"it_IT\" \/>\n<meta property=\"og:type\" content=\"article\" \/>\n<meta property=\"og:title\" content=\"Einblick in das Management in der \u00abUnsicherheitszone\u00bb - MQ Management und Qualit\u00e4t\" \/>\n<meta property=\"og:description\" content=\"Viele F\u00fchrungskr\u00e4fte weisen fehlende Sicherheit inSachen Gesundheitsmanagement auf; bez\u00fcglich derrelevanten Gesundheitsthemen besteht einegrosse Unsicherheit. Die Hochschule Luzern hat ineinem Forschungsprojekt F\u00fchrungskr\u00e4fte zu dieser\u00abUnsicherheitszone\u00bb befragt und zeigt Wege auf,wie damit umgegangen werden kann.\" \/>\n<meta property=\"og:url\" content=\"https:\/\/www.m-q.ch\/it\/visione-della-gestione-nella-zona-di-incertezza\/\" \/>\n<meta property=\"og:site_name\" content=\"MQ Management und Qualit\u00e4t\" \/>\n<meta property=\"article:publisher\" content=\"https:\/\/www.facebook.com\/ManagementUndQualitaet\" \/>\n<meta property=\"article:published_time\" content=\"2015-11-17T14:35:43+00:00\" \/>\n<meta property=\"article:modified_time\" content=\"2021-02-16T14:48:06+00:00\" \/>\n<meta property=\"og:image\" content=\"https:\/\/www.m-q.ch\/wp-content\/uploads\/2021\/02\/Einblick-in-das-Management-in-der-Unsicherheitszone.jpg\" \/>\n\t<meta property=\"og:image:width\" content=\"853\" \/>\n\t<meta property=\"og:image:height\" content=\"600\" \/>\n\t<meta property=\"og:image:type\" content=\"image\/jpeg\" \/>\n<meta name=\"author\" content=\"upwork_2\" \/>\n<meta name=\"twitter:card\" content=\"summary_large_image\" \/>\n<meta name=\"twitter:label1\" content=\"Scritto da\" \/>\n\t<meta name=\"twitter:data1\" content=\"upwork_2\" \/>\n\t<meta name=\"twitter:label2\" content=\"Tempo di lettura stimato\" \/>\n\t<meta name=\"twitter:data2\" content=\"5 minuti\" \/>\n<script type=\"application\/ld+json\" class=\"yoast-schema-graph\">{\"@context\":\"https:\/\/schema.org\",\"@graph\":[{\"@type\":\"Article\",\"@id\":\"https:\/\/www.m-q.ch\/einblick-in-das-management-in-der-unsicherheitszone\/#article\",\"isPartOf\":{\"@id\":\"https:\/\/www.m-q.ch\/einblick-in-das-management-in-der-unsicherheitszone\/\"},\"author\":{\"name\":\"upwork_2\",\"@id\":\"https:\/\/www.m-q.ch\/fr\/#\/schema\/person\/71f647a41e4a3e361e6230f5134f3ba9\"},\"headline\":\"Einblick in das Management in der \u00abUnsicherheitszone\u00bb\",\"datePublished\":\"2015-11-17T14:35:43+00:00\",\"dateModified\":\"2021-02-16T14:48:06+00:00\",\"mainEntityOfPage\":{\"@id\":\"https:\/\/www.m-q.ch\/einblick-in-das-management-in-der-unsicherheitszone\/\"},\"wordCount\":992,\"publisher\":{\"@id\":\"https:\/\/www.m-q.ch\/fr\/#organization\"},\"image\":{\"@id\":\"https:\/\/www.m-q.ch\/einblick-in-das-management-in-der-unsicherheitszone\/#primaryimage\"},\"thumbnailUrl\":\"https:\/\/www.m-q.ch\/wp-content\/uploads\/2021\/02\/Einblick-in-das-Management-in-der-Unsicherheitszone.jpg\",\"keywords\":[\"11\/2015\"],\"articleSection\":[\"Risikomanagement\"],\"inLanguage\":\"it-IT\"},{\"@type\":\"WebPage\",\"@id\":\"https:\/\/www.m-q.ch\/einblick-in-das-management-in-der-unsicherheitszone\/\",\"url\":\"https:\/\/www.m-q.ch\/einblick-in-das-management-in-der-unsicherheitszone\/\",\"name\":\"Einblick in das Management in der \u00abUnsicherheitszone\u00bb - MQ Management und Qualit\u00e4t\",\"isPartOf\":{\"@id\":\"https:\/\/www.m-q.ch\/fr\/#website\"},\"primaryImageOfPage\":{\"@id\":\"https:\/\/www.m-q.ch\/einblick-in-das-management-in-der-unsicherheitszone\/#primaryimage\"},\"image\":{\"@id\":\"https:\/\/www.m-q.ch\/einblick-in-das-management-in-der-unsicherheitszone\/#primaryimage\"},\"thumbnailUrl\":\"https:\/\/www.m-q.ch\/wp-content\/uploads\/2021\/02\/Einblick-in-das-Management-in-der-Unsicherheitszone.jpg\",\"datePublished\":\"2015-11-17T14:35:43+00:00\",\"dateModified\":\"2021-02-16T14:48:06+00:00\",\"description\":\"Viele F\u00fchrungskr\u00e4fte weisen fehlende Sicherheit inSachen Gesundheitsmanagement auf; bez\u00fcglich derrelevanten Gesundheitsthemen besteht einegrosse Unsicherheit. Die Hochschule Luzern hat ineinem Forschungsprojekt F\u00fchrungskr\u00e4fte zu dieser\u00abUnsicherheitszone\u00bb befragt und zeigt Wege auf,wie damit umgegangen werden kann.\",\"breadcrumb\":{\"@id\":\"https:\/\/www.m-q.ch\/einblick-in-das-management-in-der-unsicherheitszone\/#breadcrumb\"},\"inLanguage\":\"it-IT\",\"potentialAction\":[{\"@type\":\"ReadAction\",\"target\":[\"https:\/\/www.m-q.ch\/einblick-in-das-management-in-der-unsicherheitszone\/\"]}]},{\"@type\":\"ImageObject\",\"inLanguage\":\"it-IT\",\"@id\":\"https:\/\/www.m-q.ch\/einblick-in-das-management-in-der-unsicherheitszone\/#primaryimage\",\"url\":\"https:\/\/www.m-q.ch\/wp-content\/uploads\/2021\/02\/Einblick-in-das-Management-in-der-Unsicherheitszone.jpg\",\"contentUrl\":\"https:\/\/www.m-q.ch\/wp-content\/uploads\/2021\/02\/Einblick-in-das-Management-in-der-Unsicherheitszone.jpg\",\"width\":853,\"height\":600,\"caption\":\"Einblick in das Management in der \u00abUnsicherheitszone\u00bb\"},{\"@type\":\"BreadcrumbList\",\"@id\":\"https:\/\/www.m-q.ch\/einblick-in-das-management-in-der-unsicherheitszone\/#breadcrumb\",\"itemListElement\":[{\"@type\":\"ListItem\",\"position\":1,\"name\":\"Risikomanagement\",\"item\":\"https:\/\/www.m-q.ch\/kategorie\/risikomanagement\/\"},{\"@type\":\"ListItem\",\"position\":2,\"name\":\"Einblick in das Management in der \u00abUnsicherheitszone\u00bb\"}]},{\"@type\":\"WebSite\",\"@id\":\"https:\/\/www.m-q.ch\/fr\/#website\",\"url\":\"https:\/\/www.m-q.ch\/fr\/\",\"name\":\"MQ Management und Qualit\u00e4t\",\"description\":\"Plattform f\u00fcr integrierte Managementsysteme.\",\"publisher\":{\"@id\":\"https:\/\/www.m-q.ch\/fr\/#organization\"},\"potentialAction\":[{\"@type\":\"SearchAction\",\"target\":{\"@type\":\"EntryPoint\",\"urlTemplate\":\"https:\/\/www.m-q.ch\/fr\/?s={search_term_string}\"},\"query-input\":{\"@type\":\"PropertyValueSpecification\",\"valueRequired\":true,\"valueName\":\"search_term_string\"}}],\"inLanguage\":\"it-IT\"},{\"@type\":\"Organization\",\"@id\":\"https:\/\/www.m-q.ch\/fr\/#organization\",\"name\":\"Galledia Fachmedien AG\",\"url\":\"https:\/\/www.m-q.ch\/fr\/\",\"logo\":{\"@type\":\"ImageObject\",\"inLanguage\":\"it-IT\",\"@id\":\"https:\/\/www.m-q.ch\/fr\/#\/schema\/logo\/image\/\",\"url\":\"https:\/\/www.m-q.ch\/wp-content\/uploads\/2020\/12\/cropped-logo_small.png\",\"contentUrl\":\"https:\/\/www.m-q.ch\/wp-content\/uploads\/2020\/12\/cropped-logo_small.png\",\"width\":512,\"height\":512,\"caption\":\"Galledia Fachmedien AG\"},\"image\":{\"@id\":\"https:\/\/www.m-q.ch\/fr\/#\/schema\/logo\/image\/\"},\"sameAs\":[\"https:\/\/www.facebook.com\/ManagementUndQualitaet\",\"https:\/\/www.linkedin.com\/showcase\/17982321\/admin\/\"]},{\"@type\":\"Person\",\"@id\":\"https:\/\/www.m-q.ch\/fr\/#\/schema\/person\/71f647a41e4a3e361e6230f5134f3ba9\",\"name\":\"upwork_2\",\"image\":{\"@type\":\"ImageObject\",\"inLanguage\":\"it-IT\",\"@id\":\"https:\/\/www.m-q.ch\/fr\/#\/schema\/person\/image\/\",\"url\":\"https:\/\/secure.gravatar.com\/avatar\/777b90ab56092bbf3c85feacda5c1bce?s=96&d=mm&r=g\",\"contentUrl\":\"https:\/\/secure.gravatar.com\/avatar\/777b90ab56092bbf3c85feacda5c1bce?s=96&d=mm&r=g\",\"caption\":\"upwork_2\"},\"url\":\"https:\/\/www.m-q.ch\/it\/author\/upwork_2\/\"}]}<\/script>\n<!-- \/ Yoast SEO plugin. -->","yoast_head_json":{"title":"Approfondimento sulla gestione nella \"zona di incertezza\" - MQ Management and Quality","description":"Molti manager mancano di certezze quando si tratta della gestione della salute; c'\u00e8 una grande incertezza sui temi rilevanti della salute. In un progetto di ricerca, l'Universit\u00e0 di Scienze Applicate e Arti di Lucerna ha interrogato i manager su questa \"zona di incertezza\" e mostra come affrontarla.","robots":{"index":"index","follow":"follow","max-snippet":"max-snippet:-1","max-image-preview":"max-image-preview:large","max-video-preview":"max-video-preview:-1"},"canonical":"https:\/\/www.m-q.ch\/it\/visione-della-gestione-nella-zona-di-incertezza\/","og_locale":"it_IT","og_type":"article","og_title":"Einblick in das Management in der \u00abUnsicherheitszone\u00bb - MQ Management und Qualit\u00e4t","og_description":"Viele F\u00fchrungskr\u00e4fte weisen fehlende Sicherheit inSachen Gesundheitsmanagement auf; bez\u00fcglich derrelevanten Gesundheitsthemen besteht einegrosse Unsicherheit. Die Hochschule Luzern hat ineinem Forschungsprojekt F\u00fchrungskr\u00e4fte zu dieser\u00abUnsicherheitszone\u00bb befragt und zeigt Wege auf,wie damit umgegangen werden kann.","og_url":"https:\/\/www.m-q.ch\/it\/visione-della-gestione-nella-zona-di-incertezza\/","og_site_name":"MQ Management und Qualit\u00e4t","article_publisher":"https:\/\/www.facebook.com\/ManagementUndQualitaet","article_published_time":"2015-11-17T14:35:43+00:00","article_modified_time":"2021-02-16T14:48:06+00:00","og_image":[{"width":853,"height":600,"url":"https:\/\/www.m-q.ch\/wp-content\/uploads\/2021\/02\/Einblick-in-das-Management-in-der-Unsicherheitszone.jpg","type":"image\/jpeg"}],"author":"upwork_2","twitter_card":"summary_large_image","twitter_misc":{"Scritto da":"upwork_2","Tempo di lettura stimato":"5 minuti"},"schema":{"@context":"https:\/\/schema.org","@graph":[{"@type":"Article","@id":"https:\/\/www.m-q.ch\/einblick-in-das-management-in-der-unsicherheitszone\/#article","isPartOf":{"@id":"https:\/\/www.m-q.ch\/einblick-in-das-management-in-der-unsicherheitszone\/"},"author":{"name":"upwork_2","@id":"https:\/\/www.m-q.ch\/fr\/#\/schema\/person\/71f647a41e4a3e361e6230f5134f3ba9"},"headline":"Einblick in das Management in der \u00abUnsicherheitszone\u00bb","datePublished":"2015-11-17T14:35:43+00:00","dateModified":"2021-02-16T14:48:06+00:00","mainEntityOfPage":{"@id":"https:\/\/www.m-q.ch\/einblick-in-das-management-in-der-unsicherheitszone\/"},"wordCount":992,"publisher":{"@id":"https:\/\/www.m-q.ch\/fr\/#organization"},"image":{"@id":"https:\/\/www.m-q.ch\/einblick-in-das-management-in-der-unsicherheitszone\/#primaryimage"},"thumbnailUrl":"https:\/\/www.m-q.ch\/wp-content\/uploads\/2021\/02\/Einblick-in-das-Management-in-der-Unsicherheitszone.jpg","keywords":["11\/2015"],"articleSection":["Risikomanagement"],"inLanguage":"it-IT"},{"@type":"WebPage","@id":"https:\/\/www.m-q.ch\/einblick-in-das-management-in-der-unsicherheitszone\/","url":"https:\/\/www.m-q.ch\/einblick-in-das-management-in-der-unsicherheitszone\/","name":"Approfondimento sulla gestione nella \"zona di incertezza\" - MQ Management and Quality","isPartOf":{"@id":"https:\/\/www.m-q.ch\/fr\/#website"},"primaryImageOfPage":{"@id":"https:\/\/www.m-q.ch\/einblick-in-das-management-in-der-unsicherheitszone\/#primaryimage"},"image":{"@id":"https:\/\/www.m-q.ch\/einblick-in-das-management-in-der-unsicherheitszone\/#primaryimage"},"thumbnailUrl":"https:\/\/www.m-q.ch\/wp-content\/uploads\/2021\/02\/Einblick-in-das-Management-in-der-Unsicherheitszone.jpg","datePublished":"2015-11-17T14:35:43+00:00","dateModified":"2021-02-16T14:48:06+00:00","description":"Molti manager mancano di certezze quando si tratta della gestione della salute; c'\u00e8 una grande incertezza sui temi rilevanti della salute. In un progetto di ricerca, l'Universit\u00e0 di Scienze Applicate e Arti di Lucerna ha interrogato i manager su questa \"zona di incertezza\" e mostra come affrontarla.","breadcrumb":{"@id":"https:\/\/www.m-q.ch\/einblick-in-das-management-in-der-unsicherheitszone\/#breadcrumb"},"inLanguage":"it-IT","potentialAction":[{"@type":"ReadAction","target":["https:\/\/www.m-q.ch\/einblick-in-das-management-in-der-unsicherheitszone\/"]}]},{"@type":"ImageObject","inLanguage":"it-IT","@id":"https:\/\/www.m-q.ch\/einblick-in-das-management-in-der-unsicherheitszone\/#primaryimage","url":"https:\/\/www.m-q.ch\/wp-content\/uploads\/2021\/02\/Einblick-in-das-Management-in-der-Unsicherheitszone.jpg","contentUrl":"https:\/\/www.m-q.ch\/wp-content\/uploads\/2021\/02\/Einblick-in-das-Management-in-der-Unsicherheitszone.jpg","width":853,"height":600,"caption":"Einblick in das Management in der \u00abUnsicherheitszone\u00bb"},{"@type":"BreadcrumbList","@id":"https:\/\/www.m-q.ch\/einblick-in-das-management-in-der-unsicherheitszone\/#breadcrumb","itemListElement":[{"@type":"ListItem","position":1,"name":"Risikomanagement","item":"https:\/\/www.m-q.ch\/kategorie\/risikomanagement\/"},{"@type":"ListItem","position":2,"name":"Einblick in das Management in der \u00abUnsicherheitszone\u00bb"}]},{"@type":"WebSite","@id":"https:\/\/www.m-q.ch\/fr\/#website","url":"https:\/\/www.m-q.ch\/fr\/","name":"Gestione e qualit\u00e0 MQ","description":"Piattaforma per sistemi di gestione integrati.","publisher":{"@id":"https:\/\/www.m-q.ch\/fr\/#organization"},"potentialAction":[{"@type":"SearchAction","target":{"@type":"EntryPoint","urlTemplate":"https:\/\/www.m-q.ch\/fr\/?s={search_term_string}"},"query-input":{"@type":"PropertyValueSpecification","valueRequired":true,"valueName":"search_term_string"}}],"inLanguage":"it-IT"},{"@type":"Organization","@id":"https:\/\/www.m-q.ch\/fr\/#organization","name":"Galledia Fachmedien AG","url":"https:\/\/www.m-q.ch\/fr\/","logo":{"@type":"ImageObject","inLanguage":"it-IT","@id":"https:\/\/www.m-q.ch\/fr\/#\/schema\/logo\/image\/","url":"https:\/\/www.m-q.ch\/wp-content\/uploads\/2020\/12\/cropped-logo_small.png","contentUrl":"https:\/\/www.m-q.ch\/wp-content\/uploads\/2020\/12\/cropped-logo_small.png","width":512,"height":512,"caption":"Galledia Fachmedien AG"},"image":{"@id":"https:\/\/www.m-q.ch\/fr\/#\/schema\/logo\/image\/"},"sameAs":["https:\/\/www.facebook.com\/ManagementUndQualitaet","https:\/\/www.linkedin.com\/showcase\/17982321\/admin\/"]},{"@type":"Person","@id":"https:\/\/www.m-q.ch\/fr\/#\/schema\/person\/71f647a41e4a3e361e6230f5134f3ba9","name":"upwork_2","image":{"@type":"ImageObject","inLanguage":"it-IT","@id":"https:\/\/www.m-q.ch\/fr\/#\/schema\/person\/image\/","url":"https:\/\/secure.gravatar.com\/avatar\/777b90ab56092bbf3c85feacda5c1bce?s=96&d=mm&r=g","contentUrl":"https:\/\/secure.gravatar.com\/avatar\/777b90ab56092bbf3c85feacda5c1bce?s=96&d=mm&r=g","caption":"upwork_2"},"url":"https:\/\/www.m-q.ch\/it\/author\/upwork_2\/"}]}},"_links":{"self":[{"href":"https:\/\/www.m-q.ch\/it\/wp-json\/wp\/v2\/posts\/12403","targetHints":{"allow":["GET"]}}],"collection":[{"href":"https:\/\/www.m-q.ch\/it\/wp-json\/wp\/v2\/posts"}],"about":[{"href":"https:\/\/www.m-q.ch\/it\/wp-json\/wp\/v2\/types\/post"}],"author":[{"embeddable":true,"href":"https:\/\/www.m-q.ch\/it\/wp-json\/wp\/v2\/users\/62"}],"replies":[{"embeddable":true,"href":"https:\/\/www.m-q.ch\/it\/wp-json\/wp\/v2\/comments?post=12403"}],"version-history":[{"count":1,"href":"https:\/\/www.m-q.ch\/it\/wp-json\/wp\/v2\/posts\/12403\/revisions"}],"predecessor-version":[{"id":12412,"href":"https:\/\/www.m-q.ch\/it\/wp-json\/wp\/v2\/posts\/12403\/revisions\/12412"}],"wp:featuredmedia":[{"embeddable":true,"href":"https:\/\/www.m-q.ch\/it\/wp-json\/wp\/v2\/media\/12410"}],"wp:attachment":[{"href":"https:\/\/www.m-q.ch\/it\/wp-json\/wp\/v2\/media?parent=12403"}],"wp:term":[{"taxonomy":"category","embeddable":true,"href":"https:\/\/www.m-q.ch\/it\/wp-json\/wp\/v2\/categories?post=12403"},{"taxonomy":"post_tag","embeddable":true,"href":"https:\/\/www.m-q.ch\/it\/wp-json\/wp\/v2\/tags?post=12403"}],"curies":[{"name":"wp","href":"https:\/\/api.w.org\/{rel}","templated":true}]}}