{"id":12451,"date":"2015-12-05T08:32:43","date_gmt":"2015-12-05T07:32:43","guid":{"rendered":"https:\/\/www.m-q.ch\/?p=12451"},"modified":"2021-02-17T09:36:29","modified_gmt":"2021-02-17T08:36:29","slug":"eccellente-perche-no","status":"publish","type":"post","link":"https:\/\/www.m-q.ch\/it\/excellent-why-not\/","title":{"rendered":"Eccellente, perch\u00e9 no!"},"content":{"rendered":"<p><img loading=\"lazy\" decoding=\"async\" class=\"alignnone size-full wp-image-12467\" src=\"https:\/\/www.m-q.ch\/wp-content\/uploads\/2021\/02\/Excellent-why-not.jpg\" alt=\"Eccellente, perch\u00e9 no!\" width=\"854\" height=\"1120\" srcset=\"https:\/\/www.m-q.ch\/wp-content\/uploads\/2021\/02\/Excellent-why-not.jpg 854w, https:\/\/www.m-q.ch\/wp-content\/uploads\/2021\/02\/Excellent-why-not-768x1007.jpg 768w, https:\/\/www.m-q.ch\/wp-content\/uploads\/2021\/02\/Excellent-why-not-9x12.jpg 9w, https:\/\/www.m-q.ch\/wp-content\/uploads\/2021\/02\/Excellent-why-not-133x175.jpg 133w, https:\/\/www.m-q.ch\/wp-content\/uploads\/2021\/02\/Excellent-why-not-267x350.jpg 267w, https:\/\/www.m-q.ch\/wp-content\/uploads\/2021\/02\/Excellent-why-not-610x800.jpg 610w, https:\/\/www.m-q.ch\/wp-content\/uploads\/2021\/02\/Excellent-why-not-300x393.jpg 300w\" sizes=\"auto, (max-width: 854px) 100vw, 854px\" \/><\/p>\n<p>&nbsp;<\/p>\n<p>&nbsp;<\/p>\n<p>&nbsp;<\/p>\n<p>Storie emozionanti e affascinanti, raccontate con un tocco di umorismo, attendono gli ospiti del KKL Luzern. Saranno ispirati ad affrontare le loro sfide future con eccellenza. A tal fine, i relatori principali offriranno molti suggerimenti preziosi. Chi cerca la perfezione pu\u00f2 raggiungere l'eccellenza. Innanzitutto Cristi\u00e1n G\u00e1lvez, esperto di personalit\u00e0, motivazione e impatto: mostrer\u00e0 al pubblico che dietro ogni eccellente storia di successo ci sono modelli e strutture del cosiddetto viaggio dell'eroe. Raul Krauthausen, fondatore della campagna \"Sozialhelden\", \"romper\u00e0 le barriere\" e \"semplicemente lo far\u00e0\". Soffre della cosiddetta malattia delle ossa fragili e dipende da una sedia a rotelle. Tuttavia, non si vede come qualcuno che \u00e8 disabile, ma come qualcuno che diventa disabile. Per questo combatte contro le barriere edilizie o burocratiche, cos\u00ec come contro l'atteggiamento di alcuni compagni.<\/p>\n<p><strong>Magia e passione<\/strong><\/p>\n<p>&nbsp;<\/p>\n<p>Il mago mentale Christoph Kuch fornir\u00e0 un intermezzo umoristico e proverbiale \"magico\". Con \"Magic Excellence\" confonder\u00e0 i confini della realt\u00e0 e della finzione. \"Il successo non \u00e8 una questione di genere, ma di passione! \"Questa \u00e8 la massima di Katrin Theodoli. \u00c8 la proprietaria di Magnum Marine, il produttore di yacht di lusso probabilmente pi\u00f9 costosi, eleganti e veloci del mondo. L'imprenditrice purosangue \u00e8 gi\u00e0 stata premiata due volte come Business Woman of the Year negli Stati Uniti. E \"Power of Excellence\" sar\u00e0 il filo conduttore della presentazione di Sabine Holbrook. Per il pilota della classe Superbike - un classico dominio maschile - c'\u00e8 solo una cosa per lei: \"A tutto gas\".<\/p>\n<p><strong>Cinque finalisti<\/strong><\/p>\n<p>&nbsp;<\/p>\n<p>E anche i cinque finalisti di quest'anno per l'ESPRIX Swiss Award for Excellence sono andati \"a tutto gas\" in termini di eccellenza aziendale. Questi sono:<\/p>\n<p>&nbsp;<\/p>\n<ul>\n<li>La filiale BMW Zurich Dielsdorf, una divisione di BMW (Schweiz) AG. La loro visione: \"Trasformiamo i clienti in fan e i fan in clienti\".<\/li>\n<li>Universit\u00e0 di scienze applicate e arti di Lucerna: \u00e8 l'universit\u00e0 di scienze applicate dei sei cantoni della Svizzera centrale. Circa 5900 studenti completano un bachelor o un master l\u00ec, e poco meno di 4400 completano ulteriori studi.<\/li>\n<li>Gewerbliche Berufsschule Chur (GBC): offre ai giovani diplomati della scuola elementare una formazione professionale di base nel quadro del sistema educativo duale. \"L'attenzione al cliente\" \u00e8 la priorit\u00e0 assoluta dell'azienda.<\/li>\n<li>Alta formazione dei quadri delle forze armate (HKA): l'Alta formazione dei quadri \u00e8 il principale fornitore riconosciuto per la formazione della leadership e del personale dei quadri di milizia, cos\u00ec come per la formazione degli ufficiali e dei sottufficiali professionisti delle forze armate.<\/li>\n<li>CKW Conex: la CKW Conex AG \u00e8 un'affiliata al 100% della Centralschweizerische Kraftwerke AG e, con 550 dipendenti, \u00e8 un fornitore di servizi leader nella tecnologia degli edifici.<\/li>\n<\/ul>\n<p>&nbsp;<\/p>\n<p>I CEO dei candidati prenderanno parte al CEO Excellence Talk e daranno una visione delle loro ricette per il successo. L'evento sar\u00e0 condotto dalla presentatrice televisiva di successo, cantante e performer musicale Sandra Studer.<\/p>","protected":false},"excerpt":{"rendered":"<p>&nbsp; &nbsp; &nbsp; Spannende und faszinierende Geschichten, mit einer Prise Humor erz\u00e4hlt, erwarten die G\u00e4ste im KKL Luzern. Sie sollen sich inspirieren lassen, ihre eigenen zuk\u00fcnftigen Herausforderungen exzellent anzugehen. Daf\u00fcr bieten die Hauptreferenten viele wertvolle Anregungen. Wer Perfektion anstrebt, kann Exzellenz erreichen. Allen voran Cristi\u00e1n G\u00e1lvez, Experte f\u00fcr Pers\u00f6nlichkeit, Motivation und Wirkung: Er wird den [&hellip;]<\/p>\n","protected":false},"author":62,"featured_media":12467,"comment_status":"closed","ping_status":"closed","sticky":false,"template":"","format":"standard","meta":{"_acf_changed":false,"footnotes":""},"categories":[4448],"tags":[4801],"class_list":["post-12451","post","type-post","status-publish","format-standard","has-post-thumbnail","hentry","category-allgemein","tag-12-2015"],"acf":[],"yoast_head":"<!-- This site is optimized with the Yoast SEO plugin v26.2 - https:\/\/yoast.com\/wordpress\/plugins\/seo\/ -->\n<title>Excellent, why not! - MQ Management und Qualit\u00e4t<\/title>\n<meta name=\"description\" content=\"Am 10. M\u00e4rz 2016 findet im KKL Luzern einmalmehr das ESPRIX Forum f\u00fcr Excellence statt. NamhafteReferenten aus Wirtschaft und Gesellschaft,ein Schuss Magie und nicht zuletzt die Verleihungdes ESPRIX Swiss Award for Excellence 2016 bildendie Fixpunkte des Programms.\" \/>\n<meta name=\"robots\" content=\"index, follow, max-snippet:-1, max-image-preview:large, max-video-preview:-1\" \/>\n<link rel=\"canonical\" href=\"https:\/\/www.m-q.ch\/it\/eccellente-perche-no\/\" \/>\n<meta property=\"og:locale\" content=\"it_IT\" \/>\n<meta property=\"og:type\" content=\"article\" \/>\n<meta property=\"og:title\" content=\"Excellent, why not! - MQ Management und Qualit\u00e4t\" \/>\n<meta property=\"og:description\" content=\"Am 10. M\u00e4rz 2016 findet im KKL Luzern einmalmehr das ESPRIX Forum f\u00fcr Excellence statt. NamhafteReferenten aus Wirtschaft und Gesellschaft,ein Schuss Magie und nicht zuletzt die Verleihungdes ESPRIX Swiss Award for Excellence 2016 bildendie Fixpunkte des Programms.\" \/>\n<meta property=\"og:url\" content=\"https:\/\/www.m-q.ch\/it\/eccellente-perche-no\/\" \/>\n<meta property=\"og:site_name\" content=\"MQ Management und Qualit\u00e4t\" \/>\n<meta property=\"article:publisher\" content=\"https:\/\/www.facebook.com\/ManagementUndQualitaet\" \/>\n<meta property=\"article:published_time\" content=\"2015-12-05T07:32:43+00:00\" \/>\n<meta property=\"article:modified_time\" content=\"2021-02-17T08:36:29+00:00\" \/>\n<meta property=\"og:image\" content=\"https:\/\/www.m-q.ch\/wp-content\/uploads\/2021\/02\/Excellent-why-not.jpg\" \/>\n\t<meta property=\"og:image:width\" content=\"854\" \/>\n\t<meta property=\"og:image:height\" content=\"1120\" \/>\n\t<meta property=\"og:image:type\" content=\"image\/jpeg\" \/>\n<meta name=\"author\" content=\"upwork_2\" \/>\n<meta name=\"twitter:card\" content=\"summary_large_image\" \/>\n<meta name=\"twitter:label1\" content=\"Scritto da\" \/>\n\t<meta name=\"twitter:data1\" content=\"upwork_2\" \/>\n\t<meta name=\"twitter:label2\" content=\"Tempo di lettura stimato\" \/>\n\t<meta name=\"twitter:data2\" content=\"2 minuti\" \/>\n<script type=\"application\/ld+json\" class=\"yoast-schema-graph\">{\"@context\":\"https:\/\/schema.org\",\"@graph\":[{\"@type\":\"Article\",\"@id\":\"https:\/\/www.m-q.ch\/excellent-why-not\/#article\",\"isPartOf\":{\"@id\":\"https:\/\/www.m-q.ch\/excellent-why-not\/\"},\"author\":{\"name\":\"upwork_2\",\"@id\":\"https:\/\/www.m-q.ch\/fr\/#\/schema\/person\/71f647a41e4a3e361e6230f5134f3ba9\"},\"headline\":\"Excellent, why not!\",\"datePublished\":\"2015-12-05T07:32:43+00:00\",\"dateModified\":\"2021-02-17T08:36:29+00:00\",\"mainEntityOfPage\":{\"@id\":\"https:\/\/www.m-q.ch\/excellent-why-not\/\"},\"wordCount\":454,\"publisher\":{\"@id\":\"https:\/\/www.m-q.ch\/fr\/#organization\"},\"image\":{\"@id\":\"https:\/\/www.m-q.ch\/excellent-why-not\/#primaryimage\"},\"thumbnailUrl\":\"https:\/\/www.m-q.ch\/wp-content\/uploads\/2021\/02\/Excellent-why-not.jpg\",\"keywords\":[\"12\/2015\"],\"articleSection\":[\"Allgemein\"],\"inLanguage\":\"it-IT\"},{\"@type\":\"WebPage\",\"@id\":\"https:\/\/www.m-q.ch\/excellent-why-not\/\",\"url\":\"https:\/\/www.m-q.ch\/excellent-why-not\/\",\"name\":\"Excellent, why not! - MQ Management und Qualit\u00e4t\",\"isPartOf\":{\"@id\":\"https:\/\/www.m-q.ch\/fr\/#website\"},\"primaryImageOfPage\":{\"@id\":\"https:\/\/www.m-q.ch\/excellent-why-not\/#primaryimage\"},\"image\":{\"@id\":\"https:\/\/www.m-q.ch\/excellent-why-not\/#primaryimage\"},\"thumbnailUrl\":\"https:\/\/www.m-q.ch\/wp-content\/uploads\/2021\/02\/Excellent-why-not.jpg\",\"datePublished\":\"2015-12-05T07:32:43+00:00\",\"dateModified\":\"2021-02-17T08:36:29+00:00\",\"description\":\"Am 10. M\u00e4rz 2016 findet im KKL Luzern einmalmehr das ESPRIX Forum f\u00fcr Excellence statt. NamhafteReferenten aus Wirtschaft und Gesellschaft,ein Schuss Magie und nicht zuletzt die Verleihungdes ESPRIX Swiss Award for Excellence 2016 bildendie Fixpunkte des Programms.\",\"breadcrumb\":{\"@id\":\"https:\/\/www.m-q.ch\/excellent-why-not\/#breadcrumb\"},\"inLanguage\":\"it-IT\",\"potentialAction\":[{\"@type\":\"ReadAction\",\"target\":[\"https:\/\/www.m-q.ch\/excellent-why-not\/\"]}]},{\"@type\":\"ImageObject\",\"inLanguage\":\"it-IT\",\"@id\":\"https:\/\/www.m-q.ch\/excellent-why-not\/#primaryimage\",\"url\":\"https:\/\/www.m-q.ch\/wp-content\/uploads\/2021\/02\/Excellent-why-not.jpg\",\"contentUrl\":\"https:\/\/www.m-q.ch\/wp-content\/uploads\/2021\/02\/Excellent-why-not.jpg\",\"width\":854,\"height\":1120,\"caption\":\"Excellent, why not!\"},{\"@type\":\"BreadcrumbList\",\"@id\":\"https:\/\/www.m-q.ch\/excellent-why-not\/#breadcrumb\",\"itemListElement\":[{\"@type\":\"ListItem\",\"position\":1,\"name\":\"Allgemein\",\"item\":\"https:\/\/www.m-q.ch\/kategorie\/allgemein\/\"},{\"@type\":\"ListItem\",\"position\":2,\"name\":\"Excellent, why not!\"}]},{\"@type\":\"WebSite\",\"@id\":\"https:\/\/www.m-q.ch\/fr\/#website\",\"url\":\"https:\/\/www.m-q.ch\/fr\/\",\"name\":\"MQ Management und Qualit\u00e4t\",\"description\":\"Plattform f\u00fcr integrierte Managementsysteme.\",\"publisher\":{\"@id\":\"https:\/\/www.m-q.ch\/fr\/#organization\"},\"potentialAction\":[{\"@type\":\"SearchAction\",\"target\":{\"@type\":\"EntryPoint\",\"urlTemplate\":\"https:\/\/www.m-q.ch\/fr\/?s={search_term_string}\"},\"query-input\":{\"@type\":\"PropertyValueSpecification\",\"valueRequired\":true,\"valueName\":\"search_term_string\"}}],\"inLanguage\":\"it-IT\"},{\"@type\":\"Organization\",\"@id\":\"https:\/\/www.m-q.ch\/fr\/#organization\",\"name\":\"Galledia Fachmedien AG\",\"url\":\"https:\/\/www.m-q.ch\/fr\/\",\"logo\":{\"@type\":\"ImageObject\",\"inLanguage\":\"it-IT\",\"@id\":\"https:\/\/www.m-q.ch\/fr\/#\/schema\/logo\/image\/\",\"url\":\"https:\/\/www.m-q.ch\/wp-content\/uploads\/2020\/12\/cropped-logo_small.png\",\"contentUrl\":\"https:\/\/www.m-q.ch\/wp-content\/uploads\/2020\/12\/cropped-logo_small.png\",\"width\":512,\"height\":512,\"caption\":\"Galledia Fachmedien AG\"},\"image\":{\"@id\":\"https:\/\/www.m-q.ch\/fr\/#\/schema\/logo\/image\/\"},\"sameAs\":[\"https:\/\/www.facebook.com\/ManagementUndQualitaet\",\"https:\/\/www.linkedin.com\/showcase\/17982321\/admin\/\"]},{\"@type\":\"Person\",\"@id\":\"https:\/\/www.m-q.ch\/fr\/#\/schema\/person\/71f647a41e4a3e361e6230f5134f3ba9\",\"name\":\"upwork_2\",\"image\":{\"@type\":\"ImageObject\",\"inLanguage\":\"it-IT\",\"@id\":\"https:\/\/www.m-q.ch\/fr\/#\/schema\/person\/image\/\",\"url\":\"https:\/\/secure.gravatar.com\/avatar\/777b90ab56092bbf3c85feacda5c1bce?s=96&d=mm&r=g\",\"contentUrl\":\"https:\/\/secure.gravatar.com\/avatar\/777b90ab56092bbf3c85feacda5c1bce?s=96&d=mm&r=g\",\"caption\":\"upwork_2\"},\"url\":\"https:\/\/www.m-q.ch\/it\/author\/upwork_2\/\"}]}<\/script>\n<!-- \/ Yoast SEO plugin. -->","yoast_head_json":{"title":"Eccellente, perch\u00e9 no! - MQ Gestione e qualit\u00e0","description":"Il 10 marzo 2016, il Forum ESPRIX per l'eccellenza si svolger\u00e0 ancora una volta presso il KKL Luzern. Relatori rinomati dell'economia e della societ\u00e0, un pizzico di magia e, non da ultimo, la presentazione dell'ESPRIX Swiss Award for Excellence 2016 costituiscono i punti fissi del programma.","robots":{"index":"index","follow":"follow","max-snippet":"max-snippet:-1","max-image-preview":"max-image-preview:large","max-video-preview":"max-video-preview:-1"},"canonical":"https:\/\/www.m-q.ch\/it\/eccellente-perche-no\/","og_locale":"it_IT","og_type":"article","og_title":"Excellent, why not! - MQ Management und Qualit\u00e4t","og_description":"Am 10. M\u00e4rz 2016 findet im KKL Luzern einmalmehr das ESPRIX Forum f\u00fcr Excellence statt. NamhafteReferenten aus Wirtschaft und Gesellschaft,ein Schuss Magie und nicht zuletzt die Verleihungdes ESPRIX Swiss Award for Excellence 2016 bildendie Fixpunkte des Programms.","og_url":"https:\/\/www.m-q.ch\/it\/eccellente-perche-no\/","og_site_name":"MQ Management und Qualit\u00e4t","article_publisher":"https:\/\/www.facebook.com\/ManagementUndQualitaet","article_published_time":"2015-12-05T07:32:43+00:00","article_modified_time":"2021-02-17T08:36:29+00:00","og_image":[{"width":854,"height":1120,"url":"https:\/\/www.m-q.ch\/wp-content\/uploads\/2021\/02\/Excellent-why-not.jpg","type":"image\/jpeg"}],"author":"upwork_2","twitter_card":"summary_large_image","twitter_misc":{"Scritto da":"upwork_2","Tempo di lettura stimato":"2 minuti"},"schema":{"@context":"https:\/\/schema.org","@graph":[{"@type":"Article","@id":"https:\/\/www.m-q.ch\/excellent-why-not\/#article","isPartOf":{"@id":"https:\/\/www.m-q.ch\/excellent-why-not\/"},"author":{"name":"upwork_2","@id":"https:\/\/www.m-q.ch\/fr\/#\/schema\/person\/71f647a41e4a3e361e6230f5134f3ba9"},"headline":"Excellent, why not!","datePublished":"2015-12-05T07:32:43+00:00","dateModified":"2021-02-17T08:36:29+00:00","mainEntityOfPage":{"@id":"https:\/\/www.m-q.ch\/excellent-why-not\/"},"wordCount":454,"publisher":{"@id":"https:\/\/www.m-q.ch\/fr\/#organization"},"image":{"@id":"https:\/\/www.m-q.ch\/excellent-why-not\/#primaryimage"},"thumbnailUrl":"https:\/\/www.m-q.ch\/wp-content\/uploads\/2021\/02\/Excellent-why-not.jpg","keywords":["12\/2015"],"articleSection":["Allgemein"],"inLanguage":"it-IT"},{"@type":"WebPage","@id":"https:\/\/www.m-q.ch\/excellent-why-not\/","url":"https:\/\/www.m-q.ch\/excellent-why-not\/","name":"Eccellente, perch\u00e9 no! - MQ Gestione e qualit\u00e0","isPartOf":{"@id":"https:\/\/www.m-q.ch\/fr\/#website"},"primaryImageOfPage":{"@id":"https:\/\/www.m-q.ch\/excellent-why-not\/#primaryimage"},"image":{"@id":"https:\/\/www.m-q.ch\/excellent-why-not\/#primaryimage"},"thumbnailUrl":"https:\/\/www.m-q.ch\/wp-content\/uploads\/2021\/02\/Excellent-why-not.jpg","datePublished":"2015-12-05T07:32:43+00:00","dateModified":"2021-02-17T08:36:29+00:00","description":"Il 10 marzo 2016, il Forum ESPRIX per l'eccellenza si svolger\u00e0 ancora una volta presso il KKL Luzern. Relatori rinomati dell'economia e della societ\u00e0, un pizzico di magia e, non da ultimo, la presentazione dell'ESPRIX Swiss Award for Excellence 2016 costituiscono i punti fissi del programma.","breadcrumb":{"@id":"https:\/\/www.m-q.ch\/excellent-why-not\/#breadcrumb"},"inLanguage":"it-IT","potentialAction":[{"@type":"ReadAction","target":["https:\/\/www.m-q.ch\/excellent-why-not\/"]}]},{"@type":"ImageObject","inLanguage":"it-IT","@id":"https:\/\/www.m-q.ch\/excellent-why-not\/#primaryimage","url":"https:\/\/www.m-q.ch\/wp-content\/uploads\/2021\/02\/Excellent-why-not.jpg","contentUrl":"https:\/\/www.m-q.ch\/wp-content\/uploads\/2021\/02\/Excellent-why-not.jpg","width":854,"height":1120,"caption":"Excellent, why not!"},{"@type":"BreadcrumbList","@id":"https:\/\/www.m-q.ch\/excellent-why-not\/#breadcrumb","itemListElement":[{"@type":"ListItem","position":1,"name":"Allgemein","item":"https:\/\/www.m-q.ch\/kategorie\/allgemein\/"},{"@type":"ListItem","position":2,"name":"Excellent, why not!"}]},{"@type":"WebSite","@id":"https:\/\/www.m-q.ch\/fr\/#website","url":"https:\/\/www.m-q.ch\/fr\/","name":"Gestione e qualit\u00e0 MQ","description":"Piattaforma per sistemi di gestione integrati.","publisher":{"@id":"https:\/\/www.m-q.ch\/fr\/#organization"},"potentialAction":[{"@type":"SearchAction","target":{"@type":"EntryPoint","urlTemplate":"https:\/\/www.m-q.ch\/fr\/?s={search_term_string}"},"query-input":{"@type":"PropertyValueSpecification","valueRequired":true,"valueName":"search_term_string"}}],"inLanguage":"it-IT"},{"@type":"Organization","@id":"https:\/\/www.m-q.ch\/fr\/#organization","name":"Galledia Fachmedien AG","url":"https:\/\/www.m-q.ch\/fr\/","logo":{"@type":"ImageObject","inLanguage":"it-IT","@id":"https:\/\/www.m-q.ch\/fr\/#\/schema\/logo\/image\/","url":"https:\/\/www.m-q.ch\/wp-content\/uploads\/2020\/12\/cropped-logo_small.png","contentUrl":"https:\/\/www.m-q.ch\/wp-content\/uploads\/2020\/12\/cropped-logo_small.png","width":512,"height":512,"caption":"Galledia Fachmedien AG"},"image":{"@id":"https:\/\/www.m-q.ch\/fr\/#\/schema\/logo\/image\/"},"sameAs":["https:\/\/www.facebook.com\/ManagementUndQualitaet","https:\/\/www.linkedin.com\/showcase\/17982321\/admin\/"]},{"@type":"Person","@id":"https:\/\/www.m-q.ch\/fr\/#\/schema\/person\/71f647a41e4a3e361e6230f5134f3ba9","name":"upwork_2","image":{"@type":"ImageObject","inLanguage":"it-IT","@id":"https:\/\/www.m-q.ch\/fr\/#\/schema\/person\/image\/","url":"https:\/\/secure.gravatar.com\/avatar\/777b90ab56092bbf3c85feacda5c1bce?s=96&d=mm&r=g","contentUrl":"https:\/\/secure.gravatar.com\/avatar\/777b90ab56092bbf3c85feacda5c1bce?s=96&d=mm&r=g","caption":"upwork_2"},"url":"https:\/\/www.m-q.ch\/it\/author\/upwork_2\/"}]}},"_links":{"self":[{"href":"https:\/\/www.m-q.ch\/it\/wp-json\/wp\/v2\/posts\/12451","targetHints":{"allow":["GET"]}}],"collection":[{"href":"https:\/\/www.m-q.ch\/it\/wp-json\/wp\/v2\/posts"}],"about":[{"href":"https:\/\/www.m-q.ch\/it\/wp-json\/wp\/v2\/types\/post"}],"author":[{"embeddable":true,"href":"https:\/\/www.m-q.ch\/it\/wp-json\/wp\/v2\/users\/62"}],"replies":[{"embeddable":true,"href":"https:\/\/www.m-q.ch\/it\/wp-json\/wp\/v2\/comments?post=12451"}],"version-history":[{"count":3,"href":"https:\/\/www.m-q.ch\/it\/wp-json\/wp\/v2\/posts\/12451\/revisions"}],"predecessor-version":[{"id":12471,"href":"https:\/\/www.m-q.ch\/it\/wp-json\/wp\/v2\/posts\/12451\/revisions\/12471"}],"wp:featuredmedia":[{"embeddable":true,"href":"https:\/\/www.m-q.ch\/it\/wp-json\/wp\/v2\/media\/12467"}],"wp:attachment":[{"href":"https:\/\/www.m-q.ch\/it\/wp-json\/wp\/v2\/media?parent=12451"}],"wp:term":[{"taxonomy":"category","embeddable":true,"href":"https:\/\/www.m-q.ch\/it\/wp-json\/wp\/v2\/categories?post=12451"},{"taxonomy":"post_tag","embeddable":true,"href":"https:\/\/www.m-q.ch\/it\/wp-json\/wp\/v2\/tags?post=12451"}],"curies":[{"name":"wp","href":"https:\/\/api.w.org\/{rel}","templated":true}]}}