{"id":12460,"date":"2015-12-23T08:32:48","date_gmt":"2015-12-23T07:32:48","guid":{"rendered":"https:\/\/www.m-q.ch\/?p=12460"},"modified":"2021-02-17T11:30:01","modified_gmt":"2021-02-17T10:30:01","slug":"hannes-attua-la-dichiarazione-di-missione","status":"publish","type":"post","link":"https:\/\/www.m-q.ch\/it\/hannes-setzt-das-leitbild-um\/","title":{"rendered":"Hannes attua la dichiarazione di missione"},"content":{"rendered":"<p><img loading=\"lazy\" decoding=\"async\" class=\"alignnone size-full wp-image-12538\" src=\"https:\/\/www.m-q.ch\/wp-content\/uploads\/2021\/02\/Hannes-setzt-das-Leitbild-um.jpg\" alt=\"Hannes attua la dichiarazione di missione\" width=\"876\" height=\"536\" srcset=\"https:\/\/www.m-q.ch\/wp-content\/uploads\/2021\/02\/Hannes-setzt-das-Leitbild-um.jpg 876w, https:\/\/www.m-q.ch\/wp-content\/uploads\/2021\/02\/Hannes-setzt-das-Leitbild-um-768x470.jpg 768w, https:\/\/www.m-q.ch\/wp-content\/uploads\/2021\/02\/Hannes-setzt-das-Leitbild-um-16x10.jpg 16w, https:\/\/www.m-q.ch\/wp-content\/uploads\/2021\/02\/Hannes-setzt-das-Leitbild-um-286x175.jpg 286w, https:\/\/www.m-q.ch\/wp-content\/uploads\/2021\/02\/Hannes-setzt-das-Leitbild-um-572x350.jpg 572w, https:\/\/www.m-q.ch\/wp-content\/uploads\/2021\/02\/Hannes-setzt-das-Leitbild-um-300x184.jpg 300w\" sizes=\"auto, (max-width: 876px) 100vw, 876px\" \/><\/p>\n<p>&nbsp;<\/p>\n<p>&nbsp;<\/p>\n<p>&nbsp;<\/p>\n<p>I partecipanti erano i membri della direzione. Si erano ritirati dalla frenetica routine quotidiana per sviluppare una nuova dichiarazione di missione. Questo era estremamente necessario dopo che l'azienda aveva subito grandi cambiamenti: outsourcing della produzione e rafforzamento delle due competenze principali \"vendite e marketing\". Questo suona bene, Hannes ne \u00e8 consapevole. Alla fine, per\u00f2, significa che una gran parte degli affari si svolge ora all'estero, in Estremo Oriente. Solo le funzioni di staff come le risorse umane, la finanza e il marketing sono ancora qui.<\/p>\n<p>&nbsp;<\/p>\n<p>In futuro, cinque nuovi principi guida dimostreranno in modo chiaro, inequivocabile e inequivocabile ci\u00f2 che \u00e8 importante per l'azienda:<\/p>\n<p>&nbsp;<\/p>\n<p><em><strong>1.<\/strong> I nostri dipendenti sono la nostra risorsa pi\u00f9 importante. <\/em><\/p>\n<p>&nbsp;<\/p>\n<p><em><strong>2.<\/strong> I nostri clienti sono al centro di tutto ci\u00f2 che facciamo. <\/em><\/p>\n<p>&nbsp;<\/p>\n<p><em><strong>3.<\/strong> Prendiamo sul serio la nostra responsabilit\u00e0 sociale. <\/em><\/p>\n<p>&nbsp;<\/p>\n<p><em><strong>4.<\/strong> Le nostre finanze sono su una base solida. <\/em><\/p>\n<p>&nbsp;<\/p>\n<p><em><strong>5.<\/strong> Il nostro sviluppo \u00e8 al servizio del nostro progresso e avviene continuamente.<\/em><\/p>\n<p>&nbsp;<\/p>\n<p>Questo \u00e8 il risultato dei due giorni. Ora il compito \u00e8 quello di preparare i testi per l'attuazione dei principi guida al fine di discuterli e approvarli in un nuovo workshop. Ogni membro della direzione ha ricevuto una frase e deve presentare una proposta di testo entro la fine della prossima settimana. \"I nostri clienti sono il nostro obiettivo\" \u00e8 stato democraticamente assegnato a Hannes.<\/p>\n<p>&nbsp;<\/p>\n<p>\u00c8 consapevole di aver pronunciato ancora una volta la frase pi\u00f9 sgradevole. Si sofferma a riflettere: \"Per anni, i servizi sono stati tagliati, i prezzi aumentati, la gamma di prodotti ridotta, i contatti personali sostituiti da un web info box e gli stagisti da un call center esternalizzato in Irlanda. E ora dovrebbe dire ai clienti in poche frasi che saranno serviti meglio che mai\". Beh..., non sta a lui fare domande filosofiche, \u00e8 nella stessa barca. L'azienda \u00e8 sotto pressione e lui deve inevitabilmente seguirla.<\/p>\n<p>&nbsp;<\/p>\n<p>\"I nostri clienti sono il nostro obiettivo\". Come si pu\u00f2 formulare pi\u00f9 concretamente questa frase? Hannes pensa in termini di formulazioni orientate al beneficio del cliente. \"Con la nostra nuova e compatta gamma di prodotti, si ha una visione d'insieme in ogni momento e si risparmia il tempo di lavorare attraverso una gamma confusa\". In questa direzione potrebbe andare. \"Con la nostra nuova web info box, potete rivolgerci le vostre preoccupazioni in qualsiasi momento - anche nel cuore della notte\". Questo \u00e8 un vero progresso. Considerate che, nel mezzo della notte, il cliente ha un pensiero, cerca lo smartphone sul comodino, digita la preoccupazione e torna a dormire. Non deve pi\u00f9 considerare l'orario d'ufficio. Inoltre, ha qualche giorno dopo l'entrata per cercare da solo le soluzioni, perch\u00e9 finch\u00e9 qualcuno dell'azienda non risponde finalmente, le 72 ore standardizzate passeranno sicuramente.<\/p>\n<p>&nbsp;<\/p>\n<p>Questo porta Hannes alla frase successiva: \"Standard chiari nei tempi di risposta permettono di pianificare con precisione la giornata lavorativa. \"In parole povere, questo significa che non funziona niente per tre giorni. Ma siccome questo \u00e8 chiaro fin dall'inizio, nessuno si aspetta niente in anticipo.<\/p>\n<p>&nbsp;<\/p>\n<p>Ora manca ancora la giustificazione per l'aumento dei prezzi negli ultimi due anni. \"Grazie a una struttura dei prezzi orientata al mercato, beneficiate di un benchmark trasparente con i nostri concorrenti. \"Suona bene. Non sai cosa ti differenzia dalla concorrenza, ma non devi pi\u00f9 discutere il prezzo perch\u00e9 \u00e8 lo stesso e concordato comunque. Non c'\u00e8 bisogno di dirlo.<\/p>\n<p>&nbsp;<\/p>\n<p>La dichiarazione di missione si sta lentamente riempiendo di contenuti. Hannes si convince: \"\u00c8 importante che una dichiarazione di missione non rimanga una tigre di carta, ma sia vissuta nella vita quotidiana grazie a benefici concreti per il cliente e sia vissuta positivamente dal cliente. \u00c8 contento di aver creato un beneficio efficace ...<\/p>","protected":false},"excerpt":{"rendered":"<p>&nbsp; &nbsp; &nbsp; Teilnehmer waren die Mitglieder der Gesch\u00e4ftsleitung. Sie hatten sich aus dem hektischen Alltag zur\u00fcckgezogen, um ein neues Leitbild zu erarbeiten. Das war auch bitter n\u00f6tig, nachdem sich das Unternehmen stark ver\u00e4ndert hatte: Auslagerung der Produktion und St\u00e4rkung der beiden Kernkompetenzen \u00abVerkauf und Marketing\u00bb. Das h\u00f6rt sich zwar gut an, dessen ist sich [&hellip;]<\/p>\n","protected":false},"author":62,"featured_media":12538,"comment_status":"closed","ping_status":"closed","sticky":false,"template":"","format":"standard","meta":{"_acf_changed":false,"footnotes":""},"categories":[4448],"tags":[4801],"class_list":["post-12460","post","type-post","status-publish","format-standard","has-post-thumbnail","hentry","category-allgemein","tag-12-2015"],"acf":[],"yoast_head":"<!-- This site is optimized with the Yoast SEO plugin v26.2 - https:\/\/yoast.com\/wordpress\/plugins\/seo\/ -->\n<title>Hannes setzt das Leitbild um - MQ Management und Qualit\u00e4t<\/title>\n<meta name=\"description\" content=\"Hannes kehrt an seinen Arbeitsplatzzur\u00fcck. Die vergangenenbeiden Tage verbrachteer in einem angenehmenSeminarhotel in einemKlausurworkshop.\" \/>\n<meta name=\"robots\" content=\"index, follow, max-snippet:-1, max-image-preview:large, max-video-preview:-1\" \/>\n<link rel=\"canonical\" href=\"https:\/\/www.m-q.ch\/it\/hannes-attua-la-dichiarazione-di-missione\/\" \/>\n<meta property=\"og:locale\" content=\"it_IT\" \/>\n<meta property=\"og:type\" content=\"article\" \/>\n<meta property=\"og:title\" content=\"Hannes setzt das Leitbild um - MQ Management und Qualit\u00e4t\" \/>\n<meta property=\"og:description\" content=\"Hannes kehrt an seinen Arbeitsplatzzur\u00fcck. Die vergangenenbeiden Tage verbrachteer in einem angenehmenSeminarhotel in einemKlausurworkshop.\" \/>\n<meta property=\"og:url\" content=\"https:\/\/www.m-q.ch\/it\/hannes-attua-la-dichiarazione-di-missione\/\" \/>\n<meta property=\"og:site_name\" content=\"MQ Management und Qualit\u00e4t\" \/>\n<meta property=\"article:publisher\" content=\"https:\/\/www.facebook.com\/ManagementUndQualitaet\" \/>\n<meta property=\"article:published_time\" content=\"2015-12-23T07:32:48+00:00\" \/>\n<meta property=\"article:modified_time\" content=\"2021-02-17T10:30:01+00:00\" \/>\n<meta property=\"og:image\" content=\"https:\/\/www.m-q.ch\/wp-content\/uploads\/2021\/02\/Hannes-setzt-das-Leitbild-um.jpg\" \/>\n\t<meta property=\"og:image:width\" content=\"876\" \/>\n\t<meta property=\"og:image:height\" content=\"536\" \/>\n\t<meta property=\"og:image:type\" content=\"image\/jpeg\" \/>\n<meta name=\"author\" content=\"upwork_2\" \/>\n<meta name=\"twitter:card\" content=\"summary_large_image\" \/>\n<meta name=\"twitter:label1\" content=\"Scritto da\" \/>\n\t<meta name=\"twitter:data1\" content=\"upwork_2\" \/>\n\t<meta name=\"twitter:label2\" content=\"Tempo di lettura stimato\" \/>\n\t<meta name=\"twitter:data2\" content=\"3 minuti\" \/>\n<script type=\"application\/ld+json\" class=\"yoast-schema-graph\">{\"@context\":\"https:\/\/schema.org\",\"@graph\":[{\"@type\":\"Article\",\"@id\":\"https:\/\/www.m-q.ch\/hannes-setzt-das-leitbild-um\/#article\",\"isPartOf\":{\"@id\":\"https:\/\/www.m-q.ch\/hannes-setzt-das-leitbild-um\/\"},\"author\":{\"name\":\"upwork_2\",\"@id\":\"https:\/\/www.m-q.ch\/fr\/#\/schema\/person\/71f647a41e4a3e361e6230f5134f3ba9\"},\"headline\":\"Hannes setzt das Leitbild um\",\"datePublished\":\"2015-12-23T07:32:48+00:00\",\"dateModified\":\"2021-02-17T10:30:01+00:00\",\"mainEntityOfPage\":{\"@id\":\"https:\/\/www.m-q.ch\/hannes-setzt-das-leitbild-um\/\"},\"wordCount\":606,\"publisher\":{\"@id\":\"https:\/\/www.m-q.ch\/fr\/#organization\"},\"image\":{\"@id\":\"https:\/\/www.m-q.ch\/hannes-setzt-das-leitbild-um\/#primaryimage\"},\"thumbnailUrl\":\"https:\/\/www.m-q.ch\/wp-content\/uploads\/2021\/02\/Hannes-setzt-das-Leitbild-um.jpg\",\"keywords\":[\"12\/2015\"],\"articleSection\":[\"Allgemein\"],\"inLanguage\":\"it-IT\"},{\"@type\":\"WebPage\",\"@id\":\"https:\/\/www.m-q.ch\/hannes-setzt-das-leitbild-um\/\",\"url\":\"https:\/\/www.m-q.ch\/hannes-setzt-das-leitbild-um\/\",\"name\":\"Hannes setzt das Leitbild um - MQ Management und Qualit\u00e4t\",\"isPartOf\":{\"@id\":\"https:\/\/www.m-q.ch\/fr\/#website\"},\"primaryImageOfPage\":{\"@id\":\"https:\/\/www.m-q.ch\/hannes-setzt-das-leitbild-um\/#primaryimage\"},\"image\":{\"@id\":\"https:\/\/www.m-q.ch\/hannes-setzt-das-leitbild-um\/#primaryimage\"},\"thumbnailUrl\":\"https:\/\/www.m-q.ch\/wp-content\/uploads\/2021\/02\/Hannes-setzt-das-Leitbild-um.jpg\",\"datePublished\":\"2015-12-23T07:32:48+00:00\",\"dateModified\":\"2021-02-17T10:30:01+00:00\",\"description\":\"Hannes kehrt an seinen Arbeitsplatzzur\u00fcck. Die vergangenenbeiden Tage verbrachteer in einem angenehmenSeminarhotel in einemKlausurworkshop.\",\"breadcrumb\":{\"@id\":\"https:\/\/www.m-q.ch\/hannes-setzt-das-leitbild-um\/#breadcrumb\"},\"inLanguage\":\"it-IT\",\"potentialAction\":[{\"@type\":\"ReadAction\",\"target\":[\"https:\/\/www.m-q.ch\/hannes-setzt-das-leitbild-um\/\"]}]},{\"@type\":\"ImageObject\",\"inLanguage\":\"it-IT\",\"@id\":\"https:\/\/www.m-q.ch\/hannes-setzt-das-leitbild-um\/#primaryimage\",\"url\":\"https:\/\/www.m-q.ch\/wp-content\/uploads\/2021\/02\/Hannes-setzt-das-Leitbild-um.jpg\",\"contentUrl\":\"https:\/\/www.m-q.ch\/wp-content\/uploads\/2021\/02\/Hannes-setzt-das-Leitbild-um.jpg\",\"width\":876,\"height\":536,\"caption\":\"Hannes setzt das Leitbild um\"},{\"@type\":\"BreadcrumbList\",\"@id\":\"https:\/\/www.m-q.ch\/hannes-setzt-das-leitbild-um\/#breadcrumb\",\"itemListElement\":[{\"@type\":\"ListItem\",\"position\":1,\"name\":\"Allgemein\",\"item\":\"https:\/\/www.m-q.ch\/kategorie\/allgemein\/\"},{\"@type\":\"ListItem\",\"position\":2,\"name\":\"Hannes setzt das Leitbild um\"}]},{\"@type\":\"WebSite\",\"@id\":\"https:\/\/www.m-q.ch\/fr\/#website\",\"url\":\"https:\/\/www.m-q.ch\/fr\/\",\"name\":\"MQ Management und Qualit\u00e4t\",\"description\":\"Plattform f\u00fcr integrierte Managementsysteme.\",\"publisher\":{\"@id\":\"https:\/\/www.m-q.ch\/fr\/#organization\"},\"potentialAction\":[{\"@type\":\"SearchAction\",\"target\":{\"@type\":\"EntryPoint\",\"urlTemplate\":\"https:\/\/www.m-q.ch\/fr\/?s={search_term_string}\"},\"query-input\":{\"@type\":\"PropertyValueSpecification\",\"valueRequired\":true,\"valueName\":\"search_term_string\"}}],\"inLanguage\":\"it-IT\"},{\"@type\":\"Organization\",\"@id\":\"https:\/\/www.m-q.ch\/fr\/#organization\",\"name\":\"Galledia Fachmedien AG\",\"url\":\"https:\/\/www.m-q.ch\/fr\/\",\"logo\":{\"@type\":\"ImageObject\",\"inLanguage\":\"it-IT\",\"@id\":\"https:\/\/www.m-q.ch\/fr\/#\/schema\/logo\/image\/\",\"url\":\"https:\/\/www.m-q.ch\/wp-content\/uploads\/2020\/12\/cropped-logo_small.png\",\"contentUrl\":\"https:\/\/www.m-q.ch\/wp-content\/uploads\/2020\/12\/cropped-logo_small.png\",\"width\":512,\"height\":512,\"caption\":\"Galledia Fachmedien AG\"},\"image\":{\"@id\":\"https:\/\/www.m-q.ch\/fr\/#\/schema\/logo\/image\/\"},\"sameAs\":[\"https:\/\/www.facebook.com\/ManagementUndQualitaet\",\"https:\/\/www.linkedin.com\/showcase\/17982321\/admin\/\"]},{\"@type\":\"Person\",\"@id\":\"https:\/\/www.m-q.ch\/fr\/#\/schema\/person\/71f647a41e4a3e361e6230f5134f3ba9\",\"name\":\"upwork_2\",\"image\":{\"@type\":\"ImageObject\",\"inLanguage\":\"it-IT\",\"@id\":\"https:\/\/www.m-q.ch\/fr\/#\/schema\/person\/image\/\",\"url\":\"https:\/\/secure.gravatar.com\/avatar\/777b90ab56092bbf3c85feacda5c1bce?s=96&d=mm&r=g\",\"contentUrl\":\"https:\/\/secure.gravatar.com\/avatar\/777b90ab56092bbf3c85feacda5c1bce?s=96&d=mm&r=g\",\"caption\":\"upwork_2\"},\"url\":\"https:\/\/www.m-q.ch\/it\/author\/upwork_2\/\"}]}<\/script>\n<!-- \/ Yoast SEO plugin. -->","yoast_head_json":{"title":"Hannes mette in pratica la missione - MQ Management und Qualit\u00e4t","description":"Hannes torna al suo posto di lavoro. Ha trascorso gli ultimi due giorni in un piacevole hotel per seminari in un workshop di ritiro.","robots":{"index":"index","follow":"follow","max-snippet":"max-snippet:-1","max-image-preview":"max-image-preview:large","max-video-preview":"max-video-preview:-1"},"canonical":"https:\/\/www.m-q.ch\/it\/hannes-attua-la-dichiarazione-di-missione\/","og_locale":"it_IT","og_type":"article","og_title":"Hannes setzt das Leitbild um - MQ Management und Qualit\u00e4t","og_description":"Hannes kehrt an seinen Arbeitsplatzzur\u00fcck. Die vergangenenbeiden Tage verbrachteer in einem angenehmenSeminarhotel in einemKlausurworkshop.","og_url":"https:\/\/www.m-q.ch\/it\/hannes-attua-la-dichiarazione-di-missione\/","og_site_name":"MQ Management und Qualit\u00e4t","article_publisher":"https:\/\/www.facebook.com\/ManagementUndQualitaet","article_published_time":"2015-12-23T07:32:48+00:00","article_modified_time":"2021-02-17T10:30:01+00:00","og_image":[{"width":876,"height":536,"url":"https:\/\/www.m-q.ch\/wp-content\/uploads\/2021\/02\/Hannes-setzt-das-Leitbild-um.jpg","type":"image\/jpeg"}],"author":"upwork_2","twitter_card":"summary_large_image","twitter_misc":{"Scritto da":"upwork_2","Tempo di lettura stimato":"3 minuti"},"schema":{"@context":"https:\/\/schema.org","@graph":[{"@type":"Article","@id":"https:\/\/www.m-q.ch\/hannes-setzt-das-leitbild-um\/#article","isPartOf":{"@id":"https:\/\/www.m-q.ch\/hannes-setzt-das-leitbild-um\/"},"author":{"name":"upwork_2","@id":"https:\/\/www.m-q.ch\/fr\/#\/schema\/person\/71f647a41e4a3e361e6230f5134f3ba9"},"headline":"Hannes setzt das Leitbild um","datePublished":"2015-12-23T07:32:48+00:00","dateModified":"2021-02-17T10:30:01+00:00","mainEntityOfPage":{"@id":"https:\/\/www.m-q.ch\/hannes-setzt-das-leitbild-um\/"},"wordCount":606,"publisher":{"@id":"https:\/\/www.m-q.ch\/fr\/#organization"},"image":{"@id":"https:\/\/www.m-q.ch\/hannes-setzt-das-leitbild-um\/#primaryimage"},"thumbnailUrl":"https:\/\/www.m-q.ch\/wp-content\/uploads\/2021\/02\/Hannes-setzt-das-Leitbild-um.jpg","keywords":["12\/2015"],"articleSection":["Allgemein"],"inLanguage":"it-IT"},{"@type":"WebPage","@id":"https:\/\/www.m-q.ch\/hannes-setzt-das-leitbild-um\/","url":"https:\/\/www.m-q.ch\/hannes-setzt-das-leitbild-um\/","name":"Hannes mette in pratica la missione - MQ Management und Qualit\u00e4t","isPartOf":{"@id":"https:\/\/www.m-q.ch\/fr\/#website"},"primaryImageOfPage":{"@id":"https:\/\/www.m-q.ch\/hannes-setzt-das-leitbild-um\/#primaryimage"},"image":{"@id":"https:\/\/www.m-q.ch\/hannes-setzt-das-leitbild-um\/#primaryimage"},"thumbnailUrl":"https:\/\/www.m-q.ch\/wp-content\/uploads\/2021\/02\/Hannes-setzt-das-Leitbild-um.jpg","datePublished":"2015-12-23T07:32:48+00:00","dateModified":"2021-02-17T10:30:01+00:00","description":"Hannes torna al suo posto di lavoro. Ha trascorso gli ultimi due giorni in un piacevole hotel per seminari in un workshop di ritiro.","breadcrumb":{"@id":"https:\/\/www.m-q.ch\/hannes-setzt-das-leitbild-um\/#breadcrumb"},"inLanguage":"it-IT","potentialAction":[{"@type":"ReadAction","target":["https:\/\/www.m-q.ch\/hannes-setzt-das-leitbild-um\/"]}]},{"@type":"ImageObject","inLanguage":"it-IT","@id":"https:\/\/www.m-q.ch\/hannes-setzt-das-leitbild-um\/#primaryimage","url":"https:\/\/www.m-q.ch\/wp-content\/uploads\/2021\/02\/Hannes-setzt-das-Leitbild-um.jpg","contentUrl":"https:\/\/www.m-q.ch\/wp-content\/uploads\/2021\/02\/Hannes-setzt-das-Leitbild-um.jpg","width":876,"height":536,"caption":"Hannes setzt das Leitbild um"},{"@type":"BreadcrumbList","@id":"https:\/\/www.m-q.ch\/hannes-setzt-das-leitbild-um\/#breadcrumb","itemListElement":[{"@type":"ListItem","position":1,"name":"Allgemein","item":"https:\/\/www.m-q.ch\/kategorie\/allgemein\/"},{"@type":"ListItem","position":2,"name":"Hannes setzt das Leitbild um"}]},{"@type":"WebSite","@id":"https:\/\/www.m-q.ch\/fr\/#website","url":"https:\/\/www.m-q.ch\/fr\/","name":"Gestione e qualit\u00e0 MQ","description":"Piattaforma per sistemi di gestione integrati.","publisher":{"@id":"https:\/\/www.m-q.ch\/fr\/#organization"},"potentialAction":[{"@type":"SearchAction","target":{"@type":"EntryPoint","urlTemplate":"https:\/\/www.m-q.ch\/fr\/?s={search_term_string}"},"query-input":{"@type":"PropertyValueSpecification","valueRequired":true,"valueName":"search_term_string"}}],"inLanguage":"it-IT"},{"@type":"Organization","@id":"https:\/\/www.m-q.ch\/fr\/#organization","name":"Galledia Fachmedien AG","url":"https:\/\/www.m-q.ch\/fr\/","logo":{"@type":"ImageObject","inLanguage":"it-IT","@id":"https:\/\/www.m-q.ch\/fr\/#\/schema\/logo\/image\/","url":"https:\/\/www.m-q.ch\/wp-content\/uploads\/2020\/12\/cropped-logo_small.png","contentUrl":"https:\/\/www.m-q.ch\/wp-content\/uploads\/2020\/12\/cropped-logo_small.png","width":512,"height":512,"caption":"Galledia Fachmedien AG"},"image":{"@id":"https:\/\/www.m-q.ch\/fr\/#\/schema\/logo\/image\/"},"sameAs":["https:\/\/www.facebook.com\/ManagementUndQualitaet","https:\/\/www.linkedin.com\/showcase\/17982321\/admin\/"]},{"@type":"Person","@id":"https:\/\/www.m-q.ch\/fr\/#\/schema\/person\/71f647a41e4a3e361e6230f5134f3ba9","name":"upwork_2","image":{"@type":"ImageObject","inLanguage":"it-IT","@id":"https:\/\/www.m-q.ch\/fr\/#\/schema\/person\/image\/","url":"https:\/\/secure.gravatar.com\/avatar\/777b90ab56092bbf3c85feacda5c1bce?s=96&d=mm&r=g","contentUrl":"https:\/\/secure.gravatar.com\/avatar\/777b90ab56092bbf3c85feacda5c1bce?s=96&d=mm&r=g","caption":"upwork_2"},"url":"https:\/\/www.m-q.ch\/it\/author\/upwork_2\/"}]}},"_links":{"self":[{"href":"https:\/\/www.m-q.ch\/it\/wp-json\/wp\/v2\/posts\/12460","targetHints":{"allow":["GET"]}}],"collection":[{"href":"https:\/\/www.m-q.ch\/it\/wp-json\/wp\/v2\/posts"}],"about":[{"href":"https:\/\/www.m-q.ch\/it\/wp-json\/wp\/v2\/types\/post"}],"author":[{"embeddable":true,"href":"https:\/\/www.m-q.ch\/it\/wp-json\/wp\/v2\/users\/62"}],"replies":[{"embeddable":true,"href":"https:\/\/www.m-q.ch\/it\/wp-json\/wp\/v2\/comments?post=12460"}],"version-history":[{"count":1,"href":"https:\/\/www.m-q.ch\/it\/wp-json\/wp\/v2\/posts\/12460\/revisions"}],"predecessor-version":[{"id":12539,"href":"https:\/\/www.m-q.ch\/it\/wp-json\/wp\/v2\/posts\/12460\/revisions\/12539"}],"wp:featuredmedia":[{"embeddable":true,"href":"https:\/\/www.m-q.ch\/it\/wp-json\/wp\/v2\/media\/12538"}],"wp:attachment":[{"href":"https:\/\/www.m-q.ch\/it\/wp-json\/wp\/v2\/media?parent=12460"}],"wp:term":[{"taxonomy":"category","embeddable":true,"href":"https:\/\/www.m-q.ch\/it\/wp-json\/wp\/v2\/categories?post=12460"},{"taxonomy":"post_tag","embeddable":true,"href":"https:\/\/www.m-q.ch\/it\/wp-json\/wp\/v2\/tags?post=12460"}],"curies":[{"name":"wp","href":"https:\/\/api.w.org\/{rel}","templated":true}]}}