{"id":12528,"date":"2014-11-19T08:11:15","date_gmt":"2014-11-19T07:11:15","guid":{"rendered":"https:\/\/www.m-q.ch\/?p=12528"},"modified":"2021-02-18T08:16:51","modified_gmt":"2021-02-18T07:16:51","slug":"inclusi-i-rischi-ecologici-e-sociali","status":"publish","type":"post","link":"https:\/\/www.m-q.ch\/it\/oekologische-und-soziale-risiken-miteinbeziehen\/","title":{"rendered":"\"Includere i rischi ambientali e sociali\"."},"content":{"rendered":"<p><img loading=\"lazy\" decoding=\"async\" class=\"alignnone size-full wp-image-12619\" src=\"https:\/\/www.m-q.ch\/wp-content\/uploads\/2021\/02\/Oekologische-und-soziale-Risiken-miteinbeziehen.jpg\" alt=\"&quot;Includere i rischi ambientali e sociali&quot;.\" width=\"837\" height=\"1395\" srcset=\"https:\/\/www.m-q.ch\/wp-content\/uploads\/2021\/02\/Oekologische-und-soziale-Risiken-miteinbeziehen.jpg 837w, https:\/\/www.m-q.ch\/wp-content\/uploads\/2021\/02\/Oekologische-und-soziale-Risiken-miteinbeziehen-768x1280.jpg 768w, https:\/\/www.m-q.ch\/wp-content\/uploads\/2021\/02\/Oekologische-und-soziale-Risiken-miteinbeziehen-7x12.jpg 7w, https:\/\/www.m-q.ch\/wp-content\/uploads\/2021\/02\/Oekologische-und-soziale-Risiken-miteinbeziehen-105x175.jpg 105w, https:\/\/www.m-q.ch\/wp-content\/uploads\/2021\/02\/Oekologische-und-soziale-Risiken-miteinbeziehen-210x350.jpg 210w, https:\/\/www.m-q.ch\/wp-content\/uploads\/2021\/02\/Oekologische-und-soziale-Risiken-miteinbeziehen-480x800.jpg 480w, https:\/\/www.m-q.ch\/wp-content\/uploads\/2021\/02\/Oekologische-und-soziale-Risiken-miteinbeziehen-300x500.jpg 300w\" sizes=\"auto, (max-width: 837px) 100vw, 837px\" \/><\/p>\n<p>&nbsp;<\/p>\n<p>&nbsp;<\/p>\n<p>&nbsp;<\/p>\n<p><strong>Signor Bakker, se dovesse scrivere un rapporto di sostenibilit\u00e0 su di lei, cosa direbbe?<\/strong><\/p>\n<p>&nbsp;<\/p>\n<p>Se dovessi davvero farlo, menzionerei certamente le mie miglia aeree. Nel mio ruolo di presidente del WBCSD, sono molto spesso in viaggio a livello globale e a volte volo intorno al mondo per un evento. Quindi le mie emissioni di CO2 sono molto consistenti. Un secondo punto chiave \u00e8 l'impatto sociale di quello che faccio. Cosa significa la mia assenza per la mia famiglia? Di conseguenza, mi chiedo: posso giustificare questo livello di emissioni e di assenza con la mia attivit\u00e0? Questo ci porta a un problema attuale: come posso misurare l'impatto delle mie azioni? Questa misurabilit\u00e0 manca ancora, soprattutto nel caso dei fattori sociali.<\/p>\n<p><strong>Cosa significa questo per le aziende?<\/strong><\/p>\n<p>&nbsp;<\/p>\n<p>Hanno esattamente lo stesso problema. I rapporti finanziari, la portata dei rischi finanziari sono definiti con precisione e viene stabilito un rapporto su di essi. Anche il capitale naturale pu\u00f2 ora essere misurato relativamente bene. Ma quando si tratta di capitale sociale, dipendenti e persone lungo tutta la catena del valore, siamo ancora indietro.<\/p>\n<p><strong>Quali sono le differenze nel reporting tra piccole e grandi aziende?<\/strong><\/p>\n<p>&nbsp;<\/p>\n<p>Fondamentalmente, la necessit\u00e0 di scrivere un rapporto di sostenibilit\u00e0 \u00e8 la stessa per ogni azienda, indipendentemente dalle dimensioni. Perch\u00e9 sia le piccole che le grandi aziende hanno vantaggi e svantaggi. I grandi hanno pi\u00f9 capacit\u00e0 di scrivere un rapporto di sostenibilit\u00e0. D'altra parte, la loro catena del valore \u00e8 molto pi\u00f9 complessa e difficile da monitorare rispetto a quella dei pi\u00f9 piccoli. Questi ultimi, a loro volta, si lamentano di non avere le risorse per scrivere un rapporto di sostenibilit\u00e0. Ma prima o poi, tutte le aziende dovranno affrontare questo problema. Dopo tutto, se le grandi aziende fanno un rapporto sulla loro catena del valore, le aziende pi\u00f9 piccole che possono far parte di quella catena dovranno alla fine raccogliere anche le cifre essenziali. \u00c8 importante mantenere il senso delle proporzioni: Una PMI non deve riferire su 40 argomenti diversi; forse da cinque a dieci indicatori sono sufficienti per descrivere l'impatto dell'azienda sull'ambiente.<\/p>\n<p><strong>Quali sono le tendenze attuali nel reporting di sostenibilit\u00e0?<\/strong><\/p>\n<p>&nbsp;<\/p>\n<p>La scena si sta sviluppando rapidamente. Le pressioni esterne sulle aziende, per esempio il riscaldamento globale e l'esaurimento delle nostre risorse, stanno crescendo. L'unico problema \u00e8 che non abbiamo ancora un linguaggio ottimale per il reporting dell'impatto aziendale. Per questo, abbiamo bisogno di sviluppare standard significativi per raggiungere la comparabilit\u00e0 nel reporting. Ma poich\u00e9 ci sono gi\u00e0 diversi standard come GRI (Global Reporting Initiative), SASB (Sustainability Accounting Standards Board) o IIRC (International Integrated Reporting Council), dobbiamo offrire supporto alle aziende in questo caso. Deve essere chiaro quali standard sono adatti a quale azienda. Questo \u00e8 il motivo per cui il WBCSD sta attualmente sviluppando una base decisionale per questo.<\/p>\n<p><strong>Un'altra tendenza \u00e8 che il reporting integrato sta guadagnando importanza. Perch\u00e9?<\/strong><\/p>\n<p>&nbsp;<\/p>\n<p>La separazione tra il reporting economico finanziario e il reporting di sostenibilit\u00e0 non finanziaria \u00e8 gi\u00e0 sbagliata nel suo approccio. Perch\u00e9 le decisioni di un'azienda dovrebbero includere aspetti finanziari, ambientali e sociali.<\/p>\n<p><strong>Oggi, per\u00f2, l'analisi dei rischi nella maggior parte delle aziende si riferisce solo ai rischi finanziari. <\/strong><\/p>\n<p>&nbsp;<\/p>\n<p>Esattamente, cos\u00ec come il prezzo delle azioni di una societ\u00e0 si basa sui suoi risultati finanziari. Quindi questo significa che questa separazione deve essere rimossa non solo nel reporting, ma nella governance aziendale in generale. Le aziende devono cambiare fondamentalmente il modo in cui prendono le decisioni oggi.<\/p>\n<p><strong>Pu\u00f2 fornire esempi attuali in cui i rischi sociali e ambientali giocano un ruolo importante per un'azienda?<\/strong><\/p>\n<p>&nbsp;<\/p>\n<p>Basta pensare all'Ebola. Chiss\u00e0, forse il virus Ebola si diffonder\u00e0 in Europa e diventer\u00e0 un'epidemia. Cosa significa per una fabbrica se improvvisamente la met\u00e0 dei suoi dipendenti \u00e8 senza lavoro? O prendiamo l'esempio del cambiamento climatico. In regioni che prima erano piuttosto secche, improvvisamente c'\u00e8 molta pi\u00f9 pioggia, ci sono pi\u00f9 smottamenti. Le fabbriche sono danneggiate o distrutte. Questo \u00e8 il tipo di rischio di cui un'azienda deve essere consapevole e capire. L'analisi del rischio dovrebbe quindi porre sempre pi\u00f9 domande sui fattori sociali e ambientali. In questo modo, un'azienda pu\u00f2 prendere decisioni migliori, analizzare e misurare meglio il proprio impatto e, infine, riferire meglio sugli effetti delle proprie azioni.<\/p>","protected":false},"excerpt":{"rendered":"<p>&nbsp; &nbsp; &nbsp; Herr Bakker, wenn Sie einen Nachhaltigkeitsbericht \u00fcber sich selbst schreiben m\u00fcssten, was st\u00fcnde da drin? &nbsp; Wenn ich das tats\u00e4chlich m\u00fcsste, w\u00fcrde ich sicher meine Flugmeilen erw\u00e4hnen. Ich bin in meiner Funktion als Pr\u00e4sident des WBCSD sehr oft global unterwegs und fliege f\u00fcr eine Veranstaltung auch mal rund um die Welt. Meine [&hellip;]<\/p>\n","protected":false},"author":66,"featured_media":12619,"comment_status":"closed","ping_status":"closed","sticky":false,"template":"","format":"standard","meta":{"_acf_changed":false,"footnotes":""},"categories":[1],"tags":[4800],"class_list":["post-12528","post","type-post","status-publish","format-standard","has-post-thumbnail","hentry","category-unkategorisiert","tag-11-2014"],"acf":[],"yoast_head":"<!-- This site is optimized with the Yoast SEO plugin v26.2 - https:\/\/yoast.com\/wordpress\/plugins\/seo\/ -->\n<title>\u00ab\u00d6kologische und soziale Risiken miteinbeziehen\u00bb - MQ Management und Qualit\u00e4t<\/title>\n<meta name=\"description\" content=\"Peter Bakker ist Pr\u00e4sident des Unternehmerverbandes World Business Council for Sustainable Development (WBCSD), der sich global f\u00fcr eine nachhaltige Wirtschaft einsetzt. Anfang Oktober sprach Bakker an einem Anlass seines Schweizer Netzwerkpartners \u00d6bu \u00fcber die Trends in der Nachhaltigkeitsberichterstattung. Im Interview erkl\u00e4rt er, warum die Risikoanalysen der Firmen in Zukunft vermehrt auch \u00f6kologische und soziale Risiken betrachten m\u00fcssen.\" \/>\n<meta name=\"robots\" content=\"index, follow, max-snippet:-1, max-image-preview:large, max-video-preview:-1\" \/>\n<link rel=\"canonical\" href=\"https:\/\/www.m-q.ch\/it\/inclusione-del-rischio-ambientale-e-sociale-2\/\" \/>\n<meta property=\"og:locale\" content=\"it_IT\" \/>\n<meta property=\"og:type\" content=\"article\" \/>\n<meta property=\"og:title\" content=\"\u00ab\u00d6kologische und soziale Risiken miteinbeziehen\u00bb - MQ Management und Qualit\u00e4t\" \/>\n<meta property=\"og:description\" content=\"Peter Bakker ist Pr\u00e4sident des Unternehmerverbandes World Business Council for Sustainable Development (WBCSD), der sich global f\u00fcr eine nachhaltige Wirtschaft einsetzt. Anfang Oktober sprach Bakker an einem Anlass seines Schweizer Netzwerkpartners \u00d6bu \u00fcber die Trends in der Nachhaltigkeitsberichterstattung. Im Interview erkl\u00e4rt er, warum die Risikoanalysen der Firmen in Zukunft vermehrt auch \u00f6kologische und soziale Risiken betrachten m\u00fcssen.\" \/>\n<meta property=\"og:url\" content=\"https:\/\/www.m-q.ch\/it\/inclusione-del-rischio-ambientale-e-sociale-2\/\" \/>\n<meta property=\"og:site_name\" content=\"MQ Management und Qualit\u00e4t\" \/>\n<meta property=\"article:publisher\" content=\"https:\/\/www.facebook.com\/ManagementUndQualitaet\" \/>\n<meta property=\"article:published_time\" content=\"2014-11-19T07:11:15+00:00\" \/>\n<meta property=\"article:modified_time\" content=\"2021-02-18T07:16:51+00:00\" \/>\n<meta property=\"og:image\" content=\"https:\/\/www.m-q.ch\/wp-content\/uploads\/2021\/02\/Oekologische-und-soziale-Risiken-miteinbeziehen.jpg\" \/>\n\t<meta property=\"og:image:width\" content=\"837\" \/>\n\t<meta property=\"og:image:height\" content=\"1395\" \/>\n\t<meta property=\"og:image:type\" content=\"image\/jpeg\" \/>\n<meta name=\"author\" content=\"upwork_1\" \/>\n<meta name=\"twitter:card\" content=\"summary_large_image\" \/>\n<meta name=\"twitter:label1\" content=\"Scritto da\" \/>\n\t<meta name=\"twitter:data1\" content=\"upwork_1\" \/>\n\t<meta name=\"twitter:label2\" content=\"Tempo di lettura stimato\" \/>\n\t<meta name=\"twitter:data2\" content=\"4 minuti\" \/>\n<script type=\"application\/ld+json\" class=\"yoast-schema-graph\">{\"@context\":\"https:\/\/schema.org\",\"@graph\":[{\"@type\":\"Article\",\"@id\":\"https:\/\/www.m-q.ch\/fr\/inclusion-des-risques-environnementaux-et-sociaux\/#article\",\"isPartOf\":{\"@id\":\"https:\/\/www.m-q.ch\/fr\/inclusion-des-risques-environnementaux-et-sociaux\/\"},\"author\":{\"name\":\"upwork_1\",\"@id\":\"https:\/\/www.m-q.ch\/fr\/#\/schema\/person\/0bdf39ca27d0b9b779f5b8af54b3f7d7\"},\"headline\":\"\u00ab\u00d6kologische und soziale Risiken miteinbeziehen\u00bb\",\"datePublished\":\"2014-11-19T07:11:15+00:00\",\"dateModified\":\"2021-02-18T07:16:51+00:00\",\"mainEntityOfPage\":{\"@id\":\"https:\/\/www.m-q.ch\/fr\/inclusion-des-risques-environnementaux-et-sociaux\/\"},\"wordCount\":724,\"publisher\":{\"@id\":\"https:\/\/www.m-q.ch\/fr\/#organization\"},\"image\":{\"@id\":\"https:\/\/www.m-q.ch\/fr\/inclusion-des-risques-environnementaux-et-sociaux\/#primaryimage\"},\"thumbnailUrl\":\"https:\/\/www.m-q.ch\/wp-content\/uploads\/2021\/02\/Oekologische-und-soziale-Risiken-miteinbeziehen.jpg\",\"keywords\":[\"11\/2014\"],\"articleSection\":[\"Unkategorisiert\"],\"inLanguage\":\"it-IT\"},{\"@type\":\"WebPage\",\"@id\":\"https:\/\/www.m-q.ch\/fr\/inclusion-des-risques-environnementaux-et-sociaux\/\",\"url\":\"https:\/\/www.m-q.ch\/fr\/inclusion-des-risques-environnementaux-et-sociaux\/\",\"name\":\"\u00ab\u00d6kologische und soziale Risiken miteinbeziehen\u00bb - MQ Management und Qualit\u00e4t\",\"isPartOf\":{\"@id\":\"https:\/\/www.m-q.ch\/fr\/#website\"},\"primaryImageOfPage\":{\"@id\":\"https:\/\/www.m-q.ch\/fr\/inclusion-des-risques-environnementaux-et-sociaux\/#primaryimage\"},\"image\":{\"@id\":\"https:\/\/www.m-q.ch\/fr\/inclusion-des-risques-environnementaux-et-sociaux\/#primaryimage\"},\"thumbnailUrl\":\"https:\/\/www.m-q.ch\/wp-content\/uploads\/2021\/02\/Oekologische-und-soziale-Risiken-miteinbeziehen.jpg\",\"datePublished\":\"2014-11-19T07:11:15+00:00\",\"dateModified\":\"2021-02-18T07:16:51+00:00\",\"description\":\"Peter Bakker ist Pr\u00e4sident des Unternehmerverbandes World Business Council for Sustainable Development (WBCSD), der sich global f\u00fcr eine nachhaltige Wirtschaft einsetzt. Anfang Oktober sprach Bakker an einem Anlass seines Schweizer Netzwerkpartners \u00d6bu \u00fcber die Trends in der Nachhaltigkeitsberichterstattung. Im Interview erkl\u00e4rt er, warum die Risikoanalysen der Firmen in Zukunft vermehrt auch \u00f6kologische und soziale Risiken betrachten m\u00fcssen.\",\"breadcrumb\":{\"@id\":\"https:\/\/www.m-q.ch\/fr\/inclusion-des-risques-environnementaux-et-sociaux\/#breadcrumb\"},\"inLanguage\":\"it-IT\",\"potentialAction\":[{\"@type\":\"ReadAction\",\"target\":[\"https:\/\/www.m-q.ch\/fr\/inclusion-des-risques-environnementaux-et-sociaux\/\"]}]},{\"@type\":\"ImageObject\",\"inLanguage\":\"it-IT\",\"@id\":\"https:\/\/www.m-q.ch\/fr\/inclusion-des-risques-environnementaux-et-sociaux\/#primaryimage\",\"url\":\"https:\/\/www.m-q.ch\/wp-content\/uploads\/2021\/02\/Oekologische-und-soziale-Risiken-miteinbeziehen.jpg\",\"contentUrl\":\"https:\/\/www.m-q.ch\/wp-content\/uploads\/2021\/02\/Oekologische-und-soziale-Risiken-miteinbeziehen.jpg\",\"width\":837,\"height\":1395,\"caption\":\"\u00ab\u00d6kologische und soziale Risiken miteinbeziehen\u00bb\"},{\"@type\":\"BreadcrumbList\",\"@id\":\"https:\/\/www.m-q.ch\/fr\/inclusion-des-risques-environnementaux-et-sociaux\/#breadcrumb\",\"itemListElement\":[{\"@type\":\"ListItem\",\"position\":1,\"name\":\"Unkategorisiert\",\"item\":\"https:\/\/www.m-q.ch\/it\/categoria\/senza-categoria\/\"},{\"@type\":\"ListItem\",\"position\":2,\"name\":\"\u00ab\u00d6kologische und soziale Risiken miteinbeziehen\u00bb\"}]},{\"@type\":\"WebSite\",\"@id\":\"https:\/\/www.m-q.ch\/fr\/#website\",\"url\":\"https:\/\/www.m-q.ch\/fr\/\",\"name\":\"MQ Management und Qualit\u00e4t\",\"description\":\"Plattform f\u00fcr integrierte Managementsysteme.\",\"publisher\":{\"@id\":\"https:\/\/www.m-q.ch\/fr\/#organization\"},\"potentialAction\":[{\"@type\":\"SearchAction\",\"target\":{\"@type\":\"EntryPoint\",\"urlTemplate\":\"https:\/\/www.m-q.ch\/fr\/?s={search_term_string}\"},\"query-input\":{\"@type\":\"PropertyValueSpecification\",\"valueRequired\":true,\"valueName\":\"search_term_string\"}}],\"inLanguage\":\"it-IT\"},{\"@type\":\"Organization\",\"@id\":\"https:\/\/www.m-q.ch\/fr\/#organization\",\"name\":\"Galledia Fachmedien AG\",\"url\":\"https:\/\/www.m-q.ch\/fr\/\",\"logo\":{\"@type\":\"ImageObject\",\"inLanguage\":\"it-IT\",\"@id\":\"https:\/\/www.m-q.ch\/fr\/#\/schema\/logo\/image\/\",\"url\":\"https:\/\/www.m-q.ch\/wp-content\/uploads\/2020\/12\/cropped-logo_small.png\",\"contentUrl\":\"https:\/\/www.m-q.ch\/wp-content\/uploads\/2020\/12\/cropped-logo_small.png\",\"width\":512,\"height\":512,\"caption\":\"Galledia Fachmedien AG\"},\"image\":{\"@id\":\"https:\/\/www.m-q.ch\/fr\/#\/schema\/logo\/image\/\"},\"sameAs\":[\"https:\/\/www.facebook.com\/ManagementUndQualitaet\",\"https:\/\/www.linkedin.com\/showcase\/17982321\/admin\/\"]},{\"@type\":\"Person\",\"@id\":\"https:\/\/www.m-q.ch\/fr\/#\/schema\/person\/0bdf39ca27d0b9b779f5b8af54b3f7d7\",\"name\":\"upwork_1\",\"image\":{\"@type\":\"ImageObject\",\"inLanguage\":\"it-IT\",\"@id\":\"https:\/\/www.m-q.ch\/fr\/#\/schema\/person\/image\/\",\"url\":\"https:\/\/secure.gravatar.com\/avatar\/04d4d0fdc5886d535809f17d0eace7f6?s=96&d=mm&r=g\",\"contentUrl\":\"https:\/\/secure.gravatar.com\/avatar\/04d4d0fdc5886d535809f17d0eace7f6?s=96&d=mm&r=g\",\"caption\":\"upwork_1\"},\"url\":\"https:\/\/www.m-q.ch\/it\/author\/upwork_1\/\"}]}<\/script>\n<!-- \/ Yoast SEO plugin. -->","yoast_head_json":{"title":"\"Compresi i rischi ecologici e sociali\" - MQ Gestione e Qualit\u00e0","description":"Peter Bakker \u00e8 presidente dell'associazione imprenditoriale World Business Council for Sustainable Development (WBCSD), che promuove il business sostenibile a livello globale. All'inizio di ottobre, Bakker ha parlato delle tendenze nel reporting della sostenibilit\u00e0 in un evento organizzato dal suo partner svizzero \u00d6bu. Nell'intervista, spiega perch\u00e9 le analisi dei rischi delle aziende dovranno sempre pi\u00f9 considerare i rischi ambientali e sociali in futuro.","robots":{"index":"index","follow":"follow","max-snippet":"max-snippet:-1","max-image-preview":"max-image-preview:large","max-video-preview":"max-video-preview:-1"},"canonical":"https:\/\/www.m-q.ch\/it\/inclusione-del-rischio-ambientale-e-sociale-2\/","og_locale":"it_IT","og_type":"article","og_title":"\u00ab\u00d6kologische und soziale Risiken miteinbeziehen\u00bb - MQ Management und Qualit\u00e4t","og_description":"Peter Bakker ist Pr\u00e4sident des Unternehmerverbandes World Business Council for Sustainable Development (WBCSD), der sich global f\u00fcr eine nachhaltige Wirtschaft einsetzt. Anfang Oktober sprach Bakker an einem Anlass seines Schweizer Netzwerkpartners \u00d6bu \u00fcber die Trends in der Nachhaltigkeitsberichterstattung. Im Interview erkl\u00e4rt er, warum die Risikoanalysen der Firmen in Zukunft vermehrt auch \u00f6kologische und soziale Risiken betrachten m\u00fcssen.","og_url":"https:\/\/www.m-q.ch\/it\/inclusione-del-rischio-ambientale-e-sociale-2\/","og_site_name":"MQ Management und Qualit\u00e4t","article_publisher":"https:\/\/www.facebook.com\/ManagementUndQualitaet","article_published_time":"2014-11-19T07:11:15+00:00","article_modified_time":"2021-02-18T07:16:51+00:00","og_image":[{"width":837,"height":1395,"url":"https:\/\/www.m-q.ch\/wp-content\/uploads\/2021\/02\/Oekologische-und-soziale-Risiken-miteinbeziehen.jpg","type":"image\/jpeg"}],"author":"upwork_1","twitter_card":"summary_large_image","twitter_misc":{"Scritto da":"upwork_1","Tempo di lettura stimato":"4 minuti"},"schema":{"@context":"https:\/\/schema.org","@graph":[{"@type":"Article","@id":"https:\/\/www.m-q.ch\/fr\/inclusion-des-risques-environnementaux-et-sociaux\/#article","isPartOf":{"@id":"https:\/\/www.m-q.ch\/fr\/inclusion-des-risques-environnementaux-et-sociaux\/"},"author":{"name":"upwork_1","@id":"https:\/\/www.m-q.ch\/fr\/#\/schema\/person\/0bdf39ca27d0b9b779f5b8af54b3f7d7"},"headline":"\u00ab\u00d6kologische und soziale Risiken miteinbeziehen\u00bb","datePublished":"2014-11-19T07:11:15+00:00","dateModified":"2021-02-18T07:16:51+00:00","mainEntityOfPage":{"@id":"https:\/\/www.m-q.ch\/fr\/inclusion-des-risques-environnementaux-et-sociaux\/"},"wordCount":724,"publisher":{"@id":"https:\/\/www.m-q.ch\/fr\/#organization"},"image":{"@id":"https:\/\/www.m-q.ch\/fr\/inclusion-des-risques-environnementaux-et-sociaux\/#primaryimage"},"thumbnailUrl":"https:\/\/www.m-q.ch\/wp-content\/uploads\/2021\/02\/Oekologische-und-soziale-Risiken-miteinbeziehen.jpg","keywords":["11\/2014"],"articleSection":["Unkategorisiert"],"inLanguage":"it-IT"},{"@type":"WebPage","@id":"https:\/\/www.m-q.ch\/fr\/inclusion-des-risques-environnementaux-et-sociaux\/","url":"https:\/\/www.m-q.ch\/fr\/inclusion-des-risques-environnementaux-et-sociaux\/","name":"\"Compresi i rischi ecologici e sociali\" - MQ Gestione e Qualit\u00e0","isPartOf":{"@id":"https:\/\/www.m-q.ch\/fr\/#website"},"primaryImageOfPage":{"@id":"https:\/\/www.m-q.ch\/fr\/inclusion-des-risques-environnementaux-et-sociaux\/#primaryimage"},"image":{"@id":"https:\/\/www.m-q.ch\/fr\/inclusion-des-risques-environnementaux-et-sociaux\/#primaryimage"},"thumbnailUrl":"https:\/\/www.m-q.ch\/wp-content\/uploads\/2021\/02\/Oekologische-und-soziale-Risiken-miteinbeziehen.jpg","datePublished":"2014-11-19T07:11:15+00:00","dateModified":"2021-02-18T07:16:51+00:00","description":"Peter Bakker \u00e8 presidente dell'associazione imprenditoriale World Business Council for Sustainable Development (WBCSD), che promuove il business sostenibile a livello globale. All'inizio di ottobre, Bakker ha parlato delle tendenze nel reporting della sostenibilit\u00e0 in un evento organizzato dal suo partner svizzero \u00d6bu. Nell'intervista, spiega perch\u00e9 le analisi dei rischi delle aziende dovranno sempre pi\u00f9 considerare i rischi ambientali e sociali in futuro.","breadcrumb":{"@id":"https:\/\/www.m-q.ch\/fr\/inclusion-des-risques-environnementaux-et-sociaux\/#breadcrumb"},"inLanguage":"it-IT","potentialAction":[{"@type":"ReadAction","target":["https:\/\/www.m-q.ch\/fr\/inclusion-des-risques-environnementaux-et-sociaux\/"]}]},{"@type":"ImageObject","inLanguage":"it-IT","@id":"https:\/\/www.m-q.ch\/fr\/inclusion-des-risques-environnementaux-et-sociaux\/#primaryimage","url":"https:\/\/www.m-q.ch\/wp-content\/uploads\/2021\/02\/Oekologische-und-soziale-Risiken-miteinbeziehen.jpg","contentUrl":"https:\/\/www.m-q.ch\/wp-content\/uploads\/2021\/02\/Oekologische-und-soziale-Risiken-miteinbeziehen.jpg","width":837,"height":1395,"caption":"\u00ab\u00d6kologische und soziale Risiken miteinbeziehen\u00bb"},{"@type":"BreadcrumbList","@id":"https:\/\/www.m-q.ch\/fr\/inclusion-des-risques-environnementaux-et-sociaux\/#breadcrumb","itemListElement":[{"@type":"ListItem","position":1,"name":"Unkategorisiert","item":"https:\/\/www.m-q.ch\/it\/categoria\/senza-categoria\/"},{"@type":"ListItem","position":2,"name":"\u00ab\u00d6kologische und soziale Risiken miteinbeziehen\u00bb"}]},{"@type":"WebSite","@id":"https:\/\/www.m-q.ch\/fr\/#website","url":"https:\/\/www.m-q.ch\/fr\/","name":"Gestione e qualit\u00e0 MQ","description":"Piattaforma per sistemi di gestione integrati.","publisher":{"@id":"https:\/\/www.m-q.ch\/fr\/#organization"},"potentialAction":[{"@type":"SearchAction","target":{"@type":"EntryPoint","urlTemplate":"https:\/\/www.m-q.ch\/fr\/?s={search_term_string}"},"query-input":{"@type":"PropertyValueSpecification","valueRequired":true,"valueName":"search_term_string"}}],"inLanguage":"it-IT"},{"@type":"Organization","@id":"https:\/\/www.m-q.ch\/fr\/#organization","name":"Galledia Fachmedien AG","url":"https:\/\/www.m-q.ch\/fr\/","logo":{"@type":"ImageObject","inLanguage":"it-IT","@id":"https:\/\/www.m-q.ch\/fr\/#\/schema\/logo\/image\/","url":"https:\/\/www.m-q.ch\/wp-content\/uploads\/2020\/12\/cropped-logo_small.png","contentUrl":"https:\/\/www.m-q.ch\/wp-content\/uploads\/2020\/12\/cropped-logo_small.png","width":512,"height":512,"caption":"Galledia Fachmedien AG"},"image":{"@id":"https:\/\/www.m-q.ch\/fr\/#\/schema\/logo\/image\/"},"sameAs":["https:\/\/www.facebook.com\/ManagementUndQualitaet","https:\/\/www.linkedin.com\/showcase\/17982321\/admin\/"]},{"@type":"Person","@id":"https:\/\/www.m-q.ch\/fr\/#\/schema\/person\/0bdf39ca27d0b9b779f5b8af54b3f7d7","name":"upwork_1","image":{"@type":"ImageObject","inLanguage":"it-IT","@id":"https:\/\/www.m-q.ch\/fr\/#\/schema\/person\/image\/","url":"https:\/\/secure.gravatar.com\/avatar\/04d4d0fdc5886d535809f17d0eace7f6?s=96&d=mm&r=g","contentUrl":"https:\/\/secure.gravatar.com\/avatar\/04d4d0fdc5886d535809f17d0eace7f6?s=96&d=mm&r=g","caption":"upwork_1"},"url":"https:\/\/www.m-q.ch\/it\/author\/upwork_1\/"}]}},"_links":{"self":[{"href":"https:\/\/www.m-q.ch\/it\/wp-json\/wp\/v2\/posts\/12528","targetHints":{"allow":["GET"]}}],"collection":[{"href":"https:\/\/www.m-q.ch\/it\/wp-json\/wp\/v2\/posts"}],"about":[{"href":"https:\/\/www.m-q.ch\/it\/wp-json\/wp\/v2\/types\/post"}],"author":[{"embeddable":true,"href":"https:\/\/www.m-q.ch\/it\/wp-json\/wp\/v2\/users\/66"}],"replies":[{"embeddable":true,"href":"https:\/\/www.m-q.ch\/it\/wp-json\/wp\/v2\/comments?post=12528"}],"version-history":[{"count":1,"href":"https:\/\/www.m-q.ch\/it\/wp-json\/wp\/v2\/posts\/12528\/revisions"}],"predecessor-version":[{"id":12622,"href":"https:\/\/www.m-q.ch\/it\/wp-json\/wp\/v2\/posts\/12528\/revisions\/12622"}],"wp:featuredmedia":[{"embeddable":true,"href":"https:\/\/www.m-q.ch\/it\/wp-json\/wp\/v2\/media\/12619"}],"wp:attachment":[{"href":"https:\/\/www.m-q.ch\/it\/wp-json\/wp\/v2\/media?parent=12528"}],"wp:term":[{"taxonomy":"category","embeddable":true,"href":"https:\/\/www.m-q.ch\/it\/wp-json\/wp\/v2\/categories?post=12528"},{"taxonomy":"post_tag","embeddable":true,"href":"https:\/\/www.m-q.ch\/it\/wp-json\/wp\/v2\/tags?post=12528"}],"curies":[{"name":"wp","href":"https:\/\/api.w.org\/{rel}","templated":true}]}}