{"id":12684,"date":"2013-09-09T09:48:56","date_gmt":"2013-09-09T07:48:56","guid":{"rendered":"https:\/\/www.m-q.ch\/?p=12684"},"modified":"2021-02-18T09:59:28","modified_gmt":"2021-02-18T08:59:28","slug":"piu-di-un-giorno-di-mele","status":"publish","type":"post","link":"https:\/\/www.m-q.ch\/it\/mehr-als-ein-apfeltag\/","title":{"rendered":"Pi\u00f9 di un giorno di mele"},"content":{"rendered":"<p><img loading=\"lazy\" decoding=\"async\" class=\"alignnone size-full wp-image-12686\" src=\"https:\/\/www.m-q.ch\/wp-content\/uploads\/2021\/02\/Mehr-als-ein-Apfeltag.jpg\" alt=\"Pi\u00f9 di un giorno di mele\" width=\"857\" height=\"561\" srcset=\"https:\/\/www.m-q.ch\/wp-content\/uploads\/2021\/02\/Mehr-als-ein-Apfeltag.jpg 857w, https:\/\/www.m-q.ch\/wp-content\/uploads\/2021\/02\/Mehr-als-ein-Apfeltag-768x503.jpg 768w, https:\/\/www.m-q.ch\/wp-content\/uploads\/2021\/02\/Mehr-als-ein-Apfeltag-16x10.jpg 16w, https:\/\/www.m-q.ch\/wp-content\/uploads\/2021\/02\/Mehr-als-ein-Apfeltag-267x175.jpg 267w, https:\/\/www.m-q.ch\/wp-content\/uploads\/2021\/02\/Mehr-als-ein-Apfeltag-535x350.jpg 535w, https:\/\/www.m-q.ch\/wp-content\/uploads\/2021\/02\/Mehr-als-ein-Apfeltag-300x196.jpg 300w\" sizes=\"auto, (max-width: 857px) 100vw, 857px\" \/><\/p>\n<p>&nbsp;<\/p>\n<p>&nbsp;<\/p>\n<p>&nbsp;<\/p>\n<p><em><strong>D<\/strong><\/em>a gestione della salute sul lavoro \u00e8 di grande interesse. Le risposte di 270 partecipanti a un sondaggio online condotto nel marzo 2013 da Praxis-Br\u00fccke Seminare AG, Rheinfelden, e Motio AG, Lyss, forniscono una buona panoramica della situazione attuale delle PMI svizzere.<\/p>\n<p><strong>Alta approvazione<\/strong><\/p>\n<p>&nbsp;<\/p>\n<p>Il 92% degli intervistati \u00e8 personalmente interessato a temi legati alla gestione della salute sul lavoro. Questo non \u00e8 sorprendente. Sempre pi\u00f9 spesso, le elevate esigenze professionali e la pressione associata alla performance stanno lasciando il segno su ogni individuo. Il 41% sperimenta il proprio lavoro come psicologicamente e nervosamente stressante. I rischi psicosociali pi\u00f9 comuni sono lo stress, la pressione del tempo, il nervosismo e la tensione sul lavoro. Il mobbing come rischio particolarmente grave si verifica con relativa frequenza. Il numero di assenze per dipendente a tempo pieno in Svizzera va da sei a undici giorni, a seconda del settore, e lo stress da solo comporta costi annuali di 4,2 milioni di franchi, secondo le ultime cifre di Promozione Salute Svizzera.<\/p>\n<p>&nbsp;<\/p>\n<p>Il 57% delle imprese che hanno risposto al sondaggio impiega pi\u00f9 di 100 persone e pi\u00f9 della met\u00e0 degli intervistati sono dirigenti, direttori di stabilimento, responsabili delle risorse umane e membri di<\/p>\n<p>&nbsp;<\/p>\n<p><em><strong>PersonalAffection<\/strong><\/em><\/p>\n<p>&nbsp;<\/p>\n<p>quello della direzione. Il middle e upper management in particolare sono sotto pressione da un lato e hanno una funzione di modello dall'altro. I dirigenti sono le persone chiave quando si tratta della volont\u00e0 di rendimento, l'atmosfera di lavoro e la salute dell'azienda.<\/p>\n<p><strong>\u00c8 necessaria una visione pi\u00f9 ampia<\/strong><\/p>\n<p>&nbsp;<\/p>\n<p>Il 70% dei partecipanti al sondaggio vede la necessit\u00e0 e il beneficio di un sistema di gestione della salute nella propria azienda (Figura 1). Tuttavia, molti associano il termine BGM solo alla sicurezza sul lavoro o a misure preventive dirette per la salute - per esempio: \"Una mela al giorno toglie il medico di torno\". Queste azioni possono essere soluzioni valide per il breve termine. Tuttavia, c'\u00e8 di pi\u00f9 in una BGM modulare che l'introduzione di un \"giorno della mela\". Questo \u00e8 il motivo per cui un sistema di gestione della salute e della sicurezza sostenibile, a lungo termine e con costi ridotti dovrebbe concentrarsi sulle strutture di un'organizzazione, sui suoi processi e, non da ultimo, sulla sua cultura fin dall'inizio - perch\u00e9 l'introduzione della gestione della salute va regolarmente di pari passo con un cambiamento della cultura.<\/p>\n<p><strong>Quando mancano il tempo e le informazioni<\/strong><\/p>\n<p>&nbsp;<\/p>\n<p>Un buon quadro dello stato d'animo \u00e8 fornito dalle risposte a ci\u00f2 che ha impedito finora alle aziende di introdurre una gestione modulare della salute sul lavoro. Una possibile interpretazione del grafico 2 \u00e8 che la forza lavoro e i manager delle PMI stanno gi\u00e0 lavorando al limite superiore e non c'\u00e8 spazio per nuovi argomenti - con tutti i rischi per l'individuo. La mancanza di risorse di tempo sembra essere un ostacolo pi\u00f9 grande del fattore costo. Inoltre, alcune aziende mancano di informazioni dettagliate sull'introduzione della gestione della salute sul lavoro. Qui, le reti industriali regolari come piattaforma per la raccolta e lo scambio di informazioni potrebbero essere una soluzione valida.<\/p>\n<p>&nbsp;<\/p>\n<p>Anche la risposta alla domanda: quanta responsabilit\u00e0 dovrebbe assumere un'azienda per la salute dei suoi dipendenti \u00e8 stata interessante. Il 74% \u00e8 dell'opinione che l'azienda dovrebbe prendersi cura della salute al di l\u00e0 dei requisiti legali (grafico 3). Il risultato \u00e8 probabilmente cos\u00ec chiaro perch\u00e9, come gi\u00e0 menzionato sopra, lo stress, la pressione delle prestazioni e i conflitti nell'ambiente professionale sono direttamente collegati alla salute dei dipendenti.<\/p>\n<p><strong>Benefici tangibili per tutti<\/strong><\/p>\n<p>&nbsp;<\/p>\n<p>Il potenziale di una gestione della salute sul lavoro ben implementata \u00e8 multidimensionale. Questo \u00e8 dimostrato anche dalle risposte alla domanda sulle possibilit\u00e0 di una gestione della salute sul lavoro per un'azienda: Ognuno dei 270 partecipanti<\/p>\n<p>&nbsp;<\/p>\n<p><em><strong>BGM - pool multiplo di esigenze<\/strong><\/em><\/p>\n<p>&nbsp;<\/p>\n<p>in media, sono state spuntate sei opportunit\u00e0. Questo illustra che c'\u00e8 un pool multiplo di esigenze dietro il tema della gestione della salute sul lavoro (Figura 4).<\/p>\n<p>&nbsp;<\/p>\n<p>E cosa ci guadagna il datore di lavoro? Secondo Promozione Salute Svizzera, tra il dodici e il 34% delle assenze pu\u00f2 essere ridotto. Con 100 dipendenti, questo pu\u00f2 ammontare tra 50.000 e 150.000 CHF all'anno. Inoltre, una buona atmosfera di lavoro aumenta quasi automaticamente la motivazione e quindi la produttivit\u00e0. Un altro punto \u00e8 l'umanizzazione del lavoro, quando i processi di lavoro sono adattati ai bisogni dei dipendenti. In questo modo, il datore di lavoro \u00e8 considerato \"attraente\" sul mercato e assicura cos\u00ec la sua competitivit\u00e0.<\/p>\n<p>&nbsp;<\/p>\n<p>Per Hanspeter Fausch, amministratore delegato di Praxis-Br\u00fccke Seminars, \u00e8 chiaro: \"BGM \u00e8 effettivamente un argomento con un alto 'sex appeal'. Secondo il nostro sondaggio, parecchie PMI lo hanno gi\u00e0 scoperto - ma non tutte ancora. L'attrattiva della BGM \u00e8 complessa e per esprimerla con una metafora: Qui, il denaro \u00e8 virtualmente sdraiato sulla strada. Chi ha riconosciuto questo pu\u00f2 dire alla fine: tutti hanno vinto! Il dipendente migliora la sua salute e il datore di lavoro ha un notevole risparmio sotto forma di meno assenze e fluttuazioni, nonch\u00e9 un aumento dimostrabile della produttivit\u00e0\".<\/p>\n<p>&nbsp;<\/p>\n<p>Una gran parte delle aziende che hanno partecipato all'indagine sta gi\u00e0 implementando i building block della gestione modulare della salute e alcune hanno gi\u00e0 riconosciuto che, oltre alle misure individuali di promozione della salute, la BGM ha a che fare soprattutto con lo sviluppo organizzativo, l'ottimizzazione dei processi e l'analisi delle procedure (Figura 5).<\/p>\n<p><strong>Migliorare i fondamentali<\/strong><\/p>\n<p>&nbsp;<\/p>\n<p>Per quanto riguarda la questione di come le PMI motivate possano avere un buon inizio sulla salute sul lavoro, Hanspeter Fausch dice: \"Il progetto sta o cade con il primo comandamento: la salute sul lavoro deve essere dichiarata una 'questione per il capo' al fine di ottenere miglioramenti sostenibili e visibili.<\/p>\n<p>&nbsp;<\/p>\n<p><em><strong>Strategia che paga<\/strong><\/em><\/p>\n<p>&nbsp;<\/p>\n<p>per ottenere miglioramenti. Prima di poter discutere di misure adeguate per la promozione della salute, viene effettuata una solida analisi delle condizioni interne. Molte aziende cercano un supporto esterno per esaminare la strategia, i processi e la cultura aziendale da una prospettiva esterna, per trovare punti di partenza e creare una base per le decisioni su come procedere. Solo allora si decide quali interventi e cambiamenti si adattano alla situazione individuale dell'azienda\".<\/p>\n<p>&nbsp;<\/p>\n<p>Conclusione: un BGM \u00e8 promettente, se fin dall'inizio la vista \u00e8 posta sull'intera organizzazione con le sue strutture e processi, gli esseri umani e la loro cultura aziendale individuale.<\/p>","protected":false},"excerpt":{"rendered":"<p>&nbsp; &nbsp; &nbsp; Das Interesse am Betrieblichen Gesundheits-Management ist gross. Die Antworten von 270 Teilnehmern einer Online-Befragung im M\u00e4rz 2013 durch die Praxis-Br\u00fccke Seminare AG, Rheinfelden, und die Motio AG, Lyss, geben einen guten \u00dcberblick \u00fcber die aktuelle Situation in Schweizer KMUs. Hohe Zustimmung &nbsp; 92 Prozent der Befragten interessieren sich pers\u00f6nlich f\u00fcr Themen rund [&hellip;]<\/p>\n","protected":false},"author":66,"featured_media":12686,"comment_status":"closed","ping_status":"closed","sticky":false,"template":"","format":"standard","meta":{"_acf_changed":false,"footnotes":""},"categories":[5],"tags":[4804],"class_list":["post-12684","post","type-post","status-publish","format-standard","has-post-thumbnail","hentry","category-business_excellence","tag-9-2013"],"acf":[],"yoast_head":"<!-- This site is optimized with the Yoast SEO plugin v26.2 - https:\/\/yoast.com\/wordpress\/plugins\/seo\/ -->\n<title>Mehr als ein Apfeltag - MQ Management und Qualit\u00e4t<\/title>\n<meta name=\"description\" content=\"Dort, wo Unternehmen ihre Mitarbeiterinnen und Mitarbeiter als Leistungstr\u00e4ger und nicht als Kostenfaktor einstufen, hat die Einf\u00fchrung eines Betrieblichen Gesundheits-Managements (BGM) gute Chancen.\" \/>\n<meta name=\"robots\" content=\"index, follow, max-snippet:-1, max-image-preview:large, max-video-preview:-1\" \/>\n<link rel=\"canonical\" href=\"https:\/\/www.m-q.ch\/it\/piu-di-un-giorno-di-mele\/\" \/>\n<meta property=\"og:locale\" content=\"it_IT\" \/>\n<meta property=\"og:type\" content=\"article\" \/>\n<meta property=\"og:title\" content=\"Mehr als ein Apfeltag - MQ Management und Qualit\u00e4t\" \/>\n<meta property=\"og:description\" content=\"Dort, wo Unternehmen ihre Mitarbeiterinnen und Mitarbeiter als Leistungstr\u00e4ger und nicht als Kostenfaktor einstufen, hat die Einf\u00fchrung eines Betrieblichen Gesundheits-Managements (BGM) gute Chancen.\" \/>\n<meta property=\"og:url\" content=\"https:\/\/www.m-q.ch\/it\/piu-di-un-giorno-di-mele\/\" \/>\n<meta property=\"og:site_name\" content=\"MQ Management und Qualit\u00e4t\" \/>\n<meta property=\"article:publisher\" content=\"https:\/\/www.facebook.com\/ManagementUndQualitaet\" \/>\n<meta property=\"article:published_time\" content=\"2013-09-09T07:48:56+00:00\" \/>\n<meta property=\"article:modified_time\" content=\"2021-02-18T08:59:28+00:00\" \/>\n<meta property=\"og:image\" content=\"https:\/\/www.m-q.ch\/wp-content\/uploads\/2021\/02\/Mehr-als-ein-Apfeltag.jpg\" \/>\n\t<meta property=\"og:image:width\" content=\"857\" \/>\n\t<meta property=\"og:image:height\" content=\"561\" \/>\n\t<meta property=\"og:image:type\" content=\"image\/jpeg\" \/>\n<meta name=\"author\" content=\"upwork_1\" \/>\n<meta name=\"twitter:card\" content=\"summary_large_image\" \/>\n<meta name=\"twitter:label1\" content=\"Scritto da\" \/>\n\t<meta name=\"twitter:data1\" content=\"upwork_1\" \/>\n\t<meta name=\"twitter:label2\" content=\"Tempo di lettura stimato\" \/>\n\t<meta name=\"twitter:data2\" content=\"5 minuti\" \/>\n<script type=\"application\/ld+json\" class=\"yoast-schema-graph\">{\"@context\":\"https:\/\/schema.org\",\"@graph\":[{\"@type\":\"Article\",\"@id\":\"https:\/\/www.m-q.ch\/mehr-als-ein-apfeltag\/#article\",\"isPartOf\":{\"@id\":\"https:\/\/www.m-q.ch\/mehr-als-ein-apfeltag\/\"},\"author\":{\"name\":\"upwork_1\",\"@id\":\"https:\/\/www.m-q.ch\/fr\/#\/schema\/person\/0bdf39ca27d0b9b779f5b8af54b3f7d7\"},\"headline\":\"Mehr als ein Apfeltag\",\"datePublished\":\"2013-09-09T07:48:56+00:00\",\"dateModified\":\"2021-02-18T08:59:28+00:00\",\"mainEntityOfPage\":{\"@id\":\"https:\/\/www.m-q.ch\/mehr-als-ein-apfeltag\/\"},\"wordCount\":978,\"publisher\":{\"@id\":\"https:\/\/www.m-q.ch\/fr\/#organization\"},\"image\":{\"@id\":\"https:\/\/www.m-q.ch\/mehr-als-ein-apfeltag\/#primaryimage\"},\"thumbnailUrl\":\"https:\/\/www.m-q.ch\/wp-content\/uploads\/2021\/02\/Mehr-als-ein-Apfeltag.jpg\",\"keywords\":[\"9\/2013\"],\"articleSection\":[\"Business Excellence\"],\"inLanguage\":\"it-IT\"},{\"@type\":\"WebPage\",\"@id\":\"https:\/\/www.m-q.ch\/mehr-als-ein-apfeltag\/\",\"url\":\"https:\/\/www.m-q.ch\/mehr-als-ein-apfeltag\/\",\"name\":\"Mehr als ein Apfeltag - MQ Management und Qualit\u00e4t\",\"isPartOf\":{\"@id\":\"https:\/\/www.m-q.ch\/fr\/#website\"},\"primaryImageOfPage\":{\"@id\":\"https:\/\/www.m-q.ch\/mehr-als-ein-apfeltag\/#primaryimage\"},\"image\":{\"@id\":\"https:\/\/www.m-q.ch\/mehr-als-ein-apfeltag\/#primaryimage\"},\"thumbnailUrl\":\"https:\/\/www.m-q.ch\/wp-content\/uploads\/2021\/02\/Mehr-als-ein-Apfeltag.jpg\",\"datePublished\":\"2013-09-09T07:48:56+00:00\",\"dateModified\":\"2021-02-18T08:59:28+00:00\",\"description\":\"Dort, wo Unternehmen ihre Mitarbeiterinnen und Mitarbeiter als Leistungstr\u00e4ger und nicht als Kostenfaktor einstufen, hat die Einf\u00fchrung eines Betrieblichen Gesundheits-Managements (BGM) gute Chancen.\",\"breadcrumb\":{\"@id\":\"https:\/\/www.m-q.ch\/mehr-als-ein-apfeltag\/#breadcrumb\"},\"inLanguage\":\"it-IT\",\"potentialAction\":[{\"@type\":\"ReadAction\",\"target\":[\"https:\/\/www.m-q.ch\/mehr-als-ein-apfeltag\/\"]}]},{\"@type\":\"ImageObject\",\"inLanguage\":\"it-IT\",\"@id\":\"https:\/\/www.m-q.ch\/mehr-als-ein-apfeltag\/#primaryimage\",\"url\":\"https:\/\/www.m-q.ch\/wp-content\/uploads\/2021\/02\/Mehr-als-ein-Apfeltag.jpg\",\"contentUrl\":\"https:\/\/www.m-q.ch\/wp-content\/uploads\/2021\/02\/Mehr-als-ein-Apfeltag.jpg\",\"width\":857,\"height\":561,\"caption\":\"Mehr als ein Apfeltag\"},{\"@type\":\"BreadcrumbList\",\"@id\":\"https:\/\/www.m-q.ch\/mehr-als-ein-apfeltag\/#breadcrumb\",\"itemListElement\":[{\"@type\":\"ListItem\",\"position\":1,\"name\":\"Business Excellence\",\"item\":\"https:\/\/www.m-q.ch\/kategorie\/business_excellence\/\"},{\"@type\":\"ListItem\",\"position\":2,\"name\":\"Mehr als ein Apfeltag\"}]},{\"@type\":\"WebSite\",\"@id\":\"https:\/\/www.m-q.ch\/fr\/#website\",\"url\":\"https:\/\/www.m-q.ch\/fr\/\",\"name\":\"MQ Management und Qualit\u00e4t\",\"description\":\"Plattform f\u00fcr integrierte Managementsysteme.\",\"publisher\":{\"@id\":\"https:\/\/www.m-q.ch\/fr\/#organization\"},\"potentialAction\":[{\"@type\":\"SearchAction\",\"target\":{\"@type\":\"EntryPoint\",\"urlTemplate\":\"https:\/\/www.m-q.ch\/fr\/?s={search_term_string}\"},\"query-input\":{\"@type\":\"PropertyValueSpecification\",\"valueRequired\":true,\"valueName\":\"search_term_string\"}}],\"inLanguage\":\"it-IT\"},{\"@type\":\"Organization\",\"@id\":\"https:\/\/www.m-q.ch\/fr\/#organization\",\"name\":\"Galledia Fachmedien AG\",\"url\":\"https:\/\/www.m-q.ch\/fr\/\",\"logo\":{\"@type\":\"ImageObject\",\"inLanguage\":\"it-IT\",\"@id\":\"https:\/\/www.m-q.ch\/fr\/#\/schema\/logo\/image\/\",\"url\":\"https:\/\/www.m-q.ch\/wp-content\/uploads\/2020\/12\/cropped-logo_small.png\",\"contentUrl\":\"https:\/\/www.m-q.ch\/wp-content\/uploads\/2020\/12\/cropped-logo_small.png\",\"width\":512,\"height\":512,\"caption\":\"Galledia Fachmedien AG\"},\"image\":{\"@id\":\"https:\/\/www.m-q.ch\/fr\/#\/schema\/logo\/image\/\"},\"sameAs\":[\"https:\/\/www.facebook.com\/ManagementUndQualitaet\",\"https:\/\/www.linkedin.com\/showcase\/17982321\/admin\/\"]},{\"@type\":\"Person\",\"@id\":\"https:\/\/www.m-q.ch\/fr\/#\/schema\/person\/0bdf39ca27d0b9b779f5b8af54b3f7d7\",\"name\":\"upwork_1\",\"image\":{\"@type\":\"ImageObject\",\"inLanguage\":\"it-IT\",\"@id\":\"https:\/\/www.m-q.ch\/fr\/#\/schema\/person\/image\/\",\"url\":\"https:\/\/secure.gravatar.com\/avatar\/04d4d0fdc5886d535809f17d0eace7f6?s=96&d=mm&r=g\",\"contentUrl\":\"https:\/\/secure.gravatar.com\/avatar\/04d4d0fdc5886d535809f17d0eace7f6?s=96&d=mm&r=g\",\"caption\":\"upwork_1\"},\"url\":\"https:\/\/www.m-q.ch\/it\/author\/upwork_1\/\"}]}<\/script>\n<!-- \/ Yoast SEO plugin. -->","yoast_head_json":{"title":"Pi\u00f9 di un giorno di mele - MQ Gestione e Qualit\u00e0","description":"Laddove le aziende considerano i loro impiegati come top performer e non come un fattore di costo, l'introduzione della gestione della salute occupazionale (OHM) ha buone possibilit\u00e0.","robots":{"index":"index","follow":"follow","max-snippet":"max-snippet:-1","max-image-preview":"max-image-preview:large","max-video-preview":"max-video-preview:-1"},"canonical":"https:\/\/www.m-q.ch\/it\/piu-di-un-giorno-di-mele\/","og_locale":"it_IT","og_type":"article","og_title":"Mehr als ein Apfeltag - MQ Management und Qualit\u00e4t","og_description":"Dort, wo Unternehmen ihre Mitarbeiterinnen und Mitarbeiter als Leistungstr\u00e4ger und nicht als Kostenfaktor einstufen, hat die Einf\u00fchrung eines Betrieblichen Gesundheits-Managements (BGM) gute Chancen.","og_url":"https:\/\/www.m-q.ch\/it\/piu-di-un-giorno-di-mele\/","og_site_name":"MQ Management und Qualit\u00e4t","article_publisher":"https:\/\/www.facebook.com\/ManagementUndQualitaet","article_published_time":"2013-09-09T07:48:56+00:00","article_modified_time":"2021-02-18T08:59:28+00:00","og_image":[{"width":857,"height":561,"url":"https:\/\/www.m-q.ch\/wp-content\/uploads\/2021\/02\/Mehr-als-ein-Apfeltag.jpg","type":"image\/jpeg"}],"author":"upwork_1","twitter_card":"summary_large_image","twitter_misc":{"Scritto da":"upwork_1","Tempo di lettura stimato":"5 minuti"},"schema":{"@context":"https:\/\/schema.org","@graph":[{"@type":"Article","@id":"https:\/\/www.m-q.ch\/mehr-als-ein-apfeltag\/#article","isPartOf":{"@id":"https:\/\/www.m-q.ch\/mehr-als-ein-apfeltag\/"},"author":{"name":"upwork_1","@id":"https:\/\/www.m-q.ch\/fr\/#\/schema\/person\/0bdf39ca27d0b9b779f5b8af54b3f7d7"},"headline":"Mehr als ein Apfeltag","datePublished":"2013-09-09T07:48:56+00:00","dateModified":"2021-02-18T08:59:28+00:00","mainEntityOfPage":{"@id":"https:\/\/www.m-q.ch\/mehr-als-ein-apfeltag\/"},"wordCount":978,"publisher":{"@id":"https:\/\/www.m-q.ch\/fr\/#organization"},"image":{"@id":"https:\/\/www.m-q.ch\/mehr-als-ein-apfeltag\/#primaryimage"},"thumbnailUrl":"https:\/\/www.m-q.ch\/wp-content\/uploads\/2021\/02\/Mehr-als-ein-Apfeltag.jpg","keywords":["9\/2013"],"articleSection":["Business Excellence"],"inLanguage":"it-IT"},{"@type":"WebPage","@id":"https:\/\/www.m-q.ch\/mehr-als-ein-apfeltag\/","url":"https:\/\/www.m-q.ch\/mehr-als-ein-apfeltag\/","name":"Pi\u00f9 di un giorno di mele - MQ Gestione e Qualit\u00e0","isPartOf":{"@id":"https:\/\/www.m-q.ch\/fr\/#website"},"primaryImageOfPage":{"@id":"https:\/\/www.m-q.ch\/mehr-als-ein-apfeltag\/#primaryimage"},"image":{"@id":"https:\/\/www.m-q.ch\/mehr-als-ein-apfeltag\/#primaryimage"},"thumbnailUrl":"https:\/\/www.m-q.ch\/wp-content\/uploads\/2021\/02\/Mehr-als-ein-Apfeltag.jpg","datePublished":"2013-09-09T07:48:56+00:00","dateModified":"2021-02-18T08:59:28+00:00","description":"Laddove le aziende considerano i loro impiegati come top performer e non come un fattore di costo, l'introduzione della gestione della salute occupazionale (OHM) ha buone possibilit\u00e0.","breadcrumb":{"@id":"https:\/\/www.m-q.ch\/mehr-als-ein-apfeltag\/#breadcrumb"},"inLanguage":"it-IT","potentialAction":[{"@type":"ReadAction","target":["https:\/\/www.m-q.ch\/mehr-als-ein-apfeltag\/"]}]},{"@type":"ImageObject","inLanguage":"it-IT","@id":"https:\/\/www.m-q.ch\/mehr-als-ein-apfeltag\/#primaryimage","url":"https:\/\/www.m-q.ch\/wp-content\/uploads\/2021\/02\/Mehr-als-ein-Apfeltag.jpg","contentUrl":"https:\/\/www.m-q.ch\/wp-content\/uploads\/2021\/02\/Mehr-als-ein-Apfeltag.jpg","width":857,"height":561,"caption":"Mehr als ein Apfeltag"},{"@type":"BreadcrumbList","@id":"https:\/\/www.m-q.ch\/mehr-als-ein-apfeltag\/#breadcrumb","itemListElement":[{"@type":"ListItem","position":1,"name":"Business Excellence","item":"https:\/\/www.m-q.ch\/kategorie\/business_excellence\/"},{"@type":"ListItem","position":2,"name":"Mehr als ein Apfeltag"}]},{"@type":"WebSite","@id":"https:\/\/www.m-q.ch\/fr\/#website","url":"https:\/\/www.m-q.ch\/fr\/","name":"Gestione e qualit\u00e0 MQ","description":"Piattaforma per sistemi di gestione integrati.","publisher":{"@id":"https:\/\/www.m-q.ch\/fr\/#organization"},"potentialAction":[{"@type":"SearchAction","target":{"@type":"EntryPoint","urlTemplate":"https:\/\/www.m-q.ch\/fr\/?s={search_term_string}"},"query-input":{"@type":"PropertyValueSpecification","valueRequired":true,"valueName":"search_term_string"}}],"inLanguage":"it-IT"},{"@type":"Organization","@id":"https:\/\/www.m-q.ch\/fr\/#organization","name":"Galledia Fachmedien AG","url":"https:\/\/www.m-q.ch\/fr\/","logo":{"@type":"ImageObject","inLanguage":"it-IT","@id":"https:\/\/www.m-q.ch\/fr\/#\/schema\/logo\/image\/","url":"https:\/\/www.m-q.ch\/wp-content\/uploads\/2020\/12\/cropped-logo_small.png","contentUrl":"https:\/\/www.m-q.ch\/wp-content\/uploads\/2020\/12\/cropped-logo_small.png","width":512,"height":512,"caption":"Galledia Fachmedien AG"},"image":{"@id":"https:\/\/www.m-q.ch\/fr\/#\/schema\/logo\/image\/"},"sameAs":["https:\/\/www.facebook.com\/ManagementUndQualitaet","https:\/\/www.linkedin.com\/showcase\/17982321\/admin\/"]},{"@type":"Person","@id":"https:\/\/www.m-q.ch\/fr\/#\/schema\/person\/0bdf39ca27d0b9b779f5b8af54b3f7d7","name":"upwork_1","image":{"@type":"ImageObject","inLanguage":"it-IT","@id":"https:\/\/www.m-q.ch\/fr\/#\/schema\/person\/image\/","url":"https:\/\/secure.gravatar.com\/avatar\/04d4d0fdc5886d535809f17d0eace7f6?s=96&d=mm&r=g","contentUrl":"https:\/\/secure.gravatar.com\/avatar\/04d4d0fdc5886d535809f17d0eace7f6?s=96&d=mm&r=g","caption":"upwork_1"},"url":"https:\/\/www.m-q.ch\/it\/author\/upwork_1\/"}]}},"_links":{"self":[{"href":"https:\/\/www.m-q.ch\/it\/wp-json\/wp\/v2\/posts\/12684","targetHints":{"allow":["GET"]}}],"collection":[{"href":"https:\/\/www.m-q.ch\/it\/wp-json\/wp\/v2\/posts"}],"about":[{"href":"https:\/\/www.m-q.ch\/it\/wp-json\/wp\/v2\/types\/post"}],"author":[{"embeddable":true,"href":"https:\/\/www.m-q.ch\/it\/wp-json\/wp\/v2\/users\/66"}],"replies":[{"embeddable":true,"href":"https:\/\/www.m-q.ch\/it\/wp-json\/wp\/v2\/comments?post=12684"}],"version-history":[{"count":1,"href":"https:\/\/www.m-q.ch\/it\/wp-json\/wp\/v2\/posts\/12684\/revisions"}],"predecessor-version":[{"id":12690,"href":"https:\/\/www.m-q.ch\/it\/wp-json\/wp\/v2\/posts\/12684\/revisions\/12690"}],"wp:featuredmedia":[{"embeddable":true,"href":"https:\/\/www.m-q.ch\/it\/wp-json\/wp\/v2\/media\/12686"}],"wp:attachment":[{"href":"https:\/\/www.m-q.ch\/it\/wp-json\/wp\/v2\/media?parent=12684"}],"wp:term":[{"taxonomy":"category","embeddable":true,"href":"https:\/\/www.m-q.ch\/it\/wp-json\/wp\/v2\/categories?post=12684"},{"taxonomy":"post_tag","embeddable":true,"href":"https:\/\/www.m-q.ch\/it\/wp-json\/wp\/v2\/tags?post=12684"}],"curies":[{"name":"wp","href":"https:\/\/api.w.org\/{rel}","templated":true}]}}