{"id":1281,"date":"2017-03-22T11:32:44","date_gmt":"2017-03-22T10:32:44","guid":{"rendered":"https:\/\/www.m-q.ch\/?p=1281"},"modified":"2017-03-22T15:43:51","modified_gmt":"2017-03-22T14:43:51","slug":"1281-2","status":"publish","type":"post","link":"https:\/\/www.m-q.ch\/it\/1281-2\/","title":{"rendered":"Potenziale e rischi di una democrazia in un mondo digitalizzato"},"content":{"rendered":"<p>&nbsp;<\/p>\n<p>&nbsp;<\/p>\n<figure id=\"attachment_1282\" aria-describedby=\"caption-attachment-1282\" style=\"width: 680px\" class=\"wp-caption alignnone\"><img loading=\"lazy\" decoding=\"async\" class=\"size-medium wp-image-1282\" src=\"https:\/\/www.m-q.ch\/wp-content\/uploads\/2017\/03\/Potenzial-und-Risiken-der-Demokratie-mq-managment-u-qualit\u00e4t-680x454.jpg\" alt=\"\" width=\"680\" height=\"454\" srcset=\"https:\/\/www.m-q.ch\/wp-content\/uploads\/2017\/03\/Potenzial-und-Risiken-der-Demokratie-mq-managment-u-qualit\u00e4t-680x454.jpg 680w, https:\/\/www.m-q.ch\/wp-content\/uploads\/2017\/03\/Potenzial-und-Risiken-der-Demokratie-mq-managment-u-qualit\u00e4t-768x513.jpg 768w, https:\/\/www.m-q.ch\/wp-content\/uploads\/2017\/03\/Potenzial-und-Risiken-der-Demokratie-mq-managment-u-qualit\u00e4t-16x12.jpg 16w, https:\/\/www.m-q.ch\/wp-content\/uploads\/2017\/03\/Potenzial-und-Risiken-der-Demokratie-mq-managment-u-qualit\u00e4t-262x175.jpg 262w, https:\/\/www.m-q.ch\/wp-content\/uploads\/2017\/03\/Potenzial-und-Risiken-der-Demokratie-mq-managment-u-qualit\u00e4t-524x350.jpg 524w, https:\/\/www.m-q.ch\/wp-content\/uploads\/2017\/03\/Potenzial-und-Risiken-der-Demokratie-mq-managment-u-qualit\u00e4t-920x614.jpg 920w, https:\/\/www.m-q.ch\/wp-content\/uploads\/2017\/03\/Potenzial-und-Risiken-der-Demokratie-mq-managment-u-qualit\u00e4t-300x200.jpg 300w, https:\/\/www.m-q.ch\/wp-content\/uploads\/2017\/03\/Potenzial-und-Risiken-der-Demokratie-mq-managment-u-qualit\u00e4t-624x417.jpg 624w, https:\/\/www.m-q.ch\/wp-content\/uploads\/2017\/03\/Potenzial-und-Risiken-der-Demokratie-mq-managment-u-qualit\u00e4t.jpg 999w\" sizes=\"auto, (max-width: 680px) 100vw, 680px\" \/><figcaption id=\"caption-attachment-1282\" class=\"wp-caption-text\">Nella politica di oggi, parlare solo per un minuto \u00e8 molto tempo. (Immagine: Depositphotos_Khakimullin)<\/figcaption><\/figure>\n<p>Quali sono le potenzialit\u00e0 e i rischi della comunicazione politica per una democrazia? La digitalizzazione sta gi\u00e0 plasmando la forma, la natura e il contenuto del dibattito sociale e della formazione delle opinioni politiche. Molti esperti di media e di politica sono d'accordo su un aspetto: tutti noi tendiamo sempre pi\u00f9 a vivere nelle nostre \"bolle di filtraggio\".<\/p>\n<p>Determinati da algoritmi, arriviamo principalmente a vedere notizie e informazioni online che ci confermano ulteriormente nelle nostre opinioni. Le informazioni che sono estranee al nostro punto di vista spesso non sono nemmeno integrate nel nostro processo di formazione dell'opinione - senza che ne siamo consapevoli. Naturalmente, questo vale anche per il mondo offline. Perch\u00e9 anche qui, di solito, ci circondiamo di persone che hanno una visione del mondo simile. Cos\u00ec, la nostra opinione \u00e8 di solito confermata nell'ambiente sociale.<\/p>\n<p><strong>Filtro bolla o libert\u00e0 di informazione<\/strong><\/p>\n<p>Gli algoritmi software possono amplificare questo effetto molte volte. Siamo alla ricerca di nuove idee su come rompere gli effetti della bolla dei filtri. Sarebbe forse d'aiuto se ci fosse data la possibilit\u00e0 sui social media di vedere quello che qualcuno con un profilo \"opposto\" sta vedendo con un clic del mouse? Come verrebbe implementato e verificato questo in un mondo controllato da algoritmi?<\/p>\n<p>Non \u00e8 ancora chiaro quale effetto abbiano effettivamente le bolle di filtraggio nel contesto dei processi decisionali politici. Infine, Internet, specialmente i social media, apre anche opportunit\u00e0 senza precedenti per ottenere informazioni di tutti i tipi e per fare rete con utenti di tutto il mondo con prospettive diverse.<\/p>\n<p><strong>Sovraccarico e mancanza di autorit\u00e0 interpretativa<\/strong><\/p>\n<p>Troviamo anche sempre pi\u00f9 difficile valutare il contenuto dei media. Da un lato, questo \u00e8 dovuto alla sovrabbondanza di messaggi, canali ed emittenti con cui siamo confrontati quotidianamente. D'altra parte, soprattutto nel contesto dei social media, c'\u00e8 una lotta pronunciata per la sovranit\u00e0 interpretativa. Mancano dibattiti de-ideologizzati, basati sui fatti e indipendenti dagli interessi. Oppure ci sono troppi \"fatti\" contraddittori.<\/p>\n<p>Di conseguenza, alcune persone stanno diventando sempre pi\u00f9 scettiche e impotenti su come un processo decisionale informato ed equilibrato sar\u00e0 possibile in queste condizioni in futuro.<\/p>\n<p><strong>Opportunit\u00e0 per la democrazia<\/strong><\/p>\n<p>Un'adeguata partecipazione politica rappresenta un fondamento essenziale della democrazia. Oltre a fattori importanti come la libert\u00e0 di opinione e la libert\u00e0 di stampa, un discorso equilibrato in particolare \u00e8 anche un presupposto importante per informarsi e poter prendere decisioni competenti nei processi elettorali e di voto. La digitalizzazione rafforza la polarizzazione attraverso bolle di filtraggio e promuove dibattiti post-fattuali? O, al contrario, aiuta a mostrare la diversit\u00e0 di opinione e a vivere la trasparenza e l'interazione?<\/p>\n<p><em><strong>Tesi 1: Aumentare la trasparenza e l'inclusione ad ampio raggio<\/strong><\/em><\/p>\n<p><em>La digitalizzazione e la crescente rilevanza dei social media hanno portato ad abbassare anche le barriere alla partecipazione politica, e quindi ad una nuova apertura da parte dei politici. Questo permette un'inclusione di vasta portata. I cittadini possono impegnarsi direttamente nel dialogo con i politici di alto livello.<\/em><\/p>\n<p><em><strong>Tesi 2: Maggiore visibilit\u00e0 della critica<\/strong><\/em><\/p>\n<p><em>La crescente trasparenza permette alla popolazione di mostrare pi\u00f9 facilmente le critiche ma anche il disappunto e di fare rete per le proprie preoccupazioni. I dati non solo possono essere analizzati, ma anche facilmente visualizzati. Le connessioni diventano pi\u00f9 ovvie o persino scoperte di recente, che si tratti di cifre finanziarie, di sostanze inquinanti o di informazioni demografiche. <\/em><\/p>\n<p><em>Gruppi con interessi sociali, politici, ecologici o economici, cos\u00ec come istituzioni e organizzazioni governative, possono portare le loro preoccupazioni all'attenzione del pubblico molto rapidamente e facilmente. Nuove forme di collaborazione, come l'innovazione aperta o il crowdfunding, creano un potenziale di ampia partecipazione.<\/em><\/p>\n<p><em><strong>Tesi 3: I fatti invece delle parole nella partecipazione locale<\/strong><\/em><\/p>\n<p><em>C'\u00e8 anche un crescente interesse per i processi di partecipazione locale - per lo pi\u00f9 svolti o almeno supportati digitalmente - che aiutano ad aumentare l'accettazione delle decisioni politiche e la fiducia nei decisori e a sostenere soluzioni creative.<\/em><\/p>\n<p><em>Questo sviluppo \u00e8 in netto contrasto con il disincanto spesso proclamato nei confronti della politica, soprattutto tra le giovani generazioni. I cittadini pi\u00f9 giovani, in particolare, sono attivi dove sentono di poter effettivamente fare una differenza diretta. Per loro in particolare, le elezioni e i voti classici stanno diventando meno attraenti e quindi anche meno rilevanti.\u00a0<\/em><\/p>\n<p><em>Questo pu\u00f2 essere dovuto da un lato a una certa stanchezza da \"elezioni senza risultati\", ma dall'altro anche all'essere sopraffatti dalla complessit\u00e0 della questione e dalla quantit\u00e0 di contenuti, attori e interpretazioni.<\/em><\/p>\n<p><em><strong>Tesi 4: Aumentare la delega delle decisioni<\/strong><\/em><\/p>\n<p><em>Il successo dei partiti populisti suggerisce inoltre che la ponderazione indipendente e differenziata degli argomenti lascia sempre pi\u00f9 il posto a una delega dell'autorit\u00e0 decisionale al partito o alla persona pi\u00f9 persuasiva. Tuttavia, se si rinuncia a un'analisi elaborata degli argomenti, le dichiarazioni cariche di emozione, le personalit\u00e0 carismatiche e la promessa di misure possono convincere pi\u00f9 facilmente. <\/em><\/p>\n<blockquote><p>Per contrastare questo, nuovi meccanismi e idee sono attualmente in discussione. Per esempio, lo storico David Van Reybrouck propone pi\u00f9 organismi laici come ulteriore autorit\u00e0 di raccomandazione.<\/p><\/blockquote>\n<p>Un pi\u00f9 avanzato <a href=\"http:\/\/www.wallstein-verlag.de\/9783835318717-david-van-reybrouck-gegen-wahlen.html\">Link<\/a> su \"Pannelli di laici come ulteriore organo di raccomandazione\".<\/p>\n<p><strong>Conclusione: dare forma al futuro digitale <\/strong><\/p>\n<p>Affinch\u00e9 noi, come individui e come societ\u00e0, possiamo tenere il passo con l'avanzare della digitalizzazione, \u00e8 necessario un alto livello di competenza digitale e un impegno attivo. Questo richiede nuove competenze tecniche, ma anche la competenza per gestire l'informazione, l'incertezza e l'influenza attiva. \u00c8 necessario affrontare quotidianamente le controargomentazioni al di l\u00e0 della propria bolla di filtraggio.<\/p>\n<p>Socialmente, vale la pena promuovere un dialogo tra posizioni sempre pi\u00f9 polarizzate on- e offline. La politica e il settore pubblico possono aiutare a colmare i divari digitali. Le aziende e gli individui sono sfidati a padroneggiare la trasformazione, specialmente nell'area della comunicazione e della partecipazione politica. Altrimenti, corriamo il rischio di diventare pedine di un gioco le cui regole sono scritte da influenti decisori e influenzatori.<\/p>\n<p>Il percorso di co-progettazione attiva \u00e8 costoso. Farsi coinvolgere da soli pu\u00f2 essere sgradevole. Le ricompense sono processi di formazione dell'opinione informati e una societ\u00e0 che sviluppa e vive la sua democrazia in modo partecipativo.<\/p>\n<p><a href=\"http:\/\/www.risiko-dialog.ch\">www.risiko-dialog.ch<\/a><\/p>\n<p>&nbsp;<\/p>\n<p><strong>Mettersi in gioco pu\u00f2 essere scomodo perch\u00e9 il mondo \u00e8 in rapida evoluzione. Vedere le attivit\u00e0 dei social media in \"<a href=\"http:\/\/www.visualcapitalist.com\/what-happens-internet-minute-2016\">Un minuto di Internet<\/a>\u201e:<\/strong><\/p>\n<p><img loading=\"lazy\" decoding=\"async\" class=\"alignnone wp-image-1284 size-medium\" src=\"https:\/\/www.m-q.ch\/wp-content\/uploads\/2017\/03\/internet-minute-2016-680x773.png\" alt=\"\" width=\"680\" height=\"773\" srcset=\"https:\/\/www.m-q.ch\/wp-content\/uploads\/2017\/03\/internet-minute-2016-680x773.png 680w, https:\/\/www.m-q.ch\/wp-content\/uploads\/2017\/03\/internet-minute-2016-11x12.png 11w, https:\/\/www.m-q.ch\/wp-content\/uploads\/2017\/03\/internet-minute-2016-154x175.png 154w, https:\/\/www.m-q.ch\/wp-content\/uploads\/2017\/03\/internet-minute-2016-308x350.png 308w, https:\/\/www.m-q.ch\/wp-content\/uploads\/2017\/03\/internet-minute-2016-704x800.png 704w, https:\/\/www.m-q.ch\/wp-content\/uploads\/2017\/03\/internet-minute-2016-300x341.png 300w, https:\/\/www.m-q.ch\/wp-content\/uploads\/2017\/03\/internet-minute-2016-624x709.png 624w, https:\/\/www.m-q.ch\/wp-content\/uploads\/2017\/03\/internet-minute-2016.png 720w\" sizes=\"auto, (max-width: 680px) 100vw, 680px\" \/><\/p>\n<p>&nbsp;<\/p>\n<p>&nbsp;<\/p>\n<p>&nbsp;<\/p>\n<p>&nbsp;<\/p>\n<p>&nbsp;<\/p>\n<p>&nbsp;<\/p>\n<p>&nbsp;<\/p>\n<p>&nbsp;<\/p>\n<p>&nbsp;<\/p>","protected":false},"excerpt":{"rendered":"<p>&nbsp; &nbsp; Welche Potentiale und Risiken birgt die politische Kommunikation f\u00fcr eine Demokratie? Die Digitalisierung pr\u00e4gt heute schon Form, Art und Inhalte der gesellschaftlichen Debatte und politischen Meinungsfindung. In einem Aspekt sind sich viele Medien- und Politikexperten einig: Wir alle tendieren immer mehr dazu, in unseren eigenen &#8222;Filterblasen&#8220; zu leben. Bestimmt durch Algorithmen bekommen wir [&hellip;]<\/p>\n","protected":false},"author":35,"featured_media":1282,"comment_status":"open","ping_status":"open","sticky":false,"template":"","format":"standard","meta":{"_acf_changed":false,"footnotes":""},"categories":[4],"tags":[3499,3372],"class_list":["post-1281","post","type-post","status-publish","format-standard","has-post-thumbnail","hentry","category-risikomanagement","tag-demokratie","tag-digitalisierung"],"acf":[],"yoast_head":"<!-- This site is optimized with the Yoast SEO plugin v26.2 - https:\/\/yoast.com\/wordpress\/plugins\/seo\/ -->\n<title>Potenzial und Risiken einer Demokratie in einer digitalisierten Welt - MQ Management und Qualit\u00e4t<\/title>\n<meta name=\"description\" content=\"Potential und Risiken einer Demokratie: Die Digitalisierung ver\u00e4ndert unsere Lebenswelten rasant und erm\u00f6glicht neue Formen der politischen Debatte.\" \/>\n<meta name=\"robots\" content=\"index, follow, max-snippet:-1, max-image-preview:large, max-video-preview:-1\" \/>\n<link rel=\"canonical\" href=\"https:\/\/www.m-q.ch\/it\/1281-2\/\" \/>\n<meta property=\"og:locale\" content=\"it_IT\" \/>\n<meta property=\"og:type\" content=\"article\" \/>\n<meta property=\"og:title\" content=\"Potenzial und Risiken einer Demokratie in einer digitalisierten Welt - MQ Management und Qualit\u00e4t\" \/>\n<meta property=\"og:description\" content=\"Potential und Risiken einer Demokratie: Die Digitalisierung ver\u00e4ndert unsere Lebenswelten rasant und erm\u00f6glicht neue Formen der politischen Debatte.\" \/>\n<meta property=\"og:url\" content=\"https:\/\/www.m-q.ch\/it\/1281-2\/\" \/>\n<meta property=\"og:site_name\" content=\"MQ Management und Qualit\u00e4t\" \/>\n<meta property=\"article:publisher\" content=\"https:\/\/www.facebook.com\/ManagementUndQualitaet\" \/>\n<meta property=\"article:published_time\" content=\"2017-03-22T10:32:44+00:00\" \/>\n<meta property=\"article:modified_time\" content=\"2017-03-22T14:43:51+00:00\" \/>\n<meta property=\"og:image\" content=\"https:\/\/www.m-q.ch\/wp-content\/uploads\/2017\/03\/Potenzial-und-Risiken-der-Demokratie-mq-managment-u-qualit\u00e4t.jpg\" \/>\n\t<meta property=\"og:image:width\" content=\"999\" \/>\n\t<meta property=\"og:image:height\" content=\"667\" \/>\n\t<meta property=\"og:image:type\" content=\"image\/jpeg\" \/>\n<meta name=\"author\" content=\"Roger Str\u00e4ssle\" \/>\n<meta name=\"twitter:card\" content=\"summary_large_image\" \/>\n<meta name=\"twitter:label1\" content=\"Scritto da\" \/>\n\t<meta name=\"twitter:data1\" content=\"Roger Str\u00e4ssle\" \/>\n\t<meta name=\"twitter:label2\" content=\"Tempo di lettura stimato\" \/>\n\t<meta name=\"twitter:data2\" content=\"5 minuti\" \/>\n<script type=\"application\/ld+json\" class=\"yoast-schema-graph\">{\"@context\":\"https:\/\/schema.org\",\"@graph\":[{\"@type\":\"Article\",\"@id\":\"https:\/\/www.m-q.ch\/1281-2\/#article\",\"isPartOf\":{\"@id\":\"https:\/\/www.m-q.ch\/1281-2\/\"},\"author\":{\"name\":\"Roger Str\u00e4ssle\",\"@id\":\"https:\/\/www.m-q.ch\/fr\/#\/schema\/person\/47d540e081acd98ccbeb69b55df653d7\"},\"headline\":\"Potenzial und Risiken einer Demokratie in einer digitalisierten Welt\",\"datePublished\":\"2017-03-22T10:32:44+00:00\",\"dateModified\":\"2017-03-22T14:43:51+00:00\",\"mainEntityOfPage\":{\"@id\":\"https:\/\/www.m-q.ch\/1281-2\/\"},\"wordCount\":1025,\"commentCount\":0,\"publisher\":{\"@id\":\"https:\/\/www.m-q.ch\/fr\/#organization\"},\"image\":{\"@id\":\"https:\/\/www.m-q.ch\/1281-2\/#primaryimage\"},\"thumbnailUrl\":\"https:\/\/www.m-q.ch\/wp-content\/uploads\/2017\/03\/Potenzial-und-Risiken-der-Demokratie-mq-managment-u-qualit\u00e4t.jpg\",\"keywords\":[\"Demokratie\",\"Digitalisierung\"],\"articleSection\":[\"Risikomanagement\"],\"inLanguage\":\"it-IT\"},{\"@type\":\"WebPage\",\"@id\":\"https:\/\/www.m-q.ch\/1281-2\/\",\"url\":\"https:\/\/www.m-q.ch\/1281-2\/\",\"name\":\"Potenzial und Risiken einer Demokratie in einer digitalisierten Welt - MQ Management und Qualit\u00e4t\",\"isPartOf\":{\"@id\":\"https:\/\/www.m-q.ch\/fr\/#website\"},\"primaryImageOfPage\":{\"@id\":\"https:\/\/www.m-q.ch\/1281-2\/#primaryimage\"},\"image\":{\"@id\":\"https:\/\/www.m-q.ch\/1281-2\/#primaryimage\"},\"thumbnailUrl\":\"https:\/\/www.m-q.ch\/wp-content\/uploads\/2017\/03\/Potenzial-und-Risiken-der-Demokratie-mq-managment-u-qualit\u00e4t.jpg\",\"datePublished\":\"2017-03-22T10:32:44+00:00\",\"dateModified\":\"2017-03-22T14:43:51+00:00\",\"description\":\"Potential und Risiken einer Demokratie: Die Digitalisierung ver\u00e4ndert unsere Lebenswelten rasant und erm\u00f6glicht neue Formen der politischen Debatte.\",\"breadcrumb\":{\"@id\":\"https:\/\/www.m-q.ch\/1281-2\/#breadcrumb\"},\"inLanguage\":\"it-IT\",\"potentialAction\":[{\"@type\":\"ReadAction\",\"target\":[\"https:\/\/www.m-q.ch\/1281-2\/\"]}]},{\"@type\":\"ImageObject\",\"inLanguage\":\"it-IT\",\"@id\":\"https:\/\/www.m-q.ch\/1281-2\/#primaryimage\",\"url\":\"https:\/\/www.m-q.ch\/wp-content\/uploads\/2017\/03\/Potenzial-und-Risiken-der-Demokratie-mq-managment-u-qualit\u00e4t.jpg\",\"contentUrl\":\"https:\/\/www.m-q.ch\/wp-content\/uploads\/2017\/03\/Potenzial-und-Risiken-der-Demokratie-mq-managment-u-qualit\u00e4t.jpg\",\"width\":999,\"height\":667,\"caption\":\"In der Politik ist nur schon eine Minute kommunizieren eine lange Zeit. (Bild: Depositphotos_Khakimullin)\"},{\"@type\":\"BreadcrumbList\",\"@id\":\"https:\/\/www.m-q.ch\/1281-2\/#breadcrumb\",\"itemListElement\":[{\"@type\":\"ListItem\",\"position\":1,\"name\":\"Risikomanagement\",\"item\":\"https:\/\/www.m-q.ch\/kategorie\/risikomanagement\/\"},{\"@type\":\"ListItem\",\"position\":2,\"name\":\"Potenzial und Risiken einer Demokratie in einer digitalisierten Welt\"}]},{\"@type\":\"WebSite\",\"@id\":\"https:\/\/www.m-q.ch\/fr\/#website\",\"url\":\"https:\/\/www.m-q.ch\/fr\/\",\"name\":\"MQ Management und Qualit\u00e4t\",\"description\":\"Plattform f\u00fcr integrierte Managementsysteme.\",\"publisher\":{\"@id\":\"https:\/\/www.m-q.ch\/fr\/#organization\"},\"potentialAction\":[{\"@type\":\"SearchAction\",\"target\":{\"@type\":\"EntryPoint\",\"urlTemplate\":\"https:\/\/www.m-q.ch\/fr\/?s={search_term_string}\"},\"query-input\":{\"@type\":\"PropertyValueSpecification\",\"valueRequired\":true,\"valueName\":\"search_term_string\"}}],\"inLanguage\":\"it-IT\"},{\"@type\":\"Organization\",\"@id\":\"https:\/\/www.m-q.ch\/fr\/#organization\",\"name\":\"Galledia Fachmedien AG\",\"url\":\"https:\/\/www.m-q.ch\/fr\/\",\"logo\":{\"@type\":\"ImageObject\",\"inLanguage\":\"it-IT\",\"@id\":\"https:\/\/www.m-q.ch\/fr\/#\/schema\/logo\/image\/\",\"url\":\"https:\/\/www.m-q.ch\/wp-content\/uploads\/2020\/12\/cropped-logo_small.png\",\"contentUrl\":\"https:\/\/www.m-q.ch\/wp-content\/uploads\/2020\/12\/cropped-logo_small.png\",\"width\":512,\"height\":512,\"caption\":\"Galledia Fachmedien AG\"},\"image\":{\"@id\":\"https:\/\/www.m-q.ch\/fr\/#\/schema\/logo\/image\/\"},\"sameAs\":[\"https:\/\/www.facebook.com\/ManagementUndQualitaet\",\"https:\/\/www.linkedin.com\/showcase\/17982321\/admin\/\"]},{\"@type\":\"Person\",\"@id\":\"https:\/\/www.m-q.ch\/fr\/#\/schema\/person\/47d540e081acd98ccbeb69b55df653d7\",\"name\":\"Roger Str\u00e4ssle\",\"image\":{\"@type\":\"ImageObject\",\"inLanguage\":\"it-IT\",\"@id\":\"https:\/\/www.m-q.ch\/fr\/#\/schema\/person\/image\/\",\"url\":\"https:\/\/secure.gravatar.com\/avatar\/e4dde3046d8a184d2e2d27651a418883?s=96&d=mm&r=g\",\"contentUrl\":\"https:\/\/secure.gravatar.com\/avatar\/e4dde3046d8a184d2e2d27651a418883?s=96&d=mm&r=g\",\"caption\":\"Roger Str\u00e4ssle\"},\"url\":\"https:\/\/www.m-q.ch\/it\/author\/roger-straessle\/\"}]}<\/script>\n<!-- \/ Yoast SEO plugin. -->","yoast_head_json":{"title":"Potenziale e rischi della democrazia in un mondo digitalizzato - MQ Management and Quality","description":"Potenziale e rischi della democrazia: la digitalizzazione sta cambiando rapidamente le nostre vite e permette nuove forme di dibattito politico.","robots":{"index":"index","follow":"follow","max-snippet":"max-snippet:-1","max-image-preview":"max-image-preview:large","max-video-preview":"max-video-preview:-1"},"canonical":"https:\/\/www.m-q.ch\/it\/1281-2\/","og_locale":"it_IT","og_type":"article","og_title":"Potenzial und Risiken einer Demokratie in einer digitalisierten Welt - MQ Management und Qualit\u00e4t","og_description":"Potential und Risiken einer Demokratie: Die Digitalisierung ver\u00e4ndert unsere Lebenswelten rasant und erm\u00f6glicht neue Formen der politischen Debatte.","og_url":"https:\/\/www.m-q.ch\/it\/1281-2\/","og_site_name":"MQ Management und Qualit\u00e4t","article_publisher":"https:\/\/www.facebook.com\/ManagementUndQualitaet","article_published_time":"2017-03-22T10:32:44+00:00","article_modified_time":"2017-03-22T14:43:51+00:00","og_image":[{"width":999,"height":667,"url":"https:\/\/www.m-q.ch\/wp-content\/uploads\/2017\/03\/Potenzial-und-Risiken-der-Demokratie-mq-managment-u-qualit\u00e4t.jpg","type":"image\/jpeg"}],"author":"Roger Str\u00e4ssle","twitter_card":"summary_large_image","twitter_misc":{"Scritto da":"Roger Str\u00e4ssle","Tempo di lettura stimato":"5 minuti"},"schema":{"@context":"https:\/\/schema.org","@graph":[{"@type":"Article","@id":"https:\/\/www.m-q.ch\/1281-2\/#article","isPartOf":{"@id":"https:\/\/www.m-q.ch\/1281-2\/"},"author":{"name":"Roger Str\u00e4ssle","@id":"https:\/\/www.m-q.ch\/fr\/#\/schema\/person\/47d540e081acd98ccbeb69b55df653d7"},"headline":"Potenzial und Risiken einer Demokratie in einer digitalisierten Welt","datePublished":"2017-03-22T10:32:44+00:00","dateModified":"2017-03-22T14:43:51+00:00","mainEntityOfPage":{"@id":"https:\/\/www.m-q.ch\/1281-2\/"},"wordCount":1025,"commentCount":0,"publisher":{"@id":"https:\/\/www.m-q.ch\/fr\/#organization"},"image":{"@id":"https:\/\/www.m-q.ch\/1281-2\/#primaryimage"},"thumbnailUrl":"https:\/\/www.m-q.ch\/wp-content\/uploads\/2017\/03\/Potenzial-und-Risiken-der-Demokratie-mq-managment-u-qualit\u00e4t.jpg","keywords":["Demokratie","Digitalisierung"],"articleSection":["Risikomanagement"],"inLanguage":"it-IT"},{"@type":"WebPage","@id":"https:\/\/www.m-q.ch\/1281-2\/","url":"https:\/\/www.m-q.ch\/1281-2\/","name":"Potenziale e rischi della democrazia in un mondo digitalizzato - MQ Management and Quality","isPartOf":{"@id":"https:\/\/www.m-q.ch\/fr\/#website"},"primaryImageOfPage":{"@id":"https:\/\/www.m-q.ch\/1281-2\/#primaryimage"},"image":{"@id":"https:\/\/www.m-q.ch\/1281-2\/#primaryimage"},"thumbnailUrl":"https:\/\/www.m-q.ch\/wp-content\/uploads\/2017\/03\/Potenzial-und-Risiken-der-Demokratie-mq-managment-u-qualit\u00e4t.jpg","datePublished":"2017-03-22T10:32:44+00:00","dateModified":"2017-03-22T14:43:51+00:00","description":"Potenziale e rischi della democrazia: la digitalizzazione sta cambiando rapidamente le nostre vite e permette nuove forme di dibattito politico.","breadcrumb":{"@id":"https:\/\/www.m-q.ch\/1281-2\/#breadcrumb"},"inLanguage":"it-IT","potentialAction":[{"@type":"ReadAction","target":["https:\/\/www.m-q.ch\/1281-2\/"]}]},{"@type":"ImageObject","inLanguage":"it-IT","@id":"https:\/\/www.m-q.ch\/1281-2\/#primaryimage","url":"https:\/\/www.m-q.ch\/wp-content\/uploads\/2017\/03\/Potenzial-und-Risiken-der-Demokratie-mq-managment-u-qualit\u00e4t.jpg","contentUrl":"https:\/\/www.m-q.ch\/wp-content\/uploads\/2017\/03\/Potenzial-und-Risiken-der-Demokratie-mq-managment-u-qualit\u00e4t.jpg","width":999,"height":667,"caption":"In der Politik ist nur schon eine Minute kommunizieren eine lange Zeit. (Bild: Depositphotos_Khakimullin)"},{"@type":"BreadcrumbList","@id":"https:\/\/www.m-q.ch\/1281-2\/#breadcrumb","itemListElement":[{"@type":"ListItem","position":1,"name":"Risikomanagement","item":"https:\/\/www.m-q.ch\/kategorie\/risikomanagement\/"},{"@type":"ListItem","position":2,"name":"Potenzial und Risiken einer Demokratie in einer digitalisierten Welt"}]},{"@type":"WebSite","@id":"https:\/\/www.m-q.ch\/fr\/#website","url":"https:\/\/www.m-q.ch\/fr\/","name":"Gestione e qualit\u00e0 MQ","description":"Piattaforma per sistemi di gestione integrati.","publisher":{"@id":"https:\/\/www.m-q.ch\/fr\/#organization"},"potentialAction":[{"@type":"SearchAction","target":{"@type":"EntryPoint","urlTemplate":"https:\/\/www.m-q.ch\/fr\/?s={search_term_string}"},"query-input":{"@type":"PropertyValueSpecification","valueRequired":true,"valueName":"search_term_string"}}],"inLanguage":"it-IT"},{"@type":"Organization","@id":"https:\/\/www.m-q.ch\/fr\/#organization","name":"Galledia Fachmedien AG","url":"https:\/\/www.m-q.ch\/fr\/","logo":{"@type":"ImageObject","inLanguage":"it-IT","@id":"https:\/\/www.m-q.ch\/fr\/#\/schema\/logo\/image\/","url":"https:\/\/www.m-q.ch\/wp-content\/uploads\/2020\/12\/cropped-logo_small.png","contentUrl":"https:\/\/www.m-q.ch\/wp-content\/uploads\/2020\/12\/cropped-logo_small.png","width":512,"height":512,"caption":"Galledia Fachmedien AG"},"image":{"@id":"https:\/\/www.m-q.ch\/fr\/#\/schema\/logo\/image\/"},"sameAs":["https:\/\/www.facebook.com\/ManagementUndQualitaet","https:\/\/www.linkedin.com\/showcase\/17982321\/admin\/"]},{"@type":"Person","@id":"https:\/\/www.m-q.ch\/fr\/#\/schema\/person\/47d540e081acd98ccbeb69b55df653d7","name":"Roger Str\u00e4ssle","image":{"@type":"ImageObject","inLanguage":"it-IT","@id":"https:\/\/www.m-q.ch\/fr\/#\/schema\/person\/image\/","url":"https:\/\/secure.gravatar.com\/avatar\/e4dde3046d8a184d2e2d27651a418883?s=96&d=mm&r=g","contentUrl":"https:\/\/secure.gravatar.com\/avatar\/e4dde3046d8a184d2e2d27651a418883?s=96&d=mm&r=g","caption":"Roger Str\u00e4ssle"},"url":"https:\/\/www.m-q.ch\/it\/author\/roger-straessle\/"}]}},"_links":{"self":[{"href":"https:\/\/www.m-q.ch\/it\/wp-json\/wp\/v2\/posts\/1281","targetHints":{"allow":["GET"]}}],"collection":[{"href":"https:\/\/www.m-q.ch\/it\/wp-json\/wp\/v2\/posts"}],"about":[{"href":"https:\/\/www.m-q.ch\/it\/wp-json\/wp\/v2\/types\/post"}],"author":[{"embeddable":true,"href":"https:\/\/www.m-q.ch\/it\/wp-json\/wp\/v2\/users\/35"}],"replies":[{"embeddable":true,"href":"https:\/\/www.m-q.ch\/it\/wp-json\/wp\/v2\/comments?post=1281"}],"version-history":[{"count":2,"href":"https:\/\/www.m-q.ch\/it\/wp-json\/wp\/v2\/posts\/1281\/revisions"}],"predecessor-version":[{"id":1286,"href":"https:\/\/www.m-q.ch\/it\/wp-json\/wp\/v2\/posts\/1281\/revisions\/1286"}],"wp:featuredmedia":[{"embeddable":true,"href":"https:\/\/www.m-q.ch\/it\/wp-json\/wp\/v2\/media\/1282"}],"wp:attachment":[{"href":"https:\/\/www.m-q.ch\/it\/wp-json\/wp\/v2\/media?parent=1281"}],"wp:term":[{"taxonomy":"category","embeddable":true,"href":"https:\/\/www.m-q.ch\/it\/wp-json\/wp\/v2\/categories?post=1281"},{"taxonomy":"post_tag","embeddable":true,"href":"https:\/\/www.m-q.ch\/it\/wp-json\/wp\/v2\/tags?post=1281"}],"curies":[{"name":"wp","href":"https:\/\/api.w.org\/{rel}","templated":true}]}}