{"id":12890,"date":"2021-02-26T08:48:58","date_gmt":"2021-02-26T07:48:58","guid":{"rendered":"https:\/\/www.m-q.ch\/?p=12890"},"modified":"2021-03-23T10:48:21","modified_gmt":"2021-03-23T09:48:21","slug":"bfh-e-reha-rheinfelden-intensificano-la-cooperazione","status":"publish","type":"post","link":"https:\/\/www.m-q.ch\/it\/bfh-und-reha-rheinfelden-vertiefen-kooperation\/","title":{"rendered":"BFH e Reha Rheinfelden intensificano la cooperazione"},"content":{"rendered":"<p>&nbsp;<\/p>\n<figure id=\"attachment_12891\" aria-describedby=\"caption-attachment-12891\" style=\"width: 540px\" class=\"wp-caption alignleft\"><img loading=\"lazy\" decoding=\"async\" class=\"size-full wp-image-12891\" src=\"https:\/\/www.m-q.ch\/wp-content\/uploads\/2021\/02\/Reha.jpg\" alt=\"\" width=\"540\" height=\"360\" srcset=\"https:\/\/www.m-q.ch\/wp-content\/uploads\/2021\/02\/Reha.jpg 540w, https:\/\/www.m-q.ch\/wp-content\/uploads\/2021\/02\/Reha-16x12.jpg 16w, https:\/\/www.m-q.ch\/wp-content\/uploads\/2021\/02\/Reha-263x175.jpg 263w, https:\/\/www.m-q.ch\/wp-content\/uploads\/2021\/02\/Reha-525x350.jpg 525w, https:\/\/www.m-q.ch\/wp-content\/uploads\/2021\/02\/Reha-300x200.jpg 300w\" sizes=\"auto, (max-width: 540px) 100vw, 540px\" \/><figcaption id=\"caption-attachment-12891\" class=\"wp-caption-text\">\u00a9 IRPT<\/figcaption><\/figure>\n<p>Le due organizzazioni lavorano insieme da oltre dieci anni. Questa ultima collaborazione clinica tra l'Istituto per la riabilitazione e la tecnologia delle prestazioni (IRPT) dell'Universit\u00e0 di Scienze Applicate di Berna (BFH) e Reha Rheinfelden riguarda principalmente l'utilizzo e la sperimentazione di nuovi dispositivi tecnici e applicazioni in studi con pazienti neurologici. Questo include studi di convalida tecnica, studi clinici pilota e di fattibilit\u00e0 e studi randomizzati controllati. I risultati della ricerca sono generalmente resi accessibili all'economia, alla societ\u00e0 e alla cultura attraverso un trasferimento di conoscenze e tecnologie efficace e orientato all'implementazione, secondo il comunicato stampa.<\/p>\n<p><strong>Attivit\u00e0 legate alla clinica nell'ambito degli studi<\/strong><strong>\u00a0<\/strong><\/p>\n<p>Il secondo obiettivo della cooperazione \u00e8 quello di offrire agli studenti della BFH varie attivit\u00e0 legate alla clinica come parte dei loro studi. Questo include il lavoro di progetto congiunto, tesi di laurea, master e dottorato, visite cliniche e lezioni cliniche. Questo \u00e8 particolarmente vero nei corsi di laurea in micro e tecnologia medica, informatica medica e ingegneria meccanica, cos\u00ec come nei corsi di laurea magistrale in ingegneria, ingegneria biomedica e fisioterapia.<\/p>\n<p><strong>\u00a0<\/strong><strong>Vantaggi per entrambi i partner<\/strong><strong>\u00a0<\/strong><\/p>\n<p>\"Combinare la ricerca scientifica con le questioni pratiche \u00e8 una preoccupazione importante della nostra clinica\" sottolinea Thierry Ettlin, medico capo e direttore medico di Reha Rheinfelden. \"Abbiamo un partner ideale nella BFH, che si caratterizza per il suo forte orientamento pratico\". Anche Lukas Rohr, capo del dipartimento di tecnologia e IT, sottolinea la partnership equilibrata: \"Reha Rheinfelden ci d\u00e0 accesso diretto ai pazienti. Questo \u00e8 molto prezioso per lo sviluppo di nuove tecnologie e prodotti. Inoltre, la clinica ha il suo forte dipartimento scientifico, che ci completa perfettamente\".<\/p>\n<p><strong>\u00a0<\/strong><strong>Cooperazione di successo nel passato<\/strong><\/p>\n<p>In passato, le due istituzioni hanno collaborato al progetto \"Cardio Robot\", per esempio. Il progetto ha valutato l'uso di nuove tecnologie robotiche di riabilitazione per migliorare le prestazioni fisiche e il recupero dopo un ictus.<\/p>\n<p><em>Fonte: <a href=\"http:\/\/www.bfh.ch\/de\/forschung\/forschungsbereiche\/institut-rehabilitation-leistungstechnologie\/\">IRPT<\/a><\/em><\/p>\n<p>&nbsp;<\/p>","protected":false},"excerpt":{"rendered":"<p>&nbsp; Die beiden Organisationen arbeiten schon seit \u00fcber zehn Jahren zusammen. Bei dieser j\u00fcngsten klinischen Kooperation des Instituts f\u00fcr Rehabilitation und Leistungstechnologie (IRPT) der Berner Fachhochschule (BFH) mit der Reha Rheinfelden gehe es in erster Linie darum, neue technische Ger\u00e4te und Applikationen in Studien mit neurologisch betroffenen Patientinnen und Patienten einzusetzen und zu pr\u00fcfen. Dazu [&hellip;]<\/p>\n","protected":false},"author":35,"featured_media":12891,"comment_status":"closed","ping_status":"closed","sticky":false,"template":"","format":"standard","meta":{"_acf_changed":false,"footnotes":""},"categories":[4448],"tags":[3422,4818,4816,4817,4819],"class_list":["post-12890","post","type-post","status-publish","format-standard","has-post-thumbnail","hentry","category-allgemein","tag-berner-fachhochschule","tag-bfh","tag-institut-fuer-rehabilitation-und-leistungstechnologie","tag-irpt","tag-reha-rheinfelden"],"acf":[],"yoast_head":"<!-- This site is optimized with the Yoast SEO plugin v26.2 - https:\/\/yoast.com\/wordpress\/plugins\/seo\/ -->\n<title>BFH und Reha Rheinfelden vertiefen Kooperation - MQ Management und Qualit\u00e4t<\/title>\n<meta name=\"description\" content=\"Die Berner Fachhochschule und die Reha Rheinfelden vertiefen ihre Kooperation im Bereich praxisorientierte Forschung und Lehre. Es geht um den Einsatz neuer technischen Ger\u00e4te und Applikationen im Zusammenhang mit neurologisch betroffenen Patienten.\" \/>\n<meta name=\"robots\" content=\"index, follow, max-snippet:-1, max-image-preview:large, max-video-preview:-1\" \/>\n<link rel=\"canonical\" href=\"https:\/\/www.m-q.ch\/it\/bfh-e-reha-rheinfelden-intensificano-la-cooperazione\/\" \/>\n<meta property=\"og:locale\" content=\"it_IT\" \/>\n<meta property=\"og:type\" content=\"article\" \/>\n<meta property=\"og:title\" content=\"BFH und Reha Rheinfelden vertiefen Kooperation - MQ Management und Qualit\u00e4t\" \/>\n<meta property=\"og:description\" content=\"Die Berner Fachhochschule und die Reha Rheinfelden vertiefen ihre Kooperation im Bereich praxisorientierte Forschung und Lehre. Es geht um den Einsatz neuer technischen Ger\u00e4te und Applikationen im Zusammenhang mit neurologisch betroffenen Patienten.\" \/>\n<meta property=\"og:url\" content=\"https:\/\/www.m-q.ch\/it\/bfh-e-reha-rheinfelden-intensificano-la-cooperazione\/\" \/>\n<meta property=\"og:site_name\" content=\"MQ Management und Qualit\u00e4t\" \/>\n<meta property=\"article:publisher\" content=\"https:\/\/www.facebook.com\/ManagementUndQualitaet\" \/>\n<meta property=\"article:published_time\" content=\"2021-02-26T07:48:58+00:00\" \/>\n<meta property=\"article:modified_time\" content=\"2021-03-23T09:48:21+00:00\" \/>\n<meta property=\"og:image\" content=\"https:\/\/www.m-q.ch\/wp-content\/uploads\/2021\/02\/Reha.jpg\" \/>\n\t<meta property=\"og:image:width\" content=\"540\" \/>\n\t<meta property=\"og:image:height\" content=\"360\" \/>\n\t<meta property=\"og:image:type\" content=\"image\/jpeg\" \/>\n<meta name=\"author\" content=\"Roger Str\u00e4ssle\" \/>\n<meta name=\"twitter:card\" content=\"summary_large_image\" \/>\n<meta name=\"twitter:label1\" content=\"Scritto da\" \/>\n\t<meta name=\"twitter:data1\" content=\"Roger Str\u00e4ssle\" \/>\n\t<meta name=\"twitter:label2\" content=\"Tempo di lettura stimato\" \/>\n\t<meta name=\"twitter:data2\" content=\"2 minuti\" \/>\n<script type=\"application\/ld+json\" class=\"yoast-schema-graph\">{\"@context\":\"https:\/\/schema.org\",\"@graph\":[{\"@type\":\"Article\",\"@id\":\"https:\/\/www.m-q.ch\/bfh-und-reha-rheinfelden-vertiefen-kooperation\/#article\",\"isPartOf\":{\"@id\":\"https:\/\/www.m-q.ch\/bfh-und-reha-rheinfelden-vertiefen-kooperation\/\"},\"author\":{\"name\":\"Roger Str\u00e4ssle\",\"@id\":\"https:\/\/www.m-q.ch\/fr\/#\/schema\/person\/47d540e081acd98ccbeb69b55df653d7\"},\"headline\":\"BFH und Reha Rheinfelden vertiefen Kooperation\",\"datePublished\":\"2021-02-26T07:48:58+00:00\",\"dateModified\":\"2021-03-23T09:48:21+00:00\",\"mainEntityOfPage\":{\"@id\":\"https:\/\/www.m-q.ch\/bfh-und-reha-rheinfelden-vertiefen-kooperation\/\"},\"wordCount\":318,\"publisher\":{\"@id\":\"https:\/\/www.m-q.ch\/fr\/#organization\"},\"image\":{\"@id\":\"https:\/\/www.m-q.ch\/bfh-und-reha-rheinfelden-vertiefen-kooperation\/#primaryimage\"},\"thumbnailUrl\":\"https:\/\/www.m-q.ch\/wp-content\/uploads\/2021\/02\/Reha.jpg\",\"keywords\":[\"Berner Fachhochschule\",\"BFH\",\"Institut f\u00fcr Rehabilitation und Leistungstechnologie\",\"IRPT\",\"Reha Rheinfelden\"],\"articleSection\":[\"Allgemein\"],\"inLanguage\":\"it-IT\"},{\"@type\":\"WebPage\",\"@id\":\"https:\/\/www.m-q.ch\/bfh-und-reha-rheinfelden-vertiefen-kooperation\/\",\"url\":\"https:\/\/www.m-q.ch\/bfh-und-reha-rheinfelden-vertiefen-kooperation\/\",\"name\":\"BFH und Reha Rheinfelden vertiefen Kooperation - MQ Management und Qualit\u00e4t\",\"isPartOf\":{\"@id\":\"https:\/\/www.m-q.ch\/fr\/#website\"},\"primaryImageOfPage\":{\"@id\":\"https:\/\/www.m-q.ch\/bfh-und-reha-rheinfelden-vertiefen-kooperation\/#primaryimage\"},\"image\":{\"@id\":\"https:\/\/www.m-q.ch\/bfh-und-reha-rheinfelden-vertiefen-kooperation\/#primaryimage\"},\"thumbnailUrl\":\"https:\/\/www.m-q.ch\/wp-content\/uploads\/2021\/02\/Reha.jpg\",\"datePublished\":\"2021-02-26T07:48:58+00:00\",\"dateModified\":\"2021-03-23T09:48:21+00:00\",\"description\":\"Die Berner Fachhochschule und die Reha Rheinfelden vertiefen ihre Kooperation im Bereich praxisorientierte Forschung und Lehre. Es geht um den Einsatz neuer technischen Ger\u00e4te und Applikationen im Zusammenhang mit neurologisch betroffenen Patienten.\",\"breadcrumb\":{\"@id\":\"https:\/\/www.m-q.ch\/bfh-und-reha-rheinfelden-vertiefen-kooperation\/#breadcrumb\"},\"inLanguage\":\"it-IT\",\"potentialAction\":[{\"@type\":\"ReadAction\",\"target\":[\"https:\/\/www.m-q.ch\/bfh-und-reha-rheinfelden-vertiefen-kooperation\/\"]}]},{\"@type\":\"ImageObject\",\"inLanguage\":\"it-IT\",\"@id\":\"https:\/\/www.m-q.ch\/bfh-und-reha-rheinfelden-vertiefen-kooperation\/#primaryimage\",\"url\":\"https:\/\/www.m-q.ch\/wp-content\/uploads\/2021\/02\/Reha.jpg\",\"contentUrl\":\"https:\/\/www.m-q.ch\/wp-content\/uploads\/2021\/02\/Reha.jpg\",\"width\":540,\"height\":360,\"caption\":\"\u00a9 IRPT\"},{\"@type\":\"BreadcrumbList\",\"@id\":\"https:\/\/www.m-q.ch\/bfh-und-reha-rheinfelden-vertiefen-kooperation\/#breadcrumb\",\"itemListElement\":[{\"@type\":\"ListItem\",\"position\":1,\"name\":\"Allgemein\",\"item\":\"https:\/\/www.m-q.ch\/kategorie\/allgemein\/\"},{\"@type\":\"ListItem\",\"position\":2,\"name\":\"BFH und Reha Rheinfelden vertiefen Kooperation\"}]},{\"@type\":\"WebSite\",\"@id\":\"https:\/\/www.m-q.ch\/fr\/#website\",\"url\":\"https:\/\/www.m-q.ch\/fr\/\",\"name\":\"MQ Management und Qualit\u00e4t\",\"description\":\"Plattform f\u00fcr integrierte Managementsysteme.\",\"publisher\":{\"@id\":\"https:\/\/www.m-q.ch\/fr\/#organization\"},\"potentialAction\":[{\"@type\":\"SearchAction\",\"target\":{\"@type\":\"EntryPoint\",\"urlTemplate\":\"https:\/\/www.m-q.ch\/fr\/?s={search_term_string}\"},\"query-input\":{\"@type\":\"PropertyValueSpecification\",\"valueRequired\":true,\"valueName\":\"search_term_string\"}}],\"inLanguage\":\"it-IT\"},{\"@type\":\"Organization\",\"@id\":\"https:\/\/www.m-q.ch\/fr\/#organization\",\"name\":\"Galledia Fachmedien AG\",\"url\":\"https:\/\/www.m-q.ch\/fr\/\",\"logo\":{\"@type\":\"ImageObject\",\"inLanguage\":\"it-IT\",\"@id\":\"https:\/\/www.m-q.ch\/fr\/#\/schema\/logo\/image\/\",\"url\":\"https:\/\/www.m-q.ch\/wp-content\/uploads\/2020\/12\/cropped-logo_small.png\",\"contentUrl\":\"https:\/\/www.m-q.ch\/wp-content\/uploads\/2020\/12\/cropped-logo_small.png\",\"width\":512,\"height\":512,\"caption\":\"Galledia Fachmedien AG\"},\"image\":{\"@id\":\"https:\/\/www.m-q.ch\/fr\/#\/schema\/logo\/image\/\"},\"sameAs\":[\"https:\/\/www.facebook.com\/ManagementUndQualitaet\",\"https:\/\/www.linkedin.com\/showcase\/17982321\/admin\/\"]},{\"@type\":\"Person\",\"@id\":\"https:\/\/www.m-q.ch\/fr\/#\/schema\/person\/47d540e081acd98ccbeb69b55df653d7\",\"name\":\"Roger Str\u00e4ssle\",\"image\":{\"@type\":\"ImageObject\",\"inLanguage\":\"it-IT\",\"@id\":\"https:\/\/www.m-q.ch\/fr\/#\/schema\/person\/image\/\",\"url\":\"https:\/\/secure.gravatar.com\/avatar\/e4dde3046d8a184d2e2d27651a418883?s=96&d=mm&r=g\",\"contentUrl\":\"https:\/\/secure.gravatar.com\/avatar\/e4dde3046d8a184d2e2d27651a418883?s=96&d=mm&r=g\",\"caption\":\"Roger Str\u00e4ssle\"},\"url\":\"https:\/\/www.m-q.ch\/it\/author\/roger-straessle\/\"}]}<\/script>\n<!-- \/ Yoast SEO plugin. -->","yoast_head_json":{"title":"BFH e Reha Rheinfelden intensificano la cooperazione - MQ Management und Qualit\u00e4t","description":"L'Universit\u00e0 di Scienze Applicate di Berna e Reha Rheinfelden intensificano la loro cooperazione nel campo della ricerca e dell'insegnamento orientati alla pratica. L'attenzione si concentra sull'uso di nuovi dispositivi tecnici e applicazioni in relazione ai pazienti affetti da patologie neurologiche.","robots":{"index":"index","follow":"follow","max-snippet":"max-snippet:-1","max-image-preview":"max-image-preview:large","max-video-preview":"max-video-preview:-1"},"canonical":"https:\/\/www.m-q.ch\/it\/bfh-e-reha-rheinfelden-intensificano-la-cooperazione\/","og_locale":"it_IT","og_type":"article","og_title":"BFH und Reha Rheinfelden vertiefen Kooperation - MQ Management und Qualit\u00e4t","og_description":"Die Berner Fachhochschule und die Reha Rheinfelden vertiefen ihre Kooperation im Bereich praxisorientierte Forschung und Lehre. Es geht um den Einsatz neuer technischen Ger\u00e4te und Applikationen im Zusammenhang mit neurologisch betroffenen Patienten.","og_url":"https:\/\/www.m-q.ch\/it\/bfh-e-reha-rheinfelden-intensificano-la-cooperazione\/","og_site_name":"MQ Management und Qualit\u00e4t","article_publisher":"https:\/\/www.facebook.com\/ManagementUndQualitaet","article_published_time":"2021-02-26T07:48:58+00:00","article_modified_time":"2021-03-23T09:48:21+00:00","og_image":[{"width":540,"height":360,"url":"https:\/\/www.m-q.ch\/wp-content\/uploads\/2021\/02\/Reha.jpg","type":"image\/jpeg"}],"author":"Roger Str\u00e4ssle","twitter_card":"summary_large_image","twitter_misc":{"Scritto da":"Roger Str\u00e4ssle","Tempo di lettura stimato":"2 minuti"},"schema":{"@context":"https:\/\/schema.org","@graph":[{"@type":"Article","@id":"https:\/\/www.m-q.ch\/bfh-und-reha-rheinfelden-vertiefen-kooperation\/#article","isPartOf":{"@id":"https:\/\/www.m-q.ch\/bfh-und-reha-rheinfelden-vertiefen-kooperation\/"},"author":{"name":"Roger Str\u00e4ssle","@id":"https:\/\/www.m-q.ch\/fr\/#\/schema\/person\/47d540e081acd98ccbeb69b55df653d7"},"headline":"BFH und Reha Rheinfelden vertiefen Kooperation","datePublished":"2021-02-26T07:48:58+00:00","dateModified":"2021-03-23T09:48:21+00:00","mainEntityOfPage":{"@id":"https:\/\/www.m-q.ch\/bfh-und-reha-rheinfelden-vertiefen-kooperation\/"},"wordCount":318,"publisher":{"@id":"https:\/\/www.m-q.ch\/fr\/#organization"},"image":{"@id":"https:\/\/www.m-q.ch\/bfh-und-reha-rheinfelden-vertiefen-kooperation\/#primaryimage"},"thumbnailUrl":"https:\/\/www.m-q.ch\/wp-content\/uploads\/2021\/02\/Reha.jpg","keywords":["Berner Fachhochschule","BFH","Institut f\u00fcr Rehabilitation und Leistungstechnologie","IRPT","Reha Rheinfelden"],"articleSection":["Allgemein"],"inLanguage":"it-IT"},{"@type":"WebPage","@id":"https:\/\/www.m-q.ch\/bfh-und-reha-rheinfelden-vertiefen-kooperation\/","url":"https:\/\/www.m-q.ch\/bfh-und-reha-rheinfelden-vertiefen-kooperation\/","name":"BFH e Reha Rheinfelden intensificano la cooperazione - MQ Management und Qualit\u00e4t","isPartOf":{"@id":"https:\/\/www.m-q.ch\/fr\/#website"},"primaryImageOfPage":{"@id":"https:\/\/www.m-q.ch\/bfh-und-reha-rheinfelden-vertiefen-kooperation\/#primaryimage"},"image":{"@id":"https:\/\/www.m-q.ch\/bfh-und-reha-rheinfelden-vertiefen-kooperation\/#primaryimage"},"thumbnailUrl":"https:\/\/www.m-q.ch\/wp-content\/uploads\/2021\/02\/Reha.jpg","datePublished":"2021-02-26T07:48:58+00:00","dateModified":"2021-03-23T09:48:21+00:00","description":"L'Universit\u00e0 di Scienze Applicate di Berna e Reha Rheinfelden intensificano la loro cooperazione nel campo della ricerca e dell'insegnamento orientati alla pratica. L'attenzione si concentra sull'uso di nuovi dispositivi tecnici e applicazioni in relazione ai pazienti affetti da patologie neurologiche.","breadcrumb":{"@id":"https:\/\/www.m-q.ch\/bfh-und-reha-rheinfelden-vertiefen-kooperation\/#breadcrumb"},"inLanguage":"it-IT","potentialAction":[{"@type":"ReadAction","target":["https:\/\/www.m-q.ch\/bfh-und-reha-rheinfelden-vertiefen-kooperation\/"]}]},{"@type":"ImageObject","inLanguage":"it-IT","@id":"https:\/\/www.m-q.ch\/bfh-und-reha-rheinfelden-vertiefen-kooperation\/#primaryimage","url":"https:\/\/www.m-q.ch\/wp-content\/uploads\/2021\/02\/Reha.jpg","contentUrl":"https:\/\/www.m-q.ch\/wp-content\/uploads\/2021\/02\/Reha.jpg","width":540,"height":360,"caption":"\u00a9 IRPT"},{"@type":"BreadcrumbList","@id":"https:\/\/www.m-q.ch\/bfh-und-reha-rheinfelden-vertiefen-kooperation\/#breadcrumb","itemListElement":[{"@type":"ListItem","position":1,"name":"Allgemein","item":"https:\/\/www.m-q.ch\/kategorie\/allgemein\/"},{"@type":"ListItem","position":2,"name":"BFH und Reha Rheinfelden vertiefen Kooperation"}]},{"@type":"WebSite","@id":"https:\/\/www.m-q.ch\/fr\/#website","url":"https:\/\/www.m-q.ch\/fr\/","name":"Gestione e qualit\u00e0 MQ","description":"Piattaforma per sistemi di gestione integrati.","publisher":{"@id":"https:\/\/www.m-q.ch\/fr\/#organization"},"potentialAction":[{"@type":"SearchAction","target":{"@type":"EntryPoint","urlTemplate":"https:\/\/www.m-q.ch\/fr\/?s={search_term_string}"},"query-input":{"@type":"PropertyValueSpecification","valueRequired":true,"valueName":"search_term_string"}}],"inLanguage":"it-IT"},{"@type":"Organization","@id":"https:\/\/www.m-q.ch\/fr\/#organization","name":"Galledia Fachmedien AG","url":"https:\/\/www.m-q.ch\/fr\/","logo":{"@type":"ImageObject","inLanguage":"it-IT","@id":"https:\/\/www.m-q.ch\/fr\/#\/schema\/logo\/image\/","url":"https:\/\/www.m-q.ch\/wp-content\/uploads\/2020\/12\/cropped-logo_small.png","contentUrl":"https:\/\/www.m-q.ch\/wp-content\/uploads\/2020\/12\/cropped-logo_small.png","width":512,"height":512,"caption":"Galledia Fachmedien AG"},"image":{"@id":"https:\/\/www.m-q.ch\/fr\/#\/schema\/logo\/image\/"},"sameAs":["https:\/\/www.facebook.com\/ManagementUndQualitaet","https:\/\/www.linkedin.com\/showcase\/17982321\/admin\/"]},{"@type":"Person","@id":"https:\/\/www.m-q.ch\/fr\/#\/schema\/person\/47d540e081acd98ccbeb69b55df653d7","name":"Roger Str\u00e4ssle","image":{"@type":"ImageObject","inLanguage":"it-IT","@id":"https:\/\/www.m-q.ch\/fr\/#\/schema\/person\/image\/","url":"https:\/\/secure.gravatar.com\/avatar\/e4dde3046d8a184d2e2d27651a418883?s=96&d=mm&r=g","contentUrl":"https:\/\/secure.gravatar.com\/avatar\/e4dde3046d8a184d2e2d27651a418883?s=96&d=mm&r=g","caption":"Roger Str\u00e4ssle"},"url":"https:\/\/www.m-q.ch\/it\/author\/roger-straessle\/"}]}},"_links":{"self":[{"href":"https:\/\/www.m-q.ch\/it\/wp-json\/wp\/v2\/posts\/12890","targetHints":{"allow":["GET"]}}],"collection":[{"href":"https:\/\/www.m-q.ch\/it\/wp-json\/wp\/v2\/posts"}],"about":[{"href":"https:\/\/www.m-q.ch\/it\/wp-json\/wp\/v2\/types\/post"}],"author":[{"embeddable":true,"href":"https:\/\/www.m-q.ch\/it\/wp-json\/wp\/v2\/users\/35"}],"replies":[{"embeddable":true,"href":"https:\/\/www.m-q.ch\/it\/wp-json\/wp\/v2\/comments?post=12890"}],"version-history":[{"count":3,"href":"https:\/\/www.m-q.ch\/it\/wp-json\/wp\/v2\/posts\/12890\/revisions"}],"predecessor-version":[{"id":13104,"href":"https:\/\/www.m-q.ch\/it\/wp-json\/wp\/v2\/posts\/12890\/revisions\/13104"}],"wp:featuredmedia":[{"embeddable":true,"href":"https:\/\/www.m-q.ch\/it\/wp-json\/wp\/v2\/media\/12891"}],"wp:attachment":[{"href":"https:\/\/www.m-q.ch\/it\/wp-json\/wp\/v2\/media?parent=12890"}],"wp:term":[{"taxonomy":"category","embeddable":true,"href":"https:\/\/www.m-q.ch\/it\/wp-json\/wp\/v2\/categories?post=12890"},{"taxonomy":"post_tag","embeddable":true,"href":"https:\/\/www.m-q.ch\/it\/wp-json\/wp\/v2\/tags?post=12890"}],"curies":[{"name":"wp","href":"https:\/\/api.w.org\/{rel}","templated":true}]}}