{"id":12975,"date":"2013-12-18T09:09:18","date_gmt":"2013-12-18T08:09:18","guid":{"rendered":"https:\/\/www.m-q.ch\/?p=12975"},"modified":"2021-02-19T09:20:29","modified_gmt":"2021-02-19T08:20:29","slug":"ritorno-alle-origini","status":"publish","type":"post","link":"https:\/\/www.m-q.ch\/it\/zurueck-zu-den-wurzeln\/","title":{"rendered":"Ritorno alle radici"},"content":{"rendered":"<p><img loading=\"lazy\" decoding=\"async\" class=\"alignnone size-full wp-image-12977\" src=\"https:\/\/www.m-q.ch\/wp-content\/uploads\/2021\/02\/Zurueck-zu-den-Wurzeln.jpg\" alt=\"Ritorno alle radici\" width=\"834\" height=\"1487\" srcset=\"https:\/\/www.m-q.ch\/wp-content\/uploads\/2021\/02\/Zurueck-zu-den-Wurzeln.jpg 834w, https:\/\/www.m-q.ch\/wp-content\/uploads\/2021\/02\/Zurueck-zu-den-Wurzeln-768x1369.jpg 768w, https:\/\/www.m-q.ch\/wp-content\/uploads\/2021\/02\/Zurueck-zu-den-Wurzeln-7x12.jpg 7w, https:\/\/www.m-q.ch\/wp-content\/uploads\/2021\/02\/Zurueck-zu-den-Wurzeln-98x175.jpg 98w, https:\/\/www.m-q.ch\/wp-content\/uploads\/2021\/02\/Zurueck-zu-den-Wurzeln-196x350.jpg 196w, https:\/\/www.m-q.ch\/wp-content\/uploads\/2021\/02\/Zurueck-zu-den-Wurzeln-449x800.jpg 449w, https:\/\/www.m-q.ch\/wp-content\/uploads\/2021\/02\/Zurueck-zu-den-Wurzeln-785x1400.jpg 785w, https:\/\/www.m-q.ch\/wp-content\/uploads\/2021\/02\/Zurueck-zu-den-Wurzeln-300x535.jpg 300w\" sizes=\"auto, (max-width: 834px) 100vw, 834px\" \/><\/p>\n<p>&nbsp;<\/p>\n<p>&nbsp;<\/p>\n<p>&nbsp;<\/p>\n<p><strong>Lei \u00e8 stato CEO della Schurter AG per 4 anni. Come si vive oggi l'eccellenza aziendale?<\/strong><\/p>\n<p>&nbsp;<\/p>\n<p>Essendo entrato alla Schurter AG 9 anni fa, conoscevo molto bene il tema della Business Excellence. Come azienda attiva a livello globale, l'industria elettronica sta cambiando rapidamente, ed \u00e8 importante assicurarsi che il tema dell'eccellenza aziendale mantenga il suo posto in azienda.<\/p>\n<p><strong>Guardando indietro: Come si \u00e8 reso conto dell'importanza del modello EFQM?<\/strong><\/p>\n<p>&nbsp;<\/p>\n<p>Grazie all'EFQM, siamo stati in grado di prendere le decisioni giuste con estrema rapidit\u00e0, perch\u00e9 avevamo una buona visione d'insieme dei fattori abilitanti da un lato e potevamo tenere sotto controllo i risultati dall'altro. Questo significava che eravamo sempre in grado di definire le misure e prevedere le corrispondenti prospettive di successo, cio\u00e8 i risultati. La connessione tra causa ed effetto \u00e8 stata data in ogni momento.<\/p>\n<p><strong>Qual \u00e8 la sua ricetta personale per il successo?<\/strong><\/p>\n<p>&nbsp;<\/p>\n<p>Queste sono le mie cinque \"M\" personali.<\/p>\n<ul style=\"list-style-type: square\">\n<li>Diventa evidente nel sistema (<em><strong>\"esecutore\"<\/strong><\/em>)<\/li>\n<li>Portare una grande porzione di auto-propulsione (<em><strong>\"Motore\"<\/strong><\/em>)<\/li>\n<li>La capacit\u00e0 di motivarsi ancora e ancora (<em><strong>\"Motivare\"<\/strong><\/em>)<\/li>\n<li>Lasciati anche insegnare (<em><strong>\"Mentore\"<\/strong><\/em>)<\/li>\n<li>Sii sempre autentico (<em><strong>\"Muller\"<\/strong><\/em>)<\/li>\n<\/ul>\n<p><strong>Qual \u00e8, secondo lei, la sfida principale del modello di Business Excellence?<\/strong><\/p>\n<p>&nbsp;<\/p>\n<p>I visitatori me lo chiedono continuamente: Dove trova il tempo per questo enorme sforzo? La difficolt\u00e0 sta nel bilanciamento tra sforzo e beneficio. Vedete, alla fine della giornata, non si pu\u00f2 fare un buco con un oggetto smussato. Business Excellence ti permette di avere sempre a portata di mano un trapano con una punta affilata. Inoltre, le attivit\u00e0 relative alla Business Excellence sono sostenute da tutte le persone chiave dell'azienda.<\/p>\n<p><strong>Attualmente state lavorando alla strategia aziendale per i prossimi 5 anni. Quanto \u00e8 importante l'eccellenza aziendale in questo contesto?<\/strong><\/p>\n<p>&nbsp;<\/p>\n<p>Il modello EFQM \u00e8 ancorato nel Gruppo Schurter. Le domande di controllo corrispondenti sono poste durante il processo di sviluppo della strategia per assicurare che tutte le parti interessate siano prese in considerazione nella strategia. Va da s\u00e9 che la Business Excellence e il modello EFQM sono anche ancorati nella nuova strategia e si sta cercando di farne un ulteriore roll-out nel Gruppo.<\/p>\n<p><strong>Secondo lei, cosa c'\u00e8 di critico nel modello EFQM?<\/strong><\/p>\n<p>&nbsp;<\/p>\n<p>Il modello EFQM \u00e8 un modello perfetto per aziende di qualsiasi dimensione. Tuttavia, si \u00e8 tentati di perfezionarsi internamente al massimo, e nel processo la visione esterna, cio\u00e8 il cliente, pu\u00f2 essere messa in secondo piano. Questo \u00e8 stato ulteriormente migliorato con gli aggiustamenti della formulazione dei concetti di base di Excellence 2013.<\/p>\n<p><strong>Fare domanda per il premio 2014 \u00e8 un problema per voi?<\/strong><\/p>\n<p>&nbsp;<\/p>\n<p>Ci stiamo candidando per l'Esprix Award 2014. Facciamo una valutazione interna annuale e valutiamo tutti i criteri. Personalmente, ho l'impressione che questa valutazione sia un po' troppo generosa. I risultati riveleranno la verit\u00e0. Tuttavia, questo \u00e8 solo di secondaria importanza per me. La cosa principale \u00e8 l'analisi dettagliata da parte di un team di esperti e la scoperta spietata del potenziale di miglioramento. Questa \u00e8 la nostra spinta a diventare ancora meglio.<\/p>\n<p><strong>Allora non vuoi proprio vincere l'Esprix Award 2014?<\/strong><\/p>\n<p>&nbsp;<\/p>\n<p>Naturalmente vorremmo vincere di nuovo l'Esprix Award 2014 dopo il 2002. Questo sarebbe un eccellente record di risultati per tutti i dipendenti della Schurter AG. Dopo tutto, sono la chiave per un'azienda di successo.<\/p>\n<p><strong>Dove vede ulteriore potenziale nell'azienda?<\/strong><\/p>\n<p>&nbsp;<\/p>\n<p>La nostra presenza sul mercato deve essere migliorata in modo che il cliente sia consapevole dell'intera gamma di competenze del Gruppo Schurter e noi possiamo beneficiare del potenziale di cross-selling. Il tema dell'eccellenza aziendale sar\u00e0 nuovamente portato alla ribalta con la nostra partecipazione al Premio 2014. A causa dei cambiamenti del mercato negli ultimi 3 anni, questo non \u00e8 stato sempre pienamente visibile.<\/p>\n<p><strong>Cosa consiglia alle aziende che partecipano a ESPRIX per la prima volta?<\/strong><\/p>\n<p>&nbsp;<\/p>\n<p>Fondamentalmente, non credo che ci sia una differenza tra le aziende che partecipano per la prima volta e quelle che hanno gi\u00e0 partecipato pi\u00f9 volte. Il tema dell'eccellenza aziendale deve essere interiorizzato nell'azienda e sostenuto dal top management. La mia raccomandazione:<\/p>\n<ol>\n<li>L'eccellenza negli affari \u00e8 uno stile di vita e non si pu\u00f2 giocare.<\/li>\n<li>Attuazione coerente delle misure di miglioramento e revisione della loro efficacia.\u00a0<\/li>\n<li>L'eccellenza negli affari non \u00e8 una punizione; fallo con gioia e cuore.<\/li>\n<\/ol>\n<p><strong>Come si comunica l'eccellenza aziendale alla forza lavoro?<\/strong><\/p>\n<p>&nbsp;<\/p>\n<p>La Business Excellence non viene insegnata ai nostri dipendenti, viene vissuta. I nuovi dipendenti ricevono un piano di induzione dettagliato e un'introduzione approfondita al mondo dell'eccellenza aziendale.<\/p>\n<p><strong>A Schurter piace essere percepita come un'azienda modello in termini di eccellenza aziendale. Come si affronta questo?<\/strong><\/p>\n<p>&nbsp;<\/p>\n<p>Il mio predecessore Anton Lauber ha introdotto la cultura dell'eccellenza aziendale nell'azienda e ha giocato un ruolo chiave nel plasmarla. Per me \u00e8 un dovere mantenere questa cultura. Questo \u00e8 un impegno verso il modello EFQM. Naturalmente, la percezione esterna non sempre coincide con la visione interna. Per questo attribuisco grande importanza a segnalare esplicitamente, al momento del reclutamento di nuovi specialisti, che siamo anche esposti ai duri venti della concorrenza.<\/p>\n<p><strong>Qual \u00e8 la differenza per un'azienda che non lavora con il modello EFQM?<\/strong><\/p>\n<p>&nbsp;<\/p>\n<p>Mi trovo spesso di fronte a questa domanda. C'\u00e8 una risposta semplice: misuriamo quello che facciamo, ne ricaviamo delle misure su come possiamo diventare ancora migliori, e misuriamo di nuovo l'efficacia delle misure. Seguiamo questa filosofia in modo coerente e continuo. Inoltre, tutte le parti interessate, compresa la responsabilit\u00e0 sociale, sono prese in considerazione.<\/p>\n<p><strong>Che ruolo hanno i dipendenti?<\/strong><\/p>\n<p>&nbsp;<\/p>\n<p>Sono la chiave del successo, modellano la nostra cultura aziendale nella vita quotidiana e sono motivati a interiorizzarla in occasione dei workshop culturali. In questo contesto, sono enormemente orgoglioso del fatto che abbiamo ottenuto il 3\u00b0 e 2\u00b0 posto nello Swiss Employer Award negli ultimi tre anni. Questo \u00e8 anche un segno della fiducia dei nostri dipendenti nell'azienda.<\/p>\n<p><strong>Cosa c'\u00e8 dietro questo forte impegno?<\/strong><\/p>\n<p>&nbsp;<\/p>\n<p>Ci sono vari aspetti dietro una tale storia di successo. Dal mio punto di vista, la grande continuit\u00e0 nel top management gioca un ruolo chiave. Inoltre, i dipendenti ricevono molte informazioni di prima mano, cio\u00e8 direttamente da me, il CEO. Un altro elemento chiave \u00e8 che, come CEO, conosco tutte le persone e parlo con loro regolarmente. In questo modo, oltre ai piani di vacanza attuali e alle storie di famiglia, imparo anche le preoccupazioni personali e le debolezze percepite che possono essere facilmente eliminate.<\/p>\n<p><strong>Immaginate di vincere il premio Esprix. Cosa faresti tu?<\/strong><\/p>\n<p>&nbsp;<\/p>\n<p>Sono felice di ringraziare tutti voi e di affrontare il potenziale di miglioramento.<\/p>\n<p><strong>In che modo Business Excellence vi accompagner\u00e0 in futuro?<\/strong><\/p>\n<p>&nbsp;<\/p>\n<p>Continueremo a seguire il modello in futuro e rafforzeremo l'espansione globale alle nostre societ\u00e0 del gruppo. La Schurter AG continuer\u00e0 a perseguire la filosofia delle migliori pratiche nei prossimi anni. Quindi, vedete, non siamo a corto di lavoro per quanto riguarda l'organizzazione eccellente in tempi brevi.<\/p>","protected":false},"excerpt":{"rendered":"<p>&nbsp; &nbsp; &nbsp; Sie sind seit 4 Jahren CEO der Schurter AG. Wie erleben Sie Business Excellence heute? &nbsp; Da ich bereits vor 9 Jahren in die Schurter AG eingetreten bin, war ich mit der Thematik Business Excellence bestens vertraut. Als global t\u00e4tiges Unternehmen ver\u00e4ndert sich die Elektronikindustrie rasant, dabei ist ein wichtiges Augenmerk darauf [&hellip;]<\/p>\n","protected":false},"author":66,"featured_media":12977,"comment_status":"closed","ping_status":"closed","sticky":false,"template":"","format":"standard","meta":{"_acf_changed":false,"footnotes":""},"categories":[5],"tags":[4821],"class_list":["post-12975","post","type-post","status-publish","format-standard","has-post-thumbnail","hentry","category-business_excellence","tag-esprix-2013"],"acf":[],"yoast_head":"<!-- This site is optimized with the Yoast SEO plugin v26.2 - https:\/\/yoast.com\/wordpress\/plugins\/seo\/ -->\n<title>Zur\u00fcck zu den Wurzeln - MQ Management und Qualit\u00e4t<\/title>\n<meta name=\"description\" content=\"Die SCHURTER AG geh\u00f6rt zu den ESPRIXPionieren. Bereits 1999 geh\u00f6rte sie zu den ersten Preistr\u00e4gern und 2002 wurde sie ESPRIX AwardWinner. Immer wieder machte die F\u00fchrung klar: F\u00fcr die Firma gibt es keine Alternative zu EFQM. Jetzt \u00fcberrascht sie mit der Ank\u00fcndigung, 2014 wieder am ESPRIX teilnehmen zu wollen. MQ sprach dar\u00fcber mit CEO Ralph M\u00fcller\" \/>\n<meta name=\"robots\" content=\"index, follow, max-snippet:-1, max-image-preview:large, max-video-preview:-1\" \/>\n<link rel=\"canonical\" href=\"https:\/\/www.m-q.ch\/it\/ritorno-alle-origini\/\" \/>\n<meta property=\"og:locale\" content=\"it_IT\" \/>\n<meta property=\"og:type\" content=\"article\" \/>\n<meta property=\"og:title\" content=\"Zur\u00fcck zu den Wurzeln - MQ Management und Qualit\u00e4t\" \/>\n<meta property=\"og:description\" content=\"Die SCHURTER AG geh\u00f6rt zu den ESPRIXPionieren. Bereits 1999 geh\u00f6rte sie zu den ersten Preistr\u00e4gern und 2002 wurde sie ESPRIX AwardWinner. Immer wieder machte die F\u00fchrung klar: F\u00fcr die Firma gibt es keine Alternative zu EFQM. Jetzt \u00fcberrascht sie mit der Ank\u00fcndigung, 2014 wieder am ESPRIX teilnehmen zu wollen. MQ sprach dar\u00fcber mit CEO Ralph M\u00fcller\" \/>\n<meta property=\"og:url\" content=\"https:\/\/www.m-q.ch\/it\/ritorno-alle-origini\/\" \/>\n<meta property=\"og:site_name\" content=\"MQ Management und Qualit\u00e4t\" \/>\n<meta property=\"article:publisher\" content=\"https:\/\/www.facebook.com\/ManagementUndQualitaet\" \/>\n<meta property=\"article:published_time\" content=\"2013-12-18T08:09:18+00:00\" \/>\n<meta property=\"article:modified_time\" content=\"2021-02-19T08:20:29+00:00\" \/>\n<meta property=\"og:image\" content=\"https:\/\/www.m-q.ch\/wp-content\/uploads\/2021\/02\/Zurueck-zu-den-Wurzeln.jpg\" \/>\n\t<meta property=\"og:image:width\" content=\"834\" \/>\n\t<meta property=\"og:image:height\" content=\"1487\" \/>\n\t<meta property=\"og:image:type\" content=\"image\/jpeg\" \/>\n<meta name=\"author\" content=\"upwork_1\" \/>\n<meta name=\"twitter:card\" content=\"summary_large_image\" \/>\n<meta name=\"twitter:label1\" content=\"Scritto da\" \/>\n\t<meta name=\"twitter:data1\" content=\"upwork_1\" \/>\n\t<meta name=\"twitter:label2\" content=\"Tempo di lettura stimato\" \/>\n\t<meta name=\"twitter:data2\" content=\"6 minuti\" \/>\n<script type=\"application\/ld+json\" class=\"yoast-schema-graph\">{\"@context\":\"https:\/\/schema.org\",\"@graph\":[{\"@type\":\"Article\",\"@id\":\"https:\/\/www.m-q.ch\/zurueck-zu-den-wurzeln\/#article\",\"isPartOf\":{\"@id\":\"https:\/\/www.m-q.ch\/zurueck-zu-den-wurzeln\/\"},\"author\":{\"name\":\"upwork_1\",\"@id\":\"https:\/\/www.m-q.ch\/fr\/#\/schema\/person\/0bdf39ca27d0b9b779f5b8af54b3f7d7\"},\"headline\":\"Zur\u00fcck zu den Wurzeln\",\"datePublished\":\"2013-12-18T08:09:18+00:00\",\"dateModified\":\"2021-02-19T08:20:29+00:00\",\"mainEntityOfPage\":{\"@id\":\"https:\/\/www.m-q.ch\/zurueck-zu-den-wurzeln\/\"},\"wordCount\":1147,\"publisher\":{\"@id\":\"https:\/\/www.m-q.ch\/fr\/#organization\"},\"image\":{\"@id\":\"https:\/\/www.m-q.ch\/zurueck-zu-den-wurzeln\/#primaryimage\"},\"thumbnailUrl\":\"https:\/\/www.m-q.ch\/wp-content\/uploads\/2021\/02\/Zurueck-zu-den-Wurzeln.jpg\",\"keywords\":[\"ESPRIX 2013\"],\"articleSection\":[\"Business Excellence\"],\"inLanguage\":\"it-IT\"},{\"@type\":\"WebPage\",\"@id\":\"https:\/\/www.m-q.ch\/zurueck-zu-den-wurzeln\/\",\"url\":\"https:\/\/www.m-q.ch\/zurueck-zu-den-wurzeln\/\",\"name\":\"Zur\u00fcck zu den Wurzeln - MQ Management und Qualit\u00e4t\",\"isPartOf\":{\"@id\":\"https:\/\/www.m-q.ch\/fr\/#website\"},\"primaryImageOfPage\":{\"@id\":\"https:\/\/www.m-q.ch\/zurueck-zu-den-wurzeln\/#primaryimage\"},\"image\":{\"@id\":\"https:\/\/www.m-q.ch\/zurueck-zu-den-wurzeln\/#primaryimage\"},\"thumbnailUrl\":\"https:\/\/www.m-q.ch\/wp-content\/uploads\/2021\/02\/Zurueck-zu-den-Wurzeln.jpg\",\"datePublished\":\"2013-12-18T08:09:18+00:00\",\"dateModified\":\"2021-02-19T08:20:29+00:00\",\"description\":\"Die SCHURTER AG geh\u00f6rt zu den ESPRIXPionieren. Bereits 1999 geh\u00f6rte sie zu den ersten Preistr\u00e4gern und 2002 wurde sie ESPRIX AwardWinner. Immer wieder machte die F\u00fchrung klar: F\u00fcr die Firma gibt es keine Alternative zu EFQM. Jetzt \u00fcberrascht sie mit der Ank\u00fcndigung, 2014 wieder am ESPRIX teilnehmen zu wollen. MQ sprach dar\u00fcber mit CEO Ralph M\u00fcller\",\"breadcrumb\":{\"@id\":\"https:\/\/www.m-q.ch\/zurueck-zu-den-wurzeln\/#breadcrumb\"},\"inLanguage\":\"it-IT\",\"potentialAction\":[{\"@type\":\"ReadAction\",\"target\":[\"https:\/\/www.m-q.ch\/zurueck-zu-den-wurzeln\/\"]}]},{\"@type\":\"ImageObject\",\"inLanguage\":\"it-IT\",\"@id\":\"https:\/\/www.m-q.ch\/zurueck-zu-den-wurzeln\/#primaryimage\",\"url\":\"https:\/\/www.m-q.ch\/wp-content\/uploads\/2021\/02\/Zurueck-zu-den-Wurzeln.jpg\",\"contentUrl\":\"https:\/\/www.m-q.ch\/wp-content\/uploads\/2021\/02\/Zurueck-zu-den-Wurzeln.jpg\",\"width\":834,\"height\":1487,\"caption\":\"Zur\u00fcck zu den Wurzeln\"},{\"@type\":\"BreadcrumbList\",\"@id\":\"https:\/\/www.m-q.ch\/zurueck-zu-den-wurzeln\/#breadcrumb\",\"itemListElement\":[{\"@type\":\"ListItem\",\"position\":1,\"name\":\"Business Excellence\",\"item\":\"https:\/\/www.m-q.ch\/kategorie\/business_excellence\/\"},{\"@type\":\"ListItem\",\"position\":2,\"name\":\"Zur\u00fcck zu den Wurzeln\"}]},{\"@type\":\"WebSite\",\"@id\":\"https:\/\/www.m-q.ch\/fr\/#website\",\"url\":\"https:\/\/www.m-q.ch\/fr\/\",\"name\":\"MQ Management und Qualit\u00e4t\",\"description\":\"Plattform f\u00fcr integrierte Managementsysteme.\",\"publisher\":{\"@id\":\"https:\/\/www.m-q.ch\/fr\/#organization\"},\"potentialAction\":[{\"@type\":\"SearchAction\",\"target\":{\"@type\":\"EntryPoint\",\"urlTemplate\":\"https:\/\/www.m-q.ch\/fr\/?s={search_term_string}\"},\"query-input\":{\"@type\":\"PropertyValueSpecification\",\"valueRequired\":true,\"valueName\":\"search_term_string\"}}],\"inLanguage\":\"it-IT\"},{\"@type\":\"Organization\",\"@id\":\"https:\/\/www.m-q.ch\/fr\/#organization\",\"name\":\"Galledia Fachmedien AG\",\"url\":\"https:\/\/www.m-q.ch\/fr\/\",\"logo\":{\"@type\":\"ImageObject\",\"inLanguage\":\"it-IT\",\"@id\":\"https:\/\/www.m-q.ch\/fr\/#\/schema\/logo\/image\/\",\"url\":\"https:\/\/www.m-q.ch\/wp-content\/uploads\/2020\/12\/cropped-logo_small.png\",\"contentUrl\":\"https:\/\/www.m-q.ch\/wp-content\/uploads\/2020\/12\/cropped-logo_small.png\",\"width\":512,\"height\":512,\"caption\":\"Galledia Fachmedien AG\"},\"image\":{\"@id\":\"https:\/\/www.m-q.ch\/fr\/#\/schema\/logo\/image\/\"},\"sameAs\":[\"https:\/\/www.facebook.com\/ManagementUndQualitaet\",\"https:\/\/www.linkedin.com\/showcase\/17982321\/admin\/\"]},{\"@type\":\"Person\",\"@id\":\"https:\/\/www.m-q.ch\/fr\/#\/schema\/person\/0bdf39ca27d0b9b779f5b8af54b3f7d7\",\"name\":\"upwork_1\",\"image\":{\"@type\":\"ImageObject\",\"inLanguage\":\"it-IT\",\"@id\":\"https:\/\/www.m-q.ch\/fr\/#\/schema\/person\/image\/\",\"url\":\"https:\/\/secure.gravatar.com\/avatar\/04d4d0fdc5886d535809f17d0eace7f6?s=96&d=mm&r=g\",\"contentUrl\":\"https:\/\/secure.gravatar.com\/avatar\/04d4d0fdc5886d535809f17d0eace7f6?s=96&d=mm&r=g\",\"caption\":\"upwork_1\"},\"url\":\"https:\/\/www.m-q.ch\/it\/author\/upwork_1\/\"}]}<\/script>\n<!-- \/ Yoast SEO plugin. -->","yoast_head_json":{"title":"Ritorno alle radici - MQ Gestione e qualit\u00e0","description":"La SCHURTER AG \u00e8 uno dei pionieri di ESPRIX. Gi\u00e0 nel 1999, \u00e8 stato uno dei primi vincitori del premio, e nel 2002 \u00e8 diventato un vincitore del premio ESPRIX. Pi\u00f9 volte la direzione ha chiarito che non c'\u00e8 alternativa all'EFQM per l'azienda. Ora ci ha sorpreso annunciando la sua intenzione di partecipare nuovamente all'ESPRIX nel 2014. MQ ne ha parlato con il CEO Ralph M\u00fcller","robots":{"index":"index","follow":"follow","max-snippet":"max-snippet:-1","max-image-preview":"max-image-preview:large","max-video-preview":"max-video-preview:-1"},"canonical":"https:\/\/www.m-q.ch\/it\/ritorno-alle-origini\/","og_locale":"it_IT","og_type":"article","og_title":"Zur\u00fcck zu den Wurzeln - MQ Management und Qualit\u00e4t","og_description":"Die SCHURTER AG geh\u00f6rt zu den ESPRIXPionieren. Bereits 1999 geh\u00f6rte sie zu den ersten Preistr\u00e4gern und 2002 wurde sie ESPRIX AwardWinner. Immer wieder machte die F\u00fchrung klar: F\u00fcr die Firma gibt es keine Alternative zu EFQM. Jetzt \u00fcberrascht sie mit der Ank\u00fcndigung, 2014 wieder am ESPRIX teilnehmen zu wollen. MQ sprach dar\u00fcber mit CEO Ralph M\u00fcller","og_url":"https:\/\/www.m-q.ch\/it\/ritorno-alle-origini\/","og_site_name":"MQ Management und Qualit\u00e4t","article_publisher":"https:\/\/www.facebook.com\/ManagementUndQualitaet","article_published_time":"2013-12-18T08:09:18+00:00","article_modified_time":"2021-02-19T08:20:29+00:00","og_image":[{"width":834,"height":1487,"url":"https:\/\/www.m-q.ch\/wp-content\/uploads\/2021\/02\/Zurueck-zu-den-Wurzeln.jpg","type":"image\/jpeg"}],"author":"upwork_1","twitter_card":"summary_large_image","twitter_misc":{"Scritto da":"upwork_1","Tempo di lettura stimato":"6 minuti"},"schema":{"@context":"https:\/\/schema.org","@graph":[{"@type":"Article","@id":"https:\/\/www.m-q.ch\/zurueck-zu-den-wurzeln\/#article","isPartOf":{"@id":"https:\/\/www.m-q.ch\/zurueck-zu-den-wurzeln\/"},"author":{"name":"upwork_1","@id":"https:\/\/www.m-q.ch\/fr\/#\/schema\/person\/0bdf39ca27d0b9b779f5b8af54b3f7d7"},"headline":"Zur\u00fcck zu den Wurzeln","datePublished":"2013-12-18T08:09:18+00:00","dateModified":"2021-02-19T08:20:29+00:00","mainEntityOfPage":{"@id":"https:\/\/www.m-q.ch\/zurueck-zu-den-wurzeln\/"},"wordCount":1147,"publisher":{"@id":"https:\/\/www.m-q.ch\/fr\/#organization"},"image":{"@id":"https:\/\/www.m-q.ch\/zurueck-zu-den-wurzeln\/#primaryimage"},"thumbnailUrl":"https:\/\/www.m-q.ch\/wp-content\/uploads\/2021\/02\/Zurueck-zu-den-Wurzeln.jpg","keywords":["ESPRIX 2013"],"articleSection":["Business Excellence"],"inLanguage":"it-IT"},{"@type":"WebPage","@id":"https:\/\/www.m-q.ch\/zurueck-zu-den-wurzeln\/","url":"https:\/\/www.m-q.ch\/zurueck-zu-den-wurzeln\/","name":"Ritorno alle radici - MQ Gestione e qualit\u00e0","isPartOf":{"@id":"https:\/\/www.m-q.ch\/fr\/#website"},"primaryImageOfPage":{"@id":"https:\/\/www.m-q.ch\/zurueck-zu-den-wurzeln\/#primaryimage"},"image":{"@id":"https:\/\/www.m-q.ch\/zurueck-zu-den-wurzeln\/#primaryimage"},"thumbnailUrl":"https:\/\/www.m-q.ch\/wp-content\/uploads\/2021\/02\/Zurueck-zu-den-Wurzeln.jpg","datePublished":"2013-12-18T08:09:18+00:00","dateModified":"2021-02-19T08:20:29+00:00","description":"La SCHURTER AG \u00e8 uno dei pionieri di ESPRIX. Gi\u00e0 nel 1999, \u00e8 stato uno dei primi vincitori del premio, e nel 2002 \u00e8 diventato un vincitore del premio ESPRIX. Pi\u00f9 volte la direzione ha chiarito che non c'\u00e8 alternativa all'EFQM per l'azienda. Ora ci ha sorpreso annunciando la sua intenzione di partecipare nuovamente all'ESPRIX nel 2014. MQ ne ha parlato con il CEO Ralph M\u00fcller","breadcrumb":{"@id":"https:\/\/www.m-q.ch\/zurueck-zu-den-wurzeln\/#breadcrumb"},"inLanguage":"it-IT","potentialAction":[{"@type":"ReadAction","target":["https:\/\/www.m-q.ch\/zurueck-zu-den-wurzeln\/"]}]},{"@type":"ImageObject","inLanguage":"it-IT","@id":"https:\/\/www.m-q.ch\/zurueck-zu-den-wurzeln\/#primaryimage","url":"https:\/\/www.m-q.ch\/wp-content\/uploads\/2021\/02\/Zurueck-zu-den-Wurzeln.jpg","contentUrl":"https:\/\/www.m-q.ch\/wp-content\/uploads\/2021\/02\/Zurueck-zu-den-Wurzeln.jpg","width":834,"height":1487,"caption":"Zur\u00fcck zu den Wurzeln"},{"@type":"BreadcrumbList","@id":"https:\/\/www.m-q.ch\/zurueck-zu-den-wurzeln\/#breadcrumb","itemListElement":[{"@type":"ListItem","position":1,"name":"Business Excellence","item":"https:\/\/www.m-q.ch\/kategorie\/business_excellence\/"},{"@type":"ListItem","position":2,"name":"Zur\u00fcck zu den Wurzeln"}]},{"@type":"WebSite","@id":"https:\/\/www.m-q.ch\/fr\/#website","url":"https:\/\/www.m-q.ch\/fr\/","name":"Gestione e qualit\u00e0 MQ","description":"Piattaforma per sistemi di gestione integrati.","publisher":{"@id":"https:\/\/www.m-q.ch\/fr\/#organization"},"potentialAction":[{"@type":"SearchAction","target":{"@type":"EntryPoint","urlTemplate":"https:\/\/www.m-q.ch\/fr\/?s={search_term_string}"},"query-input":{"@type":"PropertyValueSpecification","valueRequired":true,"valueName":"search_term_string"}}],"inLanguage":"it-IT"},{"@type":"Organization","@id":"https:\/\/www.m-q.ch\/fr\/#organization","name":"Galledia Fachmedien AG","url":"https:\/\/www.m-q.ch\/fr\/","logo":{"@type":"ImageObject","inLanguage":"it-IT","@id":"https:\/\/www.m-q.ch\/fr\/#\/schema\/logo\/image\/","url":"https:\/\/www.m-q.ch\/wp-content\/uploads\/2020\/12\/cropped-logo_small.png","contentUrl":"https:\/\/www.m-q.ch\/wp-content\/uploads\/2020\/12\/cropped-logo_small.png","width":512,"height":512,"caption":"Galledia Fachmedien AG"},"image":{"@id":"https:\/\/www.m-q.ch\/fr\/#\/schema\/logo\/image\/"},"sameAs":["https:\/\/www.facebook.com\/ManagementUndQualitaet","https:\/\/www.linkedin.com\/showcase\/17982321\/admin\/"]},{"@type":"Person","@id":"https:\/\/www.m-q.ch\/fr\/#\/schema\/person\/0bdf39ca27d0b9b779f5b8af54b3f7d7","name":"upwork_1","image":{"@type":"ImageObject","inLanguage":"it-IT","@id":"https:\/\/www.m-q.ch\/fr\/#\/schema\/person\/image\/","url":"https:\/\/secure.gravatar.com\/avatar\/04d4d0fdc5886d535809f17d0eace7f6?s=96&d=mm&r=g","contentUrl":"https:\/\/secure.gravatar.com\/avatar\/04d4d0fdc5886d535809f17d0eace7f6?s=96&d=mm&r=g","caption":"upwork_1"},"url":"https:\/\/www.m-q.ch\/it\/author\/upwork_1\/"}]}},"_links":{"self":[{"href":"https:\/\/www.m-q.ch\/it\/wp-json\/wp\/v2\/posts\/12975","targetHints":{"allow":["GET"]}}],"collection":[{"href":"https:\/\/www.m-q.ch\/it\/wp-json\/wp\/v2\/posts"}],"about":[{"href":"https:\/\/www.m-q.ch\/it\/wp-json\/wp\/v2\/types\/post"}],"author":[{"embeddable":true,"href":"https:\/\/www.m-q.ch\/it\/wp-json\/wp\/v2\/users\/66"}],"replies":[{"embeddable":true,"href":"https:\/\/www.m-q.ch\/it\/wp-json\/wp\/v2\/comments?post=12975"}],"version-history":[{"count":1,"href":"https:\/\/www.m-q.ch\/it\/wp-json\/wp\/v2\/posts\/12975\/revisions"}],"predecessor-version":[{"id":12979,"href":"https:\/\/www.m-q.ch\/it\/wp-json\/wp\/v2\/posts\/12975\/revisions\/12979"}],"wp:featuredmedia":[{"embeddable":true,"href":"https:\/\/www.m-q.ch\/it\/wp-json\/wp\/v2\/media\/12977"}],"wp:attachment":[{"href":"https:\/\/www.m-q.ch\/it\/wp-json\/wp\/v2\/media?parent=12975"}],"wp:term":[{"taxonomy":"category","embeddable":true,"href":"https:\/\/www.m-q.ch\/it\/wp-json\/wp\/v2\/categories?post=12975"},{"taxonomy":"post_tag","embeddable":true,"href":"https:\/\/www.m-q.ch\/it\/wp-json\/wp\/v2\/tags?post=12975"}],"curies":[{"name":"wp","href":"https:\/\/api.w.org\/{rel}","templated":true}]}}