{"id":13108,"date":"2021-03-08T10:58:14","date_gmt":"2021-03-08T09:58:14","guid":{"rendered":"https:\/\/www.m-q.ch\/?p=13108"},"modified":"2021-03-11T10:50:00","modified_gmt":"2021-03-11T09:50:00","slug":"covid-19-protezione-dalle-infezioni-attraverso-la-tecnologia-di-ventilazione-e-purificazione-dellaria","status":"publish","type":"post","link":"https:\/\/www.m-q.ch\/it\/covid-19-infektionsschutz-durch-lueftungs-und-luftreinigungstechnik\/","title":{"rendered":"Covid-19: Protezione dalle infezioni attraverso la tecnologia di ventilazione e purificazione dell'aria"},"content":{"rendered":"<figure id=\"attachment_13125\" aria-describedby=\"caption-attachment-13125\" style=\"width: 999px\" class=\"wp-caption aligncenter\"><img loading=\"lazy\" decoding=\"async\" class=\"size-full wp-image-13125\" src=\"https:\/\/www.m-q.ch\/wp-content\/uploads\/2021\/03\/Depositphotos_191194836_s-2019.jpg\" alt=\"\" width=\"999\" height=\"667\" srcset=\"https:\/\/www.m-q.ch\/wp-content\/uploads\/2021\/03\/Depositphotos_191194836_s-2019.jpg 999w, https:\/\/www.m-q.ch\/wp-content\/uploads\/2021\/03\/Depositphotos_191194836_s-2019-768x513.jpg 768w, https:\/\/www.m-q.ch\/wp-content\/uploads\/2021\/03\/Depositphotos_191194836_s-2019-16x12.jpg 16w, https:\/\/www.m-q.ch\/wp-content\/uploads\/2021\/03\/Depositphotos_191194836_s-2019-262x175.jpg 262w, https:\/\/www.m-q.ch\/wp-content\/uploads\/2021\/03\/Depositphotos_191194836_s-2019-524x350.jpg 524w, https:\/\/www.m-q.ch\/wp-content\/uploads\/2021\/03\/Depositphotos_191194836_s-2019-920x614.jpg 920w, https:\/\/www.m-q.ch\/wp-content\/uploads\/2021\/03\/Depositphotos_191194836_s-2019-300x200.jpg 300w\" sizes=\"auto, (max-width: 999px) 100vw, 999px\" \/><figcaption id=\"caption-attachment-13125\" class=\"wp-caption-text\">\u00a9 Depositphotos, gorgev<\/figcaption><\/figure>\n<p>Una scoperta decisiva \u00e8 che solo i sistemi di ventilazione meccanica forniscono un ricambio d'aria garantito tutto l'anno e, se sufficientemente dimensionati, riducono notevolmente il rischio di infezioni. L'urto e la ventilazione incrociata attraverso le finestre sono nella maggior parte dei casi energeticamente meno favorevoli e anche il benessere delle persone nella stanza \u00e8 spesso limitato di conseguenza. Una protezione contro le infezioni paragonabile a quella dei sistemi di ventilazione meccanica ben dimensionati pu\u00f2 essere raggiunta solo sotto ipotesi ideali che raramente si applicano nella pratica. Se \u00e8 possibile solo la ventilazione d'urto e trasversale, le unit\u00e0 di purificazione dell'aria secondaria adeguatamente dimensionate riducono significativamente il rischio di infezione nelle stanze e sono quindi adatte come misura aggiuntiva.<\/p>\n<p>Queste sono le conclusioni dell'associazione generale di tecnologia dell'aria VDMA nella scheda informativa \"<a href=\"http:\/\/klt.vdma.org\/documents\/105879\/0\/Raumlufttechnische%20Anlagen%20in%20Zeiten%20von%20COVID-19%20Bewertung%20des%20Infektionsrisikos%20durch%20aerosolgebundene%20Viren%20%20%20bei%20unterschiedlichen%20L\u00fcftungs-%20und%20Luftreinigungsverfahren%20in%20R\u00e4umen\/b38f01f1-a0ee-5f98-f883-30792985fcbb?t=940651.7\">Sistemi di aria interna in tempi di COVID-19 - Valutazione del rischio di infezione da virus legati all'aerosol con diversi metodi di ventilazione e pulizia dell'aria nelle stanze<\/a>\". La pubblicazione \u00e8 una sintesi dello studio \"Stima del rischio di infezione da virus trasportati da aerosol in stanze ventilate\". Questo studio confronta il rischio di infezione di diversi ambienti interni e valuta diverse misure di ventilazione e purificazione dell'aria con l'ulteriore considerazione di indossare un copri bocca-naso (MNB).\u00a0<\/p>\n<p>In generale, sia lo studio che il suo riassunto nella scheda informativa VDMA valutano esclusivamente le infezioni causate da particelle di aerosol attraverso le vie respiratorie. Lo studio \u00e8 stato realizzato in collaborazione con i seguenti istituti:<\/p>\n<p>- Istituto per l'efficienza energetica degli edifici e il clima interno (EBC), Universit\u00e0 RWTH Aachen<br \/>\n- Istituto di medicina del lavoro, sociale e ambientale, Universit\u00e0 RWTH Aachen<br \/>\n- IBO Innenraumanalytik OG, Vienna<br \/>\n- Heinz Trox Wissenschafts gGmbH, Aachen<\/p>\n<p><strong>Opuscolo informativo sulla corretta ventilazione delle stanze<\/strong><\/p>\n<p>I concetti di riapertura delle sale di montaggio, per esempio, possono essere implementati in modo sensato solo con una ventilazione adatta al controllo delle infezioni. Una guida a questo \u00e8 fornita nella pubblicazione dell'associazione commerciale VDMA \"<a href=\"http:\/\/klt.vdma.org\/documents\/105879\/0\/Raumlufttechnische%20Anlagen%20in%20Zeiten%20von%20COVID-19%20-%20Anforderungen%20an%20L\u00fcftung%20und%20Luftreinigung%20zur%20Reduktion%20%20des%20Infektionsrisikos%20\u00fcber%20den%20Luftweg%20\u2013%20AHA%20+%20L\u00fcftung\/c2f1eebb-114c-63de-37d8-532a76eb6edb?t=121539.77\">Sistemi di ventilazione in tempi di COVID-19 - Requisiti per la ventilazione e la purificazione dell'aria per ridurre il rischio di infezione attraverso le vie aeree - AHA + Ventilazione<\/a>\".  Il documento informativo descrive una procedura che definisce i requisiti per una ventilazione adatta al controllo delle infezioni sulla base delle norme europee e rende le stanze valutabili individualmente.\u00a0<\/p>\n<p>\nIn una sala per seminari, per esempio, il livello di attivit\u00e0 \u00e8 basso perch\u00e9 le persone nella stanza respirano normalmente e parlano solo occasionalmente. Tuttavia, vengono valutate anche le strutture con un maggior grado di attivit\u00e0. Questi includono, per esempio, ristoranti, studi di fitness o teatri. In queste stanze, la maggior parte delle persone presenti parla ed \u00e8 anche fisicamente attiva, per cui la respirazione avviene con una frequenza maggiore.\u00a0<\/p>\n<p>La procedura di calcolo e di valutazione, insieme a misure appropriate di controllo delle infezioni per ridurre la carica virale nell'aria interna, potrebbe in futuro evitare la chiusura totale di locali di servizio e di edifici di interi settori economici - a condizione che le regole dell'AHA siano rispettate e la densit\u00e0 di occupazione sia adattata.<\/p>\n<p>La pubblicazione si basa sulla relazione sullo stato 52 dell'Associazione tedesca per il clima degli edifici (Fachverband Geb\u00e4ude-Klima e.V.), che \u00e8 stata pubblicata all'inizio di febbraio. (FGK). Sia FGK che l'Associazione Generale della Tecnologia dell'Aria della VDMA contribuiscono con l'esperienza dei loro membri a rivolgersi ai politici e al pubblico. Offrono basi decisionali per strategie di apertura flessibili o differenziate, rispettivamente, sempre a condizione che le misure prese e le tecniche utilizzate siano dimostrabilmente adatte a mantenere basso il rischio di infezione.\u00a0<\/p>\n<p><em>Ulteriori informazioni dalla VDMA sul tema del Covid-19 possono essere trovate su <a href=\"http:\/\/www.vdma.org\/corona\">qui<\/a>.<\/em><\/p>\n<p><em>Troverete maggiori informazioni a \"Nuovo standard per i ventilatori Covid <a href=\"http:\/\/www.m-q.ch\/it\/nuovo-standard-per-i-ventilatori-covid\/\">qui<\/a>.\u00a0<\/em><\/p>","protected":false},"excerpt":{"rendered":"<p>Eine entscheidende Erkenntnis lautet, dass ausschliesslich maschinelle L\u00fcftungsanlagen f\u00fcr einen ganzj\u00e4hrig garantierten Luftaustausch sorgen und bei ausreichender Dimensionierung das Infektionsrisiko erheblich reduzieren. Stoss- und Querl\u00fcftung \u00fcber Fenster sind in den meisten F\u00e4llen energetisch ung\u00fcnstiger und auch das Wohlbefinden der Menschen im Raum wird dadurch oftmals eingeschr\u00e4nkt. Ein vergleichbarer Infektionsschutz wie bei gut dimensionierten maschinellen L\u00fcftungsanlagen [&hellip;]<\/p>\n","protected":false},"author":35,"featured_media":13125,"comment_status":"closed","ping_status":"closed","sticky":false,"template":"","format":"standard","meta":{"_acf_changed":false,"footnotes":""},"categories":[4],"tags":[4832,4831,4834,4833],"class_list":["post-13108","post","type-post","status-publish","format-standard","has-post-thumbnail","hentry","category-risikomanagement","tag-infektionsschutz","tag-lueftungs-und-luftreinigungstechnik","tag-vdma-fachverband-allgemeine-lufttechnik","tag-virushaltiger-aerosole"],"acf":[],"yoast_head":"<!-- This site is optimized with the Yoast SEO plugin v26.2 - https:\/\/yoast.com\/wordpress\/plugins\/seo\/ -->\n<title>Covid-19: Infektionsschutz durch L\u00fcftungs- und Luftreinigungstechnik - MQ Management und Qualit\u00e4t<\/title>\n<meta name=\"description\" content=\"Die richtige L\u00fcftungs- und Luftreinigungstechnik kann einen erheblichen Beitrag zum Infektionsschutz leisten. Denn: Der Haupt\u00fcbertragungsweg von Covid-19 ist das Einatmen virushaltiger Aerosole ist, die eine infekti\u00f6se Person in die Luft abgegeben hat. Die Infektionsrisiken sind dabei stark von der Versorgung des Raumes mit \u00abvirusfreier\u00bb Luft und der Anzahl und Aktivit\u00e4t anwesender Menschen abh\u00e4ngig.\" \/>\n<meta name=\"robots\" content=\"index, follow, max-snippet:-1, max-image-preview:large, max-video-preview:-1\" \/>\n<link rel=\"canonical\" href=\"https:\/\/www.m-q.ch\/it\/covid-19-protezione-dalle-infezioni-attraverso-la-tecnologia-di-ventilazione-e-purificazione-dellaria\/\" \/>\n<meta property=\"og:locale\" content=\"it_IT\" \/>\n<meta property=\"og:type\" content=\"article\" \/>\n<meta property=\"og:title\" content=\"Covid-19: Infektionsschutz durch L\u00fcftungs- und Luftreinigungstechnik - MQ Management und Qualit\u00e4t\" \/>\n<meta property=\"og:description\" content=\"Die richtige L\u00fcftungs- und Luftreinigungstechnik kann einen erheblichen Beitrag zum Infektionsschutz leisten. Denn: Der Haupt\u00fcbertragungsweg von Covid-19 ist das Einatmen virushaltiger Aerosole ist, die eine infekti\u00f6se Person in die Luft abgegeben hat. Die Infektionsrisiken sind dabei stark von der Versorgung des Raumes mit \u00abvirusfreier\u00bb Luft und der Anzahl und Aktivit\u00e4t anwesender Menschen abh\u00e4ngig.\" \/>\n<meta property=\"og:url\" content=\"https:\/\/www.m-q.ch\/it\/covid-19-protezione-dalle-infezioni-attraverso-la-tecnologia-di-ventilazione-e-purificazione-dellaria\/\" \/>\n<meta property=\"og:site_name\" content=\"MQ Management und Qualit\u00e4t\" \/>\n<meta property=\"article:publisher\" content=\"https:\/\/www.facebook.com\/ManagementUndQualitaet\" \/>\n<meta property=\"article:published_time\" content=\"2021-03-08T09:58:14+00:00\" \/>\n<meta property=\"article:modified_time\" content=\"2021-03-11T09:50:00+00:00\" \/>\n<meta property=\"og:image\" content=\"https:\/\/www.m-q.ch\/wp-content\/uploads\/2021\/03\/Depositphotos_191194836_s-2019.jpg\" \/>\n\t<meta property=\"og:image:width\" content=\"999\" \/>\n\t<meta property=\"og:image:height\" content=\"667\" \/>\n\t<meta property=\"og:image:type\" content=\"image\/jpeg\" \/>\n<meta name=\"author\" content=\"Roger Str\u00e4ssle\" \/>\n<meta name=\"twitter:card\" content=\"summary_large_image\" \/>\n<meta name=\"twitter:label1\" content=\"Scritto da\" \/>\n\t<meta name=\"twitter:data1\" content=\"Roger Str\u00e4ssle\" \/>\n\t<meta name=\"twitter:label2\" content=\"Tempo di lettura stimato\" \/>\n\t<meta name=\"twitter:data2\" content=\"3 minuti\" \/>\n<script type=\"application\/ld+json\" class=\"yoast-schema-graph\">{\"@context\":\"https:\/\/schema.org\",\"@graph\":[{\"@type\":\"Article\",\"@id\":\"https:\/\/www.m-q.ch\/covid-19-infektionsschutz-durch-lueftungs-und-luftreinigungstechnik\/#article\",\"isPartOf\":{\"@id\":\"https:\/\/www.m-q.ch\/covid-19-infektionsschutz-durch-lueftungs-und-luftreinigungstechnik\/\"},\"author\":{\"name\":\"Roger Str\u00e4ssle\",\"@id\":\"https:\/\/www.m-q.ch\/fr\/#\/schema\/person\/47d540e081acd98ccbeb69b55df653d7\"},\"headline\":\"Covid-19: Infektionsschutz durch L\u00fcftungs- und Luftreinigungstechnik\",\"datePublished\":\"2021-03-08T09:58:14+00:00\",\"dateModified\":\"2021-03-11T09:50:00+00:00\",\"mainEntityOfPage\":{\"@id\":\"https:\/\/www.m-q.ch\/covid-19-infektionsschutz-durch-lueftungs-und-luftreinigungstechnik\/\"},\"wordCount\":533,\"publisher\":{\"@id\":\"https:\/\/www.m-q.ch\/fr\/#organization\"},\"image\":{\"@id\":\"https:\/\/www.m-q.ch\/covid-19-infektionsschutz-durch-lueftungs-und-luftreinigungstechnik\/#primaryimage\"},\"thumbnailUrl\":\"https:\/\/www.m-q.ch\/wp-content\/uploads\/2021\/03\/Depositphotos_191194836_s-2019.jpg\",\"keywords\":[\"Infektionsschutz\",\"L\u00fcftungs- und Luftreinigungstechnik\",\"VDMA-Fachverband Allgemeine Lufttechnik\",\"virushaltiger Aerosole\"],\"articleSection\":[\"Risikomanagement\"],\"inLanguage\":\"it-IT\"},{\"@type\":\"WebPage\",\"@id\":\"https:\/\/www.m-q.ch\/covid-19-infektionsschutz-durch-lueftungs-und-luftreinigungstechnik\/\",\"url\":\"https:\/\/www.m-q.ch\/covid-19-infektionsschutz-durch-lueftungs-und-luftreinigungstechnik\/\",\"name\":\"Covid-19: Infektionsschutz durch L\u00fcftungs- und Luftreinigungstechnik - MQ Management und Qualit\u00e4t\",\"isPartOf\":{\"@id\":\"https:\/\/www.m-q.ch\/fr\/#website\"},\"primaryImageOfPage\":{\"@id\":\"https:\/\/www.m-q.ch\/covid-19-infektionsschutz-durch-lueftungs-und-luftreinigungstechnik\/#primaryimage\"},\"image\":{\"@id\":\"https:\/\/www.m-q.ch\/covid-19-infektionsschutz-durch-lueftungs-und-luftreinigungstechnik\/#primaryimage\"},\"thumbnailUrl\":\"https:\/\/www.m-q.ch\/wp-content\/uploads\/2021\/03\/Depositphotos_191194836_s-2019.jpg\",\"datePublished\":\"2021-03-08T09:58:14+00:00\",\"dateModified\":\"2021-03-11T09:50:00+00:00\",\"description\":\"Die richtige L\u00fcftungs- und Luftreinigungstechnik kann einen erheblichen Beitrag zum Infektionsschutz leisten. Denn: Der Haupt\u00fcbertragungsweg von Covid-19 ist das Einatmen virushaltiger Aerosole ist, die eine infekti\u00f6se Person in die Luft abgegeben hat. Die Infektionsrisiken sind dabei stark von der Versorgung des Raumes mit \u00abvirusfreier\u00bb Luft und der Anzahl und Aktivit\u00e4t anwesender Menschen abh\u00e4ngig.\",\"breadcrumb\":{\"@id\":\"https:\/\/www.m-q.ch\/covid-19-infektionsschutz-durch-lueftungs-und-luftreinigungstechnik\/#breadcrumb\"},\"inLanguage\":\"it-IT\",\"potentialAction\":[{\"@type\":\"ReadAction\",\"target\":[\"https:\/\/www.m-q.ch\/covid-19-infektionsschutz-durch-lueftungs-und-luftreinigungstechnik\/\"]}]},{\"@type\":\"ImageObject\",\"inLanguage\":\"it-IT\",\"@id\":\"https:\/\/www.m-q.ch\/covid-19-infektionsschutz-durch-lueftungs-und-luftreinigungstechnik\/#primaryimage\",\"url\":\"https:\/\/www.m-q.ch\/wp-content\/uploads\/2021\/03\/Depositphotos_191194836_s-2019.jpg\",\"contentUrl\":\"https:\/\/www.m-q.ch\/wp-content\/uploads\/2021\/03\/Depositphotos_191194836_s-2019.jpg\",\"width\":999,\"height\":667,\"caption\":\"\u00a9 Depositphotos, gorgev\"},{\"@type\":\"BreadcrumbList\",\"@id\":\"https:\/\/www.m-q.ch\/covid-19-infektionsschutz-durch-lueftungs-und-luftreinigungstechnik\/#breadcrumb\",\"itemListElement\":[{\"@type\":\"ListItem\",\"position\":1,\"name\":\"Risikomanagement\",\"item\":\"https:\/\/www.m-q.ch\/kategorie\/risikomanagement\/\"},{\"@type\":\"ListItem\",\"position\":2,\"name\":\"Covid-19: Infektionsschutz durch L\u00fcftungs- und Luftreinigungstechnik\"}]},{\"@type\":\"WebSite\",\"@id\":\"https:\/\/www.m-q.ch\/fr\/#website\",\"url\":\"https:\/\/www.m-q.ch\/fr\/\",\"name\":\"MQ Management und Qualit\u00e4t\",\"description\":\"Plattform f\u00fcr integrierte Managementsysteme.\",\"publisher\":{\"@id\":\"https:\/\/www.m-q.ch\/fr\/#organization\"},\"potentialAction\":[{\"@type\":\"SearchAction\",\"target\":{\"@type\":\"EntryPoint\",\"urlTemplate\":\"https:\/\/www.m-q.ch\/fr\/?s={search_term_string}\"},\"query-input\":{\"@type\":\"PropertyValueSpecification\",\"valueRequired\":true,\"valueName\":\"search_term_string\"}}],\"inLanguage\":\"it-IT\"},{\"@type\":\"Organization\",\"@id\":\"https:\/\/www.m-q.ch\/fr\/#organization\",\"name\":\"Galledia Fachmedien AG\",\"url\":\"https:\/\/www.m-q.ch\/fr\/\",\"logo\":{\"@type\":\"ImageObject\",\"inLanguage\":\"it-IT\",\"@id\":\"https:\/\/www.m-q.ch\/fr\/#\/schema\/logo\/image\/\",\"url\":\"https:\/\/www.m-q.ch\/wp-content\/uploads\/2020\/12\/cropped-logo_small.png\",\"contentUrl\":\"https:\/\/www.m-q.ch\/wp-content\/uploads\/2020\/12\/cropped-logo_small.png\",\"width\":512,\"height\":512,\"caption\":\"Galledia Fachmedien AG\"},\"image\":{\"@id\":\"https:\/\/www.m-q.ch\/fr\/#\/schema\/logo\/image\/\"},\"sameAs\":[\"https:\/\/www.facebook.com\/ManagementUndQualitaet\",\"https:\/\/www.linkedin.com\/showcase\/17982321\/admin\/\"]},{\"@type\":\"Person\",\"@id\":\"https:\/\/www.m-q.ch\/fr\/#\/schema\/person\/47d540e081acd98ccbeb69b55df653d7\",\"name\":\"Roger Str\u00e4ssle\",\"image\":{\"@type\":\"ImageObject\",\"inLanguage\":\"it-IT\",\"@id\":\"https:\/\/www.m-q.ch\/fr\/#\/schema\/person\/image\/\",\"url\":\"https:\/\/secure.gravatar.com\/avatar\/e4dde3046d8a184d2e2d27651a418883?s=96&d=mm&r=g\",\"contentUrl\":\"https:\/\/secure.gravatar.com\/avatar\/e4dde3046d8a184d2e2d27651a418883?s=96&d=mm&r=g\",\"caption\":\"Roger Str\u00e4ssle\"},\"url\":\"https:\/\/www.m-q.ch\/it\/author\/roger-straessle\/\"}]}<\/script>\n<!-- \/ Yoast SEO plugin. -->","yoast_head_json":{"title":"Covid-19: Protezione dalle infezioni attraverso la tecnologia di ventilazione e purificazione dell'aria - MQ Management und Qualit\u00e4t","description":"La giusta tecnologia di ventilazione e purificazione dell'aria pu\u00f2 dare un contributo significativo alla protezione dalle infezioni. La principale via di trasmissione del Covid-19 \u00e8 l'inalazione di aerosol contenenti il virus rilasciati nell'aria da una persona infettiva. Il rischio di infezione dipende fortemente dalla fornitura di aria \"senza virus\" alla stanza e dal numero e dall'attivit\u00e0 delle persone presenti.","robots":{"index":"index","follow":"follow","max-snippet":"max-snippet:-1","max-image-preview":"max-image-preview:large","max-video-preview":"max-video-preview:-1"},"canonical":"https:\/\/www.m-q.ch\/it\/covid-19-protezione-dalle-infezioni-attraverso-la-tecnologia-di-ventilazione-e-purificazione-dellaria\/","og_locale":"it_IT","og_type":"article","og_title":"Covid-19: Infektionsschutz durch L\u00fcftungs- und Luftreinigungstechnik - MQ Management und Qualit\u00e4t","og_description":"Die richtige L\u00fcftungs- und Luftreinigungstechnik kann einen erheblichen Beitrag zum Infektionsschutz leisten. Denn: Der Haupt\u00fcbertragungsweg von Covid-19 ist das Einatmen virushaltiger Aerosole ist, die eine infekti\u00f6se Person in die Luft abgegeben hat. Die Infektionsrisiken sind dabei stark von der Versorgung des Raumes mit \u00abvirusfreier\u00bb Luft und der Anzahl und Aktivit\u00e4t anwesender Menschen abh\u00e4ngig.","og_url":"https:\/\/www.m-q.ch\/it\/covid-19-protezione-dalle-infezioni-attraverso-la-tecnologia-di-ventilazione-e-purificazione-dellaria\/","og_site_name":"MQ Management und Qualit\u00e4t","article_publisher":"https:\/\/www.facebook.com\/ManagementUndQualitaet","article_published_time":"2021-03-08T09:58:14+00:00","article_modified_time":"2021-03-11T09:50:00+00:00","og_image":[{"width":999,"height":667,"url":"https:\/\/www.m-q.ch\/wp-content\/uploads\/2021\/03\/Depositphotos_191194836_s-2019.jpg","type":"image\/jpeg"}],"author":"Roger Str\u00e4ssle","twitter_card":"summary_large_image","twitter_misc":{"Scritto da":"Roger Str\u00e4ssle","Tempo di lettura stimato":"3 minuti"},"schema":{"@context":"https:\/\/schema.org","@graph":[{"@type":"Article","@id":"https:\/\/www.m-q.ch\/covid-19-infektionsschutz-durch-lueftungs-und-luftreinigungstechnik\/#article","isPartOf":{"@id":"https:\/\/www.m-q.ch\/covid-19-infektionsschutz-durch-lueftungs-und-luftreinigungstechnik\/"},"author":{"name":"Roger Str\u00e4ssle","@id":"https:\/\/www.m-q.ch\/fr\/#\/schema\/person\/47d540e081acd98ccbeb69b55df653d7"},"headline":"Covid-19: Infektionsschutz durch L\u00fcftungs- und Luftreinigungstechnik","datePublished":"2021-03-08T09:58:14+00:00","dateModified":"2021-03-11T09:50:00+00:00","mainEntityOfPage":{"@id":"https:\/\/www.m-q.ch\/covid-19-infektionsschutz-durch-lueftungs-und-luftreinigungstechnik\/"},"wordCount":533,"publisher":{"@id":"https:\/\/www.m-q.ch\/fr\/#organization"},"image":{"@id":"https:\/\/www.m-q.ch\/covid-19-infektionsschutz-durch-lueftungs-und-luftreinigungstechnik\/#primaryimage"},"thumbnailUrl":"https:\/\/www.m-q.ch\/wp-content\/uploads\/2021\/03\/Depositphotos_191194836_s-2019.jpg","keywords":["Infektionsschutz","L\u00fcftungs- und Luftreinigungstechnik","VDMA-Fachverband Allgemeine Lufttechnik","virushaltiger Aerosole"],"articleSection":["Risikomanagement"],"inLanguage":"it-IT"},{"@type":"WebPage","@id":"https:\/\/www.m-q.ch\/covid-19-infektionsschutz-durch-lueftungs-und-luftreinigungstechnik\/","url":"https:\/\/www.m-q.ch\/covid-19-infektionsschutz-durch-lueftungs-und-luftreinigungstechnik\/","name":"Covid-19: Protezione dalle infezioni attraverso la tecnologia di ventilazione e purificazione dell'aria - MQ Management und Qualit\u00e4t","isPartOf":{"@id":"https:\/\/www.m-q.ch\/fr\/#website"},"primaryImageOfPage":{"@id":"https:\/\/www.m-q.ch\/covid-19-infektionsschutz-durch-lueftungs-und-luftreinigungstechnik\/#primaryimage"},"image":{"@id":"https:\/\/www.m-q.ch\/covid-19-infektionsschutz-durch-lueftungs-und-luftreinigungstechnik\/#primaryimage"},"thumbnailUrl":"https:\/\/www.m-q.ch\/wp-content\/uploads\/2021\/03\/Depositphotos_191194836_s-2019.jpg","datePublished":"2021-03-08T09:58:14+00:00","dateModified":"2021-03-11T09:50:00+00:00","description":"La giusta tecnologia di ventilazione e purificazione dell'aria pu\u00f2 dare un contributo significativo alla protezione dalle infezioni. La principale via di trasmissione del Covid-19 \u00e8 l'inalazione di aerosol contenenti il virus rilasciati nell'aria da una persona infettiva. Il rischio di infezione dipende fortemente dalla fornitura di aria \"senza virus\" alla stanza e dal numero e dall'attivit\u00e0 delle persone presenti.","breadcrumb":{"@id":"https:\/\/www.m-q.ch\/covid-19-infektionsschutz-durch-lueftungs-und-luftreinigungstechnik\/#breadcrumb"},"inLanguage":"it-IT","potentialAction":[{"@type":"ReadAction","target":["https:\/\/www.m-q.ch\/covid-19-infektionsschutz-durch-lueftungs-und-luftreinigungstechnik\/"]}]},{"@type":"ImageObject","inLanguage":"it-IT","@id":"https:\/\/www.m-q.ch\/covid-19-infektionsschutz-durch-lueftungs-und-luftreinigungstechnik\/#primaryimage","url":"https:\/\/www.m-q.ch\/wp-content\/uploads\/2021\/03\/Depositphotos_191194836_s-2019.jpg","contentUrl":"https:\/\/www.m-q.ch\/wp-content\/uploads\/2021\/03\/Depositphotos_191194836_s-2019.jpg","width":999,"height":667,"caption":"\u00a9 Depositphotos, gorgev"},{"@type":"BreadcrumbList","@id":"https:\/\/www.m-q.ch\/covid-19-infektionsschutz-durch-lueftungs-und-luftreinigungstechnik\/#breadcrumb","itemListElement":[{"@type":"ListItem","position":1,"name":"Risikomanagement","item":"https:\/\/www.m-q.ch\/kategorie\/risikomanagement\/"},{"@type":"ListItem","position":2,"name":"Covid-19: Infektionsschutz durch L\u00fcftungs- und Luftreinigungstechnik"}]},{"@type":"WebSite","@id":"https:\/\/www.m-q.ch\/fr\/#website","url":"https:\/\/www.m-q.ch\/fr\/","name":"Gestione e qualit\u00e0 MQ","description":"Piattaforma per sistemi di gestione integrati.","publisher":{"@id":"https:\/\/www.m-q.ch\/fr\/#organization"},"potentialAction":[{"@type":"SearchAction","target":{"@type":"EntryPoint","urlTemplate":"https:\/\/www.m-q.ch\/fr\/?s={search_term_string}"},"query-input":{"@type":"PropertyValueSpecification","valueRequired":true,"valueName":"search_term_string"}}],"inLanguage":"it-IT"},{"@type":"Organization","@id":"https:\/\/www.m-q.ch\/fr\/#organization","name":"Galledia Fachmedien AG","url":"https:\/\/www.m-q.ch\/fr\/","logo":{"@type":"ImageObject","inLanguage":"it-IT","@id":"https:\/\/www.m-q.ch\/fr\/#\/schema\/logo\/image\/","url":"https:\/\/www.m-q.ch\/wp-content\/uploads\/2020\/12\/cropped-logo_small.png","contentUrl":"https:\/\/www.m-q.ch\/wp-content\/uploads\/2020\/12\/cropped-logo_small.png","width":512,"height":512,"caption":"Galledia Fachmedien AG"},"image":{"@id":"https:\/\/www.m-q.ch\/fr\/#\/schema\/logo\/image\/"},"sameAs":["https:\/\/www.facebook.com\/ManagementUndQualitaet","https:\/\/www.linkedin.com\/showcase\/17982321\/admin\/"]},{"@type":"Person","@id":"https:\/\/www.m-q.ch\/fr\/#\/schema\/person\/47d540e081acd98ccbeb69b55df653d7","name":"Roger Str\u00e4ssle","image":{"@type":"ImageObject","inLanguage":"it-IT","@id":"https:\/\/www.m-q.ch\/fr\/#\/schema\/person\/image\/","url":"https:\/\/secure.gravatar.com\/avatar\/e4dde3046d8a184d2e2d27651a418883?s=96&d=mm&r=g","contentUrl":"https:\/\/secure.gravatar.com\/avatar\/e4dde3046d8a184d2e2d27651a418883?s=96&d=mm&r=g","caption":"Roger Str\u00e4ssle"},"url":"https:\/\/www.m-q.ch\/it\/author\/roger-straessle\/"}]}},"_links":{"self":[{"href":"https:\/\/www.m-q.ch\/it\/wp-json\/wp\/v2\/posts\/13108","targetHints":{"allow":["GET"]}}],"collection":[{"href":"https:\/\/www.m-q.ch\/it\/wp-json\/wp\/v2\/posts"}],"about":[{"href":"https:\/\/www.m-q.ch\/it\/wp-json\/wp\/v2\/types\/post"}],"author":[{"embeddable":true,"href":"https:\/\/www.m-q.ch\/it\/wp-json\/wp\/v2\/users\/35"}],"replies":[{"embeddable":true,"href":"https:\/\/www.m-q.ch\/it\/wp-json\/wp\/v2\/comments?post=13108"}],"version-history":[{"count":8,"href":"https:\/\/www.m-q.ch\/it\/wp-json\/wp\/v2\/posts\/13108\/revisions"}],"predecessor-version":[{"id":13126,"href":"https:\/\/www.m-q.ch\/it\/wp-json\/wp\/v2\/posts\/13108\/revisions\/13126"}],"wp:featuredmedia":[{"embeddable":true,"href":"https:\/\/www.m-q.ch\/it\/wp-json\/wp\/v2\/media\/13125"}],"wp:attachment":[{"href":"https:\/\/www.m-q.ch\/it\/wp-json\/wp\/v2\/media?parent=13108"}],"wp:term":[{"taxonomy":"category","embeddable":true,"href":"https:\/\/www.m-q.ch\/it\/wp-json\/wp\/v2\/categories?post=13108"},{"taxonomy":"post_tag","embeddable":true,"href":"https:\/\/www.m-q.ch\/it\/wp-json\/wp\/v2\/tags?post=13108"}],"curies":[{"name":"wp","href":"https:\/\/api.w.org\/{rel}","templated":true}]}}