{"id":13153,"date":"2021-03-18T08:15:34","date_gmt":"2021-03-18T07:15:34","guid":{"rendered":"https:\/\/www.m-q.ch\/?p=13153"},"modified":"2021-03-22T15:38:20","modified_gmt":"2021-03-22T14:38:20","slug":"premio-svizzero-esprix-per-leccellenza-il-meglio-del-meglio","status":"publish","type":"post","link":"https:\/\/www.m-q.ch\/it\/esprix-swiss-award-for-excellence-kraeftemessen-mit-den-besten\/","title":{"rendered":"Esprix Swiss Award for Excellence: una prova di forza contro i migliori"},"content":{"rendered":"<figure id=\"attachment_13154\" aria-describedby=\"caption-attachment-13154\" style=\"width: 1320px\" class=\"wp-caption aligncenter\"><img loading=\"lazy\" decoding=\"async\" class=\"size-full wp-image-13154\" src=\"https:\/\/www.m-q.ch\/wp-content\/uploads\/2021\/03\/ESPRIX_20150305_135607-1320x879-1.jpg\" alt=\"\" width=\"1320\" height=\"879\" srcset=\"https:\/\/www.m-q.ch\/wp-content\/uploads\/2021\/03\/ESPRIX_20150305_135607-1320x879-1.jpg 1320w, https:\/\/www.m-q.ch\/wp-content\/uploads\/2021\/03\/ESPRIX_20150305_135607-1320x879-1-768x511.jpg 768w, https:\/\/www.m-q.ch\/wp-content\/uploads\/2021\/03\/ESPRIX_20150305_135607-1320x879-1-16x12.jpg 16w, https:\/\/www.m-q.ch\/wp-content\/uploads\/2021\/03\/ESPRIX_20150305_135607-1320x879-1-263x175.jpg 263w, https:\/\/www.m-q.ch\/wp-content\/uploads\/2021\/03\/ESPRIX_20150305_135607-1320x879-1-526x350.jpg 526w, https:\/\/www.m-q.ch\/wp-content\/uploads\/2021\/03\/ESPRIX_20150305_135607-1320x879-1-1201x800.jpg 1201w, https:\/\/www.m-q.ch\/wp-content\/uploads\/2021\/03\/ESPRIX_20150305_135607-1320x879-1-920x613.jpg 920w, https:\/\/www.m-q.ch\/wp-content\/uploads\/2021\/03\/ESPRIX_20150305_135607-1320x879-1-300x200.jpg 300w\" sizes=\"auto, (max-width: 1320px) 100vw, 1320px\" \/><figcaption id=\"caption-attachment-13154\" class=\"wp-caption-text\">\u00a9 Esprix<\/figcaption><\/figure>\n<p>\u00c8 un piacere ricevere un riconoscimento per un lavoro ben fatto. Il\u00a0<a href=\"https:\/\/esprix.ch\/angebot\/esprix-suisse-award-for-excellence\/\">Esprix Premio svizzero per l'eccellenza<\/a> mira a ispirare le organizzazioni a dare il meglio di s\u00e9. Il premio conferma che un'azienda e il suo team sono andati ben oltre il rispetto degli standard. La squadra vincente sa di aver creato un'organizzazione in cui soddisfare le aspettative dei suoi stakeholder - clienti, dipendenti, societ\u00e0 e anche investitori - non \u00e8 una contraddizione in termini.<\/p>\n<p><strong>Per le organizzazioni con un alto grado di maturit\u00e0<\/strong><\/p>\n<p>L'Esprix Swiss Award for Excellence, ha detto, \u00e8 particolarmente adatto alle organizzazioni con un alto livello di maturit\u00e0. Solo il meglio del meglio riusciva a salire sul palco dell'Esprix Forum e il <a href=\"https:\/\/esprix.ch\/wall-of-fame\/esprix-wall-of-fame\/\">\"Muro della fama\"<\/a> creare, dice Esprix.<\/p>\n<p>Le organizzazioni che hanno ricevuto il riconoscimento secondo il Modello EFQM 2020 (Recognised by EFQM) poco prima dell'Award beneficiano di una procedura ridotta per quanto riguarda la domanda e la visita in loco.<\/p>\n<p><strong>Giuria indipendente<\/strong><\/p>\n<p>Un'organizzazione indipendente e volontaria\u00a0<a href=\"http:\/\/esprix.ch\/esprix-2\/jury\/\">Giuria<\/a> esamina i rapporti presentati e le raccomandazioni dei valutatori e determina se o quali premi saranno concessi. Premia le organizzazioni partecipanti come vincitori del premio (oro), vincitori del premio (argento) e finalisti (bronzo) all'Esprix Forum.<\/p>\n<p>Le date importanti per i candidati e i valutatori possono essere trovate qui:\u00a0<a href=\"http:\/\/esprix.ch\/esprix-award-cycle-2022-wesentliche-termine\/\">esprix.ch\/esprix-award-cycle-2022-essential-dates\/<\/a><\/p>","protected":false},"excerpt":{"rendered":"<p>Eine Anerkennung f\u00fcr Geleistetes zu erhalten, bereitet Freude. Der\u00a0Esprix Swiss Award for Excellence will Organisationen zu H\u00f6chstleistungen anregen. Der Award best\u00e4tigt, dass ein Unternehmen mit seinem Team weit \u00fcber die Erf\u00fcllung von Normen hinausgegangen ist. Das Gewinnerteam weiss, dass es eine Organisation geschaffen hat, in der die Erf\u00fcllung der Erwartungen ihrer Interessengruppen \u2013 der Kunden, [&hellip;]<\/p>\n","protected":false},"author":35,"featured_media":13154,"comment_status":"closed","ping_status":"closed","sticky":false,"template":"","format":"standard","meta":{"_acf_changed":false,"footnotes":""},"categories":[5],"tags":[4838],"class_list":["post-13153","post","type-post","status-publish","format-standard","has-post-thumbnail","hentry","category-business_excellence","tag-esprix-swiss-award-for-excellence"],"acf":[],"yoast_head":"<!-- This site is optimized with the Yoast SEO plugin v26.2 - https:\/\/yoast.com\/wordpress\/plugins\/seo\/ -->\n<title>Esprix Swiss Award for Excellence: Kr\u00e4ftemessen mit den Besten - MQ Management und Qualit\u00e4t<\/title>\n<meta name=\"description\" content=\"Wer Spitzenleistung erbringt, soll ausgezeichnet werden. Deshalb wird einmal mehr der Esprix Swiss Award for Excellence 2022 aufgegleist.\" \/>\n<meta name=\"robots\" content=\"index, follow, max-snippet:-1, max-image-preview:large, max-video-preview:-1\" \/>\n<link rel=\"canonical\" href=\"https:\/\/www.m-q.ch\/it\/premio-svizzero-esprix-per-leccellenza-il-meglio-del-meglio\/\" \/>\n<meta property=\"og:locale\" content=\"it_IT\" \/>\n<meta property=\"og:type\" content=\"article\" \/>\n<meta property=\"og:title\" content=\"Esprix Swiss Award for Excellence: Kr\u00e4ftemessen mit den Besten - MQ Management und Qualit\u00e4t\" \/>\n<meta property=\"og:description\" content=\"Wer Spitzenleistung erbringt, soll ausgezeichnet werden. Deshalb wird einmal mehr der Esprix Swiss Award for Excellence 2022 aufgegleist.\" \/>\n<meta property=\"og:url\" content=\"https:\/\/www.m-q.ch\/it\/premio-svizzero-esprix-per-leccellenza-il-meglio-del-meglio\/\" \/>\n<meta property=\"og:site_name\" content=\"MQ Management und Qualit\u00e4t\" \/>\n<meta property=\"article:publisher\" content=\"https:\/\/www.facebook.com\/ManagementUndQualitaet\" \/>\n<meta property=\"article:published_time\" content=\"2021-03-18T07:15:34+00:00\" \/>\n<meta property=\"article:modified_time\" content=\"2021-03-22T14:38:20+00:00\" \/>\n<meta property=\"og:image\" content=\"https:\/\/www.m-q.ch\/wp-content\/uploads\/2021\/03\/ESPRIX_20150305_135607-1320x879-1.jpg\" \/>\n\t<meta property=\"og:image:width\" content=\"1320\" \/>\n\t<meta property=\"og:image:height\" content=\"879\" \/>\n\t<meta property=\"og:image:type\" content=\"image\/jpeg\" \/>\n<meta name=\"author\" content=\"Roger Str\u00e4ssle\" \/>\n<meta name=\"twitter:card\" content=\"summary_large_image\" \/>\n<meta name=\"twitter:label1\" content=\"Scritto da\" \/>\n\t<meta name=\"twitter:data1\" content=\"Roger Str\u00e4ssle\" \/>\n\t<meta name=\"twitter:label2\" content=\"Tempo di lettura stimato\" \/>\n\t<meta name=\"twitter:data2\" content=\"1 minuto\" \/>\n<script type=\"application\/ld+json\" class=\"yoast-schema-graph\">{\"@context\":\"https:\/\/schema.org\",\"@graph\":[{\"@type\":\"Article\",\"@id\":\"https:\/\/www.m-q.ch\/esprix-swiss-award-for-excellence-kraeftemessen-mit-den-besten\/#article\",\"isPartOf\":{\"@id\":\"https:\/\/www.m-q.ch\/esprix-swiss-award-for-excellence-kraeftemessen-mit-den-besten\/\"},\"author\":{\"name\":\"Roger Str\u00e4ssle\",\"@id\":\"https:\/\/www.m-q.ch\/fr\/#\/schema\/person\/47d540e081acd98ccbeb69b55df653d7\"},\"headline\":\"Esprix Swiss Award for Excellence: Kr\u00e4ftemessen mit den Besten\",\"datePublished\":\"2021-03-18T07:15:34+00:00\",\"dateModified\":\"2021-03-22T14:38:20+00:00\",\"mainEntityOfPage\":{\"@id\":\"https:\/\/www.m-q.ch\/esprix-swiss-award-for-excellence-kraeftemessen-mit-den-besten\/\"},\"wordCount\":227,\"publisher\":{\"@id\":\"https:\/\/www.m-q.ch\/fr\/#organization\"},\"image\":{\"@id\":\"https:\/\/www.m-q.ch\/esprix-swiss-award-for-excellence-kraeftemessen-mit-den-besten\/#primaryimage\"},\"thumbnailUrl\":\"https:\/\/www.m-q.ch\/wp-content\/uploads\/2021\/03\/ESPRIX_20150305_135607-1320x879-1.jpg\",\"keywords\":[\"Esprix Swiss Award for Excellence\"],\"articleSection\":[\"Business Excellence\"],\"inLanguage\":\"it-IT\"},{\"@type\":\"WebPage\",\"@id\":\"https:\/\/www.m-q.ch\/esprix-swiss-award-for-excellence-kraeftemessen-mit-den-besten\/\",\"url\":\"https:\/\/www.m-q.ch\/esprix-swiss-award-for-excellence-kraeftemessen-mit-den-besten\/\",\"name\":\"Esprix Swiss Award for Excellence: Kr\u00e4ftemessen mit den Besten - MQ Management und Qualit\u00e4t\",\"isPartOf\":{\"@id\":\"https:\/\/www.m-q.ch\/fr\/#website\"},\"primaryImageOfPage\":{\"@id\":\"https:\/\/www.m-q.ch\/esprix-swiss-award-for-excellence-kraeftemessen-mit-den-besten\/#primaryimage\"},\"image\":{\"@id\":\"https:\/\/www.m-q.ch\/esprix-swiss-award-for-excellence-kraeftemessen-mit-den-besten\/#primaryimage\"},\"thumbnailUrl\":\"https:\/\/www.m-q.ch\/wp-content\/uploads\/2021\/03\/ESPRIX_20150305_135607-1320x879-1.jpg\",\"datePublished\":\"2021-03-18T07:15:34+00:00\",\"dateModified\":\"2021-03-22T14:38:20+00:00\",\"description\":\"Wer Spitzenleistung erbringt, soll ausgezeichnet werden. Deshalb wird einmal mehr der Esprix Swiss Award for Excellence 2022 aufgegleist.\",\"breadcrumb\":{\"@id\":\"https:\/\/www.m-q.ch\/esprix-swiss-award-for-excellence-kraeftemessen-mit-den-besten\/#breadcrumb\"},\"inLanguage\":\"it-IT\",\"potentialAction\":[{\"@type\":\"ReadAction\",\"target\":[\"https:\/\/www.m-q.ch\/esprix-swiss-award-for-excellence-kraeftemessen-mit-den-besten\/\"]}]},{\"@type\":\"ImageObject\",\"inLanguage\":\"it-IT\",\"@id\":\"https:\/\/www.m-q.ch\/esprix-swiss-award-for-excellence-kraeftemessen-mit-den-besten\/#primaryimage\",\"url\":\"https:\/\/www.m-q.ch\/wp-content\/uploads\/2021\/03\/ESPRIX_20150305_135607-1320x879-1.jpg\",\"contentUrl\":\"https:\/\/www.m-q.ch\/wp-content\/uploads\/2021\/03\/ESPRIX_20150305_135607-1320x879-1.jpg\",\"width\":1320,\"height\":879,\"caption\":\"\u00a9 Esprix\"},{\"@type\":\"BreadcrumbList\",\"@id\":\"https:\/\/www.m-q.ch\/esprix-swiss-award-for-excellence-kraeftemessen-mit-den-besten\/#breadcrumb\",\"itemListElement\":[{\"@type\":\"ListItem\",\"position\":1,\"name\":\"Business Excellence\",\"item\":\"https:\/\/www.m-q.ch\/kategorie\/business_excellence\/\"},{\"@type\":\"ListItem\",\"position\":2,\"name\":\"Esprix Swiss Award for Excellence: Kr\u00e4ftemessen mit den Besten\"}]},{\"@type\":\"WebSite\",\"@id\":\"https:\/\/www.m-q.ch\/fr\/#website\",\"url\":\"https:\/\/www.m-q.ch\/fr\/\",\"name\":\"MQ Management und Qualit\u00e4t\",\"description\":\"Plattform f\u00fcr integrierte Managementsysteme.\",\"publisher\":{\"@id\":\"https:\/\/www.m-q.ch\/fr\/#organization\"},\"potentialAction\":[{\"@type\":\"SearchAction\",\"target\":{\"@type\":\"EntryPoint\",\"urlTemplate\":\"https:\/\/www.m-q.ch\/fr\/?s={search_term_string}\"},\"query-input\":{\"@type\":\"PropertyValueSpecification\",\"valueRequired\":true,\"valueName\":\"search_term_string\"}}],\"inLanguage\":\"it-IT\"},{\"@type\":\"Organization\",\"@id\":\"https:\/\/www.m-q.ch\/fr\/#organization\",\"name\":\"Galledia Fachmedien AG\",\"url\":\"https:\/\/www.m-q.ch\/fr\/\",\"logo\":{\"@type\":\"ImageObject\",\"inLanguage\":\"it-IT\",\"@id\":\"https:\/\/www.m-q.ch\/fr\/#\/schema\/logo\/image\/\",\"url\":\"https:\/\/www.m-q.ch\/wp-content\/uploads\/2020\/12\/cropped-logo_small.png\",\"contentUrl\":\"https:\/\/www.m-q.ch\/wp-content\/uploads\/2020\/12\/cropped-logo_small.png\",\"width\":512,\"height\":512,\"caption\":\"Galledia Fachmedien AG\"},\"image\":{\"@id\":\"https:\/\/www.m-q.ch\/fr\/#\/schema\/logo\/image\/\"},\"sameAs\":[\"https:\/\/www.facebook.com\/ManagementUndQualitaet\",\"https:\/\/www.linkedin.com\/showcase\/17982321\/admin\/\"]},{\"@type\":\"Person\",\"@id\":\"https:\/\/www.m-q.ch\/fr\/#\/schema\/person\/47d540e081acd98ccbeb69b55df653d7\",\"name\":\"Roger Str\u00e4ssle\",\"image\":{\"@type\":\"ImageObject\",\"inLanguage\":\"it-IT\",\"@id\":\"https:\/\/www.m-q.ch\/fr\/#\/schema\/person\/image\/\",\"url\":\"https:\/\/secure.gravatar.com\/avatar\/e4dde3046d8a184d2e2d27651a418883?s=96&d=mm&r=g\",\"contentUrl\":\"https:\/\/secure.gravatar.com\/avatar\/e4dde3046d8a184d2e2d27651a418883?s=96&d=mm&r=g\",\"caption\":\"Roger Str\u00e4ssle\"},\"url\":\"https:\/\/www.m-q.ch\/it\/author\/roger-straessle\/\"}]}<\/script>\n<!-- \/ Yoast SEO plugin. -->","yoast_head_json":{"title":"Esprix Swiss Award for Excellence: competere con i migliori - MQ Management und Qualit\u00e4t","description":"Coloro che offrono prestazioni di alto livello dovrebbero essere premiati. Ecco perch\u00e9 l'Esprix Swiss Award for Excellence 2022 viene lanciato ancora una volta.","robots":{"index":"index","follow":"follow","max-snippet":"max-snippet:-1","max-image-preview":"max-image-preview:large","max-video-preview":"max-video-preview:-1"},"canonical":"https:\/\/www.m-q.ch\/it\/premio-svizzero-esprix-per-leccellenza-il-meglio-del-meglio\/","og_locale":"it_IT","og_type":"article","og_title":"Esprix Swiss Award for Excellence: Kr\u00e4ftemessen mit den Besten - MQ Management und Qualit\u00e4t","og_description":"Wer Spitzenleistung erbringt, soll ausgezeichnet werden. Deshalb wird einmal mehr der Esprix Swiss Award for Excellence 2022 aufgegleist.","og_url":"https:\/\/www.m-q.ch\/it\/premio-svizzero-esprix-per-leccellenza-il-meglio-del-meglio\/","og_site_name":"MQ Management und Qualit\u00e4t","article_publisher":"https:\/\/www.facebook.com\/ManagementUndQualitaet","article_published_time":"2021-03-18T07:15:34+00:00","article_modified_time":"2021-03-22T14:38:20+00:00","og_image":[{"width":1320,"height":879,"url":"https:\/\/www.m-q.ch\/wp-content\/uploads\/2021\/03\/ESPRIX_20150305_135607-1320x879-1.jpg","type":"image\/jpeg"}],"author":"Roger Str\u00e4ssle","twitter_card":"summary_large_image","twitter_misc":{"Scritto da":"Roger Str\u00e4ssle","Tempo di lettura stimato":"1 minuto"},"schema":{"@context":"https:\/\/schema.org","@graph":[{"@type":"Article","@id":"https:\/\/www.m-q.ch\/esprix-swiss-award-for-excellence-kraeftemessen-mit-den-besten\/#article","isPartOf":{"@id":"https:\/\/www.m-q.ch\/esprix-swiss-award-for-excellence-kraeftemessen-mit-den-besten\/"},"author":{"name":"Roger Str\u00e4ssle","@id":"https:\/\/www.m-q.ch\/fr\/#\/schema\/person\/47d540e081acd98ccbeb69b55df653d7"},"headline":"Esprix Swiss Award for Excellence: Kr\u00e4ftemessen mit den Besten","datePublished":"2021-03-18T07:15:34+00:00","dateModified":"2021-03-22T14:38:20+00:00","mainEntityOfPage":{"@id":"https:\/\/www.m-q.ch\/esprix-swiss-award-for-excellence-kraeftemessen-mit-den-besten\/"},"wordCount":227,"publisher":{"@id":"https:\/\/www.m-q.ch\/fr\/#organization"},"image":{"@id":"https:\/\/www.m-q.ch\/esprix-swiss-award-for-excellence-kraeftemessen-mit-den-besten\/#primaryimage"},"thumbnailUrl":"https:\/\/www.m-q.ch\/wp-content\/uploads\/2021\/03\/ESPRIX_20150305_135607-1320x879-1.jpg","keywords":["Esprix Swiss Award for Excellence"],"articleSection":["Business Excellence"],"inLanguage":"it-IT"},{"@type":"WebPage","@id":"https:\/\/www.m-q.ch\/esprix-swiss-award-for-excellence-kraeftemessen-mit-den-besten\/","url":"https:\/\/www.m-q.ch\/esprix-swiss-award-for-excellence-kraeftemessen-mit-den-besten\/","name":"Esprix Swiss Award for Excellence: competere con i migliori - MQ Management und Qualit\u00e4t","isPartOf":{"@id":"https:\/\/www.m-q.ch\/fr\/#website"},"primaryImageOfPage":{"@id":"https:\/\/www.m-q.ch\/esprix-swiss-award-for-excellence-kraeftemessen-mit-den-besten\/#primaryimage"},"image":{"@id":"https:\/\/www.m-q.ch\/esprix-swiss-award-for-excellence-kraeftemessen-mit-den-besten\/#primaryimage"},"thumbnailUrl":"https:\/\/www.m-q.ch\/wp-content\/uploads\/2021\/03\/ESPRIX_20150305_135607-1320x879-1.jpg","datePublished":"2021-03-18T07:15:34+00:00","dateModified":"2021-03-22T14:38:20+00:00","description":"Coloro che offrono prestazioni di alto livello dovrebbero essere premiati. Ecco perch\u00e9 l'Esprix Swiss Award for Excellence 2022 viene lanciato ancora una volta.","breadcrumb":{"@id":"https:\/\/www.m-q.ch\/esprix-swiss-award-for-excellence-kraeftemessen-mit-den-besten\/#breadcrumb"},"inLanguage":"it-IT","potentialAction":[{"@type":"ReadAction","target":["https:\/\/www.m-q.ch\/esprix-swiss-award-for-excellence-kraeftemessen-mit-den-besten\/"]}]},{"@type":"ImageObject","inLanguage":"it-IT","@id":"https:\/\/www.m-q.ch\/esprix-swiss-award-for-excellence-kraeftemessen-mit-den-besten\/#primaryimage","url":"https:\/\/www.m-q.ch\/wp-content\/uploads\/2021\/03\/ESPRIX_20150305_135607-1320x879-1.jpg","contentUrl":"https:\/\/www.m-q.ch\/wp-content\/uploads\/2021\/03\/ESPRIX_20150305_135607-1320x879-1.jpg","width":1320,"height":879,"caption":"\u00a9 Esprix"},{"@type":"BreadcrumbList","@id":"https:\/\/www.m-q.ch\/esprix-swiss-award-for-excellence-kraeftemessen-mit-den-besten\/#breadcrumb","itemListElement":[{"@type":"ListItem","position":1,"name":"Business Excellence","item":"https:\/\/www.m-q.ch\/kategorie\/business_excellence\/"},{"@type":"ListItem","position":2,"name":"Esprix Swiss Award for Excellence: Kr\u00e4ftemessen mit den Besten"}]},{"@type":"WebSite","@id":"https:\/\/www.m-q.ch\/fr\/#website","url":"https:\/\/www.m-q.ch\/fr\/","name":"Gestione e qualit\u00e0 MQ","description":"Piattaforma per sistemi di gestione integrati.","publisher":{"@id":"https:\/\/www.m-q.ch\/fr\/#organization"},"potentialAction":[{"@type":"SearchAction","target":{"@type":"EntryPoint","urlTemplate":"https:\/\/www.m-q.ch\/fr\/?s={search_term_string}"},"query-input":{"@type":"PropertyValueSpecification","valueRequired":true,"valueName":"search_term_string"}}],"inLanguage":"it-IT"},{"@type":"Organization","@id":"https:\/\/www.m-q.ch\/fr\/#organization","name":"Galledia Fachmedien AG","url":"https:\/\/www.m-q.ch\/fr\/","logo":{"@type":"ImageObject","inLanguage":"it-IT","@id":"https:\/\/www.m-q.ch\/fr\/#\/schema\/logo\/image\/","url":"https:\/\/www.m-q.ch\/wp-content\/uploads\/2020\/12\/cropped-logo_small.png","contentUrl":"https:\/\/www.m-q.ch\/wp-content\/uploads\/2020\/12\/cropped-logo_small.png","width":512,"height":512,"caption":"Galledia Fachmedien AG"},"image":{"@id":"https:\/\/www.m-q.ch\/fr\/#\/schema\/logo\/image\/"},"sameAs":["https:\/\/www.facebook.com\/ManagementUndQualitaet","https:\/\/www.linkedin.com\/showcase\/17982321\/admin\/"]},{"@type":"Person","@id":"https:\/\/www.m-q.ch\/fr\/#\/schema\/person\/47d540e081acd98ccbeb69b55df653d7","name":"Roger Str\u00e4ssle","image":{"@type":"ImageObject","inLanguage":"it-IT","@id":"https:\/\/www.m-q.ch\/fr\/#\/schema\/person\/image\/","url":"https:\/\/secure.gravatar.com\/avatar\/e4dde3046d8a184d2e2d27651a418883?s=96&d=mm&r=g","contentUrl":"https:\/\/secure.gravatar.com\/avatar\/e4dde3046d8a184d2e2d27651a418883?s=96&d=mm&r=g","caption":"Roger Str\u00e4ssle"},"url":"https:\/\/www.m-q.ch\/it\/author\/roger-straessle\/"}]}},"_links":{"self":[{"href":"https:\/\/www.m-q.ch\/it\/wp-json\/wp\/v2\/posts\/13153","targetHints":{"allow":["GET"]}}],"collection":[{"href":"https:\/\/www.m-q.ch\/it\/wp-json\/wp\/v2\/posts"}],"about":[{"href":"https:\/\/www.m-q.ch\/it\/wp-json\/wp\/v2\/types\/post"}],"author":[{"embeddable":true,"href":"https:\/\/www.m-q.ch\/it\/wp-json\/wp\/v2\/users\/35"}],"replies":[{"embeddable":true,"href":"https:\/\/www.m-q.ch\/it\/wp-json\/wp\/v2\/comments?post=13153"}],"version-history":[{"count":5,"href":"https:\/\/www.m-q.ch\/it\/wp-json\/wp\/v2\/posts\/13153\/revisions"}],"predecessor-version":[{"id":13602,"href":"https:\/\/www.m-q.ch\/it\/wp-json\/wp\/v2\/posts\/13153\/revisions\/13602"}],"wp:featuredmedia":[{"embeddable":true,"href":"https:\/\/www.m-q.ch\/it\/wp-json\/wp\/v2\/media\/13154"}],"wp:attachment":[{"href":"https:\/\/www.m-q.ch\/it\/wp-json\/wp\/v2\/media?parent=13153"}],"wp:term":[{"taxonomy":"category","embeddable":true,"href":"https:\/\/www.m-q.ch\/it\/wp-json\/wp\/v2\/categories?post=13153"},{"taxonomy":"post_tag","embeddable":true,"href":"https:\/\/www.m-q.ch\/it\/wp-json\/wp\/v2\/tags?post=13153"}],"curies":[{"name":"wp","href":"https:\/\/api.w.org\/{rel}","templated":true}]}}