{"id":14029,"date":"2021-03-30T10:12:04","date_gmt":"2021-03-30T08:12:04","guid":{"rendered":"https:\/\/www.m-q.ch\/?p=14029"},"modified":"2021-04-01T11:51:00","modified_gmt":"2021-04-01T09:51:00","slug":"il-segretario-di-stato-cesla-amarelle-diventa-nuovo-presidente-di-hes-so","status":"publish","type":"post","link":"https:\/\/www.m-q.ch\/it\/staatsraetin-cesla-amarelle-wird-neue-praesidentin-der-hes-so\/","title":{"rendered":"Il consigliere di stato Cesla Amarelle diventa il nuovo presidente della HES-SO"},"content":{"rendered":"<figure id=\"attachment_14030\" aria-describedby=\"caption-attachment-14030\" style=\"width: 875px\" class=\"wp-caption aligncenter\"><img loading=\"lazy\" decoding=\"async\" class=\"size-full wp-image-14030\" src=\"https:\/\/www.m-q.ch\/wp-content\/uploads\/2021\/03\/Cesla-Amarella.jpg\" alt=\"HES-SO\" width=\"875\" height=\"597\" srcset=\"https:\/\/www.m-q.ch\/wp-content\/uploads\/2021\/03\/Cesla-Amarella.jpg 875w, https:\/\/www.m-q.ch\/wp-content\/uploads\/2021\/03\/Cesla-Amarella-768x524.jpg 768w, https:\/\/www.m-q.ch\/wp-content\/uploads\/2021\/03\/Cesla-Amarella-16x12.jpg 16w, https:\/\/www.m-q.ch\/wp-content\/uploads\/2021\/03\/Cesla-Amarella-256x175.jpg 256w, https:\/\/www.m-q.ch\/wp-content\/uploads\/2021\/03\/Cesla-Amarella-513x350.jpg 513w, https:\/\/www.m-q.ch\/wp-content\/uploads\/2021\/03\/Cesla-Amarella-300x205.jpg 300w\" sizes=\"auto, (max-width: 875px) 100vw, 875px\" \/><figcaption id=\"caption-attachment-14030\" class=\"wp-caption-text\">Cesla Amarelle (Immagine: <a href=\"http:\/\/www.cesla-amarelle.ch\">www.cesla-amarelle.ch<\/a>)<\/figcaption><\/figure>\n<p>&nbsp;<\/p>\n<p>Cesla Amarelle, consigliera di Stato e capo del Dipartimento dell'educazione, della giovent\u00f9 e della cultura del Cantone di Vaud, diventa la nuova presidente del <a href=\"http:\/\/WWW.HES-SO.CH\">HES-SO<\/a> per il periodo dal 1\u00b0 luglio 2021 al 30 giugno 2023. La vicepresidenza sar\u00e0 detenuta dalla regione dell'Arco (cantoni di Neuch\u00e2tel, Giura e Berna). Amarelle deve ancora determinare chi sostituir\u00e0 la consigliera di Stato di Neuch\u00e2tel Monika Maire-Hefti come vicepresidente e rappresenter\u00e0 la regione in futuro.<\/p>\n<p><strong>Mandato del Rettore Luciana Vaccaro rinnovato <\/strong><\/p>\n<p>Il comitato di governo ha anche esteso il mandato del rettore Luciana Vaccaro di quattro anni fino al 30 settembre 2025. Vaccaro, che \u00e8 stato rettore dal 2013 e il cui mandato \u00e8 stato rinnovato per la prima volta nel 2017, ha guidato lo sviluppo della HES-SO negli ultimi otto anni e ha posizionato la SUP della Svizzera occidentale come un attore indispensabile nel panorama dell'istruzione superiore svizzera, secondo il comunicato stampa della SUP. La commissione governativa apprezza il suo eccellente lavoro e si augura di continuare a lavorare con lei per ampliare l'offerta formativa e le attivit\u00e0 di ricerca dell'universit\u00e0 a beneficio della societ\u00e0 e dell'economia della Svizzera francese.<\/p>\n<p><strong>Un modello finanziario stabile e duraturo <\/strong><\/p>\n<p>Inoltre, il comitato governativo ha approvato il piano di sviluppo finanziario che garantir\u00e0 la stabilit\u00e0 finanziaria dell'HES-SO e dei suoi cantoni promotori per il periodo 2022-2024. Questo nuovo modello finanziario tiene conto dell'evoluzione del numero di studenti nei vari programmi di studio, garantendo un equilibrio tra cantoni e dipartimenti. L'HES-SO godr\u00e0 di una crescita finanziaria moderata in questo periodo.<\/p>\n<p><strong>Digitalizzazione e sostenibilit\u00e0 come priorit\u00e0 assolute <\/strong><\/p>\n<p>Secondo le informazioni, l'HES-SO realizzer\u00e0 diversi progetti pilota strategici durante il 2021 con l'obiettivo di integrare meglio le sfide della digitalizzazione e della sostenibilit\u00e0 nell'insegnamento. Questi approcci proporranno vari strumenti per promuovere la consapevolezza di questi problemi e le migliori pratiche tra studenti e docenti, secondo la dichiarazione. Il comitato governativo ha approvato il finanziamento di questi progetti alla fine del 2020 per una fase pilota che durer\u00e0 fino alla fine del 2021, ha detto. Nella sua riunione del prossimo novembre, decider\u00e0 se continuare, ha detto.<\/p>\n<p><strong>La Scuola universitaria professionale dei cantoni francofoni <\/strong><\/p>\n<p>Il comitato di governo \u00e8 composto dai consiglieri di Stato responsabili dell'istruzione dei cantoni partner della HES-SO nella Svizzera francese: Attualmente sono Cesla Amarelle (Vaud), Olivier Curty (Friburgo), Christophe Darbellay (Vallese), Anne Emery-Torracinta (Ginevra) e Monika Maire-Hefti (Neuch\u00e2tel, rappresentante della regione dell'Arco, il cui mandato scade alla fine di questa legislatura). I membri del comitato di governo esercitano una supervisione generale dell'HES-SO e assicurano la sua gestione strategica.<\/p>\n<p><em>Fonte: HES-SO<\/em><\/p>","protected":false},"excerpt":{"rendered":"<p>&nbsp; Cesla Amarelle, Staatsr\u00e4tin und Vorsteherin des Bildungs-, Jugend- und Kulturdepartements des Kantons Waadt, wird neue Pr\u00e4sidentin der HES-SO f\u00fcr die Periode vom 1. Juli 2021 bis 30. Juni 2023. Das Vizepr\u00e4sidium wird von der Region Arc (Kantone Neuenburg, Jura und Bern) wahrgenommen. Amarelle muss noch bestimmen, wer die Neuenburger Staatsr\u00e4tin Monika Maire-Hefti als Vizepr\u00e4sidentin [&hellip;]<\/p>\n","protected":false},"author":35,"featured_media":14030,"comment_status":"closed","ping_status":"closed","sticky":false,"template":"","format":"standard","meta":{"_acf_changed":false,"footnotes":""},"categories":[4448],"tags":[4881,4880,4882],"class_list":["post-14029","post","type-post","status-publish","format-standard","has-post-thumbnail","hentry","category-allgemein","tag-cesla-amarelle","tag-hes-so","tag-luciana-vaccaro"],"acf":[],"yoast_head":"<!-- This site is optimized with the Yoast SEO plugin v26.2 - https:\/\/yoast.com\/wordpress\/plugins\/seo\/ -->\n<title>Staatsr\u00e4tin Cesla Amarelle wird neue Pr\u00e4sidentin der HES-SO - MQ Management und Qualit\u00e4t<\/title>\n<meta name=\"description\" content=\"Die Waadtl\u00e4nder Staatsr\u00e4tin Cesla Amarelle wird neue Pr\u00e4sidentin der Fachhochschule Westschweiz HES-SO. Sie wird Nachfolgerin von Staatsrat Olivier Curty.\" \/>\n<meta name=\"robots\" content=\"index, follow, max-snippet:-1, max-image-preview:large, max-video-preview:-1\" \/>\n<link rel=\"canonical\" href=\"https:\/\/www.m-q.ch\/it\/il-segretario-di-stato-cesla-amarelle-diventa-nuovo-presidente-di-hes-so\/\" \/>\n<meta property=\"og:locale\" content=\"it_IT\" \/>\n<meta property=\"og:type\" content=\"article\" \/>\n<meta property=\"og:title\" content=\"Staatsr\u00e4tin Cesla Amarelle wird neue Pr\u00e4sidentin der HES-SO - MQ Management und Qualit\u00e4t\" \/>\n<meta property=\"og:description\" content=\"Die Waadtl\u00e4nder Staatsr\u00e4tin Cesla Amarelle wird neue Pr\u00e4sidentin der Fachhochschule Westschweiz HES-SO. Sie wird Nachfolgerin von Staatsrat Olivier Curty.\" \/>\n<meta property=\"og:url\" content=\"https:\/\/www.m-q.ch\/it\/il-segretario-di-stato-cesla-amarelle-diventa-nuovo-presidente-di-hes-so\/\" \/>\n<meta property=\"og:site_name\" content=\"MQ Management und Qualit\u00e4t\" \/>\n<meta property=\"article:publisher\" content=\"https:\/\/www.facebook.com\/ManagementUndQualitaet\" \/>\n<meta property=\"article:published_time\" content=\"2021-03-30T08:12:04+00:00\" \/>\n<meta property=\"article:modified_time\" content=\"2021-04-01T09:51:00+00:00\" \/>\n<meta property=\"og:image\" content=\"https:\/\/www.m-q.ch\/wp-content\/uploads\/2021\/03\/Cesla-Amarella.jpg\" \/>\n\t<meta property=\"og:image:width\" content=\"875\" \/>\n\t<meta property=\"og:image:height\" content=\"597\" \/>\n\t<meta property=\"og:image:type\" content=\"image\/jpeg\" \/>\n<meta name=\"author\" content=\"Roger Str\u00e4ssle\" \/>\n<meta name=\"twitter:card\" content=\"summary_large_image\" \/>\n<meta name=\"twitter:label1\" content=\"Scritto da\" \/>\n\t<meta name=\"twitter:data1\" content=\"Roger Str\u00e4ssle\" \/>\n\t<meta name=\"twitter:label2\" content=\"Tempo di lettura stimato\" \/>\n\t<meta name=\"twitter:data2\" content=\"2 minuti\" \/>\n<script type=\"application\/ld+json\" class=\"yoast-schema-graph\">{\"@context\":\"https:\/\/schema.org\",\"@graph\":[{\"@type\":\"Article\",\"@id\":\"https:\/\/www.m-q.ch\/staatsraetin-cesla-amarelle-wird-neue-praesidentin-der-hes-so\/#article\",\"isPartOf\":{\"@id\":\"https:\/\/www.m-q.ch\/staatsraetin-cesla-amarelle-wird-neue-praesidentin-der-hes-so\/\"},\"author\":{\"name\":\"Roger Str\u00e4ssle\",\"@id\":\"https:\/\/www.m-q.ch\/fr\/#\/schema\/person\/47d540e081acd98ccbeb69b55df653d7\"},\"headline\":\"Staatsr\u00e4tin Cesla Amarelle wird neue Pr\u00e4sidentin der HES-SO\",\"datePublished\":\"2021-03-30T08:12:04+00:00\",\"dateModified\":\"2021-04-01T09:51:00+00:00\",\"mainEntityOfPage\":{\"@id\":\"https:\/\/www.m-q.ch\/staatsraetin-cesla-amarelle-wird-neue-praesidentin-der-hes-so\/\"},\"wordCount\":434,\"publisher\":{\"@id\":\"https:\/\/www.m-q.ch\/fr\/#organization\"},\"image\":{\"@id\":\"https:\/\/www.m-q.ch\/staatsraetin-cesla-amarelle-wird-neue-praesidentin-der-hes-so\/#primaryimage\"},\"thumbnailUrl\":\"https:\/\/www.m-q.ch\/wp-content\/uploads\/2021\/03\/Cesla-Amarella.jpg\",\"keywords\":[\"Cesla Amarelle\",\"HES-SO\",\"Luciana Vaccaro\"],\"articleSection\":[\"Allgemein\"],\"inLanguage\":\"it-IT\"},{\"@type\":\"WebPage\",\"@id\":\"https:\/\/www.m-q.ch\/staatsraetin-cesla-amarelle-wird-neue-praesidentin-der-hes-so\/\",\"url\":\"https:\/\/www.m-q.ch\/staatsraetin-cesla-amarelle-wird-neue-praesidentin-der-hes-so\/\",\"name\":\"Staatsr\u00e4tin Cesla Amarelle wird neue Pr\u00e4sidentin der HES-SO - MQ Management und Qualit\u00e4t\",\"isPartOf\":{\"@id\":\"https:\/\/www.m-q.ch\/fr\/#website\"},\"primaryImageOfPage\":{\"@id\":\"https:\/\/www.m-q.ch\/staatsraetin-cesla-amarelle-wird-neue-praesidentin-der-hes-so\/#primaryimage\"},\"image\":{\"@id\":\"https:\/\/www.m-q.ch\/staatsraetin-cesla-amarelle-wird-neue-praesidentin-der-hes-so\/#primaryimage\"},\"thumbnailUrl\":\"https:\/\/www.m-q.ch\/wp-content\/uploads\/2021\/03\/Cesla-Amarella.jpg\",\"datePublished\":\"2021-03-30T08:12:04+00:00\",\"dateModified\":\"2021-04-01T09:51:00+00:00\",\"description\":\"Die Waadtl\u00e4nder Staatsr\u00e4tin Cesla Amarelle wird neue Pr\u00e4sidentin der Fachhochschule Westschweiz HES-SO. Sie wird Nachfolgerin von Staatsrat Olivier Curty.\",\"breadcrumb\":{\"@id\":\"https:\/\/www.m-q.ch\/staatsraetin-cesla-amarelle-wird-neue-praesidentin-der-hes-so\/#breadcrumb\"},\"inLanguage\":\"it-IT\",\"potentialAction\":[{\"@type\":\"ReadAction\",\"target\":[\"https:\/\/www.m-q.ch\/staatsraetin-cesla-amarelle-wird-neue-praesidentin-der-hes-so\/\"]}]},{\"@type\":\"ImageObject\",\"inLanguage\":\"it-IT\",\"@id\":\"https:\/\/www.m-q.ch\/staatsraetin-cesla-amarelle-wird-neue-praesidentin-der-hes-so\/#primaryimage\",\"url\":\"https:\/\/www.m-q.ch\/wp-content\/uploads\/2021\/03\/Cesla-Amarella.jpg\",\"contentUrl\":\"https:\/\/www.m-q.ch\/wp-content\/uploads\/2021\/03\/Cesla-Amarella.jpg\",\"width\":875,\"height\":597,\"caption\":\"Cesla Amarelle (Bild: www.cesla-amarelle.ch)\"},{\"@type\":\"BreadcrumbList\",\"@id\":\"https:\/\/www.m-q.ch\/staatsraetin-cesla-amarelle-wird-neue-praesidentin-der-hes-so\/#breadcrumb\",\"itemListElement\":[{\"@type\":\"ListItem\",\"position\":1,\"name\":\"Allgemein\",\"item\":\"https:\/\/www.m-q.ch\/kategorie\/allgemein\/\"},{\"@type\":\"ListItem\",\"position\":2,\"name\":\"Staatsr\u00e4tin Cesla Amarelle wird neue Pr\u00e4sidentin der HES-SO\"}]},{\"@type\":\"WebSite\",\"@id\":\"https:\/\/www.m-q.ch\/fr\/#website\",\"url\":\"https:\/\/www.m-q.ch\/fr\/\",\"name\":\"MQ Management und Qualit\u00e4t\",\"description\":\"Plattform f\u00fcr integrierte Managementsysteme.\",\"publisher\":{\"@id\":\"https:\/\/www.m-q.ch\/fr\/#organization\"},\"potentialAction\":[{\"@type\":\"SearchAction\",\"target\":{\"@type\":\"EntryPoint\",\"urlTemplate\":\"https:\/\/www.m-q.ch\/fr\/?s={search_term_string}\"},\"query-input\":{\"@type\":\"PropertyValueSpecification\",\"valueRequired\":true,\"valueName\":\"search_term_string\"}}],\"inLanguage\":\"it-IT\"},{\"@type\":\"Organization\",\"@id\":\"https:\/\/www.m-q.ch\/fr\/#organization\",\"name\":\"Galledia Fachmedien AG\",\"url\":\"https:\/\/www.m-q.ch\/fr\/\",\"logo\":{\"@type\":\"ImageObject\",\"inLanguage\":\"it-IT\",\"@id\":\"https:\/\/www.m-q.ch\/fr\/#\/schema\/logo\/image\/\",\"url\":\"https:\/\/www.m-q.ch\/wp-content\/uploads\/2020\/12\/cropped-logo_small.png\",\"contentUrl\":\"https:\/\/www.m-q.ch\/wp-content\/uploads\/2020\/12\/cropped-logo_small.png\",\"width\":512,\"height\":512,\"caption\":\"Galledia Fachmedien AG\"},\"image\":{\"@id\":\"https:\/\/www.m-q.ch\/fr\/#\/schema\/logo\/image\/\"},\"sameAs\":[\"https:\/\/www.facebook.com\/ManagementUndQualitaet\",\"https:\/\/www.linkedin.com\/showcase\/17982321\/admin\/\"]},{\"@type\":\"Person\",\"@id\":\"https:\/\/www.m-q.ch\/fr\/#\/schema\/person\/47d540e081acd98ccbeb69b55df653d7\",\"name\":\"Roger Str\u00e4ssle\",\"image\":{\"@type\":\"ImageObject\",\"inLanguage\":\"it-IT\",\"@id\":\"https:\/\/www.m-q.ch\/fr\/#\/schema\/person\/image\/\",\"url\":\"https:\/\/secure.gravatar.com\/avatar\/e4dde3046d8a184d2e2d27651a418883?s=96&d=mm&r=g\",\"contentUrl\":\"https:\/\/secure.gravatar.com\/avatar\/e4dde3046d8a184d2e2d27651a418883?s=96&d=mm&r=g\",\"caption\":\"Roger Str\u00e4ssle\"},\"url\":\"https:\/\/www.m-q.ch\/it\/author\/roger-straessle\/\"}]}<\/script>\n<!-- \/ Yoast SEO plugin. -->","yoast_head_json":{"title":"Il Consigliere di Stato Cesla Amarelle diventa il nuovo Presidente della HES-SO - MQ Gestione e Qualit\u00e0","description":"Cesla Amarelle, consigliere di Stato vodese, diventer\u00e0 il nuovo presidente della Scuola universitaria professionale della Svizzera occidentale HES-SO. Succeder\u00e0 al consigliere di Stato Olivier Curty.","robots":{"index":"index","follow":"follow","max-snippet":"max-snippet:-1","max-image-preview":"max-image-preview:large","max-video-preview":"max-video-preview:-1"},"canonical":"https:\/\/www.m-q.ch\/it\/il-segretario-di-stato-cesla-amarelle-diventa-nuovo-presidente-di-hes-so\/","og_locale":"it_IT","og_type":"article","og_title":"Staatsr\u00e4tin Cesla Amarelle wird neue Pr\u00e4sidentin der HES-SO - MQ Management und Qualit\u00e4t","og_description":"Die Waadtl\u00e4nder Staatsr\u00e4tin Cesla Amarelle wird neue Pr\u00e4sidentin der Fachhochschule Westschweiz HES-SO. Sie wird Nachfolgerin von Staatsrat Olivier Curty.","og_url":"https:\/\/www.m-q.ch\/it\/il-segretario-di-stato-cesla-amarelle-diventa-nuovo-presidente-di-hes-so\/","og_site_name":"MQ Management und Qualit\u00e4t","article_publisher":"https:\/\/www.facebook.com\/ManagementUndQualitaet","article_published_time":"2021-03-30T08:12:04+00:00","article_modified_time":"2021-04-01T09:51:00+00:00","og_image":[{"width":875,"height":597,"url":"https:\/\/www.m-q.ch\/wp-content\/uploads\/2021\/03\/Cesla-Amarella.jpg","type":"image\/jpeg"}],"author":"Roger Str\u00e4ssle","twitter_card":"summary_large_image","twitter_misc":{"Scritto da":"Roger Str\u00e4ssle","Tempo di lettura stimato":"2 minuti"},"schema":{"@context":"https:\/\/schema.org","@graph":[{"@type":"Article","@id":"https:\/\/www.m-q.ch\/staatsraetin-cesla-amarelle-wird-neue-praesidentin-der-hes-so\/#article","isPartOf":{"@id":"https:\/\/www.m-q.ch\/staatsraetin-cesla-amarelle-wird-neue-praesidentin-der-hes-so\/"},"author":{"name":"Roger Str\u00e4ssle","@id":"https:\/\/www.m-q.ch\/fr\/#\/schema\/person\/47d540e081acd98ccbeb69b55df653d7"},"headline":"Staatsr\u00e4tin Cesla Amarelle wird neue Pr\u00e4sidentin der HES-SO","datePublished":"2021-03-30T08:12:04+00:00","dateModified":"2021-04-01T09:51:00+00:00","mainEntityOfPage":{"@id":"https:\/\/www.m-q.ch\/staatsraetin-cesla-amarelle-wird-neue-praesidentin-der-hes-so\/"},"wordCount":434,"publisher":{"@id":"https:\/\/www.m-q.ch\/fr\/#organization"},"image":{"@id":"https:\/\/www.m-q.ch\/staatsraetin-cesla-amarelle-wird-neue-praesidentin-der-hes-so\/#primaryimage"},"thumbnailUrl":"https:\/\/www.m-q.ch\/wp-content\/uploads\/2021\/03\/Cesla-Amarella.jpg","keywords":["Cesla Amarelle","HES-SO","Luciana Vaccaro"],"articleSection":["Allgemein"],"inLanguage":"it-IT"},{"@type":"WebPage","@id":"https:\/\/www.m-q.ch\/staatsraetin-cesla-amarelle-wird-neue-praesidentin-der-hes-so\/","url":"https:\/\/www.m-q.ch\/staatsraetin-cesla-amarelle-wird-neue-praesidentin-der-hes-so\/","name":"Il Consigliere di Stato Cesla Amarelle diventa il nuovo Presidente della HES-SO - MQ Gestione e Qualit\u00e0","isPartOf":{"@id":"https:\/\/www.m-q.ch\/fr\/#website"},"primaryImageOfPage":{"@id":"https:\/\/www.m-q.ch\/staatsraetin-cesla-amarelle-wird-neue-praesidentin-der-hes-so\/#primaryimage"},"image":{"@id":"https:\/\/www.m-q.ch\/staatsraetin-cesla-amarelle-wird-neue-praesidentin-der-hes-so\/#primaryimage"},"thumbnailUrl":"https:\/\/www.m-q.ch\/wp-content\/uploads\/2021\/03\/Cesla-Amarella.jpg","datePublished":"2021-03-30T08:12:04+00:00","dateModified":"2021-04-01T09:51:00+00:00","description":"Cesla Amarelle, consigliere di Stato vodese, diventer\u00e0 il nuovo presidente della Scuola universitaria professionale della Svizzera occidentale HES-SO. Succeder\u00e0 al consigliere di Stato Olivier Curty.","breadcrumb":{"@id":"https:\/\/www.m-q.ch\/staatsraetin-cesla-amarelle-wird-neue-praesidentin-der-hes-so\/#breadcrumb"},"inLanguage":"it-IT","potentialAction":[{"@type":"ReadAction","target":["https:\/\/www.m-q.ch\/staatsraetin-cesla-amarelle-wird-neue-praesidentin-der-hes-so\/"]}]},{"@type":"ImageObject","inLanguage":"it-IT","@id":"https:\/\/www.m-q.ch\/staatsraetin-cesla-amarelle-wird-neue-praesidentin-der-hes-so\/#primaryimage","url":"https:\/\/www.m-q.ch\/wp-content\/uploads\/2021\/03\/Cesla-Amarella.jpg","contentUrl":"https:\/\/www.m-q.ch\/wp-content\/uploads\/2021\/03\/Cesla-Amarella.jpg","width":875,"height":597,"caption":"Cesla Amarelle (Bild: www.cesla-amarelle.ch)"},{"@type":"BreadcrumbList","@id":"https:\/\/www.m-q.ch\/staatsraetin-cesla-amarelle-wird-neue-praesidentin-der-hes-so\/#breadcrumb","itemListElement":[{"@type":"ListItem","position":1,"name":"Allgemein","item":"https:\/\/www.m-q.ch\/kategorie\/allgemein\/"},{"@type":"ListItem","position":2,"name":"Staatsr\u00e4tin Cesla Amarelle wird neue Pr\u00e4sidentin der HES-SO"}]},{"@type":"WebSite","@id":"https:\/\/www.m-q.ch\/fr\/#website","url":"https:\/\/www.m-q.ch\/fr\/","name":"Gestione e qualit\u00e0 MQ","description":"Piattaforma per sistemi di gestione integrati.","publisher":{"@id":"https:\/\/www.m-q.ch\/fr\/#organization"},"potentialAction":[{"@type":"SearchAction","target":{"@type":"EntryPoint","urlTemplate":"https:\/\/www.m-q.ch\/fr\/?s={search_term_string}"},"query-input":{"@type":"PropertyValueSpecification","valueRequired":true,"valueName":"search_term_string"}}],"inLanguage":"it-IT"},{"@type":"Organization","@id":"https:\/\/www.m-q.ch\/fr\/#organization","name":"Galledia Fachmedien AG","url":"https:\/\/www.m-q.ch\/fr\/","logo":{"@type":"ImageObject","inLanguage":"it-IT","@id":"https:\/\/www.m-q.ch\/fr\/#\/schema\/logo\/image\/","url":"https:\/\/www.m-q.ch\/wp-content\/uploads\/2020\/12\/cropped-logo_small.png","contentUrl":"https:\/\/www.m-q.ch\/wp-content\/uploads\/2020\/12\/cropped-logo_small.png","width":512,"height":512,"caption":"Galledia Fachmedien AG"},"image":{"@id":"https:\/\/www.m-q.ch\/fr\/#\/schema\/logo\/image\/"},"sameAs":["https:\/\/www.facebook.com\/ManagementUndQualitaet","https:\/\/www.linkedin.com\/showcase\/17982321\/admin\/"]},{"@type":"Person","@id":"https:\/\/www.m-q.ch\/fr\/#\/schema\/person\/47d540e081acd98ccbeb69b55df653d7","name":"Roger Str\u00e4ssle","image":{"@type":"ImageObject","inLanguage":"it-IT","@id":"https:\/\/www.m-q.ch\/fr\/#\/schema\/person\/image\/","url":"https:\/\/secure.gravatar.com\/avatar\/e4dde3046d8a184d2e2d27651a418883?s=96&d=mm&r=g","contentUrl":"https:\/\/secure.gravatar.com\/avatar\/e4dde3046d8a184d2e2d27651a418883?s=96&d=mm&r=g","caption":"Roger Str\u00e4ssle"},"url":"https:\/\/www.m-q.ch\/it\/author\/roger-straessle\/"}]}},"_links":{"self":[{"href":"https:\/\/www.m-q.ch\/it\/wp-json\/wp\/v2\/posts\/14029","targetHints":{"allow":["GET"]}}],"collection":[{"href":"https:\/\/www.m-q.ch\/it\/wp-json\/wp\/v2\/posts"}],"about":[{"href":"https:\/\/www.m-q.ch\/it\/wp-json\/wp\/v2\/types\/post"}],"author":[{"embeddable":true,"href":"https:\/\/www.m-q.ch\/it\/wp-json\/wp\/v2\/users\/35"}],"replies":[{"embeddable":true,"href":"https:\/\/www.m-q.ch\/it\/wp-json\/wp\/v2\/comments?post=14029"}],"version-history":[{"count":1,"href":"https:\/\/www.m-q.ch\/it\/wp-json\/wp\/v2\/posts\/14029\/revisions"}],"predecessor-version":[{"id":14031,"href":"https:\/\/www.m-q.ch\/it\/wp-json\/wp\/v2\/posts\/14029\/revisions\/14031"}],"wp:featuredmedia":[{"embeddable":true,"href":"https:\/\/www.m-q.ch\/it\/wp-json\/wp\/v2\/media\/14030"}],"wp:attachment":[{"href":"https:\/\/www.m-q.ch\/it\/wp-json\/wp\/v2\/media?parent=14029"}],"wp:term":[{"taxonomy":"category","embeddable":true,"href":"https:\/\/www.m-q.ch\/it\/wp-json\/wp\/v2\/categories?post=14029"},{"taxonomy":"post_tag","embeddable":true,"href":"https:\/\/www.m-q.ch\/it\/wp-json\/wp\/v2\/tags?post=14029"}],"curies":[{"name":"wp","href":"https:\/\/api.w.org\/{rel}","templated":true}]}}