{"id":14189,"date":"2021-04-26T14:50:47","date_gmt":"2021-04-26T12:50:47","guid":{"rendered":"https:\/\/www.m-q.ch\/?p=14189"},"modified":"2021-05-17T11:42:34","modified_gmt":"2021-05-17T09:42:34","slug":"parco-dellinnovazione-est","status":"publish","type":"post","link":"https:\/\/www.m-q.ch\/it\/innovationspark-ost\/","title":{"rendered":"Pi\u00f9 peso per il Parco dell'innovazione della Svizzera orientale"},"content":{"rendered":"<figure id=\"attachment_14192\" aria-describedby=\"caption-attachment-14192\" style=\"width: 837px\" class=\"wp-caption aligncenter\"><img loading=\"lazy\" decoding=\"async\" class=\"wp-image-14192 size-full\" src=\"https:\/\/www.m-q.ch\/wp-content\/uploads\/2021\/04\/innopark-1.jpg\" alt=\"Parco dell&#039;innovazione\" width=\"837\" height=\"467\" srcset=\"https:\/\/www.m-q.ch\/wp-content\/uploads\/2021\/04\/innopark-1.jpg 837w, https:\/\/www.m-q.ch\/wp-content\/uploads\/2021\/04\/innopark-1-768x429.jpg 768w, https:\/\/www.m-q.ch\/wp-content\/uploads\/2021\/04\/innopark-1-16x9.jpg 16w, https:\/\/www.m-q.ch\/wp-content\/uploads\/2021\/04\/innopark-1-314x175.jpg 314w, https:\/\/www.m-q.ch\/wp-content\/uploads\/2021\/04\/innopark-1-627x350.jpg 627w, https:\/\/www.m-q.ch\/wp-content\/uploads\/2021\/04\/innopark-1-300x167.jpg 300w\" sizes=\"auto, (max-width: 837px) 100vw, 837px\" \/><figcaption id=\"caption-attachment-14192\" class=\"wp-caption-text\">\u00a9 Depositphotos, Vitalik Radko<\/figcaption><\/figure>\n<p>Posizione principale del <a href=\"http:\/\/www.innovationspark-ost.ch\">Parchi d'innovazione est<\/a> \u00e8 il campus Lerchenfeld dell'Empa nella citt\u00e0 di San Gallo. Un sito secondario \u00e8 in costruzione a Buchs SG, secondo l'annuncio del Consiglio federale. Oltre a San Gallo, i cantoni di Appenzello Esterno, Appenzello Interno, Turgovia e il Principato del Liechtenstein sono rappresentati nella sponsorizzazione.<\/p>\n<h3><strong>Cosa offre l'Innovation Park East?<\/strong><\/h3>\n<p>Secondo le informazioni, l'Innovation Park East offre un'infrastruttura di sviluppo, laboratorio e lavoro che i team di ricerca aziendali e le istituzioni scientifiche possono utilizzare per progetti di innovazione congiunta. In questo ecosistema, possono aumentare ulteriormente la loro competitivit\u00e0 e le prestazioni di innovazione, si sottolinea.<\/p>\n<p>La decisione del Consiglio federale ha concluso un processo di revisione e approvazione durato un anno, che ha incluso una valutazione del progetto da parte di un gruppo di esperti indipendenti. Con la connessione al <a href=\"http:\/\/www.sbfi.admin.ch\/sbfi\/de\/home\/forschung-und-innovation\/forschung-und-innovation-in-der-schweiz\/schweizerischer-innovationspark.html\">Organizzazione ombrello dello Swiss Innovation Park<\/a>, la fondazione <a href=\"http:\/\/www.switzerland-innovation.com\">\"Svizzera Innovazione\"<\/a>L'Innovation Park East sar\u00e0 ora incluso nella rete svizzera.<\/p>\n<h3><strong>Iniziativa di partenariato pubblico-privato<\/strong><\/h3>\n<p>Lo Swiss Innovation Park \u00e8 un'iniziativa di partenariato pubblico-privato di importanza nazionale gestita dal governo federale e dai cantoni, dalla comunit\u00e0 scientifica e dal settore privato. Sotto il marchio ombrello \"Switzerland Innovation\", il parco d'innovazione comprende finora cinque fornitori di siti (nelle vicinanze dei due Istituti Federali di Tecnologia di Zurigo e Losanna, cos\u00ec come in Argovia, nella Svizzera nord-occidentale e a Biel). Tre di questi siti della rete sono collegati a diversi siti regionali. Recentemente, le localit\u00e0 della Svizzera centrale e del Ticino hanno aderito al supporto di sede \"Switzerland Innovation Park Zurich\", come scrive il Consiglio federale.<\/p>\n<p>I siti sarebbero finanziati in linea di principio dai cantoni che li ospitano e dagli investitori privati. Affittando spazi per l'insediamento di aziende e la fornitura di servizi, dovrebbero diventare autosufficienti a medio termine, secondo la dichiarazione. La fondazione di diritto privato \"Switzerland Innovation\" fungerebbe da organizzazione ombrello e da interfaccia con il governo federale.<\/p>\n<p><em>Fonte: Confederazione<\/em><\/p>\n<p><a href=\"http:\/\/www.m-q.ch\/it\/il-parco-dellinnovazione-crea-grandi-benefici-economici\/\"><em>Altri articoli sull'argomento: Il parco d'innovazione crea grandi benefici economici<\/em><\/a><\/p>\n<p>&nbsp;<\/p>","protected":false},"excerpt":{"rendered":"<p>Hauptstandort des Innovationsparks Ost ist der Campus Lerchenfeld bei der Empa, Stadt St. Gallen. In Buchs SG entstehe ein Nebenstandort, heisst es in der bundesr\u00e4tlichen Mitteilung. In der Tr\u00e4gerschaft vertreten sind neben St. Gallen die Kantone Appenzell Ausserrhoden, Appenzell Innerrhoden, Thurgau sowie das F\u00fcrstentum Liechtenstein. Was bietet der Innovationspark Ost? Laut Angaben bietet der Innovationspark [&hellip;]<\/p>\n","protected":false},"author":35,"featured_media":14192,"comment_status":"closed","ping_status":"closed","sticky":false,"template":"","format":"standard","meta":{"_acf_changed":false,"footnotes":""},"categories":[4448],"tags":[4923,4924],"class_list":["post-14189","post","type-post","status-publish","format-standard","has-post-thumbnail","hentry","category-allgemein","tag-innovationspark-ost","tag-switzerland-innovation"],"acf":[],"yoast_head":"<!-- This site is optimized with the Yoast SEO plugin v26.2 - https:\/\/yoast.com\/wordpress\/plugins\/seo\/ -->\n<title>Mehr Gewicht f\u00fcr Innovationspark der Ostschweiz - MQ Management und Qualit\u00e4t<\/title>\n<meta name=\"description\" content=\"Die Aufnahme des Innovationsparks Ost als sechsten Standorttr\u00e4ger in das Gesamtnetzwerk Schweizerischer Innovationspark ist genehmigt.\" \/>\n<meta name=\"robots\" content=\"index, follow, max-snippet:-1, max-image-preview:large, max-video-preview:-1\" \/>\n<link rel=\"canonical\" href=\"https:\/\/www.m-q.ch\/it\/parco-dellinnovazione-est\/\" \/>\n<meta property=\"og:locale\" content=\"it_IT\" \/>\n<meta property=\"og:type\" content=\"article\" \/>\n<meta property=\"og:title\" content=\"Mehr Gewicht f\u00fcr Innovationspark der Ostschweiz - MQ Management und Qualit\u00e4t\" \/>\n<meta property=\"og:description\" content=\"Die Aufnahme des Innovationsparks Ost als sechsten Standorttr\u00e4ger in das Gesamtnetzwerk Schweizerischer Innovationspark ist genehmigt.\" \/>\n<meta property=\"og:url\" content=\"https:\/\/www.m-q.ch\/it\/parco-dellinnovazione-est\/\" \/>\n<meta property=\"og:site_name\" content=\"MQ Management und Qualit\u00e4t\" \/>\n<meta property=\"article:publisher\" content=\"https:\/\/www.facebook.com\/ManagementUndQualitaet\" \/>\n<meta property=\"article:published_time\" content=\"2021-04-26T12:50:47+00:00\" \/>\n<meta property=\"article:modified_time\" content=\"2021-05-17T09:42:34+00:00\" \/>\n<meta property=\"og:image\" content=\"https:\/\/www.m-q.ch\/wp-content\/uploads\/2021\/04\/innopark-1.jpg\" \/>\n\t<meta property=\"og:image:width\" content=\"837\" \/>\n\t<meta property=\"og:image:height\" content=\"467\" \/>\n\t<meta property=\"og:image:type\" content=\"image\/jpeg\" \/>\n<meta name=\"author\" content=\"Roger Str\u00e4ssle\" \/>\n<meta name=\"twitter:card\" content=\"summary_large_image\" \/>\n<meta name=\"twitter:label1\" content=\"Scritto da\" \/>\n\t<meta name=\"twitter:data1\" content=\"Roger Str\u00e4ssle\" \/>\n\t<meta name=\"twitter:label2\" content=\"Tempo di lettura stimato\" \/>\n\t<meta name=\"twitter:data2\" content=\"2 minuti\" \/>\n<script type=\"application\/ld+json\" class=\"yoast-schema-graph\">{\"@context\":\"https:\/\/schema.org\",\"@graph\":[{\"@type\":\"Article\",\"@id\":\"https:\/\/www.m-q.ch\/innovationspark-ost\/#article\",\"isPartOf\":{\"@id\":\"https:\/\/www.m-q.ch\/innovationspark-ost\/\"},\"author\":{\"name\":\"Roger Str\u00e4ssle\",\"@id\":\"https:\/\/www.m-q.ch\/fr\/#\/schema\/person\/47d540e081acd98ccbeb69b55df653d7\"},\"headline\":\"Mehr Gewicht f\u00fcr Innovationspark der Ostschweiz\",\"datePublished\":\"2021-04-26T12:50:47+00:00\",\"dateModified\":\"2021-05-17T09:42:34+00:00\",\"mainEntityOfPage\":{\"@id\":\"https:\/\/www.m-q.ch\/innovationspark-ost\/\"},\"wordCount\":308,\"publisher\":{\"@id\":\"https:\/\/www.m-q.ch\/fr\/#organization\"},\"image\":{\"@id\":\"https:\/\/www.m-q.ch\/innovationspark-ost\/#primaryimage\"},\"thumbnailUrl\":\"https:\/\/www.m-q.ch\/wp-content\/uploads\/2021\/04\/innopark-1.jpg\",\"keywords\":[\"Innovationspark Ost\",\"Switzerland Innovation\"],\"articleSection\":[\"Allgemein\"],\"inLanguage\":\"it-IT\"},{\"@type\":\"WebPage\",\"@id\":\"https:\/\/www.m-q.ch\/innovationspark-ost\/\",\"url\":\"https:\/\/www.m-q.ch\/innovationspark-ost\/\",\"name\":\"Mehr Gewicht f\u00fcr Innovationspark der Ostschweiz - MQ Management und Qualit\u00e4t\",\"isPartOf\":{\"@id\":\"https:\/\/www.m-q.ch\/fr\/#website\"},\"primaryImageOfPage\":{\"@id\":\"https:\/\/www.m-q.ch\/innovationspark-ost\/#primaryimage\"},\"image\":{\"@id\":\"https:\/\/www.m-q.ch\/innovationspark-ost\/#primaryimage\"},\"thumbnailUrl\":\"https:\/\/www.m-q.ch\/wp-content\/uploads\/2021\/04\/innopark-1.jpg\",\"datePublished\":\"2021-04-26T12:50:47+00:00\",\"dateModified\":\"2021-05-17T09:42:34+00:00\",\"description\":\"Die Aufnahme des Innovationsparks Ost als sechsten Standorttr\u00e4ger in das Gesamtnetzwerk Schweizerischer Innovationspark ist genehmigt.\",\"breadcrumb\":{\"@id\":\"https:\/\/www.m-q.ch\/innovationspark-ost\/#breadcrumb\"},\"inLanguage\":\"it-IT\",\"potentialAction\":[{\"@type\":\"ReadAction\",\"target\":[\"https:\/\/www.m-q.ch\/innovationspark-ost\/\"]}]},{\"@type\":\"ImageObject\",\"inLanguage\":\"it-IT\",\"@id\":\"https:\/\/www.m-q.ch\/innovationspark-ost\/#primaryimage\",\"url\":\"https:\/\/www.m-q.ch\/wp-content\/uploads\/2021\/04\/innopark-1.jpg\",\"contentUrl\":\"https:\/\/www.m-q.ch\/wp-content\/uploads\/2021\/04\/innopark-1.jpg\",\"width\":837,\"height\":467,\"caption\":\"\u00a9 Depositphotos, Vitalik Radko\"},{\"@type\":\"BreadcrumbList\",\"@id\":\"https:\/\/www.m-q.ch\/innovationspark-ost\/#breadcrumb\",\"itemListElement\":[{\"@type\":\"ListItem\",\"position\":1,\"name\":\"Allgemein\",\"item\":\"https:\/\/www.m-q.ch\/kategorie\/allgemein\/\"},{\"@type\":\"ListItem\",\"position\":2,\"name\":\"Mehr Gewicht f\u00fcr Innovationspark der Ostschweiz\"}]},{\"@type\":\"WebSite\",\"@id\":\"https:\/\/www.m-q.ch\/fr\/#website\",\"url\":\"https:\/\/www.m-q.ch\/fr\/\",\"name\":\"MQ Management und Qualit\u00e4t\",\"description\":\"Plattform f\u00fcr integrierte Managementsysteme.\",\"publisher\":{\"@id\":\"https:\/\/www.m-q.ch\/fr\/#organization\"},\"potentialAction\":[{\"@type\":\"SearchAction\",\"target\":{\"@type\":\"EntryPoint\",\"urlTemplate\":\"https:\/\/www.m-q.ch\/fr\/?s={search_term_string}\"},\"query-input\":{\"@type\":\"PropertyValueSpecification\",\"valueRequired\":true,\"valueName\":\"search_term_string\"}}],\"inLanguage\":\"it-IT\"},{\"@type\":\"Organization\",\"@id\":\"https:\/\/www.m-q.ch\/fr\/#organization\",\"name\":\"Galledia Fachmedien AG\",\"url\":\"https:\/\/www.m-q.ch\/fr\/\",\"logo\":{\"@type\":\"ImageObject\",\"inLanguage\":\"it-IT\",\"@id\":\"https:\/\/www.m-q.ch\/fr\/#\/schema\/logo\/image\/\",\"url\":\"https:\/\/www.m-q.ch\/wp-content\/uploads\/2020\/12\/cropped-logo_small.png\",\"contentUrl\":\"https:\/\/www.m-q.ch\/wp-content\/uploads\/2020\/12\/cropped-logo_small.png\",\"width\":512,\"height\":512,\"caption\":\"Galledia Fachmedien AG\"},\"image\":{\"@id\":\"https:\/\/www.m-q.ch\/fr\/#\/schema\/logo\/image\/\"},\"sameAs\":[\"https:\/\/www.facebook.com\/ManagementUndQualitaet\",\"https:\/\/www.linkedin.com\/showcase\/17982321\/admin\/\"]},{\"@type\":\"Person\",\"@id\":\"https:\/\/www.m-q.ch\/fr\/#\/schema\/person\/47d540e081acd98ccbeb69b55df653d7\",\"name\":\"Roger Str\u00e4ssle\",\"image\":{\"@type\":\"ImageObject\",\"inLanguage\":\"it-IT\",\"@id\":\"https:\/\/www.m-q.ch\/fr\/#\/schema\/person\/image\/\",\"url\":\"https:\/\/secure.gravatar.com\/avatar\/e4dde3046d8a184d2e2d27651a418883?s=96&d=mm&r=g\",\"contentUrl\":\"https:\/\/secure.gravatar.com\/avatar\/e4dde3046d8a184d2e2d27651a418883?s=96&d=mm&r=g\",\"caption\":\"Roger Str\u00e4ssle\"},\"url\":\"https:\/\/www.m-q.ch\/it\/author\/roger-straessle\/\"}]}<\/script>\n<!-- \/ Yoast SEO plugin. -->","yoast_head_json":{"title":"Pi\u00f9 peso per il Parco dell'innovazione della Svizzera orientale - MQ Management und Qualit\u00e4t","description":"\u00c8 stata approvata l'inclusione dell'Innovation Park East come sesto vettore di localit\u00e0 nella rete complessiva degli Innovation Park svizzeri.","robots":{"index":"index","follow":"follow","max-snippet":"max-snippet:-1","max-image-preview":"max-image-preview:large","max-video-preview":"max-video-preview:-1"},"canonical":"https:\/\/www.m-q.ch\/it\/parco-dellinnovazione-est\/","og_locale":"it_IT","og_type":"article","og_title":"Mehr Gewicht f\u00fcr Innovationspark der Ostschweiz - MQ Management und Qualit\u00e4t","og_description":"Die Aufnahme des Innovationsparks Ost als sechsten Standorttr\u00e4ger in das Gesamtnetzwerk Schweizerischer Innovationspark ist genehmigt.","og_url":"https:\/\/www.m-q.ch\/it\/parco-dellinnovazione-est\/","og_site_name":"MQ Management und Qualit\u00e4t","article_publisher":"https:\/\/www.facebook.com\/ManagementUndQualitaet","article_published_time":"2021-04-26T12:50:47+00:00","article_modified_time":"2021-05-17T09:42:34+00:00","og_image":[{"width":837,"height":467,"url":"https:\/\/www.m-q.ch\/wp-content\/uploads\/2021\/04\/innopark-1.jpg","type":"image\/jpeg"}],"author":"Roger Str\u00e4ssle","twitter_card":"summary_large_image","twitter_misc":{"Scritto da":"Roger Str\u00e4ssle","Tempo di lettura stimato":"2 minuti"},"schema":{"@context":"https:\/\/schema.org","@graph":[{"@type":"Article","@id":"https:\/\/www.m-q.ch\/innovationspark-ost\/#article","isPartOf":{"@id":"https:\/\/www.m-q.ch\/innovationspark-ost\/"},"author":{"name":"Roger Str\u00e4ssle","@id":"https:\/\/www.m-q.ch\/fr\/#\/schema\/person\/47d540e081acd98ccbeb69b55df653d7"},"headline":"Mehr Gewicht f\u00fcr Innovationspark der Ostschweiz","datePublished":"2021-04-26T12:50:47+00:00","dateModified":"2021-05-17T09:42:34+00:00","mainEntityOfPage":{"@id":"https:\/\/www.m-q.ch\/innovationspark-ost\/"},"wordCount":308,"publisher":{"@id":"https:\/\/www.m-q.ch\/fr\/#organization"},"image":{"@id":"https:\/\/www.m-q.ch\/innovationspark-ost\/#primaryimage"},"thumbnailUrl":"https:\/\/www.m-q.ch\/wp-content\/uploads\/2021\/04\/innopark-1.jpg","keywords":["Innovationspark Ost","Switzerland Innovation"],"articleSection":["Allgemein"],"inLanguage":"it-IT"},{"@type":"WebPage","@id":"https:\/\/www.m-q.ch\/innovationspark-ost\/","url":"https:\/\/www.m-q.ch\/innovationspark-ost\/","name":"Pi\u00f9 peso per il Parco dell'innovazione della Svizzera orientale - MQ Management und Qualit\u00e4t","isPartOf":{"@id":"https:\/\/www.m-q.ch\/fr\/#website"},"primaryImageOfPage":{"@id":"https:\/\/www.m-q.ch\/innovationspark-ost\/#primaryimage"},"image":{"@id":"https:\/\/www.m-q.ch\/innovationspark-ost\/#primaryimage"},"thumbnailUrl":"https:\/\/www.m-q.ch\/wp-content\/uploads\/2021\/04\/innopark-1.jpg","datePublished":"2021-04-26T12:50:47+00:00","dateModified":"2021-05-17T09:42:34+00:00","description":"\u00c8 stata approvata l'inclusione dell'Innovation Park East come sesto vettore di localit\u00e0 nella rete complessiva degli Innovation Park svizzeri.","breadcrumb":{"@id":"https:\/\/www.m-q.ch\/innovationspark-ost\/#breadcrumb"},"inLanguage":"it-IT","potentialAction":[{"@type":"ReadAction","target":["https:\/\/www.m-q.ch\/innovationspark-ost\/"]}]},{"@type":"ImageObject","inLanguage":"it-IT","@id":"https:\/\/www.m-q.ch\/innovationspark-ost\/#primaryimage","url":"https:\/\/www.m-q.ch\/wp-content\/uploads\/2021\/04\/innopark-1.jpg","contentUrl":"https:\/\/www.m-q.ch\/wp-content\/uploads\/2021\/04\/innopark-1.jpg","width":837,"height":467,"caption":"\u00a9 Depositphotos, Vitalik Radko"},{"@type":"BreadcrumbList","@id":"https:\/\/www.m-q.ch\/innovationspark-ost\/#breadcrumb","itemListElement":[{"@type":"ListItem","position":1,"name":"Allgemein","item":"https:\/\/www.m-q.ch\/kategorie\/allgemein\/"},{"@type":"ListItem","position":2,"name":"Mehr Gewicht f\u00fcr Innovationspark der Ostschweiz"}]},{"@type":"WebSite","@id":"https:\/\/www.m-q.ch\/fr\/#website","url":"https:\/\/www.m-q.ch\/fr\/","name":"Gestione e qualit\u00e0 MQ","description":"Piattaforma per sistemi di gestione integrati.","publisher":{"@id":"https:\/\/www.m-q.ch\/fr\/#organization"},"potentialAction":[{"@type":"SearchAction","target":{"@type":"EntryPoint","urlTemplate":"https:\/\/www.m-q.ch\/fr\/?s={search_term_string}"},"query-input":{"@type":"PropertyValueSpecification","valueRequired":true,"valueName":"search_term_string"}}],"inLanguage":"it-IT"},{"@type":"Organization","@id":"https:\/\/www.m-q.ch\/fr\/#organization","name":"Galledia Fachmedien AG","url":"https:\/\/www.m-q.ch\/fr\/","logo":{"@type":"ImageObject","inLanguage":"it-IT","@id":"https:\/\/www.m-q.ch\/fr\/#\/schema\/logo\/image\/","url":"https:\/\/www.m-q.ch\/wp-content\/uploads\/2020\/12\/cropped-logo_small.png","contentUrl":"https:\/\/www.m-q.ch\/wp-content\/uploads\/2020\/12\/cropped-logo_small.png","width":512,"height":512,"caption":"Galledia Fachmedien AG"},"image":{"@id":"https:\/\/www.m-q.ch\/fr\/#\/schema\/logo\/image\/"},"sameAs":["https:\/\/www.facebook.com\/ManagementUndQualitaet","https:\/\/www.linkedin.com\/showcase\/17982321\/admin\/"]},{"@type":"Person","@id":"https:\/\/www.m-q.ch\/fr\/#\/schema\/person\/47d540e081acd98ccbeb69b55df653d7","name":"Roger Str\u00e4ssle","image":{"@type":"ImageObject","inLanguage":"it-IT","@id":"https:\/\/www.m-q.ch\/fr\/#\/schema\/person\/image\/","url":"https:\/\/secure.gravatar.com\/avatar\/e4dde3046d8a184d2e2d27651a418883?s=96&d=mm&r=g","contentUrl":"https:\/\/secure.gravatar.com\/avatar\/e4dde3046d8a184d2e2d27651a418883?s=96&d=mm&r=g","caption":"Roger Str\u00e4ssle"},"url":"https:\/\/www.m-q.ch\/it\/author\/roger-straessle\/"}]}},"_links":{"self":[{"href":"https:\/\/www.m-q.ch\/it\/wp-json\/wp\/v2\/posts\/14189","targetHints":{"allow":["GET"]}}],"collection":[{"href":"https:\/\/www.m-q.ch\/it\/wp-json\/wp\/v2\/posts"}],"about":[{"href":"https:\/\/www.m-q.ch\/it\/wp-json\/wp\/v2\/types\/post"}],"author":[{"embeddable":true,"href":"https:\/\/www.m-q.ch\/it\/wp-json\/wp\/v2\/users\/35"}],"replies":[{"embeddable":true,"href":"https:\/\/www.m-q.ch\/it\/wp-json\/wp\/v2\/comments?post=14189"}],"version-history":[{"count":5,"href":"https:\/\/www.m-q.ch\/it\/wp-json\/wp\/v2\/posts\/14189\/revisions"}],"predecessor-version":[{"id":14329,"href":"https:\/\/www.m-q.ch\/it\/wp-json\/wp\/v2\/posts\/14189\/revisions\/14329"}],"wp:featuredmedia":[{"embeddable":true,"href":"https:\/\/www.m-q.ch\/it\/wp-json\/wp\/v2\/media\/14192"}],"wp:attachment":[{"href":"https:\/\/www.m-q.ch\/it\/wp-json\/wp\/v2\/media?parent=14189"}],"wp:term":[{"taxonomy":"category","embeddable":true,"href":"https:\/\/www.m-q.ch\/it\/wp-json\/wp\/v2\/categories?post=14189"},{"taxonomy":"post_tag","embeddable":true,"href":"https:\/\/www.m-q.ch\/it\/wp-json\/wp\/v2\/tags?post=14189"}],"curies":[{"name":"wp","href":"https:\/\/api.w.org\/{rel}","templated":true}]}}