{"id":14231,"date":"2021-05-04T18:00:09","date_gmt":"2021-05-04T16:00:09","guid":{"rendered":"https:\/\/www.m-q.ch\/?p=14231"},"modified":"2021-05-11T18:30:40","modified_gmt":"2021-05-11T16:30:40","slug":"assegnato-il-premio-seghezzi","status":"publish","type":"post","link":"https:\/\/www.m-q.ch\/it\/seghezzi-preis-verliehen\/","title":{"rendered":"SFAQ assegna il premio Seghezzi"},"content":{"rendered":"<figure id=\"attachment_14241\" aria-describedby=\"caption-attachment-14241\" style=\"width: 2560px\" class=\"wp-caption alignnone\"><img loading=\"lazy\" decoding=\"async\" class=\"size-full wp-image-14241\" src=\"https:\/\/www.m-q.ch\/wp-content\/uploads\/2021\/05\/IMG_3029klein-scaled.jpg\" alt=\"\" width=\"2560\" height=\"1625\" srcset=\"https:\/\/www.m-q.ch\/wp-content\/uploads\/2021\/05\/IMG_3029klein-scaled.jpg 2560w, https:\/\/www.m-q.ch\/wp-content\/uploads\/2021\/05\/IMG_3029klein-768x487.jpg 768w, https:\/\/www.m-q.ch\/wp-content\/uploads\/2021\/05\/IMG_3029klein-1536x975.jpg 1536w, https:\/\/www.m-q.ch\/wp-content\/uploads\/2021\/05\/IMG_3029klein-2048x1300.jpg 2048w, https:\/\/www.m-q.ch\/wp-content\/uploads\/2021\/05\/IMG_3029klein-16x10.jpg 16w, https:\/\/www.m-q.ch\/wp-content\/uploads\/2021\/05\/IMG_3029klein-276x175.jpg 276w, https:\/\/www.m-q.ch\/wp-content\/uploads\/2021\/05\/IMG_3029klein-551x350.jpg 551w, https:\/\/www.m-q.ch\/wp-content\/uploads\/2021\/05\/IMG_3029klein-1260x800.jpg 1260w, https:\/\/www.m-q.ch\/wp-content\/uploads\/2021\/05\/IMG_3029klein-920x584.jpg 920w, https:\/\/www.m-q.ch\/wp-content\/uploads\/2021\/05\/IMG_3029klein-1400x889.jpg 1400w, https:\/\/www.m-q.ch\/wp-content\/uploads\/2021\/05\/IMG_3029klein-300x190.jpg 300w\" sizes=\"auto, (max-width: 2560px) 100vw, 2560px\" \/><figcaption id=\"caption-attachment-14241\" class=\"wp-caption-text\">Da sinistra a destra: la presidente della giuria Martina Z\u00f6lch, il vincitore del premio Philipp Schaber e il membro del consiglio della fondazione SFAQ Felix M\u00fcller. \u00a9 Roger Str\u00e4ssle<\/figcaption><\/figure>\n<p>Anche quest'anno il <a href=\"http:\/\/saq.ch\/de\/veranstaltungen\/tag_der_schweizer_qualitaet\/tsq_2021\/programm\/\">\"Giornata della qualit\u00e0 svizzera<\/a> del SAQ il 4 maggio 2021 ha dovuto essere tenuto virtualmente a causa della pandemia. Tuttavia, i relatori erano sul posto, cos\u00ec come il vincitore del premio Seghezzi e la giuria. Cos\u00ec la Prof. Dr. Martina Z\u00f6lch, membro del consiglio di fondazione SFAQ e presidente della giuria, ha potuto consegnare con una cerimonia a Philipp Schaber il premio 2021 per la promozione della gestione integrata della qualit\u00e0.<\/p>\n<p>Philipp Schaber ha dapprima completato il suo Bachelor of Science in Mechanical Engineering &amp; Business Transformation all'Universit\u00e0 Tecnica di Graz prima di intraprendere e completare con successo un Master in Management, Tecnologia ed Economia all'ETH di Zurigo. La sua carriera \u00e8 stata ora coronata dal Premio Seghezzi: Schaber (1993), nato in Austria, ha ricevuto il premio in denaro di 10.000 franchi per i suoi risultati eccezionali nella sua tesi di Master su \"Using deep learning to detect assembly errors\".<\/p>\n<h4><strong>Utilizzando metodi di apprendimento automatico non supervisionato<\/strong><\/h4>\n<p>Il Prof. Dr. Torbj\u00f6rn Netland e Julian Senoner sono stati i supervisori della tesi di master che Philipp Schaber ha completato con successo nell'agosto 2020. Nella sua tesi, Schaber, in collaborazione con Siemens Smart Infrastructure (SI), ha studiato la questione se i metodi di apprendimento automatico non supervisionato possono essere utilizzati per rilevare gli errori di assemblaggio nella produzione.<\/p>\n<p>Questa interessante domanda di ricerca \u00e8 di grande rilevanza pratica, in un momento in cui l'apprendimento automatico \u00e8 sul punto di una svolta nella produzione, come sottolinea SFAQ.<\/p>\n<p>Nella sua tesi di master, Schaber propone un approccio di apprendimento automatico non supervisionato che pu\u00f2 essere addestrato solo sulla base di immagini \"senza errori\". Meccanismi affidabili di rilevamento degli errori, cos\u00ec come l'efficienza computazionale, devono essere raggiunti attraverso una combinazione mirata di apprendimento di trasferimento e \"classificazione del vicino pi\u00f9 vicino\".<\/p>\n<h4><strong>Prove empiriche fornite<\/strong><\/h4>\n<p>Philipp Schaber ha sottoposto queste sfide a una prova pratica in due impianti di prova della Siemens Smart Infrastructure. Nel corso dei suoi test sul campo, \u00e8 stato in grado di fornire prove empiriche di come l'approccio proposto possa rilevare in modo affidabile gli errori di installazione nella pratica, pur mantenendo un'elevata efficienza di calcolo, come scrive SFAQ.<\/p>\n<p>Il lavoro di ricerca di Philipp Schaber \u00e8 quindi un ottimo esempio di come l'apprendimento automatico pu\u00f2 supportare la gestione della qualit\u00e0. Con il presente lavoro, \u00e8 stata colmata una lacuna della ricerca in un modo basato sul modello ed empiricamente convincente, che \u00e8 di grande rilevanza pratica.<\/p>\n<h4><strong>Dichiarazione della giuria<\/strong><\/h4>\n<p>La giuria ha spiegato la sua decisione come segue:<\/p>\n<p><em>Il <strong>Potenziale di innovazione<\/strong> del lavoro \u00e8 notevole: <\/em>L'approccio dell'\"approccio non supervisionato\" \u00e8 innovativo in s\u00e9. Finora, i meccanismi di rilevamento dei difetti sono stati appresi principalmente dai prodotti difettosi. \"Estendere l'apprendimento profondo con l'approccio metodologico dell'approccio non supervisionato e collegarlo alle teorie delle reti neurali apre nuove prospettive per l'apprendimento automatico e amplia la portata dell'approccio dell'apprendimento profondo.<\/p>\n<p>Poich\u00e9 l'approccio \"Unsupervised Machine Learning\" si basa su un addestramento che lavora con immagini senza errori, questo permette un uso estremamente efficiente della potenza di calcolo. Come si \u00e8 potuto dimostrare empiricamente nel lavoro, c'\u00e8 una riduzione significativa dello sforzo con un'espressivit\u00e0 quasi invariata in termini di rilevamento degli errori.<\/p>\n<p><em>Qui mostra il <strong>alta rilevanza pratica<\/strong> di lavoro:<\/em> L'individuazione dei guasti nella fabbricazione e nell'assemblaggio dei circuiti stampati si \u00e8 basata finora in gran parte sull'ispezione da parte dei dipendenti, che \u00e8 ancora inevitabile al di fuori della produzione su larga scala. Tuttavia, la loro percezione \u00e8 soggetta a errori, che possono comportare costi di follow-up, e lo svolgimento di tali attivit\u00e0 lavorative \u00e8 spesso stressante.<\/p>\n<p>Con l'approccio proposto, il rilevamento dei difetti della macchina pu\u00f2 essere utilizzato anche nella produzione di piccole e medie serie, il che dovrebbe aumentare significativamente il campo di applicazione.<\/p>\n<p>Oltre all'innovativo approccio teorico e metodologico per un rilevamento efficiente ed efficace dei difetti, vengono cos\u00ec sollevate anche le questioni di gestione aziendale dei costi dei difetti e dell'impiego del personale. Il lavoro, che si basa sull'interfaccia dell'amministrazione aziendale, della tecnologia e delle scienze informatiche, d\u00e0 cos\u00ec anche un contributo integrativo alla gestione generale e al significato della qualit\u00e0.<\/p>\n<p>In conclusione, la giuria sottolinea: \"Siamo lieti di poter assegnare a questo lavoro innovativo di alta rilevanza scientifica e pratica il Premio Seghezzi 2021.\"<\/p>\n<p><em>Il sito <a href=\"http:\/\/saq.ch\/de\/seghezzi-preis\/\">Premio Seghezzi<\/a> viene annunciato ogni due anni.<\/em><\/p>\n<p><img loading=\"lazy\" decoding=\"async\" class=\"size-full wp-image-14244\" src=\"https:\/\/www.m-q.ch\/wp-content\/uploads\/2021\/05\/IMG_3016.jpg\" alt=\"\" width=\"2046\" height=\"1462\" srcset=\"https:\/\/www.m-q.ch\/wp-content\/uploads\/2021\/05\/IMG_3016.jpg 2046w, https:\/\/www.m-q.ch\/wp-content\/uploads\/2021\/05\/IMG_3016-768x549.jpg 768w, https:\/\/www.m-q.ch\/wp-content\/uploads\/2021\/05\/IMG_3016-1536x1098.jpg 1536w, https:\/\/www.m-q.ch\/wp-content\/uploads\/2021\/05\/IMG_3016-16x12.jpg 16w, https:\/\/www.m-q.ch\/wp-content\/uploads\/2021\/05\/IMG_3016-245x175.jpg 245w, https:\/\/www.m-q.ch\/wp-content\/uploads\/2021\/05\/IMG_3016-490x350.jpg 490w, https:\/\/www.m-q.ch\/wp-content\/uploads\/2021\/05\/IMG_3016-1120x800.jpg 1120w, https:\/\/www.m-q.ch\/wp-content\/uploads\/2021\/05\/IMG_3016-920x657.jpg 920w, https:\/\/www.m-q.ch\/wp-content\/uploads\/2021\/05\/IMG_3016-1400x1000.jpg 1400w, https:\/\/www.m-q.ch\/wp-content\/uploads\/2021\/05\/IMG_3016-1959x1400.jpg 1959w, https:\/\/www.m-q.ch\/wp-content\/uploads\/2021\/05\/IMG_3016-300x214.jpg 300w\" sizes=\"auto, (max-width: 2046px) 100vw, 2046px\" \/><\/p>\n<p>Il coronamento della sua tesi di Master - Philipp Schaber con il Premio Seghezzi. \u00a9 R. Str\u00e4ssle<\/p>","protected":false},"excerpt":{"rendered":"<p>Auch der diesj\u00e4hrige \u00abTag der Schweizer Qualit\u00e4t\u00bb der SAQ vom 4. Mai 2021 musste pandemiebedingt virtuell durchgef\u00fchrt werden. Vor Ort waren jedoch die Referenten, aber auch der Seghezzi-Preistr\u00e4ger und die Jury. Und so konnte Prof. Dr. Martina Z\u00f6lch, SFAQ-Stiftungsratsmitglied und Pr\u00e4sidentin der Jury, Philipp Schaber den Award 2021 zur F\u00f6rderung eines integrierten Managements von Qualit\u00e4t [&hellip;]<\/p>\n","protected":false},"author":35,"featured_media":14241,"comment_status":"closed","ping_status":"closed","sticky":false,"template":"","format":"standard","meta":{"_acf_changed":false,"footnotes":""},"categories":[3303],"tags":[4945,4942,4944,4943],"class_list":["post-14231","post","type-post","status-publish","format-standard","has-post-thumbnail","hentry","category-qualitaetsmanagement","tag-using-deep-learning-to-detect-assembly-errors","tag-saw","tag-schweizerischen-stiftung-fuer-forschung-und-ausbildung-qualitaet","tag-sffaq"],"acf":[],"yoast_head":"<!-- This site is optimized with the Yoast SEO plugin v26.2 - https:\/\/yoast.com\/wordpress\/plugins\/seo\/ -->\n<title>SFAQ verleiht Seghezzi-Preis - MQ Management und Qualit\u00e4t<\/title>\n<meta name=\"description\" content=\"Die SFAQ (Schweizerischen Stiftung f\u00fcr Forschung und Ausbildung Qualit\u00e4t) hat den Seghezzi-Award 2021 verliehen.\" \/>\n<meta name=\"robots\" content=\"index, follow, max-snippet:-1, max-image-preview:large, max-video-preview:-1\" \/>\n<link rel=\"canonical\" href=\"https:\/\/www.m-q.ch\/it\/assegnato-il-premio-seghezzi\/\" \/>\n<meta property=\"og:locale\" content=\"it_IT\" \/>\n<meta property=\"og:type\" content=\"article\" \/>\n<meta property=\"og:title\" content=\"SFAQ verleiht Seghezzi-Preis - MQ Management und Qualit\u00e4t\" \/>\n<meta property=\"og:description\" content=\"Die SFAQ (Schweizerischen Stiftung f\u00fcr Forschung und Ausbildung Qualit\u00e4t) hat den Seghezzi-Award 2021 verliehen.\" \/>\n<meta property=\"og:url\" content=\"https:\/\/www.m-q.ch\/it\/assegnato-il-premio-seghezzi\/\" \/>\n<meta property=\"og:site_name\" content=\"MQ Management und Qualit\u00e4t\" \/>\n<meta property=\"article:publisher\" content=\"https:\/\/www.facebook.com\/ManagementUndQualitaet\" \/>\n<meta property=\"article:published_time\" content=\"2021-05-04T16:00:09+00:00\" \/>\n<meta property=\"article:modified_time\" content=\"2021-05-11T16:30:40+00:00\" \/>\n<meta property=\"og:image\" content=\"https:\/\/www.m-q.ch\/wp-content\/uploads\/2021\/05\/IMG_3029klein-scaled.jpg\" \/>\n\t<meta property=\"og:image:width\" content=\"2560\" \/>\n\t<meta property=\"og:image:height\" content=\"1625\" \/>\n\t<meta property=\"og:image:type\" content=\"image\/jpeg\" \/>\n<meta name=\"author\" content=\"Roger Str\u00e4ssle\" \/>\n<meta name=\"twitter:card\" content=\"summary_large_image\" \/>\n<meta name=\"twitter:label1\" content=\"Scritto da\" \/>\n\t<meta name=\"twitter:data1\" content=\"Roger Str\u00e4ssle\" \/>\n\t<meta name=\"twitter:label2\" content=\"Tempo di lettura stimato\" \/>\n\t<meta name=\"twitter:data2\" content=\"3 minuti\" \/>\n<script type=\"application\/ld+json\" class=\"yoast-schema-graph\">{\"@context\":\"https:\/\/schema.org\",\"@graph\":[{\"@type\":\"Article\",\"@id\":\"https:\/\/www.m-q.ch\/seghezzi-preis-verliehen\/#article\",\"isPartOf\":{\"@id\":\"https:\/\/www.m-q.ch\/seghezzi-preis-verliehen\/\"},\"author\":{\"name\":\"Roger Str\u00e4ssle\",\"@id\":\"https:\/\/www.m-q.ch\/fr\/#\/schema\/person\/47d540e081acd98ccbeb69b55df653d7\"},\"headline\":\"SFAQ verleiht Seghezzi-Preis\",\"datePublished\":\"2021-05-04T16:00:09+00:00\",\"dateModified\":\"2021-05-11T16:30:40+00:00\",\"mainEntityOfPage\":{\"@id\":\"https:\/\/www.m-q.ch\/seghezzi-preis-verliehen\/\"},\"wordCount\":691,\"publisher\":{\"@id\":\"https:\/\/www.m-q.ch\/fr\/#organization\"},\"image\":{\"@id\":\"https:\/\/www.m-q.ch\/seghezzi-preis-verliehen\/#primaryimage\"},\"thumbnailUrl\":\"https:\/\/www.m-q.ch\/wp-content\/uploads\/2021\/05\/IMG_3029klein-scaled.jpg\",\"keywords\":[\"\u00abUsing deep learning to detect assembly errors\u00bb\",\"SAW\",\"Schweizerischen Stiftung f\u00fcr Forschung und Ausbildung Qualit\u00e4t\",\"SFFAQ\"],\"articleSection\":[\"Qualit\u00e4tsmanagement\"],\"inLanguage\":\"it-IT\"},{\"@type\":\"WebPage\",\"@id\":\"https:\/\/www.m-q.ch\/seghezzi-preis-verliehen\/\",\"url\":\"https:\/\/www.m-q.ch\/seghezzi-preis-verliehen\/\",\"name\":\"SFAQ verleiht Seghezzi-Preis - MQ Management und Qualit\u00e4t\",\"isPartOf\":{\"@id\":\"https:\/\/www.m-q.ch\/fr\/#website\"},\"primaryImageOfPage\":{\"@id\":\"https:\/\/www.m-q.ch\/seghezzi-preis-verliehen\/#primaryimage\"},\"image\":{\"@id\":\"https:\/\/www.m-q.ch\/seghezzi-preis-verliehen\/#primaryimage\"},\"thumbnailUrl\":\"https:\/\/www.m-q.ch\/wp-content\/uploads\/2021\/05\/IMG_3029klein-scaled.jpg\",\"datePublished\":\"2021-05-04T16:00:09+00:00\",\"dateModified\":\"2021-05-11T16:30:40+00:00\",\"description\":\"Die SFAQ (Schweizerischen Stiftung f\u00fcr Forschung und Ausbildung Qualit\u00e4t) hat den Seghezzi-Award 2021 verliehen.\",\"breadcrumb\":{\"@id\":\"https:\/\/www.m-q.ch\/seghezzi-preis-verliehen\/#breadcrumb\"},\"inLanguage\":\"it-IT\",\"potentialAction\":[{\"@type\":\"ReadAction\",\"target\":[\"https:\/\/www.m-q.ch\/seghezzi-preis-verliehen\/\"]}]},{\"@type\":\"ImageObject\",\"inLanguage\":\"it-IT\",\"@id\":\"https:\/\/www.m-q.ch\/seghezzi-preis-verliehen\/#primaryimage\",\"url\":\"https:\/\/www.m-q.ch\/wp-content\/uploads\/2021\/05\/IMG_3029klein-scaled.jpg\",\"contentUrl\":\"https:\/\/www.m-q.ch\/wp-content\/uploads\/2021\/05\/IMG_3029klein-scaled.jpg\",\"width\":2560,\"height\":1625,\"caption\":\"V.l.n.r.: Jury-Pr\u00e4sidentin Martina Z\u00f6lch, Preisgewinner Philipp Schaber sowie SFAQ-Stiftungsratsmitglied Felix M\u00fcller. \u00a9 Roger Str\u00e4ssle\"},{\"@type\":\"BreadcrumbList\",\"@id\":\"https:\/\/www.m-q.ch\/seghezzi-preis-verliehen\/#breadcrumb\",\"itemListElement\":[{\"@type\":\"ListItem\",\"position\":1,\"name\":\"Qualit\u00e4tsmanagement\",\"item\":\"https:\/\/www.m-q.ch\/kategorie\/qualitaetsmanagement\/\"},{\"@type\":\"ListItem\",\"position\":2,\"name\":\"SFAQ verleiht Seghezzi-Preis\"}]},{\"@type\":\"WebSite\",\"@id\":\"https:\/\/www.m-q.ch\/fr\/#website\",\"url\":\"https:\/\/www.m-q.ch\/fr\/\",\"name\":\"MQ Management und Qualit\u00e4t\",\"description\":\"Plattform f\u00fcr integrierte Managementsysteme.\",\"publisher\":{\"@id\":\"https:\/\/www.m-q.ch\/fr\/#organization\"},\"potentialAction\":[{\"@type\":\"SearchAction\",\"target\":{\"@type\":\"EntryPoint\",\"urlTemplate\":\"https:\/\/www.m-q.ch\/fr\/?s={search_term_string}\"},\"query-input\":{\"@type\":\"PropertyValueSpecification\",\"valueRequired\":true,\"valueName\":\"search_term_string\"}}],\"inLanguage\":\"it-IT\"},{\"@type\":\"Organization\",\"@id\":\"https:\/\/www.m-q.ch\/fr\/#organization\",\"name\":\"Galledia Fachmedien AG\",\"url\":\"https:\/\/www.m-q.ch\/fr\/\",\"logo\":{\"@type\":\"ImageObject\",\"inLanguage\":\"it-IT\",\"@id\":\"https:\/\/www.m-q.ch\/fr\/#\/schema\/logo\/image\/\",\"url\":\"https:\/\/www.m-q.ch\/wp-content\/uploads\/2020\/12\/cropped-logo_small.png\",\"contentUrl\":\"https:\/\/www.m-q.ch\/wp-content\/uploads\/2020\/12\/cropped-logo_small.png\",\"width\":512,\"height\":512,\"caption\":\"Galledia Fachmedien AG\"},\"image\":{\"@id\":\"https:\/\/www.m-q.ch\/fr\/#\/schema\/logo\/image\/\"},\"sameAs\":[\"https:\/\/www.facebook.com\/ManagementUndQualitaet\",\"https:\/\/www.linkedin.com\/showcase\/17982321\/admin\/\"]},{\"@type\":\"Person\",\"@id\":\"https:\/\/www.m-q.ch\/fr\/#\/schema\/person\/47d540e081acd98ccbeb69b55df653d7\",\"name\":\"Roger Str\u00e4ssle\",\"image\":{\"@type\":\"ImageObject\",\"inLanguage\":\"it-IT\",\"@id\":\"https:\/\/www.m-q.ch\/fr\/#\/schema\/person\/image\/\",\"url\":\"https:\/\/secure.gravatar.com\/avatar\/e4dde3046d8a184d2e2d27651a418883?s=96&d=mm&r=g\",\"contentUrl\":\"https:\/\/secure.gravatar.com\/avatar\/e4dde3046d8a184d2e2d27651a418883?s=96&d=mm&r=g\",\"caption\":\"Roger Str\u00e4ssle\"},\"url\":\"https:\/\/www.m-q.ch\/it\/author\/roger-straessle\/\"}]}<\/script>\n<!-- \/ Yoast SEO plugin. -->","yoast_head_json":{"title":"SFAQ assegna il Premio Seghezzi - MQ Gestione e Qualit\u00e0","description":"La SFAQ (Fondazione svizzera per la qualit\u00e0 della ricerca e dell'educazione) ha assegnato il Premio Seghezzi 2021.","robots":{"index":"index","follow":"follow","max-snippet":"max-snippet:-1","max-image-preview":"max-image-preview:large","max-video-preview":"max-video-preview:-1"},"canonical":"https:\/\/www.m-q.ch\/it\/assegnato-il-premio-seghezzi\/","og_locale":"it_IT","og_type":"article","og_title":"SFAQ verleiht Seghezzi-Preis - MQ Management und Qualit\u00e4t","og_description":"Die SFAQ (Schweizerischen Stiftung f\u00fcr Forschung und Ausbildung Qualit\u00e4t) hat den Seghezzi-Award 2021 verliehen.","og_url":"https:\/\/www.m-q.ch\/it\/assegnato-il-premio-seghezzi\/","og_site_name":"MQ Management und Qualit\u00e4t","article_publisher":"https:\/\/www.facebook.com\/ManagementUndQualitaet","article_published_time":"2021-05-04T16:00:09+00:00","article_modified_time":"2021-05-11T16:30:40+00:00","og_image":[{"width":2560,"height":1625,"url":"https:\/\/www.m-q.ch\/wp-content\/uploads\/2021\/05\/IMG_3029klein-scaled.jpg","type":"image\/jpeg"}],"author":"Roger Str\u00e4ssle","twitter_card":"summary_large_image","twitter_misc":{"Scritto da":"Roger Str\u00e4ssle","Tempo di lettura stimato":"3 minuti"},"schema":{"@context":"https:\/\/schema.org","@graph":[{"@type":"Article","@id":"https:\/\/www.m-q.ch\/seghezzi-preis-verliehen\/#article","isPartOf":{"@id":"https:\/\/www.m-q.ch\/seghezzi-preis-verliehen\/"},"author":{"name":"Roger Str\u00e4ssle","@id":"https:\/\/www.m-q.ch\/fr\/#\/schema\/person\/47d540e081acd98ccbeb69b55df653d7"},"headline":"SFAQ verleiht Seghezzi-Preis","datePublished":"2021-05-04T16:00:09+00:00","dateModified":"2021-05-11T16:30:40+00:00","mainEntityOfPage":{"@id":"https:\/\/www.m-q.ch\/seghezzi-preis-verliehen\/"},"wordCount":691,"publisher":{"@id":"https:\/\/www.m-q.ch\/fr\/#organization"},"image":{"@id":"https:\/\/www.m-q.ch\/seghezzi-preis-verliehen\/#primaryimage"},"thumbnailUrl":"https:\/\/www.m-q.ch\/wp-content\/uploads\/2021\/05\/IMG_3029klein-scaled.jpg","keywords":["\u00abUsing deep learning to detect assembly errors\u00bb","SAW","Schweizerischen Stiftung f\u00fcr Forschung und Ausbildung Qualit\u00e4t","SFFAQ"],"articleSection":["Qualit\u00e4tsmanagement"],"inLanguage":"it-IT"},{"@type":"WebPage","@id":"https:\/\/www.m-q.ch\/seghezzi-preis-verliehen\/","url":"https:\/\/www.m-q.ch\/seghezzi-preis-verliehen\/","name":"SFAQ assegna il Premio Seghezzi - MQ Gestione e Qualit\u00e0","isPartOf":{"@id":"https:\/\/www.m-q.ch\/fr\/#website"},"primaryImageOfPage":{"@id":"https:\/\/www.m-q.ch\/seghezzi-preis-verliehen\/#primaryimage"},"image":{"@id":"https:\/\/www.m-q.ch\/seghezzi-preis-verliehen\/#primaryimage"},"thumbnailUrl":"https:\/\/www.m-q.ch\/wp-content\/uploads\/2021\/05\/IMG_3029klein-scaled.jpg","datePublished":"2021-05-04T16:00:09+00:00","dateModified":"2021-05-11T16:30:40+00:00","description":"La SFAQ (Fondazione svizzera per la qualit\u00e0 della ricerca e dell'educazione) ha assegnato il Premio Seghezzi 2021.","breadcrumb":{"@id":"https:\/\/www.m-q.ch\/seghezzi-preis-verliehen\/#breadcrumb"},"inLanguage":"it-IT","potentialAction":[{"@type":"ReadAction","target":["https:\/\/www.m-q.ch\/seghezzi-preis-verliehen\/"]}]},{"@type":"ImageObject","inLanguage":"it-IT","@id":"https:\/\/www.m-q.ch\/seghezzi-preis-verliehen\/#primaryimage","url":"https:\/\/www.m-q.ch\/wp-content\/uploads\/2021\/05\/IMG_3029klein-scaled.jpg","contentUrl":"https:\/\/www.m-q.ch\/wp-content\/uploads\/2021\/05\/IMG_3029klein-scaled.jpg","width":2560,"height":1625,"caption":"V.l.n.r.: Jury-Pr\u00e4sidentin Martina Z\u00f6lch, Preisgewinner Philipp Schaber sowie SFAQ-Stiftungsratsmitglied Felix M\u00fcller. \u00a9 Roger Str\u00e4ssle"},{"@type":"BreadcrumbList","@id":"https:\/\/www.m-q.ch\/seghezzi-preis-verliehen\/#breadcrumb","itemListElement":[{"@type":"ListItem","position":1,"name":"Qualit\u00e4tsmanagement","item":"https:\/\/www.m-q.ch\/kategorie\/qualitaetsmanagement\/"},{"@type":"ListItem","position":2,"name":"SFAQ verleiht Seghezzi-Preis"}]},{"@type":"WebSite","@id":"https:\/\/www.m-q.ch\/fr\/#website","url":"https:\/\/www.m-q.ch\/fr\/","name":"Gestione e qualit\u00e0 MQ","description":"Piattaforma per sistemi di gestione integrati.","publisher":{"@id":"https:\/\/www.m-q.ch\/fr\/#organization"},"potentialAction":[{"@type":"SearchAction","target":{"@type":"EntryPoint","urlTemplate":"https:\/\/www.m-q.ch\/fr\/?s={search_term_string}"},"query-input":{"@type":"PropertyValueSpecification","valueRequired":true,"valueName":"search_term_string"}}],"inLanguage":"it-IT"},{"@type":"Organization","@id":"https:\/\/www.m-q.ch\/fr\/#organization","name":"Galledia Fachmedien AG","url":"https:\/\/www.m-q.ch\/fr\/","logo":{"@type":"ImageObject","inLanguage":"it-IT","@id":"https:\/\/www.m-q.ch\/fr\/#\/schema\/logo\/image\/","url":"https:\/\/www.m-q.ch\/wp-content\/uploads\/2020\/12\/cropped-logo_small.png","contentUrl":"https:\/\/www.m-q.ch\/wp-content\/uploads\/2020\/12\/cropped-logo_small.png","width":512,"height":512,"caption":"Galledia Fachmedien AG"},"image":{"@id":"https:\/\/www.m-q.ch\/fr\/#\/schema\/logo\/image\/"},"sameAs":["https:\/\/www.facebook.com\/ManagementUndQualitaet","https:\/\/www.linkedin.com\/showcase\/17982321\/admin\/"]},{"@type":"Person","@id":"https:\/\/www.m-q.ch\/fr\/#\/schema\/person\/47d540e081acd98ccbeb69b55df653d7","name":"Roger Str\u00e4ssle","image":{"@type":"ImageObject","inLanguage":"it-IT","@id":"https:\/\/www.m-q.ch\/fr\/#\/schema\/person\/image\/","url":"https:\/\/secure.gravatar.com\/avatar\/e4dde3046d8a184d2e2d27651a418883?s=96&d=mm&r=g","contentUrl":"https:\/\/secure.gravatar.com\/avatar\/e4dde3046d8a184d2e2d27651a418883?s=96&d=mm&r=g","caption":"Roger Str\u00e4ssle"},"url":"https:\/\/www.m-q.ch\/it\/author\/roger-straessle\/"}]}},"_links":{"self":[{"href":"https:\/\/www.m-q.ch\/it\/wp-json\/wp\/v2\/posts\/14231","targetHints":{"allow":["GET"]}}],"collection":[{"href":"https:\/\/www.m-q.ch\/it\/wp-json\/wp\/v2\/posts"}],"about":[{"href":"https:\/\/www.m-q.ch\/it\/wp-json\/wp\/v2\/types\/post"}],"author":[{"embeddable":true,"href":"https:\/\/www.m-q.ch\/it\/wp-json\/wp\/v2\/users\/35"}],"replies":[{"embeddable":true,"href":"https:\/\/www.m-q.ch\/it\/wp-json\/wp\/v2\/comments?post=14231"}],"version-history":[{"count":16,"href":"https:\/\/www.m-q.ch\/it\/wp-json\/wp\/v2\/posts\/14231\/revisions"}],"predecessor-version":[{"id":14298,"href":"https:\/\/www.m-q.ch\/it\/wp-json\/wp\/v2\/posts\/14231\/revisions\/14298"}],"wp:featuredmedia":[{"embeddable":true,"href":"https:\/\/www.m-q.ch\/it\/wp-json\/wp\/v2\/media\/14241"}],"wp:attachment":[{"href":"https:\/\/www.m-q.ch\/it\/wp-json\/wp\/v2\/media?parent=14231"}],"wp:term":[{"taxonomy":"category","embeddable":true,"href":"https:\/\/www.m-q.ch\/it\/wp-json\/wp\/v2\/categories?post=14231"},{"taxonomy":"post_tag","embeddable":true,"href":"https:\/\/www.m-q.ch\/it\/wp-json\/wp\/v2\/tags?post=14231"}],"curies":[{"name":"wp","href":"https:\/\/api.w.org\/{rel}","templated":true}]}}