{"id":14429,"date":"2021-06-02T10:40:59","date_gmt":"2021-06-02T08:40:59","guid":{"rendered":"https:\/\/www.m-q.ch\/?p=14429"},"modified":"2021-06-03T14:00:51","modified_gmt":"2021-06-03T12:00:51","slug":"sicurezza-sul-lavoro","status":"publish","type":"post","link":"https:\/\/www.m-q.ch\/it\/arbeitssicherheit\/","title":{"rendered":"La corretta movimentazione dei carichi alleggerisce il budget dell'azienda"},"content":{"rendered":"<figure id=\"attachment_14430\" aria-describedby=\"caption-attachment-14430\" style=\"width: 2520px\" class=\"wp-caption aligncenter\"><img loading=\"lazy\" decoding=\"async\" class=\"wp-image-14430 size-full\" src=\"https:\/\/www.m-q.ch\/wp-content\/uploads\/2021\/05\/Lasten_heben_MM.jpg\" alt=\"Sicurezza sul lavoro, Suva, giorni persi, carichi pesanti\" width=\"2520\" height=\"1418\" srcset=\"https:\/\/www.m-q.ch\/wp-content\/uploads\/2021\/05\/Lasten_heben_MM.jpg 2520w, https:\/\/www.m-q.ch\/wp-content\/uploads\/2021\/05\/Lasten_heben_MM-768x432.jpg 768w, https:\/\/www.m-q.ch\/wp-content\/uploads\/2021\/05\/Lasten_heben_MM-1536x864.jpg 1536w, https:\/\/www.m-q.ch\/wp-content\/uploads\/2021\/05\/Lasten_heben_MM-2048x1152.jpg 2048w, https:\/\/www.m-q.ch\/wp-content\/uploads\/2021\/05\/Lasten_heben_MM-16x9.jpg 16w, https:\/\/www.m-q.ch\/wp-content\/uploads\/2021\/05\/Lasten_heben_MM-311x175.jpg 311w, https:\/\/www.m-q.ch\/wp-content\/uploads\/2021\/05\/Lasten_heben_MM-622x350.jpg 622w, https:\/\/www.m-q.ch\/wp-content\/uploads\/2021\/05\/Lasten_heben_MM-1422x800.jpg 1422w, https:\/\/www.m-q.ch\/wp-content\/uploads\/2021\/05\/Lasten_heben_MM-920x518.jpg 920w, https:\/\/www.m-q.ch\/wp-content\/uploads\/2021\/05\/Lasten_heben_MM-1400x788.jpg 1400w, https:\/\/www.m-q.ch\/wp-content\/uploads\/2021\/05\/Lasten_heben_MM-300x169.jpg 300w\" sizes=\"auto, (max-width: 2520px) 100vw, 2520px\" \/><figcaption id=\"caption-attachment-14430\" class=\"wp-caption-text\">Usare gli ausili, la sicurezza sul lavoro prima di tutto. \u00a9 Suva<\/figcaption><\/figure>\n<p>Chiunque trasporti carichi pesanti in modo scorretto e senza aiuti sta danneggiando il proprio corpo. \"I sovraccarichi fisici possono portare a tendiniti, segni di usura come l'osteoartrite o problemi alla schiena. In casi estremi, questi disturbi alla schiena si manifestano sotto forma di slittamento del disco\", spiega Christian M\u00fcller, esperto di ergonomia alla Suva.<\/p>\n<h3>I giorni persi costano una fortuna<\/h3>\n<p>Oltre alla sofferenza fisica, i costi sono elevati perch\u00e9 i lavoratori feriti sono assenti dal lavoro. Le statistiche mostrano che 670.000 dipendenti soffrono di disturbi muscoloscheletrici legati al lavoro e sono assenti dal lavoro per una media di tre giorni lavorativi all'anno come risultato. La Suva calcola che ogni giorno di assenza costa circa 1'000 franchi, portando il costo totale a pi\u00f9 di 2 miliardi di franchi, il che grava sul sistema sanitario, sulle aziende e su tutto il mondo del lavoro svizzero.<strong>\u00a0<\/strong><\/p>\n<h3><strong>Risparmiare tempo con gli strumenti<\/strong><\/h3>\n<p>L'uso di ausili permette di ridurre in modo sostenibile gli incidenti, i sovraccarichi e in definitiva i disturbi fisici. I benefici vanno oltre, per\u00f2, perch\u00e9 i dispositivi di assistenza possono anche far risparmiare tempo. \"Un addetto alla consegna dei pacchi che usa ausili adeguati sul lavoro protegge il suo sistema muscolo-scheletrico e risparmia molta energia. Questo gli permette di mantenere il suo ritmo di lavoro fino alla fine di una lunga giornata lavorativa\", dice M\u00fcller.<\/p>\n<p>Gli aiuti sono numerosi e il loro uso differisce a seconda dell'oggetto da trasportare e del luogo di utilizzo. Quando si trasferiscono i pacchi, ci sono vari strumenti che possono facilitare la giornata lavorativa. Se i pacchi sono impilati su pallet quando si preparano le consegne, l'uso di un sollevatore a forbice permette di sollevare i pacchi all'altezza della vita, il che allevia enormemente la schiena. Per i pacchi particolarmente pesanti, si possono usare ausili di sollevamento come i sollevatori a vuoto. Se la consegna al cliente \u00e8 possibile attraverso punti di accesso piatti, si possono usare carrelli o camion a sacco. Gli scalatori sono un rimedio per le scale. Inoltre, una cinghia di trasporto pu\u00f2 essere utile per i pacchi pi\u00f9 piccoli.<\/p>\n<p>Oltre all'uso di ausili, \u00e8 importante progettare la pianificazione dei percorsi e il carico dei veicoli in modo tale che ogni pacco sia spostato solo minimamente e in modo ottimale solo durante la consegna stessa. Anche qui si pu\u00f2 risparmiare tempo ed energia.<\/p>\n<h3><strong>Guadagno d'immagine grazie alla professionalit\u00e0<\/strong><\/h3>\n<p>Ultimo ma non meno importante, la gestione professionale dei carichi paga anche per l'immagine dell'azienda. Dopo tutto, quale cliente \u00e8 felice quando deve aprire la porta a un fattorino sudato e stressato? Un'azienda che equipaggia i suoi dipendenti in modo professionale emana anche fiducia nel cliente che la merce ordinata arriver\u00e0 alla sede del cliente senza incidenti o danni di trasporto.<\/p>\n<p><em>Ulteriori informazioni:<\/em><\/p>\n<ul>\n<li><em><a href=\"https:\/\/www.suva.ch\/de-CH\/material\/Factsheets\/clever-mit-lasten-umgehen\">Gestione intelligente dei carichi: Usate gli aiuti - ne vale la pena!\u00a0<\/a>\u00a0<\/em><\/li>\n<li><em><a href=\"https:\/\/www.suva.ch\/de-ch\/praevention\/sachthemen\/koerperliche-belastungen\">Ergonomia e stress fisico\u00a0<\/a>\u00a0<\/em><\/li>\n<li><a href=\"https:\/\/www.suva.ch\/de-CH\/material\/Kurs-Veranstaltung\/anmeldung-stas-schweizerische-tagung-fuer-arbeitssicherheit\"><em>Conferenza svizzera per la sicurezza sul lavoro (STAS) del 30 settembre 2021\u00a0<\/em><\/a>\u00a0<\/li>\n<\/ul>\n<p><em>Fonte: Suva<\/em><\/p>\n<p>&nbsp;<\/p>\n<p><em><strong>Altri argomenti:<\/strong>\u00a0<a href=\"https:\/\/www.m-q.ch\/it\/molte-direttive-un-obiettivo-meno-implausibile\/\">Molte direttive - un solo obiettivo: meno incidenti<\/a><\/em><\/p>","protected":false},"excerpt":{"rendered":"<p>Wer schwere Lasten falsch und ohne Hilfsmittel transportiert, schadet seinem K\u00f6rper. \u00abK\u00f6rperliche \u00dcberlastungen k\u00f6nnen Sehnenentz\u00fcndungen, Abn\u00fctzungserscheinungen wie beispielsweise Arthrose oder zu R\u00fcckenbeschwerden f\u00fchren. In Extremfall \u00e4ussern sich diese R\u00fcckenbeschwerden mit einem Bandscheibenvorfall\u00bb, erkl\u00e4rt Christian M\u00fcller, Experte f\u00fcr Ergonomie bei der Suva. Ausfalltage kosten ein Verm\u00f6gen Abgesehen von k\u00f6rperlichem Leid, entstehen hohe Kosten, weil die verletzten [&hellip;]<\/p>\n","protected":false},"author":35,"featured_media":14430,"comment_status":"closed","ping_status":"closed","sticky":false,"template":"","format":"standard","meta":{"_acf_changed":false,"footnotes":""},"categories":[4],"tags":[3348,4995,4996,4997,4998],"class_list":["post-14429","post","type-post","status-publish","format-standard","has-post-thumbnail","hentry","category-risikomanagement","tag-arbeitssicherheit","tag-ausfalltage","tag-schwere-lasten","tag-treppenhilfe","tag-treppensteiger"],"acf":[],"yoast_head":"<!-- This site is optimized with the Yoast SEO plugin v26.2 - https:\/\/yoast.com\/wordpress\/plugins\/seo\/ -->\n<title>Korrekter Umgang mit Lasten entlastet das Firmenbudget - MQ Management und Qualit\u00e4t<\/title>\n<meta name=\"description\" content=\"Arbeitssicherheit geht vor, auch beim Heben, Tragen usw. von Lasten, denn das kann zu Beschwerden am Bewegungsapparat f\u00fchren.\" \/>\n<meta name=\"robots\" content=\"index, follow, max-snippet:-1, max-image-preview:large, max-video-preview:-1\" \/>\n<link rel=\"canonical\" href=\"https:\/\/www.m-q.ch\/it\/sicurezza-sul-lavoro\/\" \/>\n<meta property=\"og:locale\" content=\"it_IT\" \/>\n<meta property=\"og:type\" content=\"article\" \/>\n<meta property=\"og:title\" content=\"Korrekter Umgang mit Lasten entlastet das Firmenbudget - MQ Management und Qualit\u00e4t\" \/>\n<meta property=\"og:description\" content=\"Arbeitssicherheit geht vor, auch beim Heben, Tragen usw. von Lasten, denn das kann zu Beschwerden am Bewegungsapparat f\u00fchren.\" \/>\n<meta property=\"og:url\" content=\"https:\/\/www.m-q.ch\/it\/sicurezza-sul-lavoro\/\" \/>\n<meta property=\"og:site_name\" content=\"MQ Management und Qualit\u00e4t\" \/>\n<meta property=\"article:publisher\" content=\"https:\/\/www.facebook.com\/ManagementUndQualitaet\" \/>\n<meta property=\"article:published_time\" content=\"2021-06-02T08:40:59+00:00\" \/>\n<meta property=\"article:modified_time\" content=\"2021-06-03T12:00:51+00:00\" \/>\n<meta property=\"og:image\" content=\"https:\/\/www.m-q.ch\/wp-content\/uploads\/2021\/05\/Lasten_heben_MM.jpg\" \/>\n\t<meta property=\"og:image:width\" content=\"2520\" \/>\n\t<meta property=\"og:image:height\" content=\"1418\" \/>\n\t<meta property=\"og:image:type\" content=\"image\/jpeg\" \/>\n<meta name=\"author\" content=\"Roger Str\u00e4ssle\" \/>\n<meta name=\"twitter:card\" content=\"summary_large_image\" \/>\n<meta name=\"twitter:label1\" content=\"Scritto da\" \/>\n\t<meta name=\"twitter:data1\" content=\"Roger Str\u00e4ssle\" \/>\n\t<meta name=\"twitter:label2\" content=\"Tempo di lettura stimato\" \/>\n\t<meta name=\"twitter:data2\" content=\"2 minuti\" \/>\n<script type=\"application\/ld+json\" class=\"yoast-schema-graph\">{\"@context\":\"https:\/\/schema.org\",\"@graph\":[{\"@type\":\"Article\",\"@id\":\"https:\/\/www.m-q.ch\/arbeitssicherheit\/#article\",\"isPartOf\":{\"@id\":\"https:\/\/www.m-q.ch\/arbeitssicherheit\/\"},\"author\":{\"name\":\"Roger Str\u00e4ssle\",\"@id\":\"https:\/\/www.m-q.ch\/fr\/#\/schema\/person\/47d540e081acd98ccbeb69b55df653d7\"},\"headline\":\"Korrekter Umgang mit Lasten entlastet das Firmenbudget\",\"datePublished\":\"2021-06-02T08:40:59+00:00\",\"dateModified\":\"2021-06-03T12:00:51+00:00\",\"mainEntityOfPage\":{\"@id\":\"https:\/\/www.m-q.ch\/arbeitssicherheit\/\"},\"wordCount\":459,\"publisher\":{\"@id\":\"https:\/\/www.m-q.ch\/fr\/#organization\"},\"image\":{\"@id\":\"https:\/\/www.m-q.ch\/arbeitssicherheit\/#primaryimage\"},\"thumbnailUrl\":\"https:\/\/www.m-q.ch\/wp-content\/uploads\/2021\/05\/Lasten_heben_MM.jpg\",\"keywords\":[\"Arbeitssicherheit\",\"Ausfalltage\",\"schwere Lasten\",\"Treppenhilfe\",\"Treppensteiger\"],\"articleSection\":[\"Risikomanagement\"],\"inLanguage\":\"it-IT\"},{\"@type\":\"WebPage\",\"@id\":\"https:\/\/www.m-q.ch\/arbeitssicherheit\/\",\"url\":\"https:\/\/www.m-q.ch\/arbeitssicherheit\/\",\"name\":\"Korrekter Umgang mit Lasten entlastet das Firmenbudget - MQ Management und Qualit\u00e4t\",\"isPartOf\":{\"@id\":\"https:\/\/www.m-q.ch\/fr\/#website\"},\"primaryImageOfPage\":{\"@id\":\"https:\/\/www.m-q.ch\/arbeitssicherheit\/#primaryimage\"},\"image\":{\"@id\":\"https:\/\/www.m-q.ch\/arbeitssicherheit\/#primaryimage\"},\"thumbnailUrl\":\"https:\/\/www.m-q.ch\/wp-content\/uploads\/2021\/05\/Lasten_heben_MM.jpg\",\"datePublished\":\"2021-06-02T08:40:59+00:00\",\"dateModified\":\"2021-06-03T12:00:51+00:00\",\"description\":\"Arbeitssicherheit geht vor, auch beim Heben, Tragen usw. von Lasten, denn das kann zu Beschwerden am Bewegungsapparat f\u00fchren.\",\"breadcrumb\":{\"@id\":\"https:\/\/www.m-q.ch\/arbeitssicherheit\/#breadcrumb\"},\"inLanguage\":\"it-IT\",\"potentialAction\":[{\"@type\":\"ReadAction\",\"target\":[\"https:\/\/www.m-q.ch\/arbeitssicherheit\/\"]}]},{\"@type\":\"ImageObject\",\"inLanguage\":\"it-IT\",\"@id\":\"https:\/\/www.m-q.ch\/arbeitssicherheit\/#primaryimage\",\"url\":\"https:\/\/www.m-q.ch\/wp-content\/uploads\/2021\/05\/Lasten_heben_MM.jpg\",\"contentUrl\":\"https:\/\/www.m-q.ch\/wp-content\/uploads\/2021\/05\/Lasten_heben_MM.jpg\",\"width\":2520,\"height\":1418,\"caption\":\"\u00a9 Suva\"},{\"@type\":\"BreadcrumbList\",\"@id\":\"https:\/\/www.m-q.ch\/arbeitssicherheit\/#breadcrumb\",\"itemListElement\":[{\"@type\":\"ListItem\",\"position\":1,\"name\":\"Risikomanagement\",\"item\":\"https:\/\/www.m-q.ch\/kategorie\/risikomanagement\/\"},{\"@type\":\"ListItem\",\"position\":2,\"name\":\"Korrekter Umgang mit Lasten entlastet das Firmenbudget\"}]},{\"@type\":\"WebSite\",\"@id\":\"https:\/\/www.m-q.ch\/fr\/#website\",\"url\":\"https:\/\/www.m-q.ch\/fr\/\",\"name\":\"MQ Management und Qualit\u00e4t\",\"description\":\"Plattform f\u00fcr integrierte Managementsysteme.\",\"publisher\":{\"@id\":\"https:\/\/www.m-q.ch\/fr\/#organization\"},\"potentialAction\":[{\"@type\":\"SearchAction\",\"target\":{\"@type\":\"EntryPoint\",\"urlTemplate\":\"https:\/\/www.m-q.ch\/fr\/?s={search_term_string}\"},\"query-input\":{\"@type\":\"PropertyValueSpecification\",\"valueRequired\":true,\"valueName\":\"search_term_string\"}}],\"inLanguage\":\"it-IT\"},{\"@type\":\"Organization\",\"@id\":\"https:\/\/www.m-q.ch\/fr\/#organization\",\"name\":\"Galledia Fachmedien AG\",\"url\":\"https:\/\/www.m-q.ch\/fr\/\",\"logo\":{\"@type\":\"ImageObject\",\"inLanguage\":\"it-IT\",\"@id\":\"https:\/\/www.m-q.ch\/fr\/#\/schema\/logo\/image\/\",\"url\":\"https:\/\/www.m-q.ch\/wp-content\/uploads\/2020\/12\/cropped-logo_small.png\",\"contentUrl\":\"https:\/\/www.m-q.ch\/wp-content\/uploads\/2020\/12\/cropped-logo_small.png\",\"width\":512,\"height\":512,\"caption\":\"Galledia Fachmedien AG\"},\"image\":{\"@id\":\"https:\/\/www.m-q.ch\/fr\/#\/schema\/logo\/image\/\"},\"sameAs\":[\"https:\/\/www.facebook.com\/ManagementUndQualitaet\",\"https:\/\/www.linkedin.com\/showcase\/17982321\/admin\/\"]},{\"@type\":\"Person\",\"@id\":\"https:\/\/www.m-q.ch\/fr\/#\/schema\/person\/47d540e081acd98ccbeb69b55df653d7\",\"name\":\"Roger Str\u00e4ssle\",\"image\":{\"@type\":\"ImageObject\",\"inLanguage\":\"it-IT\",\"@id\":\"https:\/\/www.m-q.ch\/fr\/#\/schema\/person\/image\/\",\"url\":\"https:\/\/secure.gravatar.com\/avatar\/e4dde3046d8a184d2e2d27651a418883?s=96&d=mm&r=g\",\"contentUrl\":\"https:\/\/secure.gravatar.com\/avatar\/e4dde3046d8a184d2e2d27651a418883?s=96&d=mm&r=g\",\"caption\":\"Roger Str\u00e4ssle\"},\"url\":\"https:\/\/www.m-q.ch\/it\/author\/roger-straessle\/\"}]}<\/script>\n<!-- \/ Yoast SEO plugin. -->","yoast_head_json":{"title":"La corretta gestione dei carichi alleggerisce il bilancio dell'azienda - MQ Management und Qualit\u00e4t","description":"La sicurezza sul lavoro viene prima di tutto, anche quando si sollevano, si trasportano carichi ecc. perch\u00e9 questo pu\u00f2 portare a disturbi muscoloscheletrici.","robots":{"index":"index","follow":"follow","max-snippet":"max-snippet:-1","max-image-preview":"max-image-preview:large","max-video-preview":"max-video-preview:-1"},"canonical":"https:\/\/www.m-q.ch\/it\/sicurezza-sul-lavoro\/","og_locale":"it_IT","og_type":"article","og_title":"Korrekter Umgang mit Lasten entlastet das Firmenbudget - MQ Management und Qualit\u00e4t","og_description":"Arbeitssicherheit geht vor, auch beim Heben, Tragen usw. von Lasten, denn das kann zu Beschwerden am Bewegungsapparat f\u00fchren.","og_url":"https:\/\/www.m-q.ch\/it\/sicurezza-sul-lavoro\/","og_site_name":"MQ Management und Qualit\u00e4t","article_publisher":"https:\/\/www.facebook.com\/ManagementUndQualitaet","article_published_time":"2021-06-02T08:40:59+00:00","article_modified_time":"2021-06-03T12:00:51+00:00","og_image":[{"width":2520,"height":1418,"url":"https:\/\/www.m-q.ch\/wp-content\/uploads\/2021\/05\/Lasten_heben_MM.jpg","type":"image\/jpeg"}],"author":"Roger Str\u00e4ssle","twitter_card":"summary_large_image","twitter_misc":{"Scritto da":"Roger Str\u00e4ssle","Tempo di lettura stimato":"2 minuti"},"schema":{"@context":"https:\/\/schema.org","@graph":[{"@type":"Article","@id":"https:\/\/www.m-q.ch\/arbeitssicherheit\/#article","isPartOf":{"@id":"https:\/\/www.m-q.ch\/arbeitssicherheit\/"},"author":{"name":"Roger Str\u00e4ssle","@id":"https:\/\/www.m-q.ch\/fr\/#\/schema\/person\/47d540e081acd98ccbeb69b55df653d7"},"headline":"Korrekter Umgang mit Lasten entlastet das Firmenbudget","datePublished":"2021-06-02T08:40:59+00:00","dateModified":"2021-06-03T12:00:51+00:00","mainEntityOfPage":{"@id":"https:\/\/www.m-q.ch\/arbeitssicherheit\/"},"wordCount":459,"publisher":{"@id":"https:\/\/www.m-q.ch\/fr\/#organization"},"image":{"@id":"https:\/\/www.m-q.ch\/arbeitssicherheit\/#primaryimage"},"thumbnailUrl":"https:\/\/www.m-q.ch\/wp-content\/uploads\/2021\/05\/Lasten_heben_MM.jpg","keywords":["Arbeitssicherheit","Ausfalltage","schwere Lasten","Treppenhilfe","Treppensteiger"],"articleSection":["Risikomanagement"],"inLanguage":"it-IT"},{"@type":"WebPage","@id":"https:\/\/www.m-q.ch\/arbeitssicherheit\/","url":"https:\/\/www.m-q.ch\/arbeitssicherheit\/","name":"La corretta gestione dei carichi alleggerisce il bilancio dell'azienda - MQ Management und Qualit\u00e4t","isPartOf":{"@id":"https:\/\/www.m-q.ch\/fr\/#website"},"primaryImageOfPage":{"@id":"https:\/\/www.m-q.ch\/arbeitssicherheit\/#primaryimage"},"image":{"@id":"https:\/\/www.m-q.ch\/arbeitssicherheit\/#primaryimage"},"thumbnailUrl":"https:\/\/www.m-q.ch\/wp-content\/uploads\/2021\/05\/Lasten_heben_MM.jpg","datePublished":"2021-06-02T08:40:59+00:00","dateModified":"2021-06-03T12:00:51+00:00","description":"La sicurezza sul lavoro viene prima di tutto, anche quando si sollevano, si trasportano carichi ecc. perch\u00e9 questo pu\u00f2 portare a disturbi muscoloscheletrici.","breadcrumb":{"@id":"https:\/\/www.m-q.ch\/arbeitssicherheit\/#breadcrumb"},"inLanguage":"it-IT","potentialAction":[{"@type":"ReadAction","target":["https:\/\/www.m-q.ch\/arbeitssicherheit\/"]}]},{"@type":"ImageObject","inLanguage":"it-IT","@id":"https:\/\/www.m-q.ch\/arbeitssicherheit\/#primaryimage","url":"https:\/\/www.m-q.ch\/wp-content\/uploads\/2021\/05\/Lasten_heben_MM.jpg","contentUrl":"https:\/\/www.m-q.ch\/wp-content\/uploads\/2021\/05\/Lasten_heben_MM.jpg","width":2520,"height":1418,"caption":"\u00a9 Suva"},{"@type":"BreadcrumbList","@id":"https:\/\/www.m-q.ch\/arbeitssicherheit\/#breadcrumb","itemListElement":[{"@type":"ListItem","position":1,"name":"Risikomanagement","item":"https:\/\/www.m-q.ch\/kategorie\/risikomanagement\/"},{"@type":"ListItem","position":2,"name":"Korrekter Umgang mit Lasten entlastet das Firmenbudget"}]},{"@type":"WebSite","@id":"https:\/\/www.m-q.ch\/fr\/#website","url":"https:\/\/www.m-q.ch\/fr\/","name":"Gestione e qualit\u00e0 MQ","description":"Piattaforma per sistemi di gestione integrati.","publisher":{"@id":"https:\/\/www.m-q.ch\/fr\/#organization"},"potentialAction":[{"@type":"SearchAction","target":{"@type":"EntryPoint","urlTemplate":"https:\/\/www.m-q.ch\/fr\/?s={search_term_string}"},"query-input":{"@type":"PropertyValueSpecification","valueRequired":true,"valueName":"search_term_string"}}],"inLanguage":"it-IT"},{"@type":"Organization","@id":"https:\/\/www.m-q.ch\/fr\/#organization","name":"Galledia Fachmedien AG","url":"https:\/\/www.m-q.ch\/fr\/","logo":{"@type":"ImageObject","inLanguage":"it-IT","@id":"https:\/\/www.m-q.ch\/fr\/#\/schema\/logo\/image\/","url":"https:\/\/www.m-q.ch\/wp-content\/uploads\/2020\/12\/cropped-logo_small.png","contentUrl":"https:\/\/www.m-q.ch\/wp-content\/uploads\/2020\/12\/cropped-logo_small.png","width":512,"height":512,"caption":"Galledia Fachmedien AG"},"image":{"@id":"https:\/\/www.m-q.ch\/fr\/#\/schema\/logo\/image\/"},"sameAs":["https:\/\/www.facebook.com\/ManagementUndQualitaet","https:\/\/www.linkedin.com\/showcase\/17982321\/admin\/"]},{"@type":"Person","@id":"https:\/\/www.m-q.ch\/fr\/#\/schema\/person\/47d540e081acd98ccbeb69b55df653d7","name":"Roger Str\u00e4ssle","image":{"@type":"ImageObject","inLanguage":"it-IT","@id":"https:\/\/www.m-q.ch\/fr\/#\/schema\/person\/image\/","url":"https:\/\/secure.gravatar.com\/avatar\/e4dde3046d8a184d2e2d27651a418883?s=96&d=mm&r=g","contentUrl":"https:\/\/secure.gravatar.com\/avatar\/e4dde3046d8a184d2e2d27651a418883?s=96&d=mm&r=g","caption":"Roger Str\u00e4ssle"},"url":"https:\/\/www.m-q.ch\/it\/author\/roger-straessle\/"}]}},"_links":{"self":[{"href":"https:\/\/www.m-q.ch\/it\/wp-json\/wp\/v2\/posts\/14429","targetHints":{"allow":["GET"]}}],"collection":[{"href":"https:\/\/www.m-q.ch\/it\/wp-json\/wp\/v2\/posts"}],"about":[{"href":"https:\/\/www.m-q.ch\/it\/wp-json\/wp\/v2\/types\/post"}],"author":[{"embeddable":true,"href":"https:\/\/www.m-q.ch\/it\/wp-json\/wp\/v2\/users\/35"}],"replies":[{"embeddable":true,"href":"https:\/\/www.m-q.ch\/it\/wp-json\/wp\/v2\/comments?post=14429"}],"version-history":[{"count":4,"href":"https:\/\/www.m-q.ch\/it\/wp-json\/wp\/v2\/posts\/14429\/revisions"}],"predecessor-version":[{"id":14434,"href":"https:\/\/www.m-q.ch\/it\/wp-json\/wp\/v2\/posts\/14429\/revisions\/14434"}],"wp:featuredmedia":[{"embeddable":true,"href":"https:\/\/www.m-q.ch\/it\/wp-json\/wp\/v2\/media\/14430"}],"wp:attachment":[{"href":"https:\/\/www.m-q.ch\/it\/wp-json\/wp\/v2\/media?parent=14429"}],"wp:term":[{"taxonomy":"category","embeddable":true,"href":"https:\/\/www.m-q.ch\/it\/wp-json\/wp\/v2\/categories?post=14429"},{"taxonomy":"post_tag","embeddable":true,"href":"https:\/\/www.m-q.ch\/it\/wp-json\/wp\/v2\/tags?post=14429"}],"curies":[{"name":"wp","href":"https:\/\/api.w.org\/{rel}","templated":true}]}}