{"id":14602,"date":"2021-06-18T16:28:28","date_gmt":"2021-06-18T14:28:28","guid":{"rendered":"https:\/\/www.m-q.ch\/?p=14602"},"modified":"2021-06-25T08:52:32","modified_gmt":"2021-06-25T06:52:32","slug":"aumentato-il-limite-massimo-di-coronavirus-per-le-pmi-in-difficolta","status":"publish","type":"post","link":"https:\/\/www.m-q.ch\/it\/coronavirus-obergrenze-fuer-notleidende-kmu-erhoeht\/","title":{"rendered":"Coronavirus: aumentato il tetto per le PMI in difficolt\u00e0"},"content":{"rendered":"<figure id=\"attachment_14603\" aria-describedby=\"caption-attachment-14603\" style=\"width: 999px\" class=\"wp-caption aligncenter\"><img loading=\"lazy\" decoding=\"async\" class=\"size-full wp-image-14603\" src=\"https:\/\/www.m-q.ch\/wp-content\/uploads\/2021\/06\/Depositphotos_4555166_s-2019.jpg\" alt=\"Regime di rigore\" width=\"999\" height=\"733\" srcset=\"https:\/\/www.m-q.ch\/wp-content\/uploads\/2021\/06\/Depositphotos_4555166_s-2019.jpg 999w, https:\/\/www.m-q.ch\/wp-content\/uploads\/2021\/06\/Depositphotos_4555166_s-2019-768x564.jpg 768w, https:\/\/www.m-q.ch\/wp-content\/uploads\/2021\/06\/Depositphotos_4555166_s-2019-16x12.jpg 16w, https:\/\/www.m-q.ch\/wp-content\/uploads\/2021\/06\/Depositphotos_4555166_s-2019-239x175.jpg 239w, https:\/\/www.m-q.ch\/wp-content\/uploads\/2021\/06\/Depositphotos_4555166_s-2019-477x350.jpg 477w, https:\/\/www.m-q.ch\/wp-content\/uploads\/2021\/06\/Depositphotos_4555166_s-2019-920x675.jpg 920w, https:\/\/www.m-q.ch\/wp-content\/uploads\/2021\/06\/Depositphotos_4555166_s-2019-300x220.jpg 300w\" sizes=\"auto, (max-width: 999px) 100vw, 999px\" \/><figcaption id=\"caption-attachment-14603\" class=\"wp-caption-text\">\u00a9 Depositphotos, jukai5<\/figcaption><\/figure>\n<p>Una parte della strategia di transizione del Consiglio federale prevede che le misure straordinarie di ammortizzazione per le imprese siano gradualmente eliminate e che gli strumenti ordinari e collaudati siano nuovamente utilizzati (normalizzazione). Lo scambio con i cantoni ha dimostrato che l'aiuto d'urgenza attualmente disponibile \u00e8 sufficiente per la maggior parte delle imprese. Tuttavia, i cantoni sottolineano che le singole aziende hanno bisogno di un sostegno supplementare. Le aziende pi\u00f9 colpite sono quelle che hanno gi\u00e0 sofferto la pandemia per molto tempo e stanno raggiungendo i limiti superiori dell'assistenza di rigore, o grandi aziende con strutture speciali.<\/p>\n<h3>Cullare la transizione alla normalit\u00e0<\/h3>\n<p>Dopo aver consultato i cantoni, le parti sociali e le associazioni di categoria nonch\u00e9 le due commissioni economiche, il Consiglio federale ha deciso due ultimi adeguamenti selettivi dell'ordinanza sui casi di rigore per evitare una scadenza improvvisa degli aiuti e per ammortizzare il passaggio alla normalit\u00e0 di queste imprese:<\/p>\n<p><strong><em>Aumentare il soffitto:<\/em><\/strong> Il limite massimo per i contributi A-fund-perdu sar\u00e0 aumentato dal 20 al 30 per cento del fatturato annuo e un massimo di 1,5 milioni di franchi per le aziende con un fatturato annuo fino a 5 milioni di franchi che mostrano un calo del fatturato di oltre il 70 per cento. Cos\u00ec, analogamente alle imprese con un fatturato annuo di pi\u00f9 di 5 milioni di franchi, viene creata una \"regola del caso di rigore\" anche per le imprese pi\u00f9 piccole.<\/p>\n<p><strong><em>Assegnazione della riserva federale:<\/em><\/strong> In base all'articolo 12 capoverso 2 della legge sulla coabitazione 19, il Consiglio federale pu\u00f2 versare contributi supplementari alle misure di rigore cantonali per i cantoni particolarmente colpiti, senza che i cantoni contribuiscano finanziariamente a tali contributi. Un miliardo di franchi \u00e8 stato riservato per questa cosiddetta \"riserva del Consiglio federale\". Il Consiglio federale ha deciso di assegnare una prima tranche di 300 milioni ai cantoni in modo che possano tenere conto delle esigenze specifiche delle imprese del loro cantone. Nell'utilizzare questi contributi supplementari della Confederazione, i Cantoni possono derogare a singole disposizioni dell'ordinanza sui casi di rigore. In particolare, hanno un maggiore margine di manovra nel determinare i limiti massimi e la valutazione dell'assistenza. Inoltre, hanno la possibilit\u00e0 di utilizzare i contributi federali aggiuntivi per finanziare i pagamenti anticipati effettuati tra il 1\u00b0 marzo 2020 e il 25 settembre 2020. Allo stesso modo, possono sostenere le aziende che hanno gi\u00e0 ricevuto assistenza finanziaria Covid 19 specifica per l'industria. Tuttavia, questo \u00e8 solo il caso se l'assistenza finanziaria precedente era inferiore a un sussidio di rigore secondo la legge precedente. Viene lasciato ai cantoni il compito di decidere come utilizzare i contributi aggiuntivi nell'ambito dell'attuale quadro giuridico. \u00a0<\/p>\n<p>L'introduzione della \"regola dei casi di rigore\" per le piccole imprese con un fatturato annuo fino a 5 milioni di franchi dovrebbe comportare una spesa supplementare di non pi\u00f9 di 500 milioni di franchi. Questo importo, cos\u00ec come l'assegnazione dei 300 milioni di franchi della riserva del Consiglio federale, pu\u00f2 essere finanziato dai crediti esistenti e gi\u00e0 approvati. <em>(Comunicato stampa federale)<\/em><\/p>\n<p><em>Le coordinate cantonali e le statistiche di attuazione sono disponibili su <a href=\"https:\/\/covid19.easygov.swiss\/haertefaelle\/\">https:\/\/covid19.easygov.swiss\/haertefaelle\/<\/a> disponibile.<\/em><\/p>\n<p>&nbsp;<\/p>","protected":false},"excerpt":{"rendered":"<p>Zur Transitionsstrategie des Bundesrates geh\u00f6rt, dass die ausserordentlichen Abfederungsmassnahmen f\u00fcr Unternehmen schrittweise auslaufen und die ordentlichen und bew\u00e4hrten Instrumente wieder zur Anwendung kommen sollen (Normalisierung). Der Austausch mit den Kantonen hat gezeigt, dass die heute zur Verf\u00fcgung stehenden H\u00e4rtefallhilfen f\u00fcr den Grossteil der Unternehmen ausreichend sind. Die Kantone weisen jedoch darauf hin, dass einzelne Unternehmen [&hellip;]<\/p>\n","protected":false},"author":35,"featured_media":14603,"comment_status":"closed","ping_status":"closed","sticky":false,"template":"","format":"standard","meta":{"_acf_changed":false,"footnotes":""},"categories":[4448],"tags":[5025,4625],"class_list":["post-14602","post","type-post","status-publish","format-standard","has-post-thumbnail","hentry","category-allgemein","tag-haertefall-im-haertefall-regel","tag-haertefallregelung"],"acf":[],"yoast_head":"<!-- This site is optimized with the Yoast SEO plugin v26.2 - https:\/\/yoast.com\/wordpress\/plugins\/seo\/ -->\n<title>Coronavirus: Obergrenze f\u00fcr notleidende KMU erh\u00f6ht - MQ Management und Qualit\u00e4t<\/title>\n<meta name=\"description\" content=\"Der Bundesrat hat punktuelle Anpassungen an der H\u00e4rtefallverordnung beschlossen, um stark betroffenen Unternehmen h\u00f6here Unterst\u00fctzungen zuzusprechen.\" \/>\n<meta name=\"robots\" content=\"index, follow, max-snippet:-1, max-image-preview:large, max-video-preview:-1\" \/>\n<link rel=\"canonical\" href=\"https:\/\/www.m-q.ch\/it\/aumentato-il-limite-massimo-di-coronavirus-per-le-pmi-in-difficolta\/\" \/>\n<meta property=\"og:locale\" content=\"it_IT\" \/>\n<meta property=\"og:type\" content=\"article\" \/>\n<meta property=\"og:title\" content=\"Coronavirus: Obergrenze f\u00fcr notleidende KMU erh\u00f6ht - MQ Management und Qualit\u00e4t\" \/>\n<meta property=\"og:description\" content=\"Der Bundesrat hat punktuelle Anpassungen an der H\u00e4rtefallverordnung beschlossen, um stark betroffenen Unternehmen h\u00f6here Unterst\u00fctzungen zuzusprechen.\" \/>\n<meta property=\"og:url\" content=\"https:\/\/www.m-q.ch\/it\/aumentato-il-limite-massimo-di-coronavirus-per-le-pmi-in-difficolta\/\" \/>\n<meta property=\"og:site_name\" content=\"MQ Management und Qualit\u00e4t\" \/>\n<meta property=\"article:publisher\" content=\"https:\/\/www.facebook.com\/ManagementUndQualitaet\" \/>\n<meta property=\"article:published_time\" content=\"2021-06-18T14:28:28+00:00\" \/>\n<meta property=\"article:modified_time\" content=\"2021-06-25T06:52:32+00:00\" \/>\n<meta property=\"og:image\" content=\"https:\/\/www.m-q.ch\/wp-content\/uploads\/2021\/06\/Depositphotos_4555166_s-2019.jpg\" \/>\n\t<meta property=\"og:image:width\" content=\"999\" \/>\n\t<meta property=\"og:image:height\" content=\"733\" \/>\n\t<meta property=\"og:image:type\" content=\"image\/jpeg\" \/>\n<meta name=\"author\" content=\"Roger Str\u00e4ssle\" \/>\n<meta name=\"twitter:card\" content=\"summary_large_image\" \/>\n<meta name=\"twitter:label1\" content=\"Scritto da\" \/>\n\t<meta name=\"twitter:data1\" content=\"Roger Str\u00e4ssle\" \/>\n\t<meta name=\"twitter:label2\" content=\"Tempo di lettura stimato\" \/>\n\t<meta name=\"twitter:data2\" content=\"2 minuti\" \/>\n<script type=\"application\/ld+json\" class=\"yoast-schema-graph\">{\"@context\":\"https:\/\/schema.org\",\"@graph\":[{\"@type\":\"Article\",\"@id\":\"https:\/\/www.m-q.ch\/coronavirus-obergrenze-fuer-notleidende-kmu-erhoeht\/#article\",\"isPartOf\":{\"@id\":\"https:\/\/www.m-q.ch\/coronavirus-obergrenze-fuer-notleidende-kmu-erhoeht\/\"},\"author\":{\"name\":\"Roger Str\u00e4ssle\",\"@id\":\"https:\/\/www.m-q.ch\/fr\/#\/schema\/person\/47d540e081acd98ccbeb69b55df653d7\"},\"headline\":\"Coronavirus: Obergrenze f\u00fcr notleidende KMU erh\u00f6ht\",\"datePublished\":\"2021-06-18T14:28:28+00:00\",\"dateModified\":\"2021-06-25T06:52:32+00:00\",\"mainEntityOfPage\":{\"@id\":\"https:\/\/www.m-q.ch\/coronavirus-obergrenze-fuer-notleidende-kmu-erhoeht\/\"},\"wordCount\":477,\"publisher\":{\"@id\":\"https:\/\/www.m-q.ch\/fr\/#organization\"},\"image\":{\"@id\":\"https:\/\/www.m-q.ch\/coronavirus-obergrenze-fuer-notleidende-kmu-erhoeht\/#primaryimage\"},\"thumbnailUrl\":\"https:\/\/www.m-q.ch\/wp-content\/uploads\/2021\/06\/Depositphotos_4555166_s-2019.jpg\",\"keywords\":[\"H\u00e4rtefall-im-H\u00e4rtefall-Regel\",\"H\u00e4rtefallregelung\"],\"articleSection\":[\"Allgemein\"],\"inLanguage\":\"it-IT\"},{\"@type\":\"WebPage\",\"@id\":\"https:\/\/www.m-q.ch\/coronavirus-obergrenze-fuer-notleidende-kmu-erhoeht\/\",\"url\":\"https:\/\/www.m-q.ch\/coronavirus-obergrenze-fuer-notleidende-kmu-erhoeht\/\",\"name\":\"Coronavirus: Obergrenze f\u00fcr notleidende KMU erh\u00f6ht - MQ Management und Qualit\u00e4t\",\"isPartOf\":{\"@id\":\"https:\/\/www.m-q.ch\/fr\/#website\"},\"primaryImageOfPage\":{\"@id\":\"https:\/\/www.m-q.ch\/coronavirus-obergrenze-fuer-notleidende-kmu-erhoeht\/#primaryimage\"},\"image\":{\"@id\":\"https:\/\/www.m-q.ch\/coronavirus-obergrenze-fuer-notleidende-kmu-erhoeht\/#primaryimage\"},\"thumbnailUrl\":\"https:\/\/www.m-q.ch\/wp-content\/uploads\/2021\/06\/Depositphotos_4555166_s-2019.jpg\",\"datePublished\":\"2021-06-18T14:28:28+00:00\",\"dateModified\":\"2021-06-25T06:52:32+00:00\",\"description\":\"Der Bundesrat hat punktuelle Anpassungen an der H\u00e4rtefallverordnung beschlossen, um stark betroffenen Unternehmen h\u00f6here Unterst\u00fctzungen zuzusprechen.\",\"breadcrumb\":{\"@id\":\"https:\/\/www.m-q.ch\/coronavirus-obergrenze-fuer-notleidende-kmu-erhoeht\/#breadcrumb\"},\"inLanguage\":\"it-IT\",\"potentialAction\":[{\"@type\":\"ReadAction\",\"target\":[\"https:\/\/www.m-q.ch\/coronavirus-obergrenze-fuer-notleidende-kmu-erhoeht\/\"]}]},{\"@type\":\"ImageObject\",\"inLanguage\":\"it-IT\",\"@id\":\"https:\/\/www.m-q.ch\/coronavirus-obergrenze-fuer-notleidende-kmu-erhoeht\/#primaryimage\",\"url\":\"https:\/\/www.m-q.ch\/wp-content\/uploads\/2021\/06\/Depositphotos_4555166_s-2019.jpg\",\"contentUrl\":\"https:\/\/www.m-q.ch\/wp-content\/uploads\/2021\/06\/Depositphotos_4555166_s-2019.jpg\",\"width\":999,\"height\":733,\"caption\":\"\u00a9 Depositphotos, jukai5\"},{\"@type\":\"BreadcrumbList\",\"@id\":\"https:\/\/www.m-q.ch\/coronavirus-obergrenze-fuer-notleidende-kmu-erhoeht\/#breadcrumb\",\"itemListElement\":[{\"@type\":\"ListItem\",\"position\":1,\"name\":\"Allgemein\",\"item\":\"https:\/\/www.m-q.ch\/kategorie\/allgemein\/\"},{\"@type\":\"ListItem\",\"position\":2,\"name\":\"Coronavirus: Obergrenze f\u00fcr notleidende KMU erh\u00f6ht\"}]},{\"@type\":\"WebSite\",\"@id\":\"https:\/\/www.m-q.ch\/fr\/#website\",\"url\":\"https:\/\/www.m-q.ch\/fr\/\",\"name\":\"MQ Management und Qualit\u00e4t\",\"description\":\"Plattform f\u00fcr integrierte Managementsysteme.\",\"publisher\":{\"@id\":\"https:\/\/www.m-q.ch\/fr\/#organization\"},\"potentialAction\":[{\"@type\":\"SearchAction\",\"target\":{\"@type\":\"EntryPoint\",\"urlTemplate\":\"https:\/\/www.m-q.ch\/fr\/?s={search_term_string}\"},\"query-input\":{\"@type\":\"PropertyValueSpecification\",\"valueRequired\":true,\"valueName\":\"search_term_string\"}}],\"inLanguage\":\"it-IT\"},{\"@type\":\"Organization\",\"@id\":\"https:\/\/www.m-q.ch\/fr\/#organization\",\"name\":\"Galledia Fachmedien AG\",\"url\":\"https:\/\/www.m-q.ch\/fr\/\",\"logo\":{\"@type\":\"ImageObject\",\"inLanguage\":\"it-IT\",\"@id\":\"https:\/\/www.m-q.ch\/fr\/#\/schema\/logo\/image\/\",\"url\":\"https:\/\/www.m-q.ch\/wp-content\/uploads\/2020\/12\/cropped-logo_small.png\",\"contentUrl\":\"https:\/\/www.m-q.ch\/wp-content\/uploads\/2020\/12\/cropped-logo_small.png\",\"width\":512,\"height\":512,\"caption\":\"Galledia Fachmedien AG\"},\"image\":{\"@id\":\"https:\/\/www.m-q.ch\/fr\/#\/schema\/logo\/image\/\"},\"sameAs\":[\"https:\/\/www.facebook.com\/ManagementUndQualitaet\",\"https:\/\/www.linkedin.com\/showcase\/17982321\/admin\/\"]},{\"@type\":\"Person\",\"@id\":\"https:\/\/www.m-q.ch\/fr\/#\/schema\/person\/47d540e081acd98ccbeb69b55df653d7\",\"name\":\"Roger Str\u00e4ssle\",\"image\":{\"@type\":\"ImageObject\",\"inLanguage\":\"it-IT\",\"@id\":\"https:\/\/www.m-q.ch\/fr\/#\/schema\/person\/image\/\",\"url\":\"https:\/\/secure.gravatar.com\/avatar\/e4dde3046d8a184d2e2d27651a418883?s=96&d=mm&r=g\",\"contentUrl\":\"https:\/\/secure.gravatar.com\/avatar\/e4dde3046d8a184d2e2d27651a418883?s=96&d=mm&r=g\",\"caption\":\"Roger Str\u00e4ssle\"},\"url\":\"https:\/\/www.m-q.ch\/it\/author\/roger-straessle\/\"}]}<\/script>\n<!-- \/ Yoast SEO plugin. -->","yoast_head_json":{"title":"Coronavirus: aumentato il tetto per le PMI in difficolt\u00e0 - MQ Management und Qualit\u00e4t","description":"Il Consiglio federale ha deciso di fare degli aggiustamenti selettivi all'ordinanza di rigore per concedere un sostegno maggiore alle imprese gravemente colpite.","robots":{"index":"index","follow":"follow","max-snippet":"max-snippet:-1","max-image-preview":"max-image-preview:large","max-video-preview":"max-video-preview:-1"},"canonical":"https:\/\/www.m-q.ch\/it\/aumentato-il-limite-massimo-di-coronavirus-per-le-pmi-in-difficolta\/","og_locale":"it_IT","og_type":"article","og_title":"Coronavirus: Obergrenze f\u00fcr notleidende KMU erh\u00f6ht - MQ Management und Qualit\u00e4t","og_description":"Der Bundesrat hat punktuelle Anpassungen an der H\u00e4rtefallverordnung beschlossen, um stark betroffenen Unternehmen h\u00f6here Unterst\u00fctzungen zuzusprechen.","og_url":"https:\/\/www.m-q.ch\/it\/aumentato-il-limite-massimo-di-coronavirus-per-le-pmi-in-difficolta\/","og_site_name":"MQ Management und Qualit\u00e4t","article_publisher":"https:\/\/www.facebook.com\/ManagementUndQualitaet","article_published_time":"2021-06-18T14:28:28+00:00","article_modified_time":"2021-06-25T06:52:32+00:00","og_image":[{"width":999,"height":733,"url":"https:\/\/www.m-q.ch\/wp-content\/uploads\/2021\/06\/Depositphotos_4555166_s-2019.jpg","type":"image\/jpeg"}],"author":"Roger Str\u00e4ssle","twitter_card":"summary_large_image","twitter_misc":{"Scritto da":"Roger Str\u00e4ssle","Tempo di lettura stimato":"2 minuti"},"schema":{"@context":"https:\/\/schema.org","@graph":[{"@type":"Article","@id":"https:\/\/www.m-q.ch\/coronavirus-obergrenze-fuer-notleidende-kmu-erhoeht\/#article","isPartOf":{"@id":"https:\/\/www.m-q.ch\/coronavirus-obergrenze-fuer-notleidende-kmu-erhoeht\/"},"author":{"name":"Roger Str\u00e4ssle","@id":"https:\/\/www.m-q.ch\/fr\/#\/schema\/person\/47d540e081acd98ccbeb69b55df653d7"},"headline":"Coronavirus: Obergrenze f\u00fcr notleidende KMU erh\u00f6ht","datePublished":"2021-06-18T14:28:28+00:00","dateModified":"2021-06-25T06:52:32+00:00","mainEntityOfPage":{"@id":"https:\/\/www.m-q.ch\/coronavirus-obergrenze-fuer-notleidende-kmu-erhoeht\/"},"wordCount":477,"publisher":{"@id":"https:\/\/www.m-q.ch\/fr\/#organization"},"image":{"@id":"https:\/\/www.m-q.ch\/coronavirus-obergrenze-fuer-notleidende-kmu-erhoeht\/#primaryimage"},"thumbnailUrl":"https:\/\/www.m-q.ch\/wp-content\/uploads\/2021\/06\/Depositphotos_4555166_s-2019.jpg","keywords":["H\u00e4rtefall-im-H\u00e4rtefall-Regel","H\u00e4rtefallregelung"],"articleSection":["Allgemein"],"inLanguage":"it-IT"},{"@type":"WebPage","@id":"https:\/\/www.m-q.ch\/coronavirus-obergrenze-fuer-notleidende-kmu-erhoeht\/","url":"https:\/\/www.m-q.ch\/coronavirus-obergrenze-fuer-notleidende-kmu-erhoeht\/","name":"Coronavirus: aumentato il tetto per le PMI in difficolt\u00e0 - MQ Management und Qualit\u00e4t","isPartOf":{"@id":"https:\/\/www.m-q.ch\/fr\/#website"},"primaryImageOfPage":{"@id":"https:\/\/www.m-q.ch\/coronavirus-obergrenze-fuer-notleidende-kmu-erhoeht\/#primaryimage"},"image":{"@id":"https:\/\/www.m-q.ch\/coronavirus-obergrenze-fuer-notleidende-kmu-erhoeht\/#primaryimage"},"thumbnailUrl":"https:\/\/www.m-q.ch\/wp-content\/uploads\/2021\/06\/Depositphotos_4555166_s-2019.jpg","datePublished":"2021-06-18T14:28:28+00:00","dateModified":"2021-06-25T06:52:32+00:00","description":"Il Consiglio federale ha deciso di fare degli aggiustamenti selettivi all'ordinanza di rigore per concedere un sostegno maggiore alle imprese gravemente colpite.","breadcrumb":{"@id":"https:\/\/www.m-q.ch\/coronavirus-obergrenze-fuer-notleidende-kmu-erhoeht\/#breadcrumb"},"inLanguage":"it-IT","potentialAction":[{"@type":"ReadAction","target":["https:\/\/www.m-q.ch\/coronavirus-obergrenze-fuer-notleidende-kmu-erhoeht\/"]}]},{"@type":"ImageObject","inLanguage":"it-IT","@id":"https:\/\/www.m-q.ch\/coronavirus-obergrenze-fuer-notleidende-kmu-erhoeht\/#primaryimage","url":"https:\/\/www.m-q.ch\/wp-content\/uploads\/2021\/06\/Depositphotos_4555166_s-2019.jpg","contentUrl":"https:\/\/www.m-q.ch\/wp-content\/uploads\/2021\/06\/Depositphotos_4555166_s-2019.jpg","width":999,"height":733,"caption":"\u00a9 Depositphotos, jukai5"},{"@type":"BreadcrumbList","@id":"https:\/\/www.m-q.ch\/coronavirus-obergrenze-fuer-notleidende-kmu-erhoeht\/#breadcrumb","itemListElement":[{"@type":"ListItem","position":1,"name":"Allgemein","item":"https:\/\/www.m-q.ch\/kategorie\/allgemein\/"},{"@type":"ListItem","position":2,"name":"Coronavirus: Obergrenze f\u00fcr notleidende KMU erh\u00f6ht"}]},{"@type":"WebSite","@id":"https:\/\/www.m-q.ch\/fr\/#website","url":"https:\/\/www.m-q.ch\/fr\/","name":"Gestione e qualit\u00e0 MQ","description":"Piattaforma per sistemi di gestione integrati.","publisher":{"@id":"https:\/\/www.m-q.ch\/fr\/#organization"},"potentialAction":[{"@type":"SearchAction","target":{"@type":"EntryPoint","urlTemplate":"https:\/\/www.m-q.ch\/fr\/?s={search_term_string}"},"query-input":{"@type":"PropertyValueSpecification","valueRequired":true,"valueName":"search_term_string"}}],"inLanguage":"it-IT"},{"@type":"Organization","@id":"https:\/\/www.m-q.ch\/fr\/#organization","name":"Galledia Fachmedien AG","url":"https:\/\/www.m-q.ch\/fr\/","logo":{"@type":"ImageObject","inLanguage":"it-IT","@id":"https:\/\/www.m-q.ch\/fr\/#\/schema\/logo\/image\/","url":"https:\/\/www.m-q.ch\/wp-content\/uploads\/2020\/12\/cropped-logo_small.png","contentUrl":"https:\/\/www.m-q.ch\/wp-content\/uploads\/2020\/12\/cropped-logo_small.png","width":512,"height":512,"caption":"Galledia Fachmedien AG"},"image":{"@id":"https:\/\/www.m-q.ch\/fr\/#\/schema\/logo\/image\/"},"sameAs":["https:\/\/www.facebook.com\/ManagementUndQualitaet","https:\/\/www.linkedin.com\/showcase\/17982321\/admin\/"]},{"@type":"Person","@id":"https:\/\/www.m-q.ch\/fr\/#\/schema\/person\/47d540e081acd98ccbeb69b55df653d7","name":"Roger Str\u00e4ssle","image":{"@type":"ImageObject","inLanguage":"it-IT","@id":"https:\/\/www.m-q.ch\/fr\/#\/schema\/person\/image\/","url":"https:\/\/secure.gravatar.com\/avatar\/e4dde3046d8a184d2e2d27651a418883?s=96&d=mm&r=g","contentUrl":"https:\/\/secure.gravatar.com\/avatar\/e4dde3046d8a184d2e2d27651a418883?s=96&d=mm&r=g","caption":"Roger Str\u00e4ssle"},"url":"https:\/\/www.m-q.ch\/it\/author\/roger-straessle\/"}]}},"_links":{"self":[{"href":"https:\/\/www.m-q.ch\/it\/wp-json\/wp\/v2\/posts\/14602","targetHints":{"allow":["GET"]}}],"collection":[{"href":"https:\/\/www.m-q.ch\/it\/wp-json\/wp\/v2\/posts"}],"about":[{"href":"https:\/\/www.m-q.ch\/it\/wp-json\/wp\/v2\/types\/post"}],"author":[{"embeddable":true,"href":"https:\/\/www.m-q.ch\/it\/wp-json\/wp\/v2\/users\/35"}],"replies":[{"embeddable":true,"href":"https:\/\/www.m-q.ch\/it\/wp-json\/wp\/v2\/comments?post=14602"}],"version-history":[{"count":1,"href":"https:\/\/www.m-q.ch\/it\/wp-json\/wp\/v2\/posts\/14602\/revisions"}],"predecessor-version":[{"id":14604,"href":"https:\/\/www.m-q.ch\/it\/wp-json\/wp\/v2\/posts\/14602\/revisions\/14604"}],"wp:featuredmedia":[{"embeddable":true,"href":"https:\/\/www.m-q.ch\/it\/wp-json\/wp\/v2\/media\/14603"}],"wp:attachment":[{"href":"https:\/\/www.m-q.ch\/it\/wp-json\/wp\/v2\/media?parent=14602"}],"wp:term":[{"taxonomy":"category","embeddable":true,"href":"https:\/\/www.m-q.ch\/it\/wp-json\/wp\/v2\/categories?post=14602"},{"taxonomy":"post_tag","embeddable":true,"href":"https:\/\/www.m-q.ch\/it\/wp-json\/wp\/v2\/tags?post=14602"}],"curies":[{"name":"wp","href":"https:\/\/api.w.org\/{rel}","templated":true}]}}