{"id":14678,"date":"2021-07-02T07:30:02","date_gmt":"2021-07-02T05:30:02","guid":{"rendered":"https:\/\/www.m-q.ch\/?p=14678"},"modified":"2021-07-12T14:52:37","modified_gmt":"2021-07-12T12:52:37","slug":"le-pmi-svizzere-dellexport-vogliono-decollare","status":"publish","type":"post","link":"https:\/\/www.m-q.ch\/it\/export-schweizer-kmu-wollen-durchstarten\/","title":{"rendered":"Esportazioni: le PMI svizzere vogliono decollare"},"content":{"rendered":"<figure id=\"attachment_14680\" aria-describedby=\"caption-attachment-14680\" style=\"width: 999px\" class=\"wp-caption aligncenter\"><img loading=\"lazy\" decoding=\"async\" class=\"size-full wp-image-14680\" src=\"https:\/\/www.m-q.ch\/wp-content\/uploads\/2021\/07\/Depositphotos_51877207_s-2019.jpg\" alt=\"Economia di esportazione\" width=\"999\" height=\"667\" srcset=\"https:\/\/www.m-q.ch\/wp-content\/uploads\/2021\/07\/Depositphotos_51877207_s-2019.jpg 999w, https:\/\/www.m-q.ch\/wp-content\/uploads\/2021\/07\/Depositphotos_51877207_s-2019-768x513.jpg 768w, https:\/\/www.m-q.ch\/wp-content\/uploads\/2021\/07\/Depositphotos_51877207_s-2019-16x12.jpg 16w, https:\/\/www.m-q.ch\/wp-content\/uploads\/2021\/07\/Depositphotos_51877207_s-2019-262x175.jpg 262w, https:\/\/www.m-q.ch\/wp-content\/uploads\/2021\/07\/Depositphotos_51877207_s-2019-524x350.jpg 524w, https:\/\/www.m-q.ch\/wp-content\/uploads\/2021\/07\/Depositphotos_51877207_s-2019-920x614.jpg 920w, https:\/\/www.m-q.ch\/wp-content\/uploads\/2021\/07\/Depositphotos_51877207_s-2019-300x200.jpg 300w\" sizes=\"auto, (max-width: 999px) 100vw, 999px\" \/><figcaption id=\"caption-attachment-14680\" class=\"wp-caption-text\">\u00a9 Depositphotos, ake1150sb<\/figcaption><\/figure>\n<p><span style=\"font-size: 10.5pt; font-family: 'Arial',sans-serif; color: #44535e;\">L'industria svizzera delle esportazioni sta andando verso un boom delle esportazioni. Dopo che gi\u00e0 all'inizio dell'anno la maggior parte delle aziende si aspettava uno sviluppo positivo, la tendenza si \u00e8 consolidata: il 67% di tutte le PMI svizzere prevede anche per il 2\u00b0 semestre del 2021 un aumento delle esportazioni, secondo <span style=\"font-family: 'Arial',sans-serif;\">Svizzera Impresa Globale (<a href=\"http:\/\/www.s-ge.com\/de\">S-GE<\/a>) e Credit Suisse (CS) scrivono<\/span>. Il livello \u00e8 quasi alla pari con gli anni record del 2018 e 2019. Le aziende intervistate si affidano a una vasta gamma di misure per superare la crisi. Il focus \u00e8 sull'apertura di nuovi mercati di vendita - 44% delle PMI stanno pianificando di aprire nuovi mercati di esportazione nella seconda met\u00e0 dell'anno. Le aziende intervistate hanno menzionato pi\u00f9 frequentemente la Cina, la Russia, l'Indonesia, i paesi scandinavi e la Gran Bretagna.<\/span><\/p>\n<h3><strong>Il barometro delle esportazioni CS ha raggiunto un livello record<\/strong><\/h3>\n<p><span style=\"font-size: 10.5pt; font-family: 'Arial',sans-serif; color: #44535e;\">Il barometro delle esportazioni del Credit Suisse ha gi\u00e0 raggiunto il record, secondo i dati. A 3,1 punti, \u00e8 al suo livello pi\u00f9 alto dall'inizio delle registrazioni. Allo stesso tempo, per\u00f2, gli effetti della pandemia stanno diventando evidenti: il 70% delle PMI svizzere ha riportato un calo delle vendite nel loro business internazionale a causa di Corona. I viaggi limitati e l'interruzione delle catene di approvvigionamento sono state le maggiori sfide per la maggior parte delle PMI.<\/span><\/p>\n<p><span style=\"font-size: 10.5pt; font-family: 'Arial',sans-serif; color: #44535e;\">Andreas Gerber, Head of Corporate Clients del Credit Suisse, afferma: \"L'industria mondiale, e quindi anche le PMI svizzere, stanno beneficiando del fatto che i consumatori avevano pi\u00f9 denaro a disposizione per acquistare beni durante la crisi, perch\u00e9 le restrizioni hanno colpito soprattutto il settore dei servizi. Mentre \u00e8 probabile che il boom dell'industria continui, ci aspettiamo che la domanda nel settore dei servizi aumenti significativamente con l'imminente allentamento\".<\/span><\/p>\n<p><span style=\"font-size: 10.5pt; font-family: 'Arial',sans-serif; color: #44535e;\">Alberto Silini<\/span><span style=\"font-size: 10.5pt; font-family: 'Arial',sans-serif; color: #44535e;\">, Head of Consulting di S-GE, afferma: \"Le PMI svizzere vogliono ora decollare a livello internazionale - per rimanere in testa nell'imminente fase di ripresa globale e per attingere a nuovi mercati e quote di mercato. Il nostro consiglio \u00e8 di imparare le lezioni della crisi, sviluppare una strategia internazionale a lungo termine e prepararsi bene per i rispettivi ingressi sul mercato. Perch\u00e9 il nuovo normale dopo la pandemia ha anche molte incertezze economiche e politiche\".<\/span><\/p>\n<p><em><span style=\"font-size: 10.5pt; font-family: 'Arial',sans-serif; color: #44535e;\">Per maggiori informazioni sulle prospettive di esportazione delle PMI per la seconda met\u00e0 del 2021, si prega di consultare la brochure <a href=\"https:\/\/8999a0dd838242fe9dca98e791fe995f.svc.dynamics.com\/t\/t\/7ewQx5ydvKEtYit6P7RvzXtT5rlqh99zSZSQUqjXO4ox\/oAUgbJdhr0oTABTGCDvHqSuGJSScHT5OySarlaGR8WAx\">qui<\/a> o per il download sotto: <a href=\"https:\/\/8999a0dd838242fe9dca98e791fe995f.svc.dynamics.com\/t\/t\/ii0p2heRsFbf8aQnAMu1657Pevxga7VbN4mcbGkCFfEx\/oAUgbJdhr0oTABTGCDvHqSuGJSScHT5OySarlaGR8WAx\">www.s-ge.com\/exportperspektiven<\/a>.<\/span><\/em><\/p>\n<p>&nbsp;<\/p>","protected":false},"excerpt":{"rendered":"<p>Die Schweizer Exportwirtschaft steuert auf einen Exportboom zu. Nachdem bereits Anfang Jahr die Mehrheit der Unternehmen mit einer positiven Entwicklung rechnete, hat sich der Trend gefestigt: 67% aller Schweizer KMU erwarten auch f\u00fcr die 2. Jahresh\u00e4lfte 2021 steigende Exporte, wie Switzerland Global Enterprise (S-GE) und die Credit Suisse (CS) schreiben. Das Niveau erreiche beinahe die [&hellip;]<\/p>\n","protected":false},"author":35,"featured_media":14680,"comment_status":"closed","ping_status":"closed","sticky":false,"template":"","format":"standard","meta":{"_acf_changed":false,"footnotes":""},"categories":[4448],"tags":[5047,5046,5048],"class_list":["post-14678","post","type-post","status-publish","format-standard","has-post-thumbnail","hentry","category-allgemein","tag-exportbarometer","tag-exportwirtschaft","tag-switzerland-global-enterprise"],"acf":[],"yoast_head":"<!-- This site is optimized with the Yoast SEO plugin v26.2 - https:\/\/yoast.com\/wordpress\/plugins\/seo\/ -->\n<title>Export: Schweizer KMU wollen durchstarten - MQ Management und Qualit\u00e4t<\/title>\n<meta name=\"description\" content=\"Gem\u00e4ss aktueller Umfrage von S-GE zur Exportstimmung wollen die KMU in der zweiten Jahresh\u00e4lfte 2021 mit den Exporten durchstarten.\" \/>\n<meta name=\"robots\" content=\"index, follow, max-snippet:-1, max-image-preview:large, max-video-preview:-1\" \/>\n<link rel=\"canonical\" href=\"https:\/\/www.m-q.ch\/it\/le-pmi-svizzere-dellexport-vogliono-decollare\/\" \/>\n<meta property=\"og:locale\" content=\"it_IT\" \/>\n<meta property=\"og:type\" content=\"article\" \/>\n<meta property=\"og:title\" content=\"Export: Schweizer KMU wollen durchstarten - MQ Management und Qualit\u00e4t\" \/>\n<meta property=\"og:description\" content=\"Gem\u00e4ss aktueller Umfrage von S-GE zur Exportstimmung wollen die KMU in der zweiten Jahresh\u00e4lfte 2021 mit den Exporten durchstarten.\" \/>\n<meta property=\"og:url\" content=\"https:\/\/www.m-q.ch\/it\/le-pmi-svizzere-dellexport-vogliono-decollare\/\" \/>\n<meta property=\"og:site_name\" content=\"MQ Management und Qualit\u00e4t\" \/>\n<meta property=\"article:publisher\" content=\"https:\/\/www.facebook.com\/ManagementUndQualitaet\" \/>\n<meta property=\"article:published_time\" content=\"2021-07-02T05:30:02+00:00\" \/>\n<meta property=\"article:modified_time\" content=\"2021-07-12T12:52:37+00:00\" \/>\n<meta property=\"og:image\" content=\"https:\/\/www.m-q.ch\/wp-content\/uploads\/2021\/07\/Depositphotos_51877207_s-2019.jpg\" \/>\n\t<meta property=\"og:image:width\" content=\"999\" \/>\n\t<meta property=\"og:image:height\" content=\"667\" \/>\n\t<meta property=\"og:image:type\" content=\"image\/jpeg\" \/>\n<meta name=\"author\" content=\"Roger Str\u00e4ssle\" \/>\n<meta name=\"twitter:card\" content=\"summary_large_image\" \/>\n<meta name=\"twitter:label1\" content=\"Scritto da\" \/>\n\t<meta name=\"twitter:data1\" content=\"Roger Str\u00e4ssle\" \/>\n\t<meta name=\"twitter:label2\" content=\"Tempo di lettura stimato\" \/>\n\t<meta name=\"twitter:data2\" content=\"2 minuti\" \/>\n<script type=\"application\/ld+json\" class=\"yoast-schema-graph\">{\"@context\":\"https:\/\/schema.org\",\"@graph\":[{\"@type\":\"Article\",\"@id\":\"https:\/\/www.m-q.ch\/export-schweizer-kmu-wollen-durchstarten\/#article\",\"isPartOf\":{\"@id\":\"https:\/\/www.m-q.ch\/export-schweizer-kmu-wollen-durchstarten\/\"},\"author\":{\"name\":\"Roger Str\u00e4ssle\",\"@id\":\"https:\/\/www.m-q.ch\/fr\/#\/schema\/person\/47d540e081acd98ccbeb69b55df653d7\"},\"headline\":\"Export: Schweizer KMU wollen durchstarten\",\"datePublished\":\"2021-07-02T05:30:02+00:00\",\"dateModified\":\"2021-07-12T12:52:37+00:00\",\"mainEntityOfPage\":{\"@id\":\"https:\/\/www.m-q.ch\/export-schweizer-kmu-wollen-durchstarten\/\"},\"wordCount\":371,\"publisher\":{\"@id\":\"https:\/\/www.m-q.ch\/fr\/#organization\"},\"image\":{\"@id\":\"https:\/\/www.m-q.ch\/export-schweizer-kmu-wollen-durchstarten\/#primaryimage\"},\"thumbnailUrl\":\"https:\/\/www.m-q.ch\/wp-content\/uploads\/2021\/07\/Depositphotos_51877207_s-2019.jpg\",\"keywords\":[\"Exportbarometer\",\"Exportwirtschaft\",\"Switzerland Global Enterprise\"],\"articleSection\":[\"Allgemein\"],\"inLanguage\":\"it-IT\"},{\"@type\":\"WebPage\",\"@id\":\"https:\/\/www.m-q.ch\/export-schweizer-kmu-wollen-durchstarten\/\",\"url\":\"https:\/\/www.m-q.ch\/export-schweizer-kmu-wollen-durchstarten\/\",\"name\":\"Export: Schweizer KMU wollen durchstarten - MQ Management und Qualit\u00e4t\",\"isPartOf\":{\"@id\":\"https:\/\/www.m-q.ch\/fr\/#website\"},\"primaryImageOfPage\":{\"@id\":\"https:\/\/www.m-q.ch\/export-schweizer-kmu-wollen-durchstarten\/#primaryimage\"},\"image\":{\"@id\":\"https:\/\/www.m-q.ch\/export-schweizer-kmu-wollen-durchstarten\/#primaryimage\"},\"thumbnailUrl\":\"https:\/\/www.m-q.ch\/wp-content\/uploads\/2021\/07\/Depositphotos_51877207_s-2019.jpg\",\"datePublished\":\"2021-07-02T05:30:02+00:00\",\"dateModified\":\"2021-07-12T12:52:37+00:00\",\"description\":\"Gem\u00e4ss aktueller Umfrage von S-GE zur Exportstimmung wollen die KMU in der zweiten Jahresh\u00e4lfte 2021 mit den Exporten durchstarten.\",\"breadcrumb\":{\"@id\":\"https:\/\/www.m-q.ch\/export-schweizer-kmu-wollen-durchstarten\/#breadcrumb\"},\"inLanguage\":\"it-IT\",\"potentialAction\":[{\"@type\":\"ReadAction\",\"target\":[\"https:\/\/www.m-q.ch\/export-schweizer-kmu-wollen-durchstarten\/\"]}]},{\"@type\":\"ImageObject\",\"inLanguage\":\"it-IT\",\"@id\":\"https:\/\/www.m-q.ch\/export-schweizer-kmu-wollen-durchstarten\/#primaryimage\",\"url\":\"https:\/\/www.m-q.ch\/wp-content\/uploads\/2021\/07\/Depositphotos_51877207_s-2019.jpg\",\"contentUrl\":\"https:\/\/www.m-q.ch\/wp-content\/uploads\/2021\/07\/Depositphotos_51877207_s-2019.jpg\",\"width\":999,\"height\":667,\"caption\":\"\u00a9 Depositphotos, ake1150sb\"},{\"@type\":\"BreadcrumbList\",\"@id\":\"https:\/\/www.m-q.ch\/export-schweizer-kmu-wollen-durchstarten\/#breadcrumb\",\"itemListElement\":[{\"@type\":\"ListItem\",\"position\":1,\"name\":\"Allgemein\",\"item\":\"https:\/\/www.m-q.ch\/kategorie\/allgemein\/\"},{\"@type\":\"ListItem\",\"position\":2,\"name\":\"Export: Schweizer KMU wollen durchstarten\"}]},{\"@type\":\"WebSite\",\"@id\":\"https:\/\/www.m-q.ch\/fr\/#website\",\"url\":\"https:\/\/www.m-q.ch\/fr\/\",\"name\":\"MQ Management und Qualit\u00e4t\",\"description\":\"Plattform f\u00fcr integrierte Managementsysteme.\",\"publisher\":{\"@id\":\"https:\/\/www.m-q.ch\/fr\/#organization\"},\"potentialAction\":[{\"@type\":\"SearchAction\",\"target\":{\"@type\":\"EntryPoint\",\"urlTemplate\":\"https:\/\/www.m-q.ch\/fr\/?s={search_term_string}\"},\"query-input\":{\"@type\":\"PropertyValueSpecification\",\"valueRequired\":true,\"valueName\":\"search_term_string\"}}],\"inLanguage\":\"it-IT\"},{\"@type\":\"Organization\",\"@id\":\"https:\/\/www.m-q.ch\/fr\/#organization\",\"name\":\"Galledia Fachmedien AG\",\"url\":\"https:\/\/www.m-q.ch\/fr\/\",\"logo\":{\"@type\":\"ImageObject\",\"inLanguage\":\"it-IT\",\"@id\":\"https:\/\/www.m-q.ch\/fr\/#\/schema\/logo\/image\/\",\"url\":\"https:\/\/www.m-q.ch\/wp-content\/uploads\/2020\/12\/cropped-logo_small.png\",\"contentUrl\":\"https:\/\/www.m-q.ch\/wp-content\/uploads\/2020\/12\/cropped-logo_small.png\",\"width\":512,\"height\":512,\"caption\":\"Galledia Fachmedien AG\"},\"image\":{\"@id\":\"https:\/\/www.m-q.ch\/fr\/#\/schema\/logo\/image\/\"},\"sameAs\":[\"https:\/\/www.facebook.com\/ManagementUndQualitaet\",\"https:\/\/www.linkedin.com\/showcase\/17982321\/admin\/\"]},{\"@type\":\"Person\",\"@id\":\"https:\/\/www.m-q.ch\/fr\/#\/schema\/person\/47d540e081acd98ccbeb69b55df653d7\",\"name\":\"Roger Str\u00e4ssle\",\"image\":{\"@type\":\"ImageObject\",\"inLanguage\":\"it-IT\",\"@id\":\"https:\/\/www.m-q.ch\/fr\/#\/schema\/person\/image\/\",\"url\":\"https:\/\/secure.gravatar.com\/avatar\/e4dde3046d8a184d2e2d27651a418883?s=96&d=mm&r=g\",\"contentUrl\":\"https:\/\/secure.gravatar.com\/avatar\/e4dde3046d8a184d2e2d27651a418883?s=96&d=mm&r=g\",\"caption\":\"Roger Str\u00e4ssle\"},\"url\":\"https:\/\/www.m-q.ch\/it\/author\/roger-straessle\/\"}]}<\/script>\n<!-- \/ Yoast SEO plugin. -->","yoast_head_json":{"title":"Esportazione: le PMI svizzere vogliono decollare - MQ Management und Qualit\u00e4t","description":"Secondo l'ultimo sondaggio S-GE sul sentimento delle esportazioni, le PMI vogliono decollare con le esportazioni nella seconda met\u00e0 del 2021.","robots":{"index":"index","follow":"follow","max-snippet":"max-snippet:-1","max-image-preview":"max-image-preview:large","max-video-preview":"max-video-preview:-1"},"canonical":"https:\/\/www.m-q.ch\/it\/le-pmi-svizzere-dellexport-vogliono-decollare\/","og_locale":"it_IT","og_type":"article","og_title":"Export: Schweizer KMU wollen durchstarten - MQ Management und Qualit\u00e4t","og_description":"Gem\u00e4ss aktueller Umfrage von S-GE zur Exportstimmung wollen die KMU in der zweiten Jahresh\u00e4lfte 2021 mit den Exporten durchstarten.","og_url":"https:\/\/www.m-q.ch\/it\/le-pmi-svizzere-dellexport-vogliono-decollare\/","og_site_name":"MQ Management und Qualit\u00e4t","article_publisher":"https:\/\/www.facebook.com\/ManagementUndQualitaet","article_published_time":"2021-07-02T05:30:02+00:00","article_modified_time":"2021-07-12T12:52:37+00:00","og_image":[{"width":999,"height":667,"url":"https:\/\/www.m-q.ch\/wp-content\/uploads\/2021\/07\/Depositphotos_51877207_s-2019.jpg","type":"image\/jpeg"}],"author":"Roger Str\u00e4ssle","twitter_card":"summary_large_image","twitter_misc":{"Scritto da":"Roger Str\u00e4ssle","Tempo di lettura stimato":"2 minuti"},"schema":{"@context":"https:\/\/schema.org","@graph":[{"@type":"Article","@id":"https:\/\/www.m-q.ch\/export-schweizer-kmu-wollen-durchstarten\/#article","isPartOf":{"@id":"https:\/\/www.m-q.ch\/export-schweizer-kmu-wollen-durchstarten\/"},"author":{"name":"Roger Str\u00e4ssle","@id":"https:\/\/www.m-q.ch\/fr\/#\/schema\/person\/47d540e081acd98ccbeb69b55df653d7"},"headline":"Export: Schweizer KMU wollen durchstarten","datePublished":"2021-07-02T05:30:02+00:00","dateModified":"2021-07-12T12:52:37+00:00","mainEntityOfPage":{"@id":"https:\/\/www.m-q.ch\/export-schweizer-kmu-wollen-durchstarten\/"},"wordCount":371,"publisher":{"@id":"https:\/\/www.m-q.ch\/fr\/#organization"},"image":{"@id":"https:\/\/www.m-q.ch\/export-schweizer-kmu-wollen-durchstarten\/#primaryimage"},"thumbnailUrl":"https:\/\/www.m-q.ch\/wp-content\/uploads\/2021\/07\/Depositphotos_51877207_s-2019.jpg","keywords":["Exportbarometer","Exportwirtschaft","Switzerland Global Enterprise"],"articleSection":["Allgemein"],"inLanguage":"it-IT"},{"@type":"WebPage","@id":"https:\/\/www.m-q.ch\/export-schweizer-kmu-wollen-durchstarten\/","url":"https:\/\/www.m-q.ch\/export-schweizer-kmu-wollen-durchstarten\/","name":"Esportazione: le PMI svizzere vogliono decollare - MQ Management und Qualit\u00e4t","isPartOf":{"@id":"https:\/\/www.m-q.ch\/fr\/#website"},"primaryImageOfPage":{"@id":"https:\/\/www.m-q.ch\/export-schweizer-kmu-wollen-durchstarten\/#primaryimage"},"image":{"@id":"https:\/\/www.m-q.ch\/export-schweizer-kmu-wollen-durchstarten\/#primaryimage"},"thumbnailUrl":"https:\/\/www.m-q.ch\/wp-content\/uploads\/2021\/07\/Depositphotos_51877207_s-2019.jpg","datePublished":"2021-07-02T05:30:02+00:00","dateModified":"2021-07-12T12:52:37+00:00","description":"Secondo l'ultimo sondaggio S-GE sul sentimento delle esportazioni, le PMI vogliono decollare con le esportazioni nella seconda met\u00e0 del 2021.","breadcrumb":{"@id":"https:\/\/www.m-q.ch\/export-schweizer-kmu-wollen-durchstarten\/#breadcrumb"},"inLanguage":"it-IT","potentialAction":[{"@type":"ReadAction","target":["https:\/\/www.m-q.ch\/export-schweizer-kmu-wollen-durchstarten\/"]}]},{"@type":"ImageObject","inLanguage":"it-IT","@id":"https:\/\/www.m-q.ch\/export-schweizer-kmu-wollen-durchstarten\/#primaryimage","url":"https:\/\/www.m-q.ch\/wp-content\/uploads\/2021\/07\/Depositphotos_51877207_s-2019.jpg","contentUrl":"https:\/\/www.m-q.ch\/wp-content\/uploads\/2021\/07\/Depositphotos_51877207_s-2019.jpg","width":999,"height":667,"caption":"\u00a9 Depositphotos, ake1150sb"},{"@type":"BreadcrumbList","@id":"https:\/\/www.m-q.ch\/export-schweizer-kmu-wollen-durchstarten\/#breadcrumb","itemListElement":[{"@type":"ListItem","position":1,"name":"Allgemein","item":"https:\/\/www.m-q.ch\/kategorie\/allgemein\/"},{"@type":"ListItem","position":2,"name":"Export: Schweizer KMU wollen durchstarten"}]},{"@type":"WebSite","@id":"https:\/\/www.m-q.ch\/fr\/#website","url":"https:\/\/www.m-q.ch\/fr\/","name":"Gestione e qualit\u00e0 MQ","description":"Piattaforma per sistemi di gestione integrati.","publisher":{"@id":"https:\/\/www.m-q.ch\/fr\/#organization"},"potentialAction":[{"@type":"SearchAction","target":{"@type":"EntryPoint","urlTemplate":"https:\/\/www.m-q.ch\/fr\/?s={search_term_string}"},"query-input":{"@type":"PropertyValueSpecification","valueRequired":true,"valueName":"search_term_string"}}],"inLanguage":"it-IT"},{"@type":"Organization","@id":"https:\/\/www.m-q.ch\/fr\/#organization","name":"Galledia Fachmedien AG","url":"https:\/\/www.m-q.ch\/fr\/","logo":{"@type":"ImageObject","inLanguage":"it-IT","@id":"https:\/\/www.m-q.ch\/fr\/#\/schema\/logo\/image\/","url":"https:\/\/www.m-q.ch\/wp-content\/uploads\/2020\/12\/cropped-logo_small.png","contentUrl":"https:\/\/www.m-q.ch\/wp-content\/uploads\/2020\/12\/cropped-logo_small.png","width":512,"height":512,"caption":"Galledia Fachmedien AG"},"image":{"@id":"https:\/\/www.m-q.ch\/fr\/#\/schema\/logo\/image\/"},"sameAs":["https:\/\/www.facebook.com\/ManagementUndQualitaet","https:\/\/www.linkedin.com\/showcase\/17982321\/admin\/"]},{"@type":"Person","@id":"https:\/\/www.m-q.ch\/fr\/#\/schema\/person\/47d540e081acd98ccbeb69b55df653d7","name":"Roger Str\u00e4ssle","image":{"@type":"ImageObject","inLanguage":"it-IT","@id":"https:\/\/www.m-q.ch\/fr\/#\/schema\/person\/image\/","url":"https:\/\/secure.gravatar.com\/avatar\/e4dde3046d8a184d2e2d27651a418883?s=96&d=mm&r=g","contentUrl":"https:\/\/secure.gravatar.com\/avatar\/e4dde3046d8a184d2e2d27651a418883?s=96&d=mm&r=g","caption":"Roger Str\u00e4ssle"},"url":"https:\/\/www.m-q.ch\/it\/author\/roger-straessle\/"}]}},"_links":{"self":[{"href":"https:\/\/www.m-q.ch\/it\/wp-json\/wp\/v2\/posts\/14678","targetHints":{"allow":["GET"]}}],"collection":[{"href":"https:\/\/www.m-q.ch\/it\/wp-json\/wp\/v2\/posts"}],"about":[{"href":"https:\/\/www.m-q.ch\/it\/wp-json\/wp\/v2\/types\/post"}],"author":[{"embeddable":true,"href":"https:\/\/www.m-q.ch\/it\/wp-json\/wp\/v2\/users\/35"}],"replies":[{"embeddable":true,"href":"https:\/\/www.m-q.ch\/it\/wp-json\/wp\/v2\/comments?post=14678"}],"version-history":[{"count":6,"href":"https:\/\/www.m-q.ch\/it\/wp-json\/wp\/v2\/posts\/14678\/revisions"}],"predecessor-version":[{"id":14698,"href":"https:\/\/www.m-q.ch\/it\/wp-json\/wp\/v2\/posts\/14678\/revisions\/14698"}],"wp:featuredmedia":[{"embeddable":true,"href":"https:\/\/www.m-q.ch\/it\/wp-json\/wp\/v2\/media\/14680"}],"wp:attachment":[{"href":"https:\/\/www.m-q.ch\/it\/wp-json\/wp\/v2\/media?parent=14678"}],"wp:term":[{"taxonomy":"category","embeddable":true,"href":"https:\/\/www.m-q.ch\/it\/wp-json\/wp\/v2\/categories?post=14678"},{"taxonomy":"post_tag","embeddable":true,"href":"https:\/\/www.m-q.ch\/it\/wp-json\/wp\/v2\/tags?post=14678"}],"curies":[{"name":"wp","href":"https:\/\/api.w.org\/{rel}","templated":true}]}}