{"id":14850,"date":"2021-08-03T07:35:35","date_gmt":"2021-08-03T05:35:35","guid":{"rendered":"https:\/\/www.m-q.ch\/?p=14850"},"modified":"2021-08-06T16:42:48","modified_gmt":"2021-08-06T14:42:48","slug":"svizzera-piano-etico-in-tre-fasi-per-aiutare-lue","status":"publish","type":"post","link":"https:\/\/www.m-q.ch\/it\/schweiz-eu-dreistufiger-eth-plan-soll-weiterhelfen\/","title":{"rendered":"Svizzera - UE: il piano in tre fasi per i PF dovrebbe aiutare ulteriormente"},"content":{"rendered":"<p>Pi\u00f9 di due mesi dopo la decisione del Consiglio federale di interrompere i negoziati sull'accordo quadro, \u00e8 calato il silenzio sulle future relazioni della Svizzera con l'Unione europea. Nonostante la decisione della Commissione UE di trattare la Svizzera come un paese terzo non associato nei programmi quadro di ricerca e innovazione dell'UE (vedi <a href=\"https:\/\/ethz.ch\/services\/de\/news-und-veranstaltungen\/intern-aktuell\/archiv\/2021\/07\/schweiz-ab-sofort-nicht-assoziierter-drittstaat-bei-horizon-europe.html\">ETH Notizie dal 14.7.2021<\/a>), quasi nessuno sta parlando di come procedere ora.<\/p>\n<p>Questo silenzio estivo viene ora rotto da due ricercatori dell'ETH. In un nuovo contributo alla discussione, il professore dell'ETH Michael Amb\u00fchl e la ricercatrice post-dottorato Daniela Scherer del <a href=\"https:\/\/necom.ethz.ch\/\">Cattedra di negoziazione<\/a> quali opzioni hanno maggiori probabilit\u00e0 di successo dal punto di vista della teoria della negoziazione. \"Abbiamo delineato un piano in tre fasi su come il partenariato tra la Svizzera e l'UE potrebbe svilupparsi dopo la rottura dei negoziati in maggio\", spiega Amb\u00fchl.<\/p>\n<h3><strong>Rafforzare la fiducia attraverso misure unilaterali<\/strong><\/h3>\n<p>Come primo passo, la fiducia reciproca tra la Svizzera e l'UE dovrebbe essere rafforzata attraverso misure unilaterali. Gli autori raccomandano che il Consiglio federale intensifichi innanzitutto gli scambi con Bruxelles e con le capitali europee, come ha gi\u00e0 cominciato a fare.<\/p>\n<p>Inoltre, secondo gli autori, avrebbe senso che il Parlamento liberasse il cosiddetto miliardo di coesione, normalizzasse completamente la libera circolazione delle persone con la Croazia e cooperasse pi\u00f9 strettamente con l'UE nella gestione delle pandemie e nella protezione del clima. In questa fase, ha detto Scherer, si dovrebbe anche fare di tutto \"per garantire che la cooperazione nella ricerca possa di nuovo prendere il posto che le spetta\".<\/p>\n<figure id=\"attachment_14852\" aria-describedby=\"caption-attachment-14852\" style=\"width: 726px\" class=\"wp-caption alignnone\"><img loading=\"lazy\" decoding=\"async\" class=\"size-full wp-image-14852\" src=\"https:\/\/www.m-q.ch\/wp-content\/uploads\/2021\/08\/ETH_Plan.jpg\" alt=\"Piano ETH\" width=\"726\" height=\"894\" srcset=\"https:\/\/www.m-q.ch\/wp-content\/uploads\/2021\/08\/ETH_Plan.jpg 726w, https:\/\/www.m-q.ch\/wp-content\/uploads\/2021\/08\/ETH_Plan-10x12.jpg 10w, https:\/\/www.m-q.ch\/wp-content\/uploads\/2021\/08\/ETH_Plan-142x175.jpg 142w, https:\/\/www.m-q.ch\/wp-content\/uploads\/2021\/08\/ETH_Plan-284x350.jpg 284w, https:\/\/www.m-q.ch\/wp-content\/uploads\/2021\/08\/ETH_Plan-650x800.jpg 650w, https:\/\/www.m-q.ch\/wp-content\/uploads\/2021\/08\/ETH_Plan-300x369.jpg 300w\" sizes=\"auto, (max-width: 726px) 100vw, 726px\" \/><figcaption id=\"caption-attachment-14852\" class=\"wp-caption-text\">Il piano di Scherer e Amb\u00fchl prevede tre fasi per sviluppare ulteriormente la relazione della Svizzera con l'UE.<\/figcaption><\/figure>\n<h3><strong>Chiarire la visione politica europea<\/strong><\/h3>\n<p>Nella seconda fase del piano di Amb\u00fchl e Scherer, il Consiglio federale dovrebbe elaborare una dichiarazione con il pi\u00f9 ampio sostegno politico interno possibile su come vuole modellare il partenariato bilaterale con l'UE in futuro. Questo dovrebbe quindi essere approvato anche dal parlamento svizzero sotto forma di dichiarazione o di risoluzione di pianificazione.<\/p>\n<p>\"La visione politica europea sostenuta dal Parlamento rafforzerebbe la credibilit\u00e0 del Consiglio federale nei confronti dell'UE e spianerebbe la strada per ulteriori negoziati\", ha detto Scherer. Esprimerebbe la volont\u00e0 della Svizzera di negoziare un nuovo accordo istituzionale per il percorso bilaterale come parte di un pacchetto globale, che terrebbe anche in debito conto le caratteristiche speciali della Svizzera come non membro.<strong>\u00a0<\/strong><\/p>\n<h3><strong>Mettere insieme un nuovo pacchetto di negoziazione<\/strong><\/h3>\n<p>Nella terza fase, il piano prevede che la Svizzera riapra i negoziati con l'UE. Per aumentare la portata dei negoziati e facilitare cos\u00ec un equilibrio di interessi tra le due parti, un pacchetto negoziale dovrebbe essere il pi\u00f9 ampio possibile.  Se il \"Umbrella Agreement\" necessario per l'associazione a Horizon Europe non \u00e8 ancora stato negoziato per allora, questo dovrebbe essere fatto qui al pi\u00f9 tardi.<\/p>\n<p>Tuttavia, una componente centrale di questo pacchetto globale a cinque aree, che gli autori chiamano Bilaterale III, rimane soprattutto la rinegoziazione di una base istituzionale per selezionati accordi di accesso al mercato esistenti e futuri, oltre all'adattamento degli accordi esistenti, la garanzia di nuovi accordi, un aumento del contributo di coesione e l'istituzionalizzazione di un dialogo regolare a livello ministeriale. Secondo gli autori, tuttavia, questa base dovrebbe differire dal progetto di accordo quadro in un certo numero di punti.<\/p>\n<h3><strong>Acquisizione legale senza super ghigliottina<\/strong><\/h3>\n<p>In questo contesto, Amb\u00fchl e Scherer raccomandano alla Svizzera di insistere fin dall'inizio su eccezioni, i cosiddetti opt-out, nell'adozione dinamica del diritto nei settori vitali della protezione dei salari, della direttiva sulla cittadinanza dell'UE e degli aiuti di Stato, tra gli altri.<\/p>\n<p>Inoltre, gli autori propongono che l'adattamento dinamico al diritto comunitario non sia regolato da un trattato separato, come nel caso dell'accordo quadro, ma da una revisione degli accordi esistenti. Per Scherer e Amb\u00fchl, questo avrebbe il vantaggio che non ci sarebbe un'estensione delle disposizioni di terminazione gi\u00e0 previste negli accordi esistenti, la cosiddetta clausola ghigliottina.<strong>\u00a0<\/strong><\/p>\n<h3><strong>Risoluzione delle controversie senza la Corte di giustizia europea<\/strong><\/h3>\n<p>Infine, Scherer e Amb\u00fchl mostrano anche una variante alternativa senza coinvolgimento formale della Corte di giustizia europea (CGCE) nella risoluzione delle controversie. Se la Svizzera non adotta la nuova legge dell'UE, l'UE sarebbe autorizzata a decidere misure compensative contro la Svizzera senza prima portare la questione davanti a un tribunale. Tuttavia, la Svizzera avrebbe poi la possibilit\u00e0 di far esaminare da un tribunale arbitrale indipendente se le misure compensative adottate sono appropriate.<\/p>\n<p>Sul piano interno, questo approccio meno giuridicizzato potrebbe eliminare un punto di contesa senza limitare la competenza della Corte di giustizia europea. Per inciso, una procedura di risoluzione delle controversie simile \u00e8 gi\u00e0 in vigore tra la Svizzera e l'UE: l'UE l'ha accettata nell'accordo di sicurezza doganale del 2009.<\/p>\n<h3><strong>Fattibilit\u00e0 politica<\/strong><\/h3>\n<p><strong>\u00a0<\/strong>Ma quanto sono realistiche queste proposte? Sia nel caso della risoluzione delle controversie che dell'adozione del diritto con eccezioni proposto da Amb\u00fchl e Scherer, ci si chiede perch\u00e9 l'UE dovrebbe assecondare tutto questo in futuro, quando \u00e8 proprio quello che ha rifiutato di fare finora. \"Perch\u00e9 alla fine \u00e8 nel loro stesso interesse\", spiega Scherer. Perch\u00e9 per gli autori, le misure delineate a tutti e tre i livelli contengono concessioni sostanziali a favore dell'UE e quindi un chiaro miglioramento dello status quo per l'UE.<\/p>\n<p>Resta anche da vedere all'interno della Svizzera se \u00e8 possibile raggiungere un ampio consenso alla luce delle differenze politiche prevalenti nel dossier europeo. Ma gli autori sono meno pessimisti di altri commentatori anche su questo punto: un pacchetto che non prevede un ruolo esplicito per la CGCE, non estende la clausola della ghigliottina e permette eccezioni in aree importanti dovrebbe anche incontrare una maggiore accettazione nella politica interna.<\/p>\n<p><em>\u00a0<\/em><em>Riferimento alla letteratura:<\/em><\/p>\n<p><em>Amb\u00fchl M., Scherer D. S., Schweiz - EU: Wie weiter?, in: <a href=\"https:\/\/jusletter.weblaw.ch\/juslissues\/2021\/1073\/schweiz---eu--wie-we_37c83fd761.html__ONCE\">Jusletter - 2 agosto 2021<\/a>.<\/em><\/p>","protected":false},"excerpt":{"rendered":"<p>Mehr als zwei Monate nach der Entscheidung des Bunderates, die Verhandlungen zum Rahmenabkommen abzubrechen, ist es ruhig geworden um die zuk\u00fcnftigen Beziehungen der Schweiz zur Europ\u00e4ischen Union. Trotz des Beschlusses der EU-\u200bKommission, die Schweiz in den EU-\u200bRahmenprogrammen f\u00fcr Forschung und Innovation als nicht-\u200b\u200b\u200bassoziierten Drittstaat zu behandeln (siehe ETH-\u200bNews vom 14.7.2021), spricht kaum jemand mehr davon, [&hellip;]<\/p>\n","protected":false},"author":35,"featured_media":14851,"comment_status":"closed","ping_status":"closed","sticky":false,"template":"","format":"standard","meta":{"_acf_changed":false,"footnotes":""},"categories":[1],"tags":[5079],"class_list":["post-14850","post","type-post","status-publish","format-standard","has-post-thumbnail","hentry","category-unkategorisiert","tag-eth-plan"],"acf":[],"yoast_head":"<!-- This site is optimized with the Yoast SEO plugin v26.2 - https:\/\/yoast.com\/wordpress\/plugins\/seo\/ -->\n<title>Schweiz \u2013 EU: Dreistufiger ETH-Plan soll weiterhelfen - MQ Management und Qualit\u00e4t<\/title>\n<meta name=\"robots\" content=\"index, follow, max-snippet:-1, max-image-preview:large, max-video-preview:-1\" \/>\n<link rel=\"canonical\" href=\"https:\/\/www.m-q.ch\/it\/swiss-eu-three-step-eth-plan-should-help-further\/\" \/>\n<meta property=\"og:locale\" content=\"it_IT\" \/>\n<meta property=\"og:type\" content=\"article\" \/>\n<meta property=\"og:title\" content=\"Schweiz \u2013 EU: Dreistufiger ETH-Plan soll weiterhelfen - MQ Management und Qualit\u00e4t\" \/>\n<meta property=\"og:description\" content=\"Mehr als zwei Monate nach der Entscheidung des Bunderates, die Verhandlungen zum Rahmenabkommen abzubrechen, ist es ruhig geworden um die zuk\u00fcnftigen Beziehungen der Schweiz zur Europ\u00e4ischen Union. Trotz des Beschlusses der EU-\u200bKommission, die Schweiz in den EU-\u200bRahmenprogrammen f\u00fcr Forschung und Innovation als nicht-\u200b\u200b\u200bassoziierten Drittstaat zu behandeln (siehe ETH-\u200bNews vom 14.7.2021), spricht kaum jemand mehr davon, [&hellip;]\" \/>\n<meta property=\"og:url\" content=\"https:\/\/www.m-q.ch\/it\/swiss-eu-three-step-eth-plan-should-help-further\/\" \/>\n<meta property=\"og:site_name\" content=\"MQ Management und Qualit\u00e4t\" \/>\n<meta property=\"article:publisher\" content=\"https:\/\/www.facebook.com\/ManagementUndQualitaet\" \/>\n<meta property=\"article:published_time\" content=\"2021-08-03T05:35:35+00:00\" \/>\n<meta property=\"article:modified_time\" content=\"2021-08-06T14:42:48+00:00\" \/>\n<meta property=\"og:image\" content=\"https:\/\/www.m-q.ch\/wp-content\/uploads\/2021\/08\/Depositphotos_61436309_s-2019-1.jpg\" \/>\n\t<meta property=\"og:image:width\" content=\"1000\" \/>\n\t<meta property=\"og:image:height\" content=\"668\" \/>\n\t<meta property=\"og:image:type\" content=\"image\/jpeg\" \/>\n<meta name=\"author\" content=\"Roger Str\u00e4ssle\" \/>\n<meta name=\"twitter:card\" content=\"summary_large_image\" \/>\n<meta name=\"twitter:label1\" content=\"Scritto da\" \/>\n\t<meta name=\"twitter:data1\" content=\"Roger Str\u00e4ssle\" \/>\n\t<meta name=\"twitter:label2\" content=\"Tempo di lettura stimato\" \/>\n\t<meta name=\"twitter:data2\" content=\"5 minuti\" \/>\n<script type=\"application\/ld+json\" class=\"yoast-schema-graph\">{\"@context\":\"https:\/\/schema.org\",\"@graph\":[{\"@type\":\"Article\",\"@id\":\"https:\/\/www.m-q.ch\/fr\/swiss-eu-three-step-eth-plan-should-help-further\/#article\",\"isPartOf\":{\"@id\":\"https:\/\/www.m-q.ch\/fr\/swiss-eu-three-step-eth-plan-should-help-further\/\"},\"author\":{\"name\":\"Roger Str\u00e4ssle\",\"@id\":\"https:\/\/www.m-q.ch\/fr\/#\/schema\/person\/47d540e081acd98ccbeb69b55df653d7\"},\"headline\":\"Schweiz \u2013 EU: Dreistufiger ETH-Plan soll weiterhelfen\",\"datePublished\":\"2021-08-03T05:35:35+00:00\",\"dateModified\":\"2021-08-06T14:42:48+00:00\",\"mainEntityOfPage\":{\"@id\":\"https:\/\/www.m-q.ch\/fr\/swiss-eu-three-step-eth-plan-should-help-further\/\"},\"wordCount\":956,\"publisher\":{\"@id\":\"https:\/\/www.m-q.ch\/fr\/#organization\"},\"image\":{\"@id\":\"https:\/\/www.m-q.ch\/fr\/swiss-eu-three-step-eth-plan-should-help-further\/#primaryimage\"},\"thumbnailUrl\":\"https:\/\/www.m-q.ch\/wp-content\/uploads\/2021\/08\/Depositphotos_61436309_s-2019-1.jpg\",\"keywords\":[\"ETH-Plan\"],\"articleSection\":[\"Unkategorisiert\"],\"inLanguage\":\"it-IT\"},{\"@type\":\"WebPage\",\"@id\":\"https:\/\/www.m-q.ch\/fr\/swiss-eu-three-step-eth-plan-should-help-further\/\",\"url\":\"https:\/\/www.m-q.ch\/fr\/swiss-eu-three-step-eth-plan-should-help-further\/\",\"name\":\"Schweiz \u2013 EU: Dreistufiger ETH-Plan soll weiterhelfen - MQ Management und Qualit\u00e4t\",\"isPartOf\":{\"@id\":\"https:\/\/www.m-q.ch\/fr\/#website\"},\"primaryImageOfPage\":{\"@id\":\"https:\/\/www.m-q.ch\/fr\/swiss-eu-three-step-eth-plan-should-help-further\/#primaryimage\"},\"image\":{\"@id\":\"https:\/\/www.m-q.ch\/fr\/swiss-eu-three-step-eth-plan-should-help-further\/#primaryimage\"},\"thumbnailUrl\":\"https:\/\/www.m-q.ch\/wp-content\/uploads\/2021\/08\/Depositphotos_61436309_s-2019-1.jpg\",\"datePublished\":\"2021-08-03T05:35:35+00:00\",\"dateModified\":\"2021-08-06T14:42:48+00:00\",\"breadcrumb\":{\"@id\":\"https:\/\/www.m-q.ch\/fr\/swiss-eu-three-step-eth-plan-should-help-further\/#breadcrumb\"},\"inLanguage\":\"it-IT\",\"potentialAction\":[{\"@type\":\"ReadAction\",\"target\":[\"https:\/\/www.m-q.ch\/fr\/swiss-eu-three-step-eth-plan-should-help-further\/\"]}]},{\"@type\":\"ImageObject\",\"inLanguage\":\"it-IT\",\"@id\":\"https:\/\/www.m-q.ch\/fr\/swiss-eu-three-step-eth-plan-should-help-further\/#primaryimage\",\"url\":\"https:\/\/www.m-q.ch\/wp-content\/uploads\/2021\/08\/Depositphotos_61436309_s-2019-1.jpg\",\"contentUrl\":\"https:\/\/www.m-q.ch\/wp-content\/uploads\/2021\/08\/Depositphotos_61436309_s-2019-1.jpg\",\"width\":1000,\"height\":668,\"caption\":\"\u00a9 Depositphotos, Zerbor\"},{\"@type\":\"BreadcrumbList\",\"@id\":\"https:\/\/www.m-q.ch\/fr\/swiss-eu-three-step-eth-plan-should-help-further\/#breadcrumb\",\"itemListElement\":[{\"@type\":\"ListItem\",\"position\":1,\"name\":\"Unkategorisiert\",\"item\":\"https:\/\/www.m-q.ch\/it\/categoria\/senza-categoria\/\"},{\"@type\":\"ListItem\",\"position\":2,\"name\":\"Schweiz \u2013 EU: Dreistufiger ETH-Plan soll weiterhelfen\"}]},{\"@type\":\"WebSite\",\"@id\":\"https:\/\/www.m-q.ch\/fr\/#website\",\"url\":\"https:\/\/www.m-q.ch\/fr\/\",\"name\":\"MQ Management und Qualit\u00e4t\",\"description\":\"Plattform f\u00fcr integrierte Managementsysteme.\",\"publisher\":{\"@id\":\"https:\/\/www.m-q.ch\/fr\/#organization\"},\"potentialAction\":[{\"@type\":\"SearchAction\",\"target\":{\"@type\":\"EntryPoint\",\"urlTemplate\":\"https:\/\/www.m-q.ch\/fr\/?s={search_term_string}\"},\"query-input\":{\"@type\":\"PropertyValueSpecification\",\"valueRequired\":true,\"valueName\":\"search_term_string\"}}],\"inLanguage\":\"it-IT\"},{\"@type\":\"Organization\",\"@id\":\"https:\/\/www.m-q.ch\/fr\/#organization\",\"name\":\"Galledia Fachmedien AG\",\"url\":\"https:\/\/www.m-q.ch\/fr\/\",\"logo\":{\"@type\":\"ImageObject\",\"inLanguage\":\"it-IT\",\"@id\":\"https:\/\/www.m-q.ch\/fr\/#\/schema\/logo\/image\/\",\"url\":\"https:\/\/www.m-q.ch\/wp-content\/uploads\/2020\/12\/cropped-logo_small.png\",\"contentUrl\":\"https:\/\/www.m-q.ch\/wp-content\/uploads\/2020\/12\/cropped-logo_small.png\",\"width\":512,\"height\":512,\"caption\":\"Galledia Fachmedien AG\"},\"image\":{\"@id\":\"https:\/\/www.m-q.ch\/fr\/#\/schema\/logo\/image\/\"},\"sameAs\":[\"https:\/\/www.facebook.com\/ManagementUndQualitaet\",\"https:\/\/www.linkedin.com\/showcase\/17982321\/admin\/\"]},{\"@type\":\"Person\",\"@id\":\"https:\/\/www.m-q.ch\/fr\/#\/schema\/person\/47d540e081acd98ccbeb69b55df653d7\",\"name\":\"Roger Str\u00e4ssle\",\"image\":{\"@type\":\"ImageObject\",\"inLanguage\":\"it-IT\",\"@id\":\"https:\/\/www.m-q.ch\/fr\/#\/schema\/person\/image\/\",\"url\":\"https:\/\/secure.gravatar.com\/avatar\/e4dde3046d8a184d2e2d27651a418883?s=96&d=mm&r=g\",\"contentUrl\":\"https:\/\/secure.gravatar.com\/avatar\/e4dde3046d8a184d2e2d27651a418883?s=96&d=mm&r=g\",\"caption\":\"Roger Str\u00e4ssle\"},\"url\":\"https:\/\/www.m-q.ch\/it\/author\/roger-straessle\/\"}]}<\/script>\n<!-- \/ Yoast SEO plugin. -->","yoast_head_json":{"title":"Svizzera - UE: il piano in tre fasi per i PF dovrebbe aiutare - MQ Management und Qualit\u00e4t","robots":{"index":"index","follow":"follow","max-snippet":"max-snippet:-1","max-image-preview":"max-image-preview:large","max-video-preview":"max-video-preview:-1"},"canonical":"https:\/\/www.m-q.ch\/it\/swiss-eu-three-step-eth-plan-should-help-further\/","og_locale":"it_IT","og_type":"article","og_title":"Schweiz \u2013 EU: Dreistufiger ETH-Plan soll weiterhelfen - MQ Management und Qualit\u00e4t","og_description":"Mehr als zwei Monate nach der Entscheidung des Bunderates, die Verhandlungen zum Rahmenabkommen abzubrechen, ist es ruhig geworden um die zuk\u00fcnftigen Beziehungen der Schweiz zur Europ\u00e4ischen Union. Trotz des Beschlusses der EU-\u200bKommission, die Schweiz in den EU-\u200bRahmenprogrammen f\u00fcr Forschung und Innovation als nicht-\u200b\u200b\u200bassoziierten Drittstaat zu behandeln (siehe ETH-\u200bNews vom 14.7.2021), spricht kaum jemand mehr davon, [&hellip;]","og_url":"https:\/\/www.m-q.ch\/it\/swiss-eu-three-step-eth-plan-should-help-further\/","og_site_name":"MQ Management und Qualit\u00e4t","article_publisher":"https:\/\/www.facebook.com\/ManagementUndQualitaet","article_published_time":"2021-08-03T05:35:35+00:00","article_modified_time":"2021-08-06T14:42:48+00:00","og_image":[{"width":1000,"height":668,"url":"https:\/\/www.m-q.ch\/wp-content\/uploads\/2021\/08\/Depositphotos_61436309_s-2019-1.jpg","type":"image\/jpeg"}],"author":"Roger Str\u00e4ssle","twitter_card":"summary_large_image","twitter_misc":{"Scritto da":"Roger Str\u00e4ssle","Tempo di lettura stimato":"5 minuti"},"schema":{"@context":"https:\/\/schema.org","@graph":[{"@type":"Article","@id":"https:\/\/www.m-q.ch\/fr\/swiss-eu-three-step-eth-plan-should-help-further\/#article","isPartOf":{"@id":"https:\/\/www.m-q.ch\/fr\/swiss-eu-three-step-eth-plan-should-help-further\/"},"author":{"name":"Roger Str\u00e4ssle","@id":"https:\/\/www.m-q.ch\/fr\/#\/schema\/person\/47d540e081acd98ccbeb69b55df653d7"},"headline":"Schweiz \u2013 EU: Dreistufiger ETH-Plan soll weiterhelfen","datePublished":"2021-08-03T05:35:35+00:00","dateModified":"2021-08-06T14:42:48+00:00","mainEntityOfPage":{"@id":"https:\/\/www.m-q.ch\/fr\/swiss-eu-three-step-eth-plan-should-help-further\/"},"wordCount":956,"publisher":{"@id":"https:\/\/www.m-q.ch\/fr\/#organization"},"image":{"@id":"https:\/\/www.m-q.ch\/fr\/swiss-eu-three-step-eth-plan-should-help-further\/#primaryimage"},"thumbnailUrl":"https:\/\/www.m-q.ch\/wp-content\/uploads\/2021\/08\/Depositphotos_61436309_s-2019-1.jpg","keywords":["ETH-Plan"],"articleSection":["Unkategorisiert"],"inLanguage":"it-IT"},{"@type":"WebPage","@id":"https:\/\/www.m-q.ch\/fr\/swiss-eu-three-step-eth-plan-should-help-further\/","url":"https:\/\/www.m-q.ch\/fr\/swiss-eu-three-step-eth-plan-should-help-further\/","name":"Svizzera - UE: il piano in tre fasi per i PF dovrebbe aiutare - MQ Management und Qualit\u00e4t","isPartOf":{"@id":"https:\/\/www.m-q.ch\/fr\/#website"},"primaryImageOfPage":{"@id":"https:\/\/www.m-q.ch\/fr\/swiss-eu-three-step-eth-plan-should-help-further\/#primaryimage"},"image":{"@id":"https:\/\/www.m-q.ch\/fr\/swiss-eu-three-step-eth-plan-should-help-further\/#primaryimage"},"thumbnailUrl":"https:\/\/www.m-q.ch\/wp-content\/uploads\/2021\/08\/Depositphotos_61436309_s-2019-1.jpg","datePublished":"2021-08-03T05:35:35+00:00","dateModified":"2021-08-06T14:42:48+00:00","breadcrumb":{"@id":"https:\/\/www.m-q.ch\/fr\/swiss-eu-three-step-eth-plan-should-help-further\/#breadcrumb"},"inLanguage":"it-IT","potentialAction":[{"@type":"ReadAction","target":["https:\/\/www.m-q.ch\/fr\/swiss-eu-three-step-eth-plan-should-help-further\/"]}]},{"@type":"ImageObject","inLanguage":"it-IT","@id":"https:\/\/www.m-q.ch\/fr\/swiss-eu-three-step-eth-plan-should-help-further\/#primaryimage","url":"https:\/\/www.m-q.ch\/wp-content\/uploads\/2021\/08\/Depositphotos_61436309_s-2019-1.jpg","contentUrl":"https:\/\/www.m-q.ch\/wp-content\/uploads\/2021\/08\/Depositphotos_61436309_s-2019-1.jpg","width":1000,"height":668,"caption":"\u00a9 Depositphotos, Zerbor"},{"@type":"BreadcrumbList","@id":"https:\/\/www.m-q.ch\/fr\/swiss-eu-three-step-eth-plan-should-help-further\/#breadcrumb","itemListElement":[{"@type":"ListItem","position":1,"name":"Unkategorisiert","item":"https:\/\/www.m-q.ch\/it\/categoria\/senza-categoria\/"},{"@type":"ListItem","position":2,"name":"Schweiz \u2013 EU: Dreistufiger ETH-Plan soll weiterhelfen"}]},{"@type":"WebSite","@id":"https:\/\/www.m-q.ch\/fr\/#website","url":"https:\/\/www.m-q.ch\/fr\/","name":"Gestione e qualit\u00e0 MQ","description":"Piattaforma per sistemi di gestione integrati.","publisher":{"@id":"https:\/\/www.m-q.ch\/fr\/#organization"},"potentialAction":[{"@type":"SearchAction","target":{"@type":"EntryPoint","urlTemplate":"https:\/\/www.m-q.ch\/fr\/?s={search_term_string}"},"query-input":{"@type":"PropertyValueSpecification","valueRequired":true,"valueName":"search_term_string"}}],"inLanguage":"it-IT"},{"@type":"Organization","@id":"https:\/\/www.m-q.ch\/fr\/#organization","name":"Galledia Fachmedien AG","url":"https:\/\/www.m-q.ch\/fr\/","logo":{"@type":"ImageObject","inLanguage":"it-IT","@id":"https:\/\/www.m-q.ch\/fr\/#\/schema\/logo\/image\/","url":"https:\/\/www.m-q.ch\/wp-content\/uploads\/2020\/12\/cropped-logo_small.png","contentUrl":"https:\/\/www.m-q.ch\/wp-content\/uploads\/2020\/12\/cropped-logo_small.png","width":512,"height":512,"caption":"Galledia Fachmedien AG"},"image":{"@id":"https:\/\/www.m-q.ch\/fr\/#\/schema\/logo\/image\/"},"sameAs":["https:\/\/www.facebook.com\/ManagementUndQualitaet","https:\/\/www.linkedin.com\/showcase\/17982321\/admin\/"]},{"@type":"Person","@id":"https:\/\/www.m-q.ch\/fr\/#\/schema\/person\/47d540e081acd98ccbeb69b55df653d7","name":"Roger Str\u00e4ssle","image":{"@type":"ImageObject","inLanguage":"it-IT","@id":"https:\/\/www.m-q.ch\/fr\/#\/schema\/person\/image\/","url":"https:\/\/secure.gravatar.com\/avatar\/e4dde3046d8a184d2e2d27651a418883?s=96&d=mm&r=g","contentUrl":"https:\/\/secure.gravatar.com\/avatar\/e4dde3046d8a184d2e2d27651a418883?s=96&d=mm&r=g","caption":"Roger Str\u00e4ssle"},"url":"https:\/\/www.m-q.ch\/it\/author\/roger-straessle\/"}]}},"_links":{"self":[{"href":"https:\/\/www.m-q.ch\/it\/wp-json\/wp\/v2\/posts\/14850","targetHints":{"allow":["GET"]}}],"collection":[{"href":"https:\/\/www.m-q.ch\/it\/wp-json\/wp\/v2\/posts"}],"about":[{"href":"https:\/\/www.m-q.ch\/it\/wp-json\/wp\/v2\/types\/post"}],"author":[{"embeddable":true,"href":"https:\/\/www.m-q.ch\/it\/wp-json\/wp\/v2\/users\/35"}],"replies":[{"embeddable":true,"href":"https:\/\/www.m-q.ch\/it\/wp-json\/wp\/v2\/comments?post=14850"}],"version-history":[{"count":2,"href":"https:\/\/www.m-q.ch\/it\/wp-json\/wp\/v2\/posts\/14850\/revisions"}],"predecessor-version":[{"id":14854,"href":"https:\/\/www.m-q.ch\/it\/wp-json\/wp\/v2\/posts\/14850\/revisions\/14854"}],"wp:featuredmedia":[{"embeddable":true,"href":"https:\/\/www.m-q.ch\/it\/wp-json\/wp\/v2\/media\/14851"}],"wp:attachment":[{"href":"https:\/\/www.m-q.ch\/it\/wp-json\/wp\/v2\/media?parent=14850"}],"wp:term":[{"taxonomy":"category","embeddable":true,"href":"https:\/\/www.m-q.ch\/it\/wp-json\/wp\/v2\/categories?post=14850"},{"taxonomy":"post_tag","embeddable":true,"href":"https:\/\/www.m-q.ch\/it\/wp-json\/wp\/v2\/tags?post=14850"}],"curies":[{"name":"wp","href":"https:\/\/api.w.org\/{rel}","templated":true}]}}