{"id":15009,"date":"2021-09-03T16:00:25","date_gmt":"2021-09-03T14:00:25","guid":{"rendered":"https:\/\/www.m-q.ch\/?p=15009"},"modified":"2021-09-10T11:05:21","modified_gmt":"2021-09-10T09:05:21","slug":"automazione-industriale-2","status":"publish","type":"post","link":"https:\/\/www.m-q.ch\/it\/industrielle-automatisierung\/","title":{"rendered":"Automazione industriale: Sindex prende azioni positive"},"content":{"rendered":"<figure id=\"attachment_15011\" aria-describedby=\"caption-attachment-15011\" style=\"width: 2560px\" class=\"wp-caption aligncenter\"><img loading=\"lazy\" decoding=\"async\" class=\"wp-image-15011 size-full\" src=\"https:\/\/www.m-q.ch\/wp-content\/uploads\/2021\/09\/20210831_SIN_Di_Vm_Forum_Guy_Parmelin-15-scaled.jpg\" alt=\"Sindex\" width=\"2560\" height=\"1707\" srcset=\"https:\/\/www.m-q.ch\/wp-content\/uploads\/2021\/09\/20210831_SIN_Di_Vm_Forum_Guy_Parmelin-15-scaled.jpg 2560w, https:\/\/www.m-q.ch\/wp-content\/uploads\/2021\/09\/20210831_SIN_Di_Vm_Forum_Guy_Parmelin-15-768x512.jpg 768w, https:\/\/www.m-q.ch\/wp-content\/uploads\/2021\/09\/20210831_SIN_Di_Vm_Forum_Guy_Parmelin-15-1536x1024.jpg 1536w, https:\/\/www.m-q.ch\/wp-content\/uploads\/2021\/09\/20210831_SIN_Di_Vm_Forum_Guy_Parmelin-15-2048x1366.jpg 2048w, https:\/\/www.m-q.ch\/wp-content\/uploads\/2021\/09\/20210831_SIN_Di_Vm_Forum_Guy_Parmelin-15-16x12.jpg 16w, https:\/\/www.m-q.ch\/wp-content\/uploads\/2021\/09\/20210831_SIN_Di_Vm_Forum_Guy_Parmelin-15-262x175.jpg 262w, https:\/\/www.m-q.ch\/wp-content\/uploads\/2021\/09\/20210831_SIN_Di_Vm_Forum_Guy_Parmelin-15-525x350.jpg 525w, https:\/\/www.m-q.ch\/wp-content\/uploads\/2021\/09\/20210831_SIN_Di_Vm_Forum_Guy_Parmelin-15-1200x800.jpg 1200w, https:\/\/www.m-q.ch\/wp-content\/uploads\/2021\/09\/20210831_SIN_Di_Vm_Forum_Guy_Parmelin-15-920x613.jpg 920w, https:\/\/www.m-q.ch\/wp-content\/uploads\/2021\/09\/20210831_SIN_Di_Vm_Forum_Guy_Parmelin-15-1400x933.jpg 1400w, https:\/\/www.m-q.ch\/wp-content\/uploads\/2021\/09\/20210831_SIN_Di_Vm_Forum_Guy_Parmelin-15-300x200.jpg 300w\" sizes=\"auto, (max-width: 2560px) 100vw, 2560px\" \/><figcaption id=\"caption-attachment-15011\" class=\"wp-caption-text\">Il presidente Guy Parmelin ha fatto gli onori di casa alla fiera dell'automazione industriale. \u00a9 Sindex, bernexpo<\/figcaption><\/figure>\n<p>Pi\u00f9 flessibilit\u00e0 per i visitatori, una presenza ancora pi\u00f9 attraente per gli espositori: Questi erano due obiettivi essenziali del <a href=\"http:\/\/www.sindex.ch\">Sindex<\/a>che quest'anno ha avuto luogo dal 31 agosto al 2 settembre sia in loco nel centro espositivo di Berna sia come piattaforma digitale su Internet. La prima della fiera leader ibrida per l'automazione industriale \u00e8 stata un grande successo, scrive Bernexpo: oltre 120 espositori, 3.800 visitatori erano sul posto durante tre giorni. L'espansione ibrida ha aumentato il numero di visitatori di 21%. \"Dopo i mesi estremamente difficili durante la pandemia di Corona, era molto importante per noi essere in grado di offrire ai nostri partner, espositori e visitatori un'esperienza complessiva attraente\", dice David von B\u00fcren, Co-Exhibition Director di Sindex. \"I visitatori hanno davvero apprezzato il fatto di potersi finalmente incontrare di nuovo dal vivo e - grazie al nostro concetto di protezione completa - in modo non complicato e senza maschera\", continua von B\u00fcren.<\/p>\n<h2><strong>Il presidente federale onora l'innovazione<\/strong><\/h2>\n<p>Sindex 2021 \u00e8 stato aperto da una personalit\u00e0 che sa quanto sia importante l'automazione industriale per la Svizzera: il presidente Guy Parmelin. Dopo il suo discorso di benvenuto, il capo del Dipartimento degli Affari Economici, Educazione e Ricerca (EAER) ha risposto alle domande del pubblico e ha presentato il <a href=\"https:\/\/www.swissdinno.ch\/dinno-award-2021\">Premio svizzero DINNO<\/a> premiato. I vincitori sono: Comtac AG Cluey - Il controllore e monitor configurabile, LIQUIDTOOL. Gestione intelligente dei lubrificanti di raffreddamento e Scuola universitaria professionale della Svizzera italiana (SUPSI) - Universal Machine Automata Model 2 - Una piattaforma robotica adattabile per operazioni di manutenzione in ambienti difficili.<\/p>\n<p>I vincitori del premio si sono quindi inseriti perfettamente nell'ambiente generale di Sindex: l'industria era fiduciosa sulle prospettive future. La ragione di ci\u00f2 \u00e8 una pipeline ricca di prodotti e servizi nuovi o ulteriormente sviluppati relativi all'automazione industriale, che gli espositori hanno potuto presentare alla fiera ibrida. Sindex si \u00e8 svolta sotto il motto \"Innovazione nel dialogo\" ed \u00e8 stata dedicata in particolare ai temi centrali della manutenzione predittiva, della sicurezza informatica e dell'intelligenza artificiale.<\/p>\n<figure id=\"attachment_15014\" aria-describedby=\"caption-attachment-15014\" style=\"width: 2560px\" class=\"wp-caption alignnone\"><img loading=\"lazy\" decoding=\"async\" class=\"size-full wp-image-15014\" src=\"https:\/\/www.m-q.ch\/wp-content\/uploads\/2021\/09\/20210831_SIN_Di_Nm_Impressionen-34-7-scaled.jpg\" alt=\"Sindex\" width=\"2560\" height=\"1707\" srcset=\"https:\/\/www.m-q.ch\/wp-content\/uploads\/2021\/09\/20210831_SIN_Di_Nm_Impressionen-34-7-scaled.jpg 2560w, https:\/\/www.m-q.ch\/wp-content\/uploads\/2021\/09\/20210831_SIN_Di_Nm_Impressionen-34-7-768x512.jpg 768w, https:\/\/www.m-q.ch\/wp-content\/uploads\/2021\/09\/20210831_SIN_Di_Nm_Impressionen-34-7-1536x1024.jpg 1536w, https:\/\/www.m-q.ch\/wp-content\/uploads\/2021\/09\/20210831_SIN_Di_Nm_Impressionen-34-7-2048x1366.jpg 2048w, https:\/\/www.m-q.ch\/wp-content\/uploads\/2021\/09\/20210831_SIN_Di_Nm_Impressionen-34-7-16x12.jpg 16w, https:\/\/www.m-q.ch\/wp-content\/uploads\/2021\/09\/20210831_SIN_Di_Nm_Impressionen-34-7-262x175.jpg 262w, https:\/\/www.m-q.ch\/wp-content\/uploads\/2021\/09\/20210831_SIN_Di_Nm_Impressionen-34-7-525x350.jpg 525w, https:\/\/www.m-q.ch\/wp-content\/uploads\/2021\/09\/20210831_SIN_Di_Nm_Impressionen-34-7-1200x800.jpg 1200w, https:\/\/www.m-q.ch\/wp-content\/uploads\/2021\/09\/20210831_SIN_Di_Nm_Impressionen-34-7-920x613.jpg 920w, https:\/\/www.m-q.ch\/wp-content\/uploads\/2021\/09\/20210831_SIN_Di_Nm_Impressionen-34-7-1400x933.jpg 1400w, https:\/\/www.m-q.ch\/wp-content\/uploads\/2021\/09\/20210831_SIN_Di_Nm_Impressionen-34-7-300x200.jpg 300w\" sizes=\"auto, (max-width: 2560px) 100vw, 2560px\" \/><figcaption id=\"caption-attachment-15014\" class=\"wp-caption-text\">\u00a9 Sindex, bernexpo<\/figcaption><\/figure>\n<h2><strong>Zone speciali molto apprezzate<\/strong><\/h2>\n<p>Tendenze, innovazioni e tecnologie chiave entusiasmanti hanno caratterizzato la fiera tanto quanto l'area delle conferenze, dove hanno avuto luogo presentazioni approfondite sui temi centrali. Il tema della sicurezza informatica ha chiarito che gli attacchi informatici non riguardano pi\u00f9 solo le grandi societ\u00e0 internazionali e le organizzazioni statali, ma sono un problema di grande attualit\u00e0 per tutto il settore e per ogni azienda. L'intelligenza artificiale non \u00e8 una parola mitica del futuro, ma viene gi\u00e0 applicata in numerosi sviluppi innovativi. E le presentazioni e le tavole rotonde sulla manutenzione predittiva hanno sostenuto molti rappresentanti dell'industria che sperano di ottenere una maggiore efficienza ed efficacia attraverso sensori moderni e software intelligenti. Questo migliorer\u00e0 significativamente la manutenzione precoce automatica e di routine degli impianti e delle macchine.<\/p>\n<p>Anche le zone speciali hanno attirato molta attenzione: Il concorso \"Youth Automation Challenge\" per i giovani e il concorso preparatorio per i campionati professionali \"Worldskills\" con contendenti al titolo provenienti da Belgio, Germania e Svizzera.<\/p>\n<h2><strong>Diversi formati interattivi<\/strong><\/h2>\n<p>La piattaforma digitale con formati interattivi ha offerto alle parti interessate la possibilit\u00e0 di ottenere una panoramica aggiornata del mercato e un quadro degli ultimi sviluppi del settore durante tre giorni online. Tutti i contributi del forum, i servizi di Sindex News TV e gli interessanti reportage di fondo sono stati trasmessi in streaming sulla piattaforma. Nelle sale riunioni virtuali, i contenuti sono stati approfonditi in modo specifico e sono stati stabiliti dei contatti. I numerosi contributi rappresentano un valore duraturo per il settore e sono stati visti pi\u00f9 di 2000 volte solo durante la fiera.<\/p>\n<p>I responsabili di Bernexpo Groupe, gli organizzatori, hanno tratto una conclusione positiva dopo i tre giorni di Sindex: \"La possibilit\u00e0 di muoversi ancora una volta in un ambiente fieristico sicuro senza maschere \u00e8 stata apprezzata da tutti. L'espansione della fiera per includere una piattaforma digitale ha anche dato agli espositori e ai visitatori una maggiore flessibilit\u00e0 in termini di spazio e tempo. Abbiamo ricevuto molti feedback positivi finora\", dice il co-espositore Ren\u00e9 Westermann. \"Ha dato agli espositori l'opportunit\u00e0 di estendere facilmente la loro presenza nello spazio virtuale e rendere i contenuti accessibili ai partecipanti che non erano in grado di avere una presenza fisica\". Allo stesso modo, i visitatori hanno visto come un vantaggio il fatto di poter consumare presentazioni selezionate di Sindex durante e anche dopo l'evento dal vivo, indipendentemente dal tempo e dal luogo.<\/p>\n<p>\"Bernexpo soddisfa cos\u00ec le esigenze di tutti i gruppi target e stabilisce nuovi standard per la fiera del futuro. Questo potrebbe diventare il nuovo standard per le fiere\", dice Pascal Blanc, responsabile delle fiere.<\/p>\n<p><em>Comunicato stampa Bernexpo<\/em><\/p>","protected":false},"excerpt":{"rendered":"<p>Mehr Flexibilit\u00e4t f\u00fcr die Besuchenden, eine noch attraktivere Pr\u00e4senz f\u00fcr die Ausstellenden: Das waren zwei wesentliche Ziele der Sindex, die in diesem Jahr vom 31. August bis 2. September sowohl vor Ort auf dem Messegel\u00e4nde in Bern wie auch als digitale Plattform im Internet stattgefunden hat. Die Premiere der hybriden Leitmesse f\u00fcr industrielle Automatisierung sei [&hellip;]<\/p>\n","protected":false},"author":35,"featured_media":15011,"comment_status":"closed","ping_status":"closed","sticky":false,"template":"","format":"standard","meta":{"_acf_changed":false,"footnotes":""},"categories":[1],"tags":[5120],"class_list":["post-15009","post","type-post","status-publish","format-standard","has-post-thumbnail","hentry","category-unkategorisiert","tag-sindex"],"acf":[],"yoast_head":"<!-- This site is optimized with the Yoast SEO plugin v26.2 - https:\/\/yoast.com\/wordpress\/plugins\/seo\/ -->\n<title>Industrieautomation: Sindex zieht positive Bilanz - MQ Management und Qualit\u00e4t<\/title>\n<meta name=\"description\" content=\"Die Sindex, Leitmesse f\u00fcr industrielle Automatisierung, fand vom 31. August bis 2. September live in Bern statt, zugleich auch virtuell.\" \/>\n<meta name=\"robots\" content=\"index, follow, max-snippet:-1, max-image-preview:large, max-video-preview:-1\" \/>\n<link rel=\"canonical\" href=\"https:\/\/www.m-q.ch\/it\/automazione-industriale\/\" \/>\n<meta property=\"og:locale\" content=\"it_IT\" \/>\n<meta property=\"og:type\" content=\"article\" \/>\n<meta property=\"og:title\" content=\"Industrieautomation: Sindex zieht positive Bilanz - MQ Management und Qualit\u00e4t\" \/>\n<meta property=\"og:description\" content=\"Die Sindex, Leitmesse f\u00fcr industrielle Automatisierung, fand vom 31. August bis 2. September live in Bern statt, zugleich auch virtuell.\" \/>\n<meta property=\"og:url\" content=\"https:\/\/www.m-q.ch\/it\/automazione-industriale\/\" \/>\n<meta property=\"og:site_name\" content=\"MQ Management und Qualit\u00e4t\" \/>\n<meta property=\"article:publisher\" content=\"https:\/\/www.facebook.com\/ManagementUndQualitaet\" \/>\n<meta property=\"article:published_time\" content=\"2021-09-03T14:00:25+00:00\" \/>\n<meta property=\"article:modified_time\" content=\"2021-09-10T09:05:21+00:00\" \/>\n<meta property=\"og:image\" content=\"https:\/\/www.m-q.ch\/wp-content\/uploads\/2021\/09\/20210831_SIN_Di_Vm_Forum_Guy_Parmelin-15-scaled.jpg\" \/>\n\t<meta property=\"og:image:width\" content=\"2560\" \/>\n\t<meta property=\"og:image:height\" content=\"1707\" \/>\n\t<meta property=\"og:image:type\" content=\"image\/jpeg\" \/>\n<meta name=\"author\" content=\"Roger Str\u00e4ssle\" \/>\n<meta name=\"twitter:card\" content=\"summary_large_image\" \/>\n<meta name=\"twitter:label1\" content=\"Scritto da\" \/>\n\t<meta name=\"twitter:data1\" content=\"Roger Str\u00e4ssle\" \/>\n\t<meta name=\"twitter:label2\" content=\"Tempo di lettura stimato\" \/>\n\t<meta name=\"twitter:data2\" content=\"4 minuti\" \/>\n<script type=\"application\/ld+json\" class=\"yoast-schema-graph\">{\"@context\":\"https:\/\/schema.org\",\"@graph\":[{\"@type\":\"Article\",\"@id\":\"https:\/\/www.m-q.ch\/en\/industrial-automation\/#article\",\"isPartOf\":{\"@id\":\"https:\/\/www.m-q.ch\/en\/industrial-automation\/\"},\"author\":{\"name\":\"Roger Str\u00e4ssle\",\"@id\":\"https:\/\/www.m-q.ch\/fr\/#\/schema\/person\/47d540e081acd98ccbeb69b55df653d7\"},\"headline\":\"Industrieautomation: Sindex zieht positive Bilanz\",\"datePublished\":\"2021-09-03T14:00:25+00:00\",\"dateModified\":\"2021-09-10T09:05:21+00:00\",\"mainEntityOfPage\":{\"@id\":\"https:\/\/www.m-q.ch\/en\/industrial-automation\/\"},\"wordCount\":754,\"publisher\":{\"@id\":\"https:\/\/www.m-q.ch\/fr\/#organization\"},\"image\":{\"@id\":\"https:\/\/www.m-q.ch\/en\/industrial-automation\/#primaryimage\"},\"thumbnailUrl\":\"https:\/\/www.m-q.ch\/wp-content\/uploads\/2021\/09\/20210831_SIN_Di_Vm_Forum_Guy_Parmelin-15-scaled.jpg\",\"keywords\":[\"Sindex\"],\"articleSection\":[\"Unkategorisiert\"],\"inLanguage\":\"it-IT\"},{\"@type\":\"WebPage\",\"@id\":\"https:\/\/www.m-q.ch\/en\/industrial-automation\/\",\"url\":\"https:\/\/www.m-q.ch\/en\/industrial-automation\/\",\"name\":\"Industrieautomation: Sindex zieht positive Bilanz - MQ Management und Qualit\u00e4t\",\"isPartOf\":{\"@id\":\"https:\/\/www.m-q.ch\/fr\/#website\"},\"primaryImageOfPage\":{\"@id\":\"https:\/\/www.m-q.ch\/en\/industrial-automation\/#primaryimage\"},\"image\":{\"@id\":\"https:\/\/www.m-q.ch\/en\/industrial-automation\/#primaryimage\"},\"thumbnailUrl\":\"https:\/\/www.m-q.ch\/wp-content\/uploads\/2021\/09\/20210831_SIN_Di_Vm_Forum_Guy_Parmelin-15-scaled.jpg\",\"datePublished\":\"2021-09-03T14:00:25+00:00\",\"dateModified\":\"2021-09-10T09:05:21+00:00\",\"description\":\"Die Sindex, Leitmesse f\u00fcr industrielle Automatisierung, fand vom 31. August bis 2. September live in Bern statt, zugleich auch virtuell.\",\"breadcrumb\":{\"@id\":\"https:\/\/www.m-q.ch\/en\/industrial-automation\/#breadcrumb\"},\"inLanguage\":\"it-IT\",\"potentialAction\":[{\"@type\":\"ReadAction\",\"target\":[\"https:\/\/www.m-q.ch\/en\/industrial-automation\/\"]}]},{\"@type\":\"ImageObject\",\"inLanguage\":\"it-IT\",\"@id\":\"https:\/\/www.m-q.ch\/en\/industrial-automation\/#primaryimage\",\"url\":\"https:\/\/www.m-q.ch\/wp-content\/uploads\/2021\/09\/20210831_SIN_Di_Vm_Forum_Guy_Parmelin-15-scaled.jpg\",\"contentUrl\":\"https:\/\/www.m-q.ch\/wp-content\/uploads\/2021\/09\/20210831_SIN_Di_Vm_Forum_Guy_Parmelin-15-scaled.jpg\",\"width\":2560,\"height\":1707,\"caption\":\"\u00a9 bernexpo\"},{\"@type\":\"BreadcrumbList\",\"@id\":\"https:\/\/www.m-q.ch\/en\/industrial-automation\/#breadcrumb\",\"itemListElement\":[{\"@type\":\"ListItem\",\"position\":1,\"name\":\"Unkategorisiert\",\"item\":\"https:\/\/www.m-q.ch\/it\/categoria\/senza-categoria\/\"},{\"@type\":\"ListItem\",\"position\":2,\"name\":\"Industrieautomation: Sindex zieht positive Bilanz\"}]},{\"@type\":\"WebSite\",\"@id\":\"https:\/\/www.m-q.ch\/fr\/#website\",\"url\":\"https:\/\/www.m-q.ch\/fr\/\",\"name\":\"MQ Management und Qualit\u00e4t\",\"description\":\"Plattform f\u00fcr integrierte Managementsysteme.\",\"publisher\":{\"@id\":\"https:\/\/www.m-q.ch\/fr\/#organization\"},\"potentialAction\":[{\"@type\":\"SearchAction\",\"target\":{\"@type\":\"EntryPoint\",\"urlTemplate\":\"https:\/\/www.m-q.ch\/fr\/?s={search_term_string}\"},\"query-input\":{\"@type\":\"PropertyValueSpecification\",\"valueRequired\":true,\"valueName\":\"search_term_string\"}}],\"inLanguage\":\"it-IT\"},{\"@type\":\"Organization\",\"@id\":\"https:\/\/www.m-q.ch\/fr\/#organization\",\"name\":\"Galledia Fachmedien AG\",\"url\":\"https:\/\/www.m-q.ch\/fr\/\",\"logo\":{\"@type\":\"ImageObject\",\"inLanguage\":\"it-IT\",\"@id\":\"https:\/\/www.m-q.ch\/fr\/#\/schema\/logo\/image\/\",\"url\":\"https:\/\/www.m-q.ch\/wp-content\/uploads\/2020\/12\/cropped-logo_small.png\",\"contentUrl\":\"https:\/\/www.m-q.ch\/wp-content\/uploads\/2020\/12\/cropped-logo_small.png\",\"width\":512,\"height\":512,\"caption\":\"Galledia Fachmedien AG\"},\"image\":{\"@id\":\"https:\/\/www.m-q.ch\/fr\/#\/schema\/logo\/image\/\"},\"sameAs\":[\"https:\/\/www.facebook.com\/ManagementUndQualitaet\",\"https:\/\/www.linkedin.com\/showcase\/17982321\/admin\/\"]},{\"@type\":\"Person\",\"@id\":\"https:\/\/www.m-q.ch\/fr\/#\/schema\/person\/47d540e081acd98ccbeb69b55df653d7\",\"name\":\"Roger Str\u00e4ssle\",\"image\":{\"@type\":\"ImageObject\",\"inLanguage\":\"it-IT\",\"@id\":\"https:\/\/www.m-q.ch\/fr\/#\/schema\/person\/image\/\",\"url\":\"https:\/\/secure.gravatar.com\/avatar\/e4dde3046d8a184d2e2d27651a418883?s=96&d=mm&r=g\",\"contentUrl\":\"https:\/\/secure.gravatar.com\/avatar\/e4dde3046d8a184d2e2d27651a418883?s=96&d=mm&r=g\",\"caption\":\"Roger Str\u00e4ssle\"},\"url\":\"https:\/\/www.m-q.ch\/it\/author\/roger-straessle\/\"}]}<\/script>\n<!-- \/ Yoast SEO plugin. -->","yoast_head_json":{"title":"Automazione industriale: Sindex prende azioni positive - MQ Management und Qualit\u00e4t","description":"Sindex, la principale fiera dell'automazione industriale, si \u00e8 svolta dal vivo a Berna dal 31 agosto al 2 settembre, e anche virtualmente.","robots":{"index":"index","follow":"follow","max-snippet":"max-snippet:-1","max-image-preview":"max-image-preview:large","max-video-preview":"max-video-preview:-1"},"canonical":"https:\/\/www.m-q.ch\/it\/automazione-industriale\/","og_locale":"it_IT","og_type":"article","og_title":"Industrieautomation: Sindex zieht positive Bilanz - MQ Management und Qualit\u00e4t","og_description":"Die Sindex, Leitmesse f\u00fcr industrielle Automatisierung, fand vom 31. August bis 2. September live in Bern statt, zugleich auch virtuell.","og_url":"https:\/\/www.m-q.ch\/it\/automazione-industriale\/","og_site_name":"MQ Management und Qualit\u00e4t","article_publisher":"https:\/\/www.facebook.com\/ManagementUndQualitaet","article_published_time":"2021-09-03T14:00:25+00:00","article_modified_time":"2021-09-10T09:05:21+00:00","og_image":[{"width":2560,"height":1707,"url":"https:\/\/www.m-q.ch\/wp-content\/uploads\/2021\/09\/20210831_SIN_Di_Vm_Forum_Guy_Parmelin-15-scaled.jpg","type":"image\/jpeg"}],"author":"Roger Str\u00e4ssle","twitter_card":"summary_large_image","twitter_misc":{"Scritto da":"Roger Str\u00e4ssle","Tempo di lettura stimato":"4 minuti"},"schema":{"@context":"https:\/\/schema.org","@graph":[{"@type":"Article","@id":"https:\/\/www.m-q.ch\/en\/industrial-automation\/#article","isPartOf":{"@id":"https:\/\/www.m-q.ch\/en\/industrial-automation\/"},"author":{"name":"Roger Str\u00e4ssle","@id":"https:\/\/www.m-q.ch\/fr\/#\/schema\/person\/47d540e081acd98ccbeb69b55df653d7"},"headline":"Industrieautomation: Sindex zieht positive Bilanz","datePublished":"2021-09-03T14:00:25+00:00","dateModified":"2021-09-10T09:05:21+00:00","mainEntityOfPage":{"@id":"https:\/\/www.m-q.ch\/en\/industrial-automation\/"},"wordCount":754,"publisher":{"@id":"https:\/\/www.m-q.ch\/fr\/#organization"},"image":{"@id":"https:\/\/www.m-q.ch\/en\/industrial-automation\/#primaryimage"},"thumbnailUrl":"https:\/\/www.m-q.ch\/wp-content\/uploads\/2021\/09\/20210831_SIN_Di_Vm_Forum_Guy_Parmelin-15-scaled.jpg","keywords":["Sindex"],"articleSection":["Unkategorisiert"],"inLanguage":"it-IT"},{"@type":"WebPage","@id":"https:\/\/www.m-q.ch\/en\/industrial-automation\/","url":"https:\/\/www.m-q.ch\/en\/industrial-automation\/","name":"Automazione industriale: Sindex prende azioni positive - MQ Management und Qualit\u00e4t","isPartOf":{"@id":"https:\/\/www.m-q.ch\/fr\/#website"},"primaryImageOfPage":{"@id":"https:\/\/www.m-q.ch\/en\/industrial-automation\/#primaryimage"},"image":{"@id":"https:\/\/www.m-q.ch\/en\/industrial-automation\/#primaryimage"},"thumbnailUrl":"https:\/\/www.m-q.ch\/wp-content\/uploads\/2021\/09\/20210831_SIN_Di_Vm_Forum_Guy_Parmelin-15-scaled.jpg","datePublished":"2021-09-03T14:00:25+00:00","dateModified":"2021-09-10T09:05:21+00:00","description":"Sindex, la principale fiera dell'automazione industriale, si \u00e8 svolta dal vivo a Berna dal 31 agosto al 2 settembre, e anche virtualmente.","breadcrumb":{"@id":"https:\/\/www.m-q.ch\/en\/industrial-automation\/#breadcrumb"},"inLanguage":"it-IT","potentialAction":[{"@type":"ReadAction","target":["https:\/\/www.m-q.ch\/en\/industrial-automation\/"]}]},{"@type":"ImageObject","inLanguage":"it-IT","@id":"https:\/\/www.m-q.ch\/en\/industrial-automation\/#primaryimage","url":"https:\/\/www.m-q.ch\/wp-content\/uploads\/2021\/09\/20210831_SIN_Di_Vm_Forum_Guy_Parmelin-15-scaled.jpg","contentUrl":"https:\/\/www.m-q.ch\/wp-content\/uploads\/2021\/09\/20210831_SIN_Di_Vm_Forum_Guy_Parmelin-15-scaled.jpg","width":2560,"height":1707,"caption":"\u00a9 bernexpo"},{"@type":"BreadcrumbList","@id":"https:\/\/www.m-q.ch\/en\/industrial-automation\/#breadcrumb","itemListElement":[{"@type":"ListItem","position":1,"name":"Unkategorisiert","item":"https:\/\/www.m-q.ch\/it\/categoria\/senza-categoria\/"},{"@type":"ListItem","position":2,"name":"Industrieautomation: Sindex zieht positive Bilanz"}]},{"@type":"WebSite","@id":"https:\/\/www.m-q.ch\/fr\/#website","url":"https:\/\/www.m-q.ch\/fr\/","name":"Gestione e qualit\u00e0 MQ","description":"Piattaforma per sistemi di gestione integrati.","publisher":{"@id":"https:\/\/www.m-q.ch\/fr\/#organization"},"potentialAction":[{"@type":"SearchAction","target":{"@type":"EntryPoint","urlTemplate":"https:\/\/www.m-q.ch\/fr\/?s={search_term_string}"},"query-input":{"@type":"PropertyValueSpecification","valueRequired":true,"valueName":"search_term_string"}}],"inLanguage":"it-IT"},{"@type":"Organization","@id":"https:\/\/www.m-q.ch\/fr\/#organization","name":"Galledia Fachmedien AG","url":"https:\/\/www.m-q.ch\/fr\/","logo":{"@type":"ImageObject","inLanguage":"it-IT","@id":"https:\/\/www.m-q.ch\/fr\/#\/schema\/logo\/image\/","url":"https:\/\/www.m-q.ch\/wp-content\/uploads\/2020\/12\/cropped-logo_small.png","contentUrl":"https:\/\/www.m-q.ch\/wp-content\/uploads\/2020\/12\/cropped-logo_small.png","width":512,"height":512,"caption":"Galledia Fachmedien AG"},"image":{"@id":"https:\/\/www.m-q.ch\/fr\/#\/schema\/logo\/image\/"},"sameAs":["https:\/\/www.facebook.com\/ManagementUndQualitaet","https:\/\/www.linkedin.com\/showcase\/17982321\/admin\/"]},{"@type":"Person","@id":"https:\/\/www.m-q.ch\/fr\/#\/schema\/person\/47d540e081acd98ccbeb69b55df653d7","name":"Roger Str\u00e4ssle","image":{"@type":"ImageObject","inLanguage":"it-IT","@id":"https:\/\/www.m-q.ch\/fr\/#\/schema\/person\/image\/","url":"https:\/\/secure.gravatar.com\/avatar\/e4dde3046d8a184d2e2d27651a418883?s=96&d=mm&r=g","contentUrl":"https:\/\/secure.gravatar.com\/avatar\/e4dde3046d8a184d2e2d27651a418883?s=96&d=mm&r=g","caption":"Roger Str\u00e4ssle"},"url":"https:\/\/www.m-q.ch\/it\/author\/roger-straessle\/"}]}},"_links":{"self":[{"href":"https:\/\/www.m-q.ch\/it\/wp-json\/wp\/v2\/posts\/15009","targetHints":{"allow":["GET"]}}],"collection":[{"href":"https:\/\/www.m-q.ch\/it\/wp-json\/wp\/v2\/posts"}],"about":[{"href":"https:\/\/www.m-q.ch\/it\/wp-json\/wp\/v2\/types\/post"}],"author":[{"embeddable":true,"href":"https:\/\/www.m-q.ch\/it\/wp-json\/wp\/v2\/users\/35"}],"replies":[{"embeddable":true,"href":"https:\/\/www.m-q.ch\/it\/wp-json\/wp\/v2\/comments?post=15009"}],"version-history":[{"count":10,"href":"https:\/\/www.m-q.ch\/it\/wp-json\/wp\/v2\/posts\/15009\/revisions"}],"predecessor-version":[{"id":15022,"href":"https:\/\/www.m-q.ch\/it\/wp-json\/wp\/v2\/posts\/15009\/revisions\/15022"}],"wp:featuredmedia":[{"embeddable":true,"href":"https:\/\/www.m-q.ch\/it\/wp-json\/wp\/v2\/media\/15011"}],"wp:attachment":[{"href":"https:\/\/www.m-q.ch\/it\/wp-json\/wp\/v2\/media?parent=15009"}],"wp:term":[{"taxonomy":"category","embeddable":true,"href":"https:\/\/www.m-q.ch\/it\/wp-json\/wp\/v2\/categories?post=15009"},{"taxonomy":"post_tag","embeddable":true,"href":"https:\/\/www.m-q.ch\/it\/wp-json\/wp\/v2\/tags?post=15009"}],"curies":[{"name":"wp","href":"https:\/\/api.w.org\/{rel}","templated":true}]}}