{"id":15034,"date":"2021-09-08T11:09:11","date_gmt":"2021-09-08T09:09:11","guid":{"rendered":"https:\/\/www.m-q.ch\/?p=15034"},"modified":"2021-09-20T09:41:28","modified_gmt":"2021-09-20T07:41:28","slug":"nuova-assicurazione-cyber-per-i-lavoratori-autonomi-e-le-pmi","status":"publish","type":"post","link":"https:\/\/www.m-q.ch\/it\/neue-cyber-versicherung-fuer-selbstaendige-und-kmu\/","title":{"rendered":"Nuova assicurazione informatica per i lavoratori autonomi e le PMI"},"content":{"rendered":"<figure id=\"attachment_15035\" aria-describedby=\"caption-attachment-15035\" style=\"width: 1000px\" class=\"wp-caption aligncenter\"><img loading=\"lazy\" decoding=\"async\" class=\"size-full wp-image-15035\" src=\"https:\/\/www.m-q.ch\/wp-content\/uploads\/2021\/09\/Depositphotos_113265454_s-2019.jpg\" alt=\"Assicurazione Cyber\" width=\"1000\" height=\"679\" srcset=\"https:\/\/www.m-q.ch\/wp-content\/uploads\/2021\/09\/Depositphotos_113265454_s-2019.jpg 1000w, https:\/\/www.m-q.ch\/wp-content\/uploads\/2021\/09\/Depositphotos_113265454_s-2019-768x521.jpg 768w, https:\/\/www.m-q.ch\/wp-content\/uploads\/2021\/09\/Depositphotos_113265454_s-2019-16x12.jpg 16w, https:\/\/www.m-q.ch\/wp-content\/uploads\/2021\/09\/Depositphotos_113265454_s-2019-258x175.jpg 258w, https:\/\/www.m-q.ch\/wp-content\/uploads\/2021\/09\/Depositphotos_113265454_s-2019-515x350.jpg 515w, https:\/\/www.m-q.ch\/wp-content\/uploads\/2021\/09\/Depositphotos_113265454_s-2019-920x625.jpg 920w, https:\/\/www.m-q.ch\/wp-content\/uploads\/2021\/09\/Depositphotos_113265454_s-2019-300x204.jpg 300w\" sizes=\"auto, (max-width: 1000px) 100vw, 1000px\" \/><figcaption id=\"caption-attachment-15035\" class=\"wp-caption-text\">\u00a9 Depositphotos, Rawpixel<\/figcaption><\/figure>\n<p>La digitalizzazione avanza rapidamente e ha anche il suo rovescio della medaglia: nessuna azienda \u00e8 pi\u00f9 protetta da un attacco informatico. Un solo clic sbagliato in una e-mail pu\u00f2 danneggiare l'intero sistema informatico di un'azienda o bloccare l'accesso ai suoi sistemi. Si stima che una PMI su tre sia gi\u00e0 stata violata. Spesso i sistemi informatici non sono sufficientemente protetti contro gli attacchi informatici, come scrive l'associazione di interesse e professionale per le PMI, i lavoratori autonomi e i dirigenti. La SKV offre quindi una nuova assicurazione informatica.\u00a0<\/p>\n<h2><strong>Tre varianti<\/strong><\/h2>\n<p>Con l'assicurazione informatica dell'SKV - in collaborazione con Basler Versicherungen - i lavoratori autonomi e le PMI hanno la possibilit\u00e0 di scegliere la protezione che pi\u00f9 li soddisfa tra tre pacchetti preconfigurati e di stipulare l'assicurazione online.<\/p>\n<ul>\n<li><b>Variante ECO<\/b>Per le aziende che vogliono continuare a lavorare nonostante i cyberattacchi e non vogliono subire un arresto.<\/li>\n<li><b>Variante SMART<\/b>Per le aziende che vorrebbero anche assicurare la perdita di fatturato dell'azienda.<\/li>\n<li><b>Variante TOP<\/b>Per le aziende che vogliono assicurare l'estorsione informatica oltre alla riparazione dei danni e alla perdita di vendite.<\/li>\n<\/ul>\n<p>Informazioni pi\u00f9 dettagliate sono disponibili sul sito <a href=\"http:\/\/www.kaderverband.ch\">Sito web SKV<\/a> disponibile.<\/p>\n<p><i>Fonte: ots<\/i><\/p>","protected":false},"excerpt":{"rendered":"<p>Die Digitalisierung schreitet z\u00fcgig voran und hat auch ihre Kehrseite: Kein Unternehmen ist mehr vor einer Cyberattacke gesch\u00fctzt. Bereits ein falscher Klick in einem E-Mail kann das gesamte IT-System eines Unternehmens sch\u00e4digen oder den Zugriff auf die Systeme sperren. Sch\u00e4tzungen zufolge wurde jedes dritte KMU bereits gehackt. Oft sind die IT-Systeme nicht ausreichend gegen Cyberangriffe [&hellip;]<\/p>\n","protected":false},"author":35,"featured_media":15035,"comment_status":"closed","ping_status":"closed","sticky":false,"template":"","format":"standard","meta":{"_acf_changed":false,"footnotes":""},"categories":[4],"tags":[5125],"class_list":["post-15034","post","type-post","status-publish","format-standard","has-post-thumbnail","hentry","category-risikomanagement","tag-cyber-versicherung"],"acf":[],"yoast_head":"<!-- This site is optimized with the Yoast SEO plugin v26.2 - https:\/\/yoast.com\/wordpress\/plugins\/seo\/ -->\n<title>Neue Cyber-Versicherung f\u00fcr Selbst\u00e4ndige und KMU - MQ Management und Qualit\u00e4t<\/title>\n<meta name=\"description\" content=\"Der SKV hat seine Angebotspalette erweitert und bietet neu eine Cyber-Versicherung f\u00fcr Selbst\u00e4ndige und KMU an.\" \/>\n<meta name=\"robots\" content=\"index, follow, max-snippet:-1, max-image-preview:large, max-video-preview:-1\" \/>\n<link rel=\"canonical\" href=\"https:\/\/www.m-q.ch\/it\/nuova-assicurazione-cyber-per-i-lavoratori-autonomi-e-le-pmi\/\" \/>\n<meta property=\"og:locale\" content=\"it_IT\" \/>\n<meta property=\"og:type\" content=\"article\" \/>\n<meta property=\"og:title\" content=\"Neue Cyber-Versicherung f\u00fcr Selbst\u00e4ndige und KMU - MQ Management und Qualit\u00e4t\" \/>\n<meta property=\"og:description\" content=\"Der SKV hat seine Angebotspalette erweitert und bietet neu eine Cyber-Versicherung f\u00fcr Selbst\u00e4ndige und KMU an.\" \/>\n<meta property=\"og:url\" content=\"https:\/\/www.m-q.ch\/it\/nuova-assicurazione-cyber-per-i-lavoratori-autonomi-e-le-pmi\/\" \/>\n<meta property=\"og:site_name\" content=\"MQ Management und Qualit\u00e4t\" \/>\n<meta property=\"article:publisher\" content=\"https:\/\/www.facebook.com\/ManagementUndQualitaet\" \/>\n<meta property=\"article:published_time\" content=\"2021-09-08T09:09:11+00:00\" \/>\n<meta property=\"article:modified_time\" content=\"2021-09-20T07:41:28+00:00\" \/>\n<meta property=\"og:image\" content=\"https:\/\/www.m-q.ch\/wp-content\/uploads\/2021\/09\/Depositphotos_113265454_s-2019.jpg\" \/>\n\t<meta property=\"og:image:width\" content=\"1000\" \/>\n\t<meta property=\"og:image:height\" content=\"679\" \/>\n\t<meta property=\"og:image:type\" content=\"image\/jpeg\" \/>\n<meta name=\"author\" content=\"Roger Str\u00e4ssle\" \/>\n<meta name=\"twitter:card\" content=\"summary_large_image\" \/>\n<meta name=\"twitter:label1\" content=\"Scritto da\" \/>\n\t<meta name=\"twitter:data1\" content=\"Roger Str\u00e4ssle\" \/>\n\t<meta name=\"twitter:label2\" content=\"Tempo di lettura stimato\" \/>\n\t<meta name=\"twitter:data2\" content=\"1 minuto\" \/>\n<script type=\"application\/ld+json\" class=\"yoast-schema-graph\">{\"@context\":\"https:\/\/schema.org\",\"@graph\":[{\"@type\":\"Article\",\"@id\":\"https:\/\/www.m-q.ch\/neue-cyber-versicherung-fuer-selbstaendige-und-kmu\/#article\",\"isPartOf\":{\"@id\":\"https:\/\/www.m-q.ch\/neue-cyber-versicherung-fuer-selbstaendige-und-kmu\/\"},\"author\":{\"name\":\"Roger Str\u00e4ssle\",\"@id\":\"https:\/\/www.m-q.ch\/fr\/#\/schema\/person\/47d540e081acd98ccbeb69b55df653d7\"},\"headline\":\"Neue Cyber-Versicherung f\u00fcr Selbst\u00e4ndige und KMU\",\"datePublished\":\"2021-09-08T09:09:11+00:00\",\"dateModified\":\"2021-09-20T07:41:28+00:00\",\"mainEntityOfPage\":{\"@id\":\"https:\/\/www.m-q.ch\/neue-cyber-versicherung-fuer-selbstaendige-und-kmu\/\"},\"wordCount\":197,\"publisher\":{\"@id\":\"https:\/\/www.m-q.ch\/fr\/#organization\"},\"image\":{\"@id\":\"https:\/\/www.m-q.ch\/neue-cyber-versicherung-fuer-selbstaendige-und-kmu\/#primaryimage\"},\"thumbnailUrl\":\"https:\/\/www.m-q.ch\/wp-content\/uploads\/2021\/09\/Depositphotos_113265454_s-2019.jpg\",\"keywords\":[\"Cyber-Versicherung\"],\"articleSection\":[\"Risikomanagement\"],\"inLanguage\":\"it-IT\"},{\"@type\":\"WebPage\",\"@id\":\"https:\/\/www.m-q.ch\/neue-cyber-versicherung-fuer-selbstaendige-und-kmu\/\",\"url\":\"https:\/\/www.m-q.ch\/neue-cyber-versicherung-fuer-selbstaendige-und-kmu\/\",\"name\":\"Neue Cyber-Versicherung f\u00fcr Selbst\u00e4ndige und KMU - MQ Management und Qualit\u00e4t\",\"isPartOf\":{\"@id\":\"https:\/\/www.m-q.ch\/fr\/#website\"},\"primaryImageOfPage\":{\"@id\":\"https:\/\/www.m-q.ch\/neue-cyber-versicherung-fuer-selbstaendige-und-kmu\/#primaryimage\"},\"image\":{\"@id\":\"https:\/\/www.m-q.ch\/neue-cyber-versicherung-fuer-selbstaendige-und-kmu\/#primaryimage\"},\"thumbnailUrl\":\"https:\/\/www.m-q.ch\/wp-content\/uploads\/2021\/09\/Depositphotos_113265454_s-2019.jpg\",\"datePublished\":\"2021-09-08T09:09:11+00:00\",\"dateModified\":\"2021-09-20T07:41:28+00:00\",\"description\":\"Der SKV hat seine Angebotspalette erweitert und bietet neu eine Cyber-Versicherung f\u00fcr Selbst\u00e4ndige und KMU an.\",\"breadcrumb\":{\"@id\":\"https:\/\/www.m-q.ch\/neue-cyber-versicherung-fuer-selbstaendige-und-kmu\/#breadcrumb\"},\"inLanguage\":\"it-IT\",\"potentialAction\":[{\"@type\":\"ReadAction\",\"target\":[\"https:\/\/www.m-q.ch\/neue-cyber-versicherung-fuer-selbstaendige-und-kmu\/\"]}]},{\"@type\":\"ImageObject\",\"inLanguage\":\"it-IT\",\"@id\":\"https:\/\/www.m-q.ch\/neue-cyber-versicherung-fuer-selbstaendige-und-kmu\/#primaryimage\",\"url\":\"https:\/\/www.m-q.ch\/wp-content\/uploads\/2021\/09\/Depositphotos_113265454_s-2019.jpg\",\"contentUrl\":\"https:\/\/www.m-q.ch\/wp-content\/uploads\/2021\/09\/Depositphotos_113265454_s-2019.jpg\",\"width\":1000,\"height\":679,\"caption\":\"\u00a9 Depositphotos, Rawpixel\"},{\"@type\":\"BreadcrumbList\",\"@id\":\"https:\/\/www.m-q.ch\/neue-cyber-versicherung-fuer-selbstaendige-und-kmu\/#breadcrumb\",\"itemListElement\":[{\"@type\":\"ListItem\",\"position\":1,\"name\":\"Risikomanagement\",\"item\":\"https:\/\/www.m-q.ch\/kategorie\/risikomanagement\/\"},{\"@type\":\"ListItem\",\"position\":2,\"name\":\"Neue Cyber-Versicherung f\u00fcr Selbst\u00e4ndige und KMU\"}]},{\"@type\":\"WebSite\",\"@id\":\"https:\/\/www.m-q.ch\/fr\/#website\",\"url\":\"https:\/\/www.m-q.ch\/fr\/\",\"name\":\"MQ Management und Qualit\u00e4t\",\"description\":\"Plattform f\u00fcr integrierte Managementsysteme.\",\"publisher\":{\"@id\":\"https:\/\/www.m-q.ch\/fr\/#organization\"},\"potentialAction\":[{\"@type\":\"SearchAction\",\"target\":{\"@type\":\"EntryPoint\",\"urlTemplate\":\"https:\/\/www.m-q.ch\/fr\/?s={search_term_string}\"},\"query-input\":{\"@type\":\"PropertyValueSpecification\",\"valueRequired\":true,\"valueName\":\"search_term_string\"}}],\"inLanguage\":\"it-IT\"},{\"@type\":\"Organization\",\"@id\":\"https:\/\/www.m-q.ch\/fr\/#organization\",\"name\":\"Galledia Fachmedien AG\",\"url\":\"https:\/\/www.m-q.ch\/fr\/\",\"logo\":{\"@type\":\"ImageObject\",\"inLanguage\":\"it-IT\",\"@id\":\"https:\/\/www.m-q.ch\/fr\/#\/schema\/logo\/image\/\",\"url\":\"https:\/\/www.m-q.ch\/wp-content\/uploads\/2020\/12\/cropped-logo_small.png\",\"contentUrl\":\"https:\/\/www.m-q.ch\/wp-content\/uploads\/2020\/12\/cropped-logo_small.png\",\"width\":512,\"height\":512,\"caption\":\"Galledia Fachmedien AG\"},\"image\":{\"@id\":\"https:\/\/www.m-q.ch\/fr\/#\/schema\/logo\/image\/\"},\"sameAs\":[\"https:\/\/www.facebook.com\/ManagementUndQualitaet\",\"https:\/\/www.linkedin.com\/showcase\/17982321\/admin\/\"]},{\"@type\":\"Person\",\"@id\":\"https:\/\/www.m-q.ch\/fr\/#\/schema\/person\/47d540e081acd98ccbeb69b55df653d7\",\"name\":\"Roger Str\u00e4ssle\",\"image\":{\"@type\":\"ImageObject\",\"inLanguage\":\"it-IT\",\"@id\":\"https:\/\/www.m-q.ch\/fr\/#\/schema\/person\/image\/\",\"url\":\"https:\/\/secure.gravatar.com\/avatar\/e4dde3046d8a184d2e2d27651a418883?s=96&d=mm&r=g\",\"contentUrl\":\"https:\/\/secure.gravatar.com\/avatar\/e4dde3046d8a184d2e2d27651a418883?s=96&d=mm&r=g\",\"caption\":\"Roger Str\u00e4ssle\"},\"url\":\"https:\/\/www.m-q.ch\/it\/author\/roger-straessle\/\"}]}<\/script>\n<!-- \/ Yoast SEO plugin. -->","yoast_head_json":{"title":"Nuova assicurazione informatica per i lavoratori autonomi e le PMI - MQ Management und Qualit\u00e4t","description":"SKV ha ampliato la sua gamma di prodotti e ora offre una cyber assicurazione per i lavoratori autonomi e le PMI.","robots":{"index":"index","follow":"follow","max-snippet":"max-snippet:-1","max-image-preview":"max-image-preview:large","max-video-preview":"max-video-preview:-1"},"canonical":"https:\/\/www.m-q.ch\/it\/nuova-assicurazione-cyber-per-i-lavoratori-autonomi-e-le-pmi\/","og_locale":"it_IT","og_type":"article","og_title":"Neue Cyber-Versicherung f\u00fcr Selbst\u00e4ndige und KMU - MQ Management und Qualit\u00e4t","og_description":"Der SKV hat seine Angebotspalette erweitert und bietet neu eine Cyber-Versicherung f\u00fcr Selbst\u00e4ndige und KMU an.","og_url":"https:\/\/www.m-q.ch\/it\/nuova-assicurazione-cyber-per-i-lavoratori-autonomi-e-le-pmi\/","og_site_name":"MQ Management und Qualit\u00e4t","article_publisher":"https:\/\/www.facebook.com\/ManagementUndQualitaet","article_published_time":"2021-09-08T09:09:11+00:00","article_modified_time":"2021-09-20T07:41:28+00:00","og_image":[{"width":1000,"height":679,"url":"https:\/\/www.m-q.ch\/wp-content\/uploads\/2021\/09\/Depositphotos_113265454_s-2019.jpg","type":"image\/jpeg"}],"author":"Roger Str\u00e4ssle","twitter_card":"summary_large_image","twitter_misc":{"Scritto da":"Roger Str\u00e4ssle","Tempo di lettura stimato":"1 minuto"},"schema":{"@context":"https:\/\/schema.org","@graph":[{"@type":"Article","@id":"https:\/\/www.m-q.ch\/neue-cyber-versicherung-fuer-selbstaendige-und-kmu\/#article","isPartOf":{"@id":"https:\/\/www.m-q.ch\/neue-cyber-versicherung-fuer-selbstaendige-und-kmu\/"},"author":{"name":"Roger Str\u00e4ssle","@id":"https:\/\/www.m-q.ch\/fr\/#\/schema\/person\/47d540e081acd98ccbeb69b55df653d7"},"headline":"Neue Cyber-Versicherung f\u00fcr Selbst\u00e4ndige und KMU","datePublished":"2021-09-08T09:09:11+00:00","dateModified":"2021-09-20T07:41:28+00:00","mainEntityOfPage":{"@id":"https:\/\/www.m-q.ch\/neue-cyber-versicherung-fuer-selbstaendige-und-kmu\/"},"wordCount":197,"publisher":{"@id":"https:\/\/www.m-q.ch\/fr\/#organization"},"image":{"@id":"https:\/\/www.m-q.ch\/neue-cyber-versicherung-fuer-selbstaendige-und-kmu\/#primaryimage"},"thumbnailUrl":"https:\/\/www.m-q.ch\/wp-content\/uploads\/2021\/09\/Depositphotos_113265454_s-2019.jpg","keywords":["Cyber-Versicherung"],"articleSection":["Risikomanagement"],"inLanguage":"it-IT"},{"@type":"WebPage","@id":"https:\/\/www.m-q.ch\/neue-cyber-versicherung-fuer-selbstaendige-und-kmu\/","url":"https:\/\/www.m-q.ch\/neue-cyber-versicherung-fuer-selbstaendige-und-kmu\/","name":"Nuova assicurazione informatica per i lavoratori autonomi e le PMI - MQ Management und Qualit\u00e4t","isPartOf":{"@id":"https:\/\/www.m-q.ch\/fr\/#website"},"primaryImageOfPage":{"@id":"https:\/\/www.m-q.ch\/neue-cyber-versicherung-fuer-selbstaendige-und-kmu\/#primaryimage"},"image":{"@id":"https:\/\/www.m-q.ch\/neue-cyber-versicherung-fuer-selbstaendige-und-kmu\/#primaryimage"},"thumbnailUrl":"https:\/\/www.m-q.ch\/wp-content\/uploads\/2021\/09\/Depositphotos_113265454_s-2019.jpg","datePublished":"2021-09-08T09:09:11+00:00","dateModified":"2021-09-20T07:41:28+00:00","description":"SKV ha ampliato la sua gamma di prodotti e ora offre una cyber assicurazione per i lavoratori autonomi e le PMI.","breadcrumb":{"@id":"https:\/\/www.m-q.ch\/neue-cyber-versicherung-fuer-selbstaendige-und-kmu\/#breadcrumb"},"inLanguage":"it-IT","potentialAction":[{"@type":"ReadAction","target":["https:\/\/www.m-q.ch\/neue-cyber-versicherung-fuer-selbstaendige-und-kmu\/"]}]},{"@type":"ImageObject","inLanguage":"it-IT","@id":"https:\/\/www.m-q.ch\/neue-cyber-versicherung-fuer-selbstaendige-und-kmu\/#primaryimage","url":"https:\/\/www.m-q.ch\/wp-content\/uploads\/2021\/09\/Depositphotos_113265454_s-2019.jpg","contentUrl":"https:\/\/www.m-q.ch\/wp-content\/uploads\/2021\/09\/Depositphotos_113265454_s-2019.jpg","width":1000,"height":679,"caption":"\u00a9 Depositphotos, Rawpixel"},{"@type":"BreadcrumbList","@id":"https:\/\/www.m-q.ch\/neue-cyber-versicherung-fuer-selbstaendige-und-kmu\/#breadcrumb","itemListElement":[{"@type":"ListItem","position":1,"name":"Risikomanagement","item":"https:\/\/www.m-q.ch\/kategorie\/risikomanagement\/"},{"@type":"ListItem","position":2,"name":"Neue Cyber-Versicherung f\u00fcr Selbst\u00e4ndige und KMU"}]},{"@type":"WebSite","@id":"https:\/\/www.m-q.ch\/fr\/#website","url":"https:\/\/www.m-q.ch\/fr\/","name":"Gestione e qualit\u00e0 MQ","description":"Piattaforma per sistemi di gestione integrati.","publisher":{"@id":"https:\/\/www.m-q.ch\/fr\/#organization"},"potentialAction":[{"@type":"SearchAction","target":{"@type":"EntryPoint","urlTemplate":"https:\/\/www.m-q.ch\/fr\/?s={search_term_string}"},"query-input":{"@type":"PropertyValueSpecification","valueRequired":true,"valueName":"search_term_string"}}],"inLanguage":"it-IT"},{"@type":"Organization","@id":"https:\/\/www.m-q.ch\/fr\/#organization","name":"Galledia Fachmedien AG","url":"https:\/\/www.m-q.ch\/fr\/","logo":{"@type":"ImageObject","inLanguage":"it-IT","@id":"https:\/\/www.m-q.ch\/fr\/#\/schema\/logo\/image\/","url":"https:\/\/www.m-q.ch\/wp-content\/uploads\/2020\/12\/cropped-logo_small.png","contentUrl":"https:\/\/www.m-q.ch\/wp-content\/uploads\/2020\/12\/cropped-logo_small.png","width":512,"height":512,"caption":"Galledia Fachmedien AG"},"image":{"@id":"https:\/\/www.m-q.ch\/fr\/#\/schema\/logo\/image\/"},"sameAs":["https:\/\/www.facebook.com\/ManagementUndQualitaet","https:\/\/www.linkedin.com\/showcase\/17982321\/admin\/"]},{"@type":"Person","@id":"https:\/\/www.m-q.ch\/fr\/#\/schema\/person\/47d540e081acd98ccbeb69b55df653d7","name":"Roger Str\u00e4ssle","image":{"@type":"ImageObject","inLanguage":"it-IT","@id":"https:\/\/www.m-q.ch\/fr\/#\/schema\/person\/image\/","url":"https:\/\/secure.gravatar.com\/avatar\/e4dde3046d8a184d2e2d27651a418883?s=96&d=mm&r=g","contentUrl":"https:\/\/secure.gravatar.com\/avatar\/e4dde3046d8a184d2e2d27651a418883?s=96&d=mm&r=g","caption":"Roger Str\u00e4ssle"},"url":"https:\/\/www.m-q.ch\/it\/author\/roger-straessle\/"}]}},"_links":{"self":[{"href":"https:\/\/www.m-q.ch\/it\/wp-json\/wp\/v2\/posts\/15034","targetHints":{"allow":["GET"]}}],"collection":[{"href":"https:\/\/www.m-q.ch\/it\/wp-json\/wp\/v2\/posts"}],"about":[{"href":"https:\/\/www.m-q.ch\/it\/wp-json\/wp\/v2\/types\/post"}],"author":[{"embeddable":true,"href":"https:\/\/www.m-q.ch\/it\/wp-json\/wp\/v2\/users\/35"}],"replies":[{"embeddable":true,"href":"https:\/\/www.m-q.ch\/it\/wp-json\/wp\/v2\/comments?post=15034"}],"version-history":[{"count":2,"href":"https:\/\/www.m-q.ch\/it\/wp-json\/wp\/v2\/posts\/15034\/revisions"}],"predecessor-version":[{"id":15106,"href":"https:\/\/www.m-q.ch\/it\/wp-json\/wp\/v2\/posts\/15034\/revisions\/15106"}],"wp:featuredmedia":[{"embeddable":true,"href":"https:\/\/www.m-q.ch\/it\/wp-json\/wp\/v2\/media\/15035"}],"wp:attachment":[{"href":"https:\/\/www.m-q.ch\/it\/wp-json\/wp\/v2\/media?parent=15034"}],"wp:term":[{"taxonomy":"category","embeddable":true,"href":"https:\/\/www.m-q.ch\/it\/wp-json\/wp\/v2\/categories?post=15034"},{"taxonomy":"post_tag","embeddable":true,"href":"https:\/\/www.m-q.ch\/it\/wp-json\/wp\/v2\/tags?post=15034"}],"curies":[{"name":"wp","href":"https:\/\/api.w.org\/{rel}","templated":true}]}}