{"id":15438,"date":"2021-11-19T12:02:43","date_gmt":"2021-11-19T11:02:43","guid":{"rendered":"https:\/\/www.m-q.ch\/?p=15438"},"modified":"2021-11-25T09:26:52","modified_gmt":"2021-11-25T08:26:52","slug":"anteprima-dellexposyum-smidex-suisse","status":"publish","type":"post","link":"https:\/\/www.m-q.ch\/it\/premiere-der-smidex-suisse-exposyum\/","title":{"rendered":"Premiere dello Smidex Suisse Exposyum"},"content":{"rendered":"<figure id=\"attachment_15447\" aria-describedby=\"caption-attachment-15447\" style=\"width: 2560px\" class=\"wp-caption aligncenter\"><img loading=\"lazy\" decoding=\"async\" class=\"size-full wp-image-15447\" src=\"https:\/\/www.m-q.ch\/wp-content\/uploads\/2021\/11\/SMIDEX_2021-3-scaled.jpg\" alt=\"Smidex\" width=\"2560\" height=\"1920\" srcset=\"https:\/\/www.m-q.ch\/wp-content\/uploads\/2021\/11\/SMIDEX_2021-3-scaled.jpg 2560w, https:\/\/www.m-q.ch\/wp-content\/uploads\/2021\/11\/SMIDEX_2021-3-768x576.jpg 768w, https:\/\/www.m-q.ch\/wp-content\/uploads\/2021\/11\/SMIDEX_2021-3-1536x1152.jpg 1536w, https:\/\/www.m-q.ch\/wp-content\/uploads\/2021\/11\/SMIDEX_2021-3-2048x1536.jpg 2048w, https:\/\/www.m-q.ch\/wp-content\/uploads\/2021\/11\/SMIDEX_2021-3-16x12.jpg 16w, https:\/\/www.m-q.ch\/wp-content\/uploads\/2021\/11\/SMIDEX_2021-3-233x175.jpg 233w, https:\/\/www.m-q.ch\/wp-content\/uploads\/2021\/11\/SMIDEX_2021-3-467x350.jpg 467w, https:\/\/www.m-q.ch\/wp-content\/uploads\/2021\/11\/SMIDEX_2021-3-1067x800.jpg 1067w, https:\/\/www.m-q.ch\/wp-content\/uploads\/2021\/11\/SMIDEX_2021-3-920x690.jpg 920w, https:\/\/www.m-q.ch\/wp-content\/uploads\/2021\/11\/SMIDEX_2021-3-1400x1050.jpg 1400w, https:\/\/www.m-q.ch\/wp-content\/uploads\/2021\/11\/SMIDEX_2021-3-1867x1400.jpg 1867w, https:\/\/www.m-q.ch\/wp-content\/uploads\/2021\/11\/SMIDEX_2021-3-300x225.jpg 300w\" sizes=\"auto, (max-width: 2560px) 100vw, 2560px\" \/><figcaption id=\"caption-attachment-15447\" class=\"wp-caption-text\">zVg<\/figcaption><\/figure>\n<p>Molto piccolo, ma molto fine - \u00e8 cos\u00ec che si potrebbe descrivere la prima del <a href=\"http:\/\/www.smidex.ch\">Smidex Suisse Exposyum<\/a>come viene chiamato, in poche parole. L'evento \u00e8 stato dominato dal tema della sicurezza informatica, che forse non \u00e8 cos\u00ec sbagliato in tempi di \"rete totale\" di tutti i sistemi. E poich\u00e9 la gestione della sicurezza delle informazioni ha successo solo quando le persone responsabili si informano e si scambiano informazioni, Smidex ha offerto una piattaforma corrispondente. \u00c8 semplicemente incomprensibile perch\u00e9 molti dirigenti d'azienda trattino ancora l'argomento in modo matrigno, come hanno riferito vari espositori, ma anche diversi relatori hanno mostrato con esempi pratici.<\/p>\n<p>Le cifre parlano da sole: circa il 41% delle PMI svizzere sono gi\u00e0 state vittime di attacchi informatici. I proprietari di piccole imprese che credono che i loro dati siano meno interessanti per i criminali informatici si sbagliano. Tali aziende sono anche obiettivi attraenti per i criminali informatici per due motivi: In primo luogo, per estorcere denaro per il riscatto con l'aiuto di ransomware, e in secondo luogo, per usarli come un gateway per gli attacchi alle aziende pi\u00f9 grandi che lavorano con queste PMI.<\/p>\n<h2><strong>Oltre 30 presentazioni<\/strong><\/h2>\n<p>La nuova piattaforma di sicurezza \u00e8 stata inaugurata da Rainer Maria Salzgeber (moderatore), Nicolas B\u00fcrer (digitalswitzerland) e Nathalie Gratzer (responsabile di progetto per l'attuazione della strategia nazionale di protezione della Svizzera contro i rischi informatici presso l'Ufficio federale dell'approvvigionamento economico del paese).<\/p>\n<p>In pi\u00f9 di 30 presentazioni, i partecipanti sono stati informati sullo stato attuale della sicurezza informatica non solo da CSIO e CIO, ma anche da responsabili di livello C delle PMI. Con l'aiuto di un sondaggio attuale, per esempio, Candid W\u00fcest (VP Cyber Protection Research di Acronis) ha mostrato dove le aziende stanno attualmente lottando di pi\u00f9 e come questo si collega alla fusione degli attacchi informatici. E naturalmente, anche gli hacker etici hanno giocato un ruolo importante nella conferenza. Sandro Nafzger (CEO &amp; Partner di Bug Bounty Switzerland GmbH) ha tenuto un discorso emozionante spiegando perch\u00e9 la collaborazione \u00e8 fondamentale per il successo di qualsiasi trasformazione digitale.<\/p>\n<h2><strong>Standard minimo ICT anche per le aziende<\/strong><\/h2>\n<p>Nathalie Gratzer dell'Ufficio federale per l'approvvigionamento economico del paese ha presentato le raccomandazioni della Confederazione in materia di sicurezza informatica per il settore delle infrastrutture critiche (<a href=\"http:\/\/www.bwl.admin.ch\/bwl\/de\/home\/themen\/ikt\/ikt_minimalstandard.html\">Standard minimo ICT<\/a>). Norme minime che tengono conto delle specificit\u00e0 dei singoli settori esistono ora per varie industrie come la sanit\u00e0, la fornitura di acqua, l'industria alimentare, la fornitura di gas e altre.<\/p>\n<p>Lo standard minimo ICT serve come raccomandazione e possibile linea guida per migliorare la resilienza ICT, come ha sottolineato Gratzer. A Smidex, ha sottolineato che lo standard \u00e8 in linea di principio applicabile anche a qualsiasi azienda o organizzazione ed \u00e8 liberamente disponibile.\u00a0 <em>(Smidex \/ rs)<\/em><\/p>\n<p><em>L'organizzatore DeltaBlue AG sta pianificando il prossimo Smidex Suisse Exposym nell'autunno 2022 come parte di una rete internazionale.<\/em><\/p>\n<p>&nbsp;<\/p>","protected":false},"excerpt":{"rendered":"<p>Sehr klein, aber sehr fein \u2013 so k\u00f6nnte man die Premiere der Smidex Suisse Exposyum, wie sie sich nennt, kurz umschreiben. Am Anlass dominierte das Thema Cybersicherheit, was in Zeiten von \u00abtotaler Vernetzung\u00bb aller Systeme vielleicht gar nicht so falsch ist. Und weil das Managen von Informationssicherheit nur gelingt, wenn sich verantwortliche Personen informieren und [&hellip;]<\/p>\n","protected":false},"author":35,"featured_media":15447,"comment_status":"closed","ping_status":"closed","sticky":false,"template":"","format":"standard","meta":{"_acf_changed":false,"footnotes":""},"categories":[4448],"tags":[5175],"class_list":["post-15438","post","type-post","status-publish","format-standard","has-post-thumbnail","hentry","category-allgemein","tag-smidex"],"acf":[],"yoast_head":"<!-- This site is optimized with the Yoast SEO plugin v26.2 - https:\/\/yoast.com\/wordpress\/plugins\/seo\/ -->\n<title>Premiere der Smidex Suisse Exposyum - MQ Management und Qualit\u00e4t<\/title>\n<meta name=\"description\" content=\"Z\u00fcrichs neuer Security-Event Smidex Suisse Exposyum feierte am 17. und 18. November 2021 in der Halle 550 in Z\u00fcrich-Oerlikon Premiere.\" \/>\n<meta name=\"robots\" content=\"index, follow, max-snippet:-1, max-image-preview:large, max-video-preview:-1\" \/>\n<link rel=\"canonical\" href=\"https:\/\/www.m-q.ch\/it\/anteprima-dellexposyum-smidex-suisse\/\" \/>\n<meta property=\"og:locale\" content=\"it_IT\" \/>\n<meta property=\"og:type\" content=\"article\" \/>\n<meta property=\"og:title\" content=\"Premiere der Smidex Suisse Exposyum - MQ Management und Qualit\u00e4t\" \/>\n<meta property=\"og:description\" content=\"Z\u00fcrichs neuer Security-Event Smidex Suisse Exposyum feierte am 17. und 18. November 2021 in der Halle 550 in Z\u00fcrich-Oerlikon Premiere.\" \/>\n<meta property=\"og:url\" content=\"https:\/\/www.m-q.ch\/it\/anteprima-dellexposyum-smidex-suisse\/\" \/>\n<meta property=\"og:site_name\" content=\"MQ Management und Qualit\u00e4t\" \/>\n<meta property=\"article:publisher\" content=\"https:\/\/www.facebook.com\/ManagementUndQualitaet\" \/>\n<meta property=\"article:published_time\" content=\"2021-11-19T11:02:43+00:00\" \/>\n<meta property=\"article:modified_time\" content=\"2021-11-25T08:26:52+00:00\" \/>\n<meta property=\"og:image\" content=\"https:\/\/www.m-q.ch\/wp-content\/uploads\/2021\/11\/SMIDEX_2021-3-scaled.jpg\" \/>\n\t<meta property=\"og:image:width\" content=\"2560\" \/>\n\t<meta property=\"og:image:height\" content=\"1920\" \/>\n\t<meta property=\"og:image:type\" content=\"image\/jpeg\" \/>\n<meta name=\"author\" content=\"Roger Str\u00e4ssle\" \/>\n<meta name=\"twitter:card\" content=\"summary_large_image\" \/>\n<meta name=\"twitter:label1\" content=\"Scritto da\" \/>\n\t<meta name=\"twitter:data1\" content=\"Roger Str\u00e4ssle\" \/>\n\t<meta name=\"twitter:label2\" content=\"Tempo di lettura stimato\" \/>\n\t<meta name=\"twitter:data2\" content=\"2 minuti\" \/>\n<script type=\"application\/ld+json\" class=\"yoast-schema-graph\">{\"@context\":\"https:\/\/schema.org\",\"@graph\":[{\"@type\":\"Article\",\"@id\":\"https:\/\/www.m-q.ch\/premiere-der-smidex-suisse-exposyum\/#article\",\"isPartOf\":{\"@id\":\"https:\/\/www.m-q.ch\/premiere-der-smidex-suisse-exposyum\/\"},\"author\":{\"name\":\"Roger Str\u00e4ssle\",\"@id\":\"https:\/\/www.m-q.ch\/fr\/#\/schema\/person\/47d540e081acd98ccbeb69b55df653d7\"},\"headline\":\"Premiere der Smidex Suisse Exposyum\",\"datePublished\":\"2021-11-19T11:02:43+00:00\",\"dateModified\":\"2021-11-25T08:26:52+00:00\",\"mainEntityOfPage\":{\"@id\":\"https:\/\/www.m-q.ch\/premiere-der-smidex-suisse-exposyum\/\"},\"wordCount\":429,\"publisher\":{\"@id\":\"https:\/\/www.m-q.ch\/fr\/#organization\"},\"image\":{\"@id\":\"https:\/\/www.m-q.ch\/premiere-der-smidex-suisse-exposyum\/#primaryimage\"},\"thumbnailUrl\":\"https:\/\/www.m-q.ch\/wp-content\/uploads\/2021\/11\/SMIDEX_2021-3-scaled.jpg\",\"keywords\":[\"Smidex\"],\"articleSection\":[\"Allgemein\"],\"inLanguage\":\"it-IT\"},{\"@type\":\"WebPage\",\"@id\":\"https:\/\/www.m-q.ch\/premiere-der-smidex-suisse-exposyum\/\",\"url\":\"https:\/\/www.m-q.ch\/premiere-der-smidex-suisse-exposyum\/\",\"name\":\"Premiere der Smidex Suisse Exposyum - MQ Management und Qualit\u00e4t\",\"isPartOf\":{\"@id\":\"https:\/\/www.m-q.ch\/fr\/#website\"},\"primaryImageOfPage\":{\"@id\":\"https:\/\/www.m-q.ch\/premiere-der-smidex-suisse-exposyum\/#primaryimage\"},\"image\":{\"@id\":\"https:\/\/www.m-q.ch\/premiere-der-smidex-suisse-exposyum\/#primaryimage\"},\"thumbnailUrl\":\"https:\/\/www.m-q.ch\/wp-content\/uploads\/2021\/11\/SMIDEX_2021-3-scaled.jpg\",\"datePublished\":\"2021-11-19T11:02:43+00:00\",\"dateModified\":\"2021-11-25T08:26:52+00:00\",\"description\":\"Z\u00fcrichs neuer Security-Event Smidex Suisse Exposyum feierte am 17. und 18. November 2021 in der Halle 550 in Z\u00fcrich-Oerlikon Premiere.\",\"breadcrumb\":{\"@id\":\"https:\/\/www.m-q.ch\/premiere-der-smidex-suisse-exposyum\/#breadcrumb\"},\"inLanguage\":\"it-IT\",\"potentialAction\":[{\"@type\":\"ReadAction\",\"target\":[\"https:\/\/www.m-q.ch\/premiere-der-smidex-suisse-exposyum\/\"]}]},{\"@type\":\"ImageObject\",\"inLanguage\":\"it-IT\",\"@id\":\"https:\/\/www.m-q.ch\/premiere-der-smidex-suisse-exposyum\/#primaryimage\",\"url\":\"https:\/\/www.m-q.ch\/wp-content\/uploads\/2021\/11\/SMIDEX_2021-3-scaled.jpg\",\"contentUrl\":\"https:\/\/www.m-q.ch\/wp-content\/uploads\/2021\/11\/SMIDEX_2021-3-scaled.jpg\",\"width\":2560,\"height\":1920,\"caption\":\"zVg\"},{\"@type\":\"BreadcrumbList\",\"@id\":\"https:\/\/www.m-q.ch\/premiere-der-smidex-suisse-exposyum\/#breadcrumb\",\"itemListElement\":[{\"@type\":\"ListItem\",\"position\":1,\"name\":\"Allgemein\",\"item\":\"https:\/\/www.m-q.ch\/kategorie\/allgemein\/\"},{\"@type\":\"ListItem\",\"position\":2,\"name\":\"Premiere der Smidex Suisse Exposyum\"}]},{\"@type\":\"WebSite\",\"@id\":\"https:\/\/www.m-q.ch\/fr\/#website\",\"url\":\"https:\/\/www.m-q.ch\/fr\/\",\"name\":\"MQ Management und Qualit\u00e4t\",\"description\":\"Plattform f\u00fcr integrierte Managementsysteme.\",\"publisher\":{\"@id\":\"https:\/\/www.m-q.ch\/fr\/#organization\"},\"potentialAction\":[{\"@type\":\"SearchAction\",\"target\":{\"@type\":\"EntryPoint\",\"urlTemplate\":\"https:\/\/www.m-q.ch\/fr\/?s={search_term_string}\"},\"query-input\":{\"@type\":\"PropertyValueSpecification\",\"valueRequired\":true,\"valueName\":\"search_term_string\"}}],\"inLanguage\":\"it-IT\"},{\"@type\":\"Organization\",\"@id\":\"https:\/\/www.m-q.ch\/fr\/#organization\",\"name\":\"Galledia Fachmedien AG\",\"url\":\"https:\/\/www.m-q.ch\/fr\/\",\"logo\":{\"@type\":\"ImageObject\",\"inLanguage\":\"it-IT\",\"@id\":\"https:\/\/www.m-q.ch\/fr\/#\/schema\/logo\/image\/\",\"url\":\"https:\/\/www.m-q.ch\/wp-content\/uploads\/2020\/12\/cropped-logo_small.png\",\"contentUrl\":\"https:\/\/www.m-q.ch\/wp-content\/uploads\/2020\/12\/cropped-logo_small.png\",\"width\":512,\"height\":512,\"caption\":\"Galledia Fachmedien AG\"},\"image\":{\"@id\":\"https:\/\/www.m-q.ch\/fr\/#\/schema\/logo\/image\/\"},\"sameAs\":[\"https:\/\/www.facebook.com\/ManagementUndQualitaet\",\"https:\/\/www.linkedin.com\/showcase\/17982321\/admin\/\"]},{\"@type\":\"Person\",\"@id\":\"https:\/\/www.m-q.ch\/fr\/#\/schema\/person\/47d540e081acd98ccbeb69b55df653d7\",\"name\":\"Roger Str\u00e4ssle\",\"image\":{\"@type\":\"ImageObject\",\"inLanguage\":\"it-IT\",\"@id\":\"https:\/\/www.m-q.ch\/fr\/#\/schema\/person\/image\/\",\"url\":\"https:\/\/secure.gravatar.com\/avatar\/e4dde3046d8a184d2e2d27651a418883?s=96&d=mm&r=g\",\"contentUrl\":\"https:\/\/secure.gravatar.com\/avatar\/e4dde3046d8a184d2e2d27651a418883?s=96&d=mm&r=g\",\"caption\":\"Roger Str\u00e4ssle\"},\"url\":\"https:\/\/www.m-q.ch\/it\/author\/roger-straessle\/\"}]}<\/script>\n<!-- \/ Yoast SEO plugin. -->","yoast_head_json":{"title":"Premiere dello Smidex Suisse Exposyum - MQ Gestione e Qualit\u00e0","description":"Il nuovo evento di sicurezza di Zurigo Smidex Suisse Exposyum ha celebrato la sua prima volta il 17 e 18 novembre 2021 nel padiglione 550 a Zurigo-Oerlikon.","robots":{"index":"index","follow":"follow","max-snippet":"max-snippet:-1","max-image-preview":"max-image-preview:large","max-video-preview":"max-video-preview:-1"},"canonical":"https:\/\/www.m-q.ch\/it\/anteprima-dellexposyum-smidex-suisse\/","og_locale":"it_IT","og_type":"article","og_title":"Premiere der Smidex Suisse Exposyum - MQ Management und Qualit\u00e4t","og_description":"Z\u00fcrichs neuer Security-Event Smidex Suisse Exposyum feierte am 17. und 18. November 2021 in der Halle 550 in Z\u00fcrich-Oerlikon Premiere.","og_url":"https:\/\/www.m-q.ch\/it\/anteprima-dellexposyum-smidex-suisse\/","og_site_name":"MQ Management und Qualit\u00e4t","article_publisher":"https:\/\/www.facebook.com\/ManagementUndQualitaet","article_published_time":"2021-11-19T11:02:43+00:00","article_modified_time":"2021-11-25T08:26:52+00:00","og_image":[{"width":2560,"height":1920,"url":"https:\/\/www.m-q.ch\/wp-content\/uploads\/2021\/11\/SMIDEX_2021-3-scaled.jpg","type":"image\/jpeg"}],"author":"Roger Str\u00e4ssle","twitter_card":"summary_large_image","twitter_misc":{"Scritto da":"Roger Str\u00e4ssle","Tempo di lettura stimato":"2 minuti"},"schema":{"@context":"https:\/\/schema.org","@graph":[{"@type":"Article","@id":"https:\/\/www.m-q.ch\/premiere-der-smidex-suisse-exposyum\/#article","isPartOf":{"@id":"https:\/\/www.m-q.ch\/premiere-der-smidex-suisse-exposyum\/"},"author":{"name":"Roger Str\u00e4ssle","@id":"https:\/\/www.m-q.ch\/fr\/#\/schema\/person\/47d540e081acd98ccbeb69b55df653d7"},"headline":"Premiere der Smidex Suisse Exposyum","datePublished":"2021-11-19T11:02:43+00:00","dateModified":"2021-11-25T08:26:52+00:00","mainEntityOfPage":{"@id":"https:\/\/www.m-q.ch\/premiere-der-smidex-suisse-exposyum\/"},"wordCount":429,"publisher":{"@id":"https:\/\/www.m-q.ch\/fr\/#organization"},"image":{"@id":"https:\/\/www.m-q.ch\/premiere-der-smidex-suisse-exposyum\/#primaryimage"},"thumbnailUrl":"https:\/\/www.m-q.ch\/wp-content\/uploads\/2021\/11\/SMIDEX_2021-3-scaled.jpg","keywords":["Smidex"],"articleSection":["Allgemein"],"inLanguage":"it-IT"},{"@type":"WebPage","@id":"https:\/\/www.m-q.ch\/premiere-der-smidex-suisse-exposyum\/","url":"https:\/\/www.m-q.ch\/premiere-der-smidex-suisse-exposyum\/","name":"Premiere dello Smidex Suisse Exposyum - MQ Gestione e Qualit\u00e0","isPartOf":{"@id":"https:\/\/www.m-q.ch\/fr\/#website"},"primaryImageOfPage":{"@id":"https:\/\/www.m-q.ch\/premiere-der-smidex-suisse-exposyum\/#primaryimage"},"image":{"@id":"https:\/\/www.m-q.ch\/premiere-der-smidex-suisse-exposyum\/#primaryimage"},"thumbnailUrl":"https:\/\/www.m-q.ch\/wp-content\/uploads\/2021\/11\/SMIDEX_2021-3-scaled.jpg","datePublished":"2021-11-19T11:02:43+00:00","dateModified":"2021-11-25T08:26:52+00:00","description":"Il nuovo evento di sicurezza di Zurigo Smidex Suisse Exposyum ha celebrato la sua prima volta il 17 e 18 novembre 2021 nel padiglione 550 a Zurigo-Oerlikon.","breadcrumb":{"@id":"https:\/\/www.m-q.ch\/premiere-der-smidex-suisse-exposyum\/#breadcrumb"},"inLanguage":"it-IT","potentialAction":[{"@type":"ReadAction","target":["https:\/\/www.m-q.ch\/premiere-der-smidex-suisse-exposyum\/"]}]},{"@type":"ImageObject","inLanguage":"it-IT","@id":"https:\/\/www.m-q.ch\/premiere-der-smidex-suisse-exposyum\/#primaryimage","url":"https:\/\/www.m-q.ch\/wp-content\/uploads\/2021\/11\/SMIDEX_2021-3-scaled.jpg","contentUrl":"https:\/\/www.m-q.ch\/wp-content\/uploads\/2021\/11\/SMIDEX_2021-3-scaled.jpg","width":2560,"height":1920,"caption":"zVg"},{"@type":"BreadcrumbList","@id":"https:\/\/www.m-q.ch\/premiere-der-smidex-suisse-exposyum\/#breadcrumb","itemListElement":[{"@type":"ListItem","position":1,"name":"Allgemein","item":"https:\/\/www.m-q.ch\/kategorie\/allgemein\/"},{"@type":"ListItem","position":2,"name":"Premiere der Smidex Suisse Exposyum"}]},{"@type":"WebSite","@id":"https:\/\/www.m-q.ch\/fr\/#website","url":"https:\/\/www.m-q.ch\/fr\/","name":"Gestione e qualit\u00e0 MQ","description":"Piattaforma per sistemi di gestione integrati.","publisher":{"@id":"https:\/\/www.m-q.ch\/fr\/#organization"},"potentialAction":[{"@type":"SearchAction","target":{"@type":"EntryPoint","urlTemplate":"https:\/\/www.m-q.ch\/fr\/?s={search_term_string}"},"query-input":{"@type":"PropertyValueSpecification","valueRequired":true,"valueName":"search_term_string"}}],"inLanguage":"it-IT"},{"@type":"Organization","@id":"https:\/\/www.m-q.ch\/fr\/#organization","name":"Galledia Fachmedien AG","url":"https:\/\/www.m-q.ch\/fr\/","logo":{"@type":"ImageObject","inLanguage":"it-IT","@id":"https:\/\/www.m-q.ch\/fr\/#\/schema\/logo\/image\/","url":"https:\/\/www.m-q.ch\/wp-content\/uploads\/2020\/12\/cropped-logo_small.png","contentUrl":"https:\/\/www.m-q.ch\/wp-content\/uploads\/2020\/12\/cropped-logo_small.png","width":512,"height":512,"caption":"Galledia Fachmedien AG"},"image":{"@id":"https:\/\/www.m-q.ch\/fr\/#\/schema\/logo\/image\/"},"sameAs":["https:\/\/www.facebook.com\/ManagementUndQualitaet","https:\/\/www.linkedin.com\/showcase\/17982321\/admin\/"]},{"@type":"Person","@id":"https:\/\/www.m-q.ch\/fr\/#\/schema\/person\/47d540e081acd98ccbeb69b55df653d7","name":"Roger Str\u00e4ssle","image":{"@type":"ImageObject","inLanguage":"it-IT","@id":"https:\/\/www.m-q.ch\/fr\/#\/schema\/person\/image\/","url":"https:\/\/secure.gravatar.com\/avatar\/e4dde3046d8a184d2e2d27651a418883?s=96&d=mm&r=g","contentUrl":"https:\/\/secure.gravatar.com\/avatar\/e4dde3046d8a184d2e2d27651a418883?s=96&d=mm&r=g","caption":"Roger Str\u00e4ssle"},"url":"https:\/\/www.m-q.ch\/it\/author\/roger-straessle\/"}]}},"_links":{"self":[{"href":"https:\/\/www.m-q.ch\/it\/wp-json\/wp\/v2\/posts\/15438","targetHints":{"allow":["GET"]}}],"collection":[{"href":"https:\/\/www.m-q.ch\/it\/wp-json\/wp\/v2\/posts"}],"about":[{"href":"https:\/\/www.m-q.ch\/it\/wp-json\/wp\/v2\/types\/post"}],"author":[{"embeddable":true,"href":"https:\/\/www.m-q.ch\/it\/wp-json\/wp\/v2\/users\/35"}],"replies":[{"embeddable":true,"href":"https:\/\/www.m-q.ch\/it\/wp-json\/wp\/v2\/comments?post=15438"}],"version-history":[{"count":8,"href":"https:\/\/www.m-q.ch\/it\/wp-json\/wp\/v2\/posts\/15438\/revisions"}],"predecessor-version":[{"id":15448,"href":"https:\/\/www.m-q.ch\/it\/wp-json\/wp\/v2\/posts\/15438\/revisions\/15448"}],"wp:featuredmedia":[{"embeddable":true,"href":"https:\/\/www.m-q.ch\/it\/wp-json\/wp\/v2\/media\/15447"}],"wp:attachment":[{"href":"https:\/\/www.m-q.ch\/it\/wp-json\/wp\/v2\/media?parent=15438"}],"wp:term":[{"taxonomy":"category","embeddable":true,"href":"https:\/\/www.m-q.ch\/it\/wp-json\/wp\/v2\/categories?post=15438"},{"taxonomy":"post_tag","embeddable":true,"href":"https:\/\/www.m-q.ch\/it\/wp-json\/wp\/v2\/tags?post=15438"}],"curies":[{"name":"wp","href":"https:\/\/api.w.org\/{rel}","templated":true}]}}