{"id":15982,"date":"2022-02-18T15:37:24","date_gmt":"2022-02-18T14:37:24","guid":{"rendered":"https:\/\/www.m-q.ch\/?p=15982"},"modified":"2022-02-17T15:58:05","modified_gmt":"2022-02-17T14:58:05","slug":"supercomputer-di-classe-exascale","status":"publish","type":"post","link":"https:\/\/www.m-q.ch\/it\/supercomputer-der-exascale-klasse\/","title":{"rendered":"Supercomputer di classe Exascale"},"content":{"rendered":"<figure id=\"attachment_15984\" aria-describedby=\"caption-attachment-15984\" style=\"width: 680px\" class=\"wp-caption alignnone\"><img loading=\"lazy\" decoding=\"async\" class=\"size-full wp-image-15984\" src=\"https:\/\/www.m-q.ch\/wp-content\/uploads\/2022\/02\/Supercomputer-der-Exascale-Klasse_MQ.jpg\" alt=\"\" width=\"680\" height=\"831\" srcset=\"https:\/\/www.m-q.ch\/wp-content\/uploads\/2022\/02\/Supercomputer-der-Exascale-Klasse_MQ.jpg 680w, https:\/\/www.m-q.ch\/wp-content\/uploads\/2022\/02\/Supercomputer-der-Exascale-Klasse_MQ-10x12.jpg 10w, https:\/\/www.m-q.ch\/wp-content\/uploads\/2022\/02\/Supercomputer-der-Exascale-Klasse_MQ-143x175.jpg 143w, https:\/\/www.m-q.ch\/wp-content\/uploads\/2022\/02\/Supercomputer-der-Exascale-Klasse_MQ-286x350.jpg 286w, https:\/\/www.m-q.ch\/wp-content\/uploads\/2022\/02\/Supercomputer-der-Exascale-Klasse_MQ-655x800.jpg 655w, https:\/\/www.m-q.ch\/wp-content\/uploads\/2022\/02\/Supercomputer-der-Exascale-Klasse_MQ-300x367.jpg 300w\" sizes=\"auto, (max-width: 680px) 100vw, 680px\" \/><figcaption id=\"caption-attachment-15984\" class=\"wp-caption-text\">Questo \u00e8 quello che sembra, il nuovo supercomputer BullSequana XH3000. (Immagine: Atos)<\/figcaption><\/figure>\n<p>L'azienda <a href=\"http:\/\/www.atos.net\">Atos<\/a> ha presentato il nuovo BullSequana XH3000, un supercomputer di classe exascale. I computer di queste dimensioni possono eseguire fino a un trilione di calcoli al secondo (1 ExaFlop). Questa potenza di calcolo permetter\u00e0 ai principali scienziati e ricercatori di fare ulteriori progressi in settori come le previsioni del tempo e il cambiamento climatico, la ricerca di nuove medicine e la genomica. Il supercomputer \u00e8 stato progettato e costruito da Atos nella sua fabbrica di Angers, in Francia. \u00c8 il sistema pi\u00f9 efficiente e potente di questo produttore fino ad oggi. Secondo Atos, questo sviluppo gioca un ruolo chiave nel mantenere importanti conoscenze e competenze nel campo del calcolo ad alte prestazioni in Europa. Il nuovo supercomputer gioca un ruolo importante nel garantire la sovranit\u00e0 digitale ed economica.<\/p>\n<h2><strong>Rafforzare la sovranit\u00e0 digitale ed economica<\/strong><\/h2>\n<p>Perch\u00e9 i governi, le istituzioni pubbliche e le aziende del settore privato stanno facendo della sovranit\u00e0 una priorit\u00e0: si tratta di realizzare il pieno potenziale dei loro dati proteggendoli ad ogni costo. Con il BullSequana XH3000 e la competenza, sia nel campo della <a href=\"https:\/\/atos.net\/de\/2021\/pressemeldungen_2021_11_18\/atos-bringt-atos-onecloud-sovereign-shield-auf-den-markt\">nuvola sovrana<\/a> cos\u00ec come con il <a href=\"https:\/\/atos.net\/fr\/2021\/communiques-de-presse_2021_05_26\/n2-mondial-services-de-securite-gartner\">Cybersecurity<\/a>ora c'\u00e8 un modo per ottenere il controllo sui dati che generano e condividono.<\/p>\n<h2><strong>Il supercomputer stabilisce nuovi standard tecnici<\/strong><\/h2>\n<p>La crescente quantit\u00e0 e complessit\u00e0 dei dati significa che c'\u00e8 una domanda esponenziale di potenza di calcolo. Non c'\u00e8 altro modo per affrontare le nuove sfide dell'umanit\u00e0, come il riscaldamento globale e la pandemia di Covid 19. Il BullSequana XH3000 sar\u00e0 in grado di fornire una potenza di calcolo senza precedenti: Con prestazioni fino a sei volte superiori a quelle della versione precedente - e ad ogni livello di performance, incluso exascale. Questo sar\u00e0 ottenuto utilizzando una tecnologia avanzata di calcolo ibrido per combinare CPU e GPU con AI e persino hardware di calcolo quantistico da utilizzare nelle simulazioni scientifiche tradizionali.<\/p>\n<h2>\"Tecnologia \"verde<\/h2>\n<p>Il nuovo supercomputer \u00e8 anche molto efficiente dal punto di vista energetico. Un eco-design e un'architettura focalizzata sulla sostenibilit\u00e0 assicurano questo, dice Atos. Oltre alla soluzione brevettata DLC (Direct Liquid Cooling), che offre pi\u00f9 del 50 per cento di capacit\u00e0 di raffreddamento in pi\u00f9 rispetto alle generazioni precedenti, \u00e8 stata prestata particolare attenzione a un ciclo di vita del prodotto completamente ecologico. Questo va dall'approvvigionamento delle materie prime e dalla produzione ai test, al trasporto e allo smaltimento o al riciclaggio.<\/p>\n<h2>Compatibilit\u00e0 garantita<\/h2>\n<p>Il BullSequana XH3000 combina le ultime e pi\u00f9 sofisticate tecnologie, componenti di rete e sistemi di comunicazione. \u00c8 alimentato dalle ultime architetture di processori e acceleratori CPU e GPU di <a href=\"https:\/\/www.amd.com\/de\/solutions\/supercomputing-and-hpc\">AMD<\/a>, <a href=\"https:\/\/www.intel.de\/content\/www\/de\/de\/homepage.html\">Intel<\/a>, <a href=\"https:\/\/www.nvidia.com\/de-de\/\">NVIDIA<\/a> e infine il microprocessore europeo di <a href=\"https:\/\/www.sipearl.com\/index.php\">SiPearl<\/a> alimentato. Ha migliorato il consumo di energia e la potenza di calcolo, permettendo simulazioni scientifiche su larga scala pi\u00f9 veloci ed efficienti.<\/p>\n<p>Grazie all'architettura OpenSequana, il sistema \u00e8 completamente compatibile con tutte le future tecnologie blade e di interconnessione e pu\u00f2 essere facilmente espanso se necessario. Con un approccio security-by-design che combina il monitoraggio delle vulnerabilit\u00e0 e l'anticipazione delle minacce, BullSequana XH3000 assicura che i dati siano completamente protetti.<\/p>\n<p>Il BullSequana XH3000 dovrebbe essere disponibile dal 4\u00b0 trimestre 2022.<\/p>\n<blockquote>\n<h2><strong>Il supercomputer in dettaglio<\/strong><\/h2>\n<\/blockquote>\n<ul>\n<li>\n<blockquote><p><strong>Prestazioni pi\u00f9 elevate:\u00a0<\/strong>Fino a sei volte la potenza di calcolo per m\u00b2 e la migliore potenza di calcolo per m\u00b2 sul mercato<\/p><\/blockquote>\n<\/li>\n<li>\n<blockquote><p><strong>Completamente scalabile:<\/strong> Con una configurazione da 1PFlops fino a 1 ExaFlops per simulazioni digitali e fino a 10 ExaFlops per applicazioni AI (non appena i processori di prossima generazione saranno sul mercato)<\/p><\/blockquote>\n<\/li>\n<li>\n<blockquote><p><strong>Flessibilit\u00e0:<\/strong> Il sistema pu\u00f2 integrare gli ultimi processori di AMD, Intel, NVIDIA e il previsto processore europeo EPI. Questi raggiungono fino a 1000W e oltre, offrendo prestazioni migliori rispetto agli attuali sistemi da 350W.<\/p><\/blockquote>\n<\/li>\n<li>\n<blockquote><p><strong>Pronto per oggi e per il futuro:<\/strong> Supporta le tecnologie pi\u00f9 esigenti di oggi e quelle future (compresi i futuri processori che saranno rilasciati nei prossimi sei anni)<\/p><\/blockquote>\n<\/li>\n<li>\n<blockquote><p><strong>Efficienza energetica:<\/strong> Raffreddamento liquido diretto (DLC) di quarta generazione migliorato: per tenere il passo con il consumo dell'ultima generazione di CPU e GPU, il sistema ha il 50% in pi\u00f9 di capacit\u00e0 di raffreddamento rispetto alle generazioni precedenti.<\/p><\/blockquote>\n<\/li>\n<li>\n<blockquote><p>Progettato per simulazioni digitali \"tradizionali\" e calcoli ibridi accelerati con HPC, AI e convergenza quantistica.<\/p><\/blockquote>\n<\/li>\n<li>\n<blockquote><p>La prima generazione di supercomputer Atos a supportare una vasta gamma di reti di comunicazione tra cui BXI, High Speed Ethernet e HDR &amp; NDR InfiniBand.<\/p><\/blockquote>\n<\/li>\n<\/ul>","protected":false},"excerpt":{"rendered":"<p>Das Unternehmen Atos hat den neuen BullSequana XH3000 vor, einen Supercomputer der Exascale-Klasse. Rechner dieser Gr\u00f6ssenordnung schaffen bis zu einer Trillion Berechnungen pro Sekunde (1 ExaFlop). Diese Rechenleistung erm\u00f6glicht\u00a0f\u00fchrenden Wissenschaftlern und Forschenden weitere Fortschritte in Bereichen wie Wettervorhersage und Klimawandel, der Erforschung neuer Medikamente und der Genomforschung. Der Supercomputer wurde von Atos entwickelt und gebaut [&hellip;]<\/p>\n","protected":false},"author":10,"featured_media":15984,"comment_status":"closed","ping_status":"closed","sticky":false,"template":"","format":"standard","meta":{"_acf_changed":false,"footnotes":""},"categories":[4448],"tags":[3372,5231,3501,3329,5232],"class_list":["post-15982","post","type-post","status-publish","format-standard","has-post-thumbnail","hentry","category-allgemein","tag-digitalisierung","tag-high-performance-computing","tag-it","tag-produkte","tag-supercomputer"],"acf":[],"yoast_head":"<!-- This site is optimized with the Yoast SEO plugin v26.2 - https:\/\/yoast.com\/wordpress\/plugins\/seo\/ -->\n<title>Supercomputer der Exascale-Klasse - MQ Management und Qualit\u00e4t<\/title>\n<meta name=\"description\" content=\"Das global t\u00e4tige IT-Unternehmen Atos stellt einen neuen hybriden Supercomputer der Exascale-Klasse vor, der Ende 2022 erh\u00e4ltlich sein wird.\" \/>\n<meta name=\"robots\" content=\"index, follow, max-snippet:-1, max-image-preview:large, max-video-preview:-1\" \/>\n<link rel=\"canonical\" href=\"https:\/\/www.m-q.ch\/it\/supercomputer-di-classe-exascale\/\" \/>\n<meta property=\"og:locale\" content=\"it_IT\" \/>\n<meta property=\"og:type\" content=\"article\" \/>\n<meta property=\"og:title\" content=\"Supercomputer der Exascale-Klasse\" \/>\n<meta property=\"og:description\" content=\"Das global t\u00e4tige IT-Unternehmen Atos stellt einen neuen hybriden Supercomputer der Exascale-Klasse vor, der Ende 2022 erh\u00e4ltlich sein wird.\" \/>\n<meta property=\"og:url\" content=\"https:\/\/www.m-q.ch\/it\/supercomputer-di-classe-exascale\/\" \/>\n<meta property=\"og:site_name\" content=\"MQ Management und Qualit\u00e4t\" \/>\n<meta property=\"article:publisher\" content=\"https:\/\/www.facebook.com\/ManagementUndQualitaet\" \/>\n<meta property=\"article:published_time\" content=\"2022-02-18T14:37:24+00:00\" \/>\n<meta property=\"og:image\" content=\"https:\/\/www.m-q.ch\/wp-content\/uploads\/2022\/02\/Supercomputer-der-Exascale-Klasse_MQ.jpg\" \/>\n\t<meta property=\"og:image:width\" content=\"680\" \/>\n\t<meta property=\"og:image:height\" content=\"831\" \/>\n\t<meta property=\"og:image:type\" content=\"image\/jpeg\" \/>\n<meta name=\"author\" content=\"Thomas Berner\" \/>\n<meta name=\"twitter:card\" content=\"summary_large_image\" \/>\n<meta name=\"twitter:title\" content=\"#Supercomputer der #Exascale-Klasse\" \/>\n<meta name=\"twitter:description\" content=\"Das global t\u00e4tige IT-Unternehmen #Atos stellt einen neuen hybriden #Supercomputer der #Exascale-Klasse vor, der Ende 2022 erh\u00e4ltlich sein wird.\" \/>\n<meta name=\"twitter:image\" content=\"https:\/\/www.m-q.ch\/wp-content\/uploads\/2022\/02\/Supercomputer-der-Exascale-Klasse_MQ.jpg\" \/>\n<meta name=\"twitter:label1\" content=\"Scritto da\" \/>\n\t<meta name=\"twitter:data1\" content=\"Thomas Berner\" \/>\n\t<meta name=\"twitter:label2\" content=\"Tempo di lettura stimato\" \/>\n\t<meta name=\"twitter:data2\" content=\"4 minuti\" \/>\n<script type=\"application\/ld+json\" class=\"yoast-schema-graph\">{\"@context\":\"https:\/\/schema.org\",\"@graph\":[{\"@type\":\"Article\",\"@id\":\"https:\/\/www.m-q.ch\/supercomputer-der-exascale-klasse\/#article\",\"isPartOf\":{\"@id\":\"https:\/\/www.m-q.ch\/supercomputer-der-exascale-klasse\/\"},\"author\":{\"name\":\"Thomas Berner\",\"@id\":\"https:\/\/www.m-q.ch\/fr\/#\/schema\/person\/a8711938b1cfb3f056dec70eaa0b42ab\"},\"headline\":\"Supercomputer der Exascale-Klasse\",\"datePublished\":\"2022-02-18T14:37:24+00:00\",\"mainEntityOfPage\":{\"@id\":\"https:\/\/www.m-q.ch\/supercomputer-der-exascale-klasse\/\"},\"wordCount\":727,\"publisher\":{\"@id\":\"https:\/\/www.m-q.ch\/fr\/#organization\"},\"image\":{\"@id\":\"https:\/\/www.m-q.ch\/supercomputer-der-exascale-klasse\/#primaryimage\"},\"thumbnailUrl\":\"https:\/\/www.m-q.ch\/wp-content\/uploads\/2022\/02\/Supercomputer-der-Exascale-Klasse_MQ.jpg\",\"keywords\":[\"Digitalisierung\",\"High Performance Computing\",\"IT\",\"Produkte\",\"Supercomputer\"],\"articleSection\":[\"Allgemein\"],\"inLanguage\":\"it-IT\"},{\"@type\":\"WebPage\",\"@id\":\"https:\/\/www.m-q.ch\/supercomputer-der-exascale-klasse\/\",\"url\":\"https:\/\/www.m-q.ch\/supercomputer-der-exascale-klasse\/\",\"name\":\"Supercomputer der Exascale-Klasse - MQ Management und Qualit\u00e4t\",\"isPartOf\":{\"@id\":\"https:\/\/www.m-q.ch\/fr\/#website\"},\"primaryImageOfPage\":{\"@id\":\"https:\/\/www.m-q.ch\/supercomputer-der-exascale-klasse\/#primaryimage\"},\"image\":{\"@id\":\"https:\/\/www.m-q.ch\/supercomputer-der-exascale-klasse\/#primaryimage\"},\"thumbnailUrl\":\"https:\/\/www.m-q.ch\/wp-content\/uploads\/2022\/02\/Supercomputer-der-Exascale-Klasse_MQ.jpg\",\"datePublished\":\"2022-02-18T14:37:24+00:00\",\"description\":\"Das global t\u00e4tige IT-Unternehmen Atos stellt einen neuen hybriden Supercomputer der Exascale-Klasse vor, der Ende 2022 erh\u00e4ltlich sein wird.\",\"breadcrumb\":{\"@id\":\"https:\/\/www.m-q.ch\/supercomputer-der-exascale-klasse\/#breadcrumb\"},\"inLanguage\":\"it-IT\",\"potentialAction\":[{\"@type\":\"ReadAction\",\"target\":[\"https:\/\/www.m-q.ch\/supercomputer-der-exascale-klasse\/\"]}]},{\"@type\":\"ImageObject\",\"inLanguage\":\"it-IT\",\"@id\":\"https:\/\/www.m-q.ch\/supercomputer-der-exascale-klasse\/#primaryimage\",\"url\":\"https:\/\/www.m-q.ch\/wp-content\/uploads\/2022\/02\/Supercomputer-der-Exascale-Klasse_MQ.jpg\",\"contentUrl\":\"https:\/\/www.m-q.ch\/wp-content\/uploads\/2022\/02\/Supercomputer-der-Exascale-Klasse_MQ.jpg\",\"width\":680,\"height\":831,\"caption\":\"So sieht er aus, der neue Supercomputer BullSequana XH3000. (Bild: Atos)\"},{\"@type\":\"BreadcrumbList\",\"@id\":\"https:\/\/www.m-q.ch\/supercomputer-der-exascale-klasse\/#breadcrumb\",\"itemListElement\":[{\"@type\":\"ListItem\",\"position\":1,\"name\":\"Allgemein\",\"item\":\"https:\/\/www.m-q.ch\/kategorie\/allgemein\/\"},{\"@type\":\"ListItem\",\"position\":2,\"name\":\"Supercomputer der Exascale-Klasse\"}]},{\"@type\":\"WebSite\",\"@id\":\"https:\/\/www.m-q.ch\/fr\/#website\",\"url\":\"https:\/\/www.m-q.ch\/fr\/\",\"name\":\"MQ Management und Qualit\u00e4t\",\"description\":\"Plattform f\u00fcr integrierte Managementsysteme.\",\"publisher\":{\"@id\":\"https:\/\/www.m-q.ch\/fr\/#organization\"},\"potentialAction\":[{\"@type\":\"SearchAction\",\"target\":{\"@type\":\"EntryPoint\",\"urlTemplate\":\"https:\/\/www.m-q.ch\/fr\/?s={search_term_string}\"},\"query-input\":{\"@type\":\"PropertyValueSpecification\",\"valueRequired\":true,\"valueName\":\"search_term_string\"}}],\"inLanguage\":\"it-IT\"},{\"@type\":\"Organization\",\"@id\":\"https:\/\/www.m-q.ch\/fr\/#organization\",\"name\":\"Galledia Fachmedien AG\",\"url\":\"https:\/\/www.m-q.ch\/fr\/\",\"logo\":{\"@type\":\"ImageObject\",\"inLanguage\":\"it-IT\",\"@id\":\"https:\/\/www.m-q.ch\/fr\/#\/schema\/logo\/image\/\",\"url\":\"https:\/\/www.m-q.ch\/wp-content\/uploads\/2020\/12\/cropped-logo_small.png\",\"contentUrl\":\"https:\/\/www.m-q.ch\/wp-content\/uploads\/2020\/12\/cropped-logo_small.png\",\"width\":512,\"height\":512,\"caption\":\"Galledia Fachmedien AG\"},\"image\":{\"@id\":\"https:\/\/www.m-q.ch\/fr\/#\/schema\/logo\/image\/\"},\"sameAs\":[\"https:\/\/www.facebook.com\/ManagementUndQualitaet\",\"https:\/\/www.linkedin.com\/showcase\/17982321\/admin\/\"]},{\"@type\":\"Person\",\"@id\":\"https:\/\/www.m-q.ch\/fr\/#\/schema\/person\/a8711938b1cfb3f056dec70eaa0b42ab\",\"name\":\"Thomas Berner\",\"image\":{\"@type\":\"ImageObject\",\"inLanguage\":\"it-IT\",\"@id\":\"https:\/\/www.m-q.ch\/fr\/#\/schema\/person\/image\/\",\"url\":\"https:\/\/secure.gravatar.com\/avatar\/faea7857408f70478f976d576da10f96?s=96&d=mm&r=g\",\"contentUrl\":\"https:\/\/secure.gravatar.com\/avatar\/faea7857408f70478f976d576da10f96?s=96&d=mm&r=g\",\"caption\":\"Thomas Berner\"},\"url\":\"https:\/\/www.m-q.ch\/it\/author\/thomas-berner\/\"}]}<\/script>\n<!-- \/ Yoast SEO plugin. -->","yoast_head_json":{"title":"Supercomputer di classe Exascale - Gestione e qualit\u00e0 MQ","description":"La societ\u00e0 IT globale Atos sta svelando un nuovo supercomputer ibrido di classe Exascale che sar\u00e0 disponibile entro la fine del 2022.","robots":{"index":"index","follow":"follow","max-snippet":"max-snippet:-1","max-image-preview":"max-image-preview:large","max-video-preview":"max-video-preview:-1"},"canonical":"https:\/\/www.m-q.ch\/it\/supercomputer-di-classe-exascale\/","og_locale":"it_IT","og_type":"article","og_title":"Supercomputer der Exascale-Klasse","og_description":"Das global t\u00e4tige IT-Unternehmen Atos stellt einen neuen hybriden Supercomputer der Exascale-Klasse vor, der Ende 2022 erh\u00e4ltlich sein wird.","og_url":"https:\/\/www.m-q.ch\/it\/supercomputer-di-classe-exascale\/","og_site_name":"MQ Management und Qualit\u00e4t","article_publisher":"https:\/\/www.facebook.com\/ManagementUndQualitaet","article_published_time":"2022-02-18T14:37:24+00:00","og_image":[{"width":680,"height":831,"url":"https:\/\/www.m-q.ch\/wp-content\/uploads\/2022\/02\/Supercomputer-der-Exascale-Klasse_MQ.jpg","type":"image\/jpeg"}],"author":"Thomas Berner","twitter_card":"summary_large_image","twitter_title":"#Supercomputer der #Exascale-Klasse","twitter_description":"Das global t\u00e4tige IT-Unternehmen #Atos stellt einen neuen hybriden #Supercomputer der #Exascale-Klasse vor, der Ende 2022 erh\u00e4ltlich sein wird.","twitter_image":"https:\/\/www.m-q.ch\/wp-content\/uploads\/2022\/02\/Supercomputer-der-Exascale-Klasse_MQ.jpg","twitter_misc":{"Scritto da":"Thomas Berner","Tempo di lettura stimato":"4 minuti"},"schema":{"@context":"https:\/\/schema.org","@graph":[{"@type":"Article","@id":"https:\/\/www.m-q.ch\/supercomputer-der-exascale-klasse\/#article","isPartOf":{"@id":"https:\/\/www.m-q.ch\/supercomputer-der-exascale-klasse\/"},"author":{"name":"Thomas Berner","@id":"https:\/\/www.m-q.ch\/fr\/#\/schema\/person\/a8711938b1cfb3f056dec70eaa0b42ab"},"headline":"Supercomputer der Exascale-Klasse","datePublished":"2022-02-18T14:37:24+00:00","mainEntityOfPage":{"@id":"https:\/\/www.m-q.ch\/supercomputer-der-exascale-klasse\/"},"wordCount":727,"publisher":{"@id":"https:\/\/www.m-q.ch\/fr\/#organization"},"image":{"@id":"https:\/\/www.m-q.ch\/supercomputer-der-exascale-klasse\/#primaryimage"},"thumbnailUrl":"https:\/\/www.m-q.ch\/wp-content\/uploads\/2022\/02\/Supercomputer-der-Exascale-Klasse_MQ.jpg","keywords":["Digitalisierung","High Performance Computing","IT","Produkte","Supercomputer"],"articleSection":["Allgemein"],"inLanguage":"it-IT"},{"@type":"WebPage","@id":"https:\/\/www.m-q.ch\/supercomputer-der-exascale-klasse\/","url":"https:\/\/www.m-q.ch\/supercomputer-der-exascale-klasse\/","name":"Supercomputer di classe Exascale - Gestione e qualit\u00e0 MQ","isPartOf":{"@id":"https:\/\/www.m-q.ch\/fr\/#website"},"primaryImageOfPage":{"@id":"https:\/\/www.m-q.ch\/supercomputer-der-exascale-klasse\/#primaryimage"},"image":{"@id":"https:\/\/www.m-q.ch\/supercomputer-der-exascale-klasse\/#primaryimage"},"thumbnailUrl":"https:\/\/www.m-q.ch\/wp-content\/uploads\/2022\/02\/Supercomputer-der-Exascale-Klasse_MQ.jpg","datePublished":"2022-02-18T14:37:24+00:00","description":"La societ\u00e0 IT globale Atos sta svelando un nuovo supercomputer ibrido di classe Exascale che sar\u00e0 disponibile entro la fine del 2022.","breadcrumb":{"@id":"https:\/\/www.m-q.ch\/supercomputer-der-exascale-klasse\/#breadcrumb"},"inLanguage":"it-IT","potentialAction":[{"@type":"ReadAction","target":["https:\/\/www.m-q.ch\/supercomputer-der-exascale-klasse\/"]}]},{"@type":"ImageObject","inLanguage":"it-IT","@id":"https:\/\/www.m-q.ch\/supercomputer-der-exascale-klasse\/#primaryimage","url":"https:\/\/www.m-q.ch\/wp-content\/uploads\/2022\/02\/Supercomputer-der-Exascale-Klasse_MQ.jpg","contentUrl":"https:\/\/www.m-q.ch\/wp-content\/uploads\/2022\/02\/Supercomputer-der-Exascale-Klasse_MQ.jpg","width":680,"height":831,"caption":"So sieht er aus, der neue Supercomputer BullSequana XH3000. (Bild: Atos)"},{"@type":"BreadcrumbList","@id":"https:\/\/www.m-q.ch\/supercomputer-der-exascale-klasse\/#breadcrumb","itemListElement":[{"@type":"ListItem","position":1,"name":"Allgemein","item":"https:\/\/www.m-q.ch\/kategorie\/allgemein\/"},{"@type":"ListItem","position":2,"name":"Supercomputer der Exascale-Klasse"}]},{"@type":"WebSite","@id":"https:\/\/www.m-q.ch\/fr\/#website","url":"https:\/\/www.m-q.ch\/fr\/","name":"Gestione e qualit\u00e0 MQ","description":"Piattaforma per sistemi di gestione integrati.","publisher":{"@id":"https:\/\/www.m-q.ch\/fr\/#organization"},"potentialAction":[{"@type":"SearchAction","target":{"@type":"EntryPoint","urlTemplate":"https:\/\/www.m-q.ch\/fr\/?s={search_term_string}"},"query-input":{"@type":"PropertyValueSpecification","valueRequired":true,"valueName":"search_term_string"}}],"inLanguage":"it-IT"},{"@type":"Organization","@id":"https:\/\/www.m-q.ch\/fr\/#organization","name":"Galledia Fachmedien AG","url":"https:\/\/www.m-q.ch\/fr\/","logo":{"@type":"ImageObject","inLanguage":"it-IT","@id":"https:\/\/www.m-q.ch\/fr\/#\/schema\/logo\/image\/","url":"https:\/\/www.m-q.ch\/wp-content\/uploads\/2020\/12\/cropped-logo_small.png","contentUrl":"https:\/\/www.m-q.ch\/wp-content\/uploads\/2020\/12\/cropped-logo_small.png","width":512,"height":512,"caption":"Galledia Fachmedien AG"},"image":{"@id":"https:\/\/www.m-q.ch\/fr\/#\/schema\/logo\/image\/"},"sameAs":["https:\/\/www.facebook.com\/ManagementUndQualitaet","https:\/\/www.linkedin.com\/showcase\/17982321\/admin\/"]},{"@type":"Person","@id":"https:\/\/www.m-q.ch\/fr\/#\/schema\/person\/a8711938b1cfb3f056dec70eaa0b42ab","name":"Thomas Bernard","image":{"@type":"ImageObject","inLanguage":"it-IT","@id":"https:\/\/www.m-q.ch\/fr\/#\/schema\/person\/image\/","url":"https:\/\/secure.gravatar.com\/avatar\/faea7857408f70478f976d576da10f96?s=96&d=mm&r=g","contentUrl":"https:\/\/secure.gravatar.com\/avatar\/faea7857408f70478f976d576da10f96?s=96&d=mm&r=g","caption":"Thomas Berner"},"url":"https:\/\/www.m-q.ch\/it\/author\/thomas-berner\/"}]}},"_links":{"self":[{"href":"https:\/\/www.m-q.ch\/it\/wp-json\/wp\/v2\/posts\/15982","targetHints":{"allow":["GET"]}}],"collection":[{"href":"https:\/\/www.m-q.ch\/it\/wp-json\/wp\/v2\/posts"}],"about":[{"href":"https:\/\/www.m-q.ch\/it\/wp-json\/wp\/v2\/types\/post"}],"author":[{"embeddable":true,"href":"https:\/\/www.m-q.ch\/it\/wp-json\/wp\/v2\/users\/10"}],"replies":[{"embeddable":true,"href":"https:\/\/www.m-q.ch\/it\/wp-json\/wp\/v2\/comments?post=15982"}],"version-history":[{"count":3,"href":"https:\/\/www.m-q.ch\/it\/wp-json\/wp\/v2\/posts\/15982\/revisions"}],"predecessor-version":[{"id":15986,"href":"https:\/\/www.m-q.ch\/it\/wp-json\/wp\/v2\/posts\/15982\/revisions\/15986"}],"wp:featuredmedia":[{"embeddable":true,"href":"https:\/\/www.m-q.ch\/it\/wp-json\/wp\/v2\/media\/15984"}],"wp:attachment":[{"href":"https:\/\/www.m-q.ch\/it\/wp-json\/wp\/v2\/media?parent=15982"}],"wp:term":[{"taxonomy":"category","embeddable":true,"href":"https:\/\/www.m-q.ch\/it\/wp-json\/wp\/v2\/categories?post=15982"},{"taxonomy":"post_tag","embeddable":true,"href":"https:\/\/www.m-q.ch\/it\/wp-json\/wp\/v2\/tags?post=15982"}],"curies":[{"name":"wp","href":"https:\/\/api.w.org\/{rel}","templated":true}]}}